{"id":5362,"date":"2019-07-22T08:27:30","date_gmt":"2019-07-22T06:27:30","guid":{"rendered":"https:\/\/www.cmalleida.com\/?p=5362"},"modified":"2019-07-22T08:27:30","modified_gmt":"2019-07-22T06:27:30","slug":"la-relacion-con-tu-cliente-un-valor-anadido-para-tu-empresa","status":"publish","type":"post","link":"https:\/\/www.cmalleida.com\/es\/la-relacion-con-tu-cliente-un-valor-anadido-para-tu-empresa\/","title":{"rendered":"\u00abLa relaci\u00f3n con tu cliente\u00bb un valor a\u00f1adido para tu empresa"},"content":{"rendered":"<p>El Col\u00b7legi de Mediadors d\u2019Assegurances de Lleida organiz\u00f3 una sesi\u00f3n formativa sobre el valor que hay que darle al cliente y la relaci\u00f3n de la empresa con \u00e9ste.<\/p>\n<p>La Sala de Reuniones del Col\u00b7legi acogi\u00f3 esta actividad dirigida por Xavier Pascual, Consultor Asociado de \u00d2ptima Business Consulting, consultor en RRHH y formador en programas de desarrollo personal y habilidades<br \/>\ndirectivas. A lo largo de las 2 horas de formaci\u00f3n se habl\u00f3 de la evoluci\u00f3n de la relaci\u00f3n empresacliente, de como el cliente percibe ahora la relaci\u00f3n calidad-precio y como lo hac\u00eda antes y de como darle valor a\u00f1adido a nuestro cliente para conseguir aumentar su satisfacci\u00f3n con nuestra empresa.<\/p>\n<p>Al final de la sesi\u00f3n, los asistentes pudieron formular sus preguntas y plantear sus dudas sobre el tema expuesto.<\/p>\n","protected":false},"excerpt":{"rendered":"<p>El Col\u00b7legi de Mediadors d\u2019Assegurances de Lleida organiz\u00f3 una sesi\u00f3n formativa sobre el valor que hay que darle al cliente y la relaci\u00f3n de la&#8230; <a href=\"https:\/\/www.cmalleida.com\/es\/la-relacion-con-tu-cliente-un-valor-anadido-para-tu-empresa\/\" rel=\"nofollow\" class=\"lollegirmes\">Llegeix m\u00e9s<\/a><\/p>\n","protected":false},"author":149,"featured_media":5272,"comment_status":"closed","ping_status":"closed","sticky":false,"template":"","format":"standard","meta":{"_acf_changed":false,"_genesis_hide_title":false,"_genesis_hide_breadcrumbs":false,"_genesis_hide_singular_image":false,"_genesis_hide_footer_widgets":false,"_genesis_custom_body_class":"","_genesis_custom_post_class":"","_genesis_layout":"","footnotes":""},"categories":[91,60,101],"tags":[],"class_list":{"0":"post-5362","1":"post","2":"type-post","3":"status-publish","4":"format-standard","5":"has-post-thumbnail","7":"category-accion-formativa","8":"category-noticias-colegiales","9":"category-recortes-de-prensa","10":"entry"},"acf":[],"yoast_head":"<!-- This site is optimized with the Yoast SEO plugin v27.2 - https:\/\/yoast.com\/product\/yoast-seo-wordpress\/ -->\n<title>&quot;La relaci\u00f3n con tu cliente&quot; un valor a\u00f1adido para tu empresa - Col\u00b7legi de Mediadors d&#039;Assegurances de Lleida<\/title>\n<meta name=\"robots\" content=\"index, follow, max-snippet:-1, max-image-preview:large, max-video-preview:-1\" \/>\n<link rel=\"canonical\" href=\"https:\/\/www.cmalleida.com\/es\/la-relacion-con-tu-cliente-un-valor-anadido-para-tu-empresa\/\" \/>\n<meta property=\"og:locale\" content=\"es_ES\" \/>\n<meta property=\"og:type\" content=\"article\" \/>\n<meta property=\"og:title\" content=\"&quot;La relaci\u00f3n con tu cliente&quot; un valor a\u00f1adido para tu empresa - Col\u00b7legi de Mediadors d&#039;Assegurances de Lleida\" \/>\n<meta property=\"og:description\" content=\"El Col\u00b7legi de Mediadors d\u2019Assegurances de Lleida organiz\u00f3 una sesi\u00f3n formativa sobre el valor que hay que darle al cliente y la relaci\u00f3n de la... Llegeix m\u00e9s\" \/>\n<meta property=\"og:url\" content=\"https:\/\/www.cmalleida.com\/es\/la-relacion-con-tu-cliente-un-valor-anadido-para-tu-empresa\/\" \/>\n<meta property=\"og:site_name\" content=\"Col\u00b7legi de Mediadors d&#039;Assegurances de Lleida\" \/>\n<meta property=\"article:published_time\" content=\"2019-07-22T06:27:30+00:00\" \/>\n<meta property=\"og:image\" content=\"https:\/\/www.cmalleida.com\/wp-content\/uploads\/dsc-0003-5.jpg\" \/>\n\t<meta property=\"og:image:width\" content=\"1024\" \/>\n\t<meta property=\"og:image:height\" content=\"684\" \/>\n\t<meta property=\"og:image:type\" content=\"image\/jpeg\" \/>\n<meta name=\"author\" content=\"Antonieta Castells Dolcet\" \/>\n<meta name=\"twitter:card\" content=\"summary_large_image\" \/>\n<meta name=\"twitter:label1\" content=\"Written by\" \/>\n\t<meta name=\"twitter:data1\" content=\"Antonieta Castells Dolcet\" \/>\n\t<meta name=\"twitter:label2\" content=\"Est. reading time\" \/>\n\t<meta name=\"twitter:data2\" content=\"1 minuto\" \/>\n<script type=\"application\/ld+json\" class=\"yoast-schema-graph\">{\"@context\":\"https:\/\/schema.org\",\"@graph\":[{\"@type\":\"Article\",\"@id\":\"https:\/\/www.cmalleida.com\/es\/la-relacion-con-tu-cliente-un-valor-anadido-para-tu-empresa\/#article\",\"isPartOf\":{\"@id\":\"https:\/\/www.cmalleida.com\/es\/la-relacion-con-tu-cliente-un-valor-anadido-para-tu-empresa\/\"},\"author\":{\"name\":\"Antonieta Castells Dolcet\",\"@id\":\"https:\/\/www.cmalleida.com\/es\/#\/schema\/person\/7461453022a0d6ce41c1e530eb4443b4\"},\"headline\":\"\u00abLa relaci\u00f3n con tu cliente\u00bb un valor a\u00f1adido para tu empresa\",\"datePublished\":\"2019-07-22T06:27:30+00:00\",\"mainEntityOfPage\":{\"@id\":\"https:\/\/www.cmalleida.com\/es\/la-relacion-con-tu-cliente-un-valor-anadido-para-tu-empresa\/\"},\"wordCount\":153,\"publisher\":{\"@id\":\"https:\/\/www.cmalleida.com\/es\/#organization\"},\"image\":{\"@id\":\"https:\/\/www.cmalleida.com\/es\/la-relacion-con-tu-cliente-un-valor-anadido-para-tu-empresa\/#primaryimage\"},\"thumbnailUrl\":\"https:\/\/www.cmalleida.com\/wp-content\/uploads\/dsc-0003-5.jpg\",\"articleSection\":[\"Acci\u00f3n formativa\",\"Noticias Colegiales\",\"Recopilaciones de Prensa\"],\"inLanguage\":\"es\"},{\"@type\":\"WebPage\",\"@id\":\"https:\/\/www.cmalleida.com\/es\/la-relacion-con-tu-cliente-un-valor-anadido-para-tu-empresa\/\",\"url\":\"https:\/\/www.cmalleida.com\/es\/la-relacion-con-tu-cliente-un-valor-anadido-para-tu-empresa\/\",\"name\":\"\\\"La relaci\u00f3n con tu cliente\\\" un valor a\u00f1adido para tu empresa - Col\u00b7legi de Mediadors d&#039;Assegurances de Lleida\",\"isPartOf\":{\"@id\":\"https:\/\/www.cmalleida.com\/es\/#website\"},\"primaryImageOfPage\":{\"@id\":\"https:\/\/www.cmalleida.com\/es\/la-relacion-con-tu-cliente-un-valor-anadido-para-tu-empresa\/#primaryimage\"},\"image\":{\"@id\":\"https:\/\/www.cmalleida.com\/es\/la-relacion-con-tu-cliente-un-valor-anadido-para-tu-empresa\/#primaryimage\"},\"thumbnailUrl\":\"https:\/\/www.cmalleida.com\/wp-content\/uploads\/dsc-0003-5.jpg\",\"datePublished\":\"2019-07-22T06:27:30+00:00\",\"breadcrumb\":{\"@id\":\"https:\/\/www.cmalleida.com\/es\/la-relacion-con-tu-cliente-un-valor-anadido-para-tu-empresa\/#breadcrumb\"},\"inLanguage\":\"es\",\"potentialAction\":[{\"@type\":\"ReadAction\",\"target\":[\"https:\/\/www.cmalleida.com\/es\/la-relacion-con-tu-cliente-un-valor-anadido-para-tu-empresa\/\"]}]},{\"@type\":\"ImageObject\",\"inLanguage\":\"es\",\"@id\":\"https:\/\/www.cmalleida.com\/es\/la-relacion-con-tu-cliente-un-valor-anadido-para-tu-empresa\/#primaryimage\",\"url\":\"https:\/\/www.cmalleida.com\/wp-content\/uploads\/dsc-0003-5.jpg\",\"contentUrl\":\"https:\/\/www.cmalleida.com\/wp-content\/uploads\/dsc-0003-5.jpg\",\"width\":1024,\"height\":684,\"caption\":\"DSC_0003\"},{\"@type\":\"BreadcrumbList\",\"@id\":\"https:\/\/www.cmalleida.com\/es\/la-relacion-con-tu-cliente-un-valor-anadido-para-tu-empresa\/#breadcrumb\",\"itemListElement\":[{\"@type\":\"ListItem\",\"position\":1,\"name\":\"Inici\",\"item\":\"https:\/\/www.cmalleida.com\/es\/\"},{\"@type\":\"ListItem\",\"position\":2,\"name\":\"\u00abLa relaci\u00f3n con tu cliente\u00bb un valor a\u00f1adido para tu empresa\"}]},{\"@type\":\"WebSite\",\"@id\":\"https:\/\/www.cmalleida.com\/es\/#website\",\"url\":\"https:\/\/www.cmalleida.com\/es\/\",\"name\":\"Col\u00b7legi de Mediadors d&#039;Assegurances de Lleida\",\"description\":\"Otro sitio realizado con WordPress\",\"publisher\":{\"@id\":\"https:\/\/www.cmalleida.com\/es\/#organization\"},\"potentialAction\":[{\"@type\":\"SearchAction\",\"target\":{\"@type\":\"EntryPoint\",\"urlTemplate\":\"https:\/\/www.cmalleida.com\/es\/?s={search_term_string}\"},\"query-input\":{\"@type\":\"PropertyValueSpecification\",\"valueRequired\":true,\"valueName\":\"search_term_string\"}}],\"inLanguage\":\"es\"},{\"@type\":\"Organization\",\"@id\":\"https:\/\/www.cmalleida.com\/es\/#organization\",\"name\":\"Col\u00b7legi de Mediadors d'Assegurances de Lleida\",\"url\":\"https:\/\/www.cmalleida.com\/es\/\",\"logo\":{\"@type\":\"ImageObject\",\"inLanguage\":\"es\",\"@id\":\"https:\/\/www.cmalleida.com\/es\/#\/schema\/logo\/image\/\",\"url\":\"\",\"contentUrl\":\"\",\"caption\":\"Col\u00b7legi de Mediadors d'Assegurances de Lleida\"},\"image\":{\"@id\":\"https:\/\/www.cmalleida.com\/es\/#\/schema\/logo\/image\/\"}},{\"@type\":\"Person\",\"@id\":\"https:\/\/www.cmalleida.com\/es\/#\/schema\/person\/7461453022a0d6ce41c1e530eb4443b4\",\"name\":\"Antonieta Castells Dolcet\",\"image\":{\"@type\":\"ImageObject\",\"inLanguage\":\"es\",\"@id\":\"https:\/\/secure.gravatar.com\/avatar\/7738df9a8ff2d12e8b37d088ff0e3e36016e57ab29e5db27ba4fb758a81ea3cb?s=96&d=mm&r=g\",\"url\":\"https:\/\/secure.gravatar.com\/avatar\/7738df9a8ff2d12e8b37d088ff0e3e36016e57ab29e5db27ba4fb758a81ea3cb?s=96&d=mm&r=g\",\"contentUrl\":\"https:\/\/secure.gravatar.com\/avatar\/7738df9a8ff2d12e8b37d088ff0e3e36016e57ab29e5db27ba4fb758a81ea3cb?s=96&d=mm&r=g\",\"caption\":\"Antonieta Castells Dolcet\"},\"sameAs\":[\"http:\/\/www.cmalleida.com\"]}]}<\/script>\n<!-- \/ Yoast SEO plugin. -->","yoast_head_json":{"title":"\"La relaci\u00f3n con tu cliente\" un valor a\u00f1adido para tu empresa - Col\u00b7legi de Mediadors d&#039;Assegurances de Lleida","robots":{"index":"index","follow":"follow","max-snippet":"max-snippet:-1","max-image-preview":"max-image-preview:large","max-video-preview":"max-video-preview:-1"},"canonical":"https:\/\/www.cmalleida.com\/es\/la-relacion-con-tu-cliente-un-valor-anadido-para-tu-empresa\/","og_locale":"es_ES","og_type":"article","og_title":"\"La relaci\u00f3n con tu cliente\" un valor a\u00f1adido para tu empresa - Col\u00b7legi de Mediadors d&#039;Assegurances de Lleida","og_description":"El Col\u00b7legi de Mediadors d\u2019Assegurances de Lleida organiz\u00f3 una sesi\u00f3n formativa sobre el valor que hay que darle al cliente y la relaci\u00f3n de la... Llegeix m\u00e9s","og_url":"https:\/\/www.cmalleida.com\/es\/la-relacion-con-tu-cliente-un-valor-anadido-para-tu-empresa\/","og_site_name":"Col\u00b7legi de Mediadors d&#039;Assegurances de Lleida","article_published_time":"2019-07-22T06:27:30+00:00","og_image":[{"width":1024,"height":684,"url":"https:\/\/www.cmalleida.com\/wp-content\/uploads\/dsc-0003-5.jpg","type":"image\/jpeg"}],"author":"Antonieta Castells Dolcet","twitter_card":"summary_large_image","twitter_misc":{"Written by":"Antonieta Castells Dolcet","Est. reading time":"1 minuto"},"schema":{"@context":"https:\/\/schema.org","@graph":[{"@type":"Article","@id":"https:\/\/www.cmalleida.com\/es\/la-relacion-con-tu-cliente-un-valor-anadido-para-tu-empresa\/#article","isPartOf":{"@id":"https:\/\/www.cmalleida.com\/es\/la-relacion-con-tu-cliente-un-valor-anadido-para-tu-empresa\/"},"author":{"name":"Antonieta Castells Dolcet","@id":"https:\/\/www.cmalleida.com\/es\/#\/schema\/person\/7461453022a0d6ce41c1e530eb4443b4"},"headline":"\u00abLa relaci\u00f3n con tu cliente\u00bb un valor a\u00f1adido para tu empresa","datePublished":"2019-07-22T06:27:30+00:00","mainEntityOfPage":{"@id":"https:\/\/www.cmalleida.com\/es\/la-relacion-con-tu-cliente-un-valor-anadido-para-tu-empresa\/"},"wordCount":153,"publisher":{"@id":"https:\/\/www.cmalleida.com\/es\/#organization"},"image":{"@id":"https:\/\/www.cmalleida.com\/es\/la-relacion-con-tu-cliente-un-valor-anadido-para-tu-empresa\/#primaryimage"},"thumbnailUrl":"https:\/\/www.cmalleida.com\/wp-content\/uploads\/dsc-0003-5.jpg","articleSection":["Acci\u00f3n formativa","Noticias Colegiales","Recopilaciones de Prensa"],"inLanguage":"es"},{"@type":"WebPage","@id":"https:\/\/www.cmalleida.com\/es\/la-relacion-con-tu-cliente-un-valor-anadido-para-tu-empresa\/","url":"https:\/\/www.cmalleida.com\/es\/la-relacion-con-tu-cliente-un-valor-anadido-para-tu-empresa\/","name":"\"La relaci\u00f3n con tu cliente\" un valor a\u00f1adido para tu empresa - Col\u00b7legi de Mediadors d&#039;Assegurances de Lleida","isPartOf":{"@id":"https:\/\/www.cmalleida.com\/es\/#website"},"primaryImageOfPage":{"@id":"https:\/\/www.cmalleida.com\/es\/la-relacion-con-tu-cliente-un-valor-anadido-para-tu-empresa\/#primaryimage"},"image":{"@id":"https:\/\/www.cmalleida.com\/es\/la-relacion-con-tu-cliente-un-valor-anadido-para-tu-empresa\/#primaryimage"},"thumbnailUrl":"https:\/\/www.cmalleida.com\/wp-content\/uploads\/dsc-0003-5.jpg","datePublished":"2019-07-22T06:27:30+00:00","breadcrumb":{"@id":"https:\/\/www.cmalleida.com\/es\/la-relacion-con-tu-cliente-un-valor-anadido-para-tu-empresa\/#breadcrumb"},"inLanguage":"es","potentialAction":[{"@type":"ReadAction","target":["https:\/\/www.cmalleida.com\/es\/la-relacion-con-tu-cliente-un-valor-anadido-para-tu-empresa\/"]}]},{"@type":"ImageObject","inLanguage":"es","@id":"https:\/\/www.cmalleida.com\/es\/la-relacion-con-tu-cliente-un-valor-anadido-para-tu-empresa\/#primaryimage","url":"https:\/\/www.cmalleida.com\/wp-content\/uploads\/dsc-0003-5.jpg","contentUrl":"https:\/\/www.cmalleida.com\/wp-content\/uploads\/dsc-0003-5.jpg","width":1024,"height":684,"caption":"DSC_0003"},{"@type":"BreadcrumbList","@id":"https:\/\/www.cmalleida.com\/es\/la-relacion-con-tu-cliente-un-valor-anadido-para-tu-empresa\/#breadcrumb","itemListElement":[{"@type":"ListItem","position":1,"name":"Inici","item":"https:\/\/www.cmalleida.com\/es\/"},{"@type":"ListItem","position":2,"name":"\u00abLa relaci\u00f3n con tu cliente\u00bb un valor a\u00f1adido para tu empresa"}]},{"@type":"WebSite","@id":"https:\/\/www.cmalleida.com\/es\/#website","url":"https:\/\/www.cmalleida.com\/es\/","name":"Col\u00b7legi de Mediadors d&#039;Assegurances de Lleida","description":"Otro sitio realizado con WordPress","publisher":{"@id":"https:\/\/www.cmalleida.com\/es\/#organization"},"potentialAction":[{"@type":"SearchAction","target":{"@type":"EntryPoint","urlTemplate":"https:\/\/www.cmalleida.com\/es\/?s={search_term_string}"},"query-input":{"@type":"PropertyValueSpecification","valueRequired":true,"valueName":"search_term_string"}}],"inLanguage":"es"},{"@type":"Organization","@id":"https:\/\/www.cmalleida.com\/es\/#organization","name":"Col\u00b7legi de Mediadors d'Assegurances de Lleida","url":"https:\/\/www.cmalleida.com\/es\/","logo":{"@type":"ImageObject","inLanguage":"es","@id":"https:\/\/www.cmalleida.com\/es\/#\/schema\/logo\/image\/","url":"","contentUrl":"","caption":"Col\u00b7legi de Mediadors d'Assegurances de Lleida"},"image":{"@id":"https:\/\/www.cmalleida.com\/es\/#\/schema\/logo\/image\/"}},{"@type":"Person","@id":"https:\/\/www.cmalleida.com\/es\/#\/schema\/person\/7461453022a0d6ce41c1e530eb4443b4","name":"Antonieta Castells Dolcet","image":{"@type":"ImageObject","inLanguage":"es","@id":"https:\/\/secure.gravatar.com\/avatar\/7738df9a8ff2d12e8b37d088ff0e3e36016e57ab29e5db27ba4fb758a81ea3cb?s=96&d=mm&r=g","url":"https:\/\/secure.gravatar.com\/avatar\/7738df9a8ff2d12e8b37d088ff0e3e36016e57ab29e5db27ba4fb758a81ea3cb?s=96&d=mm&r=g","contentUrl":"https:\/\/secure.gravatar.com\/avatar\/7738df9a8ff2d12e8b37d088ff0e3e36016e57ab29e5db27ba4fb758a81ea3cb?s=96&d=mm&r=g","caption":"Antonieta Castells Dolcet"},"sameAs":["http:\/\/www.cmalleida.com"]}]}},"_links":{"self":[{"href":"https:\/\/www.cmalleida.com\/es\/wp-json\/wp\/v2\/posts\/5362","targetHints":{"allow":["GET"]}}],"collection":[{"href":"https:\/\/www.cmalleida.com\/es\/wp-json\/wp\/v2\/posts"}],"about":[{"href":"https:\/\/www.cmalleida.com\/es\/wp-json\/wp\/v2\/types\/post"}],"author":[{"embeddable":true,"href":"https:\/\/www.cmalleida.com\/es\/wp-json\/wp\/v2\/users\/149"}],"replies":[{"embeddable":true,"href":"https:\/\/www.cmalleida.com\/es\/wp-json\/wp\/v2\/comments?post=5362"}],"version-history":[{"count":1,"href":"https:\/\/www.cmalleida.com\/es\/wp-json\/wp\/v2\/posts\/5362\/revisions"}],"predecessor-version":[{"id":5363,"href":"https:\/\/www.cmalleida.com\/es\/wp-json\/wp\/v2\/posts\/5362\/revisions\/5363"}],"wp:featuredmedia":[{"embeddable":true,"href":"https:\/\/www.cmalleida.com\/es\/wp-json\/wp\/v2\/media\/5272"}],"wp:attachment":[{"href":"https:\/\/www.cmalleida.com\/es\/wp-json\/wp\/v2\/media?parent=5362"}],"wp:term":[{"taxonomy":"category","embeddable":true,"href":"https:\/\/www.cmalleida.com\/es\/wp-json\/wp\/v2\/categories?post=5362"},{"taxonomy":"post_tag","embeddable":true,"href":"https:\/\/www.cmalleida.com\/es\/wp-json\/wp\/v2\/tags?post=5362"}],"curies":[{"name":"wp","href":"https:\/\/api.w.org\/{rel}","templated":true}]}}