{"id":5344,"date":"2019-07-19T09:44:56","date_gmt":"2019-07-19T07:44:56","guid":{"rendered":"https:\/\/www.cmalleida.com\/?p=5344"},"modified":"2019-07-19T09:44:56","modified_gmt":"2019-07-19T07:44:56","slug":"el-reto-de-la-ciberseguridad-las-empresas-siguen-sin-estar-preparadas-ante-el-proximo-ataque-eleconomista","status":"publish","type":"post","link":"https:\/\/www.cmalleida.com\/es\/el-reto-de-la-ciberseguridad-las-empresas-siguen-sin-estar-preparadas-ante-el-proximo-ataque-eleconomista\/","title":{"rendered":"El reto de la ciberseguridad: las empresas siguen sin estar preparadas ante el pr\u00f3ximo ataque (elEconomista)"},"content":{"rendered":"<p><em>Los expertos piden prevenci\u00f3n ante un problema cada vez m\u00e1s habitual<\/em><\/p>\n<p><em>Muchas pymes se ven obligadas a pagar rescates para recuperar sus sistemas<\/em><\/p>\n<p><a href=\"https:\/\/www.eleconomista.es\/autor\/Ignacio-Faes\">Ignacio Faes<\/a>\u00a0\u00a0 12\/07\/2019 &#8211; 19:01<\/p>\n<p>Las cajas fuertes ya no son el objetivo de los delincuentes. Ahora, los sistemas inform\u00e1ticos guardan en sus entra\u00f1as digitales el nuevo dorado: los datos. Los\u00a0<a href=\"https:\/\/www.eleconomista.es\/tags\/ciberseguridad\">ciberataques<\/a>\u00a0a las empresas se han multiplicado en los \u00faltimos a\u00f1os y han obligado a las compa\u00f1\u00edas a implantar, contrarreloj, sistemas que garanticen su seguridad. Sin embargo, muchas a\u00fan no son conscientes del peligro que corren.<\/p>\n<p>\u00abCuando hay una brecha no hay tiempo de reacci\u00f3n\u00bb, subraya Paloma Bru, socia de tecnolog\u00eda, medios y telecomunicaciones (TMT) de Pinsent Masons. Por ello, la abogada recomienda, ante todo, prevenci\u00f3n y tener implantado un plan que garantice una actuaci\u00f3n correcta ante una brecha que comprometa la seguridad de los datos y los sistemas de la compa\u00f1\u00eda. \u00abSolo as\u00ed se podr\u00e1n minimizar los riesgos legales\u00bb, apostilla.<\/p>\n<p>Esta implantaci\u00f3n no es f\u00e1cil. \u00abTener por escrito un plan de ciberseguridad no significa que sea pr\u00e1ctico y operativo\u00bb, destaca Paloma Bru. \u00abHay que hacer un traje a medida y esto conlleva mucha inversi\u00f3n de tiempo y recursos personales\u00bb, a\u00f1ade. De hecho, las nuevas exigencias de los clientes han obligado al equipo de especialistas de Pinsent Masons a pensar nuevos productos espec\u00edficos para la materia. \u00abHemos tenido que crear un sistema de gesti\u00f3n integral, que permita cubrir las brechas de seguridad desde todas las \u00e1reas afectadas\u00bb, explica.<\/p>\n<p>Desde la entrada en vigor, en mayo del a\u00f1o pasado, del Reglamento Europeo de Protecci\u00f3n de Datos (RGPD), las empresas se enfrentan a multas millonarias, que pueden alcanzar los 20 millones de euros. \u00abLas empresas no conocen los riesgos a a los que se enfrentan\u00bb, indica Paloma Bru. La abogada destaca que, en muchas ocasiones, la brecha surgen fuera de la compa\u00f1\u00eda y pide prestar mucha atenci\u00f3n a los proveedores. Desde sus sistemas, se puede producir el ataque.<\/p>\n<p>La complejidad de esta nueva delincuencia queda patente tambi\u00e9n en el \u00e1mbito normativo que busca perseguirla. La normativa europea exige notificar a las autoridades las brechas de las que la empresa es v\u00edctima. \u00abAqu\u00ed nos estamos encontrando muchos problemas porque hay, adem\u00e1s, muchas normativas locales que regulan esto y no es f\u00e1cil saber a qu\u00e9 autoridad hay que notificar\u00bb, apunta Bru. \u00abHay que estudiar las jurisdicciones que pueden estar afectadas en cada caso\u00bb, a\u00f1ade.<\/p>\n<p>\u00bfCu\u00e1l es entonces la receta? Paloma Bru apuesta por la formaci\u00f3n de todo el personal. \u00abEsto es algo transversal que afecta a toda la compa\u00f1\u00eda\u00bb, indica. La abogada pone el foco en el departamento legal. \u00abEs muy importante que cualquier decisi\u00f3n se valore por este equipo, porque puede ser muy buena t\u00e9cnicamente pero puede suponer un problema legal en el futuro\u00bb, a\u00f1ade.<\/p>\n<p><strong>Camino por recorrer<\/strong><\/p>\n<p>La especialista reconoce que las empresas espa\u00f1olas han mejorado mucho en materia de ciberseguridad. \u00abSobre todo, las grandes empresas tecnol\u00f3gicas y el sector bancario son las que van m\u00e1s avanzadas\u00bb, apunta.<\/p>\n<p>Sin embargo, la mayor\u00eda de ataques se producen en las Pymes, que muchas veces se ven obligadas a pagar rescates a los ciberdelincuentes para recuperar sus sistemas. \u00abS\u00f3lo el 20 por ciento de las compa\u00f1\u00edas tienen al responsable de ciberseguridad sentado en el consejo de administraci\u00f3n\u00bb, asegura \u00c1lvaro Fern\u00e1ndez de Araoz, director de desarrollo de negocio, ciberseguridad y digitalizaci\u00f3n en Mr. Houston.<\/p>\n<p>La falta de prevenci\u00f3n provoca que las empresas busquen protecci\u00f3n cuando ya es demasiado tarde y han sido v\u00edctimas de estos ciberdelincuentes. \u00abEs entonces cuando est\u00e1n dispuestas a hacer lo que sea para que no vuelva a pasar\u00bb, apunta Fern\u00e1ndez de Araoz. \u00abAh\u00ed es cuando han visto los riesgos que corren\u00bb, asevera.<\/p>\n<p><strong>Un riesgo reputacional<\/strong><\/p>\n<p>No todo son problemas legales y t\u00e9cnicos. Un ciberataque puede tumbar la reputaci\u00f3n de una gran compa\u00f1\u00eda en pocos minutos. Si se produce una brecha, la gesti\u00f3n de la comunicaci\u00f3n en la crisis es fundamental para poder salvar la situaci\u00f3n.<\/p>\n<p>\u00abLa gesti\u00f3n reputacional sigue siendo un cap\u00edtulo pendiente\u00bb, manifiesta Marisa Toro, socia directora en Marlow. \u00abEstamos viendo casos en el que no hay plan preparado ni ensayado para estas situaciones\u00bb, concluye.<\/p>\n<p>&nbsp;<\/p>\n","protected":false},"excerpt":{"rendered":"<p>Los expertos piden prevenci\u00f3n ante un problema cada vez m\u00e1s habitual Muchas pymes se ven obligadas a pagar rescates para recuperar sus sistemas Ignacio Faes\u00a0\u00a0&#8230; <a href=\"https:\/\/www.cmalleida.com\/es\/el-reto-de-la-ciberseguridad-las-empresas-siguen-sin-estar-preparadas-ante-el-proximo-ataque-eleconomista\/\" rel=\"nofollow\" class=\"lollegirmes\">Llegeix m\u00e9s<\/a><\/p>\n","protected":false},"author":149,"featured_media":1843,"comment_status":"closed","ping_status":"closed","sticky":false,"template":"","format":"standard","meta":{"_acf_changed":false,"_genesis_hide_title":false,"_genesis_hide_breadcrumbs":false,"_genesis_hide_singular_image":false,"_genesis_hide_footer_widgets":false,"_genesis_custom_body_class":"","_genesis_custom_post_class":"","_genesis_layout":"","footnotes":""},"categories":[28,62],"tags":[],"class_list":{"0":"post-5344","1":"post","2":"type-post","3":"status-publish","4":"format-standard","5":"has-post-thumbnail","7":"category-actualidad","8":"category-sinistres-es","9":"entry"},"acf":[],"yoast_head":"<!-- This site is optimized with the Yoast SEO plugin v27.2 - https:\/\/yoast.com\/product\/yoast-seo-wordpress\/ -->\n<title>El reto de la ciberseguridad: las empresas siguen sin estar preparadas ante el pr\u00f3ximo ataque (elEconomista) - Col\u00b7legi de Mediadors d&#039;Assegurances de Lleida<\/title>\n<meta name=\"robots\" content=\"index, follow, max-snippet:-1, max-image-preview:large, max-video-preview:-1\" \/>\n<link rel=\"canonical\" href=\"https:\/\/www.cmalleida.com\/es\/el-reto-de-la-ciberseguridad-las-empresas-siguen-sin-estar-preparadas-ante-el-proximo-ataque-eleconomista\/\" \/>\n<meta property=\"og:locale\" content=\"es_ES\" \/>\n<meta property=\"og:type\" content=\"article\" \/>\n<meta property=\"og:title\" content=\"El reto de la ciberseguridad: las empresas siguen sin estar preparadas ante el pr\u00f3ximo ataque (elEconomista) - Col\u00b7legi de Mediadors d&#039;Assegurances de Lleida\" \/>\n<meta property=\"og:description\" content=\"Los expertos piden prevenci\u00f3n ante un problema cada vez m\u00e1s habitual Muchas pymes se ven obligadas a pagar rescates para recuperar sus sistemas Ignacio Faes\u00a0\u00a0... Llegeix m\u00e9s\" \/>\n<meta property=\"og:url\" content=\"https:\/\/www.cmalleida.com\/es\/el-reto-de-la-ciberseguridad-las-empresas-siguen-sin-estar-preparadas-ante-el-proximo-ataque-eleconomista\/\" \/>\n<meta property=\"og:site_name\" content=\"Col\u00b7legi de Mediadors d&#039;Assegurances de Lleida\" \/>\n<meta property=\"article:published_time\" content=\"2019-07-19T07:44:56+00:00\" \/>\n<meta property=\"og:image\" content=\"https:\/\/www.cmalleida.com\/wp-content\/uploads\/cmall-lleida-actualitat-tech762.jpg\" \/>\n\t<meta property=\"og:image:width\" content=\"762\" \/>\n\t<meta property=\"og:image:height\" content=\"762\" \/>\n\t<meta property=\"og:image:type\" content=\"image\/jpeg\" \/>\n<meta name=\"author\" content=\"Antonieta Castells Dolcet\" \/>\n<meta name=\"twitter:card\" content=\"summary_large_image\" \/>\n<meta name=\"twitter:label1\" content=\"Written by\" \/>\n\t<meta name=\"twitter:data1\" content=\"Antonieta Castells Dolcet\" \/>\n\t<meta name=\"twitter:label2\" content=\"Est. reading time\" \/>\n\t<meta name=\"twitter:data2\" content=\"4 minutos\" \/>\n<script type=\"application\/ld+json\" class=\"yoast-schema-graph\">{\"@context\":\"https:\/\/schema.org\",\"@graph\":[{\"@type\":\"Article\",\"@id\":\"https:\/\/www.cmalleida.com\/es\/el-reto-de-la-ciberseguridad-las-empresas-siguen-sin-estar-preparadas-ante-el-proximo-ataque-eleconomista\/#article\",\"isPartOf\":{\"@id\":\"https:\/\/www.cmalleida.com\/es\/el-reto-de-la-ciberseguridad-las-empresas-siguen-sin-estar-preparadas-ante-el-proximo-ataque-eleconomista\/\"},\"author\":{\"name\":\"Antonieta Castells Dolcet\",\"@id\":\"https:\/\/www.cmalleida.com\/es\/#\/schema\/person\/7461453022a0d6ce41c1e530eb4443b4\"},\"headline\":\"El reto de la ciberseguridad: las empresas siguen sin estar preparadas ante el pr\u00f3ximo ataque (elEconomista)\",\"datePublished\":\"2019-07-19T07:44:56+00:00\",\"mainEntityOfPage\":{\"@id\":\"https:\/\/www.cmalleida.com\/es\/el-reto-de-la-ciberseguridad-las-empresas-siguen-sin-estar-preparadas-ante-el-proximo-ataque-eleconomista\/\"},\"wordCount\":749,\"publisher\":{\"@id\":\"https:\/\/www.cmalleida.com\/es\/#organization\"},\"image\":{\"@id\":\"https:\/\/www.cmalleida.com\/es\/el-reto-de-la-ciberseguridad-las-empresas-siguen-sin-estar-preparadas-ante-el-proximo-ataque-eleconomista\/#primaryimage\"},\"thumbnailUrl\":\"https:\/\/www.cmalleida.com\/wp-content\/uploads\/cmall-lleida-actualitat-tech762.jpg\",\"articleSection\":[\"Actualidad\",\"Sinistres\"],\"inLanguage\":\"es\"},{\"@type\":\"WebPage\",\"@id\":\"https:\/\/www.cmalleida.com\/es\/el-reto-de-la-ciberseguridad-las-empresas-siguen-sin-estar-preparadas-ante-el-proximo-ataque-eleconomista\/\",\"url\":\"https:\/\/www.cmalleida.com\/es\/el-reto-de-la-ciberseguridad-las-empresas-siguen-sin-estar-preparadas-ante-el-proximo-ataque-eleconomista\/\",\"name\":\"El reto de la ciberseguridad: las empresas siguen sin estar preparadas ante el pr\u00f3ximo ataque (elEconomista) - Col\u00b7legi de Mediadors d&#039;Assegurances de Lleida\",\"isPartOf\":{\"@id\":\"https:\/\/www.cmalleida.com\/es\/#website\"},\"primaryImageOfPage\":{\"@id\":\"https:\/\/www.cmalleida.com\/es\/el-reto-de-la-ciberseguridad-las-empresas-siguen-sin-estar-preparadas-ante-el-proximo-ataque-eleconomista\/#primaryimage\"},\"image\":{\"@id\":\"https:\/\/www.cmalleida.com\/es\/el-reto-de-la-ciberseguridad-las-empresas-siguen-sin-estar-preparadas-ante-el-proximo-ataque-eleconomista\/#primaryimage\"},\"thumbnailUrl\":\"https:\/\/www.cmalleida.com\/wp-content\/uploads\/cmall-lleida-actualitat-tech762.jpg\",\"datePublished\":\"2019-07-19T07:44:56+00:00\",\"breadcrumb\":{\"@id\":\"https:\/\/www.cmalleida.com\/es\/el-reto-de-la-ciberseguridad-las-empresas-siguen-sin-estar-preparadas-ante-el-proximo-ataque-eleconomista\/#breadcrumb\"},\"inLanguage\":\"es\",\"potentialAction\":[{\"@type\":\"ReadAction\",\"target\":[\"https:\/\/www.cmalleida.com\/es\/el-reto-de-la-ciberseguridad-las-empresas-siguen-sin-estar-preparadas-ante-el-proximo-ataque-eleconomista\/\"]}]},{\"@type\":\"ImageObject\",\"inLanguage\":\"es\",\"@id\":\"https:\/\/www.cmalleida.com\/es\/el-reto-de-la-ciberseguridad-las-empresas-siguen-sin-estar-preparadas-ante-el-proximo-ataque-eleconomista\/#primaryimage\",\"url\":\"https:\/\/www.cmalleida.com\/wp-content\/uploads\/cmall-lleida-actualitat-tech762.jpg\",\"contentUrl\":\"https:\/\/www.cmalleida.com\/wp-content\/uploads\/cmall-lleida-actualitat-tech762.jpg\",\"width\":762,\"height\":762,\"caption\":\"cmall-lleida-actualitat-tech762\"},{\"@type\":\"BreadcrumbList\",\"@id\":\"https:\/\/www.cmalleida.com\/es\/el-reto-de-la-ciberseguridad-las-empresas-siguen-sin-estar-preparadas-ante-el-proximo-ataque-eleconomista\/#breadcrumb\",\"itemListElement\":[{\"@type\":\"ListItem\",\"position\":1,\"name\":\"Inici\",\"item\":\"https:\/\/www.cmalleida.com\/es\/\"},{\"@type\":\"ListItem\",\"position\":2,\"name\":\"El reto de la ciberseguridad: las empresas siguen sin estar preparadas ante el pr\u00f3ximo ataque (elEconomista)\"}]},{\"@type\":\"WebSite\",\"@id\":\"https:\/\/www.cmalleida.com\/es\/#website\",\"url\":\"https:\/\/www.cmalleida.com\/es\/\",\"name\":\"Col\u00b7legi de Mediadors d&#039;Assegurances de Lleida\",\"description\":\"Otro sitio realizado con WordPress\",\"publisher\":{\"@id\":\"https:\/\/www.cmalleida.com\/es\/#organization\"},\"potentialAction\":[{\"@type\":\"SearchAction\",\"target\":{\"@type\":\"EntryPoint\",\"urlTemplate\":\"https:\/\/www.cmalleida.com\/es\/?s={search_term_string}\"},\"query-input\":{\"@type\":\"PropertyValueSpecification\",\"valueRequired\":true,\"valueName\":\"search_term_string\"}}],\"inLanguage\":\"es\"},{\"@type\":\"Organization\",\"@id\":\"https:\/\/www.cmalleida.com\/es\/#organization\",\"name\":\"Col\u00b7legi de Mediadors d'Assegurances de Lleida\",\"url\":\"https:\/\/www.cmalleida.com\/es\/\",\"logo\":{\"@type\":\"ImageObject\",\"inLanguage\":\"es\",\"@id\":\"https:\/\/www.cmalleida.com\/es\/#\/schema\/logo\/image\/\",\"url\":\"\",\"contentUrl\":\"\",\"caption\":\"Col\u00b7legi de Mediadors d'Assegurances de Lleida\"},\"image\":{\"@id\":\"https:\/\/www.cmalleida.com\/es\/#\/schema\/logo\/image\/\"}},{\"@type\":\"Person\",\"@id\":\"https:\/\/www.cmalleida.com\/es\/#\/schema\/person\/7461453022a0d6ce41c1e530eb4443b4\",\"name\":\"Antonieta Castells Dolcet\",\"image\":{\"@type\":\"ImageObject\",\"inLanguage\":\"es\",\"@id\":\"https:\/\/secure.gravatar.com\/avatar\/7738df9a8ff2d12e8b37d088ff0e3e36016e57ab29e5db27ba4fb758a81ea3cb?s=96&d=mm&r=g\",\"url\":\"https:\/\/secure.gravatar.com\/avatar\/7738df9a8ff2d12e8b37d088ff0e3e36016e57ab29e5db27ba4fb758a81ea3cb?s=96&d=mm&r=g\",\"contentUrl\":\"https:\/\/secure.gravatar.com\/avatar\/7738df9a8ff2d12e8b37d088ff0e3e36016e57ab29e5db27ba4fb758a81ea3cb?s=96&d=mm&r=g\",\"caption\":\"Antonieta Castells Dolcet\"},\"sameAs\":[\"http:\/\/www.cmalleida.com\"]}]}<\/script>\n<!-- \/ Yoast SEO plugin. -->","yoast_head_json":{"title":"El reto de la ciberseguridad: las empresas siguen sin estar preparadas ante el pr\u00f3ximo ataque (elEconomista) - Col\u00b7legi de Mediadors d&#039;Assegurances de Lleida","robots":{"index":"index","follow":"follow","max-snippet":"max-snippet:-1","max-image-preview":"max-image-preview:large","max-video-preview":"max-video-preview:-1"},"canonical":"https:\/\/www.cmalleida.com\/es\/el-reto-de-la-ciberseguridad-las-empresas-siguen-sin-estar-preparadas-ante-el-proximo-ataque-eleconomista\/","og_locale":"es_ES","og_type":"article","og_title":"El reto de la ciberseguridad: las empresas siguen sin estar preparadas ante el pr\u00f3ximo ataque (elEconomista) - Col\u00b7legi de Mediadors d&#039;Assegurances de Lleida","og_description":"Los expertos piden prevenci\u00f3n ante un problema cada vez m\u00e1s habitual Muchas pymes se ven obligadas a pagar rescates para recuperar sus sistemas Ignacio Faes\u00a0\u00a0... Llegeix m\u00e9s","og_url":"https:\/\/www.cmalleida.com\/es\/el-reto-de-la-ciberseguridad-las-empresas-siguen-sin-estar-preparadas-ante-el-proximo-ataque-eleconomista\/","og_site_name":"Col\u00b7legi de Mediadors d&#039;Assegurances de Lleida","article_published_time":"2019-07-19T07:44:56+00:00","og_image":[{"width":762,"height":762,"url":"https:\/\/www.cmalleida.com\/wp-content\/uploads\/cmall-lleida-actualitat-tech762.jpg","type":"image\/jpeg"}],"author":"Antonieta Castells Dolcet","twitter_card":"summary_large_image","twitter_misc":{"Written by":"Antonieta Castells Dolcet","Est. reading time":"4 minutos"},"schema":{"@context":"https:\/\/schema.org","@graph":[{"@type":"Article","@id":"https:\/\/www.cmalleida.com\/es\/el-reto-de-la-ciberseguridad-las-empresas-siguen-sin-estar-preparadas-ante-el-proximo-ataque-eleconomista\/#article","isPartOf":{"@id":"https:\/\/www.cmalleida.com\/es\/el-reto-de-la-ciberseguridad-las-empresas-siguen-sin-estar-preparadas-ante-el-proximo-ataque-eleconomista\/"},"author":{"name":"Antonieta Castells Dolcet","@id":"https:\/\/www.cmalleida.com\/es\/#\/schema\/person\/7461453022a0d6ce41c1e530eb4443b4"},"headline":"El reto de la ciberseguridad: las empresas siguen sin estar preparadas ante el pr\u00f3ximo ataque (elEconomista)","datePublished":"2019-07-19T07:44:56+00:00","mainEntityOfPage":{"@id":"https:\/\/www.cmalleida.com\/es\/el-reto-de-la-ciberseguridad-las-empresas-siguen-sin-estar-preparadas-ante-el-proximo-ataque-eleconomista\/"},"wordCount":749,"publisher":{"@id":"https:\/\/www.cmalleida.com\/es\/#organization"},"image":{"@id":"https:\/\/www.cmalleida.com\/es\/el-reto-de-la-ciberseguridad-las-empresas-siguen-sin-estar-preparadas-ante-el-proximo-ataque-eleconomista\/#primaryimage"},"thumbnailUrl":"https:\/\/www.cmalleida.com\/wp-content\/uploads\/cmall-lleida-actualitat-tech762.jpg","articleSection":["Actualidad","Sinistres"],"inLanguage":"es"},{"@type":"WebPage","@id":"https:\/\/www.cmalleida.com\/es\/el-reto-de-la-ciberseguridad-las-empresas-siguen-sin-estar-preparadas-ante-el-proximo-ataque-eleconomista\/","url":"https:\/\/www.cmalleida.com\/es\/el-reto-de-la-ciberseguridad-las-empresas-siguen-sin-estar-preparadas-ante-el-proximo-ataque-eleconomista\/","name":"El reto de la ciberseguridad: las empresas siguen sin estar preparadas ante el pr\u00f3ximo ataque (elEconomista) - Col\u00b7legi de Mediadors d&#039;Assegurances de Lleida","isPartOf":{"@id":"https:\/\/www.cmalleida.com\/es\/#website"},"primaryImageOfPage":{"@id":"https:\/\/www.cmalleida.com\/es\/el-reto-de-la-ciberseguridad-las-empresas-siguen-sin-estar-preparadas-ante-el-proximo-ataque-eleconomista\/#primaryimage"},"image":{"@id":"https:\/\/www.cmalleida.com\/es\/el-reto-de-la-ciberseguridad-las-empresas-siguen-sin-estar-preparadas-ante-el-proximo-ataque-eleconomista\/#primaryimage"},"thumbnailUrl":"https:\/\/www.cmalleida.com\/wp-content\/uploads\/cmall-lleida-actualitat-tech762.jpg","datePublished":"2019-07-19T07:44:56+00:00","breadcrumb":{"@id":"https:\/\/www.cmalleida.com\/es\/el-reto-de-la-ciberseguridad-las-empresas-siguen-sin-estar-preparadas-ante-el-proximo-ataque-eleconomista\/#breadcrumb"},"inLanguage":"es","potentialAction":[{"@type":"ReadAction","target":["https:\/\/www.cmalleida.com\/es\/el-reto-de-la-ciberseguridad-las-empresas-siguen-sin-estar-preparadas-ante-el-proximo-ataque-eleconomista\/"]}]},{"@type":"ImageObject","inLanguage":"es","@id":"https:\/\/www.cmalleida.com\/es\/el-reto-de-la-ciberseguridad-las-empresas-siguen-sin-estar-preparadas-ante-el-proximo-ataque-eleconomista\/#primaryimage","url":"https:\/\/www.cmalleida.com\/wp-content\/uploads\/cmall-lleida-actualitat-tech762.jpg","contentUrl":"https:\/\/www.cmalleida.com\/wp-content\/uploads\/cmall-lleida-actualitat-tech762.jpg","width":762,"height":762,"caption":"cmall-lleida-actualitat-tech762"},{"@type":"BreadcrumbList","@id":"https:\/\/www.cmalleida.com\/es\/el-reto-de-la-ciberseguridad-las-empresas-siguen-sin-estar-preparadas-ante-el-proximo-ataque-eleconomista\/#breadcrumb","itemListElement":[{"@type":"ListItem","position":1,"name":"Inici","item":"https:\/\/www.cmalleida.com\/es\/"},{"@type":"ListItem","position":2,"name":"El reto de la ciberseguridad: las empresas siguen sin estar preparadas ante el pr\u00f3ximo ataque (elEconomista)"}]},{"@type":"WebSite","@id":"https:\/\/www.cmalleida.com\/es\/#website","url":"https:\/\/www.cmalleida.com\/es\/","name":"Col\u00b7legi de Mediadors d&#039;Assegurances de Lleida","description":"Otro sitio realizado con WordPress","publisher":{"@id":"https:\/\/www.cmalleida.com\/es\/#organization"},"potentialAction":[{"@type":"SearchAction","target":{"@type":"EntryPoint","urlTemplate":"https:\/\/www.cmalleida.com\/es\/?s={search_term_string}"},"query-input":{"@type":"PropertyValueSpecification","valueRequired":true,"valueName":"search_term_string"}}],"inLanguage":"es"},{"@type":"Organization","@id":"https:\/\/www.cmalleida.com\/es\/#organization","name":"Col\u00b7legi de Mediadors d'Assegurances de Lleida","url":"https:\/\/www.cmalleida.com\/es\/","logo":{"@type":"ImageObject","inLanguage":"es","@id":"https:\/\/www.cmalleida.com\/es\/#\/schema\/logo\/image\/","url":"","contentUrl":"","caption":"Col\u00b7legi de Mediadors d'Assegurances de Lleida"},"image":{"@id":"https:\/\/www.cmalleida.com\/es\/#\/schema\/logo\/image\/"}},{"@type":"Person","@id":"https:\/\/www.cmalleida.com\/es\/#\/schema\/person\/7461453022a0d6ce41c1e530eb4443b4","name":"Antonieta Castells Dolcet","image":{"@type":"ImageObject","inLanguage":"es","@id":"https:\/\/secure.gravatar.com\/avatar\/7738df9a8ff2d12e8b37d088ff0e3e36016e57ab29e5db27ba4fb758a81ea3cb?s=96&d=mm&r=g","url":"https:\/\/secure.gravatar.com\/avatar\/7738df9a8ff2d12e8b37d088ff0e3e36016e57ab29e5db27ba4fb758a81ea3cb?s=96&d=mm&r=g","contentUrl":"https:\/\/secure.gravatar.com\/avatar\/7738df9a8ff2d12e8b37d088ff0e3e36016e57ab29e5db27ba4fb758a81ea3cb?s=96&d=mm&r=g","caption":"Antonieta Castells Dolcet"},"sameAs":["http:\/\/www.cmalleida.com"]}]}},"_links":{"self":[{"href":"https:\/\/www.cmalleida.com\/es\/wp-json\/wp\/v2\/posts\/5344","targetHints":{"allow":["GET"]}}],"collection":[{"href":"https:\/\/www.cmalleida.com\/es\/wp-json\/wp\/v2\/posts"}],"about":[{"href":"https:\/\/www.cmalleida.com\/es\/wp-json\/wp\/v2\/types\/post"}],"author":[{"embeddable":true,"href":"https:\/\/www.cmalleida.com\/es\/wp-json\/wp\/v2\/users\/149"}],"replies":[{"embeddable":true,"href":"https:\/\/www.cmalleida.com\/es\/wp-json\/wp\/v2\/comments?post=5344"}],"version-history":[{"count":1,"href":"https:\/\/www.cmalleida.com\/es\/wp-json\/wp\/v2\/posts\/5344\/revisions"}],"predecessor-version":[{"id":5345,"href":"https:\/\/www.cmalleida.com\/es\/wp-json\/wp\/v2\/posts\/5344\/revisions\/5345"}],"wp:featuredmedia":[{"embeddable":true,"href":"https:\/\/www.cmalleida.com\/es\/wp-json\/wp\/v2\/media\/1843"}],"wp:attachment":[{"href":"https:\/\/www.cmalleida.com\/es\/wp-json\/wp\/v2\/media?parent=5344"}],"wp:term":[{"taxonomy":"category","embeddable":true,"href":"https:\/\/www.cmalleida.com\/es\/wp-json\/wp\/v2\/categories?post=5344"},{"taxonomy":"post_tag","embeddable":true,"href":"https:\/\/www.cmalleida.com\/es\/wp-json\/wp\/v2\/tags?post=5344"}],"curies":[{"name":"wp","href":"https:\/\/api.w.org\/{rel}","templated":true}]}}