{"id":5051,"date":"2019-06-21T10:10:26","date_gmt":"2019-06-21T08:10:26","guid":{"rendered":"https:\/\/www.cmalleida.com\/?p=5051"},"modified":"2019-06-21T10:10:26","modified_gmt":"2019-06-21T08:10:26","slug":"finanzas-y-seguros-registran-incrementos-ligeros-de-absentismo-laboral-la-vanguardia","status":"publish","type":"post","link":"https:\/\/www.cmalleida.com\/es\/finanzas-y-seguros-registran-incrementos-ligeros-de-absentismo-laboral-la-vanguardia\/","title":{"rendered":"Finanzas y Seguros registran incrementos ligeros de absentismo laboral (La Vanguardia)"},"content":{"rendered":"<p><em>El total de horas de trabajo pactadas efectivas del sector se establece en 1.697 al a\u00f1o<\/em><\/p>\n<p>XAVIER GRAU\u00a0 <strong>\u00a0\u00a0<\/strong>20\/06\/2019 10:42<\/p>\n<p>El sector de las finanzas y el de los seguros registr\u00f3 a lo largo de 2018 un suave incremento de las tasas de absentismo laboral en un a\u00f1o con un m\u00e1ximo hist\u00f3rico global en el conjunto de sectores econ\u00f3micos que se situ\u00f3 entorno al 5,3% superando por una d\u00e9cimo el anterior \u00edndice m\u00e1ximo alcanzado en 2009.<\/p>\n<p>Tal y recoge el VIII Informe Adecco sobre Absentismo, por sectores de actividad la tasa de absentismo se situ\u00f3 en el 5,6% en el sector industrial (+0,5 p.p. respecto a 2017), su m\u00e1ximo hist\u00f3rico; del 5,4% en servicios; y del 3,6% en la construcci\u00f3n.<\/p>\n<p>Seg\u00fan Francisco Javier Blasco de Luna, director de Adecco Group Institute, \u201clas ratios de absentismo con car\u00e1cter general repuntan de forma incuestionable, muy por encima del resto de variables en materia econ\u00f3mica y de empleo\u201d.<\/p>\n<p>Esta investigaci\u00f3n contempla una doble definici\u00f3n del t\u00e9rmino \u201cabsentismo\u201d. Por un lado, seg\u00fan la Real Academia Espa\u00f1ola, se define como la \u201cabstenci\u00f3n deliberada de acudir al lugar donde se cumple una obligaci\u00f3n\u201d. Y por otra, se precisa \u201cel abandono habitual del desempe\u00f1o de funciones y deberes propios de un cargo\u201d.<\/p>\n<p><strong>M\u00e1s de 100 millones de horas se perdieron cada mes en 2017 y 2018<\/strong><\/p>\n<p>Se\u00f1ala el estudio que no siendo posible cuantificar de forma exacta a cu\u00e1nto asciende el absentismo, utilizando datos oficiales sobre horas pactadas y horas no trabajadas por incapacidad temporal y otras causas, se puede estimar que durante 2017 y 2018 se perdieron mensualmente m\u00e1s de 100 millones de horas de trabajo. En 2018, la p\u00e9rdida total de horas lleg\u00f3 a 1.350 millones y en 2017 a 1.250 millones.<\/p>\n<p>Los datos analizados se\u00f1alan que se registraron 753.000 asalariados que no trabajaron en todo el a\u00f1o, cifra que conlleva un incremento con relaci\u00f3n a los 701.000 asalariados no trabajando de 2017 de 52.000 personas. Las horas no trabajadas por absentismo parecen seguir un patr\u00f3n estrechamente ligado al nivel de actividad econ\u00f3mica, alcanzando en 2018 la cifra m\u00e1s alta desde 2009: 87 horas anuales por trabajador.<\/p>\n<p>En general, entre 2000 y 2018 ha descendido el n\u00famero de horas de trabajo pactadas efectivas en pr\u00e1cticamente todos los sectores. En algunas actividades, el descenso ha sido leve: del 0\u20199% en las industrias extractivas (equivalente a 17 horas anuales por asalariado) al 1,7% en el \u00e1mbito de las actividades profesionales, cient\u00edficas y t\u00e9cnicas (29 horas anuales) -sector en el que se incluyen abogados, arquitectos, traductores, analistas, I+D etc..) llegando al 17,7% en las actividades art\u00edsticas y de ocio (284 horas por a\u00f1o y trabajador) que afecta a trabajadores de museo, bibliotecas, juegos de azar, artes esc\u00e9nicas) u Hosteler\u00eda con un descenso del 11,1% (185 horas menos por a\u00f1o).<\/p>\n<p><strong>Entre 2000 y 2018 descienden las horas de trabajo pactadas efectivas<\/strong><\/p>\n<p>En el sector de las Finanzas y los seguros, las horas pactadas efectivas, es decir horas anuales por asalariado en 2018, se situaron en las 1.697. Para comparar, se pueden observar las 1.796 horas pactadas efectivas en el sector de la Construcci\u00f3n y las 1.308 pactadas en el sector de la Educaci\u00f3n.<\/p>\n<p>En general, tres son las secciones del amplio sector de Servicios que registran incrementos m\u00e1s significativos en el n\u00famero de horas no trabajadas por absentismo. En el \u00e1rea de Actividades profesionales, cient\u00edficas y t\u00e9cnicas, las horas perdidas por absentismo aumentaron un 53,3% entre 2000 y 2018 (22 horas m\u00e1s por trabajador y a\u00f1o); n Comercio al por mayor y al por menor, la subida fue de 49,4% (24 horas anuales m\u00e1s por asalariado) y en Finanzas y seguros el aumento de horas no trabajadas por estar razones lleg\u00f3 al 48,4% (27 horas anuales m\u00e1s).<\/p>\n<p>Analizando el n\u00famero de horas de absentismo por secciones de actividad, se observa c\u00f3mo destacan las actividades vinculadas al sector de la Salud se pierden por absentismo 134 horas por a\u00f1o y por asalariado; en Administraciones P\u00fablicas y defensa (127 horas), en Agua, saneamiento y gesti\u00f3n de residuos (122 horas) y en Industrias extractivas (108 horas). Seg\u00fan Adeco, \u201cllama la atenci\u00f3n que la os secciones de actividad con mayor n\u00famero de horas perdidas por absentismo tengan en el sector p\u00fablico a su principal empleador\u201d.<\/p>\n<p>Por autonom\u00edas, Canarias, la Comunidad de Madrid y Baleares superan las 1.650 horas pactadas efectivas anuales. En la situaci\u00f3n opuesta est\u00e1n Extremadura, Andaluc\u00eda y Pa\u00eds Vasco, con menos de 1.600 horas pactadas efectivas por a\u00f1o.<\/p>\n<p><strong>El Seguro registra un absentismo de 81,9 horas por asalariado y a\u00f1o<\/strong><\/p>\n<p>Dentro del sector Finanzas y seguros, las horas de absentismo por a\u00f1o y asalariado se situaron durante 2018 en 81,9 justo entre \u00e1reas de Actividad administrativa (89,7 horas), Electricidad y gas (88,8 horas) y Comercio (72,6 horas).<\/p>\n<p>Este mismo registro se\u00f1ala que en la banda m\u00e1s baja de la tabla de estad\u00edsticas, hablando de las actividades con menos horas perdidas por absentismo, aparecen las secciones de Educaci\u00f3n (60,6 horas), Inmobiliarias (60,3 horas) y Hosteler\u00eda (58,5 horas perdidas por trabajador y a\u00f1o).<\/p>\n<p>La incidencia de los procesos disminuye en funci\u00f3n de la edad de forma que, en el grupo de hasta 24 a\u00f1os, se alcanza el mayor \u00edndice (46,7%). Sin embargo, el \u00edndice de d\u00edas de baja se incrementa considerablemente a medida que aumenta la edad. Al comparar los procesos de baja de trabajadores mayores de 55 a\u00f1os y menores de 24 a\u00f1os, hay una variaci\u00f3n de un 194% en el caso de los hombres y un 223,6% en mujeres.<\/p>\n<p>Entre las causas principales de absentismo seg\u00fan informan las propias empresas aparecen en primer lugar con \u201cmucha\u201d o \u201cm\u00e1xima incidencia\u201d las bajas por enfermedad com\u00fan o accidente no laboral (31,9%); hay que a\u00f1adir a este dato que un 8,1% de las firmas encuestadas destaca tambi\u00e9n los \u201cproblemas leves de salud que no justifican una baja m\u00e9dica\u201d pero tienen tambi\u00e9n \u201cm\u00e1xima incidencia\u201d en el absentismo registrado.<\/p>\n<p><strong>Las empresas eval\u00faan tambi\u00e9n el \u2018efecto puente\u2019 y el \u2018efecto lunes\u2019<\/strong><\/p>\n<p>El 5% de las empresas a\u00f1aden como principales motivos de absentismo circunstancias como las bajas por accidentes de trabajo o enfermedades profesionales, asuntos derivados de a conciliaci\u00f3n laboral y profesional y lo que denominan el \u201cefecto puente\u201d (aquellos d\u00edas laborales situados entre dos o m\u00e1s d\u00edas festivos). En la misma l\u00ednea, el llamado \u201cefecto lunes\u201d es destacado como causa por un 3,8% de las empresas.<\/p>\n<p>Las compa\u00f1\u00edas consideran \u201cmarginales\u201d otros motivos que generan absentismo como ser\u00eda la conflictividad laboral (1,5%), situaciones relacionados con los estudios -cursos, ex\u00e1menes etc.\u2026- (1,3%) o la b\u00fasqueda de nuevo empleo (0,6%).<\/p>\n<p>En 2018 se han producido 5.212.692 procesos de IT por contingencias comunes, un 12,7% m\u00e1s que en 2017, cuando la poblaci\u00f3n media protegida ha crecido solo un 3,4%. El coste total del absentismo por Incapacidad Temporal por Contingencias Comunes (ITCC) tiene un valor que asciende a 85.140,42 millones de euros, lo que supone un incremento del 10,02% interanual. Desglosado, el gasto en prestaciones econ\u00f3micas asciende a 4.498,54 millones de euros, (+12,9% respecto a 2017), el coste directo para las empresas es de 6.900,48 millones de euros, y el coste de oportunidad, en t\u00e9rminos de la producci\u00f3n de bienes y servicios que se dejaron de producir, asciende a 70.741,40 millones de euros.<\/p>\n<p>&nbsp;<\/p>\n","protected":false},"excerpt":{"rendered":"<p>El total de horas de trabajo pactadas efectivas del sector se establece en 1.697 al a\u00f1o XAVIER GRAU\u00a0 \u00a0\u00a020\/06\/2019 10:42 El sector de las finanzas&#8230; <a href=\"https:\/\/www.cmalleida.com\/es\/finanzas-y-seguros-registran-incrementos-ligeros-de-absentismo-laboral-la-vanguardia\/\" rel=\"nofollow\" class=\"lollegirmes\">Llegeix m\u00e9s<\/a><\/p>\n","protected":false},"author":149,"featured_media":1865,"comment_status":"closed","ping_status":"closed","sticky":false,"template":"","format":"standard","meta":{"_acf_changed":false,"_genesis_hide_title":false,"_genesis_hide_breadcrumbs":false,"_genesis_hide_singular_image":false,"_genesis_hide_footer_widgets":false,"_genesis_custom_body_class":"","_genesis_custom_post_class":"","_genesis_layout":"","footnotes":""},"categories":[28,56],"tags":[],"class_list":{"0":"post-5051","1":"post","2":"type-post","3":"status-publish","4":"format-standard","5":"has-post-thumbnail","7":"category-actualidad","8":"category-laboral-es","9":"entry"},"acf":[],"yoast_head":"<!-- This site is optimized with the Yoast SEO plugin v27.2 - https:\/\/yoast.com\/product\/yoast-seo-wordpress\/ -->\n<title>Finanzas y Seguros registran incrementos ligeros de absentismo laboral (La Vanguardia) - Col\u00b7legi de Mediadors d&#039;Assegurances de Lleida<\/title>\n<meta name=\"robots\" content=\"index, follow, max-snippet:-1, max-image-preview:large, max-video-preview:-1\" \/>\n<link rel=\"canonical\" href=\"https:\/\/www.cmalleida.com\/es\/finanzas-y-seguros-registran-incrementos-ligeros-de-absentismo-laboral-la-vanguardia\/\" \/>\n<meta property=\"og:locale\" content=\"es_ES\" \/>\n<meta property=\"og:type\" content=\"article\" \/>\n<meta property=\"og:title\" content=\"Finanzas y Seguros registran incrementos ligeros de absentismo laboral (La Vanguardia) - Col\u00b7legi de Mediadors d&#039;Assegurances de Lleida\" \/>\n<meta property=\"og:description\" content=\"El total de horas de trabajo pactadas efectivas del sector se establece en 1.697 al a\u00f1o XAVIER GRAU\u00a0 \u00a0\u00a020\/06\/2019 10:42 El sector de las finanzas... Llegeix m\u00e9s\" \/>\n<meta property=\"og:url\" content=\"https:\/\/www.cmalleida.com\/es\/finanzas-y-seguros-registran-incrementos-ligeros-de-absentismo-laboral-la-vanguardia\/\" \/>\n<meta property=\"og:site_name\" content=\"Col\u00b7legi de Mediadors d&#039;Assegurances de Lleida\" \/>\n<meta property=\"article:published_time\" content=\"2019-06-21T08:10:26+00:00\" \/>\n<meta property=\"og:image\" content=\"https:\/\/www.cmalleida.com\/wp-content\/uploads\/cmall-lleida-actualitat-cafe762.jpg\" \/>\n\t<meta property=\"og:image:width\" content=\"762\" \/>\n\t<meta property=\"og:image:height\" content=\"762\" \/>\n\t<meta property=\"og:image:type\" content=\"image\/jpeg\" \/>\n<meta name=\"author\" content=\"Antonieta Castells Dolcet\" \/>\n<meta name=\"twitter:card\" content=\"summary_large_image\" \/>\n<meta name=\"twitter:label1\" content=\"Written by\" \/>\n\t<meta name=\"twitter:data1\" content=\"Antonieta Castells Dolcet\" \/>\n\t<meta name=\"twitter:label2\" content=\"Est. reading time\" \/>\n\t<meta name=\"twitter:data2\" content=\"6 minutos\" \/>\n<script type=\"application\/ld+json\" class=\"yoast-schema-graph\">{\"@context\":\"https:\/\/schema.org\",\"@graph\":[{\"@type\":\"Article\",\"@id\":\"https:\/\/www.cmalleida.com\/es\/finanzas-y-seguros-registran-incrementos-ligeros-de-absentismo-laboral-la-vanguardia\/#article\",\"isPartOf\":{\"@id\":\"https:\/\/www.cmalleida.com\/es\/finanzas-y-seguros-registran-incrementos-ligeros-de-absentismo-laboral-la-vanguardia\/\"},\"author\":{\"name\":\"Antonieta Castells Dolcet\",\"@id\":\"https:\/\/www.cmalleida.com\/es\/#\/schema\/person\/7461453022a0d6ce41c1e530eb4443b4\"},\"headline\":\"Finanzas y Seguros registran incrementos ligeros de absentismo laboral (La Vanguardia)\",\"datePublished\":\"2019-06-21T08:10:26+00:00\",\"mainEntityOfPage\":{\"@id\":\"https:\/\/www.cmalleida.com\/es\/finanzas-y-seguros-registran-incrementos-ligeros-de-absentismo-laboral-la-vanguardia\/\"},\"wordCount\":1219,\"publisher\":{\"@id\":\"https:\/\/www.cmalleida.com\/es\/#organization\"},\"image\":{\"@id\":\"https:\/\/www.cmalleida.com\/es\/finanzas-y-seguros-registran-incrementos-ligeros-de-absentismo-laboral-la-vanguardia\/#primaryimage\"},\"thumbnailUrl\":\"https:\/\/www.cmalleida.com\/wp-content\/uploads\/cmall-lleida-actualitat-cafe762.jpg\",\"articleSection\":[\"Actualidad\",\"Laboral\"],\"inLanguage\":\"es\"},{\"@type\":\"WebPage\",\"@id\":\"https:\/\/www.cmalleida.com\/es\/finanzas-y-seguros-registran-incrementos-ligeros-de-absentismo-laboral-la-vanguardia\/\",\"url\":\"https:\/\/www.cmalleida.com\/es\/finanzas-y-seguros-registran-incrementos-ligeros-de-absentismo-laboral-la-vanguardia\/\",\"name\":\"Finanzas y Seguros registran incrementos ligeros de absentismo laboral (La Vanguardia) - Col\u00b7legi de Mediadors d&#039;Assegurances de Lleida\",\"isPartOf\":{\"@id\":\"https:\/\/www.cmalleida.com\/es\/#website\"},\"primaryImageOfPage\":{\"@id\":\"https:\/\/www.cmalleida.com\/es\/finanzas-y-seguros-registran-incrementos-ligeros-de-absentismo-laboral-la-vanguardia\/#primaryimage\"},\"image\":{\"@id\":\"https:\/\/www.cmalleida.com\/es\/finanzas-y-seguros-registran-incrementos-ligeros-de-absentismo-laboral-la-vanguardia\/#primaryimage\"},\"thumbnailUrl\":\"https:\/\/www.cmalleida.com\/wp-content\/uploads\/cmall-lleida-actualitat-cafe762.jpg\",\"datePublished\":\"2019-06-21T08:10:26+00:00\",\"breadcrumb\":{\"@id\":\"https:\/\/www.cmalleida.com\/es\/finanzas-y-seguros-registran-incrementos-ligeros-de-absentismo-laboral-la-vanguardia\/#breadcrumb\"},\"inLanguage\":\"es\",\"potentialAction\":[{\"@type\":\"ReadAction\",\"target\":[\"https:\/\/www.cmalleida.com\/es\/finanzas-y-seguros-registran-incrementos-ligeros-de-absentismo-laboral-la-vanguardia\/\"]}]},{\"@type\":\"ImageObject\",\"inLanguage\":\"es\",\"@id\":\"https:\/\/www.cmalleida.com\/es\/finanzas-y-seguros-registran-incrementos-ligeros-de-absentismo-laboral-la-vanguardia\/#primaryimage\",\"url\":\"https:\/\/www.cmalleida.com\/wp-content\/uploads\/cmall-lleida-actualitat-cafe762.jpg\",\"contentUrl\":\"https:\/\/www.cmalleida.com\/wp-content\/uploads\/cmall-lleida-actualitat-cafe762.jpg\",\"width\":762,\"height\":762,\"caption\":\"cmall-lleida-actualitat-CAFE762\"},{\"@type\":\"BreadcrumbList\",\"@id\":\"https:\/\/www.cmalleida.com\/es\/finanzas-y-seguros-registran-incrementos-ligeros-de-absentismo-laboral-la-vanguardia\/#breadcrumb\",\"itemListElement\":[{\"@type\":\"ListItem\",\"position\":1,\"name\":\"Inici\",\"item\":\"https:\/\/www.cmalleida.com\/es\/\"},{\"@type\":\"ListItem\",\"position\":2,\"name\":\"Finanzas y Seguros registran incrementos ligeros de absentismo laboral (La Vanguardia)\"}]},{\"@type\":\"WebSite\",\"@id\":\"https:\/\/www.cmalleida.com\/es\/#website\",\"url\":\"https:\/\/www.cmalleida.com\/es\/\",\"name\":\"Col\u00b7legi de Mediadors d&#039;Assegurances de Lleida\",\"description\":\"Otro sitio realizado con WordPress\",\"publisher\":{\"@id\":\"https:\/\/www.cmalleida.com\/es\/#organization\"},\"potentialAction\":[{\"@type\":\"SearchAction\",\"target\":{\"@type\":\"EntryPoint\",\"urlTemplate\":\"https:\/\/www.cmalleida.com\/es\/?s={search_term_string}\"},\"query-input\":{\"@type\":\"PropertyValueSpecification\",\"valueRequired\":true,\"valueName\":\"search_term_string\"}}],\"inLanguage\":\"es\"},{\"@type\":\"Organization\",\"@id\":\"https:\/\/www.cmalleida.com\/es\/#organization\",\"name\":\"Col\u00b7legi de Mediadors d'Assegurances de Lleida\",\"url\":\"https:\/\/www.cmalleida.com\/es\/\",\"logo\":{\"@type\":\"ImageObject\",\"inLanguage\":\"es\",\"@id\":\"https:\/\/www.cmalleida.com\/es\/#\/schema\/logo\/image\/\",\"url\":\"\",\"contentUrl\":\"\",\"caption\":\"Col\u00b7legi de Mediadors d'Assegurances de Lleida\"},\"image\":{\"@id\":\"https:\/\/www.cmalleida.com\/es\/#\/schema\/logo\/image\/\"}},{\"@type\":\"Person\",\"@id\":\"https:\/\/www.cmalleida.com\/es\/#\/schema\/person\/7461453022a0d6ce41c1e530eb4443b4\",\"name\":\"Antonieta Castells Dolcet\",\"image\":{\"@type\":\"ImageObject\",\"inLanguage\":\"es\",\"@id\":\"https:\/\/secure.gravatar.com\/avatar\/7738df9a8ff2d12e8b37d088ff0e3e36016e57ab29e5db27ba4fb758a81ea3cb?s=96&d=mm&r=g\",\"url\":\"https:\/\/secure.gravatar.com\/avatar\/7738df9a8ff2d12e8b37d088ff0e3e36016e57ab29e5db27ba4fb758a81ea3cb?s=96&d=mm&r=g\",\"contentUrl\":\"https:\/\/secure.gravatar.com\/avatar\/7738df9a8ff2d12e8b37d088ff0e3e36016e57ab29e5db27ba4fb758a81ea3cb?s=96&d=mm&r=g\",\"caption\":\"Antonieta Castells Dolcet\"},\"sameAs\":[\"http:\/\/www.cmalleida.com\"]}]}<\/script>\n<!-- \/ Yoast SEO plugin. -->","yoast_head_json":{"title":"Finanzas y Seguros registran incrementos ligeros de absentismo laboral (La Vanguardia) - Col\u00b7legi de Mediadors d&#039;Assegurances de Lleida","robots":{"index":"index","follow":"follow","max-snippet":"max-snippet:-1","max-image-preview":"max-image-preview:large","max-video-preview":"max-video-preview:-1"},"canonical":"https:\/\/www.cmalleida.com\/es\/finanzas-y-seguros-registran-incrementos-ligeros-de-absentismo-laboral-la-vanguardia\/","og_locale":"es_ES","og_type":"article","og_title":"Finanzas y Seguros registran incrementos ligeros de absentismo laboral (La Vanguardia) - Col\u00b7legi de Mediadors d&#039;Assegurances de Lleida","og_description":"El total de horas de trabajo pactadas efectivas del sector se establece en 1.697 al a\u00f1o XAVIER GRAU\u00a0 \u00a0\u00a020\/06\/2019 10:42 El sector de las finanzas... Llegeix m\u00e9s","og_url":"https:\/\/www.cmalleida.com\/es\/finanzas-y-seguros-registran-incrementos-ligeros-de-absentismo-laboral-la-vanguardia\/","og_site_name":"Col\u00b7legi de Mediadors d&#039;Assegurances de Lleida","article_published_time":"2019-06-21T08:10:26+00:00","og_image":[{"width":762,"height":762,"url":"https:\/\/www.cmalleida.com\/wp-content\/uploads\/cmall-lleida-actualitat-cafe762.jpg","type":"image\/jpeg"}],"author":"Antonieta Castells Dolcet","twitter_card":"summary_large_image","twitter_misc":{"Written by":"Antonieta Castells Dolcet","Est. reading time":"6 minutos"},"schema":{"@context":"https:\/\/schema.org","@graph":[{"@type":"Article","@id":"https:\/\/www.cmalleida.com\/es\/finanzas-y-seguros-registran-incrementos-ligeros-de-absentismo-laboral-la-vanguardia\/#article","isPartOf":{"@id":"https:\/\/www.cmalleida.com\/es\/finanzas-y-seguros-registran-incrementos-ligeros-de-absentismo-laboral-la-vanguardia\/"},"author":{"name":"Antonieta Castells Dolcet","@id":"https:\/\/www.cmalleida.com\/es\/#\/schema\/person\/7461453022a0d6ce41c1e530eb4443b4"},"headline":"Finanzas y Seguros registran incrementos ligeros de absentismo laboral (La Vanguardia)","datePublished":"2019-06-21T08:10:26+00:00","mainEntityOfPage":{"@id":"https:\/\/www.cmalleida.com\/es\/finanzas-y-seguros-registran-incrementos-ligeros-de-absentismo-laboral-la-vanguardia\/"},"wordCount":1219,"publisher":{"@id":"https:\/\/www.cmalleida.com\/es\/#organization"},"image":{"@id":"https:\/\/www.cmalleida.com\/es\/finanzas-y-seguros-registran-incrementos-ligeros-de-absentismo-laboral-la-vanguardia\/#primaryimage"},"thumbnailUrl":"https:\/\/www.cmalleida.com\/wp-content\/uploads\/cmall-lleida-actualitat-cafe762.jpg","articleSection":["Actualidad","Laboral"],"inLanguage":"es"},{"@type":"WebPage","@id":"https:\/\/www.cmalleida.com\/es\/finanzas-y-seguros-registran-incrementos-ligeros-de-absentismo-laboral-la-vanguardia\/","url":"https:\/\/www.cmalleida.com\/es\/finanzas-y-seguros-registran-incrementos-ligeros-de-absentismo-laboral-la-vanguardia\/","name":"Finanzas y Seguros registran incrementos ligeros de absentismo laboral (La Vanguardia) - Col\u00b7legi de Mediadors d&#039;Assegurances de Lleida","isPartOf":{"@id":"https:\/\/www.cmalleida.com\/es\/#website"},"primaryImageOfPage":{"@id":"https:\/\/www.cmalleida.com\/es\/finanzas-y-seguros-registran-incrementos-ligeros-de-absentismo-laboral-la-vanguardia\/#primaryimage"},"image":{"@id":"https:\/\/www.cmalleida.com\/es\/finanzas-y-seguros-registran-incrementos-ligeros-de-absentismo-laboral-la-vanguardia\/#primaryimage"},"thumbnailUrl":"https:\/\/www.cmalleida.com\/wp-content\/uploads\/cmall-lleida-actualitat-cafe762.jpg","datePublished":"2019-06-21T08:10:26+00:00","breadcrumb":{"@id":"https:\/\/www.cmalleida.com\/es\/finanzas-y-seguros-registran-incrementos-ligeros-de-absentismo-laboral-la-vanguardia\/#breadcrumb"},"inLanguage":"es","potentialAction":[{"@type":"ReadAction","target":["https:\/\/www.cmalleida.com\/es\/finanzas-y-seguros-registran-incrementos-ligeros-de-absentismo-laboral-la-vanguardia\/"]}]},{"@type":"ImageObject","inLanguage":"es","@id":"https:\/\/www.cmalleida.com\/es\/finanzas-y-seguros-registran-incrementos-ligeros-de-absentismo-laboral-la-vanguardia\/#primaryimage","url":"https:\/\/www.cmalleida.com\/wp-content\/uploads\/cmall-lleida-actualitat-cafe762.jpg","contentUrl":"https:\/\/www.cmalleida.com\/wp-content\/uploads\/cmall-lleida-actualitat-cafe762.jpg","width":762,"height":762,"caption":"cmall-lleida-actualitat-CAFE762"},{"@type":"BreadcrumbList","@id":"https:\/\/www.cmalleida.com\/es\/finanzas-y-seguros-registran-incrementos-ligeros-de-absentismo-laboral-la-vanguardia\/#breadcrumb","itemListElement":[{"@type":"ListItem","position":1,"name":"Inici","item":"https:\/\/www.cmalleida.com\/es\/"},{"@type":"ListItem","position":2,"name":"Finanzas y Seguros registran incrementos ligeros de absentismo laboral (La Vanguardia)"}]},{"@type":"WebSite","@id":"https:\/\/www.cmalleida.com\/es\/#website","url":"https:\/\/www.cmalleida.com\/es\/","name":"Col\u00b7legi de Mediadors d&#039;Assegurances de Lleida","description":"Otro sitio realizado con WordPress","publisher":{"@id":"https:\/\/www.cmalleida.com\/es\/#organization"},"potentialAction":[{"@type":"SearchAction","target":{"@type":"EntryPoint","urlTemplate":"https:\/\/www.cmalleida.com\/es\/?s={search_term_string}"},"query-input":{"@type":"PropertyValueSpecification","valueRequired":true,"valueName":"search_term_string"}}],"inLanguage":"es"},{"@type":"Organization","@id":"https:\/\/www.cmalleida.com\/es\/#organization","name":"Col\u00b7legi de Mediadors d'Assegurances de Lleida","url":"https:\/\/www.cmalleida.com\/es\/","logo":{"@type":"ImageObject","inLanguage":"es","@id":"https:\/\/www.cmalleida.com\/es\/#\/schema\/logo\/image\/","url":"","contentUrl":"","caption":"Col\u00b7legi de Mediadors d'Assegurances de Lleida"},"image":{"@id":"https:\/\/www.cmalleida.com\/es\/#\/schema\/logo\/image\/"}},{"@type":"Person","@id":"https:\/\/www.cmalleida.com\/es\/#\/schema\/person\/7461453022a0d6ce41c1e530eb4443b4","name":"Antonieta Castells Dolcet","image":{"@type":"ImageObject","inLanguage":"es","@id":"https:\/\/secure.gravatar.com\/avatar\/7738df9a8ff2d12e8b37d088ff0e3e36016e57ab29e5db27ba4fb758a81ea3cb?s=96&d=mm&r=g","url":"https:\/\/secure.gravatar.com\/avatar\/7738df9a8ff2d12e8b37d088ff0e3e36016e57ab29e5db27ba4fb758a81ea3cb?s=96&d=mm&r=g","contentUrl":"https:\/\/secure.gravatar.com\/avatar\/7738df9a8ff2d12e8b37d088ff0e3e36016e57ab29e5db27ba4fb758a81ea3cb?s=96&d=mm&r=g","caption":"Antonieta Castells Dolcet"},"sameAs":["http:\/\/www.cmalleida.com"]}]}},"_links":{"self":[{"href":"https:\/\/www.cmalleida.com\/es\/wp-json\/wp\/v2\/posts\/5051","targetHints":{"allow":["GET"]}}],"collection":[{"href":"https:\/\/www.cmalleida.com\/es\/wp-json\/wp\/v2\/posts"}],"about":[{"href":"https:\/\/www.cmalleida.com\/es\/wp-json\/wp\/v2\/types\/post"}],"author":[{"embeddable":true,"href":"https:\/\/www.cmalleida.com\/es\/wp-json\/wp\/v2\/users\/149"}],"replies":[{"embeddable":true,"href":"https:\/\/www.cmalleida.com\/es\/wp-json\/wp\/v2\/comments?post=5051"}],"version-history":[{"count":1,"href":"https:\/\/www.cmalleida.com\/es\/wp-json\/wp\/v2\/posts\/5051\/revisions"}],"predecessor-version":[{"id":5052,"href":"https:\/\/www.cmalleida.com\/es\/wp-json\/wp\/v2\/posts\/5051\/revisions\/5052"}],"wp:featuredmedia":[{"embeddable":true,"href":"https:\/\/www.cmalleida.com\/es\/wp-json\/wp\/v2\/media\/1865"}],"wp:attachment":[{"href":"https:\/\/www.cmalleida.com\/es\/wp-json\/wp\/v2\/media?parent=5051"}],"wp:term":[{"taxonomy":"category","embeddable":true,"href":"https:\/\/www.cmalleida.com\/es\/wp-json\/wp\/v2\/categories?post=5051"},{"taxonomy":"post_tag","embeddable":true,"href":"https:\/\/www.cmalleida.com\/es\/wp-json\/wp\/v2\/tags?post=5051"}],"curies":[{"name":"wp","href":"https:\/\/api.w.org\/{rel}","templated":true}]}}