{"id":5029,"date":"2019-06-18T10:24:01","date_gmt":"2019-06-18T08:24:01","guid":{"rendered":"https:\/\/www.cmalleida.com\/?p=5029"},"modified":"2019-06-18T10:24:01","modified_gmt":"2019-06-18T08:24:01","slug":"conferencia-y-debate-activo-durante-la-conferencia-sobre-soluciones-aseguradoras-ante-la-continuidad-o-liquidacion-de-la-empresa","status":"publish","type":"post","link":"https:\/\/www.cmalleida.com\/es\/conferencia-y-debate-activo-durante-la-conferencia-sobre-soluciones-aseguradoras-ante-la-continuidad-o-liquidacion-de-la-empresa\/","title":{"rendered":"Conferencia y debate activo durante la conferencia sobre Soluciones aseguradoras ante la continuidad o liquidaci\u00f3n de la empresa"},"content":{"rendered":"<p>El Col\u00b7legi de Mediadors d\u2019Assegurances de Lleida organiz\u00f3 el pasado 13 de junio una conferencia sobre las soluciones aseguradoras a la hora que las empresas y sociedades mercantiles quieran asegurarse la continuidad o, por el contrario la liquidaci\u00f3n de la empresa, ya sea esta por fallecimiento de aquella persona clave en el funcionamiento de dicha empresa o sociedad bajo su condici\u00f3n de socio, directivo o empleado de talento.<\/p>\n<p>El sr. Carles Pujol\u00e0, Director de Desarrollo de Vida y pensiones para Catalunya y Andorra de la compa\u00f1\u00eda Zurich, asistido por la consultora de vida de Zurich la sra. Cristina Bellido, fue el encargado de impartir esta conferencia en la Sala de Actos de la Cambra de Comer\u00e7 de Lleida, donde asistieron una veintena de colegiados.<\/p>\n","protected":false},"excerpt":{"rendered":"<p>El Col\u00b7legi de Mediadors d\u2019Assegurances de Lleida organiz\u00f3 el pasado 13 de junio una conferencia sobre las soluciones aseguradoras a la hora que las empresas&#8230; <a href=\"https:\/\/www.cmalleida.com\/es\/conferencia-y-debate-activo-durante-la-conferencia-sobre-soluciones-aseguradoras-ante-la-continuidad-o-liquidacion-de-la-empresa\/\" rel=\"nofollow\" class=\"lollegirmes\">Llegeix m\u00e9s<\/a><\/p>\n","protected":false},"author":149,"featured_media":5002,"comment_status":"closed","ping_status":"closed","sticky":false,"template":"","format":"standard","meta":{"_acf_changed":false,"_genesis_hide_title":false,"_genesis_hide_breadcrumbs":false,"_genesis_hide_singular_image":false,"_genesis_hide_footer_widgets":false,"_genesis_custom_body_class":"","_genesis_custom_post_class":"","_genesis_layout":"","footnotes":""},"categories":[91,28,60,101],"tags":[],"class_list":{"0":"post-5029","1":"post","2":"type-post","3":"status-publish","4":"format-standard","5":"has-post-thumbnail","7":"category-accion-formativa","8":"category-actualidad","9":"category-noticias-colegiales","10":"category-recortes-de-prensa","11":"entry"},"acf":[],"yoast_head":"<!-- This site is optimized with the Yoast SEO plugin v27.2 - https:\/\/yoast.com\/product\/yoast-seo-wordpress\/ -->\n<title>Conferencia y debate activo durante la conferencia sobre Soluciones aseguradoras ante la continuidad o liquidaci\u00f3n de la empresa - Col\u00b7legi de Mediadors d&#039;Assegurances de Lleida<\/title>\n<meta name=\"robots\" content=\"index, follow, max-snippet:-1, max-image-preview:large, max-video-preview:-1\" \/>\n<link rel=\"canonical\" href=\"https:\/\/www.cmalleida.com\/es\/conferencia-y-debate-activo-durante-la-conferencia-sobre-soluciones-aseguradoras-ante-la-continuidad-o-liquidacion-de-la-empresa\/\" \/>\n<meta property=\"og:locale\" content=\"es_ES\" \/>\n<meta property=\"og:type\" content=\"article\" \/>\n<meta property=\"og:title\" content=\"Conferencia y debate activo durante la conferencia sobre Soluciones aseguradoras ante la continuidad o liquidaci\u00f3n de la empresa - Col\u00b7legi de Mediadors d&#039;Assegurances de Lleida\" \/>\n<meta property=\"og:description\" content=\"El Col\u00b7legi de Mediadors d\u2019Assegurances de Lleida organiz\u00f3 el pasado 13 de junio una conferencia sobre las soluciones aseguradoras a la hora que las empresas... Llegeix m\u00e9s\" \/>\n<meta property=\"og:url\" content=\"https:\/\/www.cmalleida.com\/es\/conferencia-y-debate-activo-durante-la-conferencia-sobre-soluciones-aseguradoras-ante-la-continuidad-o-liquidacion-de-la-empresa\/\" \/>\n<meta property=\"og:site_name\" content=\"Col\u00b7legi de Mediadors d&#039;Assegurances de Lleida\" \/>\n<meta property=\"article:published_time\" content=\"2019-06-18T08:24:01+00:00\" \/>\n<meta property=\"og:image\" content=\"https:\/\/www.cmalleida.com\/wp-content\/uploads\/dsc-0009-5.jpg\" \/>\n\t<meta property=\"og:image:width\" content=\"1024\" \/>\n\t<meta property=\"og:image:height\" content=\"684\" \/>\n\t<meta property=\"og:image:type\" content=\"image\/jpeg\" \/>\n<meta name=\"author\" content=\"Antonieta Castells Dolcet\" \/>\n<meta name=\"twitter:card\" content=\"summary_large_image\" \/>\n<meta name=\"twitter:label1\" content=\"Written by\" \/>\n\t<meta name=\"twitter:data1\" content=\"Antonieta Castells Dolcet\" \/>\n\t<meta name=\"twitter:label2\" content=\"Est. reading time\" \/>\n\t<meta name=\"twitter:data2\" content=\"1 minuto\" \/>\n<script type=\"application\/ld+json\" class=\"yoast-schema-graph\">{\"@context\":\"https:\/\/schema.org\",\"@graph\":[{\"@type\":\"Article\",\"@id\":\"https:\/\/www.cmalleida.com\/es\/conferencia-y-debate-activo-durante-la-conferencia-sobre-soluciones-aseguradoras-ante-la-continuidad-o-liquidacion-de-la-empresa\/#article\",\"isPartOf\":{\"@id\":\"https:\/\/www.cmalleida.com\/es\/conferencia-y-debate-activo-durante-la-conferencia-sobre-soluciones-aseguradoras-ante-la-continuidad-o-liquidacion-de-la-empresa\/\"},\"author\":{\"name\":\"Antonieta Castells Dolcet\",\"@id\":\"https:\/\/www.cmalleida.com\/es\/#\/schema\/person\/7461453022a0d6ce41c1e530eb4443b4\"},\"headline\":\"Conferencia y debate activo durante la conferencia sobre Soluciones aseguradoras ante la continuidad o liquidaci\u00f3n de la empresa\",\"datePublished\":\"2019-06-18T08:24:01+00:00\",\"mainEntityOfPage\":{\"@id\":\"https:\/\/www.cmalleida.com\/es\/conferencia-y-debate-activo-durante-la-conferencia-sobre-soluciones-aseguradoras-ante-la-continuidad-o-liquidacion-de-la-empresa\/\"},\"wordCount\":147,\"publisher\":{\"@id\":\"https:\/\/www.cmalleida.com\/es\/#organization\"},\"image\":{\"@id\":\"https:\/\/www.cmalleida.com\/es\/conferencia-y-debate-activo-durante-la-conferencia-sobre-soluciones-aseguradoras-ante-la-continuidad-o-liquidacion-de-la-empresa\/#primaryimage\"},\"thumbnailUrl\":\"https:\/\/www.cmalleida.com\/wp-content\/uploads\/dsc-0009-5.jpg\",\"articleSection\":[\"Acci\u00f3n formativa\",\"Actualidad\",\"Noticias Colegiales\",\"Recopilaciones de Prensa\"],\"inLanguage\":\"es\"},{\"@type\":\"WebPage\",\"@id\":\"https:\/\/www.cmalleida.com\/es\/conferencia-y-debate-activo-durante-la-conferencia-sobre-soluciones-aseguradoras-ante-la-continuidad-o-liquidacion-de-la-empresa\/\",\"url\":\"https:\/\/www.cmalleida.com\/es\/conferencia-y-debate-activo-durante-la-conferencia-sobre-soluciones-aseguradoras-ante-la-continuidad-o-liquidacion-de-la-empresa\/\",\"name\":\"Conferencia y debate activo durante la conferencia sobre Soluciones aseguradoras ante la continuidad o liquidaci\u00f3n de la empresa - Col\u00b7legi de Mediadors d&#039;Assegurances de Lleida\",\"isPartOf\":{\"@id\":\"https:\/\/www.cmalleida.com\/es\/#website\"},\"primaryImageOfPage\":{\"@id\":\"https:\/\/www.cmalleida.com\/es\/conferencia-y-debate-activo-durante-la-conferencia-sobre-soluciones-aseguradoras-ante-la-continuidad-o-liquidacion-de-la-empresa\/#primaryimage\"},\"image\":{\"@id\":\"https:\/\/www.cmalleida.com\/es\/conferencia-y-debate-activo-durante-la-conferencia-sobre-soluciones-aseguradoras-ante-la-continuidad-o-liquidacion-de-la-empresa\/#primaryimage\"},\"thumbnailUrl\":\"https:\/\/www.cmalleida.com\/wp-content\/uploads\/dsc-0009-5.jpg\",\"datePublished\":\"2019-06-18T08:24:01+00:00\",\"breadcrumb\":{\"@id\":\"https:\/\/www.cmalleida.com\/es\/conferencia-y-debate-activo-durante-la-conferencia-sobre-soluciones-aseguradoras-ante-la-continuidad-o-liquidacion-de-la-empresa\/#breadcrumb\"},\"inLanguage\":\"es\",\"potentialAction\":[{\"@type\":\"ReadAction\",\"target\":[\"https:\/\/www.cmalleida.com\/es\/conferencia-y-debate-activo-durante-la-conferencia-sobre-soluciones-aseguradoras-ante-la-continuidad-o-liquidacion-de-la-empresa\/\"]}]},{\"@type\":\"ImageObject\",\"inLanguage\":\"es\",\"@id\":\"https:\/\/www.cmalleida.com\/es\/conferencia-y-debate-activo-durante-la-conferencia-sobre-soluciones-aseguradoras-ante-la-continuidad-o-liquidacion-de-la-empresa\/#primaryimage\",\"url\":\"https:\/\/www.cmalleida.com\/wp-content\/uploads\/dsc-0009-5.jpg\",\"contentUrl\":\"https:\/\/www.cmalleida.com\/wp-content\/uploads\/dsc-0009-5.jpg\",\"width\":1024,\"height\":684,\"caption\":\"DSC_0009\"},{\"@type\":\"BreadcrumbList\",\"@id\":\"https:\/\/www.cmalleida.com\/es\/conferencia-y-debate-activo-durante-la-conferencia-sobre-soluciones-aseguradoras-ante-la-continuidad-o-liquidacion-de-la-empresa\/#breadcrumb\",\"itemListElement\":[{\"@type\":\"ListItem\",\"position\":1,\"name\":\"Inici\",\"item\":\"https:\/\/www.cmalleida.com\/es\/\"},{\"@type\":\"ListItem\",\"position\":2,\"name\":\"Conferencia y debate activo durante la conferencia sobre Soluciones aseguradoras ante la continuidad o liquidaci\u00f3n de la empresa\"}]},{\"@type\":\"WebSite\",\"@id\":\"https:\/\/www.cmalleida.com\/es\/#website\",\"url\":\"https:\/\/www.cmalleida.com\/es\/\",\"name\":\"Col\u00b7legi de Mediadors d&#039;Assegurances de Lleida\",\"description\":\"Otro sitio realizado con WordPress\",\"publisher\":{\"@id\":\"https:\/\/www.cmalleida.com\/es\/#organization\"},\"potentialAction\":[{\"@type\":\"SearchAction\",\"target\":{\"@type\":\"EntryPoint\",\"urlTemplate\":\"https:\/\/www.cmalleida.com\/es\/?s={search_term_string}\"},\"query-input\":{\"@type\":\"PropertyValueSpecification\",\"valueRequired\":true,\"valueName\":\"search_term_string\"}}],\"inLanguage\":\"es\"},{\"@type\":\"Organization\",\"@id\":\"https:\/\/www.cmalleida.com\/es\/#organization\",\"name\":\"Col\u00b7legi de Mediadors d'Assegurances de Lleida\",\"url\":\"https:\/\/www.cmalleida.com\/es\/\",\"logo\":{\"@type\":\"ImageObject\",\"inLanguage\":\"es\",\"@id\":\"https:\/\/www.cmalleida.com\/es\/#\/schema\/logo\/image\/\",\"url\":\"\",\"contentUrl\":\"\",\"caption\":\"Col\u00b7legi de Mediadors d'Assegurances de Lleida\"},\"image\":{\"@id\":\"https:\/\/www.cmalleida.com\/es\/#\/schema\/logo\/image\/\"}},{\"@type\":\"Person\",\"@id\":\"https:\/\/www.cmalleida.com\/es\/#\/schema\/person\/7461453022a0d6ce41c1e530eb4443b4\",\"name\":\"Antonieta Castells Dolcet\",\"image\":{\"@type\":\"ImageObject\",\"inLanguage\":\"es\",\"@id\":\"https:\/\/secure.gravatar.com\/avatar\/7738df9a8ff2d12e8b37d088ff0e3e36016e57ab29e5db27ba4fb758a81ea3cb?s=96&d=mm&r=g\",\"url\":\"https:\/\/secure.gravatar.com\/avatar\/7738df9a8ff2d12e8b37d088ff0e3e36016e57ab29e5db27ba4fb758a81ea3cb?s=96&d=mm&r=g\",\"contentUrl\":\"https:\/\/secure.gravatar.com\/avatar\/7738df9a8ff2d12e8b37d088ff0e3e36016e57ab29e5db27ba4fb758a81ea3cb?s=96&d=mm&r=g\",\"caption\":\"Antonieta Castells Dolcet\"},\"sameAs\":[\"http:\/\/www.cmalleida.com\"]}]}<\/script>\n<!-- \/ Yoast SEO plugin. -->","yoast_head_json":{"title":"Conferencia y debate activo durante la conferencia sobre Soluciones aseguradoras ante la continuidad o liquidaci\u00f3n de la empresa - Col\u00b7legi de Mediadors d&#039;Assegurances de Lleida","robots":{"index":"index","follow":"follow","max-snippet":"max-snippet:-1","max-image-preview":"max-image-preview:large","max-video-preview":"max-video-preview:-1"},"canonical":"https:\/\/www.cmalleida.com\/es\/conferencia-y-debate-activo-durante-la-conferencia-sobre-soluciones-aseguradoras-ante-la-continuidad-o-liquidacion-de-la-empresa\/","og_locale":"es_ES","og_type":"article","og_title":"Conferencia y debate activo durante la conferencia sobre Soluciones aseguradoras ante la continuidad o liquidaci\u00f3n de la empresa - Col\u00b7legi de Mediadors d&#039;Assegurances de Lleida","og_description":"El Col\u00b7legi de Mediadors d\u2019Assegurances de Lleida organiz\u00f3 el pasado 13 de junio una conferencia sobre las soluciones aseguradoras a la hora que las empresas... Llegeix m\u00e9s","og_url":"https:\/\/www.cmalleida.com\/es\/conferencia-y-debate-activo-durante-la-conferencia-sobre-soluciones-aseguradoras-ante-la-continuidad-o-liquidacion-de-la-empresa\/","og_site_name":"Col\u00b7legi de Mediadors d&#039;Assegurances de Lleida","article_published_time":"2019-06-18T08:24:01+00:00","og_image":[{"width":1024,"height":684,"url":"https:\/\/www.cmalleida.com\/wp-content\/uploads\/dsc-0009-5.jpg","type":"image\/jpeg"}],"author":"Antonieta Castells Dolcet","twitter_card":"summary_large_image","twitter_misc":{"Written by":"Antonieta Castells Dolcet","Est. reading time":"1 minuto"},"schema":{"@context":"https:\/\/schema.org","@graph":[{"@type":"Article","@id":"https:\/\/www.cmalleida.com\/es\/conferencia-y-debate-activo-durante-la-conferencia-sobre-soluciones-aseguradoras-ante-la-continuidad-o-liquidacion-de-la-empresa\/#article","isPartOf":{"@id":"https:\/\/www.cmalleida.com\/es\/conferencia-y-debate-activo-durante-la-conferencia-sobre-soluciones-aseguradoras-ante-la-continuidad-o-liquidacion-de-la-empresa\/"},"author":{"name":"Antonieta Castells Dolcet","@id":"https:\/\/www.cmalleida.com\/es\/#\/schema\/person\/7461453022a0d6ce41c1e530eb4443b4"},"headline":"Conferencia y debate activo durante la conferencia sobre Soluciones aseguradoras ante la continuidad o liquidaci\u00f3n de la empresa","datePublished":"2019-06-18T08:24:01+00:00","mainEntityOfPage":{"@id":"https:\/\/www.cmalleida.com\/es\/conferencia-y-debate-activo-durante-la-conferencia-sobre-soluciones-aseguradoras-ante-la-continuidad-o-liquidacion-de-la-empresa\/"},"wordCount":147,"publisher":{"@id":"https:\/\/www.cmalleida.com\/es\/#organization"},"image":{"@id":"https:\/\/www.cmalleida.com\/es\/conferencia-y-debate-activo-durante-la-conferencia-sobre-soluciones-aseguradoras-ante-la-continuidad-o-liquidacion-de-la-empresa\/#primaryimage"},"thumbnailUrl":"https:\/\/www.cmalleida.com\/wp-content\/uploads\/dsc-0009-5.jpg","articleSection":["Acci\u00f3n formativa","Actualidad","Noticias Colegiales","Recopilaciones de Prensa"],"inLanguage":"es"},{"@type":"WebPage","@id":"https:\/\/www.cmalleida.com\/es\/conferencia-y-debate-activo-durante-la-conferencia-sobre-soluciones-aseguradoras-ante-la-continuidad-o-liquidacion-de-la-empresa\/","url":"https:\/\/www.cmalleida.com\/es\/conferencia-y-debate-activo-durante-la-conferencia-sobre-soluciones-aseguradoras-ante-la-continuidad-o-liquidacion-de-la-empresa\/","name":"Conferencia y debate activo durante la conferencia sobre Soluciones aseguradoras ante la continuidad o liquidaci\u00f3n de la empresa - Col\u00b7legi de Mediadors d&#039;Assegurances de Lleida","isPartOf":{"@id":"https:\/\/www.cmalleida.com\/es\/#website"},"primaryImageOfPage":{"@id":"https:\/\/www.cmalleida.com\/es\/conferencia-y-debate-activo-durante-la-conferencia-sobre-soluciones-aseguradoras-ante-la-continuidad-o-liquidacion-de-la-empresa\/#primaryimage"},"image":{"@id":"https:\/\/www.cmalleida.com\/es\/conferencia-y-debate-activo-durante-la-conferencia-sobre-soluciones-aseguradoras-ante-la-continuidad-o-liquidacion-de-la-empresa\/#primaryimage"},"thumbnailUrl":"https:\/\/www.cmalleida.com\/wp-content\/uploads\/dsc-0009-5.jpg","datePublished":"2019-06-18T08:24:01+00:00","breadcrumb":{"@id":"https:\/\/www.cmalleida.com\/es\/conferencia-y-debate-activo-durante-la-conferencia-sobre-soluciones-aseguradoras-ante-la-continuidad-o-liquidacion-de-la-empresa\/#breadcrumb"},"inLanguage":"es","potentialAction":[{"@type":"ReadAction","target":["https:\/\/www.cmalleida.com\/es\/conferencia-y-debate-activo-durante-la-conferencia-sobre-soluciones-aseguradoras-ante-la-continuidad-o-liquidacion-de-la-empresa\/"]}]},{"@type":"ImageObject","inLanguage":"es","@id":"https:\/\/www.cmalleida.com\/es\/conferencia-y-debate-activo-durante-la-conferencia-sobre-soluciones-aseguradoras-ante-la-continuidad-o-liquidacion-de-la-empresa\/#primaryimage","url":"https:\/\/www.cmalleida.com\/wp-content\/uploads\/dsc-0009-5.jpg","contentUrl":"https:\/\/www.cmalleida.com\/wp-content\/uploads\/dsc-0009-5.jpg","width":1024,"height":684,"caption":"DSC_0009"},{"@type":"BreadcrumbList","@id":"https:\/\/www.cmalleida.com\/es\/conferencia-y-debate-activo-durante-la-conferencia-sobre-soluciones-aseguradoras-ante-la-continuidad-o-liquidacion-de-la-empresa\/#breadcrumb","itemListElement":[{"@type":"ListItem","position":1,"name":"Inici","item":"https:\/\/www.cmalleida.com\/es\/"},{"@type":"ListItem","position":2,"name":"Conferencia y debate activo durante la conferencia sobre Soluciones aseguradoras ante la continuidad o liquidaci\u00f3n de la empresa"}]},{"@type":"WebSite","@id":"https:\/\/www.cmalleida.com\/es\/#website","url":"https:\/\/www.cmalleida.com\/es\/","name":"Col\u00b7legi de Mediadors d&#039;Assegurances de Lleida","description":"Otro sitio realizado con WordPress","publisher":{"@id":"https:\/\/www.cmalleida.com\/es\/#organization"},"potentialAction":[{"@type":"SearchAction","target":{"@type":"EntryPoint","urlTemplate":"https:\/\/www.cmalleida.com\/es\/?s={search_term_string}"},"query-input":{"@type":"PropertyValueSpecification","valueRequired":true,"valueName":"search_term_string"}}],"inLanguage":"es"},{"@type":"Organization","@id":"https:\/\/www.cmalleida.com\/es\/#organization","name":"Col\u00b7legi de Mediadors d'Assegurances de Lleida","url":"https:\/\/www.cmalleida.com\/es\/","logo":{"@type":"ImageObject","inLanguage":"es","@id":"https:\/\/www.cmalleida.com\/es\/#\/schema\/logo\/image\/","url":"","contentUrl":"","caption":"Col\u00b7legi de Mediadors d'Assegurances de Lleida"},"image":{"@id":"https:\/\/www.cmalleida.com\/es\/#\/schema\/logo\/image\/"}},{"@type":"Person","@id":"https:\/\/www.cmalleida.com\/es\/#\/schema\/person\/7461453022a0d6ce41c1e530eb4443b4","name":"Antonieta Castells Dolcet","image":{"@type":"ImageObject","inLanguage":"es","@id":"https:\/\/secure.gravatar.com\/avatar\/7738df9a8ff2d12e8b37d088ff0e3e36016e57ab29e5db27ba4fb758a81ea3cb?s=96&d=mm&r=g","url":"https:\/\/secure.gravatar.com\/avatar\/7738df9a8ff2d12e8b37d088ff0e3e36016e57ab29e5db27ba4fb758a81ea3cb?s=96&d=mm&r=g","contentUrl":"https:\/\/secure.gravatar.com\/avatar\/7738df9a8ff2d12e8b37d088ff0e3e36016e57ab29e5db27ba4fb758a81ea3cb?s=96&d=mm&r=g","caption":"Antonieta Castells Dolcet"},"sameAs":["http:\/\/www.cmalleida.com"]}]}},"_links":{"self":[{"href":"https:\/\/www.cmalleida.com\/es\/wp-json\/wp\/v2\/posts\/5029","targetHints":{"allow":["GET"]}}],"collection":[{"href":"https:\/\/www.cmalleida.com\/es\/wp-json\/wp\/v2\/posts"}],"about":[{"href":"https:\/\/www.cmalleida.com\/es\/wp-json\/wp\/v2\/types\/post"}],"author":[{"embeddable":true,"href":"https:\/\/www.cmalleida.com\/es\/wp-json\/wp\/v2\/users\/149"}],"replies":[{"embeddable":true,"href":"https:\/\/www.cmalleida.com\/es\/wp-json\/wp\/v2\/comments?post=5029"}],"version-history":[{"count":1,"href":"https:\/\/www.cmalleida.com\/es\/wp-json\/wp\/v2\/posts\/5029\/revisions"}],"predecessor-version":[{"id":5030,"href":"https:\/\/www.cmalleida.com\/es\/wp-json\/wp\/v2\/posts\/5029\/revisions\/5030"}],"wp:featuredmedia":[{"embeddable":true,"href":"https:\/\/www.cmalleida.com\/es\/wp-json\/wp\/v2\/media\/5002"}],"wp:attachment":[{"href":"https:\/\/www.cmalleida.com\/es\/wp-json\/wp\/v2\/media?parent=5029"}],"wp:term":[{"taxonomy":"category","embeddable":true,"href":"https:\/\/www.cmalleida.com\/es\/wp-json\/wp\/v2\/categories?post=5029"},{"taxonomy":"post_tag","embeddable":true,"href":"https:\/\/www.cmalleida.com\/es\/wp-json\/wp\/v2\/tags?post=5029"}],"curies":[{"name":"wp","href":"https:\/\/api.w.org\/{rel}","templated":true}]}}