{"id":5013,"date":"2019-06-14T09:37:33","date_gmt":"2019-06-14T07:37:33","guid":{"rendered":"https:\/\/www.cmalleida.com\/?p=5013"},"modified":"2019-06-14T09:37:33","modified_gmt":"2019-06-14T07:37:33","slug":"y-si-mi-coche-se-quema-la-vanguardia","status":"publish","type":"post","link":"https:\/\/www.cmalleida.com\/es\/y-si-mi-coche-se-quema-la-vanguardia\/","title":{"rendered":"\u00bfY si mi coche se quema? (La Vanguardia)"},"content":{"rendered":"<p><em>La garant\u00eda de incendio, que no es obligatoria, es la que proporciona cobertura en caso de fuego en el veh\u00edculo<\/em><\/p>\n<p>Joan Morales 11\/06\/2019 08:25 Actualizado a 11\/06\/2019 09:27<\/p>\n<p>El pasado 1 de junio, 30 motos y 8 coches se quemaron en el aparcamiento de la terminal 2 del aeropuerto de Barcelona. No es una noticia que se d\u00e9 con frecuencia y, precisamente por ello, es l\u00f3gico que surja la inquietud en el propietario de un veh\u00edculo: \u00bfy si me ocurre a m\u00ed? \u00bfQu\u00e9 pasa si un d\u00eda de estos al ir a por mi coche me encuentro con que un incendio lo ha dejado convertido en un irreconocible amasijo de materiales ennegrecidos?<\/p>\n<p><strong>\u00bfLo cubre el seguro?<\/strong><\/p>\n<p>La respuesta es s\u00ed, siempre que hayamos contratado la garant\u00eda de incendio. Efectivamente los aseguradores ofrecen la posibilidad de ampliar las garant\u00edas b\u00e1sicas de los seguros de autom\u00f3viles (que suelen consistir en responsabilidad civil de contrataci\u00f3n obligatoria y voluntaria, rotura de lunas, asistencia en viaje, accidentes del conductor) con la contrataci\u00f3n de otras garant\u00edas como las de incendio, robo, da\u00f1os propios al veh\u00edculo y otras.<\/p>\n<p><strong>\u00bfEs necesario contratar el \u201ctodo riesgo\u201d?<\/strong><\/p>\n<p>En absoluto. Como acabamos de apuntar, las coberturas de robo y de incendio son garant\u00edas que pueden contratarse sin necesidad de contratar la cobertura de \u201cda\u00f1os propios al veh\u00edculo\u201d. Esta es una posibilidad de aseguramiento que debe tenerse en consideraci\u00f3n, especialmente cuando nuestro veh\u00edculo empieza a tener unos a\u00f1os.<\/p>\n<p>Se trata de una modalidad que encontraremos en muchos aseguradores, que ofertan un producto intermedio entre el paquete m\u00e1s b\u00e1sico de coberturas y el producto de seguro m\u00e1s completo. Las denominaciones comerciales son muy variadas, pero este producto intermedio suele incorporar las mencionadas garant\u00edas de robo e incendio, acompa\u00f1adas de otras como el impacto con animales.<\/p>\n<p>Se aseguran tanto los da\u00f1os parciales como la destrucci\u00f3n total del veh\u00edculo<\/p>\n<p>El fuego es muy destructivo, Pero en ocasiones el veh\u00edculo da\u00f1ado por un incendio lo es solo parcialmente, no produci\u00e9ndose la p\u00e9rdida total del veh\u00edculo, de modo que su reparaci\u00f3n no supera el 75% del valor venal del mismo. En este caso el asegurador abonar\u00e1 los costes de reparaci\u00f3n.<\/p>\n<p>Lo mismo ocurre en la cobertura de robo del veh\u00edculo respecto de los da\u00f1os que pueda presentar un veh\u00edculo al ser recuperado despu\u00e9s de haber sido sustra\u00eddo. Los costes de reparaci\u00f3n de los da\u00f1os por robo, intento de robo o causados durante su sustracci\u00f3n, tambi\u00e9n est\u00e1n asegurados aunque no supongan su desaparici\u00f3n o destrucci\u00f3n total.<\/p>\n<p><strong>\u00bfY las motocicletas?<\/strong><\/p>\n<p>Pese a lo que todav\u00eda piensan algunos consumidores, en la actualidad no es dif\u00edcil encontrar ofertas aseguradoras para motocicletas que incluyan las coberturas de incendio y de robo. Suele ser con franquicia: es recomendable revisar este aspecto, puesto que su importe o la posibilidad de escoger entre varios importes var\u00eda bastante entre los aseguradores que ofrecen este tipo de aseguramiento para motocicletas.<\/p>\n<p><strong>\u00bfA qui\u00e9n reclamar?<\/strong><\/p>\n<p>Esta es la pregunta que se plantear\u00e1 nuestro asegurador o nos plantearemos nosotros mismos en caso de no tener el veh\u00edculo asegurado de incendios.<\/p>\n<p>En ocasiones es f\u00e1cil determinar la causa inicial e identificar a la persona responsable. En otras resulta mucho m\u00e1s complicado:<\/p>\n<p>&#8211; Puede tratarse de un incendio iniciado fortuitamente en otro veh\u00edculo estacionado cerca del nuestro que ha resultado alcanzado por las llamas. El veh\u00edculo en el que se inici\u00f3 el incendio deber\u00e1 contar con un seguro de responsabilidad civil que cubra estas circunstancias.<\/p>\n<p>&#8211; No olvidemos que tambi\u00e9n puede ser nuestro veh\u00edculo el que inicie el incendio. En este caso, ser\u00e1 nuestro seguro de responsabilidad civil el que responder\u00e1 de los da\u00f1os que causemos a otros veh\u00edculos estacionados junto al nuestro. Pero nuestros da\u00f1os solo estar\u00e1n asegurados si contamos con una cobertura de incendios.<\/p>\n<p>&#8211; El incendio puede tener su origen en otra fuente distinta a un veh\u00edculo (un edificio, por ejemplo). Se tratar\u00e1 de localizar al propietario del bien en el que se inici\u00f3 el incendio y presentar la reclamaci\u00f3n que corresponda.<\/p>\n<p>&#8211; Puede tratarse de un acto vand\u00e1lico. En este caso, si no gozamos de seguro de incendios, las esperanzas de ser indemnizados se reducen en alto grado. En primer lugar ser\u00e1 necesario que se identifique al responsable y en segundo lugar, que el personaje cuente con patrimonio suficiente para responder de los da\u00f1os causados.<\/p>\n<p>&#8211; Si el veh\u00edculo est\u00e1 aparcado en un estacionamiento p\u00fablico con explotaci\u00f3n mercantil en el que se abona un precio para disfrutar de derecho a aparcamiento. En este caso existe un deber de custodia, que genera una responsabilidad del explotador del negocio de restituir el veh\u00edculo en el estado que le fue entregado con sus accesorios fijos (Art\u00edculo 3 de la Ley 40\/2002, de 14 de noviembre, reguladora del contrato de aparcamiento de veh\u00edculos).<\/p>\n<p>&#8211; Hay que tener presente que este deber de custodia no existir\u00e1 en aparcamientos como los de las comunidades de propietarios, viviendas particulares o los cedidos gratuitamente por las superficies comerciales, salvo que el incendio se originara en las propias instalaciones.<\/p>\n<p>-Tampoco existir\u00e1 deber de custodia en los estacionamientos de la v\u00eda p\u00fablica en los que debe abonarse una tasa para disfrutar del mismo (zona azul, verde, etc.).<\/p>\n<p>La conclusi\u00f3n se muestra evidente: si tenemos el veh\u00edculo asegurado de incendios, nos ahorraremos bastantes complicaciones y seremos indemnizados con prontitud. Consultemos con nuestro mediador de seguros, que nos presentar\u00e1 la soluci\u00f3n m\u00e1s adecuada a nuestra situaci\u00f3n personal.<\/p>\n<p>&nbsp;<\/p>\n","protected":false},"excerpt":{"rendered":"<p>La garant\u00eda de incendio, que no es obligatoria, es la que proporciona cobertura en caso de fuego en el veh\u00edculo Joan Morales 11\/06\/2019 08:25 Actualizado&#8230; <a href=\"https:\/\/www.cmalleida.com\/es\/y-si-mi-coche-se-quema-la-vanguardia\/\" rel=\"nofollow\" class=\"lollegirmes\">Llegeix m\u00e9s<\/a><\/p>\n","protected":false},"author":149,"featured_media":1869,"comment_status":"closed","ping_status":"closed","sticky":false,"template":"","format":"standard","meta":{"_acf_changed":false,"_genesis_hide_title":false,"_genesis_hide_breadcrumbs":false,"_genesis_hide_singular_image":false,"_genesis_hide_footer_widgets":false,"_genesis_custom_body_class":"","_genesis_custom_post_class":"","_genesis_layout":"","footnotes":""},"categories":[28,62],"tags":[],"class_list":{"0":"post-5013","1":"post","2":"type-post","3":"status-publish","4":"format-standard","5":"has-post-thumbnail","7":"category-actualidad","8":"category-sinistres-es","9":"entry"},"acf":[],"yoast_head":"<!-- This site is optimized with the Yoast SEO plugin v27.2 - https:\/\/yoast.com\/product\/yoast-seo-wordpress\/ -->\n<title>\u00bfY si mi coche se quema? (La Vanguardia) - Col\u00b7legi de Mediadors d&#039;Assegurances de Lleida<\/title>\n<meta name=\"robots\" content=\"index, follow, max-snippet:-1, max-image-preview:large, max-video-preview:-1\" \/>\n<link rel=\"canonical\" href=\"https:\/\/www.cmalleida.com\/es\/y-si-mi-coche-se-quema-la-vanguardia\/\" \/>\n<meta property=\"og:locale\" content=\"es_ES\" \/>\n<meta property=\"og:type\" content=\"article\" \/>\n<meta property=\"og:title\" content=\"\u00bfY si mi coche se quema? (La Vanguardia) - Col\u00b7legi de Mediadors d&#039;Assegurances de Lleida\" \/>\n<meta property=\"og:description\" content=\"La garant\u00eda de incendio, que no es obligatoria, es la que proporciona cobertura en caso de fuego en el veh\u00edculo Joan Morales 11\/06\/2019 08:25 Actualizado... Llegeix m\u00e9s\" \/>\n<meta property=\"og:url\" content=\"https:\/\/www.cmalleida.com\/es\/y-si-mi-coche-se-quema-la-vanguardia\/\" \/>\n<meta property=\"og:site_name\" content=\"Col\u00b7legi de Mediadors d&#039;Assegurances de Lleida\" \/>\n<meta property=\"article:published_time\" content=\"2019-06-14T07:37:33+00:00\" \/>\n<meta property=\"og:image\" content=\"https:\/\/www.cmalleida.com\/wp-content\/uploads\/cmall-lleida-actualitat-car762.jpg\" \/>\n\t<meta property=\"og:image:width\" content=\"762\" \/>\n\t<meta property=\"og:image:height\" content=\"762\" \/>\n\t<meta property=\"og:image:type\" content=\"image\/jpeg\" \/>\n<meta name=\"author\" content=\"Antonieta Castells Dolcet\" \/>\n<meta name=\"twitter:card\" content=\"summary_large_image\" \/>\n<meta name=\"twitter:label1\" content=\"Written by\" \/>\n\t<meta name=\"twitter:data1\" content=\"Antonieta Castells Dolcet\" \/>\n\t<meta name=\"twitter:label2\" content=\"Est. reading time\" \/>\n\t<meta name=\"twitter:data2\" content=\"5 minutos\" \/>\n<script type=\"application\/ld+json\" class=\"yoast-schema-graph\">{\"@context\":\"https:\/\/schema.org\",\"@graph\":[{\"@type\":\"Article\",\"@id\":\"https:\/\/www.cmalleida.com\/es\/y-si-mi-coche-se-quema-la-vanguardia\/#article\",\"isPartOf\":{\"@id\":\"https:\/\/www.cmalleida.com\/es\/y-si-mi-coche-se-quema-la-vanguardia\/\"},\"author\":{\"name\":\"Antonieta Castells Dolcet\",\"@id\":\"https:\/\/www.cmalleida.com\/es\/#\/schema\/person\/7461453022a0d6ce41c1e530eb4443b4\"},\"headline\":\"\u00bfY si mi coche se quema? (La Vanguardia)\",\"datePublished\":\"2019-06-14T07:37:33+00:00\",\"mainEntityOfPage\":{\"@id\":\"https:\/\/www.cmalleida.com\/es\/y-si-mi-coche-se-quema-la-vanguardia\/\"},\"wordCount\":963,\"publisher\":{\"@id\":\"https:\/\/www.cmalleida.com\/es\/#organization\"},\"image\":{\"@id\":\"https:\/\/www.cmalleida.com\/es\/y-si-mi-coche-se-quema-la-vanguardia\/#primaryimage\"},\"thumbnailUrl\":\"https:\/\/www.cmalleida.com\/wp-content\/uploads\/cmall-lleida-actualitat-car762.jpg\",\"articleSection\":[\"Actualidad\",\"Sinistres\"],\"inLanguage\":\"es\"},{\"@type\":\"WebPage\",\"@id\":\"https:\/\/www.cmalleida.com\/es\/y-si-mi-coche-se-quema-la-vanguardia\/\",\"url\":\"https:\/\/www.cmalleida.com\/es\/y-si-mi-coche-se-quema-la-vanguardia\/\",\"name\":\"\u00bfY si mi coche se quema? (La Vanguardia) - Col\u00b7legi de Mediadors d&#039;Assegurances de Lleida\",\"isPartOf\":{\"@id\":\"https:\/\/www.cmalleida.com\/es\/#website\"},\"primaryImageOfPage\":{\"@id\":\"https:\/\/www.cmalleida.com\/es\/y-si-mi-coche-se-quema-la-vanguardia\/#primaryimage\"},\"image\":{\"@id\":\"https:\/\/www.cmalleida.com\/es\/y-si-mi-coche-se-quema-la-vanguardia\/#primaryimage\"},\"thumbnailUrl\":\"https:\/\/www.cmalleida.com\/wp-content\/uploads\/cmall-lleida-actualitat-car762.jpg\",\"datePublished\":\"2019-06-14T07:37:33+00:00\",\"breadcrumb\":{\"@id\":\"https:\/\/www.cmalleida.com\/es\/y-si-mi-coche-se-quema-la-vanguardia\/#breadcrumb\"},\"inLanguage\":\"es\",\"potentialAction\":[{\"@type\":\"ReadAction\",\"target\":[\"https:\/\/www.cmalleida.com\/es\/y-si-mi-coche-se-quema-la-vanguardia\/\"]}]},{\"@type\":\"ImageObject\",\"inLanguage\":\"es\",\"@id\":\"https:\/\/www.cmalleida.com\/es\/y-si-mi-coche-se-quema-la-vanguardia\/#primaryimage\",\"url\":\"https:\/\/www.cmalleida.com\/wp-content\/uploads\/cmall-lleida-actualitat-car762.jpg\",\"contentUrl\":\"https:\/\/www.cmalleida.com\/wp-content\/uploads\/cmall-lleida-actualitat-car762.jpg\",\"width\":762,\"height\":762,\"caption\":\"cmall-lleida-actualitat-CAR762\"},{\"@type\":\"BreadcrumbList\",\"@id\":\"https:\/\/www.cmalleida.com\/es\/y-si-mi-coche-se-quema-la-vanguardia\/#breadcrumb\",\"itemListElement\":[{\"@type\":\"ListItem\",\"position\":1,\"name\":\"Inici\",\"item\":\"https:\/\/www.cmalleida.com\/es\/\"},{\"@type\":\"ListItem\",\"position\":2,\"name\":\"\u00bfY si mi coche se quema? (La Vanguardia)\"}]},{\"@type\":\"WebSite\",\"@id\":\"https:\/\/www.cmalleida.com\/es\/#website\",\"url\":\"https:\/\/www.cmalleida.com\/es\/\",\"name\":\"Col\u00b7legi de Mediadors d&#039;Assegurances de Lleida\",\"description\":\"Otro sitio realizado con WordPress\",\"publisher\":{\"@id\":\"https:\/\/www.cmalleida.com\/es\/#organization\"},\"potentialAction\":[{\"@type\":\"SearchAction\",\"target\":{\"@type\":\"EntryPoint\",\"urlTemplate\":\"https:\/\/www.cmalleida.com\/es\/?s={search_term_string}\"},\"query-input\":{\"@type\":\"PropertyValueSpecification\",\"valueRequired\":true,\"valueName\":\"search_term_string\"}}],\"inLanguage\":\"es\"},{\"@type\":\"Organization\",\"@id\":\"https:\/\/www.cmalleida.com\/es\/#organization\",\"name\":\"Col\u00b7legi de Mediadors d'Assegurances de Lleida\",\"url\":\"https:\/\/www.cmalleida.com\/es\/\",\"logo\":{\"@type\":\"ImageObject\",\"inLanguage\":\"es\",\"@id\":\"https:\/\/www.cmalleida.com\/es\/#\/schema\/logo\/image\/\",\"url\":\"\",\"contentUrl\":\"\",\"caption\":\"Col\u00b7legi de Mediadors d'Assegurances de Lleida\"},\"image\":{\"@id\":\"https:\/\/www.cmalleida.com\/es\/#\/schema\/logo\/image\/\"}},{\"@type\":\"Person\",\"@id\":\"https:\/\/www.cmalleida.com\/es\/#\/schema\/person\/7461453022a0d6ce41c1e530eb4443b4\",\"name\":\"Antonieta Castells Dolcet\",\"image\":{\"@type\":\"ImageObject\",\"inLanguage\":\"es\",\"@id\":\"https:\/\/secure.gravatar.com\/avatar\/7738df9a8ff2d12e8b37d088ff0e3e36016e57ab29e5db27ba4fb758a81ea3cb?s=96&d=mm&r=g\",\"url\":\"https:\/\/secure.gravatar.com\/avatar\/7738df9a8ff2d12e8b37d088ff0e3e36016e57ab29e5db27ba4fb758a81ea3cb?s=96&d=mm&r=g\",\"contentUrl\":\"https:\/\/secure.gravatar.com\/avatar\/7738df9a8ff2d12e8b37d088ff0e3e36016e57ab29e5db27ba4fb758a81ea3cb?s=96&d=mm&r=g\",\"caption\":\"Antonieta Castells Dolcet\"},\"sameAs\":[\"http:\/\/www.cmalleida.com\"]}]}<\/script>\n<!-- \/ Yoast SEO plugin. -->","yoast_head_json":{"title":"\u00bfY si mi coche se quema? (La Vanguardia) - Col\u00b7legi de Mediadors d&#039;Assegurances de Lleida","robots":{"index":"index","follow":"follow","max-snippet":"max-snippet:-1","max-image-preview":"max-image-preview:large","max-video-preview":"max-video-preview:-1"},"canonical":"https:\/\/www.cmalleida.com\/es\/y-si-mi-coche-se-quema-la-vanguardia\/","og_locale":"es_ES","og_type":"article","og_title":"\u00bfY si mi coche se quema? (La Vanguardia) - Col\u00b7legi de Mediadors d&#039;Assegurances de Lleida","og_description":"La garant\u00eda de incendio, que no es obligatoria, es la que proporciona cobertura en caso de fuego en el veh\u00edculo Joan Morales 11\/06\/2019 08:25 Actualizado... Llegeix m\u00e9s","og_url":"https:\/\/www.cmalleida.com\/es\/y-si-mi-coche-se-quema-la-vanguardia\/","og_site_name":"Col\u00b7legi de Mediadors d&#039;Assegurances de Lleida","article_published_time":"2019-06-14T07:37:33+00:00","og_image":[{"width":762,"height":762,"url":"https:\/\/www.cmalleida.com\/wp-content\/uploads\/cmall-lleida-actualitat-car762.jpg","type":"image\/jpeg"}],"author":"Antonieta Castells Dolcet","twitter_card":"summary_large_image","twitter_misc":{"Written by":"Antonieta Castells Dolcet","Est. reading time":"5 minutos"},"schema":{"@context":"https:\/\/schema.org","@graph":[{"@type":"Article","@id":"https:\/\/www.cmalleida.com\/es\/y-si-mi-coche-se-quema-la-vanguardia\/#article","isPartOf":{"@id":"https:\/\/www.cmalleida.com\/es\/y-si-mi-coche-se-quema-la-vanguardia\/"},"author":{"name":"Antonieta Castells Dolcet","@id":"https:\/\/www.cmalleida.com\/es\/#\/schema\/person\/7461453022a0d6ce41c1e530eb4443b4"},"headline":"\u00bfY si mi coche se quema? (La Vanguardia)","datePublished":"2019-06-14T07:37:33+00:00","mainEntityOfPage":{"@id":"https:\/\/www.cmalleida.com\/es\/y-si-mi-coche-se-quema-la-vanguardia\/"},"wordCount":963,"publisher":{"@id":"https:\/\/www.cmalleida.com\/es\/#organization"},"image":{"@id":"https:\/\/www.cmalleida.com\/es\/y-si-mi-coche-se-quema-la-vanguardia\/#primaryimage"},"thumbnailUrl":"https:\/\/www.cmalleida.com\/wp-content\/uploads\/cmall-lleida-actualitat-car762.jpg","articleSection":["Actualidad","Sinistres"],"inLanguage":"es"},{"@type":"WebPage","@id":"https:\/\/www.cmalleida.com\/es\/y-si-mi-coche-se-quema-la-vanguardia\/","url":"https:\/\/www.cmalleida.com\/es\/y-si-mi-coche-se-quema-la-vanguardia\/","name":"\u00bfY si mi coche se quema? (La Vanguardia) - Col\u00b7legi de Mediadors d&#039;Assegurances de Lleida","isPartOf":{"@id":"https:\/\/www.cmalleida.com\/es\/#website"},"primaryImageOfPage":{"@id":"https:\/\/www.cmalleida.com\/es\/y-si-mi-coche-se-quema-la-vanguardia\/#primaryimage"},"image":{"@id":"https:\/\/www.cmalleida.com\/es\/y-si-mi-coche-se-quema-la-vanguardia\/#primaryimage"},"thumbnailUrl":"https:\/\/www.cmalleida.com\/wp-content\/uploads\/cmall-lleida-actualitat-car762.jpg","datePublished":"2019-06-14T07:37:33+00:00","breadcrumb":{"@id":"https:\/\/www.cmalleida.com\/es\/y-si-mi-coche-se-quema-la-vanguardia\/#breadcrumb"},"inLanguage":"es","potentialAction":[{"@type":"ReadAction","target":["https:\/\/www.cmalleida.com\/es\/y-si-mi-coche-se-quema-la-vanguardia\/"]}]},{"@type":"ImageObject","inLanguage":"es","@id":"https:\/\/www.cmalleida.com\/es\/y-si-mi-coche-se-quema-la-vanguardia\/#primaryimage","url":"https:\/\/www.cmalleida.com\/wp-content\/uploads\/cmall-lleida-actualitat-car762.jpg","contentUrl":"https:\/\/www.cmalleida.com\/wp-content\/uploads\/cmall-lleida-actualitat-car762.jpg","width":762,"height":762,"caption":"cmall-lleida-actualitat-CAR762"},{"@type":"BreadcrumbList","@id":"https:\/\/www.cmalleida.com\/es\/y-si-mi-coche-se-quema-la-vanguardia\/#breadcrumb","itemListElement":[{"@type":"ListItem","position":1,"name":"Inici","item":"https:\/\/www.cmalleida.com\/es\/"},{"@type":"ListItem","position":2,"name":"\u00bfY si mi coche se quema? (La Vanguardia)"}]},{"@type":"WebSite","@id":"https:\/\/www.cmalleida.com\/es\/#website","url":"https:\/\/www.cmalleida.com\/es\/","name":"Col\u00b7legi de Mediadors d&#039;Assegurances de Lleida","description":"Otro sitio realizado con WordPress","publisher":{"@id":"https:\/\/www.cmalleida.com\/es\/#organization"},"potentialAction":[{"@type":"SearchAction","target":{"@type":"EntryPoint","urlTemplate":"https:\/\/www.cmalleida.com\/es\/?s={search_term_string}"},"query-input":{"@type":"PropertyValueSpecification","valueRequired":true,"valueName":"search_term_string"}}],"inLanguage":"es"},{"@type":"Organization","@id":"https:\/\/www.cmalleida.com\/es\/#organization","name":"Col\u00b7legi de Mediadors d'Assegurances de Lleida","url":"https:\/\/www.cmalleida.com\/es\/","logo":{"@type":"ImageObject","inLanguage":"es","@id":"https:\/\/www.cmalleida.com\/es\/#\/schema\/logo\/image\/","url":"","contentUrl":"","caption":"Col\u00b7legi de Mediadors d'Assegurances de Lleida"},"image":{"@id":"https:\/\/www.cmalleida.com\/es\/#\/schema\/logo\/image\/"}},{"@type":"Person","@id":"https:\/\/www.cmalleida.com\/es\/#\/schema\/person\/7461453022a0d6ce41c1e530eb4443b4","name":"Antonieta Castells Dolcet","image":{"@type":"ImageObject","inLanguage":"es","@id":"https:\/\/secure.gravatar.com\/avatar\/7738df9a8ff2d12e8b37d088ff0e3e36016e57ab29e5db27ba4fb758a81ea3cb?s=96&d=mm&r=g","url":"https:\/\/secure.gravatar.com\/avatar\/7738df9a8ff2d12e8b37d088ff0e3e36016e57ab29e5db27ba4fb758a81ea3cb?s=96&d=mm&r=g","contentUrl":"https:\/\/secure.gravatar.com\/avatar\/7738df9a8ff2d12e8b37d088ff0e3e36016e57ab29e5db27ba4fb758a81ea3cb?s=96&d=mm&r=g","caption":"Antonieta Castells Dolcet"},"sameAs":["http:\/\/www.cmalleida.com"]}]}},"_links":{"self":[{"href":"https:\/\/www.cmalleida.com\/es\/wp-json\/wp\/v2\/posts\/5013","targetHints":{"allow":["GET"]}}],"collection":[{"href":"https:\/\/www.cmalleida.com\/es\/wp-json\/wp\/v2\/posts"}],"about":[{"href":"https:\/\/www.cmalleida.com\/es\/wp-json\/wp\/v2\/types\/post"}],"author":[{"embeddable":true,"href":"https:\/\/www.cmalleida.com\/es\/wp-json\/wp\/v2\/users\/149"}],"replies":[{"embeddable":true,"href":"https:\/\/www.cmalleida.com\/es\/wp-json\/wp\/v2\/comments?post=5013"}],"version-history":[{"count":1,"href":"https:\/\/www.cmalleida.com\/es\/wp-json\/wp\/v2\/posts\/5013\/revisions"}],"predecessor-version":[{"id":5014,"href":"https:\/\/www.cmalleida.com\/es\/wp-json\/wp\/v2\/posts\/5013\/revisions\/5014"}],"wp:featuredmedia":[{"embeddable":true,"href":"https:\/\/www.cmalleida.com\/es\/wp-json\/wp\/v2\/media\/1869"}],"wp:attachment":[{"href":"https:\/\/www.cmalleida.com\/es\/wp-json\/wp\/v2\/media?parent=5013"}],"wp:term":[{"taxonomy":"category","embeddable":true,"href":"https:\/\/www.cmalleida.com\/es\/wp-json\/wp\/v2\/categories?post=5013"},{"taxonomy":"post_tag","embeddable":true,"href":"https:\/\/www.cmalleida.com\/es\/wp-json\/wp\/v2\/tags?post=5013"}],"curies":[{"name":"wp","href":"https:\/\/api.w.org\/{rel}","templated":true}]}}