{"id":4679,"date":"2019-04-12T10:13:18","date_gmt":"2019-04-12T08:13:18","guid":{"rendered":"https:\/\/www.cmalleida.com\/?p=4679"},"modified":"2019-04-12T10:13:18","modified_gmt":"2019-04-12T08:13:18","slug":"frutales-y-almendros-los-mas-castigados-por-las-ultimas-heladas-y-pedriscos-la-vanguardia","status":"publish","type":"post","link":"https:\/\/www.cmalleida.com\/es\/frutales-y-almendros-los-mas-castigados-por-las-ultimas-heladas-y-pedriscos-la-vanguardia\/","title":{"rendered":"Frutales y almendros, los m\u00e1s castigados por las \u00faltimas heladas y pedriscos (La Vanguardia)"},"content":{"rendered":"<p><em>La siniestralidad acumulada hasta febrero supera los 59 millones de euros<\/em><\/p>\n<p>REDACCI\u00d3N Publicado a9-04-2019 12:53<\/p>\n<p>Las producciones de\u00a0<strong>fruta y almendro han sido las m\u00e1s afectadas por las heladas y los pedriscos<\/strong>\u00a0registrados en los \u00faltimos d\u00edas en, pr\u00e1cticamente, toda la Pen\u00ednsula, seg\u00fan las primeras informaciones de Agroseguro, que ya se ha recibido declaraciones de<strong>\u00a0siniestro de m\u00e1s de 12.200 hect\u00e1reas de cultivos<\/strong>.<\/p>\n<p><strong>Los episodios de helada son los que m\u00e1s da\u00f1os han ocasionado<\/strong>\u00a0en el campo espa\u00f1ol en este inicio tan variable de la primavera.\u00a0<strong>M\u00e1s de 6.000 hect\u00e1reas siniestradas corresponden a producciones de almendro<\/strong>, sobre todo en la provincia de Albacete, que acumula m\u00e1s de la mitad de la superficie afectada; y unas 4.000 hect\u00e1reas a frutales, especialmente en la regi\u00f3n de Murcia, debido a las bajas temperaturas registradas desde la madrugada del 27 de marzo. Las heladas tambi\u00e9n han causado da\u00f1os en producciones de fruta de Albacete, Zaragoza, Comunidad Valenciana, Navarra y La Rioja.<\/p>\n<p>Por su parte,\u00a0<strong>las tormentas acompa\u00f1adas de episodios de pedrisco<\/strong>, que se han distribuido este fin de semana por toda la geograf\u00eda espa\u00f1ola, han afectado, especialmente, a<strong>\u00a0los frutales en Arag\u00f3n y Extremadura<\/strong>.<\/p>\n<p>La primavera ha comenzado con unas\u00a0<strong>condiciones meteorol\u00f3gicas muy variables<\/strong>, entre las que destacan la lluvia, los pedriscos, las heladas e incluso la nieve en algunos puntos de la geograf\u00eda espa\u00f1ola. Esta situaci\u00f3n es similar a la que se vivi\u00f3 durante la primavera pasada, con\u00a0<strong>heladas y reiterados pedriscos<\/strong>, lo que pone de manifiesto la importancia de estar protegido con un seguro agrario.<\/p>\n<p><strong>Agroseguro ya ha iniciado la planificaci\u00f3n de las labores de tasaci\u00f3n<\/strong>, por lo que es importante que los asegurados remitan los partes de siniestros con la mayor celeridad posible. Los da\u00f1os ocasionados por este tipo de eventos est\u00e1n cubiertos por el sistema de seguros agrarios combinados.<\/p>\n<p><strong>Balance de da\u00f1os en los dos primeros meses del a\u00f1o<\/strong><\/p>\n<p>En los primeros meses de a\u00f1os, enero y febrero, Agroseguro ha registrado una previsi\u00f3n de siniestralidad cifrada en\u00a0<strong>m\u00e1s de 59 millones de euros, con una superficie agr\u00edcola afectada de 31.671,72 hect\u00e1reas<\/strong>. En este periodo, los cultivos m\u00e1s afectados han resultado ser los c\u00edtricos y las hortalizas, especialmente afectados por las heladas y los temporales de viento.<\/p>\n<p>Los da\u00f1os m\u00e1s destacados se registraron<strong>\u00a0los pasados 10 y 12 de enero<\/strong>,\u00a0<strong>con la irrupci\u00f3n de una masa de aire fr\u00edo de origen continental que provoc\u00f3 bajadas<\/strong>\u00a0intensas de las temperaturas con heladas en grandes \u00e1reas del pa\u00eds. La vertiente mediterr\u00e1nea y las zonas del interior de Andaluc\u00eda resultaron especialmente afectadas.\u00a0<strong>Las producciones m\u00e1s da\u00f1adas fueron los c\u00edtricos y las hortalizas: alcachofas, br\u00f3coli, lechuga, tomate y patata<\/strong>.<\/p>\n<p>En cuanto a los efectos de los temporales de viento, \u00e9stos fueron especialmente intensos, con<strong>\u00a0rachas muy fuertes, en Catalunya, Valencia y Murcia<\/strong>. En Valencia, Murcia y Andaluc\u00eda se registraron episodios significativos de heladas que afectaron a c\u00edtricos y hortalizas. En el caso de los c\u00edtricos,<strong>\u00a0los da\u00f1os producidos por las heladas invernales son progresivas<\/strong>\u00a0y se relacionan tanto con el tiempo de exposici\u00f3n a las bajas temperaturas como con el contenido de az\u00facar en los frutos.<\/p>\n<p>A lo largo del mes de febrero, diversos episodios de\u00a0<strong>vientos fuertes afectaron la zona mediterr\u00e1nea y tambi\u00e9n las islas Canarias. Valencia y Murcia<\/strong>\u00a0registraron da\u00f1os en los cultivos de c\u00edtricos.\u00a0<strong>En Tenerife y Las Palmas se vieron afectadas las plantaciones de pl\u00e1tanos<\/strong>, con reclamaciones procedentes de 1.834 parcelas de un total de 759 hect\u00e1reas.<\/p>\n<p>Tal y como ha informado La Vanguardia,\u00a0<strong>Agroseguro asumi\u00f3 indemnizaciones<\/strong>\u00a0para\u00a0<a href=\"https:\/\/seguros.lavanguardia.com\/2019\/01\/31\/agroseguro-paga-un-record-de-755-millones-en-indemnizaciones\/\">el campo espa\u00f1ol por valor de m\u00e1s de 755 millones de euros a lo largo del a\u00f1o 2018<\/a>, lo que constituye\u00a0el segundo a\u00f1o de mayor siniestralidad en la historia del seguro agrario\u00a0combinado creado por ley en 1978.\u00a0<strong>Los datos se\u00f1alan que la superficie total siniestrada alcanz\u00f3 1.383.435 hect\u00e1reas<\/strong>, la mitad de ellas afectadas por pedrisco con da\u00f1os valorados en 300 millones de euros.<\/p>\n<p>En total,\u00a0<strong>el registro de siniestros gestionado ascendi\u00f3 a 1.689.690 casos<\/strong>\u00a0(agr\u00edcolas 130.845; ganader\u00eda \u2013accidentes\/enfermedad y pastos- y acuicultura 109.841; ganader\u00eda \u2013retirada y destrucci\u00f3n- 1.449.004 casos). El valor conjunto de las indemnizaciones resulta de la suma de pagos por percances agr\u00edcolas, 601,92 millones; ganader\u00eda y acuicultura 75,55 millones y retirada y destrucci\u00f3n.<\/p>\n<p><strong>El Seguro agrario abon\u00f3 m\u00e1s de 755 millones de euros en indemnizaciones en 2018<\/strong><\/p>\n","protected":false},"excerpt":{"rendered":"<p>La siniestralidad acumulada hasta febrero supera los 59 millones de euros REDACCI\u00d3N Publicado a9-04-2019 12:53 Las producciones de\u00a0fruta y almendro han sido las m\u00e1s afectadas&#8230; <a href=\"https:\/\/www.cmalleida.com\/es\/frutales-y-almendros-los-mas-castigados-por-las-ultimas-heladas-y-pedriscos-la-vanguardia\/\" rel=\"nofollow\" class=\"lollegirmes\">Llegeix m\u00e9s<\/a><\/p>\n","protected":false},"author":149,"featured_media":4694,"comment_status":"closed","ping_status":"closed","sticky":false,"template":"","format":"standard","meta":{"_acf_changed":false,"_genesis_hide_title":false,"_genesis_hide_breadcrumbs":false,"_genesis_hide_singular_image":false,"_genesis_hide_footer_widgets":false,"_genesis_custom_body_class":"","_genesis_custom_post_class":"","_genesis_layout":"","footnotes":""},"categories":[28,62],"tags":[],"class_list":{"0":"post-4679","1":"post","2":"type-post","3":"status-publish","4":"format-standard","5":"has-post-thumbnail","7":"category-actualidad","8":"category-sinistres-es","9":"entry"},"acf":[],"yoast_head":"<!-- This site is optimized with the Yoast SEO plugin v27.2 - https:\/\/yoast.com\/product\/yoast-seo-wordpress\/ -->\n<title>Frutales y almendros, los m\u00e1s castigados por las \u00faltimas heladas y pedriscos (La Vanguardia) - Col\u00b7legi de Mediadors d&#039;Assegurances de Lleida<\/title>\n<meta name=\"robots\" content=\"index, follow, max-snippet:-1, max-image-preview:large, max-video-preview:-1\" \/>\n<link rel=\"canonical\" href=\"https:\/\/www.cmalleida.com\/es\/frutales-y-almendros-los-mas-castigados-por-las-ultimas-heladas-y-pedriscos-la-vanguardia\/\" \/>\n<meta property=\"og:locale\" content=\"es_ES\" \/>\n<meta property=\"og:type\" content=\"article\" \/>\n<meta property=\"og:title\" content=\"Frutales y almendros, los m\u00e1s castigados por las \u00faltimas heladas y pedriscos (La Vanguardia) - Col\u00b7legi de Mediadors d&#039;Assegurances de Lleida\" \/>\n<meta property=\"og:description\" content=\"La siniestralidad acumulada hasta febrero supera los 59 millones de euros REDACCI\u00d3N Publicado a9-04-2019 12:53 Las producciones de\u00a0fruta y almendro han sido las m\u00e1s afectadas... Llegeix m\u00e9s\" \/>\n<meta property=\"og:url\" content=\"https:\/\/www.cmalleida.com\/es\/frutales-y-almendros-los-mas-castigados-por-las-ultimas-heladas-y-pedriscos-la-vanguardia\/\" \/>\n<meta property=\"og:site_name\" content=\"Col\u00b7legi de Mediadors d&#039;Assegurances de Lleida\" \/>\n<meta property=\"article:published_time\" content=\"2019-04-12T08:13:18+00:00\" \/>\n<meta property=\"og:image\" content=\"https:\/\/www.cmalleida.com\/wp-content\/uploads\/img-20190412-wa0004.jpg\" \/>\n\t<meta property=\"og:image:width\" content=\"720\" \/>\n\t<meta property=\"og:image:height\" content=\"480\" \/>\n\t<meta property=\"og:image:type\" content=\"image\/jpeg\" \/>\n<meta name=\"author\" content=\"Antonieta Castells Dolcet\" \/>\n<meta name=\"twitter:card\" content=\"summary_large_image\" \/>\n<meta name=\"twitter:label1\" content=\"Written by\" \/>\n\t<meta name=\"twitter:data1\" content=\"Antonieta Castells Dolcet\" \/>\n\t<meta name=\"twitter:label2\" content=\"Est. reading time\" \/>\n\t<meta name=\"twitter:data2\" content=\"4 minutos\" \/>\n<script type=\"application\/ld+json\" class=\"yoast-schema-graph\">{\"@context\":\"https:\/\/schema.org\",\"@graph\":[{\"@type\":\"Article\",\"@id\":\"https:\/\/www.cmalleida.com\/es\/frutales-y-almendros-los-mas-castigados-por-las-ultimas-heladas-y-pedriscos-la-vanguardia\/#article\",\"isPartOf\":{\"@id\":\"https:\/\/www.cmalleida.com\/es\/frutales-y-almendros-los-mas-castigados-por-las-ultimas-heladas-y-pedriscos-la-vanguardia\/\"},\"author\":{\"name\":\"Antonieta Castells Dolcet\",\"@id\":\"https:\/\/www.cmalleida.com\/es\/#\/schema\/person\/7461453022a0d6ce41c1e530eb4443b4\"},\"headline\":\"Frutales y almendros, los m\u00e1s castigados por las \u00faltimas heladas y pedriscos (La Vanguardia)\",\"datePublished\":\"2019-04-12T08:13:18+00:00\",\"mainEntityOfPage\":{\"@id\":\"https:\/\/www.cmalleida.com\/es\/frutales-y-almendros-los-mas-castigados-por-las-ultimas-heladas-y-pedriscos-la-vanguardia\/\"},\"wordCount\":778,\"publisher\":{\"@id\":\"https:\/\/www.cmalleida.com\/es\/#organization\"},\"image\":{\"@id\":\"https:\/\/www.cmalleida.com\/es\/frutales-y-almendros-los-mas-castigados-por-las-ultimas-heladas-y-pedriscos-la-vanguardia\/#primaryimage\"},\"thumbnailUrl\":\"https:\/\/www.cmalleida.com\/wp-content\/uploads\/img-20190412-wa0004.jpg\",\"articleSection\":[\"Actualidad\",\"Sinistres\"],\"inLanguage\":\"es\"},{\"@type\":\"WebPage\",\"@id\":\"https:\/\/www.cmalleida.com\/es\/frutales-y-almendros-los-mas-castigados-por-las-ultimas-heladas-y-pedriscos-la-vanguardia\/\",\"url\":\"https:\/\/www.cmalleida.com\/es\/frutales-y-almendros-los-mas-castigados-por-las-ultimas-heladas-y-pedriscos-la-vanguardia\/\",\"name\":\"Frutales y almendros, los m\u00e1s castigados por las \u00faltimas heladas y pedriscos (La Vanguardia) - Col\u00b7legi de Mediadors d&#039;Assegurances de Lleida\",\"isPartOf\":{\"@id\":\"https:\/\/www.cmalleida.com\/es\/#website\"},\"primaryImageOfPage\":{\"@id\":\"https:\/\/www.cmalleida.com\/es\/frutales-y-almendros-los-mas-castigados-por-las-ultimas-heladas-y-pedriscos-la-vanguardia\/#primaryimage\"},\"image\":{\"@id\":\"https:\/\/www.cmalleida.com\/es\/frutales-y-almendros-los-mas-castigados-por-las-ultimas-heladas-y-pedriscos-la-vanguardia\/#primaryimage\"},\"thumbnailUrl\":\"https:\/\/www.cmalleida.com\/wp-content\/uploads\/img-20190412-wa0004.jpg\",\"datePublished\":\"2019-04-12T08:13:18+00:00\",\"breadcrumb\":{\"@id\":\"https:\/\/www.cmalleida.com\/es\/frutales-y-almendros-los-mas-castigados-por-las-ultimas-heladas-y-pedriscos-la-vanguardia\/#breadcrumb\"},\"inLanguage\":\"es\",\"potentialAction\":[{\"@type\":\"ReadAction\",\"target\":[\"https:\/\/www.cmalleida.com\/es\/frutales-y-almendros-los-mas-castigados-por-las-ultimas-heladas-y-pedriscos-la-vanguardia\/\"]}]},{\"@type\":\"ImageObject\",\"inLanguage\":\"es\",\"@id\":\"https:\/\/www.cmalleida.com\/es\/frutales-y-almendros-los-mas-castigados-por-las-ultimas-heladas-y-pedriscos-la-vanguardia\/#primaryimage\",\"url\":\"https:\/\/www.cmalleida.com\/wp-content\/uploads\/img-20190412-wa0004.jpg\",\"contentUrl\":\"https:\/\/www.cmalleida.com\/wp-content\/uploads\/img-20190412-wa0004.jpg\",\"width\":720,\"height\":480,\"caption\":\"IMG-20190412-WA0004\"},{\"@type\":\"BreadcrumbList\",\"@id\":\"https:\/\/www.cmalleida.com\/es\/frutales-y-almendros-los-mas-castigados-por-las-ultimas-heladas-y-pedriscos-la-vanguardia\/#breadcrumb\",\"itemListElement\":[{\"@type\":\"ListItem\",\"position\":1,\"name\":\"Inici\",\"item\":\"https:\/\/www.cmalleida.com\/es\/\"},{\"@type\":\"ListItem\",\"position\":2,\"name\":\"Frutales y almendros, los m\u00e1s castigados por las \u00faltimas heladas y pedriscos (La Vanguardia)\"}]},{\"@type\":\"WebSite\",\"@id\":\"https:\/\/www.cmalleida.com\/es\/#website\",\"url\":\"https:\/\/www.cmalleida.com\/es\/\",\"name\":\"Col\u00b7legi de Mediadors d&#039;Assegurances de Lleida\",\"description\":\"Otro sitio realizado con WordPress\",\"publisher\":{\"@id\":\"https:\/\/www.cmalleida.com\/es\/#organization\"},\"potentialAction\":[{\"@type\":\"SearchAction\",\"target\":{\"@type\":\"EntryPoint\",\"urlTemplate\":\"https:\/\/www.cmalleida.com\/es\/?s={search_term_string}\"},\"query-input\":{\"@type\":\"PropertyValueSpecification\",\"valueRequired\":true,\"valueName\":\"search_term_string\"}}],\"inLanguage\":\"es\"},{\"@type\":\"Organization\",\"@id\":\"https:\/\/www.cmalleida.com\/es\/#organization\",\"name\":\"Col\u00b7legi de Mediadors d'Assegurances de Lleida\",\"url\":\"https:\/\/www.cmalleida.com\/es\/\",\"logo\":{\"@type\":\"ImageObject\",\"inLanguage\":\"es\",\"@id\":\"https:\/\/www.cmalleida.com\/es\/#\/schema\/logo\/image\/\",\"url\":\"\",\"contentUrl\":\"\",\"caption\":\"Col\u00b7legi de Mediadors d'Assegurances de Lleida\"},\"image\":{\"@id\":\"https:\/\/www.cmalleida.com\/es\/#\/schema\/logo\/image\/\"}},{\"@type\":\"Person\",\"@id\":\"https:\/\/www.cmalleida.com\/es\/#\/schema\/person\/7461453022a0d6ce41c1e530eb4443b4\",\"name\":\"Antonieta Castells Dolcet\",\"image\":{\"@type\":\"ImageObject\",\"inLanguage\":\"es\",\"@id\":\"https:\/\/secure.gravatar.com\/avatar\/7738df9a8ff2d12e8b37d088ff0e3e36016e57ab29e5db27ba4fb758a81ea3cb?s=96&d=mm&r=g\",\"url\":\"https:\/\/secure.gravatar.com\/avatar\/7738df9a8ff2d12e8b37d088ff0e3e36016e57ab29e5db27ba4fb758a81ea3cb?s=96&d=mm&r=g\",\"contentUrl\":\"https:\/\/secure.gravatar.com\/avatar\/7738df9a8ff2d12e8b37d088ff0e3e36016e57ab29e5db27ba4fb758a81ea3cb?s=96&d=mm&r=g\",\"caption\":\"Antonieta Castells Dolcet\"},\"sameAs\":[\"http:\/\/www.cmalleida.com\"]}]}<\/script>\n<!-- \/ Yoast SEO plugin. -->","yoast_head_json":{"title":"Frutales y almendros, los m\u00e1s castigados por las \u00faltimas heladas y pedriscos (La Vanguardia) - Col\u00b7legi de Mediadors d&#039;Assegurances de Lleida","robots":{"index":"index","follow":"follow","max-snippet":"max-snippet:-1","max-image-preview":"max-image-preview:large","max-video-preview":"max-video-preview:-1"},"canonical":"https:\/\/www.cmalleida.com\/es\/frutales-y-almendros-los-mas-castigados-por-las-ultimas-heladas-y-pedriscos-la-vanguardia\/","og_locale":"es_ES","og_type":"article","og_title":"Frutales y almendros, los m\u00e1s castigados por las \u00faltimas heladas y pedriscos (La Vanguardia) - Col\u00b7legi de Mediadors d&#039;Assegurances de Lleida","og_description":"La siniestralidad acumulada hasta febrero supera los 59 millones de euros REDACCI\u00d3N Publicado a9-04-2019 12:53 Las producciones de\u00a0fruta y almendro han sido las m\u00e1s afectadas... Llegeix m\u00e9s","og_url":"https:\/\/www.cmalleida.com\/es\/frutales-y-almendros-los-mas-castigados-por-las-ultimas-heladas-y-pedriscos-la-vanguardia\/","og_site_name":"Col\u00b7legi de Mediadors d&#039;Assegurances de Lleida","article_published_time":"2019-04-12T08:13:18+00:00","og_image":[{"width":720,"height":480,"url":"https:\/\/www.cmalleida.com\/wp-content\/uploads\/img-20190412-wa0004.jpg","type":"image\/jpeg"}],"author":"Antonieta Castells Dolcet","twitter_card":"summary_large_image","twitter_misc":{"Written by":"Antonieta Castells Dolcet","Est. reading time":"4 minutos"},"schema":{"@context":"https:\/\/schema.org","@graph":[{"@type":"Article","@id":"https:\/\/www.cmalleida.com\/es\/frutales-y-almendros-los-mas-castigados-por-las-ultimas-heladas-y-pedriscos-la-vanguardia\/#article","isPartOf":{"@id":"https:\/\/www.cmalleida.com\/es\/frutales-y-almendros-los-mas-castigados-por-las-ultimas-heladas-y-pedriscos-la-vanguardia\/"},"author":{"name":"Antonieta Castells Dolcet","@id":"https:\/\/www.cmalleida.com\/es\/#\/schema\/person\/7461453022a0d6ce41c1e530eb4443b4"},"headline":"Frutales y almendros, los m\u00e1s castigados por las \u00faltimas heladas y pedriscos (La Vanguardia)","datePublished":"2019-04-12T08:13:18+00:00","mainEntityOfPage":{"@id":"https:\/\/www.cmalleida.com\/es\/frutales-y-almendros-los-mas-castigados-por-las-ultimas-heladas-y-pedriscos-la-vanguardia\/"},"wordCount":778,"publisher":{"@id":"https:\/\/www.cmalleida.com\/es\/#organization"},"image":{"@id":"https:\/\/www.cmalleida.com\/es\/frutales-y-almendros-los-mas-castigados-por-las-ultimas-heladas-y-pedriscos-la-vanguardia\/#primaryimage"},"thumbnailUrl":"https:\/\/www.cmalleida.com\/wp-content\/uploads\/img-20190412-wa0004.jpg","articleSection":["Actualidad","Sinistres"],"inLanguage":"es"},{"@type":"WebPage","@id":"https:\/\/www.cmalleida.com\/es\/frutales-y-almendros-los-mas-castigados-por-las-ultimas-heladas-y-pedriscos-la-vanguardia\/","url":"https:\/\/www.cmalleida.com\/es\/frutales-y-almendros-los-mas-castigados-por-las-ultimas-heladas-y-pedriscos-la-vanguardia\/","name":"Frutales y almendros, los m\u00e1s castigados por las \u00faltimas heladas y pedriscos (La Vanguardia) - Col\u00b7legi de Mediadors d&#039;Assegurances de Lleida","isPartOf":{"@id":"https:\/\/www.cmalleida.com\/es\/#website"},"primaryImageOfPage":{"@id":"https:\/\/www.cmalleida.com\/es\/frutales-y-almendros-los-mas-castigados-por-las-ultimas-heladas-y-pedriscos-la-vanguardia\/#primaryimage"},"image":{"@id":"https:\/\/www.cmalleida.com\/es\/frutales-y-almendros-los-mas-castigados-por-las-ultimas-heladas-y-pedriscos-la-vanguardia\/#primaryimage"},"thumbnailUrl":"https:\/\/www.cmalleida.com\/wp-content\/uploads\/img-20190412-wa0004.jpg","datePublished":"2019-04-12T08:13:18+00:00","breadcrumb":{"@id":"https:\/\/www.cmalleida.com\/es\/frutales-y-almendros-los-mas-castigados-por-las-ultimas-heladas-y-pedriscos-la-vanguardia\/#breadcrumb"},"inLanguage":"es","potentialAction":[{"@type":"ReadAction","target":["https:\/\/www.cmalleida.com\/es\/frutales-y-almendros-los-mas-castigados-por-las-ultimas-heladas-y-pedriscos-la-vanguardia\/"]}]},{"@type":"ImageObject","inLanguage":"es","@id":"https:\/\/www.cmalleida.com\/es\/frutales-y-almendros-los-mas-castigados-por-las-ultimas-heladas-y-pedriscos-la-vanguardia\/#primaryimage","url":"https:\/\/www.cmalleida.com\/wp-content\/uploads\/img-20190412-wa0004.jpg","contentUrl":"https:\/\/www.cmalleida.com\/wp-content\/uploads\/img-20190412-wa0004.jpg","width":720,"height":480,"caption":"IMG-20190412-WA0004"},{"@type":"BreadcrumbList","@id":"https:\/\/www.cmalleida.com\/es\/frutales-y-almendros-los-mas-castigados-por-las-ultimas-heladas-y-pedriscos-la-vanguardia\/#breadcrumb","itemListElement":[{"@type":"ListItem","position":1,"name":"Inici","item":"https:\/\/www.cmalleida.com\/es\/"},{"@type":"ListItem","position":2,"name":"Frutales y almendros, los m\u00e1s castigados por las \u00faltimas heladas y pedriscos (La Vanguardia)"}]},{"@type":"WebSite","@id":"https:\/\/www.cmalleida.com\/es\/#website","url":"https:\/\/www.cmalleida.com\/es\/","name":"Col\u00b7legi de Mediadors d&#039;Assegurances de Lleida","description":"Otro sitio realizado con WordPress","publisher":{"@id":"https:\/\/www.cmalleida.com\/es\/#organization"},"potentialAction":[{"@type":"SearchAction","target":{"@type":"EntryPoint","urlTemplate":"https:\/\/www.cmalleida.com\/es\/?s={search_term_string}"},"query-input":{"@type":"PropertyValueSpecification","valueRequired":true,"valueName":"search_term_string"}}],"inLanguage":"es"},{"@type":"Organization","@id":"https:\/\/www.cmalleida.com\/es\/#organization","name":"Col\u00b7legi de Mediadors d'Assegurances de Lleida","url":"https:\/\/www.cmalleida.com\/es\/","logo":{"@type":"ImageObject","inLanguage":"es","@id":"https:\/\/www.cmalleida.com\/es\/#\/schema\/logo\/image\/","url":"","contentUrl":"","caption":"Col\u00b7legi de Mediadors d'Assegurances de Lleida"},"image":{"@id":"https:\/\/www.cmalleida.com\/es\/#\/schema\/logo\/image\/"}},{"@type":"Person","@id":"https:\/\/www.cmalleida.com\/es\/#\/schema\/person\/7461453022a0d6ce41c1e530eb4443b4","name":"Antonieta Castells Dolcet","image":{"@type":"ImageObject","inLanguage":"es","@id":"https:\/\/secure.gravatar.com\/avatar\/7738df9a8ff2d12e8b37d088ff0e3e36016e57ab29e5db27ba4fb758a81ea3cb?s=96&d=mm&r=g","url":"https:\/\/secure.gravatar.com\/avatar\/7738df9a8ff2d12e8b37d088ff0e3e36016e57ab29e5db27ba4fb758a81ea3cb?s=96&d=mm&r=g","contentUrl":"https:\/\/secure.gravatar.com\/avatar\/7738df9a8ff2d12e8b37d088ff0e3e36016e57ab29e5db27ba4fb758a81ea3cb?s=96&d=mm&r=g","caption":"Antonieta Castells Dolcet"},"sameAs":["http:\/\/www.cmalleida.com"]}]}},"_links":{"self":[{"href":"https:\/\/www.cmalleida.com\/es\/wp-json\/wp\/v2\/posts\/4679","targetHints":{"allow":["GET"]}}],"collection":[{"href":"https:\/\/www.cmalleida.com\/es\/wp-json\/wp\/v2\/posts"}],"about":[{"href":"https:\/\/www.cmalleida.com\/es\/wp-json\/wp\/v2\/types\/post"}],"author":[{"embeddable":true,"href":"https:\/\/www.cmalleida.com\/es\/wp-json\/wp\/v2\/users\/149"}],"replies":[{"embeddable":true,"href":"https:\/\/www.cmalleida.com\/es\/wp-json\/wp\/v2\/comments?post=4679"}],"version-history":[{"count":1,"href":"https:\/\/www.cmalleida.com\/es\/wp-json\/wp\/v2\/posts\/4679\/revisions"}],"predecessor-version":[{"id":4680,"href":"https:\/\/www.cmalleida.com\/es\/wp-json\/wp\/v2\/posts\/4679\/revisions\/4680"}],"wp:featuredmedia":[{"embeddable":true,"href":"https:\/\/www.cmalleida.com\/es\/wp-json\/wp\/v2\/media\/4694"}],"wp:attachment":[{"href":"https:\/\/www.cmalleida.com\/es\/wp-json\/wp\/v2\/media?parent=4679"}],"wp:term":[{"taxonomy":"category","embeddable":true,"href":"https:\/\/www.cmalleida.com\/es\/wp-json\/wp\/v2\/categories?post=4679"},{"taxonomy":"post_tag","embeddable":true,"href":"https:\/\/www.cmalleida.com\/es\/wp-json\/wp\/v2\/tags?post=4679"}],"curies":[{"name":"wp","href":"https:\/\/api.w.org\/{rel}","templated":true}]}}