{"id":4439,"date":"2019-03-22T09:44:36","date_gmt":"2019-03-22T08:44:36","guid":{"rendered":"https:\/\/www.cmalleida.com\/?p=4439"},"modified":"2019-03-22T09:44:36","modified_gmt":"2019-03-22T08:44:36","slug":"podre-reclamar-al-seguro-por-los-dias-que-voy-a-estar-sin-mi-vehiculo-la-vanguardia","status":"publish","type":"post","link":"https:\/\/www.cmalleida.com\/es\/podre-reclamar-al-seguro-por-los-dias-que-voy-a-estar-sin-mi-vehiculo-la-vanguardia\/","title":{"rendered":"\u00bfPodr\u00e9 reclamar al Seguro por los d\u00edas que voy a estar sin mi veh\u00edculo? (La Vanguardia)"},"content":{"rendered":"<p><em>Es importante comprobar que dice la p\u00f3liza que tenemos contratada o consultar a nuestro mediador seguros para que nos asesore<\/em><\/p>\n<p>JOAN MORALES Publicado a 19-03-2019 22:51<\/p>\n<p>Una de las consecuencias de un accidente de circulaci\u00f3n es la<strong>\u00a0privaci\u00f3n<\/strong>, durante su reparaci\u00f3n, del<strong>\u00a0uso del veh\u00edculo accidentado<\/strong>\u00a0por parte de su propietario. Hay que tener en cuenta varias<strong>\u00a0circunstancias del siniestro<\/strong>, por una parte, y de\u00a0<strong>la p\u00f3liza<\/strong>\u00a0que tengamos contratada.<\/p>\n<p>Si la\u00a0<strong>responsabilidad del siniestro<\/strong>\u00a0recae en el\u00a0<strong>propio conductor del veh\u00edculo<\/strong>, no procede reclamaci\u00f3n a un tercero causante. La<strong>\u00a0\u00fanica posibilidad de resarcirse<\/strong>\u00a0de las consecuencias de la paralizaci\u00f3n del veh\u00edculo es que su propietario tenga contratada\u00a0<strong>la cobertura de veh\u00edculo de sustituci\u00f3n por accidente o aver\u00eda<\/strong>. Esta cobertura puede contratarse en la mayor\u00eda de seguros de autom\u00f3vil de nuestro mercado, as\u00ed como mediante contratos de seguros ofrecidos por entidades aseguradoras especialistas.<\/p>\n<p>Respecto a esta cobertura es importante estudiar<strong>\u00a0las condiciones<\/strong>\u00a0de la misma, puesto que\u00a0<strong>pueden variar considerablemente<\/strong>\u00a0de un asegurador a otro. Dos par\u00e1metros a valorar son:<\/p>\n<p>\u00bfA partir de que lapso de paralizaci\u00f3n entra en efecto la cobertura? Puede establecerse un m\u00ednimo de \u201choras de mano de obra para la reparaci\u00f3n\u201d, o bien un m\u00ednimo de \u201choras en el taller\u201d u otros par\u00e1metros.<\/p>\n<p>M\u00e1ximo de d\u00edas de alquiler que se cubren. Se establecen asimismo m\u00e1ximos de euros por d\u00eda y\/o m\u00e1ximos de euros anuales para esta cobertura.<\/p>\n<p><strong>La cobertura de veh\u00edculo se substituci\u00f3n<\/strong>\u00a0puede extenderse, adem\u00e1s de la derivada de aver\u00eda o accidente, tambi\u00e9n para el\u00a0<strong>caso de robo del veh\u00edculo<\/strong>asegurado. El a<strong>sesoramiento de un mediador de seguros profesional<\/strong>ser\u00e1 muy conveniente para optar por\u00a0<strong>la mejor soluci\u00f3n aseguradora<\/strong>\u00a0a nuestras necesidades de cobertura.<\/p>\n<p>\u00bfY si existe un tercero causante del accidente?<\/p>\n<p>En este caso existen\u00a0<strong>dos tipos de da\u00f1os<\/strong>\u00a0que, en caso de generarse, podr\u00e1n ser reclamados al causante del accidente:<\/p>\n<p>El\u00a0<strong>alquiler<\/strong>\u00a0de un<strong>\u00a0veh\u00edculo de sustituci\u00f3n<\/strong><\/p>\n<p>El\u00a0<strong>lucro cesante<\/strong>\u00a0(p\u00e9rdida de beneficios) por la imposibilidad de uso del veh\u00edculo<\/p>\n<p>En lo referente al\u00a0<strong>alquiler de un veh\u00edculo de substituci\u00f3n<\/strong>, su planteamiento se basa en un tratamiento como\u00a0<strong>da\u00f1o emergente<\/strong>(directamente relacionado con el accidente, del mismo modo que la necesaria reparaci\u00f3n de los da\u00f1os registrados en el veh\u00edculo). Como indica el magistrado Juan F. Garnica en su art\u00edculo<em>\u00a0\u2018Perjuicios causados por la paralizaci\u00f3n del veh\u00edculo siniestrado\u2019<\/em>\u00a0publicado en la revista\u00a0<em>Responsabilidad Civil y Seguro<\/em>, \u201ctradicionalmente se hab\u00eda venido exigiendo, para estimar la reclamaci\u00f3n por este concepto, que resultara probada la necesidad del veh\u00edculo de sustituci\u00f3n, prueba que corresponder\u00eda a la parte actora. El fundamento de esa exigencia se encuentra en el mismo concepto de da\u00f1o resarcible, que no es todo desembolso que est\u00e9 relacionado con el hecho da\u00f1oso y sus consecuencias, sino exclusivamente aquellos gastos imprescindibles, esto es, aquellos que sean consecuencia necesaria del hecho da\u00f1oso\u201d.<\/p>\n<p>Ser\u00e1 necesaria<strong>\u00a0la prueba de haber incurrido en el gasto del alquiler de un veh\u00edculo<\/strong>, as\u00ed como la prueba de la necesidad de incurrir en este gasto. Ya sea para evitar o disminuir el lucro cesante en el caso de profesionales o empresas, ya sea la necesidad ineludible seg\u00fan criterios normalmente aceptados como es el caso de los\u00a0<strong>motivos laborales<\/strong>.<\/p>\n<p>Tambi\u00e9n el asegurador que dio cobertura al alquiler del veh\u00edculo podr\u00e1\u00a0<strong>subrogarse en los derechos de su asegurado<\/strong>\u00a0y ejercer en su propio inter\u00e9s la reclamaci\u00f3n al causante del accidente que caus\u00f3 la paralizaci\u00f3n del veh\u00edculo de su asegurado.<\/p>\n<p>Respecto del<strong>\u00a0lucro cesante<\/strong>, entendemos que solo le ser\u00e1 posible reclamarlo a aqu\u00e9l que destinaba el veh\u00edculo da\u00f1ado y paralizado a una\u00a0<strong>actividad lucrativa o empresarial<\/strong>. El fundamento de este derecho de reclamaci\u00f3n lo encontramos en el art\u00edculo 1.106 de nuestro C\u00f3digo Civil que establece que \u201cLa indemnizaci\u00f3n de da\u00f1os y perjuicios comprende, no s\u00f3lo el valor de la p\u00e9rdida que hayan sufrido, sino tambi\u00e9n el de<strong>\u00a0la ganancia que haya dejado de obtener el acreedor<\/strong>, salvas las disposiciones contenidas en los art\u00edculos siguientes\u201d.<\/p>\n<p>La jurisprudencia al respecto viene asentando la<strong>\u00a0necesidad de prueba<\/strong>\u00a0de que el veh\u00edculo da\u00f1ado se dedicaba a una actividad lucrativa o empresarial. Respecto de la cuantificaci\u00f3n del lucro cesante a indemnizar puede acudirse a los\u00a0<strong>certificados gremiales<\/strong>\u00a0que las partes pueden aportar o acudir a la acreditaci\u00f3n mediante\u00a0<strong>pruebas objetivas de las ganancias<\/strong>\u00a0que se han dejado de obtener.<\/p>\n<p>Una sentencia reciente del Tribunal Supremo (3904\/2018 de 19 de noviembre) nos aclara que no es impedimento para la reclamaci\u00f3n del lucro cesante el hecho de que \u201cla empresa que se dedica al transporte \u2026 tenga m\u00e1s veh\u00edculos destinados a su objeto social, pues se ha de presumir que obtenga ganancias de todos ellos y que sean necesarios para satisfacer su objeto, sobre todo si el siniestro se produce porque la cabeza tractora en cuesti\u00f3n circulaba prestando un servicio\u201d.<\/p>\n<p><strong>Los propietarios de veh\u00edculos destinados al uso privado<\/strong>\u00a0podr\u00e1n aspirar a ser indemnizados por los gastos derivados de la substituci\u00f3n del veh\u00edculo durante su paralizaci\u00f3n, pero\u00a0<strong>no podr\u00e1n<\/strong>\u00a0pretender\u00a0<strong>ser indemnizados por un lucro cesante<\/strong>.<\/p>\n<p>Es muy necesario el\u00a0<strong>asesoramiento de profesionales<\/strong>\u00a0de la mediaci\u00f3n de seguros y del derecho para llevar a cabo con \u00e9xito la reclamaci\u00f3n de este tipo de perjuicios, m\u00e1s compleja que la de los da\u00f1os directamente sufridos en el veh\u00edculo.<\/p>\n","protected":false},"excerpt":{"rendered":"<p>Es importante comprobar que dice la p\u00f3liza que tenemos contratada o consultar a nuestro mediador seguros para que nos asesore JOAN MORALES Publicado a 19-03-2019&#8230; <a href=\"https:\/\/www.cmalleida.com\/es\/podre-reclamar-al-seguro-por-los-dias-que-voy-a-estar-sin-mi-vehiculo-la-vanguardia\/\" rel=\"nofollow\" class=\"lollegirmes\">Llegeix m\u00e9s<\/a><\/p>\n","protected":false},"author":149,"featured_media":1869,"comment_status":"closed","ping_status":"closed","sticky":false,"template":"","format":"standard","meta":{"_acf_changed":false,"_genesis_hide_title":false,"_genesis_hide_breadcrumbs":false,"_genesis_hide_singular_image":false,"_genesis_hide_footer_widgets":false,"_genesis_custom_body_class":"","_genesis_custom_post_class":"","_genesis_layout":"","footnotes":""},"categories":[28,62],"tags":[],"class_list":{"0":"post-4439","1":"post","2":"type-post","3":"status-publish","4":"format-standard","5":"has-post-thumbnail","7":"category-actualidad","8":"category-sinistres-es","9":"entry"},"acf":[],"yoast_head":"<!-- This site is optimized with the Yoast SEO plugin v27.2 - https:\/\/yoast.com\/product\/yoast-seo-wordpress\/ -->\n<title>\u00bfPodr\u00e9 reclamar al Seguro por los d\u00edas que voy a estar sin mi veh\u00edculo? (La Vanguardia) - Col\u00b7legi de Mediadors d&#039;Assegurances de Lleida<\/title>\n<meta name=\"robots\" content=\"index, follow, max-snippet:-1, max-image-preview:large, max-video-preview:-1\" \/>\n<link rel=\"canonical\" href=\"https:\/\/www.cmalleida.com\/es\/podre-reclamar-al-seguro-por-los-dias-que-voy-a-estar-sin-mi-vehiculo-la-vanguardia\/\" \/>\n<meta property=\"og:locale\" content=\"es_ES\" \/>\n<meta property=\"og:type\" content=\"article\" \/>\n<meta property=\"og:title\" content=\"\u00bfPodr\u00e9 reclamar al Seguro por los d\u00edas que voy a estar sin mi veh\u00edculo? (La Vanguardia) - Col\u00b7legi de Mediadors d&#039;Assegurances de Lleida\" \/>\n<meta property=\"og:description\" content=\"Es importante comprobar que dice la p\u00f3liza que tenemos contratada o consultar a nuestro mediador seguros para que nos asesore JOAN MORALES Publicado a 19-03-2019... Llegeix m\u00e9s\" \/>\n<meta property=\"og:url\" content=\"https:\/\/www.cmalleida.com\/es\/podre-reclamar-al-seguro-por-los-dias-que-voy-a-estar-sin-mi-vehiculo-la-vanguardia\/\" \/>\n<meta property=\"og:site_name\" content=\"Col\u00b7legi de Mediadors d&#039;Assegurances de Lleida\" \/>\n<meta property=\"article:published_time\" content=\"2019-03-22T08:44:36+00:00\" \/>\n<meta property=\"og:image\" content=\"https:\/\/www.cmalleida.com\/wp-content\/uploads\/cmall-lleida-actualitat-car762.jpg\" \/>\n\t<meta property=\"og:image:width\" content=\"762\" \/>\n\t<meta property=\"og:image:height\" content=\"762\" \/>\n\t<meta property=\"og:image:type\" content=\"image\/jpeg\" \/>\n<meta name=\"author\" content=\"Antonieta Castells Dolcet\" \/>\n<meta name=\"twitter:card\" content=\"summary_large_image\" \/>\n<meta name=\"twitter:label1\" content=\"Written by\" \/>\n\t<meta name=\"twitter:data1\" content=\"Antonieta Castells Dolcet\" \/>\n\t<meta name=\"twitter:label2\" content=\"Est. reading time\" \/>\n\t<meta name=\"twitter:data2\" content=\"5 minutos\" \/>\n<script type=\"application\/ld+json\" class=\"yoast-schema-graph\">{\"@context\":\"https:\/\/schema.org\",\"@graph\":[{\"@type\":\"Article\",\"@id\":\"https:\/\/www.cmalleida.com\/es\/podre-reclamar-al-seguro-por-los-dias-que-voy-a-estar-sin-mi-vehiculo-la-vanguardia\/#article\",\"isPartOf\":{\"@id\":\"https:\/\/www.cmalleida.com\/es\/podre-reclamar-al-seguro-por-los-dias-que-voy-a-estar-sin-mi-vehiculo-la-vanguardia\/\"},\"author\":{\"name\":\"Antonieta Castells Dolcet\",\"@id\":\"https:\/\/www.cmalleida.com\/es\/#\/schema\/person\/7461453022a0d6ce41c1e530eb4443b4\"},\"headline\":\"\u00bfPodr\u00e9 reclamar al Seguro por los d\u00edas que voy a estar sin mi veh\u00edculo? (La Vanguardia)\",\"datePublished\":\"2019-03-22T08:44:36+00:00\",\"mainEntityOfPage\":{\"@id\":\"https:\/\/www.cmalleida.com\/es\/podre-reclamar-al-seguro-por-los-dias-que-voy-a-estar-sin-mi-vehiculo-la-vanguardia\/\"},\"wordCount\":969,\"publisher\":{\"@id\":\"https:\/\/www.cmalleida.com\/es\/#organization\"},\"image\":{\"@id\":\"https:\/\/www.cmalleida.com\/es\/podre-reclamar-al-seguro-por-los-dias-que-voy-a-estar-sin-mi-vehiculo-la-vanguardia\/#primaryimage\"},\"thumbnailUrl\":\"https:\/\/www.cmalleida.com\/wp-content\/uploads\/cmall-lleida-actualitat-car762.jpg\",\"articleSection\":[\"Actualidad\",\"Sinistres\"],\"inLanguage\":\"es\"},{\"@type\":\"WebPage\",\"@id\":\"https:\/\/www.cmalleida.com\/es\/podre-reclamar-al-seguro-por-los-dias-que-voy-a-estar-sin-mi-vehiculo-la-vanguardia\/\",\"url\":\"https:\/\/www.cmalleida.com\/es\/podre-reclamar-al-seguro-por-los-dias-que-voy-a-estar-sin-mi-vehiculo-la-vanguardia\/\",\"name\":\"\u00bfPodr\u00e9 reclamar al Seguro por los d\u00edas que voy a estar sin mi veh\u00edculo? (La Vanguardia) - Col\u00b7legi de Mediadors d&#039;Assegurances de Lleida\",\"isPartOf\":{\"@id\":\"https:\/\/www.cmalleida.com\/es\/#website\"},\"primaryImageOfPage\":{\"@id\":\"https:\/\/www.cmalleida.com\/es\/podre-reclamar-al-seguro-por-los-dias-que-voy-a-estar-sin-mi-vehiculo-la-vanguardia\/#primaryimage\"},\"image\":{\"@id\":\"https:\/\/www.cmalleida.com\/es\/podre-reclamar-al-seguro-por-los-dias-que-voy-a-estar-sin-mi-vehiculo-la-vanguardia\/#primaryimage\"},\"thumbnailUrl\":\"https:\/\/www.cmalleida.com\/wp-content\/uploads\/cmall-lleida-actualitat-car762.jpg\",\"datePublished\":\"2019-03-22T08:44:36+00:00\",\"breadcrumb\":{\"@id\":\"https:\/\/www.cmalleida.com\/es\/podre-reclamar-al-seguro-por-los-dias-que-voy-a-estar-sin-mi-vehiculo-la-vanguardia\/#breadcrumb\"},\"inLanguage\":\"es\",\"potentialAction\":[{\"@type\":\"ReadAction\",\"target\":[\"https:\/\/www.cmalleida.com\/es\/podre-reclamar-al-seguro-por-los-dias-que-voy-a-estar-sin-mi-vehiculo-la-vanguardia\/\"]}]},{\"@type\":\"ImageObject\",\"inLanguage\":\"es\",\"@id\":\"https:\/\/www.cmalleida.com\/es\/podre-reclamar-al-seguro-por-los-dias-que-voy-a-estar-sin-mi-vehiculo-la-vanguardia\/#primaryimage\",\"url\":\"https:\/\/www.cmalleida.com\/wp-content\/uploads\/cmall-lleida-actualitat-car762.jpg\",\"contentUrl\":\"https:\/\/www.cmalleida.com\/wp-content\/uploads\/cmall-lleida-actualitat-car762.jpg\",\"width\":762,\"height\":762,\"caption\":\"cmall-lleida-actualitat-CAR762\"},{\"@type\":\"BreadcrumbList\",\"@id\":\"https:\/\/www.cmalleida.com\/es\/podre-reclamar-al-seguro-por-los-dias-que-voy-a-estar-sin-mi-vehiculo-la-vanguardia\/#breadcrumb\",\"itemListElement\":[{\"@type\":\"ListItem\",\"position\":1,\"name\":\"Inici\",\"item\":\"https:\/\/www.cmalleida.com\/es\/\"},{\"@type\":\"ListItem\",\"position\":2,\"name\":\"\u00bfPodr\u00e9 reclamar al Seguro por los d\u00edas que voy a estar sin mi veh\u00edculo? (La Vanguardia)\"}]},{\"@type\":\"WebSite\",\"@id\":\"https:\/\/www.cmalleida.com\/es\/#website\",\"url\":\"https:\/\/www.cmalleida.com\/es\/\",\"name\":\"Col\u00b7legi de Mediadors d&#039;Assegurances de Lleida\",\"description\":\"Otro sitio realizado con WordPress\",\"publisher\":{\"@id\":\"https:\/\/www.cmalleida.com\/es\/#organization\"},\"potentialAction\":[{\"@type\":\"SearchAction\",\"target\":{\"@type\":\"EntryPoint\",\"urlTemplate\":\"https:\/\/www.cmalleida.com\/es\/?s={search_term_string}\"},\"query-input\":{\"@type\":\"PropertyValueSpecification\",\"valueRequired\":true,\"valueName\":\"search_term_string\"}}],\"inLanguage\":\"es\"},{\"@type\":\"Organization\",\"@id\":\"https:\/\/www.cmalleida.com\/es\/#organization\",\"name\":\"Col\u00b7legi de Mediadors d'Assegurances de Lleida\",\"url\":\"https:\/\/www.cmalleida.com\/es\/\",\"logo\":{\"@type\":\"ImageObject\",\"inLanguage\":\"es\",\"@id\":\"https:\/\/www.cmalleida.com\/es\/#\/schema\/logo\/image\/\",\"url\":\"\",\"contentUrl\":\"\",\"caption\":\"Col\u00b7legi de Mediadors d'Assegurances de Lleida\"},\"image\":{\"@id\":\"https:\/\/www.cmalleida.com\/es\/#\/schema\/logo\/image\/\"}},{\"@type\":\"Person\",\"@id\":\"https:\/\/www.cmalleida.com\/es\/#\/schema\/person\/7461453022a0d6ce41c1e530eb4443b4\",\"name\":\"Antonieta Castells Dolcet\",\"image\":{\"@type\":\"ImageObject\",\"inLanguage\":\"es\",\"@id\":\"https:\/\/secure.gravatar.com\/avatar\/7738df9a8ff2d12e8b37d088ff0e3e36016e57ab29e5db27ba4fb758a81ea3cb?s=96&d=mm&r=g\",\"url\":\"https:\/\/secure.gravatar.com\/avatar\/7738df9a8ff2d12e8b37d088ff0e3e36016e57ab29e5db27ba4fb758a81ea3cb?s=96&d=mm&r=g\",\"contentUrl\":\"https:\/\/secure.gravatar.com\/avatar\/7738df9a8ff2d12e8b37d088ff0e3e36016e57ab29e5db27ba4fb758a81ea3cb?s=96&d=mm&r=g\",\"caption\":\"Antonieta Castells Dolcet\"},\"sameAs\":[\"http:\/\/www.cmalleida.com\"]}]}<\/script>\n<!-- \/ Yoast SEO plugin. -->","yoast_head_json":{"title":"\u00bfPodr\u00e9 reclamar al Seguro por los d\u00edas que voy a estar sin mi veh\u00edculo? (La Vanguardia) - Col\u00b7legi de Mediadors d&#039;Assegurances de Lleida","robots":{"index":"index","follow":"follow","max-snippet":"max-snippet:-1","max-image-preview":"max-image-preview:large","max-video-preview":"max-video-preview:-1"},"canonical":"https:\/\/www.cmalleida.com\/es\/podre-reclamar-al-seguro-por-los-dias-que-voy-a-estar-sin-mi-vehiculo-la-vanguardia\/","og_locale":"es_ES","og_type":"article","og_title":"\u00bfPodr\u00e9 reclamar al Seguro por los d\u00edas que voy a estar sin mi veh\u00edculo? (La Vanguardia) - Col\u00b7legi de Mediadors d&#039;Assegurances de Lleida","og_description":"Es importante comprobar que dice la p\u00f3liza que tenemos contratada o consultar a nuestro mediador seguros para que nos asesore JOAN MORALES Publicado a 19-03-2019... Llegeix m\u00e9s","og_url":"https:\/\/www.cmalleida.com\/es\/podre-reclamar-al-seguro-por-los-dias-que-voy-a-estar-sin-mi-vehiculo-la-vanguardia\/","og_site_name":"Col\u00b7legi de Mediadors d&#039;Assegurances de Lleida","article_published_time":"2019-03-22T08:44:36+00:00","og_image":[{"width":762,"height":762,"url":"https:\/\/www.cmalleida.com\/wp-content\/uploads\/cmall-lleida-actualitat-car762.jpg","type":"image\/jpeg"}],"author":"Antonieta Castells Dolcet","twitter_card":"summary_large_image","twitter_misc":{"Written by":"Antonieta Castells Dolcet","Est. reading time":"5 minutos"},"schema":{"@context":"https:\/\/schema.org","@graph":[{"@type":"Article","@id":"https:\/\/www.cmalleida.com\/es\/podre-reclamar-al-seguro-por-los-dias-que-voy-a-estar-sin-mi-vehiculo-la-vanguardia\/#article","isPartOf":{"@id":"https:\/\/www.cmalleida.com\/es\/podre-reclamar-al-seguro-por-los-dias-que-voy-a-estar-sin-mi-vehiculo-la-vanguardia\/"},"author":{"name":"Antonieta Castells Dolcet","@id":"https:\/\/www.cmalleida.com\/es\/#\/schema\/person\/7461453022a0d6ce41c1e530eb4443b4"},"headline":"\u00bfPodr\u00e9 reclamar al Seguro por los d\u00edas que voy a estar sin mi veh\u00edculo? (La Vanguardia)","datePublished":"2019-03-22T08:44:36+00:00","mainEntityOfPage":{"@id":"https:\/\/www.cmalleida.com\/es\/podre-reclamar-al-seguro-por-los-dias-que-voy-a-estar-sin-mi-vehiculo-la-vanguardia\/"},"wordCount":969,"publisher":{"@id":"https:\/\/www.cmalleida.com\/es\/#organization"},"image":{"@id":"https:\/\/www.cmalleida.com\/es\/podre-reclamar-al-seguro-por-los-dias-que-voy-a-estar-sin-mi-vehiculo-la-vanguardia\/#primaryimage"},"thumbnailUrl":"https:\/\/www.cmalleida.com\/wp-content\/uploads\/cmall-lleida-actualitat-car762.jpg","articleSection":["Actualidad","Sinistres"],"inLanguage":"es"},{"@type":"WebPage","@id":"https:\/\/www.cmalleida.com\/es\/podre-reclamar-al-seguro-por-los-dias-que-voy-a-estar-sin-mi-vehiculo-la-vanguardia\/","url":"https:\/\/www.cmalleida.com\/es\/podre-reclamar-al-seguro-por-los-dias-que-voy-a-estar-sin-mi-vehiculo-la-vanguardia\/","name":"\u00bfPodr\u00e9 reclamar al Seguro por los d\u00edas que voy a estar sin mi veh\u00edculo? (La Vanguardia) - Col\u00b7legi de Mediadors d&#039;Assegurances de Lleida","isPartOf":{"@id":"https:\/\/www.cmalleida.com\/es\/#website"},"primaryImageOfPage":{"@id":"https:\/\/www.cmalleida.com\/es\/podre-reclamar-al-seguro-por-los-dias-que-voy-a-estar-sin-mi-vehiculo-la-vanguardia\/#primaryimage"},"image":{"@id":"https:\/\/www.cmalleida.com\/es\/podre-reclamar-al-seguro-por-los-dias-que-voy-a-estar-sin-mi-vehiculo-la-vanguardia\/#primaryimage"},"thumbnailUrl":"https:\/\/www.cmalleida.com\/wp-content\/uploads\/cmall-lleida-actualitat-car762.jpg","datePublished":"2019-03-22T08:44:36+00:00","breadcrumb":{"@id":"https:\/\/www.cmalleida.com\/es\/podre-reclamar-al-seguro-por-los-dias-que-voy-a-estar-sin-mi-vehiculo-la-vanguardia\/#breadcrumb"},"inLanguage":"es","potentialAction":[{"@type":"ReadAction","target":["https:\/\/www.cmalleida.com\/es\/podre-reclamar-al-seguro-por-los-dias-que-voy-a-estar-sin-mi-vehiculo-la-vanguardia\/"]}]},{"@type":"ImageObject","inLanguage":"es","@id":"https:\/\/www.cmalleida.com\/es\/podre-reclamar-al-seguro-por-los-dias-que-voy-a-estar-sin-mi-vehiculo-la-vanguardia\/#primaryimage","url":"https:\/\/www.cmalleida.com\/wp-content\/uploads\/cmall-lleida-actualitat-car762.jpg","contentUrl":"https:\/\/www.cmalleida.com\/wp-content\/uploads\/cmall-lleida-actualitat-car762.jpg","width":762,"height":762,"caption":"cmall-lleida-actualitat-CAR762"},{"@type":"BreadcrumbList","@id":"https:\/\/www.cmalleida.com\/es\/podre-reclamar-al-seguro-por-los-dias-que-voy-a-estar-sin-mi-vehiculo-la-vanguardia\/#breadcrumb","itemListElement":[{"@type":"ListItem","position":1,"name":"Inici","item":"https:\/\/www.cmalleida.com\/es\/"},{"@type":"ListItem","position":2,"name":"\u00bfPodr\u00e9 reclamar al Seguro por los d\u00edas que voy a estar sin mi veh\u00edculo? (La Vanguardia)"}]},{"@type":"WebSite","@id":"https:\/\/www.cmalleida.com\/es\/#website","url":"https:\/\/www.cmalleida.com\/es\/","name":"Col\u00b7legi de Mediadors d&#039;Assegurances de Lleida","description":"Otro sitio realizado con WordPress","publisher":{"@id":"https:\/\/www.cmalleida.com\/es\/#organization"},"potentialAction":[{"@type":"SearchAction","target":{"@type":"EntryPoint","urlTemplate":"https:\/\/www.cmalleida.com\/es\/?s={search_term_string}"},"query-input":{"@type":"PropertyValueSpecification","valueRequired":true,"valueName":"search_term_string"}}],"inLanguage":"es"},{"@type":"Organization","@id":"https:\/\/www.cmalleida.com\/es\/#organization","name":"Col\u00b7legi de Mediadors d'Assegurances de Lleida","url":"https:\/\/www.cmalleida.com\/es\/","logo":{"@type":"ImageObject","inLanguage":"es","@id":"https:\/\/www.cmalleida.com\/es\/#\/schema\/logo\/image\/","url":"","contentUrl":"","caption":"Col\u00b7legi de Mediadors d'Assegurances de Lleida"},"image":{"@id":"https:\/\/www.cmalleida.com\/es\/#\/schema\/logo\/image\/"}},{"@type":"Person","@id":"https:\/\/www.cmalleida.com\/es\/#\/schema\/person\/7461453022a0d6ce41c1e530eb4443b4","name":"Antonieta Castells Dolcet","image":{"@type":"ImageObject","inLanguage":"es","@id":"https:\/\/secure.gravatar.com\/avatar\/7738df9a8ff2d12e8b37d088ff0e3e36016e57ab29e5db27ba4fb758a81ea3cb?s=96&d=mm&r=g","url":"https:\/\/secure.gravatar.com\/avatar\/7738df9a8ff2d12e8b37d088ff0e3e36016e57ab29e5db27ba4fb758a81ea3cb?s=96&d=mm&r=g","contentUrl":"https:\/\/secure.gravatar.com\/avatar\/7738df9a8ff2d12e8b37d088ff0e3e36016e57ab29e5db27ba4fb758a81ea3cb?s=96&d=mm&r=g","caption":"Antonieta Castells Dolcet"},"sameAs":["http:\/\/www.cmalleida.com"]}]}},"_links":{"self":[{"href":"https:\/\/www.cmalleida.com\/es\/wp-json\/wp\/v2\/posts\/4439","targetHints":{"allow":["GET"]}}],"collection":[{"href":"https:\/\/www.cmalleida.com\/es\/wp-json\/wp\/v2\/posts"}],"about":[{"href":"https:\/\/www.cmalleida.com\/es\/wp-json\/wp\/v2\/types\/post"}],"author":[{"embeddable":true,"href":"https:\/\/www.cmalleida.com\/es\/wp-json\/wp\/v2\/users\/149"}],"replies":[{"embeddable":true,"href":"https:\/\/www.cmalleida.com\/es\/wp-json\/wp\/v2\/comments?post=4439"}],"version-history":[{"count":1,"href":"https:\/\/www.cmalleida.com\/es\/wp-json\/wp\/v2\/posts\/4439\/revisions"}],"predecessor-version":[{"id":4440,"href":"https:\/\/www.cmalleida.com\/es\/wp-json\/wp\/v2\/posts\/4439\/revisions\/4440"}],"wp:featuredmedia":[{"embeddable":true,"href":"https:\/\/www.cmalleida.com\/es\/wp-json\/wp\/v2\/media\/1869"}],"wp:attachment":[{"href":"https:\/\/www.cmalleida.com\/es\/wp-json\/wp\/v2\/media?parent=4439"}],"wp:term":[{"taxonomy":"category","embeddable":true,"href":"https:\/\/www.cmalleida.com\/es\/wp-json\/wp\/v2\/categories?post=4439"},{"taxonomy":"post_tag","embeddable":true,"href":"https:\/\/www.cmalleida.com\/es\/wp-json\/wp\/v2\/tags?post=4439"}],"curies":[{"name":"wp","href":"https:\/\/api.w.org\/{rel}","templated":true}]}}