{"id":4186,"date":"2019-02-19T13:15:51","date_gmt":"2019-02-19T12:15:51","guid":{"rendered":"https:\/\/www.cmalleida.com\/?p=4186"},"modified":"2019-02-19T13:15:51","modified_gmt":"2019-02-19T12:15:51","slug":"la-campana-de-recogida-de-material-de-oficina-y-informatica-recoge-sus-primeros-productos","status":"publish","type":"post","link":"https:\/\/www.cmalleida.com\/es\/la-campana-de-recogida-de-material-de-oficina-y-informatica-recoge-sus-primeros-productos\/","title":{"rendered":"La campa\u00f1a de recogida de material de oficina y inform\u00e1tica recoge sus primeros productos"},"content":{"rendered":"<p><em>&#8211; La campa\u00f1a, impulsada por el Col\u00b7legi, es en beneficio a PROSEC Lleida<\/em><br \/>\n<em>&#8211; Bol\u00edgrafos, libretas, teclados de ordenador, carpetas\u2026 y todo tipo de material de oficina y inform\u00e1ti<\/em><em>ca<\/em><br \/>\n<em>&#8211; La recogida durar\u00e1 hasta finales de marzo, para posteriormente hacer entrega del material a la enti<\/em><em>dad beneficiaria<\/em><\/p>\n<p>La campa\u00f1a de recogida de material de oficina y inform\u00e1tica empieza a recibir sus primeros productos. El\u00a0Col\u00b7legi de Mediadors d\u2019Assegurances de Lleida impuls\u00f3 esta campa\u00f1a a finales del mes de enero con la<br \/>\nfinalidad de recoger aquel material en buen estado que ya no se utiliza y que puede darse un segundo\u00a0uso. Para ello, el Col\u00b7legi firm\u00f3 previamente un convenio con la entidad social PROSEC de Lleida, beneficiaria<br \/>\nde todo el material que se recoja.<\/p>\n<p>En menos de un mes, se ha recogido todo tipo de material. Libretas, bol\u00edgrafos, material de papeler\u00eda\u00a0vario, teclados y ratones de ordenador, carpetas, archivadores, bolsas, incluso paraguas.<\/p>\n<p>Recordamos que la campa\u00f1a durar\u00e1 hasta finales de marzo y que, cualquier colegiado interesado en\u00a0participar aportando material puede ponerse en contacto con el Col\u00b7legi de Mediadors d\u2019Assegurances de<br \/>\nLleida. La campa\u00f1a est\u00e1 abierta a colegiados y sus respectivos clientes, quienes pueden contactar con su\u00a0mediador colegiado para m\u00e1s informaci\u00f3n.<\/p>\n","protected":false},"excerpt":{"rendered":"<p>&#8211; La campa\u00f1a, impulsada por el Col\u00b7legi, es en beneficio a PROSEC Lleida &#8211; Bol\u00edgrafos, libretas, teclados de ordenador, carpetas\u2026 y todo tipo de material&#8230; <a href=\"https:\/\/www.cmalleida.com\/es\/la-campana-de-recogida-de-material-de-oficina-y-informatica-recoge-sus-primeros-productos\/\" rel=\"nofollow\" class=\"lollegirmes\">Llegeix m\u00e9s<\/a><\/p>\n","protected":false},"author":149,"featured_media":4183,"comment_status":"closed","ping_status":"closed","sticky":false,"template":"","format":"standard","meta":{"_acf_changed":false,"_genesis_hide_title":false,"_genesis_hide_breadcrumbs":false,"_genesis_hide_singular_image":false,"_genesis_hide_footer_widgets":false,"_genesis_custom_body_class":"","_genesis_custom_post_class":"","_genesis_layout":"","footnotes":""},"categories":[28,101],"tags":[],"class_list":{"0":"post-4186","1":"post","2":"type-post","3":"status-publish","4":"format-standard","5":"has-post-thumbnail","7":"category-actualidad","8":"category-recortes-de-prensa","9":"entry"},"acf":[],"yoast_head":"<!-- This site is optimized with the Yoast SEO plugin v27.2 - https:\/\/yoast.com\/product\/yoast-seo-wordpress\/ -->\n<title>La campa\u00f1a de recogida de material de oficina y inform\u00e1tica recoge sus primeros productos - Col\u00b7legi de Mediadors d&#039;Assegurances de Lleida<\/title>\n<meta name=\"robots\" content=\"index, follow, max-snippet:-1, max-image-preview:large, max-video-preview:-1\" \/>\n<link rel=\"canonical\" href=\"https:\/\/www.cmalleida.com\/es\/la-campana-de-recogida-de-material-de-oficina-y-informatica-recoge-sus-primeros-productos\/\" \/>\n<meta property=\"og:locale\" content=\"es_ES\" \/>\n<meta property=\"og:type\" content=\"article\" \/>\n<meta property=\"og:title\" content=\"La campa\u00f1a de recogida de material de oficina y inform\u00e1tica recoge sus primeros productos - Col\u00b7legi de Mediadors d&#039;Assegurances de Lleida\" \/>\n<meta property=\"og:description\" content=\"&#8211; La campa\u00f1a, impulsada por el Col\u00b7legi, es en beneficio a PROSEC Lleida &#8211; Bol\u00edgrafos, libretas, teclados de ordenador, carpetas\u2026 y todo tipo de material... Llegeix m\u00e9s\" \/>\n<meta property=\"og:url\" content=\"https:\/\/www.cmalleida.com\/es\/la-campana-de-recogida-de-material-de-oficina-y-informatica-recoge-sus-primeros-productos\/\" \/>\n<meta property=\"og:site_name\" content=\"Col\u00b7legi de Mediadors d&#039;Assegurances de Lleida\" \/>\n<meta property=\"article:published_time\" content=\"2019-02-19T12:15:51+00:00\" \/>\n<meta property=\"og:image\" content=\"https:\/\/www.cmalleida.com\/wp-content\/uploads\/img-7386-1024x593.jpg\" \/>\n\t<meta property=\"og:image:width\" content=\"1024\" \/>\n\t<meta property=\"og:image:height\" content=\"593\" \/>\n\t<meta property=\"og:image:type\" content=\"image\/jpeg\" \/>\n<meta name=\"author\" content=\"Antonieta Castells Dolcet\" \/>\n<meta name=\"twitter:card\" content=\"summary_large_image\" \/>\n<meta name=\"twitter:label1\" content=\"Written by\" \/>\n\t<meta name=\"twitter:data1\" content=\"Antonieta Castells Dolcet\" \/>\n\t<meta name=\"twitter:label2\" content=\"Est. reading time\" \/>\n\t<meta name=\"twitter:data2\" content=\"1 minuto\" \/>\n<script type=\"application\/ld+json\" class=\"yoast-schema-graph\">{\"@context\":\"https:\/\/schema.org\",\"@graph\":[{\"@type\":\"Article\",\"@id\":\"https:\/\/www.cmalleida.com\/es\/la-campana-de-recogida-de-material-de-oficina-y-informatica-recoge-sus-primeros-productos\/#article\",\"isPartOf\":{\"@id\":\"https:\/\/www.cmalleida.com\/es\/la-campana-de-recogida-de-material-de-oficina-y-informatica-recoge-sus-primeros-productos\/\"},\"author\":{\"name\":\"Antonieta Castells Dolcet\",\"@id\":\"https:\/\/www.cmalleida.com\/es\/#\/schema\/person\/7461453022a0d6ce41c1e530eb4443b4\"},\"headline\":\"La campa\u00f1a de recogida de material de oficina y inform\u00e1tica recoge sus primeros productos\",\"datePublished\":\"2019-02-19T12:15:51+00:00\",\"mainEntityOfPage\":{\"@id\":\"https:\/\/www.cmalleida.com\/es\/la-campana-de-recogida-de-material-de-oficina-y-informatica-recoge-sus-primeros-productos\/\"},\"wordCount\":238,\"publisher\":{\"@id\":\"https:\/\/www.cmalleida.com\/es\/#organization\"},\"image\":{\"@id\":\"https:\/\/www.cmalleida.com\/es\/la-campana-de-recogida-de-material-de-oficina-y-informatica-recoge-sus-primeros-productos\/#primaryimage\"},\"thumbnailUrl\":\"https:\/\/www.cmalleida.com\/wp-content\/uploads\/img-7386.jpg\",\"articleSection\":[\"Actualidad\",\"Recopilaciones de Prensa\"],\"inLanguage\":\"es\"},{\"@type\":\"WebPage\",\"@id\":\"https:\/\/www.cmalleida.com\/es\/la-campana-de-recogida-de-material-de-oficina-y-informatica-recoge-sus-primeros-productos\/\",\"url\":\"https:\/\/www.cmalleida.com\/es\/la-campana-de-recogida-de-material-de-oficina-y-informatica-recoge-sus-primeros-productos\/\",\"name\":\"La campa\u00f1a de recogida de material de oficina y inform\u00e1tica recoge sus primeros productos - Col\u00b7legi de Mediadors d&#039;Assegurances de Lleida\",\"isPartOf\":{\"@id\":\"https:\/\/www.cmalleida.com\/es\/#website\"},\"primaryImageOfPage\":{\"@id\":\"https:\/\/www.cmalleida.com\/es\/la-campana-de-recogida-de-material-de-oficina-y-informatica-recoge-sus-primeros-productos\/#primaryimage\"},\"image\":{\"@id\":\"https:\/\/www.cmalleida.com\/es\/la-campana-de-recogida-de-material-de-oficina-y-informatica-recoge-sus-primeros-productos\/#primaryimage\"},\"thumbnailUrl\":\"https:\/\/www.cmalleida.com\/wp-content\/uploads\/img-7386.jpg\",\"datePublished\":\"2019-02-19T12:15:51+00:00\",\"breadcrumb\":{\"@id\":\"https:\/\/www.cmalleida.com\/es\/la-campana-de-recogida-de-material-de-oficina-y-informatica-recoge-sus-primeros-productos\/#breadcrumb\"},\"inLanguage\":\"es\",\"potentialAction\":[{\"@type\":\"ReadAction\",\"target\":[\"https:\/\/www.cmalleida.com\/es\/la-campana-de-recogida-de-material-de-oficina-y-informatica-recoge-sus-primeros-productos\/\"]}]},{\"@type\":\"ImageObject\",\"inLanguage\":\"es\",\"@id\":\"https:\/\/www.cmalleida.com\/es\/la-campana-de-recogida-de-material-de-oficina-y-informatica-recoge-sus-primeros-productos\/#primaryimage\",\"url\":\"https:\/\/www.cmalleida.com\/wp-content\/uploads\/img-7386.jpg\",\"contentUrl\":\"https:\/\/www.cmalleida.com\/wp-content\/uploads\/img-7386.jpg\",\"width\":4635,\"height\":2683,\"caption\":\"IMG_7386\"},{\"@type\":\"BreadcrumbList\",\"@id\":\"https:\/\/www.cmalleida.com\/es\/la-campana-de-recogida-de-material-de-oficina-y-informatica-recoge-sus-primeros-productos\/#breadcrumb\",\"itemListElement\":[{\"@type\":\"ListItem\",\"position\":1,\"name\":\"Inici\",\"item\":\"https:\/\/www.cmalleida.com\/es\/\"},{\"@type\":\"ListItem\",\"position\":2,\"name\":\"La campa\u00f1a de recogida de material de oficina y inform\u00e1tica recoge sus primeros productos\"}]},{\"@type\":\"WebSite\",\"@id\":\"https:\/\/www.cmalleida.com\/es\/#website\",\"url\":\"https:\/\/www.cmalleida.com\/es\/\",\"name\":\"Col\u00b7legi de Mediadors d&#039;Assegurances de Lleida\",\"description\":\"Otro sitio realizado con WordPress\",\"publisher\":{\"@id\":\"https:\/\/www.cmalleida.com\/es\/#organization\"},\"potentialAction\":[{\"@type\":\"SearchAction\",\"target\":{\"@type\":\"EntryPoint\",\"urlTemplate\":\"https:\/\/www.cmalleida.com\/es\/?s={search_term_string}\"},\"query-input\":{\"@type\":\"PropertyValueSpecification\",\"valueRequired\":true,\"valueName\":\"search_term_string\"}}],\"inLanguage\":\"es\"},{\"@type\":\"Organization\",\"@id\":\"https:\/\/www.cmalleida.com\/es\/#organization\",\"name\":\"Col\u00b7legi de Mediadors d'Assegurances de Lleida\",\"url\":\"https:\/\/www.cmalleida.com\/es\/\",\"logo\":{\"@type\":\"ImageObject\",\"inLanguage\":\"es\",\"@id\":\"https:\/\/www.cmalleida.com\/es\/#\/schema\/logo\/image\/\",\"url\":\"\",\"contentUrl\":\"\",\"caption\":\"Col\u00b7legi de Mediadors d'Assegurances de Lleida\"},\"image\":{\"@id\":\"https:\/\/www.cmalleida.com\/es\/#\/schema\/logo\/image\/\"}},{\"@type\":\"Person\",\"@id\":\"https:\/\/www.cmalleida.com\/es\/#\/schema\/person\/7461453022a0d6ce41c1e530eb4443b4\",\"name\":\"Antonieta Castells Dolcet\",\"image\":{\"@type\":\"ImageObject\",\"inLanguage\":\"es\",\"@id\":\"https:\/\/secure.gravatar.com\/avatar\/7738df9a8ff2d12e8b37d088ff0e3e36016e57ab29e5db27ba4fb758a81ea3cb?s=96&d=mm&r=g\",\"url\":\"https:\/\/secure.gravatar.com\/avatar\/7738df9a8ff2d12e8b37d088ff0e3e36016e57ab29e5db27ba4fb758a81ea3cb?s=96&d=mm&r=g\",\"contentUrl\":\"https:\/\/secure.gravatar.com\/avatar\/7738df9a8ff2d12e8b37d088ff0e3e36016e57ab29e5db27ba4fb758a81ea3cb?s=96&d=mm&r=g\",\"caption\":\"Antonieta Castells Dolcet\"},\"sameAs\":[\"http:\/\/www.cmalleida.com\"]}]}<\/script>\n<!-- \/ Yoast SEO plugin. -->","yoast_head_json":{"title":"La campa\u00f1a de recogida de material de oficina y inform\u00e1tica recoge sus primeros productos - Col\u00b7legi de Mediadors d&#039;Assegurances de Lleida","robots":{"index":"index","follow":"follow","max-snippet":"max-snippet:-1","max-image-preview":"max-image-preview:large","max-video-preview":"max-video-preview:-1"},"canonical":"https:\/\/www.cmalleida.com\/es\/la-campana-de-recogida-de-material-de-oficina-y-informatica-recoge-sus-primeros-productos\/","og_locale":"es_ES","og_type":"article","og_title":"La campa\u00f1a de recogida de material de oficina y inform\u00e1tica recoge sus primeros productos - Col\u00b7legi de Mediadors d&#039;Assegurances de Lleida","og_description":"&#8211; La campa\u00f1a, impulsada por el Col\u00b7legi, es en beneficio a PROSEC Lleida &#8211; Bol\u00edgrafos, libretas, teclados de ordenador, carpetas\u2026 y todo tipo de material... Llegeix m\u00e9s","og_url":"https:\/\/www.cmalleida.com\/es\/la-campana-de-recogida-de-material-de-oficina-y-informatica-recoge-sus-primeros-productos\/","og_site_name":"Col\u00b7legi de Mediadors d&#039;Assegurances de Lleida","article_published_time":"2019-02-19T12:15:51+00:00","og_image":[{"width":1024,"height":593,"url":"https:\/\/www.cmalleida.com\/wp-content\/uploads\/img-7386-1024x593.jpg","type":"image\/jpeg"}],"author":"Antonieta Castells Dolcet","twitter_card":"summary_large_image","twitter_misc":{"Written by":"Antonieta Castells Dolcet","Est. reading time":"1 minuto"},"schema":{"@context":"https:\/\/schema.org","@graph":[{"@type":"Article","@id":"https:\/\/www.cmalleida.com\/es\/la-campana-de-recogida-de-material-de-oficina-y-informatica-recoge-sus-primeros-productos\/#article","isPartOf":{"@id":"https:\/\/www.cmalleida.com\/es\/la-campana-de-recogida-de-material-de-oficina-y-informatica-recoge-sus-primeros-productos\/"},"author":{"name":"Antonieta Castells Dolcet","@id":"https:\/\/www.cmalleida.com\/es\/#\/schema\/person\/7461453022a0d6ce41c1e530eb4443b4"},"headline":"La campa\u00f1a de recogida de material de oficina y inform\u00e1tica recoge sus primeros productos","datePublished":"2019-02-19T12:15:51+00:00","mainEntityOfPage":{"@id":"https:\/\/www.cmalleida.com\/es\/la-campana-de-recogida-de-material-de-oficina-y-informatica-recoge-sus-primeros-productos\/"},"wordCount":238,"publisher":{"@id":"https:\/\/www.cmalleida.com\/es\/#organization"},"image":{"@id":"https:\/\/www.cmalleida.com\/es\/la-campana-de-recogida-de-material-de-oficina-y-informatica-recoge-sus-primeros-productos\/#primaryimage"},"thumbnailUrl":"https:\/\/www.cmalleida.com\/wp-content\/uploads\/img-7386.jpg","articleSection":["Actualidad","Recopilaciones de Prensa"],"inLanguage":"es"},{"@type":"WebPage","@id":"https:\/\/www.cmalleida.com\/es\/la-campana-de-recogida-de-material-de-oficina-y-informatica-recoge-sus-primeros-productos\/","url":"https:\/\/www.cmalleida.com\/es\/la-campana-de-recogida-de-material-de-oficina-y-informatica-recoge-sus-primeros-productos\/","name":"La campa\u00f1a de recogida de material de oficina y inform\u00e1tica recoge sus primeros productos - Col\u00b7legi de Mediadors d&#039;Assegurances de Lleida","isPartOf":{"@id":"https:\/\/www.cmalleida.com\/es\/#website"},"primaryImageOfPage":{"@id":"https:\/\/www.cmalleida.com\/es\/la-campana-de-recogida-de-material-de-oficina-y-informatica-recoge-sus-primeros-productos\/#primaryimage"},"image":{"@id":"https:\/\/www.cmalleida.com\/es\/la-campana-de-recogida-de-material-de-oficina-y-informatica-recoge-sus-primeros-productos\/#primaryimage"},"thumbnailUrl":"https:\/\/www.cmalleida.com\/wp-content\/uploads\/img-7386.jpg","datePublished":"2019-02-19T12:15:51+00:00","breadcrumb":{"@id":"https:\/\/www.cmalleida.com\/es\/la-campana-de-recogida-de-material-de-oficina-y-informatica-recoge-sus-primeros-productos\/#breadcrumb"},"inLanguage":"es","potentialAction":[{"@type":"ReadAction","target":["https:\/\/www.cmalleida.com\/es\/la-campana-de-recogida-de-material-de-oficina-y-informatica-recoge-sus-primeros-productos\/"]}]},{"@type":"ImageObject","inLanguage":"es","@id":"https:\/\/www.cmalleida.com\/es\/la-campana-de-recogida-de-material-de-oficina-y-informatica-recoge-sus-primeros-productos\/#primaryimage","url":"https:\/\/www.cmalleida.com\/wp-content\/uploads\/img-7386.jpg","contentUrl":"https:\/\/www.cmalleida.com\/wp-content\/uploads\/img-7386.jpg","width":4635,"height":2683,"caption":"IMG_7386"},{"@type":"BreadcrumbList","@id":"https:\/\/www.cmalleida.com\/es\/la-campana-de-recogida-de-material-de-oficina-y-informatica-recoge-sus-primeros-productos\/#breadcrumb","itemListElement":[{"@type":"ListItem","position":1,"name":"Inici","item":"https:\/\/www.cmalleida.com\/es\/"},{"@type":"ListItem","position":2,"name":"La campa\u00f1a de recogida de material de oficina y inform\u00e1tica recoge sus primeros productos"}]},{"@type":"WebSite","@id":"https:\/\/www.cmalleida.com\/es\/#website","url":"https:\/\/www.cmalleida.com\/es\/","name":"Col\u00b7legi de Mediadors d&#039;Assegurances de Lleida","description":"Otro sitio realizado con WordPress","publisher":{"@id":"https:\/\/www.cmalleida.com\/es\/#organization"},"potentialAction":[{"@type":"SearchAction","target":{"@type":"EntryPoint","urlTemplate":"https:\/\/www.cmalleida.com\/es\/?s={search_term_string}"},"query-input":{"@type":"PropertyValueSpecification","valueRequired":true,"valueName":"search_term_string"}}],"inLanguage":"es"},{"@type":"Organization","@id":"https:\/\/www.cmalleida.com\/es\/#organization","name":"Col\u00b7legi de Mediadors d'Assegurances de Lleida","url":"https:\/\/www.cmalleida.com\/es\/","logo":{"@type":"ImageObject","inLanguage":"es","@id":"https:\/\/www.cmalleida.com\/es\/#\/schema\/logo\/image\/","url":"","contentUrl":"","caption":"Col\u00b7legi de Mediadors d'Assegurances de Lleida"},"image":{"@id":"https:\/\/www.cmalleida.com\/es\/#\/schema\/logo\/image\/"}},{"@type":"Person","@id":"https:\/\/www.cmalleida.com\/es\/#\/schema\/person\/7461453022a0d6ce41c1e530eb4443b4","name":"Antonieta Castells Dolcet","image":{"@type":"ImageObject","inLanguage":"es","@id":"https:\/\/secure.gravatar.com\/avatar\/7738df9a8ff2d12e8b37d088ff0e3e36016e57ab29e5db27ba4fb758a81ea3cb?s=96&d=mm&r=g","url":"https:\/\/secure.gravatar.com\/avatar\/7738df9a8ff2d12e8b37d088ff0e3e36016e57ab29e5db27ba4fb758a81ea3cb?s=96&d=mm&r=g","contentUrl":"https:\/\/secure.gravatar.com\/avatar\/7738df9a8ff2d12e8b37d088ff0e3e36016e57ab29e5db27ba4fb758a81ea3cb?s=96&d=mm&r=g","caption":"Antonieta Castells Dolcet"},"sameAs":["http:\/\/www.cmalleida.com"]}]}},"_links":{"self":[{"href":"https:\/\/www.cmalleida.com\/es\/wp-json\/wp\/v2\/posts\/4186","targetHints":{"allow":["GET"]}}],"collection":[{"href":"https:\/\/www.cmalleida.com\/es\/wp-json\/wp\/v2\/posts"}],"about":[{"href":"https:\/\/www.cmalleida.com\/es\/wp-json\/wp\/v2\/types\/post"}],"author":[{"embeddable":true,"href":"https:\/\/www.cmalleida.com\/es\/wp-json\/wp\/v2\/users\/149"}],"replies":[{"embeddable":true,"href":"https:\/\/www.cmalleida.com\/es\/wp-json\/wp\/v2\/comments?post=4186"}],"version-history":[{"count":1,"href":"https:\/\/www.cmalleida.com\/es\/wp-json\/wp\/v2\/posts\/4186\/revisions"}],"predecessor-version":[{"id":4187,"href":"https:\/\/www.cmalleida.com\/es\/wp-json\/wp\/v2\/posts\/4186\/revisions\/4187"}],"wp:featuredmedia":[{"embeddable":true,"href":"https:\/\/www.cmalleida.com\/es\/wp-json\/wp\/v2\/media\/4183"}],"wp:attachment":[{"href":"https:\/\/www.cmalleida.com\/es\/wp-json\/wp\/v2\/media?parent=4186"}],"wp:term":[{"taxonomy":"category","embeddable":true,"href":"https:\/\/www.cmalleida.com\/es\/wp-json\/wp\/v2\/categories?post=4186"},{"taxonomy":"post_tag","embeddable":true,"href":"https:\/\/www.cmalleida.com\/es\/wp-json\/wp\/v2\/tags?post=4186"}],"curies":[{"name":"wp","href":"https:\/\/api.w.org\/{rel}","templated":true}]}}