{"id":4074,"date":"2019-02-08T09:34:05","date_gmt":"2019-02-08T08:34:05","guid":{"rendered":"https:\/\/www.cmalleida.com\/?p=4074"},"modified":"2019-02-08T09:34:05","modified_gmt":"2019-02-08T08:34:05","slug":"como-reclamar-si-nos-atropella-un-patinete-electrico-la-vanguardia","status":"publish","type":"post","link":"https:\/\/www.cmalleida.com\/es\/como-reclamar-si-nos-atropella-un-patinete-electrico-la-vanguardia\/","title":{"rendered":"\u00bfC\u00f3mo reclamar si nos atropella un patinete el\u00e9ctrico? (La Vanguardia)"},"content":{"rendered":"<p><em>\u00a0Los expertos advierten que causar un accidente con un veh\u00edculo de movilidad personal puede acarrear consecuencias penales<\/em><\/p>\n<p><strong>REDACCI\u00d3N <\/strong><strong>Publicado a 11-01-2019 9:56<\/strong><\/p>\n<p>Los patinetes el\u00e9ctricos han sido uno de los regalos estrella estas Navidades.\u00a0 Circulan por las v\u00edas p\u00fablica sin que exista a\u00fan una normativa a nivel estatal que regule su uso y efectos.\u00a0<strong>Solo en 2018, los patinetes provocaron un m\u00ednimo de 273 accidentes con heridos<\/strong>\u00a0en 44 grandes ciudades espa\u00f1olas, seg\u00fan datos de la Fiscal\u00eda.\u00a0<strong>De los 273 sucesos contabilizados, 203 han registrado el atropello de peatones por patinetes<\/strong>\u00a0en los que la responsabilidad del siniestro ha sido del conductor del veh\u00edculo. Tambi\u00e9n se investigan dos accidentes mortales, ambos en Catalu\u00f1a.<\/p>\n<p>Profesionales legales de Das Seguros recuerdan que los patinetes el\u00e9ctricos \u201c<strong>no se consideran veh\u00edculos a motor y no deben cumplir con las exigencias que marca la ley para estos<\/strong>\u201c. Aun as\u00ed, alertan de que \u201cla falta de conciencia respecto a la normativa vigente sobre el uso de patinetes el\u00e9ctricos ha puesto sobre la mesa la necesidad de que las empresas que los venden expliquen correctamente las instrucciones de uso y, por otra parte, que los ayuntamientos promuevan la normativa que los regula de manera eficaz\u201d.<\/p>\n<p><strong>Pasos para reclamar<\/strong><\/p>\n<p><strong>Si hemos sido v\u00edctimas de un atropello<\/strong>\u00a0por alg\u00fan tipo de veh\u00edculos de movilidad personal, concretamente por un patinete el\u00e9ctrico,\u00a0<strong>estos son los pasos que hay que seguir<\/strong>, seg\u00fan los expertos de Das seguros:<\/p>\n<p>Hablar con el causante del accidente y pedirle sus\u00a0<strong>datos personales, direcci\u00f3n y los datos del seguro<\/strong>\u00a0(en caso de que tenga).<\/p>\n<p><strong>Recopilar las pruebas o documentos que acrediten el accidente<\/strong>\u00a0por parte de un patinete el\u00e9ctrico. Aqu\u00ed entra desde fotograf\u00edas del lugar, testigos del atropello, hasta el parte m\u00e9dico.<\/p>\n<p>Posteriormente, iniciar la\u00a0<strong>reclamaci\u00f3n extrajudicial mediante una carta dirigida al causante del accidente<\/strong>. Esta carta debe ser lo m\u00e1s detallada posible para explicar todos los motivos que declaren al conductor del patinete el\u00e9ctrico como causante del atropello. Para ello, dispones de un a\u00f1o de plazo desde el alta m\u00e9dica de tus lesiones.<\/p>\n<p>Iniciar la<strong>\u00a0reclamaci\u00f3n en v\u00eda judicial si la otra parte no responde<\/strong>\u00a0o su respuesta no es satisfactoria.<\/p>\n<p><strong>Consecuencias penales<\/strong><\/p>\n<p>Hasta la fecha,\u00a0<strong>los distintos municipios han ido aplicando sus propias normativas para hacer frente al auge del patinete el\u00e9ctrico.<\/strong>\u00a0Un ejemplo es la Ordenanza de circulaci\u00f3n de peatones y veh\u00edculos de Barcelona, una medida pionera en todo el mundo que regula, entre otros, la circulaci\u00f3n de patinetes el\u00e9ctricos,<em>\u00a0segways<\/em>\u00a0y ruedas el\u00e9ctricas. Esta medida entrar\u00e1 en vigor este a\u00f1o y se espera que otros municipios sigan la iniciativa.<\/p>\n<p>Ante la falta de consenso \u2013 y de cifras sobre accidentes y denuncias por parte de las Polic\u00edas Locales- la\u00a0<strong>Direcci\u00f3n General de Tr\u00e1fico (DGT) est\u00e1 trabajando para establecer una regulaci\u00f3n m\u00ednima sobre los patinetes el\u00e9ctricos<\/strong>, que contemplar\u00eda la prohibici\u00f3n de circular por la acera o de utilizar auriculares, as\u00ed como establecer el l\u00edmite de velocidad a 25 kil\u00f3metros por hora, entre otras medidas.<\/p>\n<p>\u201cComo se ha visto en el \u00faltimo a\u00f1o, los patinetes el\u00e9ctricos tienen las mismas caracter\u00edsticas t\u00e9cnicas, como la potencia de motor o la velocidad, que los ciclomotores, por lo que se les puede aplicar el C\u00f3digo Penal\u201d, destacan expertos de Das Seguros. As\u00ed,\u00a0<strong>en caso de accidente mortal, se podr\u00eda aplicar entre uno y cuatro a\u00f1os de prisi\u00f3n<\/strong>, mientras que cuando un patinete causa lesiones por una imprudencia grave,\u00a0<strong>la pena podr\u00eda oscilar entre los 3 meses y los 3 a\u00f1os de c\u00e1rcel<\/strong>. \u201cEstamos hablando de situaciones en que el conductor del patinete circule de manera indebida por la acera, est\u00e9 utilizando el m\u00f3vil o conduzca bajo los efectos del alcohol o drogas\u201d, matizan desde Das Seguros.<\/p>\n<p><strong>Contratar un seguro<\/strong><\/p>\n<p>Los expertos de Das Seguros tambi\u00e9n aconsejan\u00a0<strong>disponer de un seguro de responsabilidad civil<\/strong>, aunque \u00e9ste no sea obligatorio, ya que si disponemos de un patinete el\u00e9ctrico y sufrimos un accidente del que somos culpables, si contamos con un seguro ser\u00e1 la aseguradora quien se haga cargo del resarcimiento a los terceros involucrados. Ya sea un veh\u00edculo o un peat\u00f3n.<\/p>\n<p>Por otro lado, es importante tener en cuenta que quiz\u00e1s, si disponemos de una\u00a0<strong>p\u00f3liza de seguro del hogar<\/strong>, \u00e9sta ya est\u00e9 garantizando los da\u00f1os que podamos ocasionar conduciendo un patinete el\u00e9ctrico.<\/p>\n","protected":false},"excerpt":{"rendered":"<p>\u00a0Los expertos advierten que causar un accidente con un veh\u00edculo de movilidad personal puede acarrear consecuencias penales REDACCI\u00d3N Publicado a 11-01-2019 9:56 Los patinetes el\u00e9ctricos&#8230; <a href=\"https:\/\/www.cmalleida.com\/es\/como-reclamar-si-nos-atropella-un-patinete-electrico-la-vanguardia\/\" rel=\"nofollow\" class=\"lollegirmes\">Llegeix m\u00e9s<\/a><\/p>\n","protected":false},"author":149,"featured_media":1839,"comment_status":"closed","ping_status":"closed","sticky":false,"template":"","format":"standard","meta":{"_acf_changed":false,"_genesis_hide_title":false,"_genesis_hide_breadcrumbs":false,"_genesis_hide_singular_image":false,"_genesis_hide_footer_widgets":false,"_genesis_custom_body_class":"","_genesis_custom_post_class":"","_genesis_layout":"","footnotes":""},"categories":[28,62],"tags":[],"class_list":{"0":"post-4074","1":"post","2":"type-post","3":"status-publish","4":"format-standard","5":"has-post-thumbnail","7":"category-actualidad","8":"category-sinistres-es","9":"entry"},"acf":[],"yoast_head":"<!-- This site is optimized with the Yoast SEO plugin v27.2 - https:\/\/yoast.com\/product\/yoast-seo-wordpress\/ -->\n<title>\u00bfC\u00f3mo reclamar si nos atropella un patinete el\u00e9ctrico? (La Vanguardia) - Col\u00b7legi de Mediadors d&#039;Assegurances de Lleida<\/title>\n<meta name=\"robots\" content=\"index, follow, max-snippet:-1, max-image-preview:large, max-video-preview:-1\" \/>\n<link rel=\"canonical\" href=\"https:\/\/www.cmalleida.com\/es\/como-reclamar-si-nos-atropella-un-patinete-electrico-la-vanguardia\/\" \/>\n<meta property=\"og:locale\" content=\"es_ES\" \/>\n<meta property=\"og:type\" content=\"article\" \/>\n<meta property=\"og:title\" content=\"\u00bfC\u00f3mo reclamar si nos atropella un patinete el\u00e9ctrico? (La Vanguardia) - Col\u00b7legi de Mediadors d&#039;Assegurances de Lleida\" \/>\n<meta property=\"og:description\" content=\"\u00a0Los expertos advierten que causar un accidente con un veh\u00edculo de movilidad personal puede acarrear consecuencias penales REDACCI\u00d3N Publicado a 11-01-2019 9:56 Los patinetes el\u00e9ctricos... Llegeix m\u00e9s\" \/>\n<meta property=\"og:url\" content=\"https:\/\/www.cmalleida.com\/es\/como-reclamar-si-nos-atropella-un-patinete-electrico-la-vanguardia\/\" \/>\n<meta property=\"og:site_name\" content=\"Col\u00b7legi de Mediadors d&#039;Assegurances de Lleida\" \/>\n<meta property=\"article:published_time\" content=\"2019-02-08T08:34:05+00:00\" \/>\n<meta property=\"og:image\" content=\"https:\/\/www.cmalleida.com\/wp-content\/uploads\/cmall-lleida-actualitat-sport762.jpg\" \/>\n\t<meta property=\"og:image:width\" content=\"762\" \/>\n\t<meta property=\"og:image:height\" content=\"762\" \/>\n\t<meta property=\"og:image:type\" content=\"image\/jpeg\" \/>\n<meta name=\"author\" content=\"Antonieta Castells Dolcet\" \/>\n<meta name=\"twitter:card\" content=\"summary_large_image\" \/>\n<meta name=\"twitter:label1\" content=\"Written by\" \/>\n\t<meta name=\"twitter:data1\" content=\"Antonieta Castells Dolcet\" \/>\n\t<meta name=\"twitter:label2\" content=\"Est. reading time\" \/>\n\t<meta name=\"twitter:data2\" content=\"4 minutos\" \/>\n<script type=\"application\/ld+json\" class=\"yoast-schema-graph\">{\"@context\":\"https:\/\/schema.org\",\"@graph\":[{\"@type\":\"Article\",\"@id\":\"https:\/\/www.cmalleida.com\/es\/como-reclamar-si-nos-atropella-un-patinete-electrico-la-vanguardia\/#article\",\"isPartOf\":{\"@id\":\"https:\/\/www.cmalleida.com\/es\/como-reclamar-si-nos-atropella-un-patinete-electrico-la-vanguardia\/\"},\"author\":{\"name\":\"Antonieta Castells Dolcet\",\"@id\":\"https:\/\/www.cmalleida.com\/es\/#\/schema\/person\/7461453022a0d6ce41c1e530eb4443b4\"},\"headline\":\"\u00bfC\u00f3mo reclamar si nos atropella un patinete el\u00e9ctrico? (La Vanguardia)\",\"datePublished\":\"2019-02-08T08:34:05+00:00\",\"mainEntityOfPage\":{\"@id\":\"https:\/\/www.cmalleida.com\/es\/como-reclamar-si-nos-atropella-un-patinete-electrico-la-vanguardia\/\"},\"wordCount\":774,\"publisher\":{\"@id\":\"https:\/\/www.cmalleida.com\/es\/#organization\"},\"image\":{\"@id\":\"https:\/\/www.cmalleida.com\/es\/como-reclamar-si-nos-atropella-un-patinete-electrico-la-vanguardia\/#primaryimage\"},\"thumbnailUrl\":\"https:\/\/www.cmalleida.com\/wp-content\/uploads\/cmall-lleida-actualitat-sport762.jpg\",\"articleSection\":[\"Actualidad\",\"Sinistres\"],\"inLanguage\":\"es\"},{\"@type\":\"WebPage\",\"@id\":\"https:\/\/www.cmalleida.com\/es\/como-reclamar-si-nos-atropella-un-patinete-electrico-la-vanguardia\/\",\"url\":\"https:\/\/www.cmalleida.com\/es\/como-reclamar-si-nos-atropella-un-patinete-electrico-la-vanguardia\/\",\"name\":\"\u00bfC\u00f3mo reclamar si nos atropella un patinete el\u00e9ctrico? (La Vanguardia) - Col\u00b7legi de Mediadors d&#039;Assegurances de Lleida\",\"isPartOf\":{\"@id\":\"https:\/\/www.cmalleida.com\/es\/#website\"},\"primaryImageOfPage\":{\"@id\":\"https:\/\/www.cmalleida.com\/es\/como-reclamar-si-nos-atropella-un-patinete-electrico-la-vanguardia\/#primaryimage\"},\"image\":{\"@id\":\"https:\/\/www.cmalleida.com\/es\/como-reclamar-si-nos-atropella-un-patinete-electrico-la-vanguardia\/#primaryimage\"},\"thumbnailUrl\":\"https:\/\/www.cmalleida.com\/wp-content\/uploads\/cmall-lleida-actualitat-sport762.jpg\",\"datePublished\":\"2019-02-08T08:34:05+00:00\",\"breadcrumb\":{\"@id\":\"https:\/\/www.cmalleida.com\/es\/como-reclamar-si-nos-atropella-un-patinete-electrico-la-vanguardia\/#breadcrumb\"},\"inLanguage\":\"es\",\"potentialAction\":[{\"@type\":\"ReadAction\",\"target\":[\"https:\/\/www.cmalleida.com\/es\/como-reclamar-si-nos-atropella-un-patinete-electrico-la-vanguardia\/\"]}]},{\"@type\":\"ImageObject\",\"inLanguage\":\"es\",\"@id\":\"https:\/\/www.cmalleida.com\/es\/como-reclamar-si-nos-atropella-un-patinete-electrico-la-vanguardia\/#primaryimage\",\"url\":\"https:\/\/www.cmalleida.com\/wp-content\/uploads\/cmall-lleida-actualitat-sport762.jpg\",\"contentUrl\":\"https:\/\/www.cmalleida.com\/wp-content\/uploads\/cmall-lleida-actualitat-sport762.jpg\",\"width\":762,\"height\":762,\"caption\":\"cmall-lleida-actualitat-sport762\"},{\"@type\":\"BreadcrumbList\",\"@id\":\"https:\/\/www.cmalleida.com\/es\/como-reclamar-si-nos-atropella-un-patinete-electrico-la-vanguardia\/#breadcrumb\",\"itemListElement\":[{\"@type\":\"ListItem\",\"position\":1,\"name\":\"Inici\",\"item\":\"https:\/\/www.cmalleida.com\/es\/\"},{\"@type\":\"ListItem\",\"position\":2,\"name\":\"\u00bfC\u00f3mo reclamar si nos atropella un patinete el\u00e9ctrico? (La Vanguardia)\"}]},{\"@type\":\"WebSite\",\"@id\":\"https:\/\/www.cmalleida.com\/es\/#website\",\"url\":\"https:\/\/www.cmalleida.com\/es\/\",\"name\":\"Col\u00b7legi de Mediadors d&#039;Assegurances de Lleida\",\"description\":\"Otro sitio realizado con WordPress\",\"publisher\":{\"@id\":\"https:\/\/www.cmalleida.com\/es\/#organization\"},\"potentialAction\":[{\"@type\":\"SearchAction\",\"target\":{\"@type\":\"EntryPoint\",\"urlTemplate\":\"https:\/\/www.cmalleida.com\/es\/?s={search_term_string}\"},\"query-input\":{\"@type\":\"PropertyValueSpecification\",\"valueRequired\":true,\"valueName\":\"search_term_string\"}}],\"inLanguage\":\"es\"},{\"@type\":\"Organization\",\"@id\":\"https:\/\/www.cmalleida.com\/es\/#organization\",\"name\":\"Col\u00b7legi de Mediadors d'Assegurances de Lleida\",\"url\":\"https:\/\/www.cmalleida.com\/es\/\",\"logo\":{\"@type\":\"ImageObject\",\"inLanguage\":\"es\",\"@id\":\"https:\/\/www.cmalleida.com\/es\/#\/schema\/logo\/image\/\",\"url\":\"\",\"contentUrl\":\"\",\"caption\":\"Col\u00b7legi de Mediadors d'Assegurances de Lleida\"},\"image\":{\"@id\":\"https:\/\/www.cmalleida.com\/es\/#\/schema\/logo\/image\/\"}},{\"@type\":\"Person\",\"@id\":\"https:\/\/www.cmalleida.com\/es\/#\/schema\/person\/7461453022a0d6ce41c1e530eb4443b4\",\"name\":\"Antonieta Castells Dolcet\",\"image\":{\"@type\":\"ImageObject\",\"inLanguage\":\"es\",\"@id\":\"https:\/\/secure.gravatar.com\/avatar\/7738df9a8ff2d12e8b37d088ff0e3e36016e57ab29e5db27ba4fb758a81ea3cb?s=96&d=mm&r=g\",\"url\":\"https:\/\/secure.gravatar.com\/avatar\/7738df9a8ff2d12e8b37d088ff0e3e36016e57ab29e5db27ba4fb758a81ea3cb?s=96&d=mm&r=g\",\"contentUrl\":\"https:\/\/secure.gravatar.com\/avatar\/7738df9a8ff2d12e8b37d088ff0e3e36016e57ab29e5db27ba4fb758a81ea3cb?s=96&d=mm&r=g\",\"caption\":\"Antonieta Castells Dolcet\"},\"sameAs\":[\"http:\/\/www.cmalleida.com\"]}]}<\/script>\n<!-- \/ Yoast SEO plugin. -->","yoast_head_json":{"title":"\u00bfC\u00f3mo reclamar si nos atropella un patinete el\u00e9ctrico? (La Vanguardia) - Col\u00b7legi de Mediadors d&#039;Assegurances de Lleida","robots":{"index":"index","follow":"follow","max-snippet":"max-snippet:-1","max-image-preview":"max-image-preview:large","max-video-preview":"max-video-preview:-1"},"canonical":"https:\/\/www.cmalleida.com\/es\/como-reclamar-si-nos-atropella-un-patinete-electrico-la-vanguardia\/","og_locale":"es_ES","og_type":"article","og_title":"\u00bfC\u00f3mo reclamar si nos atropella un patinete el\u00e9ctrico? (La Vanguardia) - Col\u00b7legi de Mediadors d&#039;Assegurances de Lleida","og_description":"\u00a0Los expertos advierten que causar un accidente con un veh\u00edculo de movilidad personal puede acarrear consecuencias penales REDACCI\u00d3N Publicado a 11-01-2019 9:56 Los patinetes el\u00e9ctricos... Llegeix m\u00e9s","og_url":"https:\/\/www.cmalleida.com\/es\/como-reclamar-si-nos-atropella-un-patinete-electrico-la-vanguardia\/","og_site_name":"Col\u00b7legi de Mediadors d&#039;Assegurances de Lleida","article_published_time":"2019-02-08T08:34:05+00:00","og_image":[{"width":762,"height":762,"url":"https:\/\/www.cmalleida.com\/wp-content\/uploads\/cmall-lleida-actualitat-sport762.jpg","type":"image\/jpeg"}],"author":"Antonieta Castells Dolcet","twitter_card":"summary_large_image","twitter_misc":{"Written by":"Antonieta Castells Dolcet","Est. reading time":"4 minutos"},"schema":{"@context":"https:\/\/schema.org","@graph":[{"@type":"Article","@id":"https:\/\/www.cmalleida.com\/es\/como-reclamar-si-nos-atropella-un-patinete-electrico-la-vanguardia\/#article","isPartOf":{"@id":"https:\/\/www.cmalleida.com\/es\/como-reclamar-si-nos-atropella-un-patinete-electrico-la-vanguardia\/"},"author":{"name":"Antonieta Castells Dolcet","@id":"https:\/\/www.cmalleida.com\/es\/#\/schema\/person\/7461453022a0d6ce41c1e530eb4443b4"},"headline":"\u00bfC\u00f3mo reclamar si nos atropella un patinete el\u00e9ctrico? (La Vanguardia)","datePublished":"2019-02-08T08:34:05+00:00","mainEntityOfPage":{"@id":"https:\/\/www.cmalleida.com\/es\/como-reclamar-si-nos-atropella-un-patinete-electrico-la-vanguardia\/"},"wordCount":774,"publisher":{"@id":"https:\/\/www.cmalleida.com\/es\/#organization"},"image":{"@id":"https:\/\/www.cmalleida.com\/es\/como-reclamar-si-nos-atropella-un-patinete-electrico-la-vanguardia\/#primaryimage"},"thumbnailUrl":"https:\/\/www.cmalleida.com\/wp-content\/uploads\/cmall-lleida-actualitat-sport762.jpg","articleSection":["Actualidad","Sinistres"],"inLanguage":"es"},{"@type":"WebPage","@id":"https:\/\/www.cmalleida.com\/es\/como-reclamar-si-nos-atropella-un-patinete-electrico-la-vanguardia\/","url":"https:\/\/www.cmalleida.com\/es\/como-reclamar-si-nos-atropella-un-patinete-electrico-la-vanguardia\/","name":"\u00bfC\u00f3mo reclamar si nos atropella un patinete el\u00e9ctrico? (La Vanguardia) - Col\u00b7legi de Mediadors d&#039;Assegurances de Lleida","isPartOf":{"@id":"https:\/\/www.cmalleida.com\/es\/#website"},"primaryImageOfPage":{"@id":"https:\/\/www.cmalleida.com\/es\/como-reclamar-si-nos-atropella-un-patinete-electrico-la-vanguardia\/#primaryimage"},"image":{"@id":"https:\/\/www.cmalleida.com\/es\/como-reclamar-si-nos-atropella-un-patinete-electrico-la-vanguardia\/#primaryimage"},"thumbnailUrl":"https:\/\/www.cmalleida.com\/wp-content\/uploads\/cmall-lleida-actualitat-sport762.jpg","datePublished":"2019-02-08T08:34:05+00:00","breadcrumb":{"@id":"https:\/\/www.cmalleida.com\/es\/como-reclamar-si-nos-atropella-un-patinete-electrico-la-vanguardia\/#breadcrumb"},"inLanguage":"es","potentialAction":[{"@type":"ReadAction","target":["https:\/\/www.cmalleida.com\/es\/como-reclamar-si-nos-atropella-un-patinete-electrico-la-vanguardia\/"]}]},{"@type":"ImageObject","inLanguage":"es","@id":"https:\/\/www.cmalleida.com\/es\/como-reclamar-si-nos-atropella-un-patinete-electrico-la-vanguardia\/#primaryimage","url":"https:\/\/www.cmalleida.com\/wp-content\/uploads\/cmall-lleida-actualitat-sport762.jpg","contentUrl":"https:\/\/www.cmalleida.com\/wp-content\/uploads\/cmall-lleida-actualitat-sport762.jpg","width":762,"height":762,"caption":"cmall-lleida-actualitat-sport762"},{"@type":"BreadcrumbList","@id":"https:\/\/www.cmalleida.com\/es\/como-reclamar-si-nos-atropella-un-patinete-electrico-la-vanguardia\/#breadcrumb","itemListElement":[{"@type":"ListItem","position":1,"name":"Inici","item":"https:\/\/www.cmalleida.com\/es\/"},{"@type":"ListItem","position":2,"name":"\u00bfC\u00f3mo reclamar si nos atropella un patinete el\u00e9ctrico? (La Vanguardia)"}]},{"@type":"WebSite","@id":"https:\/\/www.cmalleida.com\/es\/#website","url":"https:\/\/www.cmalleida.com\/es\/","name":"Col\u00b7legi de Mediadors d&#039;Assegurances de Lleida","description":"Otro sitio realizado con WordPress","publisher":{"@id":"https:\/\/www.cmalleida.com\/es\/#organization"},"potentialAction":[{"@type":"SearchAction","target":{"@type":"EntryPoint","urlTemplate":"https:\/\/www.cmalleida.com\/es\/?s={search_term_string}"},"query-input":{"@type":"PropertyValueSpecification","valueRequired":true,"valueName":"search_term_string"}}],"inLanguage":"es"},{"@type":"Organization","@id":"https:\/\/www.cmalleida.com\/es\/#organization","name":"Col\u00b7legi de Mediadors d'Assegurances de Lleida","url":"https:\/\/www.cmalleida.com\/es\/","logo":{"@type":"ImageObject","inLanguage":"es","@id":"https:\/\/www.cmalleida.com\/es\/#\/schema\/logo\/image\/","url":"","contentUrl":"","caption":"Col\u00b7legi de Mediadors d'Assegurances de Lleida"},"image":{"@id":"https:\/\/www.cmalleida.com\/es\/#\/schema\/logo\/image\/"}},{"@type":"Person","@id":"https:\/\/www.cmalleida.com\/es\/#\/schema\/person\/7461453022a0d6ce41c1e530eb4443b4","name":"Antonieta Castells Dolcet","image":{"@type":"ImageObject","inLanguage":"es","@id":"https:\/\/secure.gravatar.com\/avatar\/7738df9a8ff2d12e8b37d088ff0e3e36016e57ab29e5db27ba4fb758a81ea3cb?s=96&d=mm&r=g","url":"https:\/\/secure.gravatar.com\/avatar\/7738df9a8ff2d12e8b37d088ff0e3e36016e57ab29e5db27ba4fb758a81ea3cb?s=96&d=mm&r=g","contentUrl":"https:\/\/secure.gravatar.com\/avatar\/7738df9a8ff2d12e8b37d088ff0e3e36016e57ab29e5db27ba4fb758a81ea3cb?s=96&d=mm&r=g","caption":"Antonieta Castells Dolcet"},"sameAs":["http:\/\/www.cmalleida.com"]}]}},"_links":{"self":[{"href":"https:\/\/www.cmalleida.com\/es\/wp-json\/wp\/v2\/posts\/4074","targetHints":{"allow":["GET"]}}],"collection":[{"href":"https:\/\/www.cmalleida.com\/es\/wp-json\/wp\/v2\/posts"}],"about":[{"href":"https:\/\/www.cmalleida.com\/es\/wp-json\/wp\/v2\/types\/post"}],"author":[{"embeddable":true,"href":"https:\/\/www.cmalleida.com\/es\/wp-json\/wp\/v2\/users\/149"}],"replies":[{"embeddable":true,"href":"https:\/\/www.cmalleida.com\/es\/wp-json\/wp\/v2\/comments?post=4074"}],"version-history":[{"count":1,"href":"https:\/\/www.cmalleida.com\/es\/wp-json\/wp\/v2\/posts\/4074\/revisions"}],"predecessor-version":[{"id":4075,"href":"https:\/\/www.cmalleida.com\/es\/wp-json\/wp\/v2\/posts\/4074\/revisions\/4075"}],"wp:featuredmedia":[{"embeddable":true,"href":"https:\/\/www.cmalleida.com\/es\/wp-json\/wp\/v2\/media\/1839"}],"wp:attachment":[{"href":"https:\/\/www.cmalleida.com\/es\/wp-json\/wp\/v2\/media?parent=4074"}],"wp:term":[{"taxonomy":"category","embeddable":true,"href":"https:\/\/www.cmalleida.com\/es\/wp-json\/wp\/v2\/categories?post=4074"},{"taxonomy":"post_tag","embeddable":true,"href":"https:\/\/www.cmalleida.com\/es\/wp-json\/wp\/v2\/tags?post=4074"}],"curies":[{"name":"wp","href":"https:\/\/api.w.org\/{rel}","templated":true}]}}