{"id":4035,"date":"2019-02-01T10:24:38","date_gmt":"2019-02-01T09:24:38","guid":{"rendered":"https:\/\/www.cmalleida.com\/?p=4035"},"modified":"2019-02-01T10:24:38","modified_gmt":"2019-02-01T09:24:38","slug":"seguros-detecta-polizas-de-coches-que-no-se-ajustan-a-la-ley-expansion","status":"publish","type":"post","link":"https:\/\/www.cmalleida.com\/es\/seguros-detecta-polizas-de-coches-que-no-se-ajustan-a-la-ley-expansion\/","title":{"rendered":"Seguros detecta p\u00f3lizas de coches que no se ajustan a la ley (Expansi\u00f3n)"},"content":{"rendered":"<p>E. DEL POZO\u00a0 31 ENE. 2019\u00a0<strong>&#8211; 00:14<\/strong> <strong>\u00a0<\/strong><\/p>\n<p><em>No podr\u00e1 haber limitaciones a la cobertura si el seguro es obligatorio. El supervisor remite una gu\u00eda t\u00e9cnica al sector especificando los nuevos requerimientos.<\/em><\/p>\n<p>La Direcci\u00f3n General de Seguros y Fondos de Pensiones ha detectado \u00abrecientemente\u00bb que las aseguradoras contratan p\u00f3lizas de autom\u00f3viles con coberturas que no se ajustan a lo que marca la normativa. Por eso, el supervisor ha comunicado al sector mediante una gu\u00eda g\u00e9cnica que el seguro obligatorio de coches no puede tener \u00ablimitaciones temporales, territoriales y de uso\u00bb en su cobertura, ya que \u00abperjudican los derechos de los asegurados y de terceros perjudicados\u00bb, apunta Seguros en su escrito.<\/p>\n<p>El documento se\u00f1ala que \u00abla cobertura del seguro obligatorio debe tener car\u00e1cter permanente, con independencia del uso que se haga o pueda hacerse del veh\u00edculo (&#8230;) y con independencia de la intenci\u00f3n que tenga el propietario respecto a su utilizaci\u00f3n\u00bb, tal como se\u00f1al\u00f3 el Tribunal de Justicia de la Uni\u00f3n Europea en una sentencia de septiembre pasado. Seg\u00fan el tribunal, el seguro de responsabilidad civil es obligatorio aunque el propietario \u00abno tenga intenci\u00f3n de conducirlo y haya decidido estacionarlo (permanentemente) en un terreno privado\u00bb.<\/p>\n<p>Seguros ha detectado determinadas p\u00f3lizas que considera que no se ajustan a la normativa. Es el caso de las contratadas por concesionarios o empresas de veh\u00edculos de ocasi\u00f3n: se ha limitado la cobertura a los da\u00f1os que el veh\u00edculo pueda causar cuando se use en demostraciones de compra, en mantenimiento, limpieza y traslado del veh\u00edculo. Tambi\u00e9n ha encontrado p\u00f3lizas en las que se limita la cobertura al uso comercial y profesional del coche, como por ejemplo para actividades de mensajer\u00eda y reparto.<\/p>\n<p>\u00abEn la medida en que este tipo de contratos se comercializan como un seguro de responsabilidad civil obligatoria, la responsabilidad (&#8230;) debe imputarse a la aseguradora y no al cliente\u00bb, y podr\u00eda considerarse una infracci\u00f3n administrativa muy grave.<\/p>\n<p>Seguros afirma que la prohibici\u00f3n de establecer esta limitaciones no afecta a la contrataci\u00f3n de p\u00f3lizas con una determinada cobertura mensual, trimestral, semestral, etc\u00e9tera.<\/p>\n<p>Varias aseguradoras han lanzado p\u00f3lizas que ligan su precio al uso que se realice del veh\u00edculo, pero afirman que esto no implica que se interrumpa la cobertura que, afirman, siempre est\u00e1 en vigor.<\/p>\n","protected":false},"excerpt":{"rendered":"<p>E. DEL POZO\u00a0 31 ENE. 2019\u00a0&#8211; 00:14 \u00a0 No podr\u00e1 haber limitaciones a la cobertura si el seguro es obligatorio. El supervisor remite una gu\u00eda&#8230; <a href=\"https:\/\/www.cmalleida.com\/es\/seguros-detecta-polizas-de-coches-que-no-se-ajustan-a-la-ley-expansion\/\" rel=\"nofollow\" class=\"lollegirmes\">Llegeix m\u00e9s<\/a><\/p>\n","protected":false},"author":149,"featured_media":1869,"comment_status":"closed","ping_status":"closed","sticky":false,"template":"","format":"standard","meta":{"_acf_changed":false,"_genesis_hide_title":false,"_genesis_hide_breadcrumbs":false,"_genesis_hide_singular_image":false,"_genesis_hide_footer_widgets":false,"_genesis_custom_body_class":"","_genesis_custom_post_class":"","_genesis_layout":"","footnotes":""},"categories":[28],"tags":[],"class_list":{"0":"post-4035","1":"post","2":"type-post","3":"status-publish","4":"format-standard","5":"has-post-thumbnail","7":"category-actualidad","8":"entry"},"acf":[],"yoast_head":"<!-- This site is optimized with the Yoast SEO plugin v27.2 - https:\/\/yoast.com\/product\/yoast-seo-wordpress\/ -->\n<title>Seguros detecta p\u00f3lizas de coches que no se ajustan a la ley (Expansi\u00f3n) - Col\u00b7legi de Mediadors d&#039;Assegurances de Lleida<\/title>\n<meta name=\"robots\" content=\"index, follow, max-snippet:-1, max-image-preview:large, max-video-preview:-1\" \/>\n<link rel=\"canonical\" href=\"https:\/\/www.cmalleida.com\/es\/seguros-detecta-polizas-de-coches-que-no-se-ajustan-a-la-ley-expansion\/\" \/>\n<meta property=\"og:locale\" content=\"es_ES\" \/>\n<meta property=\"og:type\" content=\"article\" \/>\n<meta property=\"og:title\" content=\"Seguros detecta p\u00f3lizas de coches que no se ajustan a la ley (Expansi\u00f3n) - Col\u00b7legi de Mediadors d&#039;Assegurances de Lleida\" \/>\n<meta property=\"og:description\" content=\"E. DEL POZO\u00a0 31 ENE. 2019\u00a0&#8211; 00:14 \u00a0 No podr\u00e1 haber limitaciones a la cobertura si el seguro es obligatorio. El supervisor remite una gu\u00eda... Llegeix m\u00e9s\" \/>\n<meta property=\"og:url\" content=\"https:\/\/www.cmalleida.com\/es\/seguros-detecta-polizas-de-coches-que-no-se-ajustan-a-la-ley-expansion\/\" \/>\n<meta property=\"og:site_name\" content=\"Col\u00b7legi de Mediadors d&#039;Assegurances de Lleida\" \/>\n<meta property=\"article:published_time\" content=\"2019-02-01T09:24:38+00:00\" \/>\n<meta property=\"og:image\" content=\"https:\/\/www.cmalleida.com\/wp-content\/uploads\/cmall-lleida-actualitat-car762.jpg\" \/>\n\t<meta property=\"og:image:width\" content=\"762\" \/>\n\t<meta property=\"og:image:height\" content=\"762\" \/>\n\t<meta property=\"og:image:type\" content=\"image\/jpeg\" \/>\n<meta name=\"author\" content=\"Antonieta Castells Dolcet\" \/>\n<meta name=\"twitter:card\" content=\"summary_large_image\" \/>\n<meta name=\"twitter:label1\" content=\"Written by\" \/>\n\t<meta name=\"twitter:data1\" content=\"Antonieta Castells Dolcet\" \/>\n\t<meta name=\"twitter:label2\" content=\"Est. reading time\" \/>\n\t<meta name=\"twitter:data2\" content=\"2 minutos\" \/>\n<script type=\"application\/ld+json\" class=\"yoast-schema-graph\">{\"@context\":\"https:\/\/schema.org\",\"@graph\":[{\"@type\":\"Article\",\"@id\":\"https:\/\/www.cmalleida.com\/es\/seguros-detecta-polizas-de-coches-que-no-se-ajustan-a-la-ley-expansion\/#article\",\"isPartOf\":{\"@id\":\"https:\/\/www.cmalleida.com\/es\/seguros-detecta-polizas-de-coches-que-no-se-ajustan-a-la-ley-expansion\/\"},\"author\":{\"name\":\"Antonieta Castells Dolcet\",\"@id\":\"https:\/\/www.cmalleida.com\/es\/#\/schema\/person\/7461453022a0d6ce41c1e530eb4443b4\"},\"headline\":\"Seguros detecta p\u00f3lizas de coches que no se ajustan a la ley (Expansi\u00f3n)\",\"datePublished\":\"2019-02-01T09:24:38+00:00\",\"mainEntityOfPage\":{\"@id\":\"https:\/\/www.cmalleida.com\/es\/seguros-detecta-polizas-de-coches-que-no-se-ajustan-a-la-ley-expansion\/\"},\"wordCount\":414,\"publisher\":{\"@id\":\"https:\/\/www.cmalleida.com\/es\/#organization\"},\"image\":{\"@id\":\"https:\/\/www.cmalleida.com\/es\/seguros-detecta-polizas-de-coches-que-no-se-ajustan-a-la-ley-expansion\/#primaryimage\"},\"thumbnailUrl\":\"https:\/\/www.cmalleida.com\/wp-content\/uploads\/cmall-lleida-actualitat-car762.jpg\",\"articleSection\":[\"Actualidad\"],\"inLanguage\":\"es\"},{\"@type\":\"WebPage\",\"@id\":\"https:\/\/www.cmalleida.com\/es\/seguros-detecta-polizas-de-coches-que-no-se-ajustan-a-la-ley-expansion\/\",\"url\":\"https:\/\/www.cmalleida.com\/es\/seguros-detecta-polizas-de-coches-que-no-se-ajustan-a-la-ley-expansion\/\",\"name\":\"Seguros detecta p\u00f3lizas de coches que no se ajustan a la ley (Expansi\u00f3n) - Col\u00b7legi de Mediadors d&#039;Assegurances de Lleida\",\"isPartOf\":{\"@id\":\"https:\/\/www.cmalleida.com\/es\/#website\"},\"primaryImageOfPage\":{\"@id\":\"https:\/\/www.cmalleida.com\/es\/seguros-detecta-polizas-de-coches-que-no-se-ajustan-a-la-ley-expansion\/#primaryimage\"},\"image\":{\"@id\":\"https:\/\/www.cmalleida.com\/es\/seguros-detecta-polizas-de-coches-que-no-se-ajustan-a-la-ley-expansion\/#primaryimage\"},\"thumbnailUrl\":\"https:\/\/www.cmalleida.com\/wp-content\/uploads\/cmall-lleida-actualitat-car762.jpg\",\"datePublished\":\"2019-02-01T09:24:38+00:00\",\"breadcrumb\":{\"@id\":\"https:\/\/www.cmalleida.com\/es\/seguros-detecta-polizas-de-coches-que-no-se-ajustan-a-la-ley-expansion\/#breadcrumb\"},\"inLanguage\":\"es\",\"potentialAction\":[{\"@type\":\"ReadAction\",\"target\":[\"https:\/\/www.cmalleida.com\/es\/seguros-detecta-polizas-de-coches-que-no-se-ajustan-a-la-ley-expansion\/\"]}]},{\"@type\":\"ImageObject\",\"inLanguage\":\"es\",\"@id\":\"https:\/\/www.cmalleida.com\/es\/seguros-detecta-polizas-de-coches-que-no-se-ajustan-a-la-ley-expansion\/#primaryimage\",\"url\":\"https:\/\/www.cmalleida.com\/wp-content\/uploads\/cmall-lleida-actualitat-car762.jpg\",\"contentUrl\":\"https:\/\/www.cmalleida.com\/wp-content\/uploads\/cmall-lleida-actualitat-car762.jpg\",\"width\":762,\"height\":762,\"caption\":\"cmall-lleida-actualitat-CAR762\"},{\"@type\":\"BreadcrumbList\",\"@id\":\"https:\/\/www.cmalleida.com\/es\/seguros-detecta-polizas-de-coches-que-no-se-ajustan-a-la-ley-expansion\/#breadcrumb\",\"itemListElement\":[{\"@type\":\"ListItem\",\"position\":1,\"name\":\"Inici\",\"item\":\"https:\/\/www.cmalleida.com\/es\/\"},{\"@type\":\"ListItem\",\"position\":2,\"name\":\"Seguros detecta p\u00f3lizas de coches que no se ajustan a la ley (Expansi\u00f3n)\"}]},{\"@type\":\"WebSite\",\"@id\":\"https:\/\/www.cmalleida.com\/es\/#website\",\"url\":\"https:\/\/www.cmalleida.com\/es\/\",\"name\":\"Col\u00b7legi de Mediadors d&#039;Assegurances de Lleida\",\"description\":\"Otro sitio realizado con WordPress\",\"publisher\":{\"@id\":\"https:\/\/www.cmalleida.com\/es\/#organization\"},\"potentialAction\":[{\"@type\":\"SearchAction\",\"target\":{\"@type\":\"EntryPoint\",\"urlTemplate\":\"https:\/\/www.cmalleida.com\/es\/?s={search_term_string}\"},\"query-input\":{\"@type\":\"PropertyValueSpecification\",\"valueRequired\":true,\"valueName\":\"search_term_string\"}}],\"inLanguage\":\"es\"},{\"@type\":\"Organization\",\"@id\":\"https:\/\/www.cmalleida.com\/es\/#organization\",\"name\":\"Col\u00b7legi de Mediadors d'Assegurances de Lleida\",\"url\":\"https:\/\/www.cmalleida.com\/es\/\",\"logo\":{\"@type\":\"ImageObject\",\"inLanguage\":\"es\",\"@id\":\"https:\/\/www.cmalleida.com\/es\/#\/schema\/logo\/image\/\",\"url\":\"\",\"contentUrl\":\"\",\"caption\":\"Col\u00b7legi de Mediadors d'Assegurances de Lleida\"},\"image\":{\"@id\":\"https:\/\/www.cmalleida.com\/es\/#\/schema\/logo\/image\/\"}},{\"@type\":\"Person\",\"@id\":\"https:\/\/www.cmalleida.com\/es\/#\/schema\/person\/7461453022a0d6ce41c1e530eb4443b4\",\"name\":\"Antonieta Castells Dolcet\",\"image\":{\"@type\":\"ImageObject\",\"inLanguage\":\"es\",\"@id\":\"https:\/\/secure.gravatar.com\/avatar\/7738df9a8ff2d12e8b37d088ff0e3e36016e57ab29e5db27ba4fb758a81ea3cb?s=96&d=mm&r=g\",\"url\":\"https:\/\/secure.gravatar.com\/avatar\/7738df9a8ff2d12e8b37d088ff0e3e36016e57ab29e5db27ba4fb758a81ea3cb?s=96&d=mm&r=g\",\"contentUrl\":\"https:\/\/secure.gravatar.com\/avatar\/7738df9a8ff2d12e8b37d088ff0e3e36016e57ab29e5db27ba4fb758a81ea3cb?s=96&d=mm&r=g\",\"caption\":\"Antonieta Castells Dolcet\"},\"sameAs\":[\"http:\/\/www.cmalleida.com\"]}]}<\/script>\n<!-- \/ Yoast SEO plugin. -->","yoast_head_json":{"title":"Seguros detecta p\u00f3lizas de coches que no se ajustan a la ley (Expansi\u00f3n) - Col\u00b7legi de Mediadors d&#039;Assegurances de Lleida","robots":{"index":"index","follow":"follow","max-snippet":"max-snippet:-1","max-image-preview":"max-image-preview:large","max-video-preview":"max-video-preview:-1"},"canonical":"https:\/\/www.cmalleida.com\/es\/seguros-detecta-polizas-de-coches-que-no-se-ajustan-a-la-ley-expansion\/","og_locale":"es_ES","og_type":"article","og_title":"Seguros detecta p\u00f3lizas de coches que no se ajustan a la ley (Expansi\u00f3n) - Col\u00b7legi de Mediadors d&#039;Assegurances de Lleida","og_description":"E. DEL POZO\u00a0 31 ENE. 2019\u00a0&#8211; 00:14 \u00a0 No podr\u00e1 haber limitaciones a la cobertura si el seguro es obligatorio. El supervisor remite una gu\u00eda... Llegeix m\u00e9s","og_url":"https:\/\/www.cmalleida.com\/es\/seguros-detecta-polizas-de-coches-que-no-se-ajustan-a-la-ley-expansion\/","og_site_name":"Col\u00b7legi de Mediadors d&#039;Assegurances de Lleida","article_published_time":"2019-02-01T09:24:38+00:00","og_image":[{"width":762,"height":762,"url":"https:\/\/www.cmalleida.com\/wp-content\/uploads\/cmall-lleida-actualitat-car762.jpg","type":"image\/jpeg"}],"author":"Antonieta Castells Dolcet","twitter_card":"summary_large_image","twitter_misc":{"Written by":"Antonieta Castells Dolcet","Est. reading time":"2 minutos"},"schema":{"@context":"https:\/\/schema.org","@graph":[{"@type":"Article","@id":"https:\/\/www.cmalleida.com\/es\/seguros-detecta-polizas-de-coches-que-no-se-ajustan-a-la-ley-expansion\/#article","isPartOf":{"@id":"https:\/\/www.cmalleida.com\/es\/seguros-detecta-polizas-de-coches-que-no-se-ajustan-a-la-ley-expansion\/"},"author":{"name":"Antonieta Castells Dolcet","@id":"https:\/\/www.cmalleida.com\/es\/#\/schema\/person\/7461453022a0d6ce41c1e530eb4443b4"},"headline":"Seguros detecta p\u00f3lizas de coches que no se ajustan a la ley (Expansi\u00f3n)","datePublished":"2019-02-01T09:24:38+00:00","mainEntityOfPage":{"@id":"https:\/\/www.cmalleida.com\/es\/seguros-detecta-polizas-de-coches-que-no-se-ajustan-a-la-ley-expansion\/"},"wordCount":414,"publisher":{"@id":"https:\/\/www.cmalleida.com\/es\/#organization"},"image":{"@id":"https:\/\/www.cmalleida.com\/es\/seguros-detecta-polizas-de-coches-que-no-se-ajustan-a-la-ley-expansion\/#primaryimage"},"thumbnailUrl":"https:\/\/www.cmalleida.com\/wp-content\/uploads\/cmall-lleida-actualitat-car762.jpg","articleSection":["Actualidad"],"inLanguage":"es"},{"@type":"WebPage","@id":"https:\/\/www.cmalleida.com\/es\/seguros-detecta-polizas-de-coches-que-no-se-ajustan-a-la-ley-expansion\/","url":"https:\/\/www.cmalleida.com\/es\/seguros-detecta-polizas-de-coches-que-no-se-ajustan-a-la-ley-expansion\/","name":"Seguros detecta p\u00f3lizas de coches que no se ajustan a la ley (Expansi\u00f3n) - Col\u00b7legi de Mediadors d&#039;Assegurances de Lleida","isPartOf":{"@id":"https:\/\/www.cmalleida.com\/es\/#website"},"primaryImageOfPage":{"@id":"https:\/\/www.cmalleida.com\/es\/seguros-detecta-polizas-de-coches-que-no-se-ajustan-a-la-ley-expansion\/#primaryimage"},"image":{"@id":"https:\/\/www.cmalleida.com\/es\/seguros-detecta-polizas-de-coches-que-no-se-ajustan-a-la-ley-expansion\/#primaryimage"},"thumbnailUrl":"https:\/\/www.cmalleida.com\/wp-content\/uploads\/cmall-lleida-actualitat-car762.jpg","datePublished":"2019-02-01T09:24:38+00:00","breadcrumb":{"@id":"https:\/\/www.cmalleida.com\/es\/seguros-detecta-polizas-de-coches-que-no-se-ajustan-a-la-ley-expansion\/#breadcrumb"},"inLanguage":"es","potentialAction":[{"@type":"ReadAction","target":["https:\/\/www.cmalleida.com\/es\/seguros-detecta-polizas-de-coches-que-no-se-ajustan-a-la-ley-expansion\/"]}]},{"@type":"ImageObject","inLanguage":"es","@id":"https:\/\/www.cmalleida.com\/es\/seguros-detecta-polizas-de-coches-que-no-se-ajustan-a-la-ley-expansion\/#primaryimage","url":"https:\/\/www.cmalleida.com\/wp-content\/uploads\/cmall-lleida-actualitat-car762.jpg","contentUrl":"https:\/\/www.cmalleida.com\/wp-content\/uploads\/cmall-lleida-actualitat-car762.jpg","width":762,"height":762,"caption":"cmall-lleida-actualitat-CAR762"},{"@type":"BreadcrumbList","@id":"https:\/\/www.cmalleida.com\/es\/seguros-detecta-polizas-de-coches-que-no-se-ajustan-a-la-ley-expansion\/#breadcrumb","itemListElement":[{"@type":"ListItem","position":1,"name":"Inici","item":"https:\/\/www.cmalleida.com\/es\/"},{"@type":"ListItem","position":2,"name":"Seguros detecta p\u00f3lizas de coches que no se ajustan a la ley (Expansi\u00f3n)"}]},{"@type":"WebSite","@id":"https:\/\/www.cmalleida.com\/es\/#website","url":"https:\/\/www.cmalleida.com\/es\/","name":"Col\u00b7legi de Mediadors d&#039;Assegurances de Lleida","description":"Otro sitio realizado con WordPress","publisher":{"@id":"https:\/\/www.cmalleida.com\/es\/#organization"},"potentialAction":[{"@type":"SearchAction","target":{"@type":"EntryPoint","urlTemplate":"https:\/\/www.cmalleida.com\/es\/?s={search_term_string}"},"query-input":{"@type":"PropertyValueSpecification","valueRequired":true,"valueName":"search_term_string"}}],"inLanguage":"es"},{"@type":"Organization","@id":"https:\/\/www.cmalleida.com\/es\/#organization","name":"Col\u00b7legi de Mediadors d'Assegurances de Lleida","url":"https:\/\/www.cmalleida.com\/es\/","logo":{"@type":"ImageObject","inLanguage":"es","@id":"https:\/\/www.cmalleida.com\/es\/#\/schema\/logo\/image\/","url":"","contentUrl":"","caption":"Col\u00b7legi de Mediadors d'Assegurances de Lleida"},"image":{"@id":"https:\/\/www.cmalleida.com\/es\/#\/schema\/logo\/image\/"}},{"@type":"Person","@id":"https:\/\/www.cmalleida.com\/es\/#\/schema\/person\/7461453022a0d6ce41c1e530eb4443b4","name":"Antonieta Castells Dolcet","image":{"@type":"ImageObject","inLanguage":"es","@id":"https:\/\/secure.gravatar.com\/avatar\/7738df9a8ff2d12e8b37d088ff0e3e36016e57ab29e5db27ba4fb758a81ea3cb?s=96&d=mm&r=g","url":"https:\/\/secure.gravatar.com\/avatar\/7738df9a8ff2d12e8b37d088ff0e3e36016e57ab29e5db27ba4fb758a81ea3cb?s=96&d=mm&r=g","contentUrl":"https:\/\/secure.gravatar.com\/avatar\/7738df9a8ff2d12e8b37d088ff0e3e36016e57ab29e5db27ba4fb758a81ea3cb?s=96&d=mm&r=g","caption":"Antonieta Castells Dolcet"},"sameAs":["http:\/\/www.cmalleida.com"]}]}},"_links":{"self":[{"href":"https:\/\/www.cmalleida.com\/es\/wp-json\/wp\/v2\/posts\/4035","targetHints":{"allow":["GET"]}}],"collection":[{"href":"https:\/\/www.cmalleida.com\/es\/wp-json\/wp\/v2\/posts"}],"about":[{"href":"https:\/\/www.cmalleida.com\/es\/wp-json\/wp\/v2\/types\/post"}],"author":[{"embeddable":true,"href":"https:\/\/www.cmalleida.com\/es\/wp-json\/wp\/v2\/users\/149"}],"replies":[{"embeddable":true,"href":"https:\/\/www.cmalleida.com\/es\/wp-json\/wp\/v2\/comments?post=4035"}],"version-history":[{"count":1,"href":"https:\/\/www.cmalleida.com\/es\/wp-json\/wp\/v2\/posts\/4035\/revisions"}],"predecessor-version":[{"id":4036,"href":"https:\/\/www.cmalleida.com\/es\/wp-json\/wp\/v2\/posts\/4035\/revisions\/4036"}],"wp:featuredmedia":[{"embeddable":true,"href":"https:\/\/www.cmalleida.com\/es\/wp-json\/wp\/v2\/media\/1869"}],"wp:attachment":[{"href":"https:\/\/www.cmalleida.com\/es\/wp-json\/wp\/v2\/media?parent=4035"}],"wp:term":[{"taxonomy":"category","embeddable":true,"href":"https:\/\/www.cmalleida.com\/es\/wp-json\/wp\/v2\/categories?post=4035"},{"taxonomy":"post_tag","embeddable":true,"href":"https:\/\/www.cmalleida.com\/es\/wp-json\/wp\/v2\/tags?post=4035"}],"curies":[{"name":"wp","href":"https:\/\/api.w.org\/{rel}","templated":true}]}}