{"id":3786,"date":"2018-12-28T10:03:56","date_gmt":"2018-12-28T09:03:56","guid":{"rendered":"https:\/\/www.cmalleida.com\/?p=3786"},"modified":"2018-12-28T10:03:56","modified_gmt":"2018-12-28T09:03:56","slug":"a-que-te-obligas-al-contratar-un-seguro-de-autos-o-de-hogar-la-vanguardia","status":"publish","type":"post","link":"https:\/\/www.cmalleida.com\/es\/a-que-te-obligas-al-contratar-un-seguro-de-autos-o-de-hogar-la-vanguardia\/","title":{"rendered":"\u00bfA qu\u00e9 te obligas al contratar un seguro de autos o de hogar? (La Vanguardia)"},"content":{"rendered":"<p><em>No conocer el compromiso adquirido no nos libera de su cumplimiento<\/em><\/p>\n<p>CARLOS SOL\u00cdS Publicado a 28-12-2018 1:47<\/p>\n<p>Un acto tan com\u00fan y habitual como la contracci\u00f3n de un seguro para nuestro coche o para nuestro hogar, supone\u00a0<strong>una serie de derechos y obligaciones de hondo calado e importantes consecuencias<\/strong>, por lo que se hace muy necesario tener conocimiento de ello para poder saber c\u00f3mo actuar en cada situaci\u00f3n.<\/p>\n<p><strong>Nos centraremos en las obligaciones<\/strong>, y m\u00e1s concretamente en las relacionadas con la contracci\u00f3n del seguro por parte del particular propietario o poseedor del bien asegurado, que se denomina\u00a0<strong>tomador del seguro<\/strong>.<\/p>\n<p>Est\u00e1s obligaciones vienen recogidas en la\u00a0<strong>Ley de contrato de seguro<\/strong>, por lo que son de obligado cumplimiento, no pudiendo alegarse su desconocimiento para evitar o justificar su incumplimiento.<\/p>\n<p>La primera obligaci\u00f3n es\u00a0<strong>la obligaci\u00f3n de pagar la prima del seguro, y aunque parezca sorprendente, es la que m\u00e1s conflictividad genera<\/strong>. El obligado al pago es el tomador del seguro, con independencia de que sea el que utilice el bien objeto del seguro, que deber\u00e1 abonar la prima seg\u00fan las condiciones estipuladas en el contrato de seguro.<\/p>\n<p><strong>El impago de la prima surgir\u00e1 efectos siempre que sea por culpa del tomador<\/strong>, con la aplicaci\u00f3n de ciertos efectos, sobre todo frente al tercero perjudicado. En este punto es necesario indicar que en los siniestros donde el veh\u00edculo responsable de los da\u00f1os carezca de seguro en vigor ser\u00e1 el Consorcio de Compensaci\u00f3n de Seguros el que se ocupe de indemnizar a los perjudicados, procediendo a continuaci\u00f3n a repetir dichos importes al propietario del veh\u00edculo no asegurado.<\/p>\n<p><strong>La segunda obligaci\u00f3n es la de comunicaci\u00f3n del siniestro<\/strong>, una comunicaci\u00f3n que se debe realizar en un plazo m\u00e1ximo de 7 d\u00edas, desde que se haya conocido la ocurrencia del mismo. En los siniestros relacionados con un veh\u00edculo es muy com\u00fan que exista cierta inmediatez, entre la ocurrencia del siniestro y el conocimiento del mismo, pero en los seguros de hogar se pueden dar situaciones donde pueden pasar varias semanas o meses, hasta que se sepa que hay un siniestro. Por ejemplo, en el caso de viviendas que no est\u00e1n ocupadas, segundas residencias, o en los casos de da\u00f1os por agua, que pueden tardar mucho tiempo en ser visibles, o en exteriorizarse los da\u00f1os.<\/p>\n<p>En tercer lugar, y relacionado directamente con la anterior, est\u00e1<strong>\u00a0la obligaci\u00f3n de colaboraci\u00f3n con la aseguradora<\/strong>, proporcionando toda clase de informaciones, sobre las circunstancias y consecuencias del siniestro, que le sea requerida desde la entidad aseguradora.<\/p>\n<p>En cuarto lugar est\u00e1<strong>\u00a0la obligaci\u00f3n de minimizar las consecuencias del siniestro es decir poner todos los medios a su alcance<\/strong>, y dentro de sus posibilidades, para evitar que el siniestro siga causando da\u00f1os. Entre las medidas m\u00e1s habituales, en el caso del seguro de hogar, nos encontramos con medidas como por ejemplo cerrar conductos generales en el caso de da\u00f1os por agua, o detener el veh\u00edculo ante la indicaci\u00f3n de un fallo en su funcionamiento, en el caso del seguro de veh\u00edculos, que impida que se causen da\u00f1os adicionales al continuar la marcha del citado autom\u00f3vil.<\/p>\n<p>En quinto lugar est\u00e1<strong>\u00a0la obligaci\u00f3n de declarar, al contratar el seguro, de todas circunstancias que conozca y que puedan ser importantes en la valoraci\u00f3n del riesgo<\/strong>\u00a0relacionado con el seguro que est\u00e1n contratando. En este punto es importante aclarar que el tomador tiene obligaci\u00f3n de responder al cuestionario que le aporte la entidad aseguradora, ofreciendo informaci\u00f3n veraz y correcta.<\/p>\n<p>As\u00ed por ejemplo en el seguro de hogar es informar de las medidas de seguridad que presenta la vivienda, o de los materiales en los que est\u00e1 construida, siempre que ello sea preguntado dentro del propio contrato de seguro, o como documento anexo, por la aseguradora.<\/p>\n<p>No cumplir correctamente con esta obligaci\u00f3n puede ocasionar graves perjuicios para el asegurado en el caso de que ocurra un siniestro, siendo posible que se reduzca proporcionalmente la indemnizaci\u00f3n que corresponder\u00eda por el mismo.<\/p>\n<p>De igual modo, en<strong>\u00a0el seguro de autom\u00f3vil es muy importante informar sobre todas las cuestiones que se planteen<\/strong>, tales como uso y utilizaci\u00f3n que se va a realizar con el bien, si es uso profesional o particular, si es uso espor\u00e1dico o habitual, si va a ser utilizado para arrastrar un remolque, etc.<\/p>\n<h5><strong>Carlos Sol\u00eds<\/strong>\u00a0es profesor de la Fundacio Auditorium del<em>\u00a0Col\u00b7legi de Mediadors d\u2019Assegurances de Barcelona<\/em><\/h5>\n","protected":false},"excerpt":{"rendered":"<p>No conocer el compromiso adquirido no nos libera de su cumplimiento CARLOS SOL\u00cdS Publicado a 28-12-2018 1:47 Un acto tan com\u00fan y habitual como la&#8230; <a href=\"https:\/\/www.cmalleida.com\/es\/a-que-te-obligas-al-contratar-un-seguro-de-autos-o-de-hogar-la-vanguardia\/\" rel=\"nofollow\" class=\"lollegirmes\">Llegeix m\u00e9s<\/a><\/p>\n","protected":false},"author":149,"featured_media":1893,"comment_status":"closed","ping_status":"closed","sticky":false,"template":"","format":"standard","meta":{"_acf_changed":false,"_genesis_hide_title":false,"_genesis_hide_breadcrumbs":false,"_genesis_hide_singular_image":false,"_genesis_hide_footer_widgets":false,"_genesis_custom_body_class":"","_genesis_custom_post_class":"","_genesis_layout":"","footnotes":""},"categories":[28,96],"tags":[],"class_list":{"0":"post-3786","1":"post","2":"type-post","3":"status-publish","4":"format-standard","5":"has-post-thumbnail","7":"category-actualidad","8":"category-seguros","9":"entry"},"acf":[],"yoast_head":"<!-- This site is optimized with the Yoast SEO plugin v27.2 - https:\/\/yoast.com\/product\/yoast-seo-wordpress\/ -->\n<title>\u00bfA qu\u00e9 te obligas al contratar un seguro de autos o de hogar? (La Vanguardia) - Col\u00b7legi de Mediadors d&#039;Assegurances de Lleida<\/title>\n<meta name=\"robots\" content=\"index, follow, max-snippet:-1, max-image-preview:large, max-video-preview:-1\" \/>\n<link rel=\"canonical\" href=\"https:\/\/www.cmalleida.com\/es\/a-que-te-obligas-al-contratar-un-seguro-de-autos-o-de-hogar-la-vanguardia\/\" \/>\n<meta property=\"og:locale\" content=\"es_ES\" \/>\n<meta property=\"og:type\" content=\"article\" \/>\n<meta property=\"og:title\" content=\"\u00bfA qu\u00e9 te obligas al contratar un seguro de autos o de hogar? (La Vanguardia) - Col\u00b7legi de Mediadors d&#039;Assegurances de Lleida\" \/>\n<meta property=\"og:description\" content=\"No conocer el compromiso adquirido no nos libera de su cumplimiento CARLOS SOL\u00cdS Publicado a 28-12-2018 1:47 Un acto tan com\u00fan y habitual como la... Llegeix m\u00e9s\" \/>\n<meta property=\"og:url\" content=\"https:\/\/www.cmalleida.com\/es\/a-que-te-obligas-al-contratar-un-seguro-de-autos-o-de-hogar-la-vanguardia\/\" \/>\n<meta property=\"og:site_name\" content=\"Col\u00b7legi de Mediadors d&#039;Assegurances de Lleida\" \/>\n<meta property=\"article:published_time\" content=\"2018-12-28T09:03:56+00:00\" \/>\n<meta property=\"og:image\" content=\"https:\/\/www.cmalleida.com\/wp-content\/uploads\/cmall-lleida-actualitat-edifici762.jpg\" \/>\n\t<meta property=\"og:image:width\" content=\"762\" \/>\n\t<meta property=\"og:image:height\" content=\"762\" \/>\n\t<meta property=\"og:image:type\" content=\"image\/jpeg\" \/>\n<meta name=\"author\" content=\"Antonieta Castells Dolcet\" \/>\n<meta name=\"twitter:card\" content=\"summary_large_image\" \/>\n<meta name=\"twitter:label1\" content=\"Written by\" \/>\n\t<meta name=\"twitter:data1\" content=\"Antonieta Castells Dolcet\" \/>\n\t<meta name=\"twitter:label2\" content=\"Est. reading time\" \/>\n\t<meta name=\"twitter:data2\" content=\"4 minutos\" \/>\n<script type=\"application\/ld+json\" class=\"yoast-schema-graph\">{\"@context\":\"https:\/\/schema.org\",\"@graph\":[{\"@type\":\"Article\",\"@id\":\"https:\/\/www.cmalleida.com\/es\/a-que-te-obligas-al-contratar-un-seguro-de-autos-o-de-hogar-la-vanguardia\/#article\",\"isPartOf\":{\"@id\":\"https:\/\/www.cmalleida.com\/es\/a-que-te-obligas-al-contratar-un-seguro-de-autos-o-de-hogar-la-vanguardia\/\"},\"author\":{\"name\":\"Antonieta Castells Dolcet\",\"@id\":\"https:\/\/www.cmalleida.com\/es\/#\/schema\/person\/7461453022a0d6ce41c1e530eb4443b4\"},\"headline\":\"\u00bfA qu\u00e9 te obligas al contratar un seguro de autos o de hogar? (La Vanguardia)\",\"datePublished\":\"2018-12-28T09:03:56+00:00\",\"mainEntityOfPage\":{\"@id\":\"https:\/\/www.cmalleida.com\/es\/a-que-te-obligas-al-contratar-un-seguro-de-autos-o-de-hogar-la-vanguardia\/\"},\"wordCount\":788,\"publisher\":{\"@id\":\"https:\/\/www.cmalleida.com\/es\/#organization\"},\"image\":{\"@id\":\"https:\/\/www.cmalleida.com\/es\/a-que-te-obligas-al-contratar-un-seguro-de-autos-o-de-hogar-la-vanguardia\/#primaryimage\"},\"thumbnailUrl\":\"https:\/\/www.cmalleida.com\/wp-content\/uploads\/cmall-lleida-actualitat-edifici762.jpg\",\"articleSection\":[\"Actualidad\",\"Seguros\"],\"inLanguage\":\"es\"},{\"@type\":\"WebPage\",\"@id\":\"https:\/\/www.cmalleida.com\/es\/a-que-te-obligas-al-contratar-un-seguro-de-autos-o-de-hogar-la-vanguardia\/\",\"url\":\"https:\/\/www.cmalleida.com\/es\/a-que-te-obligas-al-contratar-un-seguro-de-autos-o-de-hogar-la-vanguardia\/\",\"name\":\"\u00bfA qu\u00e9 te obligas al contratar un seguro de autos o de hogar? (La Vanguardia) - Col\u00b7legi de Mediadors d&#039;Assegurances de Lleida\",\"isPartOf\":{\"@id\":\"https:\/\/www.cmalleida.com\/es\/#website\"},\"primaryImageOfPage\":{\"@id\":\"https:\/\/www.cmalleida.com\/es\/a-que-te-obligas-al-contratar-un-seguro-de-autos-o-de-hogar-la-vanguardia\/#primaryimage\"},\"image\":{\"@id\":\"https:\/\/www.cmalleida.com\/es\/a-que-te-obligas-al-contratar-un-seguro-de-autos-o-de-hogar-la-vanguardia\/#primaryimage\"},\"thumbnailUrl\":\"https:\/\/www.cmalleida.com\/wp-content\/uploads\/cmall-lleida-actualitat-edifici762.jpg\",\"datePublished\":\"2018-12-28T09:03:56+00:00\",\"breadcrumb\":{\"@id\":\"https:\/\/www.cmalleida.com\/es\/a-que-te-obligas-al-contratar-un-seguro-de-autos-o-de-hogar-la-vanguardia\/#breadcrumb\"},\"inLanguage\":\"es\",\"potentialAction\":[{\"@type\":\"ReadAction\",\"target\":[\"https:\/\/www.cmalleida.com\/es\/a-que-te-obligas-al-contratar-un-seguro-de-autos-o-de-hogar-la-vanguardia\/\"]}]},{\"@type\":\"ImageObject\",\"inLanguage\":\"es\",\"@id\":\"https:\/\/www.cmalleida.com\/es\/a-que-te-obligas-al-contratar-un-seguro-de-autos-o-de-hogar-la-vanguardia\/#primaryimage\",\"url\":\"https:\/\/www.cmalleida.com\/wp-content\/uploads\/cmall-lleida-actualitat-edifici762.jpg\",\"contentUrl\":\"https:\/\/www.cmalleida.com\/wp-content\/uploads\/cmall-lleida-actualitat-edifici762.jpg\",\"width\":762,\"height\":762,\"caption\":\"cmall-lleida-actualitat-EDIFICI762\"},{\"@type\":\"BreadcrumbList\",\"@id\":\"https:\/\/www.cmalleida.com\/es\/a-que-te-obligas-al-contratar-un-seguro-de-autos-o-de-hogar-la-vanguardia\/#breadcrumb\",\"itemListElement\":[{\"@type\":\"ListItem\",\"position\":1,\"name\":\"Inici\",\"item\":\"https:\/\/www.cmalleida.com\/es\/\"},{\"@type\":\"ListItem\",\"position\":2,\"name\":\"\u00bfA qu\u00e9 te obligas al contratar un seguro de autos o de hogar? (La Vanguardia)\"}]},{\"@type\":\"WebSite\",\"@id\":\"https:\/\/www.cmalleida.com\/es\/#website\",\"url\":\"https:\/\/www.cmalleida.com\/es\/\",\"name\":\"Col\u00b7legi de Mediadors d&#039;Assegurances de Lleida\",\"description\":\"Otro sitio realizado con WordPress\",\"publisher\":{\"@id\":\"https:\/\/www.cmalleida.com\/es\/#organization\"},\"potentialAction\":[{\"@type\":\"SearchAction\",\"target\":{\"@type\":\"EntryPoint\",\"urlTemplate\":\"https:\/\/www.cmalleida.com\/es\/?s={search_term_string}\"},\"query-input\":{\"@type\":\"PropertyValueSpecification\",\"valueRequired\":true,\"valueName\":\"search_term_string\"}}],\"inLanguage\":\"es\"},{\"@type\":\"Organization\",\"@id\":\"https:\/\/www.cmalleida.com\/es\/#organization\",\"name\":\"Col\u00b7legi de Mediadors d'Assegurances de Lleida\",\"url\":\"https:\/\/www.cmalleida.com\/es\/\",\"logo\":{\"@type\":\"ImageObject\",\"inLanguage\":\"es\",\"@id\":\"https:\/\/www.cmalleida.com\/es\/#\/schema\/logo\/image\/\",\"url\":\"\",\"contentUrl\":\"\",\"caption\":\"Col\u00b7legi de Mediadors d'Assegurances de Lleida\"},\"image\":{\"@id\":\"https:\/\/www.cmalleida.com\/es\/#\/schema\/logo\/image\/\"}},{\"@type\":\"Person\",\"@id\":\"https:\/\/www.cmalleida.com\/es\/#\/schema\/person\/7461453022a0d6ce41c1e530eb4443b4\",\"name\":\"Antonieta Castells Dolcet\",\"image\":{\"@type\":\"ImageObject\",\"inLanguage\":\"es\",\"@id\":\"https:\/\/secure.gravatar.com\/avatar\/7738df9a8ff2d12e8b37d088ff0e3e36016e57ab29e5db27ba4fb758a81ea3cb?s=96&d=mm&r=g\",\"url\":\"https:\/\/secure.gravatar.com\/avatar\/7738df9a8ff2d12e8b37d088ff0e3e36016e57ab29e5db27ba4fb758a81ea3cb?s=96&d=mm&r=g\",\"contentUrl\":\"https:\/\/secure.gravatar.com\/avatar\/7738df9a8ff2d12e8b37d088ff0e3e36016e57ab29e5db27ba4fb758a81ea3cb?s=96&d=mm&r=g\",\"caption\":\"Antonieta Castells Dolcet\"},\"sameAs\":[\"http:\/\/www.cmalleida.com\"]}]}<\/script>\n<!-- \/ Yoast SEO plugin. -->","yoast_head_json":{"title":"\u00bfA qu\u00e9 te obligas al contratar un seguro de autos o de hogar? (La Vanguardia) - Col\u00b7legi de Mediadors d&#039;Assegurances de Lleida","robots":{"index":"index","follow":"follow","max-snippet":"max-snippet:-1","max-image-preview":"max-image-preview:large","max-video-preview":"max-video-preview:-1"},"canonical":"https:\/\/www.cmalleida.com\/es\/a-que-te-obligas-al-contratar-un-seguro-de-autos-o-de-hogar-la-vanguardia\/","og_locale":"es_ES","og_type":"article","og_title":"\u00bfA qu\u00e9 te obligas al contratar un seguro de autos o de hogar? (La Vanguardia) - Col\u00b7legi de Mediadors d&#039;Assegurances de Lleida","og_description":"No conocer el compromiso adquirido no nos libera de su cumplimiento CARLOS SOL\u00cdS Publicado a 28-12-2018 1:47 Un acto tan com\u00fan y habitual como la... Llegeix m\u00e9s","og_url":"https:\/\/www.cmalleida.com\/es\/a-que-te-obligas-al-contratar-un-seguro-de-autos-o-de-hogar-la-vanguardia\/","og_site_name":"Col\u00b7legi de Mediadors d&#039;Assegurances de Lleida","article_published_time":"2018-12-28T09:03:56+00:00","og_image":[{"width":762,"height":762,"url":"https:\/\/www.cmalleida.com\/wp-content\/uploads\/cmall-lleida-actualitat-edifici762.jpg","type":"image\/jpeg"}],"author":"Antonieta Castells Dolcet","twitter_card":"summary_large_image","twitter_misc":{"Written by":"Antonieta Castells Dolcet","Est. reading time":"4 minutos"},"schema":{"@context":"https:\/\/schema.org","@graph":[{"@type":"Article","@id":"https:\/\/www.cmalleida.com\/es\/a-que-te-obligas-al-contratar-un-seguro-de-autos-o-de-hogar-la-vanguardia\/#article","isPartOf":{"@id":"https:\/\/www.cmalleida.com\/es\/a-que-te-obligas-al-contratar-un-seguro-de-autos-o-de-hogar-la-vanguardia\/"},"author":{"name":"Antonieta Castells Dolcet","@id":"https:\/\/www.cmalleida.com\/es\/#\/schema\/person\/7461453022a0d6ce41c1e530eb4443b4"},"headline":"\u00bfA qu\u00e9 te obligas al contratar un seguro de autos o de hogar? (La Vanguardia)","datePublished":"2018-12-28T09:03:56+00:00","mainEntityOfPage":{"@id":"https:\/\/www.cmalleida.com\/es\/a-que-te-obligas-al-contratar-un-seguro-de-autos-o-de-hogar-la-vanguardia\/"},"wordCount":788,"publisher":{"@id":"https:\/\/www.cmalleida.com\/es\/#organization"},"image":{"@id":"https:\/\/www.cmalleida.com\/es\/a-que-te-obligas-al-contratar-un-seguro-de-autos-o-de-hogar-la-vanguardia\/#primaryimage"},"thumbnailUrl":"https:\/\/www.cmalleida.com\/wp-content\/uploads\/cmall-lleida-actualitat-edifici762.jpg","articleSection":["Actualidad","Seguros"],"inLanguage":"es"},{"@type":"WebPage","@id":"https:\/\/www.cmalleida.com\/es\/a-que-te-obligas-al-contratar-un-seguro-de-autos-o-de-hogar-la-vanguardia\/","url":"https:\/\/www.cmalleida.com\/es\/a-que-te-obligas-al-contratar-un-seguro-de-autos-o-de-hogar-la-vanguardia\/","name":"\u00bfA qu\u00e9 te obligas al contratar un seguro de autos o de hogar? (La Vanguardia) - Col\u00b7legi de Mediadors d&#039;Assegurances de Lleida","isPartOf":{"@id":"https:\/\/www.cmalleida.com\/es\/#website"},"primaryImageOfPage":{"@id":"https:\/\/www.cmalleida.com\/es\/a-que-te-obligas-al-contratar-un-seguro-de-autos-o-de-hogar-la-vanguardia\/#primaryimage"},"image":{"@id":"https:\/\/www.cmalleida.com\/es\/a-que-te-obligas-al-contratar-un-seguro-de-autos-o-de-hogar-la-vanguardia\/#primaryimage"},"thumbnailUrl":"https:\/\/www.cmalleida.com\/wp-content\/uploads\/cmall-lleida-actualitat-edifici762.jpg","datePublished":"2018-12-28T09:03:56+00:00","breadcrumb":{"@id":"https:\/\/www.cmalleida.com\/es\/a-que-te-obligas-al-contratar-un-seguro-de-autos-o-de-hogar-la-vanguardia\/#breadcrumb"},"inLanguage":"es","potentialAction":[{"@type":"ReadAction","target":["https:\/\/www.cmalleida.com\/es\/a-que-te-obligas-al-contratar-un-seguro-de-autos-o-de-hogar-la-vanguardia\/"]}]},{"@type":"ImageObject","inLanguage":"es","@id":"https:\/\/www.cmalleida.com\/es\/a-que-te-obligas-al-contratar-un-seguro-de-autos-o-de-hogar-la-vanguardia\/#primaryimage","url":"https:\/\/www.cmalleida.com\/wp-content\/uploads\/cmall-lleida-actualitat-edifici762.jpg","contentUrl":"https:\/\/www.cmalleida.com\/wp-content\/uploads\/cmall-lleida-actualitat-edifici762.jpg","width":762,"height":762,"caption":"cmall-lleida-actualitat-EDIFICI762"},{"@type":"BreadcrumbList","@id":"https:\/\/www.cmalleida.com\/es\/a-que-te-obligas-al-contratar-un-seguro-de-autos-o-de-hogar-la-vanguardia\/#breadcrumb","itemListElement":[{"@type":"ListItem","position":1,"name":"Inici","item":"https:\/\/www.cmalleida.com\/es\/"},{"@type":"ListItem","position":2,"name":"\u00bfA qu\u00e9 te obligas al contratar un seguro de autos o de hogar? (La Vanguardia)"}]},{"@type":"WebSite","@id":"https:\/\/www.cmalleida.com\/es\/#website","url":"https:\/\/www.cmalleida.com\/es\/","name":"Col\u00b7legi de Mediadors d&#039;Assegurances de Lleida","description":"Otro sitio realizado con WordPress","publisher":{"@id":"https:\/\/www.cmalleida.com\/es\/#organization"},"potentialAction":[{"@type":"SearchAction","target":{"@type":"EntryPoint","urlTemplate":"https:\/\/www.cmalleida.com\/es\/?s={search_term_string}"},"query-input":{"@type":"PropertyValueSpecification","valueRequired":true,"valueName":"search_term_string"}}],"inLanguage":"es"},{"@type":"Organization","@id":"https:\/\/www.cmalleida.com\/es\/#organization","name":"Col\u00b7legi de Mediadors d'Assegurances de Lleida","url":"https:\/\/www.cmalleida.com\/es\/","logo":{"@type":"ImageObject","inLanguage":"es","@id":"https:\/\/www.cmalleida.com\/es\/#\/schema\/logo\/image\/","url":"","contentUrl":"","caption":"Col\u00b7legi de Mediadors d'Assegurances de Lleida"},"image":{"@id":"https:\/\/www.cmalleida.com\/es\/#\/schema\/logo\/image\/"}},{"@type":"Person","@id":"https:\/\/www.cmalleida.com\/es\/#\/schema\/person\/7461453022a0d6ce41c1e530eb4443b4","name":"Antonieta Castells Dolcet","image":{"@type":"ImageObject","inLanguage":"es","@id":"https:\/\/secure.gravatar.com\/avatar\/7738df9a8ff2d12e8b37d088ff0e3e36016e57ab29e5db27ba4fb758a81ea3cb?s=96&d=mm&r=g","url":"https:\/\/secure.gravatar.com\/avatar\/7738df9a8ff2d12e8b37d088ff0e3e36016e57ab29e5db27ba4fb758a81ea3cb?s=96&d=mm&r=g","contentUrl":"https:\/\/secure.gravatar.com\/avatar\/7738df9a8ff2d12e8b37d088ff0e3e36016e57ab29e5db27ba4fb758a81ea3cb?s=96&d=mm&r=g","caption":"Antonieta Castells Dolcet"},"sameAs":["http:\/\/www.cmalleida.com"]}]}},"_links":{"self":[{"href":"https:\/\/www.cmalleida.com\/es\/wp-json\/wp\/v2\/posts\/3786","targetHints":{"allow":["GET"]}}],"collection":[{"href":"https:\/\/www.cmalleida.com\/es\/wp-json\/wp\/v2\/posts"}],"about":[{"href":"https:\/\/www.cmalleida.com\/es\/wp-json\/wp\/v2\/types\/post"}],"author":[{"embeddable":true,"href":"https:\/\/www.cmalleida.com\/es\/wp-json\/wp\/v2\/users\/149"}],"replies":[{"embeddable":true,"href":"https:\/\/www.cmalleida.com\/es\/wp-json\/wp\/v2\/comments?post=3786"}],"version-history":[{"count":1,"href":"https:\/\/www.cmalleida.com\/es\/wp-json\/wp\/v2\/posts\/3786\/revisions"}],"predecessor-version":[{"id":3787,"href":"https:\/\/www.cmalleida.com\/es\/wp-json\/wp\/v2\/posts\/3786\/revisions\/3787"}],"wp:featuredmedia":[{"embeddable":true,"href":"https:\/\/www.cmalleida.com\/es\/wp-json\/wp\/v2\/media\/1893"}],"wp:attachment":[{"href":"https:\/\/www.cmalleida.com\/es\/wp-json\/wp\/v2\/media?parent=3786"}],"wp:term":[{"taxonomy":"category","embeddable":true,"href":"https:\/\/www.cmalleida.com\/es\/wp-json\/wp\/v2\/categories?post=3786"},{"taxonomy":"post_tag","embeddable":true,"href":"https:\/\/www.cmalleida.com\/es\/wp-json\/wp\/v2\/tags?post=3786"}],"curies":[{"name":"wp","href":"https:\/\/api.w.org\/{rel}","templated":true}]}}