{"id":3637,"date":"2018-11-30T10:00:52","date_gmt":"2018-11-30T09:00:52","guid":{"rendered":"https:\/\/www.cmalleida.com\/?p=3637"},"modified":"2018-11-30T10:00:52","modified_gmt":"2018-11-30T09:00:52","slug":"los-ayuntamientos-pueden-exigir-seguro-a-los-patinetes-electricos-la-vanguardia","status":"publish","type":"post","link":"https:\/\/www.cmalleida.com\/es\/los-ayuntamientos-pueden-exigir-seguro-a-los-patinetes-electricos-la-vanguardia\/","title":{"rendered":"Los ayuntamientos pueden exigir seguro a los patinetes el\u00e9ctricos (La Vanguardia)"},"content":{"rendered":"<p><em>P\u00f3lizas de hogar, de responsabilidad civil y de asistencia jur\u00eddica asisten a los usuarios de los VMP en caso de accidente<\/em><\/p>\n<p><strong>REDACCI\u00d3N <\/strong><strong>Publicado a 29-11-2018 1:18<\/strong><\/p>\n<p>Conocida la primera muerte tras un siniestro en el que se vio\u00a0<a href=\"https:\/\/www.lavanguardia.com\/local\/barcelona\/20181128\/453224375494\/una-anciana-murio-en-agosto-atropellada-por-un-patinete-electrico-en-esplugues.html\">involucrado un patinete el\u00e9ctrico<\/a>, en agosto pasado en Esplugues de Llobregat (Barcelona), la inquietud de los usuarios de estos nuevos veh\u00edculos de transporte alternativo se vuelve hacia el sector asegurador. Mientras la DGT y\u00a0<a href=\"https:\/\/www.lavanguardia.com\/politica\/20180909\/451722451899\/las-ciudades-comienzan-a-regular-ante-la-irrupcion-del-patinete-electrico.html\">los ayuntamientos impulsan ordenanzas reguladoras<\/a>,<strong>\u00a0toda persona que circule en patinete el\u00e9ctrico puede tener cobertura aseguradora de manera f\u00e1cil<\/strong>\u00a0si tiene un buen asesoramiento t\u00e9cnico y una p\u00f3liza adecuada que en muchos casos cubre aspectos de nuestra actividad que desconocemos.<\/p>\n<p>Con fecha 3 de noviembre de 2016, la Direcci\u00f3n General de Tr\u00e1fico (DGT), difundi\u00f3 la Instrucci\u00f3n 16\/V-124 -que es la que hasta ahora, mientras ya se ha anunciado un nuevo reglamento m\u00e1s espec\u00edfico, define los VMP (Veh\u00edculos de Movilidad Personal) como \u201cveh\u00edculos capaces de asistir al ser humano en su desplazamiento personal y que por su construcci\u00f3n, pueden exceder las caracter\u00edsticas de los ciclos y estar dotados de motor el\u00e9ctrico\u201d.<\/p>\n<p>La DGT remite a las autoridades locales para regular el aseguramiento, permisos y licencias<\/p>\n<p>Este documento recoge, en su apartado Cuarto relativo al Aseguramiento, que<strong>\u00a0los patinetes el\u00e9ctricos y similares no tienen consideraci\u00f3n de veh\u00edculos a motor<\/strong>, por lo que no est\u00e1n sujetos a aseguramiento obligatorio a tenor de lo dispuesto en el real Decreto 1507\/2008 de 12 de septiembre.<\/p>\n<p>Sin embargo, la DGT expone que\u00a0<strong>\u201cel usuario o propietario del VMP podr\u00e1 voluntariamente contratar un seguro<\/strong>\u00a0en los t\u00e9rminos establecidos en la legislaci\u00f3n general de seguros o, deber\u00e1 contratarlo, en los casos en los en los que para su utilizaci\u00f3n en v\u00eda urbana, la autoridad local lo establezca\u201d.<\/p>\n<p>En la misma l\u00ednea se enmarca el apartado Tercero de la Instrucci\u00f3n en relaci\u00f3n a la necesidad de permiso o licencia de circulaci\u00f3n y conducci\u00f3n para los patinetes el\u00e9ctricos: \u201chasta que no se regule definitivamente, no cabe exigir al usuario la titularidad de permiso o licencia de conducci\u00f3n\u201d. Y la DGT se remite a los ayuntamientos de nuevo al condicionar lo anterior \u201csin perjuicio de las exigencias t\u00e9cnicas o de otra naturaleza que la autoridad local determine para autorizar el uso de los VMP en las v\u00edas de su competencia\u201d.<\/p>\n<p>\u00bfC\u00f3mo asegurar los patinetes el\u00e9ctricos?<\/p>\n<p>Tal y como recoge el C\u00f3digo Civil, todo ciudadano debe responder de los da\u00f1os que cause a otro con culpa o negligencia que, adem\u00e1s, pueden derivar en reclamaciones judiciales que requieran asistencia jur\u00eddica. Es obvio, que estas circunstancias pueden verse agravadas por el hecho de circular en patinete por calzadas compartidas con otros veh\u00edculos y peatones.<\/p>\n<p>Ante este riesgo del que cabe ser consciente, es importante conocer que los habituales\u00a0<a href=\"https:\/\/seguros.lavanguardia.com\/2018\/09\/12\/como-se-aseguran-los-patinetes-electricos\/\">seguros multihogar pueden incluir en su cobertura para el contenido<\/a>\u00a0el aseguramiento de la denominada \u2018Responsabilidad Civil Privada\u2019 o \u2018Familiar\u2019, que garantiza la cobertura de la responsabilidad civil por los da\u00f1os y perjuicios que el propietario asegurado y las personas con las que convive puedan causar en actos de su vida privada.<\/p>\n<p>Si este es el caso de nuestro seguro del hogar, es determinante tener bien especificado en el contrato los nombres de las persones aseguradas. Cada d\u00eda es m\u00e1s frecuente la decisi\u00f3n de incluir en estas p\u00f3lizas a personas j\u00f3venes \u2013muchas de ellas usuarios habituales de los nuevos VMT (Veh\u00edculos de Movilidad Personal) como los patinetes el\u00e9ctricos- que no tienen contratados seguros propios.<\/p>\n<p>\u00bfC\u00f3mo verificar si el seguro nos cubre?<\/p>\n<p><strong>Comprobar que el seguro de hogar cubre la responsabilidad civil<\/strong>en el manejo de los VMP seg\u00fan quede conveniente detallado en la p\u00f3liza suscrita.<\/p>\n<p>Ampliar nuestra p\u00f3liza, o suscribir una nueva, que incluya<strong>\u00a0la defensa y reclamaci\u00f3n de da\u00f1os en caso de accidente<\/strong>\u00a0al mando de un patinete el\u00e9ctrico o veh\u00edculo similar.<\/p>\n<p>Incluir las coberturas econ\u00f3micas adecuadas para<strong>\u00a0hacer frente a los da\u00f1os ocasionados y la asistencia jur\u00eddica<\/strong>\u00a0en caso de ser necesaria ante reclamaciones legales por parte de terceros.<\/p>\n<p><strong>Formalizar la cobertura para da\u00f1os personales<\/strong>\u00a0y\/o materiales propios en caso de accidente.<\/p>\n<p>&nbsp;<\/p>\n<p><strong>La cobertura de da\u00f1os y la asistencia jur\u00eddica deben quedar asegurados en una buena p\u00f3liza<\/strong><\/p>\n","protected":false},"excerpt":{"rendered":"<p>P\u00f3lizas de hogar, de responsabilidad civil y de asistencia jur\u00eddica asisten a los usuarios de los VMP en caso de accidente REDACCI\u00d3N Publicado a 29-11-2018&#8230; <a href=\"https:\/\/www.cmalleida.com\/es\/los-ayuntamientos-pueden-exigir-seguro-a-los-patinetes-electricos-la-vanguardia\/\" rel=\"nofollow\" class=\"lollegirmes\">Llegeix m\u00e9s<\/a><\/p>\n","protected":false},"author":149,"featured_media":1847,"comment_status":"closed","ping_status":"closed","sticky":false,"template":"","format":"standard","meta":{"_acf_changed":false,"_genesis_hide_title":false,"_genesis_hide_breadcrumbs":false,"_genesis_hide_singular_image":false,"_genesis_hide_footer_widgets":false,"_genesis_custom_body_class":"","_genesis_custom_post_class":"","_genesis_layout":"","footnotes":""},"categories":[28,62],"tags":[],"class_list":{"0":"post-3637","1":"post","2":"type-post","3":"status-publish","4":"format-standard","5":"has-post-thumbnail","7":"category-actualidad","8":"category-sinistres-es","9":"entry"},"acf":[],"yoast_head":"<!-- This site is optimized with the Yoast SEO plugin v27.2 - https:\/\/yoast.com\/product\/yoast-seo-wordpress\/ -->\n<title>Los ayuntamientos pueden exigir seguro a los patinetes el\u00e9ctricos (La Vanguardia) - Col\u00b7legi de Mediadors d&#039;Assegurances de Lleida<\/title>\n<meta name=\"robots\" content=\"index, follow, max-snippet:-1, max-image-preview:large, max-video-preview:-1\" \/>\n<link rel=\"canonical\" href=\"https:\/\/www.cmalleida.com\/es\/los-ayuntamientos-pueden-exigir-seguro-a-los-patinetes-electricos-la-vanguardia\/\" \/>\n<meta property=\"og:locale\" content=\"es_ES\" \/>\n<meta property=\"og:type\" content=\"article\" \/>\n<meta property=\"og:title\" content=\"Los ayuntamientos pueden exigir seguro a los patinetes el\u00e9ctricos (La Vanguardia) - Col\u00b7legi de Mediadors d&#039;Assegurances de Lleida\" \/>\n<meta property=\"og:description\" content=\"P\u00f3lizas de hogar, de responsabilidad civil y de asistencia jur\u00eddica asisten a los usuarios de los VMP en caso de accidente REDACCI\u00d3N Publicado a 29-11-2018... Llegeix m\u00e9s\" \/>\n<meta property=\"og:url\" content=\"https:\/\/www.cmalleida.com\/es\/los-ayuntamientos-pueden-exigir-seguro-a-los-patinetes-electricos-la-vanguardia\/\" \/>\n<meta property=\"og:site_name\" content=\"Col\u00b7legi de Mediadors d&#039;Assegurances de Lleida\" \/>\n<meta property=\"article:published_time\" content=\"2018-11-30T09:00:52+00:00\" \/>\n<meta property=\"og:image\" content=\"https:\/\/www.cmalleida.com\/wp-content\/uploads\/cmall-lleida-treballadors762.jpg\" \/>\n\t<meta property=\"og:image:width\" content=\"762\" \/>\n\t<meta property=\"og:image:height\" content=\"762\" \/>\n\t<meta property=\"og:image:type\" content=\"image\/jpeg\" \/>\n<meta name=\"author\" content=\"Antonieta Castells Dolcet\" \/>\n<meta name=\"twitter:card\" content=\"summary_large_image\" \/>\n<meta name=\"twitter:label1\" content=\"Written by\" \/>\n\t<meta name=\"twitter:data1\" content=\"Antonieta Castells Dolcet\" \/>\n\t<meta name=\"twitter:label2\" content=\"Est. reading time\" \/>\n\t<meta name=\"twitter:data2\" content=\"4 minutos\" \/>\n<script type=\"application\/ld+json\" class=\"yoast-schema-graph\">{\"@context\":\"https:\/\/schema.org\",\"@graph\":[{\"@type\":\"Article\",\"@id\":\"https:\/\/www.cmalleida.com\/es\/los-ayuntamientos-pueden-exigir-seguro-a-los-patinetes-electricos-la-vanguardia\/#article\",\"isPartOf\":{\"@id\":\"https:\/\/www.cmalleida.com\/es\/los-ayuntamientos-pueden-exigir-seguro-a-los-patinetes-electricos-la-vanguardia\/\"},\"author\":{\"name\":\"Antonieta Castells Dolcet\",\"@id\":\"https:\/\/www.cmalleida.com\/es\/#\/schema\/person\/7461453022a0d6ce41c1e530eb4443b4\"},\"headline\":\"Los ayuntamientos pueden exigir seguro a los patinetes el\u00e9ctricos (La Vanguardia)\",\"datePublished\":\"2018-11-30T09:00:52+00:00\",\"mainEntityOfPage\":{\"@id\":\"https:\/\/www.cmalleida.com\/es\/los-ayuntamientos-pueden-exigir-seguro-a-los-patinetes-electricos-la-vanguardia\/\"},\"wordCount\":760,\"publisher\":{\"@id\":\"https:\/\/www.cmalleida.com\/es\/#organization\"},\"image\":{\"@id\":\"https:\/\/www.cmalleida.com\/es\/los-ayuntamientos-pueden-exigir-seguro-a-los-patinetes-electricos-la-vanguardia\/#primaryimage\"},\"thumbnailUrl\":\"https:\/\/www.cmalleida.com\/wp-content\/uploads\/cmall-lleida-treballadors762.jpg\",\"articleSection\":[\"Actualidad\",\"Sinistres\"],\"inLanguage\":\"es\"},{\"@type\":\"WebPage\",\"@id\":\"https:\/\/www.cmalleida.com\/es\/los-ayuntamientos-pueden-exigir-seguro-a-los-patinetes-electricos-la-vanguardia\/\",\"url\":\"https:\/\/www.cmalleida.com\/es\/los-ayuntamientos-pueden-exigir-seguro-a-los-patinetes-electricos-la-vanguardia\/\",\"name\":\"Los ayuntamientos pueden exigir seguro a los patinetes el\u00e9ctricos (La Vanguardia) - Col\u00b7legi de Mediadors d&#039;Assegurances de Lleida\",\"isPartOf\":{\"@id\":\"https:\/\/www.cmalleida.com\/es\/#website\"},\"primaryImageOfPage\":{\"@id\":\"https:\/\/www.cmalleida.com\/es\/los-ayuntamientos-pueden-exigir-seguro-a-los-patinetes-electricos-la-vanguardia\/#primaryimage\"},\"image\":{\"@id\":\"https:\/\/www.cmalleida.com\/es\/los-ayuntamientos-pueden-exigir-seguro-a-los-patinetes-electricos-la-vanguardia\/#primaryimage\"},\"thumbnailUrl\":\"https:\/\/www.cmalleida.com\/wp-content\/uploads\/cmall-lleida-treballadors762.jpg\",\"datePublished\":\"2018-11-30T09:00:52+00:00\",\"breadcrumb\":{\"@id\":\"https:\/\/www.cmalleida.com\/es\/los-ayuntamientos-pueden-exigir-seguro-a-los-patinetes-electricos-la-vanguardia\/#breadcrumb\"},\"inLanguage\":\"es\",\"potentialAction\":[{\"@type\":\"ReadAction\",\"target\":[\"https:\/\/www.cmalleida.com\/es\/los-ayuntamientos-pueden-exigir-seguro-a-los-patinetes-electricos-la-vanguardia\/\"]}]},{\"@type\":\"ImageObject\",\"inLanguage\":\"es\",\"@id\":\"https:\/\/www.cmalleida.com\/es\/los-ayuntamientos-pueden-exigir-seguro-a-los-patinetes-electricos-la-vanguardia\/#primaryimage\",\"url\":\"https:\/\/www.cmalleida.com\/wp-content\/uploads\/cmall-lleida-treballadors762.jpg\",\"contentUrl\":\"https:\/\/www.cmalleida.com\/wp-content\/uploads\/cmall-lleida-treballadors762.jpg\",\"width\":762,\"height\":762,\"caption\":\"cmall-lleida-treballadors762\"},{\"@type\":\"BreadcrumbList\",\"@id\":\"https:\/\/www.cmalleida.com\/es\/los-ayuntamientos-pueden-exigir-seguro-a-los-patinetes-electricos-la-vanguardia\/#breadcrumb\",\"itemListElement\":[{\"@type\":\"ListItem\",\"position\":1,\"name\":\"Inici\",\"item\":\"https:\/\/www.cmalleida.com\/es\/\"},{\"@type\":\"ListItem\",\"position\":2,\"name\":\"Los ayuntamientos pueden exigir seguro a los patinetes el\u00e9ctricos (La Vanguardia)\"}]},{\"@type\":\"WebSite\",\"@id\":\"https:\/\/www.cmalleida.com\/es\/#website\",\"url\":\"https:\/\/www.cmalleida.com\/es\/\",\"name\":\"Col\u00b7legi de Mediadors d&#039;Assegurances de Lleida\",\"description\":\"Otro sitio realizado con WordPress\",\"publisher\":{\"@id\":\"https:\/\/www.cmalleida.com\/es\/#organization\"},\"potentialAction\":[{\"@type\":\"SearchAction\",\"target\":{\"@type\":\"EntryPoint\",\"urlTemplate\":\"https:\/\/www.cmalleida.com\/es\/?s={search_term_string}\"},\"query-input\":{\"@type\":\"PropertyValueSpecification\",\"valueRequired\":true,\"valueName\":\"search_term_string\"}}],\"inLanguage\":\"es\"},{\"@type\":\"Organization\",\"@id\":\"https:\/\/www.cmalleida.com\/es\/#organization\",\"name\":\"Col\u00b7legi de Mediadors d'Assegurances de Lleida\",\"url\":\"https:\/\/www.cmalleida.com\/es\/\",\"logo\":{\"@type\":\"ImageObject\",\"inLanguage\":\"es\",\"@id\":\"https:\/\/www.cmalleida.com\/es\/#\/schema\/logo\/image\/\",\"url\":\"\",\"contentUrl\":\"\",\"caption\":\"Col\u00b7legi de Mediadors d'Assegurances de Lleida\"},\"image\":{\"@id\":\"https:\/\/www.cmalleida.com\/es\/#\/schema\/logo\/image\/\"}},{\"@type\":\"Person\",\"@id\":\"https:\/\/www.cmalleida.com\/es\/#\/schema\/person\/7461453022a0d6ce41c1e530eb4443b4\",\"name\":\"Antonieta Castells Dolcet\",\"image\":{\"@type\":\"ImageObject\",\"inLanguage\":\"es\",\"@id\":\"https:\/\/secure.gravatar.com\/avatar\/7738df9a8ff2d12e8b37d088ff0e3e36016e57ab29e5db27ba4fb758a81ea3cb?s=96&d=mm&r=g\",\"url\":\"https:\/\/secure.gravatar.com\/avatar\/7738df9a8ff2d12e8b37d088ff0e3e36016e57ab29e5db27ba4fb758a81ea3cb?s=96&d=mm&r=g\",\"contentUrl\":\"https:\/\/secure.gravatar.com\/avatar\/7738df9a8ff2d12e8b37d088ff0e3e36016e57ab29e5db27ba4fb758a81ea3cb?s=96&d=mm&r=g\",\"caption\":\"Antonieta Castells Dolcet\"},\"sameAs\":[\"http:\/\/www.cmalleida.com\"]}]}<\/script>\n<!-- \/ Yoast SEO plugin. -->","yoast_head_json":{"title":"Los ayuntamientos pueden exigir seguro a los patinetes el\u00e9ctricos (La Vanguardia) - Col\u00b7legi de Mediadors d&#039;Assegurances de Lleida","robots":{"index":"index","follow":"follow","max-snippet":"max-snippet:-1","max-image-preview":"max-image-preview:large","max-video-preview":"max-video-preview:-1"},"canonical":"https:\/\/www.cmalleida.com\/es\/los-ayuntamientos-pueden-exigir-seguro-a-los-patinetes-electricos-la-vanguardia\/","og_locale":"es_ES","og_type":"article","og_title":"Los ayuntamientos pueden exigir seguro a los patinetes el\u00e9ctricos (La Vanguardia) - Col\u00b7legi de Mediadors d&#039;Assegurances de Lleida","og_description":"P\u00f3lizas de hogar, de responsabilidad civil y de asistencia jur\u00eddica asisten a los usuarios de los VMP en caso de accidente REDACCI\u00d3N Publicado a 29-11-2018... Llegeix m\u00e9s","og_url":"https:\/\/www.cmalleida.com\/es\/los-ayuntamientos-pueden-exigir-seguro-a-los-patinetes-electricos-la-vanguardia\/","og_site_name":"Col\u00b7legi de Mediadors d&#039;Assegurances de Lleida","article_published_time":"2018-11-30T09:00:52+00:00","og_image":[{"width":762,"height":762,"url":"https:\/\/www.cmalleida.com\/wp-content\/uploads\/cmall-lleida-treballadors762.jpg","type":"image\/jpeg"}],"author":"Antonieta Castells Dolcet","twitter_card":"summary_large_image","twitter_misc":{"Written by":"Antonieta Castells Dolcet","Est. reading time":"4 minutos"},"schema":{"@context":"https:\/\/schema.org","@graph":[{"@type":"Article","@id":"https:\/\/www.cmalleida.com\/es\/los-ayuntamientos-pueden-exigir-seguro-a-los-patinetes-electricos-la-vanguardia\/#article","isPartOf":{"@id":"https:\/\/www.cmalleida.com\/es\/los-ayuntamientos-pueden-exigir-seguro-a-los-patinetes-electricos-la-vanguardia\/"},"author":{"name":"Antonieta Castells Dolcet","@id":"https:\/\/www.cmalleida.com\/es\/#\/schema\/person\/7461453022a0d6ce41c1e530eb4443b4"},"headline":"Los ayuntamientos pueden exigir seguro a los patinetes el\u00e9ctricos (La Vanguardia)","datePublished":"2018-11-30T09:00:52+00:00","mainEntityOfPage":{"@id":"https:\/\/www.cmalleida.com\/es\/los-ayuntamientos-pueden-exigir-seguro-a-los-patinetes-electricos-la-vanguardia\/"},"wordCount":760,"publisher":{"@id":"https:\/\/www.cmalleida.com\/es\/#organization"},"image":{"@id":"https:\/\/www.cmalleida.com\/es\/los-ayuntamientos-pueden-exigir-seguro-a-los-patinetes-electricos-la-vanguardia\/#primaryimage"},"thumbnailUrl":"https:\/\/www.cmalleida.com\/wp-content\/uploads\/cmall-lleida-treballadors762.jpg","articleSection":["Actualidad","Sinistres"],"inLanguage":"es"},{"@type":"WebPage","@id":"https:\/\/www.cmalleida.com\/es\/los-ayuntamientos-pueden-exigir-seguro-a-los-patinetes-electricos-la-vanguardia\/","url":"https:\/\/www.cmalleida.com\/es\/los-ayuntamientos-pueden-exigir-seguro-a-los-patinetes-electricos-la-vanguardia\/","name":"Los ayuntamientos pueden exigir seguro a los patinetes el\u00e9ctricos (La Vanguardia) - Col\u00b7legi de Mediadors d&#039;Assegurances de Lleida","isPartOf":{"@id":"https:\/\/www.cmalleida.com\/es\/#website"},"primaryImageOfPage":{"@id":"https:\/\/www.cmalleida.com\/es\/los-ayuntamientos-pueden-exigir-seguro-a-los-patinetes-electricos-la-vanguardia\/#primaryimage"},"image":{"@id":"https:\/\/www.cmalleida.com\/es\/los-ayuntamientos-pueden-exigir-seguro-a-los-patinetes-electricos-la-vanguardia\/#primaryimage"},"thumbnailUrl":"https:\/\/www.cmalleida.com\/wp-content\/uploads\/cmall-lleida-treballadors762.jpg","datePublished":"2018-11-30T09:00:52+00:00","breadcrumb":{"@id":"https:\/\/www.cmalleida.com\/es\/los-ayuntamientos-pueden-exigir-seguro-a-los-patinetes-electricos-la-vanguardia\/#breadcrumb"},"inLanguage":"es","potentialAction":[{"@type":"ReadAction","target":["https:\/\/www.cmalleida.com\/es\/los-ayuntamientos-pueden-exigir-seguro-a-los-patinetes-electricos-la-vanguardia\/"]}]},{"@type":"ImageObject","inLanguage":"es","@id":"https:\/\/www.cmalleida.com\/es\/los-ayuntamientos-pueden-exigir-seguro-a-los-patinetes-electricos-la-vanguardia\/#primaryimage","url":"https:\/\/www.cmalleida.com\/wp-content\/uploads\/cmall-lleida-treballadors762.jpg","contentUrl":"https:\/\/www.cmalleida.com\/wp-content\/uploads\/cmall-lleida-treballadors762.jpg","width":762,"height":762,"caption":"cmall-lleida-treballadors762"},{"@type":"BreadcrumbList","@id":"https:\/\/www.cmalleida.com\/es\/los-ayuntamientos-pueden-exigir-seguro-a-los-patinetes-electricos-la-vanguardia\/#breadcrumb","itemListElement":[{"@type":"ListItem","position":1,"name":"Inici","item":"https:\/\/www.cmalleida.com\/es\/"},{"@type":"ListItem","position":2,"name":"Los ayuntamientos pueden exigir seguro a los patinetes el\u00e9ctricos (La Vanguardia)"}]},{"@type":"WebSite","@id":"https:\/\/www.cmalleida.com\/es\/#website","url":"https:\/\/www.cmalleida.com\/es\/","name":"Col\u00b7legi de Mediadors d&#039;Assegurances de Lleida","description":"Otro sitio realizado con WordPress","publisher":{"@id":"https:\/\/www.cmalleida.com\/es\/#organization"},"potentialAction":[{"@type":"SearchAction","target":{"@type":"EntryPoint","urlTemplate":"https:\/\/www.cmalleida.com\/es\/?s={search_term_string}"},"query-input":{"@type":"PropertyValueSpecification","valueRequired":true,"valueName":"search_term_string"}}],"inLanguage":"es"},{"@type":"Organization","@id":"https:\/\/www.cmalleida.com\/es\/#organization","name":"Col\u00b7legi de Mediadors d'Assegurances de Lleida","url":"https:\/\/www.cmalleida.com\/es\/","logo":{"@type":"ImageObject","inLanguage":"es","@id":"https:\/\/www.cmalleida.com\/es\/#\/schema\/logo\/image\/","url":"","contentUrl":"","caption":"Col\u00b7legi de Mediadors d'Assegurances de Lleida"},"image":{"@id":"https:\/\/www.cmalleida.com\/es\/#\/schema\/logo\/image\/"}},{"@type":"Person","@id":"https:\/\/www.cmalleida.com\/es\/#\/schema\/person\/7461453022a0d6ce41c1e530eb4443b4","name":"Antonieta Castells Dolcet","image":{"@type":"ImageObject","inLanguage":"es","@id":"https:\/\/secure.gravatar.com\/avatar\/7738df9a8ff2d12e8b37d088ff0e3e36016e57ab29e5db27ba4fb758a81ea3cb?s=96&d=mm&r=g","url":"https:\/\/secure.gravatar.com\/avatar\/7738df9a8ff2d12e8b37d088ff0e3e36016e57ab29e5db27ba4fb758a81ea3cb?s=96&d=mm&r=g","contentUrl":"https:\/\/secure.gravatar.com\/avatar\/7738df9a8ff2d12e8b37d088ff0e3e36016e57ab29e5db27ba4fb758a81ea3cb?s=96&d=mm&r=g","caption":"Antonieta Castells Dolcet"},"sameAs":["http:\/\/www.cmalleida.com"]}]}},"_links":{"self":[{"href":"https:\/\/www.cmalleida.com\/es\/wp-json\/wp\/v2\/posts\/3637","targetHints":{"allow":["GET"]}}],"collection":[{"href":"https:\/\/www.cmalleida.com\/es\/wp-json\/wp\/v2\/posts"}],"about":[{"href":"https:\/\/www.cmalleida.com\/es\/wp-json\/wp\/v2\/types\/post"}],"author":[{"embeddable":true,"href":"https:\/\/www.cmalleida.com\/es\/wp-json\/wp\/v2\/users\/149"}],"replies":[{"embeddable":true,"href":"https:\/\/www.cmalleida.com\/es\/wp-json\/wp\/v2\/comments?post=3637"}],"version-history":[{"count":1,"href":"https:\/\/www.cmalleida.com\/es\/wp-json\/wp\/v2\/posts\/3637\/revisions"}],"predecessor-version":[{"id":3638,"href":"https:\/\/www.cmalleida.com\/es\/wp-json\/wp\/v2\/posts\/3637\/revisions\/3638"}],"wp:featuredmedia":[{"embeddable":true,"href":"https:\/\/www.cmalleida.com\/es\/wp-json\/wp\/v2\/media\/1847"}],"wp:attachment":[{"href":"https:\/\/www.cmalleida.com\/es\/wp-json\/wp\/v2\/media?parent=3637"}],"wp:term":[{"taxonomy":"category","embeddable":true,"href":"https:\/\/www.cmalleida.com\/es\/wp-json\/wp\/v2\/categories?post=3637"},{"taxonomy":"post_tag","embeddable":true,"href":"https:\/\/www.cmalleida.com\/es\/wp-json\/wp\/v2\/tags?post=3637"}],"curies":[{"name":"wp","href":"https:\/\/api.w.org\/{rel}","templated":true}]}}