{"id":3577,"date":"2018-11-23T10:10:50","date_gmt":"2018-11-23T09:10:50","guid":{"rendered":"https:\/\/www.cmalleida.com\/?p=3577"},"modified":"2018-11-23T10:10:50","modified_gmt":"2018-11-23T09:10:50","slug":"como-puede-sobrevivir-mi-negocio-tras-un-siniestro-grave-la-vanguardia","status":"publish","type":"post","link":"https:\/\/www.cmalleida.com\/es\/como-puede-sobrevivir-mi-negocio-tras-un-siniestro-grave-la-vanguardia\/","title":{"rendered":"\u00bfC\u00f3mo puede sobrevivir mi negocio tras un siniestro grave? (La Vanguardia)"},"content":{"rendered":"<p><em>Esta una cuesti\u00f3n muy relevante en la planificaci\u00f3n aseguradora de una empresa<\/em><\/p>\n<p>JOAN MORALES Publicado a 12-11-2018 9:23<\/p>\n<p>Es evidente que recibir la indemnizaci\u00f3n correspondiente a la reparaci\u00f3n de los da\u00f1os sufridos a ra\u00edz de un siniestro importante, como un incendio o una inundaci\u00f3n grave, por ejemplo, es fundamental para que\u00a0<strong>una empresa pueda superar un trance<\/strong>\u00a0de este calibre. Pero esa indemnizaci\u00f3n correspondiente a los da\u00f1os sufridos directamente en el siniestro no resuelve la totalidad de las consecuencias econ\u00f3micas de un incidente grave que puede paralizar el negocio durante mucho tiempo.<\/p>\n<p>El periodo de reconstrucci\u00f3n y puesta en marcha de nuevo del negocio que se desarrollaba en una tienda, un taller, una industria, un hotel, etc., puede tomar bastante tiempo. Meses, incluso m\u00e1s de un a\u00f1o en el caso de negocios industriales complejos.\u00a0<strong>Durante la paralizaci\u00f3n consecuencia del siniestro la empresa deber\u00e1 seguir asumiendo unos gastos que no desaparecen<\/strong>, aunque se haya paralizado totalmente el proceso productivo: salarios, obligaciones financieras tales como el pago de cr\u00e9ditos, alquileres, licencias, impuestos, importes m\u00ednimos de consumo de energ\u00eda, agua y comunicaciones, etc.<\/p>\n<p>Existe, como es de suponer, un instrumento asegurador para cubrir y hacer frente a este tipo de riesgos. Se trata de los\u00a0<strong>Seguros de Lucro Cesante, conocidos tambi\u00e9n como Seguros de P\u00e9rdida de Beneficios<\/strong>. La finalidad de estos seguros es cubrir las p\u00e9rdidas consecuenciales sufridas por el asegurado a ra\u00edz de un siniestro que est\u00e9 previsto en el contrato de seguro.<\/p>\n<p>Existen tres modalidades de aseguramiento del lucro cesante:<\/p>\n<p><strong>Paralizaci\u00f3n:<\/strong>\u00a0El asegurador indemnizar\u00e1 un importe diario, fijado en la p\u00f3liza, por cada d\u00eda que el negocio permanezca inactivo a consecuencia de un siniestro previsto en el contrato. Suele limitarse a un m\u00e1ximo de 90 d\u00edas.<\/p>\n<p><strong>P\u00e9rdida de Beneficios: Modalidad \u201cGastos Permanentes\u201d.<\/strong>\u00a0En esta modalidad el asegurador indemnizar\u00e1 los gastos permanentes en que haya incurrido el asegurado desde el momento del siniestro y hasta la recuperaci\u00f3n de la facturaci\u00f3n habitual de la empresa.<\/p>\n<p><strong>P\u00e9rdida de Beneficios: Modalidad \u201cBeneficio Bruto\u201d<\/strong>. Cobertura de id\u00e9ntico funcionamiento al de la anterior, pero en que el objeto de cobertura se ampl\u00eda al Beneficio Bruto, es decir, a la suma de los Gastos Permanentes m\u00e1s el Beneficio Neto que la empresa hab\u00eda venido generando antes del siniestro.<\/p>\n<p>Mientras que la primera modalidad, la de paralizaci\u00f3n, suele ofrecerse en el aseguramiento de peque\u00f1os negocios destinados al comercio y restauraci\u00f3n, las otras dos modalidades, especialmente la de Beneficio Bruto, son las que habitualmente se utilizan para el aseguramiento de los negocios empresariales a partir de un cierto tama\u00f1o y complejidad.<\/p>\n<p>Aspectos a tener en cuenta<\/p>\n<p>En el momento de la contrataci\u00f3n del seguro<strong>\u00a0se pacta el periodo m\u00e1ximo de cobertura<\/strong>\u00a0que se asegura. Es muy habitual que, de no estar correctamente asesorado, el asegurado peque de optimismo respecto del tiempo necesario para reconstruir el riesgo asegurado tras un siniestro de gravedad, como un incendio. Periodos de cobertura de tres o seis meses, pueden revelarse cortos, especialmente si tenemos en cuenta que\u00a0<strong>el objeto de cobertura es la recuperaci\u00f3n del volumen de facturaci\u00f3n habitual<\/strong>\u00a0de la empresa. Es decir se cubre la P\u00e9rdida de Beneficios\u00a0<strong>desde el momento del siniestro hasta que la empresa vuelve a recuperar su nivel de negocio habitual<\/strong>, anterior al siniestro, no simplemente \u201cvolver a fabricar, sino volver a los niveles de negocio anteriores al siniestro. Y eso puede tardar bastante m\u00e1s que la simple nueva puesta en funcionamiento del proceso productivo.<\/p>\n<p>Aunque inicialmente el seguro de P\u00e9rdida de Beneficios cubr\u00eda solamente los siniestros derivados de<strong>\u00a0incendio o explosi\u00f3n, en la actualidad es posible incorporar otras causas<\/strong>, como las inundaciones o las aver\u00edas de ciertas m\u00e1quinas especialmente claves en el proceso productivo de una industria. Incluso puede cubrirse la p\u00e9rdida de beneficios derivada de\u00a0<strong>siniestros ocurridos en riesgos propiedad de clientes o de proveedores<\/strong>que resultan claves en el negocio del asegurado.<\/p>\n<p>En el caso de siniestros generados por causas cubiertas por el\u00a0<strong>Seguro de Riesgos Extraordinarios del Consorcio de Compensaci\u00f3n de Seguros<\/strong>, siempre que se haya contratado la cobertura de P\u00e9rdida de Beneficios, ser\u00e1 este organismo el que asumir\u00e1 la cobertura e indemnizaci\u00f3n del siniestro en las mismas condiciones que las pactadas con el asegurador privado de esta garant\u00eda (modalidad de aseguramiento, periodo de cobertura, franquicia, etc.).<\/p>\n<p>En los seguros de P\u00e9rdida de Beneficios es habitual el establecimiento de una\u00a0<strong>franquicia temporal<\/strong>. Normalmente esta franquicia se establece entre 2 y 7 d\u00edas. Ello significa que, una vez calculada la p\u00e9rdida de beneficios a indemnizar, no se abonar\u00e1 al asegurado la parte correspondiente a los primeros d\u00edas del periodo que ha sido objeto de indemnizaci\u00f3n.<\/p>\n<p>Algunas especializaciones<\/p>\n<p>Existen en nuestro mercado asegurador soluciones aseguradoras para todo tipo de situaciones. Relacionados con la cobertura de\u00a0<strong>p\u00e9rdidas pecuniarias por la paralizaci\u00f3n de un negocio<\/strong>, existen seguros especializados en la suspensi\u00f3n de espect\u00e1culos por razones meteorol\u00f3gicas, por la incomparecencia de los artistas, fallos de suministro el\u00e9ctrico u otras causas, siempre que sean imprevistas, accidentales y ajenas a la voluntad del organizador o promotor asegurado. De este modo pueden asegurarse tambi\u00e9n las\u00a0<strong>p\u00e9rdidas derivadas de la cancelaci\u00f3n de congresos, conferencias, ferias, exposiciones, festejos, competiciones deportivas, etc<\/strong>.<\/p>\n<p>Un seguro esencial para la empresa en momentos cruciales<\/p>\n<p>Aunque puede parecer un seguro de mec\u00e1nica compleja, en realidad es un seguro t\u00e9cnico, en el que si se establecen correctamente los par\u00e1metros necesarios para el c\u00e1lculo adecuado del riesgo a asegurar, no reviste mayor complicaci\u00f3n.\u00a0<strong>El asesoramiento profesional de un mediador de seguros<\/strong>se hace imprescindible, pero estudiado el riesgo con atenci\u00f3n y en toda su amplitud, permite a la empresa asegurada gozar de una herramienta aseguradora que\u00a0<strong>puede relevarse como crucial para su supervivencia en caso de siniestros de cierta envergadura<\/strong>.<\/p>\n","protected":false},"excerpt":{"rendered":"<p>Esta una cuesti\u00f3n muy relevante en la planificaci\u00f3n aseguradora de una empresa JOAN MORALES Publicado a 12-11-2018 9:23 Es evidente que recibir la indemnizaci\u00f3n correspondiente&#8230; <a href=\"https:\/\/www.cmalleida.com\/es\/como-puede-sobrevivir-mi-negocio-tras-un-siniestro-grave-la-vanguardia\/\" rel=\"nofollow\" class=\"lollegirmes\">Llegeix m\u00e9s<\/a><\/p>\n","protected":false},"author":149,"featured_media":2140,"comment_status":"closed","ping_status":"closed","sticky":false,"template":"","format":"standard","meta":{"_acf_changed":false,"_genesis_hide_title":false,"_genesis_hide_breadcrumbs":false,"_genesis_hide_singular_image":false,"_genesis_hide_footer_widgets":false,"_genesis_custom_body_class":"","_genesis_custom_post_class":"","_genesis_layout":"","footnotes":""},"categories":[28,62],"tags":[],"class_list":{"0":"post-3577","1":"post","2":"type-post","3":"status-publish","4":"format-standard","5":"has-post-thumbnail","7":"category-actualidad","8":"category-sinistres-es","9":"entry"},"acf":[],"yoast_head":"<!-- This site is optimized with the Yoast SEO plugin v27.2 - https:\/\/yoast.com\/product\/yoast-seo-wordpress\/ -->\n<title>\u00bfC\u00f3mo puede sobrevivir mi negocio tras un siniestro grave? (La Vanguardia) - Col\u00b7legi de Mediadors d&#039;Assegurances de Lleida<\/title>\n<meta name=\"robots\" content=\"index, follow, max-snippet:-1, max-image-preview:large, max-video-preview:-1\" \/>\n<link rel=\"canonical\" href=\"https:\/\/www.cmalleida.com\/es\/como-puede-sobrevivir-mi-negocio-tras-un-siniestro-grave-la-vanguardia\/\" \/>\n<meta property=\"og:locale\" content=\"es_ES\" \/>\n<meta property=\"og:type\" content=\"article\" \/>\n<meta property=\"og:title\" content=\"\u00bfC\u00f3mo puede sobrevivir mi negocio tras un siniestro grave? (La Vanguardia) - Col\u00b7legi de Mediadors d&#039;Assegurances de Lleida\" \/>\n<meta property=\"og:description\" content=\"Esta una cuesti\u00f3n muy relevante en la planificaci\u00f3n aseguradora de una empresa JOAN MORALES Publicado a 12-11-2018 9:23 Es evidente que recibir la indemnizaci\u00f3n correspondiente... Llegeix m\u00e9s\" \/>\n<meta property=\"og:url\" content=\"https:\/\/www.cmalleida.com\/es\/como-puede-sobrevivir-mi-negocio-tras-un-siniestro-grave-la-vanguardia\/\" \/>\n<meta property=\"og:site_name\" content=\"Col\u00b7legi de Mediadors d&#039;Assegurances de Lleida\" \/>\n<meta property=\"article:published_time\" content=\"2018-11-23T09:10:50+00:00\" \/>\n<meta property=\"og:image\" content=\"https:\/\/www.cmalleida.com\/wp-content\/uploads\/cmall-lleida-actualitat-inunda762.jpg\" \/>\n\t<meta property=\"og:image:width\" content=\"762\" \/>\n\t<meta property=\"og:image:height\" content=\"762\" \/>\n\t<meta property=\"og:image:type\" content=\"image\/jpeg\" \/>\n<meta name=\"author\" content=\"Antonieta Castells Dolcet\" \/>\n<meta name=\"twitter:card\" content=\"summary_large_image\" \/>\n<meta name=\"twitter:label1\" content=\"Written by\" \/>\n\t<meta name=\"twitter:data1\" content=\"Antonieta Castells Dolcet\" \/>\n\t<meta name=\"twitter:label2\" content=\"Est. reading time\" \/>\n\t<meta name=\"twitter:data2\" content=\"5 minutos\" \/>\n<script type=\"application\/ld+json\" class=\"yoast-schema-graph\">{\"@context\":\"https:\/\/schema.org\",\"@graph\":[{\"@type\":\"Article\",\"@id\":\"https:\/\/www.cmalleida.com\/es\/como-puede-sobrevivir-mi-negocio-tras-un-siniestro-grave-la-vanguardia\/#article\",\"isPartOf\":{\"@id\":\"https:\/\/www.cmalleida.com\/es\/como-puede-sobrevivir-mi-negocio-tras-un-siniestro-grave-la-vanguardia\/\"},\"author\":{\"name\":\"Antonieta Castells Dolcet\",\"@id\":\"https:\/\/www.cmalleida.com\/es\/#\/schema\/person\/7461453022a0d6ce41c1e530eb4443b4\"},\"headline\":\"\u00bfC\u00f3mo puede sobrevivir mi negocio tras un siniestro grave? (La Vanguardia)\",\"datePublished\":\"2018-11-23T09:10:50+00:00\",\"mainEntityOfPage\":{\"@id\":\"https:\/\/www.cmalleida.com\/es\/como-puede-sobrevivir-mi-negocio-tras-un-siniestro-grave-la-vanguardia\/\"},\"wordCount\":1019,\"publisher\":{\"@id\":\"https:\/\/www.cmalleida.com\/es\/#organization\"},\"image\":{\"@id\":\"https:\/\/www.cmalleida.com\/es\/como-puede-sobrevivir-mi-negocio-tras-un-siniestro-grave-la-vanguardia\/#primaryimage\"},\"thumbnailUrl\":\"https:\/\/www.cmalleida.com\/wp-content\/uploads\/cmall-lleida-actualitat-inunda762.jpg\",\"articleSection\":[\"Actualidad\",\"Sinistres\"],\"inLanguage\":\"es\"},{\"@type\":\"WebPage\",\"@id\":\"https:\/\/www.cmalleida.com\/es\/como-puede-sobrevivir-mi-negocio-tras-un-siniestro-grave-la-vanguardia\/\",\"url\":\"https:\/\/www.cmalleida.com\/es\/como-puede-sobrevivir-mi-negocio-tras-un-siniestro-grave-la-vanguardia\/\",\"name\":\"\u00bfC\u00f3mo puede sobrevivir mi negocio tras un siniestro grave? (La Vanguardia) - Col\u00b7legi de Mediadors d&#039;Assegurances de Lleida\",\"isPartOf\":{\"@id\":\"https:\/\/www.cmalleida.com\/es\/#website\"},\"primaryImageOfPage\":{\"@id\":\"https:\/\/www.cmalleida.com\/es\/como-puede-sobrevivir-mi-negocio-tras-un-siniestro-grave-la-vanguardia\/#primaryimage\"},\"image\":{\"@id\":\"https:\/\/www.cmalleida.com\/es\/como-puede-sobrevivir-mi-negocio-tras-un-siniestro-grave-la-vanguardia\/#primaryimage\"},\"thumbnailUrl\":\"https:\/\/www.cmalleida.com\/wp-content\/uploads\/cmall-lleida-actualitat-inunda762.jpg\",\"datePublished\":\"2018-11-23T09:10:50+00:00\",\"breadcrumb\":{\"@id\":\"https:\/\/www.cmalleida.com\/es\/como-puede-sobrevivir-mi-negocio-tras-un-siniestro-grave-la-vanguardia\/#breadcrumb\"},\"inLanguage\":\"es\",\"potentialAction\":[{\"@type\":\"ReadAction\",\"target\":[\"https:\/\/www.cmalleida.com\/es\/como-puede-sobrevivir-mi-negocio-tras-un-siniestro-grave-la-vanguardia\/\"]}]},{\"@type\":\"ImageObject\",\"inLanguage\":\"es\",\"@id\":\"https:\/\/www.cmalleida.com\/es\/como-puede-sobrevivir-mi-negocio-tras-un-siniestro-grave-la-vanguardia\/#primaryimage\",\"url\":\"https:\/\/www.cmalleida.com\/wp-content\/uploads\/cmall-lleida-actualitat-inunda762.jpg\",\"contentUrl\":\"https:\/\/www.cmalleida.com\/wp-content\/uploads\/cmall-lleida-actualitat-inunda762.jpg\",\"width\":762,\"height\":762,\"caption\":\"cmall-lleida-actualitat-inunda762\"},{\"@type\":\"BreadcrumbList\",\"@id\":\"https:\/\/www.cmalleida.com\/es\/como-puede-sobrevivir-mi-negocio-tras-un-siniestro-grave-la-vanguardia\/#breadcrumb\",\"itemListElement\":[{\"@type\":\"ListItem\",\"position\":1,\"name\":\"Inici\",\"item\":\"https:\/\/www.cmalleida.com\/es\/\"},{\"@type\":\"ListItem\",\"position\":2,\"name\":\"\u00bfC\u00f3mo puede sobrevivir mi negocio tras un siniestro grave? (La Vanguardia)\"}]},{\"@type\":\"WebSite\",\"@id\":\"https:\/\/www.cmalleida.com\/es\/#website\",\"url\":\"https:\/\/www.cmalleida.com\/es\/\",\"name\":\"Col\u00b7legi de Mediadors d&#039;Assegurances de Lleida\",\"description\":\"Otro sitio realizado con WordPress\",\"publisher\":{\"@id\":\"https:\/\/www.cmalleida.com\/es\/#organization\"},\"potentialAction\":[{\"@type\":\"SearchAction\",\"target\":{\"@type\":\"EntryPoint\",\"urlTemplate\":\"https:\/\/www.cmalleida.com\/es\/?s={search_term_string}\"},\"query-input\":{\"@type\":\"PropertyValueSpecification\",\"valueRequired\":true,\"valueName\":\"search_term_string\"}}],\"inLanguage\":\"es\"},{\"@type\":\"Organization\",\"@id\":\"https:\/\/www.cmalleida.com\/es\/#organization\",\"name\":\"Col\u00b7legi de Mediadors d'Assegurances de Lleida\",\"url\":\"https:\/\/www.cmalleida.com\/es\/\",\"logo\":{\"@type\":\"ImageObject\",\"inLanguage\":\"es\",\"@id\":\"https:\/\/www.cmalleida.com\/es\/#\/schema\/logo\/image\/\",\"url\":\"\",\"contentUrl\":\"\",\"caption\":\"Col\u00b7legi de Mediadors d'Assegurances de Lleida\"},\"image\":{\"@id\":\"https:\/\/www.cmalleida.com\/es\/#\/schema\/logo\/image\/\"}},{\"@type\":\"Person\",\"@id\":\"https:\/\/www.cmalleida.com\/es\/#\/schema\/person\/7461453022a0d6ce41c1e530eb4443b4\",\"name\":\"Antonieta Castells Dolcet\",\"image\":{\"@type\":\"ImageObject\",\"inLanguage\":\"es\",\"@id\":\"https:\/\/secure.gravatar.com\/avatar\/7738df9a8ff2d12e8b37d088ff0e3e36016e57ab29e5db27ba4fb758a81ea3cb?s=96&d=mm&r=g\",\"url\":\"https:\/\/secure.gravatar.com\/avatar\/7738df9a8ff2d12e8b37d088ff0e3e36016e57ab29e5db27ba4fb758a81ea3cb?s=96&d=mm&r=g\",\"contentUrl\":\"https:\/\/secure.gravatar.com\/avatar\/7738df9a8ff2d12e8b37d088ff0e3e36016e57ab29e5db27ba4fb758a81ea3cb?s=96&d=mm&r=g\",\"caption\":\"Antonieta Castells Dolcet\"},\"sameAs\":[\"http:\/\/www.cmalleida.com\"]}]}<\/script>\n<!-- \/ Yoast SEO plugin. -->","yoast_head_json":{"title":"\u00bfC\u00f3mo puede sobrevivir mi negocio tras un siniestro grave? (La Vanguardia) - Col\u00b7legi de Mediadors d&#039;Assegurances de Lleida","robots":{"index":"index","follow":"follow","max-snippet":"max-snippet:-1","max-image-preview":"max-image-preview:large","max-video-preview":"max-video-preview:-1"},"canonical":"https:\/\/www.cmalleida.com\/es\/como-puede-sobrevivir-mi-negocio-tras-un-siniestro-grave-la-vanguardia\/","og_locale":"es_ES","og_type":"article","og_title":"\u00bfC\u00f3mo puede sobrevivir mi negocio tras un siniestro grave? (La Vanguardia) - Col\u00b7legi de Mediadors d&#039;Assegurances de Lleida","og_description":"Esta una cuesti\u00f3n muy relevante en la planificaci\u00f3n aseguradora de una empresa JOAN MORALES Publicado a 12-11-2018 9:23 Es evidente que recibir la indemnizaci\u00f3n correspondiente... Llegeix m\u00e9s","og_url":"https:\/\/www.cmalleida.com\/es\/como-puede-sobrevivir-mi-negocio-tras-un-siniestro-grave-la-vanguardia\/","og_site_name":"Col\u00b7legi de Mediadors d&#039;Assegurances de Lleida","article_published_time":"2018-11-23T09:10:50+00:00","og_image":[{"width":762,"height":762,"url":"https:\/\/www.cmalleida.com\/wp-content\/uploads\/cmall-lleida-actualitat-inunda762.jpg","type":"image\/jpeg"}],"author":"Antonieta Castells Dolcet","twitter_card":"summary_large_image","twitter_misc":{"Written by":"Antonieta Castells Dolcet","Est. reading time":"5 minutos"},"schema":{"@context":"https:\/\/schema.org","@graph":[{"@type":"Article","@id":"https:\/\/www.cmalleida.com\/es\/como-puede-sobrevivir-mi-negocio-tras-un-siniestro-grave-la-vanguardia\/#article","isPartOf":{"@id":"https:\/\/www.cmalleida.com\/es\/como-puede-sobrevivir-mi-negocio-tras-un-siniestro-grave-la-vanguardia\/"},"author":{"name":"Antonieta Castells Dolcet","@id":"https:\/\/www.cmalleida.com\/es\/#\/schema\/person\/7461453022a0d6ce41c1e530eb4443b4"},"headline":"\u00bfC\u00f3mo puede sobrevivir mi negocio tras un siniestro grave? (La Vanguardia)","datePublished":"2018-11-23T09:10:50+00:00","mainEntityOfPage":{"@id":"https:\/\/www.cmalleida.com\/es\/como-puede-sobrevivir-mi-negocio-tras-un-siniestro-grave-la-vanguardia\/"},"wordCount":1019,"publisher":{"@id":"https:\/\/www.cmalleida.com\/es\/#organization"},"image":{"@id":"https:\/\/www.cmalleida.com\/es\/como-puede-sobrevivir-mi-negocio-tras-un-siniestro-grave-la-vanguardia\/#primaryimage"},"thumbnailUrl":"https:\/\/www.cmalleida.com\/wp-content\/uploads\/cmall-lleida-actualitat-inunda762.jpg","articleSection":["Actualidad","Sinistres"],"inLanguage":"es"},{"@type":"WebPage","@id":"https:\/\/www.cmalleida.com\/es\/como-puede-sobrevivir-mi-negocio-tras-un-siniestro-grave-la-vanguardia\/","url":"https:\/\/www.cmalleida.com\/es\/como-puede-sobrevivir-mi-negocio-tras-un-siniestro-grave-la-vanguardia\/","name":"\u00bfC\u00f3mo puede sobrevivir mi negocio tras un siniestro grave? (La Vanguardia) - Col\u00b7legi de Mediadors d&#039;Assegurances de Lleida","isPartOf":{"@id":"https:\/\/www.cmalleida.com\/es\/#website"},"primaryImageOfPage":{"@id":"https:\/\/www.cmalleida.com\/es\/como-puede-sobrevivir-mi-negocio-tras-un-siniestro-grave-la-vanguardia\/#primaryimage"},"image":{"@id":"https:\/\/www.cmalleida.com\/es\/como-puede-sobrevivir-mi-negocio-tras-un-siniestro-grave-la-vanguardia\/#primaryimage"},"thumbnailUrl":"https:\/\/www.cmalleida.com\/wp-content\/uploads\/cmall-lleida-actualitat-inunda762.jpg","datePublished":"2018-11-23T09:10:50+00:00","breadcrumb":{"@id":"https:\/\/www.cmalleida.com\/es\/como-puede-sobrevivir-mi-negocio-tras-un-siniestro-grave-la-vanguardia\/#breadcrumb"},"inLanguage":"es","potentialAction":[{"@type":"ReadAction","target":["https:\/\/www.cmalleida.com\/es\/como-puede-sobrevivir-mi-negocio-tras-un-siniestro-grave-la-vanguardia\/"]}]},{"@type":"ImageObject","inLanguage":"es","@id":"https:\/\/www.cmalleida.com\/es\/como-puede-sobrevivir-mi-negocio-tras-un-siniestro-grave-la-vanguardia\/#primaryimage","url":"https:\/\/www.cmalleida.com\/wp-content\/uploads\/cmall-lleida-actualitat-inunda762.jpg","contentUrl":"https:\/\/www.cmalleida.com\/wp-content\/uploads\/cmall-lleida-actualitat-inunda762.jpg","width":762,"height":762,"caption":"cmall-lleida-actualitat-inunda762"},{"@type":"BreadcrumbList","@id":"https:\/\/www.cmalleida.com\/es\/como-puede-sobrevivir-mi-negocio-tras-un-siniestro-grave-la-vanguardia\/#breadcrumb","itemListElement":[{"@type":"ListItem","position":1,"name":"Inici","item":"https:\/\/www.cmalleida.com\/es\/"},{"@type":"ListItem","position":2,"name":"\u00bfC\u00f3mo puede sobrevivir mi negocio tras un siniestro grave? (La Vanguardia)"}]},{"@type":"WebSite","@id":"https:\/\/www.cmalleida.com\/es\/#website","url":"https:\/\/www.cmalleida.com\/es\/","name":"Col\u00b7legi de Mediadors d&#039;Assegurances de Lleida","description":"Otro sitio realizado con WordPress","publisher":{"@id":"https:\/\/www.cmalleida.com\/es\/#organization"},"potentialAction":[{"@type":"SearchAction","target":{"@type":"EntryPoint","urlTemplate":"https:\/\/www.cmalleida.com\/es\/?s={search_term_string}"},"query-input":{"@type":"PropertyValueSpecification","valueRequired":true,"valueName":"search_term_string"}}],"inLanguage":"es"},{"@type":"Organization","@id":"https:\/\/www.cmalleida.com\/es\/#organization","name":"Col\u00b7legi de Mediadors d'Assegurances de Lleida","url":"https:\/\/www.cmalleida.com\/es\/","logo":{"@type":"ImageObject","inLanguage":"es","@id":"https:\/\/www.cmalleida.com\/es\/#\/schema\/logo\/image\/","url":"","contentUrl":"","caption":"Col\u00b7legi de Mediadors d'Assegurances de Lleida"},"image":{"@id":"https:\/\/www.cmalleida.com\/es\/#\/schema\/logo\/image\/"}},{"@type":"Person","@id":"https:\/\/www.cmalleida.com\/es\/#\/schema\/person\/7461453022a0d6ce41c1e530eb4443b4","name":"Antonieta Castells Dolcet","image":{"@type":"ImageObject","inLanguage":"es","@id":"https:\/\/secure.gravatar.com\/avatar\/7738df9a8ff2d12e8b37d088ff0e3e36016e57ab29e5db27ba4fb758a81ea3cb?s=96&d=mm&r=g","url":"https:\/\/secure.gravatar.com\/avatar\/7738df9a8ff2d12e8b37d088ff0e3e36016e57ab29e5db27ba4fb758a81ea3cb?s=96&d=mm&r=g","contentUrl":"https:\/\/secure.gravatar.com\/avatar\/7738df9a8ff2d12e8b37d088ff0e3e36016e57ab29e5db27ba4fb758a81ea3cb?s=96&d=mm&r=g","caption":"Antonieta Castells Dolcet"},"sameAs":["http:\/\/www.cmalleida.com"]}]}},"_links":{"self":[{"href":"https:\/\/www.cmalleida.com\/es\/wp-json\/wp\/v2\/posts\/3577","targetHints":{"allow":["GET"]}}],"collection":[{"href":"https:\/\/www.cmalleida.com\/es\/wp-json\/wp\/v2\/posts"}],"about":[{"href":"https:\/\/www.cmalleida.com\/es\/wp-json\/wp\/v2\/types\/post"}],"author":[{"embeddable":true,"href":"https:\/\/www.cmalleida.com\/es\/wp-json\/wp\/v2\/users\/149"}],"replies":[{"embeddable":true,"href":"https:\/\/www.cmalleida.com\/es\/wp-json\/wp\/v2\/comments?post=3577"}],"version-history":[{"count":1,"href":"https:\/\/www.cmalleida.com\/es\/wp-json\/wp\/v2\/posts\/3577\/revisions"}],"predecessor-version":[{"id":3578,"href":"https:\/\/www.cmalleida.com\/es\/wp-json\/wp\/v2\/posts\/3577\/revisions\/3578"}],"wp:featuredmedia":[{"embeddable":true,"href":"https:\/\/www.cmalleida.com\/es\/wp-json\/wp\/v2\/media\/2140"}],"wp:attachment":[{"href":"https:\/\/www.cmalleida.com\/es\/wp-json\/wp\/v2\/media?parent=3577"}],"wp:term":[{"taxonomy":"category","embeddable":true,"href":"https:\/\/www.cmalleida.com\/es\/wp-json\/wp\/v2\/categories?post=3577"},{"taxonomy":"post_tag","embeddable":true,"href":"https:\/\/www.cmalleida.com\/es\/wp-json\/wp\/v2\/tags?post=3577"}],"curies":[{"name":"wp","href":"https:\/\/api.w.org\/{rel}","templated":true}]}}