{"id":3328,"date":"2018-10-19T10:02:32","date_gmt":"2018-10-19T08:02:32","guid":{"rendered":"https:\/\/www.cmalleida.com\/?p=3328"},"modified":"2018-10-19T10:02:32","modified_gmt":"2018-10-19T08:02:32","slug":"danos-causados-por-el-viento-quien-los-asegura-la-vanguardia","status":"publish","type":"post","link":"https:\/\/www.cmalleida.com\/es\/danos-causados-por-el-viento-quien-los-asegura-la-vanguardia\/","title":{"rendered":"Da\u00f1os causados por el viento: \u00bfqui\u00e9n los asegura? (La Vanguardia)"},"content":{"rendered":"<p><em>El seguro espa\u00f1ol pag\u00f3 m\u00e1s de 87 millones de euros por ciclones, borrascas, tornados y vientos extraordinarios en 2017<\/em><\/p>\n<p><strong>JOAN MORALES\/XAVIER GRAU <\/strong><strong>Publicado a 15-10-2018 9:21<\/strong><\/p>\n<p>Diversas zonas del pa\u00eds est\u00e1n viviendo unas jornadas en las que los fen\u00f3menos meteorol\u00f3gicos han tomado un especial protagonismo.\u00a0<strong>Marcado por sucesos extraordinarios como las inundaciones y lluvias<\/strong>de graves consecuencias -como en el caso de la tragedia de Sant Lloren\u00e7 des Cardassar (Mallorca)-\u00a0<a href=\"https:\/\/seguros.lavanguardia.com\/2018\/10\/12\/el-consorcio-de-seguros-se-vuelca-para-tramitar-line-las-indemnizaciones-por-la-tragedia-de-sant-llorenc\/\">el sector asegurador se encuentra tambi\u00e9n en alerta<\/a>.<\/p>\n<p>Pero existe, y no siempre en concurrencia con la lluvia, otro fen\u00f3meno meteorol\u00f3gico que causa da\u00f1os relevantes en nuestra geograf\u00eda con relativa frecuencia: el viento.<\/p>\n<p>La estad\u00edstica de siniestralidad elaborada por el Consorcio de Compensaci\u00f3n de Seguros (CCS) recoge que\u00a0<strong>en 2017 se tramitaron un total de 61.060 expedientes bajo el concepto de Tempestad Cicl\u00f3nica At\u00edpica (TCA)<\/strong>\u00a0por un valor total en indemnizaciones de 87.980.140 euros y un coste medio por indemnizaci\u00f3n de 1.441 euros. Entre 2010 y 2017, el volumen de expedientes asciende a 370.632 casos indemnizados con algo m\u00e1s de 3.709 millones de euros. En el largo per\u00edodo de a\u00f1os que va de 1971 a 2017, la cifras por estos conceptos alcanzaron los 689.067 expedientes gestionados y 1.931.710 euros (incluyen estos datos los importes pagados antes de 1987 correspondientes a da\u00f1os directos por lluvias, pedrisco y nieve, no cubiertos desde ese a\u00f1o. A partir del 25 de febrero de 2014 se incluyen los importes pagados por vientos extraordinarios y tornados).<\/p>\n<p><strong>\u2018Ana\u2019 y \u2018Bruno\u2019 causaron da\u00f1os indemnizados por valor de 46,5 millones de eur0s<\/strong><\/p>\n<p><strong>Como es de suponer, los da\u00f1os causados por el viento son objeto de cobertura por el seguro<\/strong>, siempre que este tenga una m\u00ednima entidad y no pueda achacarse a una evidente falta de atenci\u00f3n o de mantenimiento los da\u00f1os registrados a causa de un simple golpe de aire.<\/p>\n<p><a href=\"https:\/\/seguros.lavanguardia.com\/2018\/04\/18\/los-efectos-de-ana-y-bruno-cuestan-465-millones-al-consorcio\/\">Entre los episodios m\u00e1s recientes<\/a>, destaca la borrasca Ana (la primera tempestad severa espa\u00f1ola en ser \u201cbautizada\u201d con nombre propio) registrada en diciembre de 2017 que dej\u00f3 da\u00f1os indemnizados por 28.139.640 euros. A los pocos d\u00edas, el cicl\u00f3n Bruno se sum\u00f3 a los efectos del Ana hasta alcanzar los 40.000 siniestros documentados con un coste de 46,5 millones de euros. En febrero de 2017, el cicl\u00f3n Kurt caus\u00f3 da\u00f1os por valor de 72.735.592 euros en indemnizaciones.<\/p>\n<p>Tambi\u00e9n en el caso del viento la cobertura de Riesgos Extraordinarios a cargo del Consorcio de Compensaci\u00f3n de Seguros surge sus efectos dando\u00a0<strong>respuesta a aquellos da\u00f1os causados por los golpes de vientos que alcanzan una entidad fuera de lo com\u00fan<\/strong>.<\/p>\n<p>Al margen de los da\u00f1os materiales, la cobertura del CCS alcanz\u00f3 tambi\u00e9n, bajo la causa de la Tempestad Cicl\u00f3nica At\u00edpica, las p\u00e9rdidas pecuniarias (beneficios) por diversos percances hasta un total de 400 expedientes entre 2004 y 2017. Esto supuso indemnizaciones por valor de 33.371.098 euros, a raz\u00f3n de unos costes medios de 83.428 euros. Y\u00a0<strong>en los \u00faltimos 30 a\u00f1os (1987 a 2017), se registraron 18 expedientes por da\u00f1os diversos sobre las personas que ascendieron a 424.945 euros<\/strong>\u00a0(7 expedientes por fallecimiento).<\/p>\n<p>A diferencia del caso de la inundaci\u00f3n por agua de lluvia, en el que si se da la mencionada causa la cobertura de Riesgos Extraordinarios surte sus efectos,\u00a0<strong>en el caso del viento la cobertura de Riesgos Extraordinarios no es autom\u00e1tica<\/strong>\u00a0sino que depende de su velocidad y, en ocasiones de la concurrencia de otros fen\u00f3menos.<\/p>\n<p>Por debajo de estos umbrales ser\u00e1 el seguro privado el que, en el caso de dar cobertura a los da\u00f1os causados por viento, deber\u00e1 dar respuesta aseguradora a los percances registrados. Lo habitual es que los aseguradores privados den cobertura a los da\u00f1os por viento a partir de ciertas velocidades y hasta aquellas que son objeto de cobertura por el Consorcio.<\/p>\n<p><strong>Vientos extraordinarios: rachas de 120 km\/h en intervalos de 3 segundos<\/strong><\/p>\n<p>Para que los da\u00f1os causados por el viento sean objeto de la\u00a0<strong>cobertura de Riesgos Extraordinarios del Consorcio<\/strong>\u00a0es necesario que se cumplan unas determinadas condiciones. Estas vienen reguladas por el Real Decreto 300\/2004, de 20 de febrero, en su Art\u00edculo 2.e en el que se define la \u201cTempestad cicl\u00f3nica at\u00edpica, tiempo atmosf\u00e9rico extremadamente adverso y riguroso producido por: \u2026\u201d, que procuramos presentar a efectos pr\u00e1cticos sin dejar de se\u00f1alar lo m\u00e1s importante:<\/p>\n<p><strong>Viento y lluvia.<\/strong>\u00a0Se trata de los \u201cciclones violentos de car\u00e1cter tropical\u201d, identificados por la<strong>\u00a0concurrencia y simultaneidad<\/strong>\u00a0de\u00a0<strong>vientos superiores a los 96 km\/h (promediados en intervalos de 10 minutos)<\/strong>\u00a0y lluvias superiores a los 40 litros por metro cuadrado y hora.<\/p>\n<p><strong>Viento y fr\u00edo<\/strong>. Son las \u201cborrascas fr\u00edas intensas\u201d con entrada de aire \u00e1rtico, identificadas por la\u00a0<strong>concurrencia y simultaneidad de vientos superiores a los 84 km\/h (promediados tambi\u00e9n en intervalos de 10 minutos)<\/strong>\u00a0y temperaturas inferiores a 6\u00baC bajo cero (referidas a la presi\u00f3n a nivel del mar del punto costero m\u00e1s pr\u00f3ximo).<\/p>\n<p><strong>Vientos extraordinarios.<\/strong>\u00a0Se definen como tales los que presentan\u00a0<strong>rachas que superen los 120 km\/h.<\/strong>\u00a0(Se entiende por racha el mayor valor de la velocidad del viento, sostenida durante un intervalo de tres segundos).<\/p>\n<p><strong>Tornados.<\/strong>\u00a0Se trata de borrascas extratropicales de origen cicl\u00f3nico que generan<strong>\u00a0tempestades giratorias<\/strong>\u00a0producidas a causa de una tormenta de gran violencia que toma la forma de\u00a0<strong>una columna nubosa de peque\u00f1o di\u00e1metro proyectada de la base de un cumulonimbo hacia el suelo<\/strong>.<\/p>\n<p><strong>Da\u00f1os por viento cubiertos por el seguro privado<\/strong><\/p>\n<p>Aunque cada contrato de seguro es distinto y debe atenderse al clausulado de sus Condiciones Generales, podemos afirmar que en la mayor\u00eda de seguros multirriesgo que se comercializan en nuestro mercado destinados al seguro del hogar, comunidades de propietarios, comercios, oficinas o peque\u00f1as industrias, as\u00ed como los seguros para industrias, seguros de incendios y otros seguros de da\u00f1os,\u00a0<strong>los aseguradores garantizan los da\u00f1os causados por vientos que superan una determinada velocidad<\/strong>, pero excluyendo los que alcanzan o superan las velocidades a partir de las cuales entra en efecto la cobertura de Riesgos Extraordinarios.<\/p>\n<p><strong>Esta velocidad m\u00ednima puede variar de manera notable de un asegurador a otro<\/strong>. Revisando algunos condicionados, encontramos cifras como 75 km\/h, 80 km\/h, 84 km\/h, 90 km\/h, pero tambi\u00e9n textos menos concretos como \u201cque se registren tambi\u00e9n da\u00f1os en otras viviendas distintas de la asegurada en una radio de 500 m\u201d, o \u201cque no se puedan considerar propios del lugar y \u00e9poca del a\u00f1o\u201d.<\/p>\n<p><strong>Tramitaci\u00f3n ante el Consorcio de los da\u00f1os por tempestad cicl\u00f3nica at\u00edpica<\/strong><\/p>\n<p>Es importante rese\u00f1ar que esta es una excepci\u00f3n al principio general de que la reclamaci\u00f3n por los da\u00f1os sufridos por una causa cubierta por\u00a0<strong>la garant\u00eda de Riesgos Extraordinarios debe ser presentada por el asegurado directamente ante el Consorcio<\/strong>.<\/p>\n<p>Debido a la tardanza en poder delimitar, a partir de los estudios realizados por la AEMET (Agencia Espa\u00f1ola de Meteorolog\u00eda), cu\u00e1les son las zonas en las que este fen\u00f3meno meteorol\u00f3gico alcanza las velocidades superiores a 120 km\/h, o han sufrido los efectos de un tornado, u otra tipolog\u00eda de TCA,\u00a0<strong>el procedimiento consistir\u00e1 en que en que la comunicaci\u00f3n de da\u00f1os de TCA se har\u00e1 por parte del asegurado a su propia entidad aseguradora<\/strong>, que ser\u00e1 la que valore los da\u00f1os e indemnice, en su caso, al asegurado.<\/p>\n<p>Posteriormente, una vez determinados los municipios afectados por TCA,<strong>\u00a0el Consorcio reembolsar\u00e1 a las entidades aseguradoras las indemnizaciones<\/strong>\u00a0correspondientes a los siniestros que se hubiesen producido en dichos municipios.<\/p>\n<p>Para tramitar estos reembolsos, el Consorcio de Compensaci\u00f3n de Seguros y UNESPA (Uni\u00f3n Espa\u00f1ola de Entidades Aseguradoras y Reaseguradoras), firmaron un convenio con fecha 14 de noviembre de 2011.<\/p>\n<p>Como vemos, los siniestros causados por el viento gozan tambi\u00e9n de cobertura aseguradora cuando el fen\u00f3meno tiene una entidad destacable.\u00a0<strong>El papel de los mediadores de seguros profesionales es determinante en la labor de asesorar y guiar a sus clientes<\/strong>\u00a0en la tramitaci\u00f3n de estos siniestros de una cierta\u00a0<strong>complejidad en su tramitaci\u00f3n.<\/strong><\/p>\n<p>El cicl\u00f3n \u2018Klaus\u2019 cost\u00f3 m\u00e1s de 555 millones de euros en pagos por da\u00f1os causados en toda la pen\u00ednsula<\/p>\n<p><strong>Los episodios causados por fen\u00f3menos TCA<\/strong>\u00a0aparecen destacados, por importancia, entre<strong>\u00a0los diez principales \u201ceventos\u201d que por volumen de indemnizaci\u00f3n lideran el ranking elaborado por el Consorcio<\/strong>. En segundo lugar de este listado, aparece el<strong>\u00a0cicl\u00f3n extra tropical Klaus<\/strong>\u00a0gener\u00f3 en enero de 2009 un efecto generalizado en toda la Pen\u00ednsula\u00a0<strong>originando 28.042 reclamaciones que alcanzaron los 555.743.094euros<\/strong>, ligeramente por delante de las indemnizaciones pagadas por el terremoto de Lorca (Murcia) de mayo de 2011. En el sexto lugar de esta lista de percances importantes por sus costes, se registran las inundaciones y tempestades que en septiembre de 2012 asolaron el sureste de la Pen\u00ednsula provocando 25.633 reclamaciones que ascendieron a 221.851.974 euros en indemnizaciones. Y en el n\u00famero diez del mismo listado, constan las tempestades de noviembre de 2005 en Canarias con 15.482 reclamaciones y 99.245.286 millones de euros indemnizados.<\/p>\n<p>De entre las diversas causas de los siniestros objeto de la cobertura de Riesgos Extraordinarios por parte del Consorcio de Compensaci\u00f3n de Seguros,\u00a0<strong>las Tempestad Cicl\u00f3nica At\u00edpica<\/strong>\u00a0destaca, tras la Inundaci\u00f3n, entre las que se desencadenan con mayor frecuencia y pueden alcanzar a mayor n\u00famero de afectados en un mismo episodio y, por ende, alcanzar un volumen m\u00e1s considerable de indemnizaciones. Junto con las inundaciones constituyen las dos causas m\u00e1s frecuentes y de mayor volumen.<\/p>\n","protected":false},"excerpt":{"rendered":"<p>El seguro espa\u00f1ol pag\u00f3 m\u00e1s de 87 millones de euros por ciclones, borrascas, tornados y vientos extraordinarios en 2017 JOAN MORALES\/XAVIER GRAU Publicado a 15-10-2018&#8230; <a href=\"https:\/\/www.cmalleida.com\/es\/danos-causados-por-el-viento-quien-los-asegura-la-vanguardia\/\" rel=\"nofollow\" class=\"lollegirmes\">Llegeix m\u00e9s<\/a><\/p>\n","protected":false},"author":3,"featured_media":2142,"comment_status":"closed","ping_status":"closed","sticky":false,"template":"","format":"standard","meta":{"_acf_changed":false,"_genesis_hide_title":false,"_genesis_hide_breadcrumbs":false,"_genesis_hide_singular_image":false,"_genesis_hide_footer_widgets":false,"_genesis_custom_body_class":"","_genesis_custom_post_class":"","_genesis_layout":"","footnotes":""},"categories":[28,62],"tags":[],"class_list":{"0":"post-3328","1":"post","2":"type-post","3":"status-publish","4":"format-standard","5":"has-post-thumbnail","7":"category-actualidad","8":"category-sinistres-es","9":"entry"},"acf":[],"yoast_head":"<!-- This site is optimized with the Yoast SEO plugin v27.2 - https:\/\/yoast.com\/product\/yoast-seo-wordpress\/ -->\n<title>Da\u00f1os causados por el viento: \u00bfqui\u00e9n los asegura? (La Vanguardia) - Col\u00b7legi de Mediadors d&#039;Assegurances de Lleida<\/title>\n<meta name=\"robots\" content=\"index, follow, max-snippet:-1, max-image-preview:large, max-video-preview:-1\" \/>\n<link rel=\"canonical\" href=\"https:\/\/www.cmalleida.com\/es\/danos-causados-por-el-viento-quien-los-asegura-la-vanguardia\/\" \/>\n<meta property=\"og:locale\" content=\"es_ES\" \/>\n<meta property=\"og:type\" content=\"article\" \/>\n<meta property=\"og:title\" content=\"Da\u00f1os causados por el viento: \u00bfqui\u00e9n los asegura? (La Vanguardia) - Col\u00b7legi de Mediadors d&#039;Assegurances de Lleida\" \/>\n<meta property=\"og:description\" content=\"El seguro espa\u00f1ol pag\u00f3 m\u00e1s de 87 millones de euros por ciclones, borrascas, tornados y vientos extraordinarios en 2017 JOAN MORALES\/XAVIER GRAU Publicado a 15-10-2018... Llegeix m\u00e9s\" \/>\n<meta property=\"og:url\" content=\"https:\/\/www.cmalleida.com\/es\/danos-causados-por-el-viento-quien-los-asegura-la-vanguardia\/\" \/>\n<meta property=\"og:site_name\" content=\"Col\u00b7legi de Mediadors d&#039;Assegurances de Lleida\" \/>\n<meta property=\"article:published_time\" content=\"2018-10-19T08:02:32+00:00\" \/>\n<meta property=\"og:image\" content=\"https:\/\/www.cmalleida.com\/wp-content\/uploads\/cmall-lleida-actualitat-ciclon762.jpg\" \/>\n\t<meta property=\"og:image:width\" content=\"762\" \/>\n\t<meta property=\"og:image:height\" content=\"762\" \/>\n\t<meta property=\"og:image:type\" content=\"image\/jpeg\" \/>\n<meta name=\"author\" content=\"Col\u00b7legi Mediadors\" \/>\n<meta name=\"twitter:card\" content=\"summary_large_image\" \/>\n<meta name=\"twitter:label1\" content=\"Written by\" \/>\n\t<meta name=\"twitter:data1\" content=\"Col\u00b7legi Mediadors\" \/>\n\t<meta name=\"twitter:label2\" content=\"Est. reading time\" \/>\n\t<meta name=\"twitter:data2\" content=\"8 minutos\" \/>\n<script type=\"application\/ld+json\" class=\"yoast-schema-graph\">{\"@context\":\"https:\/\/schema.org\",\"@graph\":[{\"@type\":\"Article\",\"@id\":\"https:\/\/www.cmalleida.com\/es\/danos-causados-por-el-viento-quien-los-asegura-la-vanguardia\/#article\",\"isPartOf\":{\"@id\":\"https:\/\/www.cmalleida.com\/es\/danos-causados-por-el-viento-quien-los-asegura-la-vanguardia\/\"},\"author\":{\"name\":\"Col\u00b7legi Mediadors\",\"@id\":\"https:\/\/www.cmalleida.com\/es\/#\/schema\/person\/bc84b7874fa5ac8a15c15a050fb3b79c\"},\"headline\":\"Da\u00f1os causados por el viento: \u00bfqui\u00e9n los asegura? (La Vanguardia)\",\"datePublished\":\"2018-10-19T08:02:32+00:00\",\"mainEntityOfPage\":{\"@id\":\"https:\/\/www.cmalleida.com\/es\/danos-causados-por-el-viento-quien-los-asegura-la-vanguardia\/\"},\"wordCount\":1602,\"publisher\":{\"@id\":\"https:\/\/www.cmalleida.com\/es\/#organization\"},\"image\":{\"@id\":\"https:\/\/www.cmalleida.com\/es\/danos-causados-por-el-viento-quien-los-asegura-la-vanguardia\/#primaryimage\"},\"thumbnailUrl\":\"https:\/\/www.cmalleida.com\/wp-content\/uploads\/cmall-lleida-actualitat-ciclon762.jpg\",\"articleSection\":[\"Actualidad\",\"Sinistres\"],\"inLanguage\":\"es\"},{\"@type\":\"WebPage\",\"@id\":\"https:\/\/www.cmalleida.com\/es\/danos-causados-por-el-viento-quien-los-asegura-la-vanguardia\/\",\"url\":\"https:\/\/www.cmalleida.com\/es\/danos-causados-por-el-viento-quien-los-asegura-la-vanguardia\/\",\"name\":\"Da\u00f1os causados por el viento: \u00bfqui\u00e9n los asegura? (La Vanguardia) - Col\u00b7legi de Mediadors d&#039;Assegurances de Lleida\",\"isPartOf\":{\"@id\":\"https:\/\/www.cmalleida.com\/es\/#website\"},\"primaryImageOfPage\":{\"@id\":\"https:\/\/www.cmalleida.com\/es\/danos-causados-por-el-viento-quien-los-asegura-la-vanguardia\/#primaryimage\"},\"image\":{\"@id\":\"https:\/\/www.cmalleida.com\/es\/danos-causados-por-el-viento-quien-los-asegura-la-vanguardia\/#primaryimage\"},\"thumbnailUrl\":\"https:\/\/www.cmalleida.com\/wp-content\/uploads\/cmall-lleida-actualitat-ciclon762.jpg\",\"datePublished\":\"2018-10-19T08:02:32+00:00\",\"breadcrumb\":{\"@id\":\"https:\/\/www.cmalleida.com\/es\/danos-causados-por-el-viento-quien-los-asegura-la-vanguardia\/#breadcrumb\"},\"inLanguage\":\"es\",\"potentialAction\":[{\"@type\":\"ReadAction\",\"target\":[\"https:\/\/www.cmalleida.com\/es\/danos-causados-por-el-viento-quien-los-asegura-la-vanguardia\/\"]}]},{\"@type\":\"ImageObject\",\"inLanguage\":\"es\",\"@id\":\"https:\/\/www.cmalleida.com\/es\/danos-causados-por-el-viento-quien-los-asegura-la-vanguardia\/#primaryimage\",\"url\":\"https:\/\/www.cmalleida.com\/wp-content\/uploads\/cmall-lleida-actualitat-ciclon762.jpg\",\"contentUrl\":\"https:\/\/www.cmalleida.com\/wp-content\/uploads\/cmall-lleida-actualitat-ciclon762.jpg\",\"width\":762,\"height\":762,\"caption\":\"cmall-lleida-actualitat-ciclon762\"},{\"@type\":\"BreadcrumbList\",\"@id\":\"https:\/\/www.cmalleida.com\/es\/danos-causados-por-el-viento-quien-los-asegura-la-vanguardia\/#breadcrumb\",\"itemListElement\":[{\"@type\":\"ListItem\",\"position\":1,\"name\":\"Inici\",\"item\":\"https:\/\/www.cmalleida.com\/es\/\"},{\"@type\":\"ListItem\",\"position\":2,\"name\":\"Da\u00f1os causados por el viento: \u00bfqui\u00e9n los asegura? (La Vanguardia)\"}]},{\"@type\":\"WebSite\",\"@id\":\"https:\/\/www.cmalleida.com\/es\/#website\",\"url\":\"https:\/\/www.cmalleida.com\/es\/\",\"name\":\"Col\u00b7legi de Mediadors d&#039;Assegurances de Lleida\",\"description\":\"Otro sitio realizado con WordPress\",\"publisher\":{\"@id\":\"https:\/\/www.cmalleida.com\/es\/#organization\"},\"potentialAction\":[{\"@type\":\"SearchAction\",\"target\":{\"@type\":\"EntryPoint\",\"urlTemplate\":\"https:\/\/www.cmalleida.com\/es\/?s={search_term_string}\"},\"query-input\":{\"@type\":\"PropertyValueSpecification\",\"valueRequired\":true,\"valueName\":\"search_term_string\"}}],\"inLanguage\":\"es\"},{\"@type\":\"Organization\",\"@id\":\"https:\/\/www.cmalleida.com\/es\/#organization\",\"name\":\"Col\u00b7legi de Mediadors d'Assegurances de Lleida\",\"url\":\"https:\/\/www.cmalleida.com\/es\/\",\"logo\":{\"@type\":\"ImageObject\",\"inLanguage\":\"es\",\"@id\":\"https:\/\/www.cmalleida.com\/es\/#\/schema\/logo\/image\/\",\"url\":\"\",\"contentUrl\":\"\",\"caption\":\"Col\u00b7legi de Mediadors d'Assegurances de Lleida\"},\"image\":{\"@id\":\"https:\/\/www.cmalleida.com\/es\/#\/schema\/logo\/image\/\"}},{\"@type\":\"Person\",\"@id\":\"https:\/\/www.cmalleida.com\/es\/#\/schema\/person\/bc84b7874fa5ac8a15c15a050fb3b79c\",\"name\":\"Col\u00b7legi Mediadors\",\"image\":{\"@type\":\"ImageObject\",\"inLanguage\":\"es\",\"@id\":\"https:\/\/secure.gravatar.com\/avatar\/05a66e0aafde4a91aea6f2c243b0b99b03dac1cca78dc84298f5e7e7ad4dfd33?s=96&d=mm&r=g\",\"url\":\"https:\/\/secure.gravatar.com\/avatar\/05a66e0aafde4a91aea6f2c243b0b99b03dac1cca78dc84298f5e7e7ad4dfd33?s=96&d=mm&r=g\",\"contentUrl\":\"https:\/\/secure.gravatar.com\/avatar\/05a66e0aafde4a91aea6f2c243b0b99b03dac1cca78dc84298f5e7e7ad4dfd33?s=96&d=mm&r=g\",\"caption\":\"Col\u00b7legi Mediadors\"}}]}<\/script>\n<!-- \/ Yoast SEO plugin. -->","yoast_head_json":{"title":"Da\u00f1os causados por el viento: \u00bfqui\u00e9n los asegura? (La Vanguardia) - Col\u00b7legi de Mediadors d&#039;Assegurances de Lleida","robots":{"index":"index","follow":"follow","max-snippet":"max-snippet:-1","max-image-preview":"max-image-preview:large","max-video-preview":"max-video-preview:-1"},"canonical":"https:\/\/www.cmalleida.com\/es\/danos-causados-por-el-viento-quien-los-asegura-la-vanguardia\/","og_locale":"es_ES","og_type":"article","og_title":"Da\u00f1os causados por el viento: \u00bfqui\u00e9n los asegura? (La Vanguardia) - Col\u00b7legi de Mediadors d&#039;Assegurances de Lleida","og_description":"El seguro espa\u00f1ol pag\u00f3 m\u00e1s de 87 millones de euros por ciclones, borrascas, tornados y vientos extraordinarios en 2017 JOAN MORALES\/XAVIER GRAU Publicado a 15-10-2018... Llegeix m\u00e9s","og_url":"https:\/\/www.cmalleida.com\/es\/danos-causados-por-el-viento-quien-los-asegura-la-vanguardia\/","og_site_name":"Col\u00b7legi de Mediadors d&#039;Assegurances de Lleida","article_published_time":"2018-10-19T08:02:32+00:00","og_image":[{"width":762,"height":762,"url":"https:\/\/www.cmalleida.com\/wp-content\/uploads\/cmall-lleida-actualitat-ciclon762.jpg","type":"image\/jpeg"}],"author":"Col\u00b7legi Mediadors","twitter_card":"summary_large_image","twitter_misc":{"Written by":"Col\u00b7legi Mediadors","Est. reading time":"8 minutos"},"schema":{"@context":"https:\/\/schema.org","@graph":[{"@type":"Article","@id":"https:\/\/www.cmalleida.com\/es\/danos-causados-por-el-viento-quien-los-asegura-la-vanguardia\/#article","isPartOf":{"@id":"https:\/\/www.cmalleida.com\/es\/danos-causados-por-el-viento-quien-los-asegura-la-vanguardia\/"},"author":{"name":"Col\u00b7legi Mediadors","@id":"https:\/\/www.cmalleida.com\/es\/#\/schema\/person\/bc84b7874fa5ac8a15c15a050fb3b79c"},"headline":"Da\u00f1os causados por el viento: \u00bfqui\u00e9n los asegura? (La Vanguardia)","datePublished":"2018-10-19T08:02:32+00:00","mainEntityOfPage":{"@id":"https:\/\/www.cmalleida.com\/es\/danos-causados-por-el-viento-quien-los-asegura-la-vanguardia\/"},"wordCount":1602,"publisher":{"@id":"https:\/\/www.cmalleida.com\/es\/#organization"},"image":{"@id":"https:\/\/www.cmalleida.com\/es\/danos-causados-por-el-viento-quien-los-asegura-la-vanguardia\/#primaryimage"},"thumbnailUrl":"https:\/\/www.cmalleida.com\/wp-content\/uploads\/cmall-lleida-actualitat-ciclon762.jpg","articleSection":["Actualidad","Sinistres"],"inLanguage":"es"},{"@type":"WebPage","@id":"https:\/\/www.cmalleida.com\/es\/danos-causados-por-el-viento-quien-los-asegura-la-vanguardia\/","url":"https:\/\/www.cmalleida.com\/es\/danos-causados-por-el-viento-quien-los-asegura-la-vanguardia\/","name":"Da\u00f1os causados por el viento: \u00bfqui\u00e9n los asegura? (La Vanguardia) - Col\u00b7legi de Mediadors d&#039;Assegurances de Lleida","isPartOf":{"@id":"https:\/\/www.cmalleida.com\/es\/#website"},"primaryImageOfPage":{"@id":"https:\/\/www.cmalleida.com\/es\/danos-causados-por-el-viento-quien-los-asegura-la-vanguardia\/#primaryimage"},"image":{"@id":"https:\/\/www.cmalleida.com\/es\/danos-causados-por-el-viento-quien-los-asegura-la-vanguardia\/#primaryimage"},"thumbnailUrl":"https:\/\/www.cmalleida.com\/wp-content\/uploads\/cmall-lleida-actualitat-ciclon762.jpg","datePublished":"2018-10-19T08:02:32+00:00","breadcrumb":{"@id":"https:\/\/www.cmalleida.com\/es\/danos-causados-por-el-viento-quien-los-asegura-la-vanguardia\/#breadcrumb"},"inLanguage":"es","potentialAction":[{"@type":"ReadAction","target":["https:\/\/www.cmalleida.com\/es\/danos-causados-por-el-viento-quien-los-asegura-la-vanguardia\/"]}]},{"@type":"ImageObject","inLanguage":"es","@id":"https:\/\/www.cmalleida.com\/es\/danos-causados-por-el-viento-quien-los-asegura-la-vanguardia\/#primaryimage","url":"https:\/\/www.cmalleida.com\/wp-content\/uploads\/cmall-lleida-actualitat-ciclon762.jpg","contentUrl":"https:\/\/www.cmalleida.com\/wp-content\/uploads\/cmall-lleida-actualitat-ciclon762.jpg","width":762,"height":762,"caption":"cmall-lleida-actualitat-ciclon762"},{"@type":"BreadcrumbList","@id":"https:\/\/www.cmalleida.com\/es\/danos-causados-por-el-viento-quien-los-asegura-la-vanguardia\/#breadcrumb","itemListElement":[{"@type":"ListItem","position":1,"name":"Inici","item":"https:\/\/www.cmalleida.com\/es\/"},{"@type":"ListItem","position":2,"name":"Da\u00f1os causados por el viento: \u00bfqui\u00e9n los asegura? (La Vanguardia)"}]},{"@type":"WebSite","@id":"https:\/\/www.cmalleida.com\/es\/#website","url":"https:\/\/www.cmalleida.com\/es\/","name":"Col\u00b7legi de Mediadors d&#039;Assegurances de Lleida","description":"Otro sitio realizado con WordPress","publisher":{"@id":"https:\/\/www.cmalleida.com\/es\/#organization"},"potentialAction":[{"@type":"SearchAction","target":{"@type":"EntryPoint","urlTemplate":"https:\/\/www.cmalleida.com\/es\/?s={search_term_string}"},"query-input":{"@type":"PropertyValueSpecification","valueRequired":true,"valueName":"search_term_string"}}],"inLanguage":"es"},{"@type":"Organization","@id":"https:\/\/www.cmalleida.com\/es\/#organization","name":"Col\u00b7legi de Mediadors d'Assegurances de Lleida","url":"https:\/\/www.cmalleida.com\/es\/","logo":{"@type":"ImageObject","inLanguage":"es","@id":"https:\/\/www.cmalleida.com\/es\/#\/schema\/logo\/image\/","url":"","contentUrl":"","caption":"Col\u00b7legi de Mediadors d'Assegurances de Lleida"},"image":{"@id":"https:\/\/www.cmalleida.com\/es\/#\/schema\/logo\/image\/"}},{"@type":"Person","@id":"https:\/\/www.cmalleida.com\/es\/#\/schema\/person\/bc84b7874fa5ac8a15c15a050fb3b79c","name":"Col\u00b7legi Mediadors","image":{"@type":"ImageObject","inLanguage":"es","@id":"https:\/\/secure.gravatar.com\/avatar\/05a66e0aafde4a91aea6f2c243b0b99b03dac1cca78dc84298f5e7e7ad4dfd33?s=96&d=mm&r=g","url":"https:\/\/secure.gravatar.com\/avatar\/05a66e0aafde4a91aea6f2c243b0b99b03dac1cca78dc84298f5e7e7ad4dfd33?s=96&d=mm&r=g","contentUrl":"https:\/\/secure.gravatar.com\/avatar\/05a66e0aafde4a91aea6f2c243b0b99b03dac1cca78dc84298f5e7e7ad4dfd33?s=96&d=mm&r=g","caption":"Col\u00b7legi Mediadors"}}]}},"_links":{"self":[{"href":"https:\/\/www.cmalleida.com\/es\/wp-json\/wp\/v2\/posts\/3328","targetHints":{"allow":["GET"]}}],"collection":[{"href":"https:\/\/www.cmalleida.com\/es\/wp-json\/wp\/v2\/posts"}],"about":[{"href":"https:\/\/www.cmalleida.com\/es\/wp-json\/wp\/v2\/types\/post"}],"author":[{"embeddable":true,"href":"https:\/\/www.cmalleida.com\/es\/wp-json\/wp\/v2\/users\/3"}],"replies":[{"embeddable":true,"href":"https:\/\/www.cmalleida.com\/es\/wp-json\/wp\/v2\/comments?post=3328"}],"version-history":[{"count":1,"href":"https:\/\/www.cmalleida.com\/es\/wp-json\/wp\/v2\/posts\/3328\/revisions"}],"predecessor-version":[{"id":3329,"href":"https:\/\/www.cmalleida.com\/es\/wp-json\/wp\/v2\/posts\/3328\/revisions\/3329"}],"wp:featuredmedia":[{"embeddable":true,"href":"https:\/\/www.cmalleida.com\/es\/wp-json\/wp\/v2\/media\/2142"}],"wp:attachment":[{"href":"https:\/\/www.cmalleida.com\/es\/wp-json\/wp\/v2\/media?parent=3328"}],"wp:term":[{"taxonomy":"category","embeddable":true,"href":"https:\/\/www.cmalleida.com\/es\/wp-json\/wp\/v2\/categories?post=3328"},{"taxonomy":"post_tag","embeddable":true,"href":"https:\/\/www.cmalleida.com\/es\/wp-json\/wp\/v2\/tags?post=3328"}],"curies":[{"name":"wp","href":"https:\/\/api.w.org\/{rel}","templated":true}]}}