{"id":3207,"date":"2018-09-28T09:42:19","date_gmt":"2018-09-28T07:42:19","guid":{"rendered":"https:\/\/www.cmalleida.com\/?p=3207"},"modified":"2018-09-28T09:42:19","modified_gmt":"2018-09-28T07:42:19","slug":"los-planes-de-pensiones-se-vuelven-menos-conservadores-en-solo-5-anos-eleconomista-es","status":"publish","type":"post","link":"https:\/\/www.cmalleida.com\/es\/los-planes-de-pensiones-se-vuelven-menos-conservadores-en-solo-5-anos-eleconomista-es\/","title":{"rendered":"Los planes de pensiones se vuelven menos conservadores en solo 5 a\u00f1os (elEconomista.es)"},"content":{"rendered":"<p><em>La exposici\u00f3n a renta fija y monetarios se ha reducido a la mitad desde 2012<\/em><\/p>\n<p><strong>\u00c1ngel Alonso<\/strong><strong>\u00a0 <\/strong>28\/09\/2018 &#8211; 6:00\u00a0Actualizado: 08:00 &#8211; 28\/09\/18<\/p>\n<p>Los espa\u00f1oles han sido conservadores hasta a la hora de invertir en planes de pensiones, cuando te\u00f3ricamente se trata de una inversi\u00f3n muy a largo plazo y en la que podr\u00edan aprovechar la revalorizaci\u00f3n de los mercados burs\u00e1tiles. Pero la crisis de los \u00faltimos a\u00f1os ha abierto una rendija para un cambio de perfil de riesgo, dados los escasos rendimientos que han podido proporcionar los activos de renta fija.<\/p>\n<p>En esta b\u00fasqueda de rentabilidad, la estrategia elegida por los part\u00edcipes para invertir su dinero en planes de pensiones del sistema individual ha cambiado radicalmente desde 2012 hasta 2017, como muestran los datos del \u00faltimo informe del Observatorio Inverco.<\/p>\n<p>Si hace seis a\u00f1os, los planes de renta fija y garantizados representaban el 63% del patrimonio invertido, el a\u00f1o pasado disminuy\u00f3 hasta el 33%, una reducci\u00f3n que se acentu\u00f3 en solo doce meses, porque a finales de 2016 el porcentaje era del 43%.<\/p>\n<p>Los planes mixtos han absorbido este cambio de perfil, pasando del 29% que simbolizaban en 2012 al 54,6% con que terminaron el a\u00f1o pasado. Los planes de renta variable tambi\u00e9n se han visto beneficiados, hasta aumentar su porcentaje patrimonial del 8,8% al 12,5%.<\/p>\n<p>Este viraje de los inversores se refleja igualmente en los planes de pensiones garantizados, que han tenido de manera habitual una gran aceptaci\u00f3n entre los ahorradores. Su porcentaje ha disminuido en los cinco a\u00f1os analizados desde el 33,6% al 14,2 %. Esta transformaci\u00f3n se ha dejado tambi\u00e9n sentir en el patrimonio medio invertido en planes de pensiones y en el n\u00famero de part\u00edcipes que invierte en cada categor\u00eda de inversi\u00f3n. Los planes mixtos acaparan el 54,6% del volumen patrimonial total, con una media de 10.093 euros, mientras que los planes puros de bolsa controlan el 12,5 por ciento, con 12.663 euros de patrimonio medio.<\/p>\n<p>Del informe tambi\u00e9n se obtienen otros datos de inter\u00e9s, como que solo el 16,4% de los espa\u00f1oles invierten en planes de pensiones individuales, pero el porcentaje de ellos que realiza aportaciones peri\u00f3dicas es inferior, aunque el Observatorio no lo especifica.<\/p>\n<p>&nbsp;<\/p>\n","protected":false},"excerpt":{"rendered":"<p>La exposici\u00f3n a renta fija y monetarios se ha reducido a la mitad desde 2012 \u00c1ngel Alonso\u00a0 28\/09\/2018 &#8211; 6:00\u00a0Actualizado: 08:00 &#8211; 28\/09\/18 Los espa\u00f1oles&#8230; <a href=\"https:\/\/www.cmalleida.com\/es\/los-planes-de-pensiones-se-vuelven-menos-conservadores-en-solo-5-anos-eleconomista-es\/\" rel=\"nofollow\" class=\"lollegirmes\">Llegeix m\u00e9s<\/a><\/p>\n","protected":false},"author":3,"featured_media":1867,"comment_status":"closed","ping_status":"closed","sticky":false,"template":"","format":"standard","meta":{"_acf_changed":false,"_genesis_hide_title":false,"_genesis_hide_breadcrumbs":false,"_genesis_hide_singular_image":false,"_genesis_hide_footer_widgets":false,"_genesis_custom_body_class":"","_genesis_custom_post_class":"","_genesis_layout":"","footnotes":""},"categories":[28],"tags":[],"class_list":{"0":"post-3207","1":"post","2":"type-post","3":"status-publish","4":"format-standard","5":"has-post-thumbnail","7":"category-actualidad","8":"entry"},"acf":[],"yoast_head":"<!-- This site is optimized with the Yoast SEO plugin v27.2 - https:\/\/yoast.com\/product\/yoast-seo-wordpress\/ -->\n<title>Los planes de pensiones se vuelven menos conservadores en solo 5 a\u00f1os (elEconomista.es) - Col\u00b7legi de Mediadors d&#039;Assegurances de Lleida<\/title>\n<meta name=\"robots\" content=\"index, follow, max-snippet:-1, max-image-preview:large, max-video-preview:-1\" \/>\n<link rel=\"canonical\" href=\"https:\/\/www.cmalleida.com\/es\/los-planes-de-pensiones-se-vuelven-menos-conservadores-en-solo-5-anos-eleconomista-es\/\" \/>\n<meta property=\"og:locale\" content=\"es_ES\" \/>\n<meta property=\"og:type\" content=\"article\" \/>\n<meta property=\"og:title\" content=\"Los planes de pensiones se vuelven menos conservadores en solo 5 a\u00f1os (elEconomista.es) - Col\u00b7legi de Mediadors d&#039;Assegurances de Lleida\" \/>\n<meta property=\"og:description\" content=\"La exposici\u00f3n a renta fija y monetarios se ha reducido a la mitad desde 2012 \u00c1ngel Alonso\u00a0 28\/09\/2018 &#8211; 6:00\u00a0Actualizado: 08:00 &#8211; 28\/09\/18 Los espa\u00f1oles... Llegeix m\u00e9s\" \/>\n<meta property=\"og:url\" content=\"https:\/\/www.cmalleida.com\/es\/los-planes-de-pensiones-se-vuelven-menos-conservadores-en-solo-5-anos-eleconomista-es\/\" \/>\n<meta property=\"og:site_name\" content=\"Col\u00b7legi de Mediadors d&#039;Assegurances de Lleida\" \/>\n<meta property=\"article:published_time\" content=\"2018-09-28T07:42:19+00:00\" \/>\n<meta property=\"og:image\" content=\"https:\/\/www.cmalleida.com\/wp-content\/uploads\/cmall-lleida-actualitat-calcula762-1.jpg\" \/>\n\t<meta property=\"og:image:width\" content=\"762\" \/>\n\t<meta property=\"og:image:height\" content=\"762\" \/>\n\t<meta property=\"og:image:type\" content=\"image\/jpeg\" \/>\n<meta name=\"author\" content=\"Col\u00b7legi Mediadors\" \/>\n<meta name=\"twitter:card\" content=\"summary_large_image\" \/>\n<meta name=\"twitter:label1\" content=\"Written by\" \/>\n\t<meta name=\"twitter:data1\" content=\"Col\u00b7legi Mediadors\" \/>\n\t<meta name=\"twitter:label2\" content=\"Est. reading time\" \/>\n\t<meta name=\"twitter:data2\" content=\"2 minutos\" \/>\n<script type=\"application\/ld+json\" class=\"yoast-schema-graph\">{\"@context\":\"https:\/\/schema.org\",\"@graph\":[{\"@type\":\"Article\",\"@id\":\"https:\/\/www.cmalleida.com\/es\/los-planes-de-pensiones-se-vuelven-menos-conservadores-en-solo-5-anos-eleconomista-es\/#article\",\"isPartOf\":{\"@id\":\"https:\/\/www.cmalleida.com\/es\/los-planes-de-pensiones-se-vuelven-menos-conservadores-en-solo-5-anos-eleconomista-es\/\"},\"author\":{\"name\":\"Col\u00b7legi Mediadors\",\"@id\":\"https:\/\/www.cmalleida.com\/es\/#\/schema\/person\/bc84b7874fa5ac8a15c15a050fb3b79c\"},\"headline\":\"Los planes de pensiones se vuelven menos conservadores en solo 5 a\u00f1os (elEconomista.es)\",\"datePublished\":\"2018-09-28T07:42:19+00:00\",\"mainEntityOfPage\":{\"@id\":\"https:\/\/www.cmalleida.com\/es\/los-planes-de-pensiones-se-vuelven-menos-conservadores-en-solo-5-anos-eleconomista-es\/\"},\"wordCount\":380,\"publisher\":{\"@id\":\"https:\/\/www.cmalleida.com\/es\/#organization\"},\"image\":{\"@id\":\"https:\/\/www.cmalleida.com\/es\/los-planes-de-pensiones-se-vuelven-menos-conservadores-en-solo-5-anos-eleconomista-es\/#primaryimage\"},\"thumbnailUrl\":\"https:\/\/www.cmalleida.com\/wp-content\/uploads\/cmall-lleida-actualitat-calcula762-1.jpg\",\"articleSection\":[\"Actualidad\"],\"inLanguage\":\"es\"},{\"@type\":\"WebPage\",\"@id\":\"https:\/\/www.cmalleida.com\/es\/los-planes-de-pensiones-se-vuelven-menos-conservadores-en-solo-5-anos-eleconomista-es\/\",\"url\":\"https:\/\/www.cmalleida.com\/es\/los-planes-de-pensiones-se-vuelven-menos-conservadores-en-solo-5-anos-eleconomista-es\/\",\"name\":\"Los planes de pensiones se vuelven menos conservadores en solo 5 a\u00f1os (elEconomista.es) - Col\u00b7legi de Mediadors d&#039;Assegurances de Lleida\",\"isPartOf\":{\"@id\":\"https:\/\/www.cmalleida.com\/es\/#website\"},\"primaryImageOfPage\":{\"@id\":\"https:\/\/www.cmalleida.com\/es\/los-planes-de-pensiones-se-vuelven-menos-conservadores-en-solo-5-anos-eleconomista-es\/#primaryimage\"},\"image\":{\"@id\":\"https:\/\/www.cmalleida.com\/es\/los-planes-de-pensiones-se-vuelven-menos-conservadores-en-solo-5-anos-eleconomista-es\/#primaryimage\"},\"thumbnailUrl\":\"https:\/\/www.cmalleida.com\/wp-content\/uploads\/cmall-lleida-actualitat-calcula762-1.jpg\",\"datePublished\":\"2018-09-28T07:42:19+00:00\",\"breadcrumb\":{\"@id\":\"https:\/\/www.cmalleida.com\/es\/los-planes-de-pensiones-se-vuelven-menos-conservadores-en-solo-5-anos-eleconomista-es\/#breadcrumb\"},\"inLanguage\":\"es\",\"potentialAction\":[{\"@type\":\"ReadAction\",\"target\":[\"https:\/\/www.cmalleida.com\/es\/los-planes-de-pensiones-se-vuelven-menos-conservadores-en-solo-5-anos-eleconomista-es\/\"]}]},{\"@type\":\"ImageObject\",\"inLanguage\":\"es\",\"@id\":\"https:\/\/www.cmalleida.com\/es\/los-planes-de-pensiones-se-vuelven-menos-conservadores-en-solo-5-anos-eleconomista-es\/#primaryimage\",\"url\":\"https:\/\/www.cmalleida.com\/wp-content\/uploads\/cmall-lleida-actualitat-calcula762-1.jpg\",\"contentUrl\":\"https:\/\/www.cmalleida.com\/wp-content\/uploads\/cmall-lleida-actualitat-calcula762-1.jpg\",\"width\":762,\"height\":762,\"caption\":\"cmall-lleida-actualitat-calcula762\"},{\"@type\":\"BreadcrumbList\",\"@id\":\"https:\/\/www.cmalleida.com\/es\/los-planes-de-pensiones-se-vuelven-menos-conservadores-en-solo-5-anos-eleconomista-es\/#breadcrumb\",\"itemListElement\":[{\"@type\":\"ListItem\",\"position\":1,\"name\":\"Inici\",\"item\":\"https:\/\/www.cmalleida.com\/es\/\"},{\"@type\":\"ListItem\",\"position\":2,\"name\":\"Los planes de pensiones se vuelven menos conservadores en solo 5 a\u00f1os (elEconomista.es)\"}]},{\"@type\":\"WebSite\",\"@id\":\"https:\/\/www.cmalleida.com\/es\/#website\",\"url\":\"https:\/\/www.cmalleida.com\/es\/\",\"name\":\"Col\u00b7legi de Mediadors d&#039;Assegurances de Lleida\",\"description\":\"Otro sitio realizado con WordPress\",\"publisher\":{\"@id\":\"https:\/\/www.cmalleida.com\/es\/#organization\"},\"potentialAction\":[{\"@type\":\"SearchAction\",\"target\":{\"@type\":\"EntryPoint\",\"urlTemplate\":\"https:\/\/www.cmalleida.com\/es\/?s={search_term_string}\"},\"query-input\":{\"@type\":\"PropertyValueSpecification\",\"valueRequired\":true,\"valueName\":\"search_term_string\"}}],\"inLanguage\":\"es\"},{\"@type\":\"Organization\",\"@id\":\"https:\/\/www.cmalleida.com\/es\/#organization\",\"name\":\"Col\u00b7legi de Mediadors d'Assegurances de Lleida\",\"url\":\"https:\/\/www.cmalleida.com\/es\/\",\"logo\":{\"@type\":\"ImageObject\",\"inLanguage\":\"es\",\"@id\":\"https:\/\/www.cmalleida.com\/es\/#\/schema\/logo\/image\/\",\"url\":\"\",\"contentUrl\":\"\",\"caption\":\"Col\u00b7legi de Mediadors d'Assegurances de Lleida\"},\"image\":{\"@id\":\"https:\/\/www.cmalleida.com\/es\/#\/schema\/logo\/image\/\"}},{\"@type\":\"Person\",\"@id\":\"https:\/\/www.cmalleida.com\/es\/#\/schema\/person\/bc84b7874fa5ac8a15c15a050fb3b79c\",\"name\":\"Col\u00b7legi Mediadors\",\"image\":{\"@type\":\"ImageObject\",\"inLanguage\":\"es\",\"@id\":\"https:\/\/secure.gravatar.com\/avatar\/05a66e0aafde4a91aea6f2c243b0b99b03dac1cca78dc84298f5e7e7ad4dfd33?s=96&d=mm&r=g\",\"url\":\"https:\/\/secure.gravatar.com\/avatar\/05a66e0aafde4a91aea6f2c243b0b99b03dac1cca78dc84298f5e7e7ad4dfd33?s=96&d=mm&r=g\",\"contentUrl\":\"https:\/\/secure.gravatar.com\/avatar\/05a66e0aafde4a91aea6f2c243b0b99b03dac1cca78dc84298f5e7e7ad4dfd33?s=96&d=mm&r=g\",\"caption\":\"Col\u00b7legi Mediadors\"}}]}<\/script>\n<!-- \/ Yoast SEO plugin. -->","yoast_head_json":{"title":"Los planes de pensiones se vuelven menos conservadores en solo 5 a\u00f1os (elEconomista.es) - Col\u00b7legi de Mediadors d&#039;Assegurances de Lleida","robots":{"index":"index","follow":"follow","max-snippet":"max-snippet:-1","max-image-preview":"max-image-preview:large","max-video-preview":"max-video-preview:-1"},"canonical":"https:\/\/www.cmalleida.com\/es\/los-planes-de-pensiones-se-vuelven-menos-conservadores-en-solo-5-anos-eleconomista-es\/","og_locale":"es_ES","og_type":"article","og_title":"Los planes de pensiones se vuelven menos conservadores en solo 5 a\u00f1os (elEconomista.es) - Col\u00b7legi de Mediadors d&#039;Assegurances de Lleida","og_description":"La exposici\u00f3n a renta fija y monetarios se ha reducido a la mitad desde 2012 \u00c1ngel Alonso\u00a0 28\/09\/2018 &#8211; 6:00\u00a0Actualizado: 08:00 &#8211; 28\/09\/18 Los espa\u00f1oles... Llegeix m\u00e9s","og_url":"https:\/\/www.cmalleida.com\/es\/los-planes-de-pensiones-se-vuelven-menos-conservadores-en-solo-5-anos-eleconomista-es\/","og_site_name":"Col\u00b7legi de Mediadors d&#039;Assegurances de Lleida","article_published_time":"2018-09-28T07:42:19+00:00","og_image":[{"width":762,"height":762,"url":"https:\/\/www.cmalleida.com\/wp-content\/uploads\/cmall-lleida-actualitat-calcula762-1.jpg","type":"image\/jpeg"}],"author":"Col\u00b7legi Mediadors","twitter_card":"summary_large_image","twitter_misc":{"Written by":"Col\u00b7legi Mediadors","Est. reading time":"2 minutos"},"schema":{"@context":"https:\/\/schema.org","@graph":[{"@type":"Article","@id":"https:\/\/www.cmalleida.com\/es\/los-planes-de-pensiones-se-vuelven-menos-conservadores-en-solo-5-anos-eleconomista-es\/#article","isPartOf":{"@id":"https:\/\/www.cmalleida.com\/es\/los-planes-de-pensiones-se-vuelven-menos-conservadores-en-solo-5-anos-eleconomista-es\/"},"author":{"name":"Col\u00b7legi Mediadors","@id":"https:\/\/www.cmalleida.com\/es\/#\/schema\/person\/bc84b7874fa5ac8a15c15a050fb3b79c"},"headline":"Los planes de pensiones se vuelven menos conservadores en solo 5 a\u00f1os (elEconomista.es)","datePublished":"2018-09-28T07:42:19+00:00","mainEntityOfPage":{"@id":"https:\/\/www.cmalleida.com\/es\/los-planes-de-pensiones-se-vuelven-menos-conservadores-en-solo-5-anos-eleconomista-es\/"},"wordCount":380,"publisher":{"@id":"https:\/\/www.cmalleida.com\/es\/#organization"},"image":{"@id":"https:\/\/www.cmalleida.com\/es\/los-planes-de-pensiones-se-vuelven-menos-conservadores-en-solo-5-anos-eleconomista-es\/#primaryimage"},"thumbnailUrl":"https:\/\/www.cmalleida.com\/wp-content\/uploads\/cmall-lleida-actualitat-calcula762-1.jpg","articleSection":["Actualidad"],"inLanguage":"es"},{"@type":"WebPage","@id":"https:\/\/www.cmalleida.com\/es\/los-planes-de-pensiones-se-vuelven-menos-conservadores-en-solo-5-anos-eleconomista-es\/","url":"https:\/\/www.cmalleida.com\/es\/los-planes-de-pensiones-se-vuelven-menos-conservadores-en-solo-5-anos-eleconomista-es\/","name":"Los planes de pensiones se vuelven menos conservadores en solo 5 a\u00f1os (elEconomista.es) - Col\u00b7legi de Mediadors d&#039;Assegurances de Lleida","isPartOf":{"@id":"https:\/\/www.cmalleida.com\/es\/#website"},"primaryImageOfPage":{"@id":"https:\/\/www.cmalleida.com\/es\/los-planes-de-pensiones-se-vuelven-menos-conservadores-en-solo-5-anos-eleconomista-es\/#primaryimage"},"image":{"@id":"https:\/\/www.cmalleida.com\/es\/los-planes-de-pensiones-se-vuelven-menos-conservadores-en-solo-5-anos-eleconomista-es\/#primaryimage"},"thumbnailUrl":"https:\/\/www.cmalleida.com\/wp-content\/uploads\/cmall-lleida-actualitat-calcula762-1.jpg","datePublished":"2018-09-28T07:42:19+00:00","breadcrumb":{"@id":"https:\/\/www.cmalleida.com\/es\/los-planes-de-pensiones-se-vuelven-menos-conservadores-en-solo-5-anos-eleconomista-es\/#breadcrumb"},"inLanguage":"es","potentialAction":[{"@type":"ReadAction","target":["https:\/\/www.cmalleida.com\/es\/los-planes-de-pensiones-se-vuelven-menos-conservadores-en-solo-5-anos-eleconomista-es\/"]}]},{"@type":"ImageObject","inLanguage":"es","@id":"https:\/\/www.cmalleida.com\/es\/los-planes-de-pensiones-se-vuelven-menos-conservadores-en-solo-5-anos-eleconomista-es\/#primaryimage","url":"https:\/\/www.cmalleida.com\/wp-content\/uploads\/cmall-lleida-actualitat-calcula762-1.jpg","contentUrl":"https:\/\/www.cmalleida.com\/wp-content\/uploads\/cmall-lleida-actualitat-calcula762-1.jpg","width":762,"height":762,"caption":"cmall-lleida-actualitat-calcula762"},{"@type":"BreadcrumbList","@id":"https:\/\/www.cmalleida.com\/es\/los-planes-de-pensiones-se-vuelven-menos-conservadores-en-solo-5-anos-eleconomista-es\/#breadcrumb","itemListElement":[{"@type":"ListItem","position":1,"name":"Inici","item":"https:\/\/www.cmalleida.com\/es\/"},{"@type":"ListItem","position":2,"name":"Los planes de pensiones se vuelven menos conservadores en solo 5 a\u00f1os (elEconomista.es)"}]},{"@type":"WebSite","@id":"https:\/\/www.cmalleida.com\/es\/#website","url":"https:\/\/www.cmalleida.com\/es\/","name":"Col\u00b7legi de Mediadors d&#039;Assegurances de Lleida","description":"Otro sitio realizado con WordPress","publisher":{"@id":"https:\/\/www.cmalleida.com\/es\/#organization"},"potentialAction":[{"@type":"SearchAction","target":{"@type":"EntryPoint","urlTemplate":"https:\/\/www.cmalleida.com\/es\/?s={search_term_string}"},"query-input":{"@type":"PropertyValueSpecification","valueRequired":true,"valueName":"search_term_string"}}],"inLanguage":"es"},{"@type":"Organization","@id":"https:\/\/www.cmalleida.com\/es\/#organization","name":"Col\u00b7legi de Mediadors d'Assegurances de Lleida","url":"https:\/\/www.cmalleida.com\/es\/","logo":{"@type":"ImageObject","inLanguage":"es","@id":"https:\/\/www.cmalleida.com\/es\/#\/schema\/logo\/image\/","url":"","contentUrl":"","caption":"Col\u00b7legi de Mediadors d'Assegurances de Lleida"},"image":{"@id":"https:\/\/www.cmalleida.com\/es\/#\/schema\/logo\/image\/"}},{"@type":"Person","@id":"https:\/\/www.cmalleida.com\/es\/#\/schema\/person\/bc84b7874fa5ac8a15c15a050fb3b79c","name":"Col\u00b7legi Mediadors","image":{"@type":"ImageObject","inLanguage":"es","@id":"https:\/\/secure.gravatar.com\/avatar\/05a66e0aafde4a91aea6f2c243b0b99b03dac1cca78dc84298f5e7e7ad4dfd33?s=96&d=mm&r=g","url":"https:\/\/secure.gravatar.com\/avatar\/05a66e0aafde4a91aea6f2c243b0b99b03dac1cca78dc84298f5e7e7ad4dfd33?s=96&d=mm&r=g","contentUrl":"https:\/\/secure.gravatar.com\/avatar\/05a66e0aafde4a91aea6f2c243b0b99b03dac1cca78dc84298f5e7e7ad4dfd33?s=96&d=mm&r=g","caption":"Col\u00b7legi Mediadors"}}]}},"_links":{"self":[{"href":"https:\/\/www.cmalleida.com\/es\/wp-json\/wp\/v2\/posts\/3207","targetHints":{"allow":["GET"]}}],"collection":[{"href":"https:\/\/www.cmalleida.com\/es\/wp-json\/wp\/v2\/posts"}],"about":[{"href":"https:\/\/www.cmalleida.com\/es\/wp-json\/wp\/v2\/types\/post"}],"author":[{"embeddable":true,"href":"https:\/\/www.cmalleida.com\/es\/wp-json\/wp\/v2\/users\/3"}],"replies":[{"embeddable":true,"href":"https:\/\/www.cmalleida.com\/es\/wp-json\/wp\/v2\/comments?post=3207"}],"version-history":[{"count":1,"href":"https:\/\/www.cmalleida.com\/es\/wp-json\/wp\/v2\/posts\/3207\/revisions"}],"predecessor-version":[{"id":3208,"href":"https:\/\/www.cmalleida.com\/es\/wp-json\/wp\/v2\/posts\/3207\/revisions\/3208"}],"wp:featuredmedia":[{"embeddable":true,"href":"https:\/\/www.cmalleida.com\/es\/wp-json\/wp\/v2\/media\/1867"}],"wp:attachment":[{"href":"https:\/\/www.cmalleida.com\/es\/wp-json\/wp\/v2\/media?parent=3207"}],"wp:term":[{"taxonomy":"category","embeddable":true,"href":"https:\/\/www.cmalleida.com\/es\/wp-json\/wp\/v2\/categories?post=3207"},{"taxonomy":"post_tag","embeddable":true,"href":"https:\/\/www.cmalleida.com\/es\/wp-json\/wp\/v2\/tags?post=3207"}],"curies":[{"name":"wp","href":"https:\/\/api.w.org\/{rel}","templated":true}]}}