{"id":3153,"date":"2018-09-14T09:50:20","date_gmt":"2018-09-14T07:50:20","guid":{"rendered":"https:\/\/www.cmalleida.com\/?p=3153"},"modified":"2018-09-14T10:01:52","modified_gmt":"2018-09-14T08:01:52","slug":"cuidado-al-cambiar-de-seguro-la-vanguardia","status":"publish","type":"post","link":"https:\/\/www.cmalleida.com\/es\/cuidado-al-cambiar-de-seguro-la-vanguardia\/","title":{"rendered":"\u00a1Cuidado al cambiar de seguro! (La Vanguardia)"},"content":{"rendered":"<p><em>\u00a0Todo lo que hay que tener en cuenta si decidimos cambiar de compa\u00f1\u00eda<\/em><\/p>\n<p>CARLOS SOLIS Publicado a 14-09-2018 1:49<\/p>\n<p>El cambio de compa\u00f1\u00eda de seguros es algo muy habitual, y que nos podemos plantear en ocasiones. Sea el tipo de seguro que sea: del coche, de la vivienda, de salud, etc., podemos llegar a tener la necesidad de cambiarlo. Pero hay varias cosas que hay que tener en cuenta para que este cambio no se vuelva en nuestra contra, y se convierta en una pesadilla para nosotros.<\/p>\n<p>Quienes tienen un mediador de seguros que les gestiona sus seguros, suelen disponer de un asesoramiento que gu\u00eda en estas situaciones y les evitar\u00e1 m\u00e1s de un susto, pero para el resto es interesante que tengan en cuenta algunos consejos pr\u00e1cticos a la hora de decidir sobre el cambio del seguro.<\/p>\n<p>En primer lugar,\u00a0<strong>es necesario comunicar la baja del contrato de seguro a la compa\u00f1\u00eda de seguros<\/strong>. Las p\u00f3lizas de seguro son renovables anualmente, y en el caso de que no se quiera proceder a dicha renovaci\u00f3n ser\u00e1 necesario comunicarlo por escrito, un mes antes del vencimiento del contrato, en el caso de los asegurados, y con dos meses de antelaci\u00f3n en el caso de las compa\u00f1\u00edas de seguros. Cumplir con este requisito legal nos evitar\u00e1 m\u00e1s de un quebradero de cabeza, pues si no comunicamos nuestra intenci\u00f3n de cambiar de seguro podemos incurrir en un impago de la prima del seguro, que podr\u00eda habilitar a la aseguradora a reclamarnos el impago.<\/p>\n<p><strong>Si no comunicamos nuestra intenci\u00f3n de cambiar de seguro podemos incurrir en un impago de la prima del seguro<\/strong><\/p>\n<p>Excepcionalmente pueden darse algunas situaciones en las que pueda quedar justificado el cambio de seguro, sin la comunicaci\u00f3n previa a la compa\u00f1\u00eda de seguros, por ejemplo cuando se cambian, unilateralmente y sin comunicaci\u00f3n previa, las condiciones del contrato (coberturas, precio, etc.), lo cual supone una modificaci\u00f3n sustancial del contrato inicial, y por tanto podr\u00edamos proceder a su cancelaci\u00f3n aunque no cumplamos con el aviso previo comentado anteriormente.<\/p>\n<p>En segundo lugar,\u00a0<strong>es muy importante tener en cuenta los periodos de cobertura, es decir, el d\u00eda de finalizaci\u00f3n del seguro anterior\u00a0y la entrada en vigor de la nueva p\u00f3liza<\/strong>, para evitar periodos de no cobertura, evitando el riesgo de que pueda ocurrir un siniestro justo en esos d\u00edas en los que se carece de respaldo por parte del seguro. En este punto es muy importante distinguir entre los diferentes tipos de seguro, pues en el caso de los seguros obligatorios, como por ejemplo el seguro de autom\u00f3vil, adem\u00e1s de los problemas de falta de cobertura, riesgo de tener que abonar directamente de nuestros bolsillos los da\u00f1os y perjuicios causados en un accidente de tr\u00e1fico, tambi\u00e9n nos puede acarrear otros perjuicios, en forma de sanciones administrativas, multas que oscilan entre los 601 y los 3.005 euros y la inmovilizaci\u00f3n del veh\u00edculo.<\/p>\n<p>De igual modo es necesario tener en cuenta los posibles periodos de carencia. El periodo de carencia es el tiempo, normalmente computado en meses, que debe transcurrir desde que entra en vigor el seguro hasta que se pueden utilizar los servicios o coberturas contratados.\u00a0<strong>Los periodos de carencia son muy habituales en algunos tipos de seguros, como por ejemplo los de salud<\/strong>, por lo que es necesario, cuando queramos cambiar de seguro tenerlos en cuenta, para evitar que esos periodos sin cobertura efectiva puedan perjudicarnos.<\/p>\n<p>En tercer lugar, es<strong>\u00a0importante confirmar que el nuevo seguro que vamos a contratar cumple con las coberturas y los capitales que son necesarios<\/strong>, pues en ocasiones podemos dejarnos deslumbrar por un precio m\u00e1s econ\u00f3mico, que esconde detr\u00e1s unas condiciones mucho m\u00e1s perjudiciales. Por ejemplo, en\u00a0<strong>el seguro de hogar es importante tener en cuenta los capitales contratados<\/strong>, sobre todo del contenido, para evitar incurrir en un infraseguro que, en caso de ocurrir un siniestro, impedir\u00e1 que obtengamos la indemnizaci\u00f3n total que nos corresponda.\u00a0<strong>En los seguros de autom\u00f3vil tambi\u00e9n hay que tener en cuenta la aplicaci\u00f3n de franquicias<\/strong>, as\u00ed como posibles compromisos que nos limiten la posibilidad de libre elecci\u00f3n de taller, que en ocasiones pueden suponer una mejora en el precio del seguro y que debemos conocer para saber c\u00f3mo actuar en caso de ser necesario.<\/p>\n<p>Por ultimo, indicar que\u00a0<strong>en los casos de seguros que m\u00e1s complejos, como por ejemplo seguros relacionados con negocios, de responsabilidad civil ,etc., es muy recomendable buscar el asesoramiento de profesionales<\/strong>, mediadores de seguros colegiados, que nos garantice que el seguro que contratamos sea el que mejor se adapta a nuestras necesidades, evitando errores que nos puedan suponer un grave perjuicio econ\u00f3mico para nosotros.<\/p>\n<p><strong>En ocasiones podemos dejarnos deslumbrar por un precio m\u00e1s econ\u00f3mico, que esconde detr\u00e1s unas condiciones mucho m\u00e1s perjudiciales<\/strong><\/p>\n<p>&nbsp;<\/p>\n","protected":false},"excerpt":{"rendered":"<p>\u00a0Todo lo que hay que tener en cuenta si decidimos cambiar de compa\u00f1\u00eda CARLOS SOLIS Publicado a 14-09-2018 1:49 El cambio de compa\u00f1\u00eda de seguros&#8230; <a href=\"https:\/\/www.cmalleida.com\/es\/cuidado-al-cambiar-de-seguro-la-vanguardia\/\" rel=\"nofollow\" class=\"lollegirmes\">Llegeix m\u00e9s<\/a><\/p>\n","protected":false},"author":3,"featured_media":1867,"comment_status":"closed","ping_status":"closed","sticky":false,"template":"","format":"standard","meta":{"_acf_changed":false,"_genesis_hide_title":false,"_genesis_hide_breadcrumbs":false,"_genesis_hide_singular_image":false,"_genesis_hide_footer_widgets":false,"_genesis_custom_body_class":"","_genesis_custom_post_class":"","_genesis_layout":"","footnotes":""},"categories":[28],"tags":[],"class_list":{"0":"post-3153","1":"post","2":"type-post","3":"status-publish","4":"format-standard","5":"has-post-thumbnail","7":"category-actualidad","8":"entry"},"acf":[],"yoast_head":"<!-- This site is optimized with the Yoast SEO plugin v27.2 - https:\/\/yoast.com\/product\/yoast-seo-wordpress\/ -->\n<title>\u00a1Cuidado al cambiar de seguro! (La Vanguardia) - Col\u00b7legi de Mediadors d&#039;Assegurances de Lleida<\/title>\n<meta name=\"robots\" content=\"index, follow, max-snippet:-1, max-image-preview:large, max-video-preview:-1\" \/>\n<link rel=\"canonical\" href=\"https:\/\/www.cmalleida.com\/es\/cuidado-al-cambiar-de-seguro-la-vanguardia\/\" \/>\n<meta property=\"og:locale\" content=\"es_ES\" \/>\n<meta property=\"og:type\" content=\"article\" \/>\n<meta property=\"og:title\" content=\"\u00a1Cuidado al cambiar de seguro! (La Vanguardia) - Col\u00b7legi de Mediadors d&#039;Assegurances de Lleida\" \/>\n<meta property=\"og:description\" content=\"\u00a0Todo lo que hay que tener en cuenta si decidimos cambiar de compa\u00f1\u00eda CARLOS SOLIS Publicado a 14-09-2018 1:49 El cambio de compa\u00f1\u00eda de seguros... Llegeix m\u00e9s\" \/>\n<meta property=\"og:url\" content=\"https:\/\/www.cmalleida.com\/es\/cuidado-al-cambiar-de-seguro-la-vanguardia\/\" \/>\n<meta property=\"og:site_name\" content=\"Col\u00b7legi de Mediadors d&#039;Assegurances de Lleida\" \/>\n<meta property=\"article:published_time\" content=\"2018-09-14T07:50:20+00:00\" \/>\n<meta property=\"article:modified_time\" content=\"2018-09-14T08:01:52+00:00\" \/>\n<meta property=\"og:image\" content=\"https:\/\/www.cmalleida.com\/wp-content\/uploads\/cmall-lleida-actualitat-calcula762-1.jpg\" \/>\n\t<meta property=\"og:image:width\" content=\"762\" \/>\n\t<meta property=\"og:image:height\" content=\"762\" \/>\n\t<meta property=\"og:image:type\" content=\"image\/jpeg\" \/>\n<meta name=\"author\" content=\"Col\u00b7legi Mediadors\" \/>\n<meta name=\"twitter:card\" content=\"summary_large_image\" \/>\n<meta name=\"twitter:label1\" content=\"Written by\" \/>\n\t<meta name=\"twitter:data1\" content=\"Col\u00b7legi Mediadors\" \/>\n\t<meta name=\"twitter:label2\" content=\"Est. reading time\" \/>\n\t<meta name=\"twitter:data2\" content=\"4 minutos\" \/>\n<script type=\"application\/ld+json\" class=\"yoast-schema-graph\">{\"@context\":\"https:\/\/schema.org\",\"@graph\":[{\"@type\":\"Article\",\"@id\":\"https:\/\/www.cmalleida.com\/es\/cuidado-al-cambiar-de-seguro-la-vanguardia\/#article\",\"isPartOf\":{\"@id\":\"https:\/\/www.cmalleida.com\/es\/cuidado-al-cambiar-de-seguro-la-vanguardia\/\"},\"author\":{\"name\":\"Col\u00b7legi Mediadors\",\"@id\":\"https:\/\/www.cmalleida.com\/es\/#\/schema\/person\/bc84b7874fa5ac8a15c15a050fb3b79c\"},\"headline\":\"\u00a1Cuidado al cambiar de seguro! (La Vanguardia)\",\"datePublished\":\"2018-09-14T07:50:20+00:00\",\"dateModified\":\"2018-09-14T08:01:52+00:00\",\"mainEntityOfPage\":{\"@id\":\"https:\/\/www.cmalleida.com\/es\/cuidado-al-cambiar-de-seguro-la-vanguardia\/\"},\"wordCount\":836,\"publisher\":{\"@id\":\"https:\/\/www.cmalleida.com\/es\/#organization\"},\"image\":{\"@id\":\"https:\/\/www.cmalleida.com\/es\/cuidado-al-cambiar-de-seguro-la-vanguardia\/#primaryimage\"},\"thumbnailUrl\":\"https:\/\/www.cmalleida.com\/wp-content\/uploads\/cmall-lleida-actualitat-calcula762-1.jpg\",\"articleSection\":[\"Actualidad\"],\"inLanguage\":\"es\"},{\"@type\":\"WebPage\",\"@id\":\"https:\/\/www.cmalleida.com\/es\/cuidado-al-cambiar-de-seguro-la-vanguardia\/\",\"url\":\"https:\/\/www.cmalleida.com\/es\/cuidado-al-cambiar-de-seguro-la-vanguardia\/\",\"name\":\"\u00a1Cuidado al cambiar de seguro! (La Vanguardia) - Col\u00b7legi de Mediadors d&#039;Assegurances de Lleida\",\"isPartOf\":{\"@id\":\"https:\/\/www.cmalleida.com\/es\/#website\"},\"primaryImageOfPage\":{\"@id\":\"https:\/\/www.cmalleida.com\/es\/cuidado-al-cambiar-de-seguro-la-vanguardia\/#primaryimage\"},\"image\":{\"@id\":\"https:\/\/www.cmalleida.com\/es\/cuidado-al-cambiar-de-seguro-la-vanguardia\/#primaryimage\"},\"thumbnailUrl\":\"https:\/\/www.cmalleida.com\/wp-content\/uploads\/cmall-lleida-actualitat-calcula762-1.jpg\",\"datePublished\":\"2018-09-14T07:50:20+00:00\",\"dateModified\":\"2018-09-14T08:01:52+00:00\",\"breadcrumb\":{\"@id\":\"https:\/\/www.cmalleida.com\/es\/cuidado-al-cambiar-de-seguro-la-vanguardia\/#breadcrumb\"},\"inLanguage\":\"es\",\"potentialAction\":[{\"@type\":\"ReadAction\",\"target\":[\"https:\/\/www.cmalleida.com\/es\/cuidado-al-cambiar-de-seguro-la-vanguardia\/\"]}]},{\"@type\":\"ImageObject\",\"inLanguage\":\"es\",\"@id\":\"https:\/\/www.cmalleida.com\/es\/cuidado-al-cambiar-de-seguro-la-vanguardia\/#primaryimage\",\"url\":\"https:\/\/www.cmalleida.com\/wp-content\/uploads\/cmall-lleida-actualitat-calcula762-1.jpg\",\"contentUrl\":\"https:\/\/www.cmalleida.com\/wp-content\/uploads\/cmall-lleida-actualitat-calcula762-1.jpg\",\"width\":762,\"height\":762,\"caption\":\"cmall-lleida-actualitat-calcula762\"},{\"@type\":\"BreadcrumbList\",\"@id\":\"https:\/\/www.cmalleida.com\/es\/cuidado-al-cambiar-de-seguro-la-vanguardia\/#breadcrumb\",\"itemListElement\":[{\"@type\":\"ListItem\",\"position\":1,\"name\":\"Inici\",\"item\":\"https:\/\/www.cmalleida.com\/es\/\"},{\"@type\":\"ListItem\",\"position\":2,\"name\":\"\u00a1Cuidado al cambiar de seguro! (La Vanguardia)\"}]},{\"@type\":\"WebSite\",\"@id\":\"https:\/\/www.cmalleida.com\/es\/#website\",\"url\":\"https:\/\/www.cmalleida.com\/es\/\",\"name\":\"Col\u00b7legi de Mediadors d&#039;Assegurances de Lleida\",\"description\":\"Otro sitio realizado con WordPress\",\"publisher\":{\"@id\":\"https:\/\/www.cmalleida.com\/es\/#organization\"},\"potentialAction\":[{\"@type\":\"SearchAction\",\"target\":{\"@type\":\"EntryPoint\",\"urlTemplate\":\"https:\/\/www.cmalleida.com\/es\/?s={search_term_string}\"},\"query-input\":{\"@type\":\"PropertyValueSpecification\",\"valueRequired\":true,\"valueName\":\"search_term_string\"}}],\"inLanguage\":\"es\"},{\"@type\":\"Organization\",\"@id\":\"https:\/\/www.cmalleida.com\/es\/#organization\",\"name\":\"Col\u00b7legi de Mediadors d'Assegurances de Lleida\",\"url\":\"https:\/\/www.cmalleida.com\/es\/\",\"logo\":{\"@type\":\"ImageObject\",\"inLanguage\":\"es\",\"@id\":\"https:\/\/www.cmalleida.com\/es\/#\/schema\/logo\/image\/\",\"url\":\"\",\"contentUrl\":\"\",\"caption\":\"Col\u00b7legi de Mediadors d'Assegurances de Lleida\"},\"image\":{\"@id\":\"https:\/\/www.cmalleida.com\/es\/#\/schema\/logo\/image\/\"}},{\"@type\":\"Person\",\"@id\":\"https:\/\/www.cmalleida.com\/es\/#\/schema\/person\/bc84b7874fa5ac8a15c15a050fb3b79c\",\"name\":\"Col\u00b7legi Mediadors\",\"image\":{\"@type\":\"ImageObject\",\"inLanguage\":\"es\",\"@id\":\"https:\/\/secure.gravatar.com\/avatar\/05a66e0aafde4a91aea6f2c243b0b99b03dac1cca78dc84298f5e7e7ad4dfd33?s=96&d=mm&r=g\",\"url\":\"https:\/\/secure.gravatar.com\/avatar\/05a66e0aafde4a91aea6f2c243b0b99b03dac1cca78dc84298f5e7e7ad4dfd33?s=96&d=mm&r=g\",\"contentUrl\":\"https:\/\/secure.gravatar.com\/avatar\/05a66e0aafde4a91aea6f2c243b0b99b03dac1cca78dc84298f5e7e7ad4dfd33?s=96&d=mm&r=g\",\"caption\":\"Col\u00b7legi Mediadors\"}}]}<\/script>\n<!-- \/ Yoast SEO plugin. -->","yoast_head_json":{"title":"\u00a1Cuidado al cambiar de seguro! (La Vanguardia) - Col\u00b7legi de Mediadors d&#039;Assegurances de Lleida","robots":{"index":"index","follow":"follow","max-snippet":"max-snippet:-1","max-image-preview":"max-image-preview:large","max-video-preview":"max-video-preview:-1"},"canonical":"https:\/\/www.cmalleida.com\/es\/cuidado-al-cambiar-de-seguro-la-vanguardia\/","og_locale":"es_ES","og_type":"article","og_title":"\u00a1Cuidado al cambiar de seguro! (La Vanguardia) - Col\u00b7legi de Mediadors d&#039;Assegurances de Lleida","og_description":"\u00a0Todo lo que hay que tener en cuenta si decidimos cambiar de compa\u00f1\u00eda CARLOS SOLIS Publicado a 14-09-2018 1:49 El cambio de compa\u00f1\u00eda de seguros... Llegeix m\u00e9s","og_url":"https:\/\/www.cmalleida.com\/es\/cuidado-al-cambiar-de-seguro-la-vanguardia\/","og_site_name":"Col\u00b7legi de Mediadors d&#039;Assegurances de Lleida","article_published_time":"2018-09-14T07:50:20+00:00","article_modified_time":"2018-09-14T08:01:52+00:00","og_image":[{"width":762,"height":762,"url":"https:\/\/www.cmalleida.com\/wp-content\/uploads\/cmall-lleida-actualitat-calcula762-1.jpg","type":"image\/jpeg"}],"author":"Col\u00b7legi Mediadors","twitter_card":"summary_large_image","twitter_misc":{"Written by":"Col\u00b7legi Mediadors","Est. reading time":"4 minutos"},"schema":{"@context":"https:\/\/schema.org","@graph":[{"@type":"Article","@id":"https:\/\/www.cmalleida.com\/es\/cuidado-al-cambiar-de-seguro-la-vanguardia\/#article","isPartOf":{"@id":"https:\/\/www.cmalleida.com\/es\/cuidado-al-cambiar-de-seguro-la-vanguardia\/"},"author":{"name":"Col\u00b7legi Mediadors","@id":"https:\/\/www.cmalleida.com\/es\/#\/schema\/person\/bc84b7874fa5ac8a15c15a050fb3b79c"},"headline":"\u00a1Cuidado al cambiar de seguro! (La Vanguardia)","datePublished":"2018-09-14T07:50:20+00:00","dateModified":"2018-09-14T08:01:52+00:00","mainEntityOfPage":{"@id":"https:\/\/www.cmalleida.com\/es\/cuidado-al-cambiar-de-seguro-la-vanguardia\/"},"wordCount":836,"publisher":{"@id":"https:\/\/www.cmalleida.com\/es\/#organization"},"image":{"@id":"https:\/\/www.cmalleida.com\/es\/cuidado-al-cambiar-de-seguro-la-vanguardia\/#primaryimage"},"thumbnailUrl":"https:\/\/www.cmalleida.com\/wp-content\/uploads\/cmall-lleida-actualitat-calcula762-1.jpg","articleSection":["Actualidad"],"inLanguage":"es"},{"@type":"WebPage","@id":"https:\/\/www.cmalleida.com\/es\/cuidado-al-cambiar-de-seguro-la-vanguardia\/","url":"https:\/\/www.cmalleida.com\/es\/cuidado-al-cambiar-de-seguro-la-vanguardia\/","name":"\u00a1Cuidado al cambiar de seguro! (La Vanguardia) - Col\u00b7legi de Mediadors d&#039;Assegurances de Lleida","isPartOf":{"@id":"https:\/\/www.cmalleida.com\/es\/#website"},"primaryImageOfPage":{"@id":"https:\/\/www.cmalleida.com\/es\/cuidado-al-cambiar-de-seguro-la-vanguardia\/#primaryimage"},"image":{"@id":"https:\/\/www.cmalleida.com\/es\/cuidado-al-cambiar-de-seguro-la-vanguardia\/#primaryimage"},"thumbnailUrl":"https:\/\/www.cmalleida.com\/wp-content\/uploads\/cmall-lleida-actualitat-calcula762-1.jpg","datePublished":"2018-09-14T07:50:20+00:00","dateModified":"2018-09-14T08:01:52+00:00","breadcrumb":{"@id":"https:\/\/www.cmalleida.com\/es\/cuidado-al-cambiar-de-seguro-la-vanguardia\/#breadcrumb"},"inLanguage":"es","potentialAction":[{"@type":"ReadAction","target":["https:\/\/www.cmalleida.com\/es\/cuidado-al-cambiar-de-seguro-la-vanguardia\/"]}]},{"@type":"ImageObject","inLanguage":"es","@id":"https:\/\/www.cmalleida.com\/es\/cuidado-al-cambiar-de-seguro-la-vanguardia\/#primaryimage","url":"https:\/\/www.cmalleida.com\/wp-content\/uploads\/cmall-lleida-actualitat-calcula762-1.jpg","contentUrl":"https:\/\/www.cmalleida.com\/wp-content\/uploads\/cmall-lleida-actualitat-calcula762-1.jpg","width":762,"height":762,"caption":"cmall-lleida-actualitat-calcula762"},{"@type":"BreadcrumbList","@id":"https:\/\/www.cmalleida.com\/es\/cuidado-al-cambiar-de-seguro-la-vanguardia\/#breadcrumb","itemListElement":[{"@type":"ListItem","position":1,"name":"Inici","item":"https:\/\/www.cmalleida.com\/es\/"},{"@type":"ListItem","position":2,"name":"\u00a1Cuidado al cambiar de seguro! (La Vanguardia)"}]},{"@type":"WebSite","@id":"https:\/\/www.cmalleida.com\/es\/#website","url":"https:\/\/www.cmalleida.com\/es\/","name":"Col\u00b7legi de Mediadors d&#039;Assegurances de Lleida","description":"Otro sitio realizado con WordPress","publisher":{"@id":"https:\/\/www.cmalleida.com\/es\/#organization"},"potentialAction":[{"@type":"SearchAction","target":{"@type":"EntryPoint","urlTemplate":"https:\/\/www.cmalleida.com\/es\/?s={search_term_string}"},"query-input":{"@type":"PropertyValueSpecification","valueRequired":true,"valueName":"search_term_string"}}],"inLanguage":"es"},{"@type":"Organization","@id":"https:\/\/www.cmalleida.com\/es\/#organization","name":"Col\u00b7legi de Mediadors d'Assegurances de Lleida","url":"https:\/\/www.cmalleida.com\/es\/","logo":{"@type":"ImageObject","inLanguage":"es","@id":"https:\/\/www.cmalleida.com\/es\/#\/schema\/logo\/image\/","url":"","contentUrl":"","caption":"Col\u00b7legi de Mediadors d'Assegurances de Lleida"},"image":{"@id":"https:\/\/www.cmalleida.com\/es\/#\/schema\/logo\/image\/"}},{"@type":"Person","@id":"https:\/\/www.cmalleida.com\/es\/#\/schema\/person\/bc84b7874fa5ac8a15c15a050fb3b79c","name":"Col\u00b7legi Mediadors","image":{"@type":"ImageObject","inLanguage":"es","@id":"https:\/\/secure.gravatar.com\/avatar\/05a66e0aafde4a91aea6f2c243b0b99b03dac1cca78dc84298f5e7e7ad4dfd33?s=96&d=mm&r=g","url":"https:\/\/secure.gravatar.com\/avatar\/05a66e0aafde4a91aea6f2c243b0b99b03dac1cca78dc84298f5e7e7ad4dfd33?s=96&d=mm&r=g","contentUrl":"https:\/\/secure.gravatar.com\/avatar\/05a66e0aafde4a91aea6f2c243b0b99b03dac1cca78dc84298f5e7e7ad4dfd33?s=96&d=mm&r=g","caption":"Col\u00b7legi Mediadors"}}]}},"_links":{"self":[{"href":"https:\/\/www.cmalleida.com\/es\/wp-json\/wp\/v2\/posts\/3153","targetHints":{"allow":["GET"]}}],"collection":[{"href":"https:\/\/www.cmalleida.com\/es\/wp-json\/wp\/v2\/posts"}],"about":[{"href":"https:\/\/www.cmalleida.com\/es\/wp-json\/wp\/v2\/types\/post"}],"author":[{"embeddable":true,"href":"https:\/\/www.cmalleida.com\/es\/wp-json\/wp\/v2\/users\/3"}],"replies":[{"embeddable":true,"href":"https:\/\/www.cmalleida.com\/es\/wp-json\/wp\/v2\/comments?post=3153"}],"version-history":[{"count":1,"href":"https:\/\/www.cmalleida.com\/es\/wp-json\/wp\/v2\/posts\/3153\/revisions"}],"predecessor-version":[{"id":3154,"href":"https:\/\/www.cmalleida.com\/es\/wp-json\/wp\/v2\/posts\/3153\/revisions\/3154"}],"wp:featuredmedia":[{"embeddable":true,"href":"https:\/\/www.cmalleida.com\/es\/wp-json\/wp\/v2\/media\/1867"}],"wp:attachment":[{"href":"https:\/\/www.cmalleida.com\/es\/wp-json\/wp\/v2\/media?parent=3153"}],"wp:term":[{"taxonomy":"category","embeddable":true,"href":"https:\/\/www.cmalleida.com\/es\/wp-json\/wp\/v2\/categories?post=3153"},{"taxonomy":"post_tag","embeddable":true,"href":"https:\/\/www.cmalleida.com\/es\/wp-json\/wp\/v2\/tags?post=3153"}],"curies":[{"name":"wp","href":"https:\/\/api.w.org\/{rel}","templated":true}]}}