{"id":3148,"date":"2018-09-14T09:46:41","date_gmt":"2018-09-14T07:46:41","guid":{"rendered":"https:\/\/www.cmalleida.com\/?p=3148"},"modified":"2018-09-14T09:46:41","modified_gmt":"2018-09-14T07:46:41","slug":"que-cubre-el-seguro-escolar-la-vanguardia","status":"publish","type":"post","link":"https:\/\/www.cmalleida.com\/es\/que-cubre-el-seguro-escolar-la-vanguardia\/","title":{"rendered":"\u00bfQu\u00e9 cubre el seguro escolar? (La Vanguardia)"},"content":{"rendered":"<p><em>Los centos contratan p\u00f3lizas multirriesgo con coberturas que van desde la reparaci\u00f3n de goteras a la responsabilidad civil en casos de bullying<\/em><\/p>\n<p>REDACCI\u00d3N Publicado a 10-09-2018 7:58<\/p>\n<p>Al importante gasto de energ\u00eda familiar, y tambi\u00e9n econ\u00f3mico, que se debe realizar con el inicio del curso escolar cabe tambi\u00e9n a\u00f1adir la preocupaci\u00f3n por<a href=\"https:\/\/seguros.lavanguardia.com\/2018\/08\/27\/cuestiones-legales-que-hay-que-saber-antes-de-la-vuelta-al-cole\/\">\u00a0las coberturas aseguradoras que protegen a los y las escolares en sus respectivos centros de educaci\u00f3n<\/a>\u00a0en la vuelta al cole como ha informado LaVanguardia.com<\/p>\n<p>La patronal Unespa informa estos d\u00edas sobre<strong>\u00a0los percances m\u00e1s habituales que atienden las compa\u00f1\u00edas<\/strong>\u00a0y aporta algunos consejos para evitar mayores da\u00f1os en los centros educativos.<\/p>\n<h3>Transporte escolar<\/h3>\n<p>Recomiendan las aseguradoras educar a los estudiantes que deben tomar algunas medidas importantes a la hora de viajar en el transporte escolar.\u00a0<strong>Deben conocer la importancia de ir correctamente sentados y utilizar los mecanismos de prevenci\u00f3n<\/strong>, como son los cinturones destinados a tal fin. Nunca est\u00e1 de m\u00e1s recordar a los chavales que durante el trayecto es importante atender las indicaciones de los responsables de este transporte y concienciarles que deben comportarse de manera sensata y adecuada durante todo el trayecto.<\/p>\n<h3>Espacios l\u00fadicos<\/h3>\n<p>Expone Unespa que\u00a0<strong>una causa muy habitual de percances en la escuela es la derivada del uso de equipamientos l\u00fadicos<\/strong>. Barras, peque\u00f1as paredes de escalada, el tobog\u00e1n de toda la vida\u2026\u00a0Accidentes en estos espacios pueden provocar lesiones de importancia y, adem\u00e1s gastos m\u00e9dicos, quir\u00fargicos etc\u2026 elevados como las ortodoncias.\u00a0<strong>Los centros escolares se responsabilizan de que estas zonas est\u00e9n dise\u00f1adas de forma segura<\/strong>\u00a0y de tener cubiertos los riesgos posibles a trav\u00e9s del seguro adecuado que debe ser conocido y estar a disposici\u00f3n de los padres y de las madres.<\/p>\n<h3>Resbalones<\/h3>\n<p>Los centros escolares mantienen y deben potenciar la limpieza y desinfecci\u00f3n adecuadas de todos los espacios del recinto. Grandes superficies como son las aulas, los pasillos, las zonas comunes etc\u2026 deben estar constituidas por materiales adecuados y seguros. En todos los casos, es fundamental se\u00f1alizar adecuadamente las zonas en las que se est\u00e1n realizando labores de limpieza. As\u00ed,\u00a0<strong>se recomienda siempre ser estrictamente cuidadoso en la se\u00f1alizaci\u00f3n de las zonas mojadas y resbaladizas<\/strong>, y en la vigilancia de que los ni\u00f1os las respeten.<\/p>\n<h3>En el patio<\/h3>\n<p>Se trata tal vez del \u00e1rea m\u00e1s habitual donde se producen ca\u00eddas, accidentes y otros percances. Recuerdan las aseguradoras\u00a0<strong>la obligaci\u00f3n de\u00a0la escuela es de disponer de los adecuados servicios de atenci\u00f3n<\/strong>, y obligaci\u00f3n del seguro\u00a0correr con las consecuencias si son m\u00e1s importantes de lo habitual. El colegio tiene la obligaci\u00f3n de tener un seguro que asuma las consecuencias de ca\u00eddas, accidentes y otras circunstancias.<\/p>\n<p><strong>Los centros deben revisar peri\u00f3dicamente sus equipamientos y disponer de un mapa de riesgos bien descrito<\/strong><\/p>\n<p>Expone Unespa que desde el punto de vista de la escuela (o de los padres que se lo exijan) son vitales puntos como: la\u00a0revisi\u00f3n peri\u00f3dica de equipamientos que vayan a usar los alumnos\u00a0(como los de gimnasia); o el\u00a0cuidado permanente, en el caso de que haya que usar m\u00e1quinas y herramientas\u00a0(por ejemplo, de carpinter\u00eda o jardiner\u00eda), de que los ni\u00f1os permanezcan bien alejados de ellas por su seguridad. Se debe asimismo\u00a0cuidar de que las zonas que no son para acceso de los ni\u00f1os\u00a0(como tejados bajos) sean imposibles de alcanzar por ellos.<\/p>\n<p>Asimismo, bueno es cuidar\u00a0asegurar las puertas contra los portazos, pues \u00e9stos siempre tienden a pillar por medio los dedos de alguien.<\/p>\n<p>En general,\u00a0<strong>la recomendaci\u00f3n de las empresas del sector seguros es clara: una escuela responsable deber\u00eda tener todo un mapa de riesgos bien descrito<\/strong>, con inclusi\u00f3n de las medidas tomadas para evitarlos.<\/p>\n<p><strong>En Espa\u00f1a es obligatorio el seguro escolar que se gestiona a trav\u00e9s de la Seguridad Social<\/strong><\/p>\n<p><strong>En Espa\u00f1a existe un seguro escolar obligatorio, que abarca a los estudiantes desde 3\u00ba de la ESO<\/strong>.\u00a0Se paga con la matr\u00edcula y cubre fundamentalmente la asistencia en caso de accidente\u00a0con coberturas gestionadas por la seguridad Social.<\/p>\n<p>Explica Unespa que los gerentes y directores de centros educativos no lo suelen fiar todo al seguro escolar, entre otras cosas porque no cubre nada relacionado con la propia escuela.\u00a0<strong>Un colegio no deja de ser un edificio dentro del cual hay cosas valiosas, y como tal debe protegerse<\/strong>.\u00a0Es por ello que es usual que\u00a0la escuela contrate una p\u00f3liza multirriesgo\u00a0que le cubra todos o casi todos los da\u00f1os o robos que puede sufrir el edificio en s\u00ed mismo:\u00a0goteras, rotura de cristales, robo de enseres o dinero, da\u00f1os el\u00e9ctricos o est\u00e9ticos, da\u00f1os sufridos por los equipos inform\u00e1ticos\u00a0. La mayor\u00eda de los productos del mercado cubren el robo o deterioro de bienes no s\u00f3lo propiedad de la escuela, sino tambi\u00e9n de la AMPA, de los empleados del colegio o incluso de los propios alumnos en algunos casos.<\/p>\n<h3>El seguro puede llegar a cubrir la responsabilidad civil en casos de bullyng<\/h3>\n<p>Entre las coberturas m\u00e1s importantes de cualquier seguro para centros escolares aparece \u00a0la responsabilidad civil,\u00a0esto es, la indemnizaci\u00f3n econ\u00f3mica del da\u00f1o causado. Las coberturas de estos contratos suelen intentar que cualquier da\u00f1o causado en el recinto de la escuela o bajo la responsabilidad de su personal. Se incluyen los desplazamientos y salidas educativas y los viajes escolares.\u00a0<strong>Es muy importante saber que \u00a0tambi\u00e9n suele incluir el\u00a0bullying<\/strong>.<\/p>\n","protected":false},"excerpt":{"rendered":"<p>Los centos contratan p\u00f3lizas multirriesgo con coberturas que van desde la reparaci\u00f3n de goteras a la responsabilidad civil en casos de bullying REDACCI\u00d3N Publicado a&#8230; <a href=\"https:\/\/www.cmalleida.com\/es\/que-cubre-el-seguro-escolar-la-vanguardia\/\" rel=\"nofollow\" class=\"lollegirmes\">Llegeix m\u00e9s<\/a><\/p>\n","protected":false},"author":3,"featured_media":1861,"comment_status":"closed","ping_status":"closed","sticky":false,"template":"","format":"standard","meta":{"_acf_changed":false,"_genesis_hide_title":false,"_genesis_hide_breadcrumbs":false,"_genesis_hide_singular_image":false,"_genesis_hide_footer_widgets":false,"_genesis_custom_body_class":"","_genesis_custom_post_class":"","_genesis_layout":"","footnotes":""},"categories":[28],"tags":[],"class_list":{"0":"post-3148","1":"post","2":"type-post","3":"status-publish","4":"format-standard","5":"has-post-thumbnail","7":"category-actualidad","8":"entry"},"acf":[],"yoast_head":"<!-- This site is optimized with the Yoast SEO plugin v27.2 - https:\/\/yoast.com\/product\/yoast-seo-wordpress\/ -->\n<title>\u00bfQu\u00e9 cubre el seguro escolar? (La Vanguardia) - Col\u00b7legi de Mediadors d&#039;Assegurances de Lleida<\/title>\n<meta name=\"robots\" content=\"index, follow, max-snippet:-1, max-image-preview:large, max-video-preview:-1\" \/>\n<link rel=\"canonical\" href=\"https:\/\/www.cmalleida.com\/es\/que-cubre-el-seguro-escolar-la-vanguardia\/\" \/>\n<meta property=\"og:locale\" content=\"es_ES\" \/>\n<meta property=\"og:type\" content=\"article\" \/>\n<meta property=\"og:title\" content=\"\u00bfQu\u00e9 cubre el seguro escolar? (La Vanguardia) - Col\u00b7legi de Mediadors d&#039;Assegurances de Lleida\" \/>\n<meta property=\"og:description\" content=\"Los centos contratan p\u00f3lizas multirriesgo con coberturas que van desde la reparaci\u00f3n de goteras a la responsabilidad civil en casos de bullying REDACCI\u00d3N Publicado a... Llegeix m\u00e9s\" \/>\n<meta property=\"og:url\" content=\"https:\/\/www.cmalleida.com\/es\/que-cubre-el-seguro-escolar-la-vanguardia\/\" \/>\n<meta property=\"og:site_name\" content=\"Col\u00b7legi de Mediadors d&#039;Assegurances de Lleida\" \/>\n<meta property=\"article:published_time\" content=\"2018-09-14T07:46:41+00:00\" \/>\n<meta property=\"og:image\" content=\"https:\/\/www.cmalleida.com\/wp-content\/uploads\/cmall-lleida-actualitat-autonom762.jpg\" \/>\n\t<meta property=\"og:image:width\" content=\"762\" \/>\n\t<meta property=\"og:image:height\" content=\"762\" \/>\n\t<meta property=\"og:image:type\" content=\"image\/jpeg\" \/>\n<meta name=\"author\" content=\"Col\u00b7legi Mediadors\" \/>\n<meta name=\"twitter:card\" content=\"summary_large_image\" \/>\n<meta name=\"twitter:label1\" content=\"Written by\" \/>\n\t<meta name=\"twitter:data1\" content=\"Col\u00b7legi Mediadors\" \/>\n\t<meta name=\"twitter:label2\" content=\"Est. reading time\" \/>\n\t<meta name=\"twitter:data2\" content=\"5 minutos\" \/>\n<script type=\"application\/ld+json\" class=\"yoast-schema-graph\">{\"@context\":\"https:\/\/schema.org\",\"@graph\":[{\"@type\":\"Article\",\"@id\":\"https:\/\/www.cmalleida.com\/es\/que-cubre-el-seguro-escolar-la-vanguardia\/#article\",\"isPartOf\":{\"@id\":\"https:\/\/www.cmalleida.com\/es\/que-cubre-el-seguro-escolar-la-vanguardia\/\"},\"author\":{\"name\":\"Col\u00b7legi Mediadors\",\"@id\":\"https:\/\/www.cmalleida.com\/es\/#\/schema\/person\/bc84b7874fa5ac8a15c15a050fb3b79c\"},\"headline\":\"\u00bfQu\u00e9 cubre el seguro escolar? (La Vanguardia)\",\"datePublished\":\"2018-09-14T07:46:41+00:00\",\"mainEntityOfPage\":{\"@id\":\"https:\/\/www.cmalleida.com\/es\/que-cubre-el-seguro-escolar-la-vanguardia\/\"},\"wordCount\":953,\"publisher\":{\"@id\":\"https:\/\/www.cmalleida.com\/es\/#organization\"},\"image\":{\"@id\":\"https:\/\/www.cmalleida.com\/es\/que-cubre-el-seguro-escolar-la-vanguardia\/#primaryimage\"},\"thumbnailUrl\":\"https:\/\/www.cmalleida.com\/wp-content\/uploads\/cmall-lleida-actualitat-autonom762.jpg\",\"articleSection\":[\"Actualidad\"],\"inLanguage\":\"es\"},{\"@type\":\"WebPage\",\"@id\":\"https:\/\/www.cmalleida.com\/es\/que-cubre-el-seguro-escolar-la-vanguardia\/\",\"url\":\"https:\/\/www.cmalleida.com\/es\/que-cubre-el-seguro-escolar-la-vanguardia\/\",\"name\":\"\u00bfQu\u00e9 cubre el seguro escolar? (La Vanguardia) - Col\u00b7legi de Mediadors d&#039;Assegurances de Lleida\",\"isPartOf\":{\"@id\":\"https:\/\/www.cmalleida.com\/es\/#website\"},\"primaryImageOfPage\":{\"@id\":\"https:\/\/www.cmalleida.com\/es\/que-cubre-el-seguro-escolar-la-vanguardia\/#primaryimage\"},\"image\":{\"@id\":\"https:\/\/www.cmalleida.com\/es\/que-cubre-el-seguro-escolar-la-vanguardia\/#primaryimage\"},\"thumbnailUrl\":\"https:\/\/www.cmalleida.com\/wp-content\/uploads\/cmall-lleida-actualitat-autonom762.jpg\",\"datePublished\":\"2018-09-14T07:46:41+00:00\",\"breadcrumb\":{\"@id\":\"https:\/\/www.cmalleida.com\/es\/que-cubre-el-seguro-escolar-la-vanguardia\/#breadcrumb\"},\"inLanguage\":\"es\",\"potentialAction\":[{\"@type\":\"ReadAction\",\"target\":[\"https:\/\/www.cmalleida.com\/es\/que-cubre-el-seguro-escolar-la-vanguardia\/\"]}]},{\"@type\":\"ImageObject\",\"inLanguage\":\"es\",\"@id\":\"https:\/\/www.cmalleida.com\/es\/que-cubre-el-seguro-escolar-la-vanguardia\/#primaryimage\",\"url\":\"https:\/\/www.cmalleida.com\/wp-content\/uploads\/cmall-lleida-actualitat-autonom762.jpg\",\"contentUrl\":\"https:\/\/www.cmalleida.com\/wp-content\/uploads\/cmall-lleida-actualitat-autonom762.jpg\",\"width\":762,\"height\":762,\"caption\":\"cmall-lleida-actualitat-AUTONOM762\"},{\"@type\":\"BreadcrumbList\",\"@id\":\"https:\/\/www.cmalleida.com\/es\/que-cubre-el-seguro-escolar-la-vanguardia\/#breadcrumb\",\"itemListElement\":[{\"@type\":\"ListItem\",\"position\":1,\"name\":\"Inici\",\"item\":\"https:\/\/www.cmalleida.com\/es\/\"},{\"@type\":\"ListItem\",\"position\":2,\"name\":\"\u00bfQu\u00e9 cubre el seguro escolar? (La Vanguardia)\"}]},{\"@type\":\"WebSite\",\"@id\":\"https:\/\/www.cmalleida.com\/es\/#website\",\"url\":\"https:\/\/www.cmalleida.com\/es\/\",\"name\":\"Col\u00b7legi de Mediadors d&#039;Assegurances de Lleida\",\"description\":\"Otro sitio realizado con WordPress\",\"publisher\":{\"@id\":\"https:\/\/www.cmalleida.com\/es\/#organization\"},\"potentialAction\":[{\"@type\":\"SearchAction\",\"target\":{\"@type\":\"EntryPoint\",\"urlTemplate\":\"https:\/\/www.cmalleida.com\/es\/?s={search_term_string}\"},\"query-input\":{\"@type\":\"PropertyValueSpecification\",\"valueRequired\":true,\"valueName\":\"search_term_string\"}}],\"inLanguage\":\"es\"},{\"@type\":\"Organization\",\"@id\":\"https:\/\/www.cmalleida.com\/es\/#organization\",\"name\":\"Col\u00b7legi de Mediadors d'Assegurances de Lleida\",\"url\":\"https:\/\/www.cmalleida.com\/es\/\",\"logo\":{\"@type\":\"ImageObject\",\"inLanguage\":\"es\",\"@id\":\"https:\/\/www.cmalleida.com\/es\/#\/schema\/logo\/image\/\",\"url\":\"\",\"contentUrl\":\"\",\"caption\":\"Col\u00b7legi de Mediadors d'Assegurances de Lleida\"},\"image\":{\"@id\":\"https:\/\/www.cmalleida.com\/es\/#\/schema\/logo\/image\/\"}},{\"@type\":\"Person\",\"@id\":\"https:\/\/www.cmalleida.com\/es\/#\/schema\/person\/bc84b7874fa5ac8a15c15a050fb3b79c\",\"name\":\"Col\u00b7legi Mediadors\",\"image\":{\"@type\":\"ImageObject\",\"inLanguage\":\"es\",\"@id\":\"https:\/\/secure.gravatar.com\/avatar\/05a66e0aafde4a91aea6f2c243b0b99b03dac1cca78dc84298f5e7e7ad4dfd33?s=96&d=mm&r=g\",\"url\":\"https:\/\/secure.gravatar.com\/avatar\/05a66e0aafde4a91aea6f2c243b0b99b03dac1cca78dc84298f5e7e7ad4dfd33?s=96&d=mm&r=g\",\"contentUrl\":\"https:\/\/secure.gravatar.com\/avatar\/05a66e0aafde4a91aea6f2c243b0b99b03dac1cca78dc84298f5e7e7ad4dfd33?s=96&d=mm&r=g\",\"caption\":\"Col\u00b7legi Mediadors\"}}]}<\/script>\n<!-- \/ Yoast SEO plugin. -->","yoast_head_json":{"title":"\u00bfQu\u00e9 cubre el seguro escolar? (La Vanguardia) - Col\u00b7legi de Mediadors d&#039;Assegurances de Lleida","robots":{"index":"index","follow":"follow","max-snippet":"max-snippet:-1","max-image-preview":"max-image-preview:large","max-video-preview":"max-video-preview:-1"},"canonical":"https:\/\/www.cmalleida.com\/es\/que-cubre-el-seguro-escolar-la-vanguardia\/","og_locale":"es_ES","og_type":"article","og_title":"\u00bfQu\u00e9 cubre el seguro escolar? (La Vanguardia) - Col\u00b7legi de Mediadors d&#039;Assegurances de Lleida","og_description":"Los centos contratan p\u00f3lizas multirriesgo con coberturas que van desde la reparaci\u00f3n de goteras a la responsabilidad civil en casos de bullying REDACCI\u00d3N Publicado a... Llegeix m\u00e9s","og_url":"https:\/\/www.cmalleida.com\/es\/que-cubre-el-seguro-escolar-la-vanguardia\/","og_site_name":"Col\u00b7legi de Mediadors d&#039;Assegurances de Lleida","article_published_time":"2018-09-14T07:46:41+00:00","og_image":[{"width":762,"height":762,"url":"https:\/\/www.cmalleida.com\/wp-content\/uploads\/cmall-lleida-actualitat-autonom762.jpg","type":"image\/jpeg"}],"author":"Col\u00b7legi Mediadors","twitter_card":"summary_large_image","twitter_misc":{"Written by":"Col\u00b7legi Mediadors","Est. reading time":"5 minutos"},"schema":{"@context":"https:\/\/schema.org","@graph":[{"@type":"Article","@id":"https:\/\/www.cmalleida.com\/es\/que-cubre-el-seguro-escolar-la-vanguardia\/#article","isPartOf":{"@id":"https:\/\/www.cmalleida.com\/es\/que-cubre-el-seguro-escolar-la-vanguardia\/"},"author":{"name":"Col\u00b7legi Mediadors","@id":"https:\/\/www.cmalleida.com\/es\/#\/schema\/person\/bc84b7874fa5ac8a15c15a050fb3b79c"},"headline":"\u00bfQu\u00e9 cubre el seguro escolar? (La Vanguardia)","datePublished":"2018-09-14T07:46:41+00:00","mainEntityOfPage":{"@id":"https:\/\/www.cmalleida.com\/es\/que-cubre-el-seguro-escolar-la-vanguardia\/"},"wordCount":953,"publisher":{"@id":"https:\/\/www.cmalleida.com\/es\/#organization"},"image":{"@id":"https:\/\/www.cmalleida.com\/es\/que-cubre-el-seguro-escolar-la-vanguardia\/#primaryimage"},"thumbnailUrl":"https:\/\/www.cmalleida.com\/wp-content\/uploads\/cmall-lleida-actualitat-autonom762.jpg","articleSection":["Actualidad"],"inLanguage":"es"},{"@type":"WebPage","@id":"https:\/\/www.cmalleida.com\/es\/que-cubre-el-seguro-escolar-la-vanguardia\/","url":"https:\/\/www.cmalleida.com\/es\/que-cubre-el-seguro-escolar-la-vanguardia\/","name":"\u00bfQu\u00e9 cubre el seguro escolar? (La Vanguardia) - Col\u00b7legi de Mediadors d&#039;Assegurances de Lleida","isPartOf":{"@id":"https:\/\/www.cmalleida.com\/es\/#website"},"primaryImageOfPage":{"@id":"https:\/\/www.cmalleida.com\/es\/que-cubre-el-seguro-escolar-la-vanguardia\/#primaryimage"},"image":{"@id":"https:\/\/www.cmalleida.com\/es\/que-cubre-el-seguro-escolar-la-vanguardia\/#primaryimage"},"thumbnailUrl":"https:\/\/www.cmalleida.com\/wp-content\/uploads\/cmall-lleida-actualitat-autonom762.jpg","datePublished":"2018-09-14T07:46:41+00:00","breadcrumb":{"@id":"https:\/\/www.cmalleida.com\/es\/que-cubre-el-seguro-escolar-la-vanguardia\/#breadcrumb"},"inLanguage":"es","potentialAction":[{"@type":"ReadAction","target":["https:\/\/www.cmalleida.com\/es\/que-cubre-el-seguro-escolar-la-vanguardia\/"]}]},{"@type":"ImageObject","inLanguage":"es","@id":"https:\/\/www.cmalleida.com\/es\/que-cubre-el-seguro-escolar-la-vanguardia\/#primaryimage","url":"https:\/\/www.cmalleida.com\/wp-content\/uploads\/cmall-lleida-actualitat-autonom762.jpg","contentUrl":"https:\/\/www.cmalleida.com\/wp-content\/uploads\/cmall-lleida-actualitat-autonom762.jpg","width":762,"height":762,"caption":"cmall-lleida-actualitat-AUTONOM762"},{"@type":"BreadcrumbList","@id":"https:\/\/www.cmalleida.com\/es\/que-cubre-el-seguro-escolar-la-vanguardia\/#breadcrumb","itemListElement":[{"@type":"ListItem","position":1,"name":"Inici","item":"https:\/\/www.cmalleida.com\/es\/"},{"@type":"ListItem","position":2,"name":"\u00bfQu\u00e9 cubre el seguro escolar? (La Vanguardia)"}]},{"@type":"WebSite","@id":"https:\/\/www.cmalleida.com\/es\/#website","url":"https:\/\/www.cmalleida.com\/es\/","name":"Col\u00b7legi de Mediadors d&#039;Assegurances de Lleida","description":"Otro sitio realizado con WordPress","publisher":{"@id":"https:\/\/www.cmalleida.com\/es\/#organization"},"potentialAction":[{"@type":"SearchAction","target":{"@type":"EntryPoint","urlTemplate":"https:\/\/www.cmalleida.com\/es\/?s={search_term_string}"},"query-input":{"@type":"PropertyValueSpecification","valueRequired":true,"valueName":"search_term_string"}}],"inLanguage":"es"},{"@type":"Organization","@id":"https:\/\/www.cmalleida.com\/es\/#organization","name":"Col\u00b7legi de Mediadors d'Assegurances de Lleida","url":"https:\/\/www.cmalleida.com\/es\/","logo":{"@type":"ImageObject","inLanguage":"es","@id":"https:\/\/www.cmalleida.com\/es\/#\/schema\/logo\/image\/","url":"","contentUrl":"","caption":"Col\u00b7legi de Mediadors d'Assegurances de Lleida"},"image":{"@id":"https:\/\/www.cmalleida.com\/es\/#\/schema\/logo\/image\/"}},{"@type":"Person","@id":"https:\/\/www.cmalleida.com\/es\/#\/schema\/person\/bc84b7874fa5ac8a15c15a050fb3b79c","name":"Col\u00b7legi Mediadors","image":{"@type":"ImageObject","inLanguage":"es","@id":"https:\/\/secure.gravatar.com\/avatar\/05a66e0aafde4a91aea6f2c243b0b99b03dac1cca78dc84298f5e7e7ad4dfd33?s=96&d=mm&r=g","url":"https:\/\/secure.gravatar.com\/avatar\/05a66e0aafde4a91aea6f2c243b0b99b03dac1cca78dc84298f5e7e7ad4dfd33?s=96&d=mm&r=g","contentUrl":"https:\/\/secure.gravatar.com\/avatar\/05a66e0aafde4a91aea6f2c243b0b99b03dac1cca78dc84298f5e7e7ad4dfd33?s=96&d=mm&r=g","caption":"Col\u00b7legi Mediadors"}}]}},"_links":{"self":[{"href":"https:\/\/www.cmalleida.com\/es\/wp-json\/wp\/v2\/posts\/3148","targetHints":{"allow":["GET"]}}],"collection":[{"href":"https:\/\/www.cmalleida.com\/es\/wp-json\/wp\/v2\/posts"}],"about":[{"href":"https:\/\/www.cmalleida.com\/es\/wp-json\/wp\/v2\/types\/post"}],"author":[{"embeddable":true,"href":"https:\/\/www.cmalleida.com\/es\/wp-json\/wp\/v2\/users\/3"}],"replies":[{"embeddable":true,"href":"https:\/\/www.cmalleida.com\/es\/wp-json\/wp\/v2\/comments?post=3148"}],"version-history":[{"count":1,"href":"https:\/\/www.cmalleida.com\/es\/wp-json\/wp\/v2\/posts\/3148\/revisions"}],"predecessor-version":[{"id":3149,"href":"https:\/\/www.cmalleida.com\/es\/wp-json\/wp\/v2\/posts\/3148\/revisions\/3149"}],"wp:featuredmedia":[{"embeddable":true,"href":"https:\/\/www.cmalleida.com\/es\/wp-json\/wp\/v2\/media\/1861"}],"wp:attachment":[{"href":"https:\/\/www.cmalleida.com\/es\/wp-json\/wp\/v2\/media?parent=3148"}],"wp:term":[{"taxonomy":"category","embeddable":true,"href":"https:\/\/www.cmalleida.com\/es\/wp-json\/wp\/v2\/categories?post=3148"},{"taxonomy":"post_tag","embeddable":true,"href":"https:\/\/www.cmalleida.com\/es\/wp-json\/wp\/v2\/tags?post=3148"}],"curies":[{"name":"wp","href":"https:\/\/api.w.org\/{rel}","templated":true}]}}