{"id":3134,"date":"2018-09-14T09:42:09","date_gmt":"2018-09-14T07:42:09","guid":{"rendered":"https:\/\/www.cmalleida.com\/?p=3134"},"modified":"2018-09-14T09:58:52","modified_gmt":"2018-09-14T07:58:52","slug":"como-se-aseguran-los-patinetes-electricos-vivo-seguro","status":"publish","type":"post","link":"https:\/\/www.cmalleida.com\/es\/como-se-aseguran-los-patinetes-electricos-vivo-seguro\/","title":{"rendered":"\u00bfC\u00f3mo se aseguran los patinetes el\u00e9ctricos? (Vivo seguro)"},"content":{"rendered":"<h2><em>La actual legislaci\u00f3n no exige un seguro obligatorio, pero cualquier ciudadano debe responder por los da\u00f1os que pueda ocasionar<\/em><\/h2>\n<p>JOAN MORALES Publicado a 12-09-2018 6:46<\/p>\n<p><strong>El patinete el\u00e9ctrico se ha convertido en un veh\u00edculo de moda.<\/strong>\u00a0Cada vez se ven m\u00e1s por las calles de nuestras ciudades. Ese incremento ha ocasionado ya algunos incidentes tanto con peatones como con otros veh\u00edculos que ha obligado a las autoridades a tomar cartas en el asunto.\u00a0<strong>En los \u00faltimos meses, varios ayuntamientos han legislado sobre el uso de los llamados Veh\u00edculos de Movilidad Personal (VMP)<\/strong>\u00a0que engloban al patinete el\u00e9ctrico, la bicicleta el\u00e9ctrica, el<em>\u00a0segway<\/em>\u00a0o el monopat\u00edn el\u00e9ctrico, entre otros. Incluso la Direcci\u00f3n General de Tr\u00e1fico (DGT), seg\u00fan informaciones recientes, se plantea incluir un apartado para este tipo de veh\u00edculos en la futura modificaci\u00f3n de la Ley de Seguridad Vial.\u00a0<strong>La actual legislaci\u00f3n deja en manos de los ayuntamientos la normativa sobre los VMP<\/strong>.<\/p>\n<p><strong>No obstante, en el actual marco legal, cabe preguntarse sobre c\u00f3mo se aseguran estos veh\u00edculos<\/strong>. Como es l\u00f3gico, todo ciudadano debe responder de los da\u00f1os que cause a otro con culpa o negligencia. As\u00ed lo recoge nuestro C\u00f3digo Civil.\u00a0<strong>Es pues indiscutible que deberemos responder de aquellos da\u00f1os que causemos a otros en nuestra condici\u00f3n de ciclistas, de patinadores y tambi\u00e9n, claro est\u00e1, como peatones<\/strong>. Porque, recordemos, no siempre el peat\u00f3n es la v\u00edctima, en ocasiones tambi\u00e9n puede ser el responsable del percance.<\/p>\n<p><strong>Los seguros del hogar con cobertura para el contenido incluyen el aseguramiento de la denominada \u2018Responsabilidad Civil Privada\u2019 o \u2018Familiar\u2019<\/strong>, que garantiza el aseguramiento de la responsabilidad civil por los da\u00f1os y perjuicios que el propietario asegurado y las personas con las que convive puedan causar en actos de su vida privada, tambi\u00e9n fuera del hogar asegurado. Ser\u00edan ejemplos habituales de esta cobertura:<\/p>\n<ul>\n<li>El peat\u00f3n que al abrir un paraguas causa da\u00f1os a otro persona que se cruza con \u00e9l.<\/li>\n<li>El ciclista que atropella y causa da\u00f1os a un peat\u00f3n.<\/li>\n<li>El usuario de un patinete que arrolla a otro usuario de la v\u00eda.<\/li>\n<li>El padre o tutor del menor que al dar una patada a una piedra rompe el faro de un veh\u00edculo.<\/li>\n<li>El practicante de<em>skate<\/em>\u00a0que pierde el control de su monopat\u00edn, que acaba golpeando a alguien.<\/li>\n<\/ul>\n<p>Conviene prestar atenci\u00f3n a lo especificado en el contrato de seguro del hogar respecto a qui\u00e9nes son las personas aseguradas. Nuestro agente o corredor nos ayudar\u00e1 a averiguarlo. Especial cuidado debemos prestar a situaciones como las de los j\u00f3venes mayores de edad que ya no conviven en el domicilio de los padres y quiz\u00e1s no hayan contratado ning\u00fan seguro.<\/p>\n<p>Por el momento, con las normativas actuales,\u00a0<strong>conviene cerciorarse de que nuestro seguro del hogar nos cubre la responsabilidad civil en el uso de medios de locomoci\u00f3n como los mencionados<\/strong>. Si no es as\u00ed, el mercado nos permite\u00a0<strong>contratar seguros de Responsabilidad Civil Privada con suma facilidad y eficacia<\/strong>. Tanto los seguros del hogar como otras ofertas aseguradoras m\u00e1s especializadas pueden facilitarnos coberturas relacionadas con la\u00a0<strong>Defensa y Reclamaci\u00f3n de da\u00f1os<\/strong>\u00a0(seguros y coberturas de Defensa Jur\u00eddica), muy necesarias para el caso de ser v\u00edctimas de un incidente y necesitar asistencia jur\u00eddica en el proceso de reclamaci\u00f3n.<\/p>\n<h3>\u00bfDeben tener seguro obligatorio las bicis el\u00e9ctricas?<\/h3>\n<p><strong>No, si cumplen con las caracter\u00edsticas que legalmente definen a una bicicleta el\u00e9ctrica o \u201ce-bike\u201d<\/strong>\u00a0(Reglamento UE 168\/2013). Entre ellas:<\/p>\n<ul>\n<li>La potencia del motor el\u00e9ctrico no puede superar los 250 w<\/li>\n<li>Solo proporcionar\u00e1 potencia si se pedalea<\/li>\n<li>Velocidad m\u00e1xima con asistencia del motor: 25 km\/h<\/li>\n<\/ul>\n<p>Por el hecho de ir provistas de un motor, puede surgir la duda de si el propietario de una bici el\u00e9ctrica est\u00e1 obligado a contratar un \u2018Seguro Obligatorio de Responsabilidad Civil en la Circulaci\u00f3n de Veh\u00edculos a Motor\u2019, del mismo modo que debe contratarlo el propietario de un ciclomotor.<\/p>\n<p>Como vemos, seg\u00fan la normativa actual, no es necesario el seguro obligatorio de autom\u00f3viles en el caso de las bicis el\u00e9ctricas.<\/p>\n<p><strong>Tampoco ser\u00e1 necesaria la contrataci\u00f3n de un seguro obligatorio de autom\u00f3viles<\/strong>\u00a0en el caso de:<\/p>\n<ul>\n<li>los veh\u00edculos autoequilibrados (plataformas segways y equivalentes).<\/li>\n<li>los veh\u00edculos que carecen de una plaza de asiento como m\u00ednimo (caso de los patinetes el\u00e9ctricos).<\/li>\n<\/ul>\n<p>&nbsp;<\/p>\n","protected":false},"excerpt":{"rendered":"<p>La actual legislaci\u00f3n no exige un seguro obligatorio, pero cualquier ciudadano debe responder por los da\u00f1os que pueda ocasionar JOAN MORALES Publicado a 12-09-2018 6:46&#8230; <a href=\"https:\/\/www.cmalleida.com\/es\/como-se-aseguran-los-patinetes-electricos-vivo-seguro\/\" rel=\"nofollow\" class=\"lollegirmes\">Llegeix m\u00e9s<\/a><\/p>\n","protected":false},"author":3,"featured_media":1784,"comment_status":"closed","ping_status":"closed","sticky":false,"template":"","format":"standard","meta":{"_acf_changed":false,"_genesis_hide_title":false,"_genesis_hide_breadcrumbs":false,"_genesis_hide_singular_image":false,"_genesis_hide_footer_widgets":false,"_genesis_custom_body_class":"","_genesis_custom_post_class":"","_genesis_layout":"","footnotes":""},"categories":[28],"tags":[],"class_list":{"0":"post-3134","1":"post","2":"type-post","3":"status-publish","4":"format-standard","5":"has-post-thumbnail","7":"category-actualidad","8":"entry"},"acf":[],"yoast_head":"<!-- This site is optimized with the Yoast SEO plugin v27.2 - https:\/\/yoast.com\/product\/yoast-seo-wordpress\/ -->\n<title>\u00bfC\u00f3mo se aseguran los patinetes el\u00e9ctricos? (Vivo seguro) - Col\u00b7legi de Mediadors d&#039;Assegurances de Lleida<\/title>\n<meta name=\"robots\" content=\"index, follow, max-snippet:-1, max-image-preview:large, max-video-preview:-1\" \/>\n<link rel=\"canonical\" href=\"https:\/\/www.cmalleida.com\/es\/como-se-aseguran-los-patinetes-electricos-vivo-seguro\/\" \/>\n<meta property=\"og:locale\" content=\"es_ES\" \/>\n<meta property=\"og:type\" content=\"article\" \/>\n<meta property=\"og:title\" content=\"\u00bfC\u00f3mo se aseguran los patinetes el\u00e9ctricos? (Vivo seguro) - Col\u00b7legi de Mediadors d&#039;Assegurances de Lleida\" \/>\n<meta property=\"og:description\" content=\"La actual legislaci\u00f3n no exige un seguro obligatorio, pero cualquier ciudadano debe responder por los da\u00f1os que pueda ocasionar JOAN MORALES Publicado a 12-09-2018 6:46... Llegeix m\u00e9s\" \/>\n<meta property=\"og:url\" content=\"https:\/\/www.cmalleida.com\/es\/como-se-aseguran-los-patinetes-electricos-vivo-seguro\/\" \/>\n<meta property=\"og:site_name\" content=\"Col\u00b7legi de Mediadors d&#039;Assegurances de Lleida\" \/>\n<meta property=\"article:published_time\" content=\"2018-09-14T07:42:09+00:00\" \/>\n<meta property=\"article:modified_time\" content=\"2018-09-14T07:58:52+00:00\" \/>\n<meta property=\"og:image\" content=\"https:\/\/www.cmalleida.com\/wp-content\/uploads\/cmall-lleida-actualitat-fiscal.jpg\" \/>\n\t<meta property=\"og:image:width\" content=\"762\" \/>\n\t<meta property=\"og:image:height\" content=\"762\" \/>\n\t<meta property=\"og:image:type\" content=\"image\/jpeg\" \/>\n<meta name=\"author\" content=\"Col\u00b7legi Mediadors\" \/>\n<meta name=\"twitter:card\" content=\"summary_large_image\" \/>\n<meta name=\"twitter:label1\" content=\"Written by\" \/>\n\t<meta name=\"twitter:data1\" content=\"Col\u00b7legi Mediadors\" \/>\n\t<meta name=\"twitter:label2\" content=\"Est. reading time\" \/>\n\t<meta name=\"twitter:data2\" content=\"4 minutos\" \/>\n<script type=\"application\/ld+json\" class=\"yoast-schema-graph\">{\"@context\":\"https:\/\/schema.org\",\"@graph\":[{\"@type\":\"Article\",\"@id\":\"https:\/\/www.cmalleida.com\/es\/como-se-aseguran-los-patinetes-electricos-vivo-seguro\/#article\",\"isPartOf\":{\"@id\":\"https:\/\/www.cmalleida.com\/es\/como-se-aseguran-los-patinetes-electricos-vivo-seguro\/\"},\"author\":{\"name\":\"Col\u00b7legi Mediadors\",\"@id\":\"https:\/\/www.cmalleida.com\/es\/#\/schema\/person\/bc84b7874fa5ac8a15c15a050fb3b79c\"},\"headline\":\"\u00bfC\u00f3mo se aseguran los patinetes el\u00e9ctricos? (Vivo seguro)\",\"datePublished\":\"2018-09-14T07:42:09+00:00\",\"dateModified\":\"2018-09-14T07:58:52+00:00\",\"mainEntityOfPage\":{\"@id\":\"https:\/\/www.cmalleida.com\/es\/como-se-aseguran-los-patinetes-electricos-vivo-seguro\/\"},\"wordCount\":766,\"publisher\":{\"@id\":\"https:\/\/www.cmalleida.com\/es\/#organization\"},\"image\":{\"@id\":\"https:\/\/www.cmalleida.com\/es\/como-se-aseguran-los-patinetes-electricos-vivo-seguro\/#primaryimage\"},\"thumbnailUrl\":\"https:\/\/www.cmalleida.com\/wp-content\/uploads\/cmall-lleida-actualitat-fiscal.jpg\",\"articleSection\":[\"Actualidad\"],\"inLanguage\":\"es\"},{\"@type\":\"WebPage\",\"@id\":\"https:\/\/www.cmalleida.com\/es\/como-se-aseguran-los-patinetes-electricos-vivo-seguro\/\",\"url\":\"https:\/\/www.cmalleida.com\/es\/como-se-aseguran-los-patinetes-electricos-vivo-seguro\/\",\"name\":\"\u00bfC\u00f3mo se aseguran los patinetes el\u00e9ctricos? (Vivo seguro) - Col\u00b7legi de Mediadors d&#039;Assegurances de Lleida\",\"isPartOf\":{\"@id\":\"https:\/\/www.cmalleida.com\/es\/#website\"},\"primaryImageOfPage\":{\"@id\":\"https:\/\/www.cmalleida.com\/es\/como-se-aseguran-los-patinetes-electricos-vivo-seguro\/#primaryimage\"},\"image\":{\"@id\":\"https:\/\/www.cmalleida.com\/es\/como-se-aseguran-los-patinetes-electricos-vivo-seguro\/#primaryimage\"},\"thumbnailUrl\":\"https:\/\/www.cmalleida.com\/wp-content\/uploads\/cmall-lleida-actualitat-fiscal.jpg\",\"datePublished\":\"2018-09-14T07:42:09+00:00\",\"dateModified\":\"2018-09-14T07:58:52+00:00\",\"breadcrumb\":{\"@id\":\"https:\/\/www.cmalleida.com\/es\/como-se-aseguran-los-patinetes-electricos-vivo-seguro\/#breadcrumb\"},\"inLanguage\":\"es\",\"potentialAction\":[{\"@type\":\"ReadAction\",\"target\":[\"https:\/\/www.cmalleida.com\/es\/como-se-aseguran-los-patinetes-electricos-vivo-seguro\/\"]}]},{\"@type\":\"ImageObject\",\"inLanguage\":\"es\",\"@id\":\"https:\/\/www.cmalleida.com\/es\/como-se-aseguran-los-patinetes-electricos-vivo-seguro\/#primaryimage\",\"url\":\"https:\/\/www.cmalleida.com\/wp-content\/uploads\/cmall-lleida-actualitat-fiscal.jpg\",\"contentUrl\":\"https:\/\/www.cmalleida.com\/wp-content\/uploads\/cmall-lleida-actualitat-fiscal.jpg\",\"width\":762,\"height\":762,\"caption\":\"cmall-lleida-actualitat-fiscal\"},{\"@type\":\"BreadcrumbList\",\"@id\":\"https:\/\/www.cmalleida.com\/es\/como-se-aseguran-los-patinetes-electricos-vivo-seguro\/#breadcrumb\",\"itemListElement\":[{\"@type\":\"ListItem\",\"position\":1,\"name\":\"Inici\",\"item\":\"https:\/\/www.cmalleida.com\/es\/\"},{\"@type\":\"ListItem\",\"position\":2,\"name\":\"\u00bfC\u00f3mo se aseguran los patinetes el\u00e9ctricos? (Vivo seguro)\"}]},{\"@type\":\"WebSite\",\"@id\":\"https:\/\/www.cmalleida.com\/es\/#website\",\"url\":\"https:\/\/www.cmalleida.com\/es\/\",\"name\":\"Col\u00b7legi de Mediadors d&#039;Assegurances de Lleida\",\"description\":\"Otro sitio realizado con WordPress\",\"publisher\":{\"@id\":\"https:\/\/www.cmalleida.com\/es\/#organization\"},\"potentialAction\":[{\"@type\":\"SearchAction\",\"target\":{\"@type\":\"EntryPoint\",\"urlTemplate\":\"https:\/\/www.cmalleida.com\/es\/?s={search_term_string}\"},\"query-input\":{\"@type\":\"PropertyValueSpecification\",\"valueRequired\":true,\"valueName\":\"search_term_string\"}}],\"inLanguage\":\"es\"},{\"@type\":\"Organization\",\"@id\":\"https:\/\/www.cmalleida.com\/es\/#organization\",\"name\":\"Col\u00b7legi de Mediadors d'Assegurances de Lleida\",\"url\":\"https:\/\/www.cmalleida.com\/es\/\",\"logo\":{\"@type\":\"ImageObject\",\"inLanguage\":\"es\",\"@id\":\"https:\/\/www.cmalleida.com\/es\/#\/schema\/logo\/image\/\",\"url\":\"\",\"contentUrl\":\"\",\"caption\":\"Col\u00b7legi de Mediadors d'Assegurances de Lleida\"},\"image\":{\"@id\":\"https:\/\/www.cmalleida.com\/es\/#\/schema\/logo\/image\/\"}},{\"@type\":\"Person\",\"@id\":\"https:\/\/www.cmalleida.com\/es\/#\/schema\/person\/bc84b7874fa5ac8a15c15a050fb3b79c\",\"name\":\"Col\u00b7legi Mediadors\",\"image\":{\"@type\":\"ImageObject\",\"inLanguage\":\"es\",\"@id\":\"https:\/\/secure.gravatar.com\/avatar\/05a66e0aafde4a91aea6f2c243b0b99b03dac1cca78dc84298f5e7e7ad4dfd33?s=96&d=mm&r=g\",\"url\":\"https:\/\/secure.gravatar.com\/avatar\/05a66e0aafde4a91aea6f2c243b0b99b03dac1cca78dc84298f5e7e7ad4dfd33?s=96&d=mm&r=g\",\"contentUrl\":\"https:\/\/secure.gravatar.com\/avatar\/05a66e0aafde4a91aea6f2c243b0b99b03dac1cca78dc84298f5e7e7ad4dfd33?s=96&d=mm&r=g\",\"caption\":\"Col\u00b7legi Mediadors\"}}]}<\/script>\n<!-- \/ Yoast SEO plugin. -->","yoast_head_json":{"title":"\u00bfC\u00f3mo se aseguran los patinetes el\u00e9ctricos? (Vivo seguro) - Col\u00b7legi de Mediadors d&#039;Assegurances de Lleida","robots":{"index":"index","follow":"follow","max-snippet":"max-snippet:-1","max-image-preview":"max-image-preview:large","max-video-preview":"max-video-preview:-1"},"canonical":"https:\/\/www.cmalleida.com\/es\/como-se-aseguran-los-patinetes-electricos-vivo-seguro\/","og_locale":"es_ES","og_type":"article","og_title":"\u00bfC\u00f3mo se aseguran los patinetes el\u00e9ctricos? (Vivo seguro) - Col\u00b7legi de Mediadors d&#039;Assegurances de Lleida","og_description":"La actual legislaci\u00f3n no exige un seguro obligatorio, pero cualquier ciudadano debe responder por los da\u00f1os que pueda ocasionar JOAN MORALES Publicado a 12-09-2018 6:46... Llegeix m\u00e9s","og_url":"https:\/\/www.cmalleida.com\/es\/como-se-aseguran-los-patinetes-electricos-vivo-seguro\/","og_site_name":"Col\u00b7legi de Mediadors d&#039;Assegurances de Lleida","article_published_time":"2018-09-14T07:42:09+00:00","article_modified_time":"2018-09-14T07:58:52+00:00","og_image":[{"width":762,"height":762,"url":"https:\/\/www.cmalleida.com\/wp-content\/uploads\/cmall-lleida-actualitat-fiscal.jpg","type":"image\/jpeg"}],"author":"Col\u00b7legi Mediadors","twitter_card":"summary_large_image","twitter_misc":{"Written by":"Col\u00b7legi Mediadors","Est. reading time":"4 minutos"},"schema":{"@context":"https:\/\/schema.org","@graph":[{"@type":"Article","@id":"https:\/\/www.cmalleida.com\/es\/como-se-aseguran-los-patinetes-electricos-vivo-seguro\/#article","isPartOf":{"@id":"https:\/\/www.cmalleida.com\/es\/como-se-aseguran-los-patinetes-electricos-vivo-seguro\/"},"author":{"name":"Col\u00b7legi Mediadors","@id":"https:\/\/www.cmalleida.com\/es\/#\/schema\/person\/bc84b7874fa5ac8a15c15a050fb3b79c"},"headline":"\u00bfC\u00f3mo se aseguran los patinetes el\u00e9ctricos? (Vivo seguro)","datePublished":"2018-09-14T07:42:09+00:00","dateModified":"2018-09-14T07:58:52+00:00","mainEntityOfPage":{"@id":"https:\/\/www.cmalleida.com\/es\/como-se-aseguran-los-patinetes-electricos-vivo-seguro\/"},"wordCount":766,"publisher":{"@id":"https:\/\/www.cmalleida.com\/es\/#organization"},"image":{"@id":"https:\/\/www.cmalleida.com\/es\/como-se-aseguran-los-patinetes-electricos-vivo-seguro\/#primaryimage"},"thumbnailUrl":"https:\/\/www.cmalleida.com\/wp-content\/uploads\/cmall-lleida-actualitat-fiscal.jpg","articleSection":["Actualidad"],"inLanguage":"es"},{"@type":"WebPage","@id":"https:\/\/www.cmalleida.com\/es\/como-se-aseguran-los-patinetes-electricos-vivo-seguro\/","url":"https:\/\/www.cmalleida.com\/es\/como-se-aseguran-los-patinetes-electricos-vivo-seguro\/","name":"\u00bfC\u00f3mo se aseguran los patinetes el\u00e9ctricos? (Vivo seguro) - Col\u00b7legi de Mediadors d&#039;Assegurances de Lleida","isPartOf":{"@id":"https:\/\/www.cmalleida.com\/es\/#website"},"primaryImageOfPage":{"@id":"https:\/\/www.cmalleida.com\/es\/como-se-aseguran-los-patinetes-electricos-vivo-seguro\/#primaryimage"},"image":{"@id":"https:\/\/www.cmalleida.com\/es\/como-se-aseguran-los-patinetes-electricos-vivo-seguro\/#primaryimage"},"thumbnailUrl":"https:\/\/www.cmalleida.com\/wp-content\/uploads\/cmall-lleida-actualitat-fiscal.jpg","datePublished":"2018-09-14T07:42:09+00:00","dateModified":"2018-09-14T07:58:52+00:00","breadcrumb":{"@id":"https:\/\/www.cmalleida.com\/es\/como-se-aseguran-los-patinetes-electricos-vivo-seguro\/#breadcrumb"},"inLanguage":"es","potentialAction":[{"@type":"ReadAction","target":["https:\/\/www.cmalleida.com\/es\/como-se-aseguran-los-patinetes-electricos-vivo-seguro\/"]}]},{"@type":"ImageObject","inLanguage":"es","@id":"https:\/\/www.cmalleida.com\/es\/como-se-aseguran-los-patinetes-electricos-vivo-seguro\/#primaryimage","url":"https:\/\/www.cmalleida.com\/wp-content\/uploads\/cmall-lleida-actualitat-fiscal.jpg","contentUrl":"https:\/\/www.cmalleida.com\/wp-content\/uploads\/cmall-lleida-actualitat-fiscal.jpg","width":762,"height":762,"caption":"cmall-lleida-actualitat-fiscal"},{"@type":"BreadcrumbList","@id":"https:\/\/www.cmalleida.com\/es\/como-se-aseguran-los-patinetes-electricos-vivo-seguro\/#breadcrumb","itemListElement":[{"@type":"ListItem","position":1,"name":"Inici","item":"https:\/\/www.cmalleida.com\/es\/"},{"@type":"ListItem","position":2,"name":"\u00bfC\u00f3mo se aseguran los patinetes el\u00e9ctricos? (Vivo seguro)"}]},{"@type":"WebSite","@id":"https:\/\/www.cmalleida.com\/es\/#website","url":"https:\/\/www.cmalleida.com\/es\/","name":"Col\u00b7legi de Mediadors d&#039;Assegurances de Lleida","description":"Otro sitio realizado con WordPress","publisher":{"@id":"https:\/\/www.cmalleida.com\/es\/#organization"},"potentialAction":[{"@type":"SearchAction","target":{"@type":"EntryPoint","urlTemplate":"https:\/\/www.cmalleida.com\/es\/?s={search_term_string}"},"query-input":{"@type":"PropertyValueSpecification","valueRequired":true,"valueName":"search_term_string"}}],"inLanguage":"es"},{"@type":"Organization","@id":"https:\/\/www.cmalleida.com\/es\/#organization","name":"Col\u00b7legi de Mediadors d'Assegurances de Lleida","url":"https:\/\/www.cmalleida.com\/es\/","logo":{"@type":"ImageObject","inLanguage":"es","@id":"https:\/\/www.cmalleida.com\/es\/#\/schema\/logo\/image\/","url":"","contentUrl":"","caption":"Col\u00b7legi de Mediadors d'Assegurances de Lleida"},"image":{"@id":"https:\/\/www.cmalleida.com\/es\/#\/schema\/logo\/image\/"}},{"@type":"Person","@id":"https:\/\/www.cmalleida.com\/es\/#\/schema\/person\/bc84b7874fa5ac8a15c15a050fb3b79c","name":"Col\u00b7legi Mediadors","image":{"@type":"ImageObject","inLanguage":"es","@id":"https:\/\/secure.gravatar.com\/avatar\/05a66e0aafde4a91aea6f2c243b0b99b03dac1cca78dc84298f5e7e7ad4dfd33?s=96&d=mm&r=g","url":"https:\/\/secure.gravatar.com\/avatar\/05a66e0aafde4a91aea6f2c243b0b99b03dac1cca78dc84298f5e7e7ad4dfd33?s=96&d=mm&r=g","contentUrl":"https:\/\/secure.gravatar.com\/avatar\/05a66e0aafde4a91aea6f2c243b0b99b03dac1cca78dc84298f5e7e7ad4dfd33?s=96&d=mm&r=g","caption":"Col\u00b7legi Mediadors"}}]}},"_links":{"self":[{"href":"https:\/\/www.cmalleida.com\/es\/wp-json\/wp\/v2\/posts\/3134","targetHints":{"allow":["GET"]}}],"collection":[{"href":"https:\/\/www.cmalleida.com\/es\/wp-json\/wp\/v2\/posts"}],"about":[{"href":"https:\/\/www.cmalleida.com\/es\/wp-json\/wp\/v2\/types\/post"}],"author":[{"embeddable":true,"href":"https:\/\/www.cmalleida.com\/es\/wp-json\/wp\/v2\/users\/3"}],"replies":[{"embeddable":true,"href":"https:\/\/www.cmalleida.com\/es\/wp-json\/wp\/v2\/comments?post=3134"}],"version-history":[{"count":1,"href":"https:\/\/www.cmalleida.com\/es\/wp-json\/wp\/v2\/posts\/3134\/revisions"}],"predecessor-version":[{"id":3135,"href":"https:\/\/www.cmalleida.com\/es\/wp-json\/wp\/v2\/posts\/3134\/revisions\/3135"}],"wp:featuredmedia":[{"embeddable":true,"href":"https:\/\/www.cmalleida.com\/es\/wp-json\/wp\/v2\/media\/1784"}],"wp:attachment":[{"href":"https:\/\/www.cmalleida.com\/es\/wp-json\/wp\/v2\/media?parent=3134"}],"wp:term":[{"taxonomy":"category","embeddable":true,"href":"https:\/\/www.cmalleida.com\/es\/wp-json\/wp\/v2\/categories?post=3134"},{"taxonomy":"post_tag","embeddable":true,"href":"https:\/\/www.cmalleida.com\/es\/wp-json\/wp\/v2\/tags?post=3134"}],"curies":[{"name":"wp","href":"https:\/\/api.w.org\/{rel}","templated":true}]}}