{"id":3118,"date":"2018-09-07T09:36:49","date_gmt":"2018-09-07T07:36:49","guid":{"rendered":"https:\/\/www.cmalleida.com\/?p=3118"},"modified":"2018-09-07T09:36:49","modified_gmt":"2018-09-07T07:36:49","slug":"es-posible-que-un-seguro-de-vida-se-quede-sin-cobrar-la-vanguardia","status":"publish","type":"post","link":"https:\/\/www.cmalleida.com\/es\/es-posible-que-un-seguro-de-vida-se-quede-sin-cobrar-la-vanguardia\/","title":{"rendered":"\u00bfEs posible que un seguro de vida se quede sin cobrar? (La Vanguardia)"},"content":{"rendered":"<p><em>La creaci\u00f3n del Registro de contratos de seguro de cobertura de fallecimiento permite a los herederos saber si el difunto ten\u00eda contratada una p\u00f3liza de estas caracter\u00edsticas\u00a0<\/em><\/p>\n<p>JORDI PARRILLA Publicado a 6-09-2018 3:44<\/p>\n<p>Hasta hace unos a\u00f1os, que tras la muerte de una persona quedaran seguros con cobertura de fallecimiento sin cobrar por parte de herederos o beneficiarios era desgraciadamente una posibilidad m\u00e1s que real. Si no se sab\u00eda que el difunto hab\u00eda contratado o era asegurado en alguna modalidad de seguro que garantizase esa contingencia, ya fuese por enfermedad o accidente, lo m\u00e1s probable era que nunca se llegara a cobrar.<\/p>\n<p>Pero las cosas han cambiado. La creaci\u00f3n del\u00a0<strong>Registro de contratos de seguro de cobertura de fallecimiento<\/strong>, dependiente del Ministerio de Justicia, ha sido en este sentido una aportaci\u00f3n muy importante para evitar este tipo de situaciones. Los herederos pueden consultar este archivo para saber si el difunto hab\u00eda contratado alg\u00fan seguro de vida.<\/p>\n<p>Todo el mundo tiene presente si ha contratado de manera voluntaria un seguro de vida o accidentes, y probablemente guarda una copia del contrato. Pero, \u00bfconocemos realmente la cantidad de situaciones en nuestra vida cotidiana en las que podemos estar asegurados bajo una cobertura de este tipo, sin que seamos plenamente conscientes de ello?<\/p>\n<p>En Espa\u00f1a en 2017, seg\u00fan informa en su memoria la patronal UNESPA, solo en seguros individuales de vida sin tener en cuenta los colectivos, hab\u00eda m\u00e1s de 22 millones de asegurados de los cuales aproximadamente la mitad aseguraban cobertura de fallecimiento e invalidez (es posible que est\u00e9 contabilizado que un mismo asegurado tenga m\u00e1s de un contrato), y el n\u00famero de personas fallecidas que generaron una indemnizaci\u00f3n del seguro de vida se situ\u00f3 en torno a las 51.000.<\/p>\n<h3>No siempre estamos hablando de cantidades importantes<\/h3>\n<p>Veamos tres ejemplos de coberturas para caso de fallecimiento que pueden pasar desapercibidas por familiares y allegados del difunto.<\/p>\n<ul>\n<li>Es posible que cuando viajamos en un veh\u00edculo \u00e9ste tenga contratada la cobertura de seguro de accidente de los ocupantes (no debe confundirse con la Responsabilidad Civil del conductor).<\/li>\n<li>O el caso del pago de un viaje con la tarjeta de cr\u00e9dito de una entidad financiera, que incorpora un seguro de accidentes.<\/li>\n<li>Si desarrollamos una actividad laboral como asalariados, es probable que esta est\u00e9 regulada por un convenio colectivo que incluye un seguro de vida o accidente.<\/li>\n<\/ul>\n<h3>\u00bfQu\u00e9 seguros incluye?<\/h3>\n<ul>\n<li>Los<strong>seguros de vida<\/strong>, sean p\u00f3lizas individuales o colectivas, con cobertura de fallecimiento.<\/li>\n<li>Los<strong>seguros de accidentes<\/strong>, sean p\u00f3lizas individuales o colectivas, en los que se\u00a0<strong>cubra la contingencia de la muerte del asegurado<\/strong>.<\/li>\n<\/ul>\n<p>Sin embargo,<strong>\u00a0la gran variedad de seguros que pueden incorporar estas garant\u00edas es muy grande<\/strong>, y por lo tanto la casuistica muy variada. Por eso el legislador ha hecho especial hincapi\u00e9 en que deben incluirse los seguros colectivos, en donde muchas veces no se identifican a los asegurados nominativamente, sino por su pertenencia a ese colectivo. (Los Seguros de vida o accidente de convenio laboral, o los de ocupantes de veh\u00edculos, mencionados m\u00e1s arriba son dos ejemplos evidentes).<\/p>\n<p>Y para disipar posibles dudas, establece que en los casos en los que la identificaci\u00f3n del asegurado no sea posible hasta que se produce el fallecimiento, las aseguradoras no quedan eximidas de su responsabilidad, y a\u00fan as\u00ed deben remitir al Registro los datos cuando una vez se haya producido el siniestro (fallecimiento), se tenga conocimiento de la identidad.<\/p>\n<p>Es decir, aunque sea\u00a0<em>a posteriori<\/em>. Sin embargo, como es l\u00f3gico, ser\u00e1 necesario que alguien declare dicho siniestro a la aseguradora. Es posiblemente una de las pocas v\u00edas que hipot\u00e9ticamente podr\u00edan quedar abiertas a que puedan darse casos en los que dejen de reclamarse estas coberturas.<\/p>\n<h3>\u00bfQu\u00e9 informaci\u00f3n aparece?<\/h3>\n<ul>\n<li><strong>Del asegurado:<\/strong>Nombre y apellidos y n\u00famero de DNI o del documento que acredite la identidad que en cada caso corresponda.<\/li>\n<li><strong>De la aseguradora:<\/strong>Denominaci\u00f3n social, domicilio, CIF, clave administrativa que la identifica como autorizada a operar en Espa\u00f1a.<\/li>\n<li><strong>Del contrato de seguro:<\/strong>N\u00famero de contrato y tipo de cobertura.<\/li>\n<\/ul>\n<p>A efectos de protecci\u00f3n de datos, se regulan los distintos derechos (acceso, rectificaci\u00f3n, cancelaci\u00f3n, oposici\u00f3n, etc).<\/p>\n<h3>\u00bfQui\u00e9n y c\u00f3mo se puede acceder a la informaci\u00f3n?<\/h3>\n<p>Cualquier persona interesada, aportando el certificado de defunci\u00f3n, a partir de los 15 d\u00edas del fallecimiento y hasta pasados 5 a\u00f1os.<\/p>\n<h3>\u00bfY qui\u00e9nes son considerados interesados?<\/h3>\n<p>La normativa opta por\u00a0<strong>un criterio amplio<\/strong>, ya que el inter\u00e9s se presume por el hecho de solicitar la informaci\u00f3n del Registro.<br \/>\nSe puede acceder de forma presencial, por correo, internet o a trav\u00e9s del certificado digital. Adem\u00e1s del certificado de defunci\u00f3n, es necesario pagar la tasa correspondiente.<\/p>\n<h3>El papel de los notarios<\/h3>\n<p>La normativa obliga a los notarios que vayan a autorizar una escritura de adjudicaci\u00f3n o participaci\u00f3n de herencia a incorporar el certificado del Registro de seguros de la persona fallecida, y en caso de que existan seguros, deben advertir a los posibles interesados.<\/p>\n<p>Sin duda la entrada en funcionamiento del\u00a0<strong>Registro de contratos de seguro de cobertura de fallecimiento<\/strong>\u00a0en junio de 2007 ha supuesto una evidente mejora social como\u00a0<strong>herramienta facilitadora de la informaci\u00f3n que precisan los familiares y allegados de los asegurados<\/strong>\u00a0en p\u00f3lizas con cobertura de fallecimiento.<\/p>\n<p>&nbsp;<\/p>\n","protected":false},"excerpt":{"rendered":"<p>La creaci\u00f3n del Registro de contratos de seguro de cobertura de fallecimiento permite a los herederos saber si el difunto ten\u00eda contratada una p\u00f3liza de&#8230; <a href=\"https:\/\/www.cmalleida.com\/es\/es-posible-que-un-seguro-de-vida-se-quede-sin-cobrar-la-vanguardia\/\" rel=\"nofollow\" class=\"lollegirmes\">Llegeix m\u00e9s<\/a><\/p>\n","protected":false},"author":3,"featured_media":1867,"comment_status":"closed","ping_status":"closed","sticky":false,"template":"","format":"standard","meta":{"_acf_changed":false,"_genesis_hide_title":false,"_genesis_hide_breadcrumbs":false,"_genesis_hide_singular_image":false,"_genesis_hide_footer_widgets":false,"_genesis_custom_body_class":"","_genesis_custom_post_class":"","_genesis_layout":"","footnotes":""},"categories":[28],"tags":[],"class_list":{"0":"post-3118","1":"post","2":"type-post","3":"status-publish","4":"format-standard","5":"has-post-thumbnail","7":"category-actualidad","8":"entry"},"acf":[],"yoast_head":"<!-- This site is optimized with the Yoast SEO plugin v27.2 - https:\/\/yoast.com\/product\/yoast-seo-wordpress\/ -->\n<title>\u00bfEs posible que un seguro de vida se quede sin cobrar? (La Vanguardia) - Col\u00b7legi de Mediadors d&#039;Assegurances de Lleida<\/title>\n<meta name=\"robots\" content=\"index, follow, max-snippet:-1, max-image-preview:large, max-video-preview:-1\" \/>\n<link rel=\"canonical\" href=\"https:\/\/www.cmalleida.com\/es\/es-posible-que-un-seguro-de-vida-se-quede-sin-cobrar-la-vanguardia\/\" \/>\n<meta property=\"og:locale\" content=\"es_ES\" \/>\n<meta property=\"og:type\" content=\"article\" \/>\n<meta property=\"og:title\" content=\"\u00bfEs posible que un seguro de vida se quede sin cobrar? (La Vanguardia) - Col\u00b7legi de Mediadors d&#039;Assegurances de Lleida\" \/>\n<meta property=\"og:description\" content=\"La creaci\u00f3n del Registro de contratos de seguro de cobertura de fallecimiento permite a los herederos saber si el difunto ten\u00eda contratada una p\u00f3liza de... Llegeix m\u00e9s\" \/>\n<meta property=\"og:url\" content=\"https:\/\/www.cmalleida.com\/es\/es-posible-que-un-seguro-de-vida-se-quede-sin-cobrar-la-vanguardia\/\" \/>\n<meta property=\"og:site_name\" content=\"Col\u00b7legi de Mediadors d&#039;Assegurances de Lleida\" \/>\n<meta property=\"article:published_time\" content=\"2018-09-07T07:36:49+00:00\" \/>\n<meta property=\"og:image\" content=\"https:\/\/www.cmalleida.com\/wp-content\/uploads\/cmall-lleida-actualitat-calcula762-1.jpg\" \/>\n\t<meta property=\"og:image:width\" content=\"762\" \/>\n\t<meta property=\"og:image:height\" content=\"762\" \/>\n\t<meta property=\"og:image:type\" content=\"image\/jpeg\" \/>\n<meta name=\"author\" content=\"Col\u00b7legi Mediadors\" \/>\n<meta name=\"twitter:card\" content=\"summary_large_image\" \/>\n<meta name=\"twitter:label1\" content=\"Written by\" \/>\n\t<meta name=\"twitter:data1\" content=\"Col\u00b7legi Mediadors\" \/>\n\t<meta name=\"twitter:label2\" content=\"Est. reading time\" \/>\n\t<meta name=\"twitter:data2\" content=\"5 minutos\" \/>\n<script type=\"application\/ld+json\" class=\"yoast-schema-graph\">{\"@context\":\"https:\/\/schema.org\",\"@graph\":[{\"@type\":\"Article\",\"@id\":\"https:\/\/www.cmalleida.com\/es\/es-posible-que-un-seguro-de-vida-se-quede-sin-cobrar-la-vanguardia\/#article\",\"isPartOf\":{\"@id\":\"https:\/\/www.cmalleida.com\/es\/es-posible-que-un-seguro-de-vida-se-quede-sin-cobrar-la-vanguardia\/\"},\"author\":{\"name\":\"Col\u00b7legi Mediadors\",\"@id\":\"https:\/\/www.cmalleida.com\/es\/#\/schema\/person\/bc84b7874fa5ac8a15c15a050fb3b79c\"},\"headline\":\"\u00bfEs posible que un seguro de vida se quede sin cobrar? (La Vanguardia)\",\"datePublished\":\"2018-09-07T07:36:49+00:00\",\"mainEntityOfPage\":{\"@id\":\"https:\/\/www.cmalleida.com\/es\/es-posible-que-un-seguro-de-vida-se-quede-sin-cobrar-la-vanguardia\/\"},\"wordCount\":921,\"publisher\":{\"@id\":\"https:\/\/www.cmalleida.com\/es\/#organization\"},\"image\":{\"@id\":\"https:\/\/www.cmalleida.com\/es\/es-posible-que-un-seguro-de-vida-se-quede-sin-cobrar-la-vanguardia\/#primaryimage\"},\"thumbnailUrl\":\"https:\/\/www.cmalleida.com\/wp-content\/uploads\/cmall-lleida-actualitat-calcula762-1.jpg\",\"articleSection\":[\"Actualidad\"],\"inLanguage\":\"es\"},{\"@type\":\"WebPage\",\"@id\":\"https:\/\/www.cmalleida.com\/es\/es-posible-que-un-seguro-de-vida-se-quede-sin-cobrar-la-vanguardia\/\",\"url\":\"https:\/\/www.cmalleida.com\/es\/es-posible-que-un-seguro-de-vida-se-quede-sin-cobrar-la-vanguardia\/\",\"name\":\"\u00bfEs posible que un seguro de vida se quede sin cobrar? (La Vanguardia) - Col\u00b7legi de Mediadors d&#039;Assegurances de Lleida\",\"isPartOf\":{\"@id\":\"https:\/\/www.cmalleida.com\/es\/#website\"},\"primaryImageOfPage\":{\"@id\":\"https:\/\/www.cmalleida.com\/es\/es-posible-que-un-seguro-de-vida-se-quede-sin-cobrar-la-vanguardia\/#primaryimage\"},\"image\":{\"@id\":\"https:\/\/www.cmalleida.com\/es\/es-posible-que-un-seguro-de-vida-se-quede-sin-cobrar-la-vanguardia\/#primaryimage\"},\"thumbnailUrl\":\"https:\/\/www.cmalleida.com\/wp-content\/uploads\/cmall-lleida-actualitat-calcula762-1.jpg\",\"datePublished\":\"2018-09-07T07:36:49+00:00\",\"breadcrumb\":{\"@id\":\"https:\/\/www.cmalleida.com\/es\/es-posible-que-un-seguro-de-vida-se-quede-sin-cobrar-la-vanguardia\/#breadcrumb\"},\"inLanguage\":\"es\",\"potentialAction\":[{\"@type\":\"ReadAction\",\"target\":[\"https:\/\/www.cmalleida.com\/es\/es-posible-que-un-seguro-de-vida-se-quede-sin-cobrar-la-vanguardia\/\"]}]},{\"@type\":\"ImageObject\",\"inLanguage\":\"es\",\"@id\":\"https:\/\/www.cmalleida.com\/es\/es-posible-que-un-seguro-de-vida-se-quede-sin-cobrar-la-vanguardia\/#primaryimage\",\"url\":\"https:\/\/www.cmalleida.com\/wp-content\/uploads\/cmall-lleida-actualitat-calcula762-1.jpg\",\"contentUrl\":\"https:\/\/www.cmalleida.com\/wp-content\/uploads\/cmall-lleida-actualitat-calcula762-1.jpg\",\"width\":762,\"height\":762,\"caption\":\"cmall-lleida-actualitat-calcula762\"},{\"@type\":\"BreadcrumbList\",\"@id\":\"https:\/\/www.cmalleida.com\/es\/es-posible-que-un-seguro-de-vida-se-quede-sin-cobrar-la-vanguardia\/#breadcrumb\",\"itemListElement\":[{\"@type\":\"ListItem\",\"position\":1,\"name\":\"Inici\",\"item\":\"https:\/\/www.cmalleida.com\/es\/\"},{\"@type\":\"ListItem\",\"position\":2,\"name\":\"\u00bfEs posible que un seguro de vida se quede sin cobrar? (La Vanguardia)\"}]},{\"@type\":\"WebSite\",\"@id\":\"https:\/\/www.cmalleida.com\/es\/#website\",\"url\":\"https:\/\/www.cmalleida.com\/es\/\",\"name\":\"Col\u00b7legi de Mediadors d&#039;Assegurances de Lleida\",\"description\":\"Otro sitio realizado con WordPress\",\"publisher\":{\"@id\":\"https:\/\/www.cmalleida.com\/es\/#organization\"},\"potentialAction\":[{\"@type\":\"SearchAction\",\"target\":{\"@type\":\"EntryPoint\",\"urlTemplate\":\"https:\/\/www.cmalleida.com\/es\/?s={search_term_string}\"},\"query-input\":{\"@type\":\"PropertyValueSpecification\",\"valueRequired\":true,\"valueName\":\"search_term_string\"}}],\"inLanguage\":\"es\"},{\"@type\":\"Organization\",\"@id\":\"https:\/\/www.cmalleida.com\/es\/#organization\",\"name\":\"Col\u00b7legi de Mediadors d'Assegurances de Lleida\",\"url\":\"https:\/\/www.cmalleida.com\/es\/\",\"logo\":{\"@type\":\"ImageObject\",\"inLanguage\":\"es\",\"@id\":\"https:\/\/www.cmalleida.com\/es\/#\/schema\/logo\/image\/\",\"url\":\"\",\"contentUrl\":\"\",\"caption\":\"Col\u00b7legi de Mediadors d'Assegurances de Lleida\"},\"image\":{\"@id\":\"https:\/\/www.cmalleida.com\/es\/#\/schema\/logo\/image\/\"}},{\"@type\":\"Person\",\"@id\":\"https:\/\/www.cmalleida.com\/es\/#\/schema\/person\/bc84b7874fa5ac8a15c15a050fb3b79c\",\"name\":\"Col\u00b7legi Mediadors\",\"image\":{\"@type\":\"ImageObject\",\"inLanguage\":\"es\",\"@id\":\"https:\/\/secure.gravatar.com\/avatar\/05a66e0aafde4a91aea6f2c243b0b99b03dac1cca78dc84298f5e7e7ad4dfd33?s=96&d=mm&r=g\",\"url\":\"https:\/\/secure.gravatar.com\/avatar\/05a66e0aafde4a91aea6f2c243b0b99b03dac1cca78dc84298f5e7e7ad4dfd33?s=96&d=mm&r=g\",\"contentUrl\":\"https:\/\/secure.gravatar.com\/avatar\/05a66e0aafde4a91aea6f2c243b0b99b03dac1cca78dc84298f5e7e7ad4dfd33?s=96&d=mm&r=g\",\"caption\":\"Col\u00b7legi Mediadors\"}}]}<\/script>\n<!-- \/ Yoast SEO plugin. -->","yoast_head_json":{"title":"\u00bfEs posible que un seguro de vida se quede sin cobrar? (La Vanguardia) - Col\u00b7legi de Mediadors d&#039;Assegurances de Lleida","robots":{"index":"index","follow":"follow","max-snippet":"max-snippet:-1","max-image-preview":"max-image-preview:large","max-video-preview":"max-video-preview:-1"},"canonical":"https:\/\/www.cmalleida.com\/es\/es-posible-que-un-seguro-de-vida-se-quede-sin-cobrar-la-vanguardia\/","og_locale":"es_ES","og_type":"article","og_title":"\u00bfEs posible que un seguro de vida se quede sin cobrar? (La Vanguardia) - Col\u00b7legi de Mediadors d&#039;Assegurances de Lleida","og_description":"La creaci\u00f3n del Registro de contratos de seguro de cobertura de fallecimiento permite a los herederos saber si el difunto ten\u00eda contratada una p\u00f3liza de... Llegeix m\u00e9s","og_url":"https:\/\/www.cmalleida.com\/es\/es-posible-que-un-seguro-de-vida-se-quede-sin-cobrar-la-vanguardia\/","og_site_name":"Col\u00b7legi de Mediadors d&#039;Assegurances de Lleida","article_published_time":"2018-09-07T07:36:49+00:00","og_image":[{"width":762,"height":762,"url":"https:\/\/www.cmalleida.com\/wp-content\/uploads\/cmall-lleida-actualitat-calcula762-1.jpg","type":"image\/jpeg"}],"author":"Col\u00b7legi Mediadors","twitter_card":"summary_large_image","twitter_misc":{"Written by":"Col\u00b7legi Mediadors","Est. reading time":"5 minutos"},"schema":{"@context":"https:\/\/schema.org","@graph":[{"@type":"Article","@id":"https:\/\/www.cmalleida.com\/es\/es-posible-que-un-seguro-de-vida-se-quede-sin-cobrar-la-vanguardia\/#article","isPartOf":{"@id":"https:\/\/www.cmalleida.com\/es\/es-posible-que-un-seguro-de-vida-se-quede-sin-cobrar-la-vanguardia\/"},"author":{"name":"Col\u00b7legi Mediadors","@id":"https:\/\/www.cmalleida.com\/es\/#\/schema\/person\/bc84b7874fa5ac8a15c15a050fb3b79c"},"headline":"\u00bfEs posible que un seguro de vida se quede sin cobrar? (La Vanguardia)","datePublished":"2018-09-07T07:36:49+00:00","mainEntityOfPage":{"@id":"https:\/\/www.cmalleida.com\/es\/es-posible-que-un-seguro-de-vida-se-quede-sin-cobrar-la-vanguardia\/"},"wordCount":921,"publisher":{"@id":"https:\/\/www.cmalleida.com\/es\/#organization"},"image":{"@id":"https:\/\/www.cmalleida.com\/es\/es-posible-que-un-seguro-de-vida-se-quede-sin-cobrar-la-vanguardia\/#primaryimage"},"thumbnailUrl":"https:\/\/www.cmalleida.com\/wp-content\/uploads\/cmall-lleida-actualitat-calcula762-1.jpg","articleSection":["Actualidad"],"inLanguage":"es"},{"@type":"WebPage","@id":"https:\/\/www.cmalleida.com\/es\/es-posible-que-un-seguro-de-vida-se-quede-sin-cobrar-la-vanguardia\/","url":"https:\/\/www.cmalleida.com\/es\/es-posible-que-un-seguro-de-vida-se-quede-sin-cobrar-la-vanguardia\/","name":"\u00bfEs posible que un seguro de vida se quede sin cobrar? (La Vanguardia) - Col\u00b7legi de Mediadors d&#039;Assegurances de Lleida","isPartOf":{"@id":"https:\/\/www.cmalleida.com\/es\/#website"},"primaryImageOfPage":{"@id":"https:\/\/www.cmalleida.com\/es\/es-posible-que-un-seguro-de-vida-se-quede-sin-cobrar-la-vanguardia\/#primaryimage"},"image":{"@id":"https:\/\/www.cmalleida.com\/es\/es-posible-que-un-seguro-de-vida-se-quede-sin-cobrar-la-vanguardia\/#primaryimage"},"thumbnailUrl":"https:\/\/www.cmalleida.com\/wp-content\/uploads\/cmall-lleida-actualitat-calcula762-1.jpg","datePublished":"2018-09-07T07:36:49+00:00","breadcrumb":{"@id":"https:\/\/www.cmalleida.com\/es\/es-posible-que-un-seguro-de-vida-se-quede-sin-cobrar-la-vanguardia\/#breadcrumb"},"inLanguage":"es","potentialAction":[{"@type":"ReadAction","target":["https:\/\/www.cmalleida.com\/es\/es-posible-que-un-seguro-de-vida-se-quede-sin-cobrar-la-vanguardia\/"]}]},{"@type":"ImageObject","inLanguage":"es","@id":"https:\/\/www.cmalleida.com\/es\/es-posible-que-un-seguro-de-vida-se-quede-sin-cobrar-la-vanguardia\/#primaryimage","url":"https:\/\/www.cmalleida.com\/wp-content\/uploads\/cmall-lleida-actualitat-calcula762-1.jpg","contentUrl":"https:\/\/www.cmalleida.com\/wp-content\/uploads\/cmall-lleida-actualitat-calcula762-1.jpg","width":762,"height":762,"caption":"cmall-lleida-actualitat-calcula762"},{"@type":"BreadcrumbList","@id":"https:\/\/www.cmalleida.com\/es\/es-posible-que-un-seguro-de-vida-se-quede-sin-cobrar-la-vanguardia\/#breadcrumb","itemListElement":[{"@type":"ListItem","position":1,"name":"Inici","item":"https:\/\/www.cmalleida.com\/es\/"},{"@type":"ListItem","position":2,"name":"\u00bfEs posible que un seguro de vida se quede sin cobrar? (La Vanguardia)"}]},{"@type":"WebSite","@id":"https:\/\/www.cmalleida.com\/es\/#website","url":"https:\/\/www.cmalleida.com\/es\/","name":"Col\u00b7legi de Mediadors d&#039;Assegurances de Lleida","description":"Otro sitio realizado con WordPress","publisher":{"@id":"https:\/\/www.cmalleida.com\/es\/#organization"},"potentialAction":[{"@type":"SearchAction","target":{"@type":"EntryPoint","urlTemplate":"https:\/\/www.cmalleida.com\/es\/?s={search_term_string}"},"query-input":{"@type":"PropertyValueSpecification","valueRequired":true,"valueName":"search_term_string"}}],"inLanguage":"es"},{"@type":"Organization","@id":"https:\/\/www.cmalleida.com\/es\/#organization","name":"Col\u00b7legi de Mediadors d'Assegurances de Lleida","url":"https:\/\/www.cmalleida.com\/es\/","logo":{"@type":"ImageObject","inLanguage":"es","@id":"https:\/\/www.cmalleida.com\/es\/#\/schema\/logo\/image\/","url":"","contentUrl":"","caption":"Col\u00b7legi de Mediadors d'Assegurances de Lleida"},"image":{"@id":"https:\/\/www.cmalleida.com\/es\/#\/schema\/logo\/image\/"}},{"@type":"Person","@id":"https:\/\/www.cmalleida.com\/es\/#\/schema\/person\/bc84b7874fa5ac8a15c15a050fb3b79c","name":"Col\u00b7legi Mediadors","image":{"@type":"ImageObject","inLanguage":"es","@id":"https:\/\/secure.gravatar.com\/avatar\/05a66e0aafde4a91aea6f2c243b0b99b03dac1cca78dc84298f5e7e7ad4dfd33?s=96&d=mm&r=g","url":"https:\/\/secure.gravatar.com\/avatar\/05a66e0aafde4a91aea6f2c243b0b99b03dac1cca78dc84298f5e7e7ad4dfd33?s=96&d=mm&r=g","contentUrl":"https:\/\/secure.gravatar.com\/avatar\/05a66e0aafde4a91aea6f2c243b0b99b03dac1cca78dc84298f5e7e7ad4dfd33?s=96&d=mm&r=g","caption":"Col\u00b7legi Mediadors"}}]}},"_links":{"self":[{"href":"https:\/\/www.cmalleida.com\/es\/wp-json\/wp\/v2\/posts\/3118","targetHints":{"allow":["GET"]}}],"collection":[{"href":"https:\/\/www.cmalleida.com\/es\/wp-json\/wp\/v2\/posts"}],"about":[{"href":"https:\/\/www.cmalleida.com\/es\/wp-json\/wp\/v2\/types\/post"}],"author":[{"embeddable":true,"href":"https:\/\/www.cmalleida.com\/es\/wp-json\/wp\/v2\/users\/3"}],"replies":[{"embeddable":true,"href":"https:\/\/www.cmalleida.com\/es\/wp-json\/wp\/v2\/comments?post=3118"}],"version-history":[{"count":1,"href":"https:\/\/www.cmalleida.com\/es\/wp-json\/wp\/v2\/posts\/3118\/revisions"}],"predecessor-version":[{"id":3119,"href":"https:\/\/www.cmalleida.com\/es\/wp-json\/wp\/v2\/posts\/3118\/revisions\/3119"}],"wp:featuredmedia":[{"embeddable":true,"href":"https:\/\/www.cmalleida.com\/es\/wp-json\/wp\/v2\/media\/1867"}],"wp:attachment":[{"href":"https:\/\/www.cmalleida.com\/es\/wp-json\/wp\/v2\/media?parent=3118"}],"wp:term":[{"taxonomy":"category","embeddable":true,"href":"https:\/\/www.cmalleida.com\/es\/wp-json\/wp\/v2\/categories?post=3118"},{"taxonomy":"post_tag","embeddable":true,"href":"https:\/\/www.cmalleida.com\/es\/wp-json\/wp\/v2\/tags?post=3118"}],"curies":[{"name":"wp","href":"https:\/\/api.w.org\/{rel}","templated":true}]}}