{"id":3113,"date":"2018-09-07T09:33:05","date_gmt":"2018-09-07T07:33:05","guid":{"rendered":"https:\/\/www.cmalleida.com\/?p=3113"},"modified":"2018-09-07T09:33:05","modified_gmt":"2018-09-07T07:33:05","slug":"summa-el-corredor-local-el-final-de-una-era-adn-del-seguro","status":"publish","type":"post","link":"https:\/\/www.cmalleida.com\/es\/summa-el-corredor-local-el-final-de-una-era-adn-del-seguro\/","title":{"rendered":"Summa: \u201cEl corredor local: \u00bfel final de una era?\u201d (adn del Seguro)"},"content":{"rendered":"<p>Redacci\u00f3n 5 septiembre, 2018<\/p>\n<p><strong><em>Summa<\/em><\/strong><em>\u00a0ha elaborado un art\u00edculo en el que se pregunta si el corredor local est\u00e1 llegando al final de una era. El contenido del art\u00edculo es \u00e9ste:<\/em><\/p>\n<p>\u201cLo cierto es que nos espera un<strong>\u00a0tortuoso camino<\/strong>:<\/p>\n<ul>\n<li><strong>Consolidaci\u00f3n de compa\u00f1\u00edas<\/strong>de seguros: cada vez son menos, m\u00e1s grandes y con estructuras m\u00e1s complejas.<\/li>\n<li>La\u00a0<strong>banca definitivamente se ha volcado con el seguro<\/strong>y sus t\u00e9cnicas de venta son realmente agresivas<\/li>\n<li>El\u00a0<strong>cliente ha cambiado sus h\u00e1bitos<\/strong>de compra, tiene m\u00e1s conocimiento y, lo que es peor, ha cambiado su fidelidad<\/li>\n<li>Han aparecido\u00a0<strong>nuevos actores<\/strong>tecnol\u00f3gicos con plataformas muy orientadas a la venta y con asesoramiento realizado por expertos: insurtech, Amazon, AliBaba, Google.<\/li>\n<li>Una amplia bater\u00eda de\u00a0<strong>nueva legislaci\u00f3n<\/strong>nos espera en pocos meses: nueva ley de distribuci\u00f3n, nueva ley de protecci\u00f3n de datos, nuevos requerimientos sobre protecci\u00f3n tecnol\u00f3gica y sobre responsabilidad penal de las personas jur\u00eddicas<\/li>\n<li>Es\u00a0<strong>imprescindible invertir<\/strong>para adaptarnos a las nuevas realidades: formaci\u00f3n, tecnolog\u00eda, rob\u00f3tica, implantaci\u00f3n\u2026.<\/li>\n<li>Y, por si fuera poco, los mediadores se est\u00e1n integran en corredur\u00edas m\u00e1s grandes, la\u00a0<strong>tarta es m\u00e1s peque\u00f1a<\/strong>y los comensales m\u00e1s grandes<\/li>\n<\/ul>\n<p>Y\u2026 necesitamos seguir viviendo d\u00eda a d\u00eda. Ah! \u2026y de hacerlo con mayor productividad, o sea, hacer m\u00e1s con menos.<\/p>\n<p>Mucho ha\u00a0<strong>cambiado el sector en los \u00faltimos diez a\u00f1os<\/strong>. Y es indudable que nunca volver\u00e1 a ser igual. Se ha instalado un modelo multicanal moderno que no tiene vuelta atr\u00e1s: muchas entidades apuestan por la venta directa, des-intermediando al corredor, con estrat\u00e9gicas multicanal, eliminando soporte al mediador y realizando tareas de contacto directo con el cliente y acciones de venta cruzada directamente.<\/p>\n<p>El cliente postcrisis ha aprendido a regatear el precio, comparar en internet, realizar subastas de sus seguros, ser m\u00e1s exigente y utilizar las redes sociales para obtener mejores precios.<\/p>\n<p>El<strong>\u00a0proceso de compra se ha vuelto m\u00e1s complejo<\/strong>, pues ahora exige al mediador estar disponible no solo en su oficina, sino tambi\u00e9n en el tel\u00e9fono, en las redes sociales, en internet, en centros de atenci\u00f3n telef\u00f3nica\u2026 o estas en todo, o estas en desventaja.<\/p>\n<p>La reestructuraci\u00f3n del sector que comenz\u00f3 hace a\u00f1os, se acelera. Los estudiosos siguen pensando que a imagen de otros pa\u00edses no hay sitio para m\u00e1s de quinientos corredores en un mercado como el espa\u00f1ol.<\/p>\n<p>Todo ello en un mercado cuya intensidad competitiva no deja de incrementarse, llegando al absurdo de corredores trabajando sin comisi\u00f3n.<\/p>\n<p>Y con la incertidumbre de conocer que otros sectores cambiaron radicalmente para nunca m\u00e1s volver a ser lo que eran: agencias de viajes, talleres mec\u00e1nicos, asesores de bolsa, etc\u2026<\/p>\n<p>La realidad del mediador local hoy es que es un h\u00e9roe: gestionar un peque\u00f1o negocio con escasos recursos absorbe mucho tiempo y energ\u00eda, con lo que no queda tiempo para explotar oportunidades de los clientes, ni para la venta, ni para adentrarse en nuevos segmentos, ni para fomentar la relaci\u00f3n y fidelidad.<\/p>\n<p><strong><em>\u00bfHa llegado el momento del fin para el mediador local?<\/em><\/strong><\/p>\n<p>Es cierto que lo que nos dio \u00e9xito en el pasado ya no sirve. Pero esperar a ver qu\u00e9 pasa, tampoco. \u00bfEntonces? Lo primero ser\u00e1 conocer que quiere hacer: \u00bfseguir o dejarlo? Si decide\u00a0<strong>seguir \u00bfsolo o acompa\u00f1ado?<\/strong>\u00a0Si decide ir acompa\u00f1ado: \u00bfen una estructura empresarial o con otros colegas de forma asociativa?<\/p>\n<p>En cualquiera de los dos casos disponer de un centro de servicios compartido potente no es una opci\u00f3n es una obligaci\u00f3n para reducir costes improductivos, alcanzar econom\u00edas de escala, centralizar funciones no esenciales, estandarizar procesos y eliminar redundancias a la vez que aumentar la capacidad de negociaci\u00f3n.<\/p>\n<p>A partir de ah\u00ed la diferencia est\u00e1 en la inversi\u00f3n que se pueda hacer: consecuencia de las ideas, convicciones y estrategia para el \u00e9xito que cada uno defina, y sobre todo de su \u00e1mbito temporal, es decir, si se apuesta por el corto plazo o por el largo plazo.<\/p>\n<p>Esta decisi\u00f3n ser\u00e1 la que marque las inversiones en tecnolog\u00eda, sistemas de venta, plataformas de colaboraci\u00f3n, expansi\u00f3n, innovaci\u00f3n en productos, mercados y segmentos. En definitiva, crear ventajas competitivas\u00a0 ganadoras para el futuro. Y la diferencia entre las plataformas empresariales o asociativas ser\u00e1n consecuencia de los servicios reales que se ofrezcan y que sirvan para construir esas ventajas para competir.<\/p>\n<p>Entonces, para el corredor local: \u00bfes el final de una era? Quiz\u00e1 es mejor aventurarse a pensar que es el\u00a0<strong>principio de un nuevo modelo organizativo<\/strong>. Los que acierten con el modelo de negocio exitoso triunfaran.<\/p>\n","protected":false},"excerpt":{"rendered":"<p>Redacci\u00f3n 5 septiembre, 2018 Summa\u00a0ha elaborado un art\u00edculo en el que se pregunta si el corredor local est\u00e1 llegando al final de una era. El&#8230; <a href=\"https:\/\/www.cmalleida.com\/es\/summa-el-corredor-local-el-final-de-una-era-adn-del-seguro\/\" rel=\"nofollow\" class=\"lollegirmes\">Llegeix m\u00e9s<\/a><\/p>\n","protected":false},"author":3,"featured_media":1890,"comment_status":"closed","ping_status":"closed","sticky":false,"template":"","format":"standard","meta":{"_acf_changed":false,"_genesis_hide_title":false,"_genesis_hide_breadcrumbs":false,"_genesis_hide_singular_image":false,"_genesis_hide_footer_widgets":false,"_genesis_custom_body_class":"","_genesis_custom_post_class":"","_genesis_layout":"","footnotes":""},"categories":[28],"tags":[],"class_list":{"0":"post-3113","1":"post","2":"type-post","3":"status-publish","4":"format-standard","5":"has-post-thumbnail","7":"category-actualidad","8":"entry"},"acf":[],"yoast_head":"<!-- This site is optimized with the Yoast SEO plugin v27.2 - https:\/\/yoast.com\/product\/yoast-seo-wordpress\/ -->\n<title>Summa: \u201cEl corredor local: \u00bfel final de una era?\u201d (adn del Seguro) - Col\u00b7legi de Mediadors d&#039;Assegurances de Lleida<\/title>\n<meta name=\"robots\" content=\"index, follow, max-snippet:-1, max-image-preview:large, max-video-preview:-1\" \/>\n<link rel=\"canonical\" href=\"https:\/\/www.cmalleida.com\/es\/summa-el-corredor-local-el-final-de-una-era-adn-del-seguro\/\" \/>\n<meta property=\"og:locale\" content=\"es_ES\" \/>\n<meta property=\"og:type\" content=\"article\" \/>\n<meta property=\"og:title\" content=\"Summa: \u201cEl corredor local: \u00bfel final de una era?\u201d (adn del Seguro) - Col\u00b7legi de Mediadors d&#039;Assegurances de Lleida\" \/>\n<meta property=\"og:description\" content=\"Redacci\u00f3n 5 septiembre, 2018 Summa\u00a0ha elaborado un art\u00edculo en el que se pregunta si el corredor local est\u00e1 llegando al final de una era. El... Llegeix m\u00e9s\" \/>\n<meta property=\"og:url\" content=\"https:\/\/www.cmalleida.com\/es\/summa-el-corredor-local-el-final-de-una-era-adn-del-seguro\/\" \/>\n<meta property=\"og:site_name\" content=\"Col\u00b7legi de Mediadors d&#039;Assegurances de Lleida\" \/>\n<meta property=\"article:published_time\" content=\"2018-09-07T07:33:05+00:00\" \/>\n<meta property=\"og:image\" content=\"https:\/\/www.cmalleida.com\/wp-content\/uploads\/cmall-lleida-actualitat-runio762.jpg\" \/>\n\t<meta property=\"og:image:width\" content=\"762\" \/>\n\t<meta property=\"og:image:height\" content=\"762\" \/>\n\t<meta property=\"og:image:type\" content=\"image\/jpeg\" \/>\n<meta name=\"author\" content=\"Col\u00b7legi Mediadors\" \/>\n<meta name=\"twitter:card\" content=\"summary_large_image\" \/>\n<meta name=\"twitter:label1\" content=\"Written by\" \/>\n\t<meta name=\"twitter:data1\" content=\"Col\u00b7legi Mediadors\" \/>\n\t<meta name=\"twitter:label2\" content=\"Est. reading time\" \/>\n\t<meta name=\"twitter:data2\" content=\"4 minutos\" \/>\n<script type=\"application\/ld+json\" class=\"yoast-schema-graph\">{\"@context\":\"https:\/\/schema.org\",\"@graph\":[{\"@type\":\"Article\",\"@id\":\"https:\/\/www.cmalleida.com\/es\/summa-el-corredor-local-el-final-de-una-era-adn-del-seguro\/#article\",\"isPartOf\":{\"@id\":\"https:\/\/www.cmalleida.com\/es\/summa-el-corredor-local-el-final-de-una-era-adn-del-seguro\/\"},\"author\":{\"name\":\"Col\u00b7legi Mediadors\",\"@id\":\"https:\/\/www.cmalleida.com\/es\/#\/schema\/person\/bc84b7874fa5ac8a15c15a050fb3b79c\"},\"headline\":\"Summa: \u201cEl corredor local: \u00bfel final de una era?\u201d (adn del Seguro)\",\"datePublished\":\"2018-09-07T07:33:05+00:00\",\"mainEntityOfPage\":{\"@id\":\"https:\/\/www.cmalleida.com\/es\/summa-el-corredor-local-el-final-de-una-era-adn-del-seguro\/\"},\"wordCount\":800,\"publisher\":{\"@id\":\"https:\/\/www.cmalleida.com\/es\/#organization\"},\"image\":{\"@id\":\"https:\/\/www.cmalleida.com\/es\/summa-el-corredor-local-el-final-de-una-era-adn-del-seguro\/#primaryimage\"},\"thumbnailUrl\":\"https:\/\/www.cmalleida.com\/wp-content\/uploads\/cmall-lleida-actualitat-runio762.jpg\",\"articleSection\":[\"Actualidad\"],\"inLanguage\":\"es\"},{\"@type\":\"WebPage\",\"@id\":\"https:\/\/www.cmalleida.com\/es\/summa-el-corredor-local-el-final-de-una-era-adn-del-seguro\/\",\"url\":\"https:\/\/www.cmalleida.com\/es\/summa-el-corredor-local-el-final-de-una-era-adn-del-seguro\/\",\"name\":\"Summa: \u201cEl corredor local: \u00bfel final de una era?\u201d (adn del Seguro) - Col\u00b7legi de Mediadors d&#039;Assegurances de Lleida\",\"isPartOf\":{\"@id\":\"https:\/\/www.cmalleida.com\/es\/#website\"},\"primaryImageOfPage\":{\"@id\":\"https:\/\/www.cmalleida.com\/es\/summa-el-corredor-local-el-final-de-una-era-adn-del-seguro\/#primaryimage\"},\"image\":{\"@id\":\"https:\/\/www.cmalleida.com\/es\/summa-el-corredor-local-el-final-de-una-era-adn-del-seguro\/#primaryimage\"},\"thumbnailUrl\":\"https:\/\/www.cmalleida.com\/wp-content\/uploads\/cmall-lleida-actualitat-runio762.jpg\",\"datePublished\":\"2018-09-07T07:33:05+00:00\",\"breadcrumb\":{\"@id\":\"https:\/\/www.cmalleida.com\/es\/summa-el-corredor-local-el-final-de-una-era-adn-del-seguro\/#breadcrumb\"},\"inLanguage\":\"es\",\"potentialAction\":[{\"@type\":\"ReadAction\",\"target\":[\"https:\/\/www.cmalleida.com\/es\/summa-el-corredor-local-el-final-de-una-era-adn-del-seguro\/\"]}]},{\"@type\":\"ImageObject\",\"inLanguage\":\"es\",\"@id\":\"https:\/\/www.cmalleida.com\/es\/summa-el-corredor-local-el-final-de-una-era-adn-del-seguro\/#primaryimage\",\"url\":\"https:\/\/www.cmalleida.com\/wp-content\/uploads\/cmall-lleida-actualitat-runio762.jpg\",\"contentUrl\":\"https:\/\/www.cmalleida.com\/wp-content\/uploads\/cmall-lleida-actualitat-runio762.jpg\",\"width\":762,\"height\":762,\"caption\":\"cmall-lleida-actualitat-RUNIO762\"},{\"@type\":\"BreadcrumbList\",\"@id\":\"https:\/\/www.cmalleida.com\/es\/summa-el-corredor-local-el-final-de-una-era-adn-del-seguro\/#breadcrumb\",\"itemListElement\":[{\"@type\":\"ListItem\",\"position\":1,\"name\":\"Inici\",\"item\":\"https:\/\/www.cmalleida.com\/es\/\"},{\"@type\":\"ListItem\",\"position\":2,\"name\":\"Summa: \u201cEl corredor local: \u00bfel final de una era?\u201d (adn del Seguro)\"}]},{\"@type\":\"WebSite\",\"@id\":\"https:\/\/www.cmalleida.com\/es\/#website\",\"url\":\"https:\/\/www.cmalleida.com\/es\/\",\"name\":\"Col\u00b7legi de Mediadors d&#039;Assegurances de Lleida\",\"description\":\"Otro sitio realizado con WordPress\",\"publisher\":{\"@id\":\"https:\/\/www.cmalleida.com\/es\/#organization\"},\"potentialAction\":[{\"@type\":\"SearchAction\",\"target\":{\"@type\":\"EntryPoint\",\"urlTemplate\":\"https:\/\/www.cmalleida.com\/es\/?s={search_term_string}\"},\"query-input\":{\"@type\":\"PropertyValueSpecification\",\"valueRequired\":true,\"valueName\":\"search_term_string\"}}],\"inLanguage\":\"es\"},{\"@type\":\"Organization\",\"@id\":\"https:\/\/www.cmalleida.com\/es\/#organization\",\"name\":\"Col\u00b7legi de Mediadors d'Assegurances de Lleida\",\"url\":\"https:\/\/www.cmalleida.com\/es\/\",\"logo\":{\"@type\":\"ImageObject\",\"inLanguage\":\"es\",\"@id\":\"https:\/\/www.cmalleida.com\/es\/#\/schema\/logo\/image\/\",\"url\":\"\",\"contentUrl\":\"\",\"caption\":\"Col\u00b7legi de Mediadors d'Assegurances de Lleida\"},\"image\":{\"@id\":\"https:\/\/www.cmalleida.com\/es\/#\/schema\/logo\/image\/\"}},{\"@type\":\"Person\",\"@id\":\"https:\/\/www.cmalleida.com\/es\/#\/schema\/person\/bc84b7874fa5ac8a15c15a050fb3b79c\",\"name\":\"Col\u00b7legi Mediadors\",\"image\":{\"@type\":\"ImageObject\",\"inLanguage\":\"es\",\"@id\":\"https:\/\/secure.gravatar.com\/avatar\/05a66e0aafde4a91aea6f2c243b0b99b03dac1cca78dc84298f5e7e7ad4dfd33?s=96&d=mm&r=g\",\"url\":\"https:\/\/secure.gravatar.com\/avatar\/05a66e0aafde4a91aea6f2c243b0b99b03dac1cca78dc84298f5e7e7ad4dfd33?s=96&d=mm&r=g\",\"contentUrl\":\"https:\/\/secure.gravatar.com\/avatar\/05a66e0aafde4a91aea6f2c243b0b99b03dac1cca78dc84298f5e7e7ad4dfd33?s=96&d=mm&r=g\",\"caption\":\"Col\u00b7legi Mediadors\"}}]}<\/script>\n<!-- \/ Yoast SEO plugin. -->","yoast_head_json":{"title":"Summa: \u201cEl corredor local: \u00bfel final de una era?\u201d (adn del Seguro) - Col\u00b7legi de Mediadors d&#039;Assegurances de Lleida","robots":{"index":"index","follow":"follow","max-snippet":"max-snippet:-1","max-image-preview":"max-image-preview:large","max-video-preview":"max-video-preview:-1"},"canonical":"https:\/\/www.cmalleida.com\/es\/summa-el-corredor-local-el-final-de-una-era-adn-del-seguro\/","og_locale":"es_ES","og_type":"article","og_title":"Summa: \u201cEl corredor local: \u00bfel final de una era?\u201d (adn del Seguro) - Col\u00b7legi de Mediadors d&#039;Assegurances de Lleida","og_description":"Redacci\u00f3n 5 septiembre, 2018 Summa\u00a0ha elaborado un art\u00edculo en el que se pregunta si el corredor local est\u00e1 llegando al final de una era. El... Llegeix m\u00e9s","og_url":"https:\/\/www.cmalleida.com\/es\/summa-el-corredor-local-el-final-de-una-era-adn-del-seguro\/","og_site_name":"Col\u00b7legi de Mediadors d&#039;Assegurances de Lleida","article_published_time":"2018-09-07T07:33:05+00:00","og_image":[{"width":762,"height":762,"url":"https:\/\/www.cmalleida.com\/wp-content\/uploads\/cmall-lleida-actualitat-runio762.jpg","type":"image\/jpeg"}],"author":"Col\u00b7legi Mediadors","twitter_card":"summary_large_image","twitter_misc":{"Written by":"Col\u00b7legi Mediadors","Est. reading time":"4 minutos"},"schema":{"@context":"https:\/\/schema.org","@graph":[{"@type":"Article","@id":"https:\/\/www.cmalleida.com\/es\/summa-el-corredor-local-el-final-de-una-era-adn-del-seguro\/#article","isPartOf":{"@id":"https:\/\/www.cmalleida.com\/es\/summa-el-corredor-local-el-final-de-una-era-adn-del-seguro\/"},"author":{"name":"Col\u00b7legi Mediadors","@id":"https:\/\/www.cmalleida.com\/es\/#\/schema\/person\/bc84b7874fa5ac8a15c15a050fb3b79c"},"headline":"Summa: \u201cEl corredor local: \u00bfel final de una era?\u201d (adn del Seguro)","datePublished":"2018-09-07T07:33:05+00:00","mainEntityOfPage":{"@id":"https:\/\/www.cmalleida.com\/es\/summa-el-corredor-local-el-final-de-una-era-adn-del-seguro\/"},"wordCount":800,"publisher":{"@id":"https:\/\/www.cmalleida.com\/es\/#organization"},"image":{"@id":"https:\/\/www.cmalleida.com\/es\/summa-el-corredor-local-el-final-de-una-era-adn-del-seguro\/#primaryimage"},"thumbnailUrl":"https:\/\/www.cmalleida.com\/wp-content\/uploads\/cmall-lleida-actualitat-runio762.jpg","articleSection":["Actualidad"],"inLanguage":"es"},{"@type":"WebPage","@id":"https:\/\/www.cmalleida.com\/es\/summa-el-corredor-local-el-final-de-una-era-adn-del-seguro\/","url":"https:\/\/www.cmalleida.com\/es\/summa-el-corredor-local-el-final-de-una-era-adn-del-seguro\/","name":"Summa: \u201cEl corredor local: \u00bfel final de una era?\u201d (adn del Seguro) - Col\u00b7legi de Mediadors d&#039;Assegurances de Lleida","isPartOf":{"@id":"https:\/\/www.cmalleida.com\/es\/#website"},"primaryImageOfPage":{"@id":"https:\/\/www.cmalleida.com\/es\/summa-el-corredor-local-el-final-de-una-era-adn-del-seguro\/#primaryimage"},"image":{"@id":"https:\/\/www.cmalleida.com\/es\/summa-el-corredor-local-el-final-de-una-era-adn-del-seguro\/#primaryimage"},"thumbnailUrl":"https:\/\/www.cmalleida.com\/wp-content\/uploads\/cmall-lleida-actualitat-runio762.jpg","datePublished":"2018-09-07T07:33:05+00:00","breadcrumb":{"@id":"https:\/\/www.cmalleida.com\/es\/summa-el-corredor-local-el-final-de-una-era-adn-del-seguro\/#breadcrumb"},"inLanguage":"es","potentialAction":[{"@type":"ReadAction","target":["https:\/\/www.cmalleida.com\/es\/summa-el-corredor-local-el-final-de-una-era-adn-del-seguro\/"]}]},{"@type":"ImageObject","inLanguage":"es","@id":"https:\/\/www.cmalleida.com\/es\/summa-el-corredor-local-el-final-de-una-era-adn-del-seguro\/#primaryimage","url":"https:\/\/www.cmalleida.com\/wp-content\/uploads\/cmall-lleida-actualitat-runio762.jpg","contentUrl":"https:\/\/www.cmalleida.com\/wp-content\/uploads\/cmall-lleida-actualitat-runio762.jpg","width":762,"height":762,"caption":"cmall-lleida-actualitat-RUNIO762"},{"@type":"BreadcrumbList","@id":"https:\/\/www.cmalleida.com\/es\/summa-el-corredor-local-el-final-de-una-era-adn-del-seguro\/#breadcrumb","itemListElement":[{"@type":"ListItem","position":1,"name":"Inici","item":"https:\/\/www.cmalleida.com\/es\/"},{"@type":"ListItem","position":2,"name":"Summa: \u201cEl corredor local: \u00bfel final de una era?\u201d (adn del Seguro)"}]},{"@type":"WebSite","@id":"https:\/\/www.cmalleida.com\/es\/#website","url":"https:\/\/www.cmalleida.com\/es\/","name":"Col\u00b7legi de Mediadors d&#039;Assegurances de Lleida","description":"Otro sitio realizado con WordPress","publisher":{"@id":"https:\/\/www.cmalleida.com\/es\/#organization"},"potentialAction":[{"@type":"SearchAction","target":{"@type":"EntryPoint","urlTemplate":"https:\/\/www.cmalleida.com\/es\/?s={search_term_string}"},"query-input":{"@type":"PropertyValueSpecification","valueRequired":true,"valueName":"search_term_string"}}],"inLanguage":"es"},{"@type":"Organization","@id":"https:\/\/www.cmalleida.com\/es\/#organization","name":"Col\u00b7legi de Mediadors d'Assegurances de Lleida","url":"https:\/\/www.cmalleida.com\/es\/","logo":{"@type":"ImageObject","inLanguage":"es","@id":"https:\/\/www.cmalleida.com\/es\/#\/schema\/logo\/image\/","url":"","contentUrl":"","caption":"Col\u00b7legi de Mediadors d'Assegurances de Lleida"},"image":{"@id":"https:\/\/www.cmalleida.com\/es\/#\/schema\/logo\/image\/"}},{"@type":"Person","@id":"https:\/\/www.cmalleida.com\/es\/#\/schema\/person\/bc84b7874fa5ac8a15c15a050fb3b79c","name":"Col\u00b7legi Mediadors","image":{"@type":"ImageObject","inLanguage":"es","@id":"https:\/\/secure.gravatar.com\/avatar\/05a66e0aafde4a91aea6f2c243b0b99b03dac1cca78dc84298f5e7e7ad4dfd33?s=96&d=mm&r=g","url":"https:\/\/secure.gravatar.com\/avatar\/05a66e0aafde4a91aea6f2c243b0b99b03dac1cca78dc84298f5e7e7ad4dfd33?s=96&d=mm&r=g","contentUrl":"https:\/\/secure.gravatar.com\/avatar\/05a66e0aafde4a91aea6f2c243b0b99b03dac1cca78dc84298f5e7e7ad4dfd33?s=96&d=mm&r=g","caption":"Col\u00b7legi Mediadors"}}]}},"_links":{"self":[{"href":"https:\/\/www.cmalleida.com\/es\/wp-json\/wp\/v2\/posts\/3113","targetHints":{"allow":["GET"]}}],"collection":[{"href":"https:\/\/www.cmalleida.com\/es\/wp-json\/wp\/v2\/posts"}],"about":[{"href":"https:\/\/www.cmalleida.com\/es\/wp-json\/wp\/v2\/types\/post"}],"author":[{"embeddable":true,"href":"https:\/\/www.cmalleida.com\/es\/wp-json\/wp\/v2\/users\/3"}],"replies":[{"embeddable":true,"href":"https:\/\/www.cmalleida.com\/es\/wp-json\/wp\/v2\/comments?post=3113"}],"version-history":[{"count":1,"href":"https:\/\/www.cmalleida.com\/es\/wp-json\/wp\/v2\/posts\/3113\/revisions"}],"predecessor-version":[{"id":3114,"href":"https:\/\/www.cmalleida.com\/es\/wp-json\/wp\/v2\/posts\/3113\/revisions\/3114"}],"wp:featuredmedia":[{"embeddable":true,"href":"https:\/\/www.cmalleida.com\/es\/wp-json\/wp\/v2\/media\/1890"}],"wp:attachment":[{"href":"https:\/\/www.cmalleida.com\/es\/wp-json\/wp\/v2\/media?parent=3113"}],"wp:term":[{"taxonomy":"category","embeddable":true,"href":"https:\/\/www.cmalleida.com\/es\/wp-json\/wp\/v2\/categories?post=3113"},{"taxonomy":"post_tag","embeddable":true,"href":"https:\/\/www.cmalleida.com\/es\/wp-json\/wp\/v2\/tags?post=3113"}],"curies":[{"name":"wp","href":"https:\/\/api.w.org\/{rel}","templated":true}]}}