{"id":3079,"date":"2018-08-31T09:56:42","date_gmt":"2018-08-31T07:56:42","guid":{"rendered":"https:\/\/www.cmalleida.com\/?p=3079"},"modified":"2018-08-31T09:56:42","modified_gmt":"2018-08-31T07:56:42","slug":"los-seguros-para-coches-electricos-son-mas-caros-que-los-seguros-tradicionales-el-mundo","status":"publish","type":"post","link":"https:\/\/www.cmalleida.com\/es\/los-seguros-para-coches-electricos-son-mas-caros-que-los-seguros-tradicionales-el-mundo\/","title":{"rendered":"Los seguros para coches el\u00e9ctricos: \u00bfson m\u00e1s caros que los seguros tradicionales? (El Mundo)"},"content":{"rendered":"<p><strong><em>KELISTO.ES<\/em><\/strong><\/p>\n<p>28 AGO. 2018\u00a0<strong>18:24<\/strong><\/p>\n<p>Si tienes un coche ecol\u00f3gico, probablemente hayas o\u00eddo hablar de los seguros para coches el\u00e9ctricos, con coberturas especiales que son necesarias para la protecci\u00f3n de este tipo de veh\u00edculos. A menudo, se piensa que estos seguros suelen ser mucho m\u00e1s caros que los seguros tradicionales, pero lo cierto es que las aseguradoras est\u00e1n equiparando los precios.<\/p>\n<p>Con los casi\u00a0<strong>30.000 veh\u00edculos<\/strong>\u00a0que ya circulan por nuestro pa\u00eds, la venta de coches el\u00e9ctricos en Espa\u00f1a se ha disparado en los \u00faltimos cinco a\u00f1os. Sin embargo, para muchos siguen siendo unos grandes desconocidos, sobre todo a la hora de\u00a0<a href=\"http:\/\/seguroscoche.elmundo.es\/?utm_source=elmundo&amp;utm_medium=article&amp;utm_campaign=23ago\">contratar un seguro de coche<\/a>: \u00bfson m\u00e1s caros los seguros para este tipo de veh\u00edculos?<\/p>\n<p><strong>Protecci\u00f3n del medio ambiente y componentes m\u00e1s baratos, las grandes bazas de los coches el\u00e9ctricos<\/strong><\/p>\n<p>No hay duda de que los\u00a0<strong>coches el\u00e9ctricos<\/strong>\u00a0se est\u00e1n haciendo un hueco cada vez mayor en la venta de coches en Espa\u00f1a. Seg\u00fan datos de la Asociaci\u00f3n Espa\u00f1ola de Fabricantes de Autom\u00f3viles y Camiones (ANFAC), en 2017 ya eran 27.598 unidades de coches el\u00e9ctricos las que circulaban por nuestras carreteras,\u00a0<strong>suponiendo un incremento de un 45,4% respecto al a\u00f1o pasado<\/strong>.<\/p>\n<p>Adem\u00e1s de una mec\u00e1nica mucho m\u00e1s sencilla que los motores de combusti\u00f3n interna (es decir, los coches de gasolina y di\u00e9sel) y la supresi\u00f3n de la palanca de cambios y el embrague, uno de los motivos de m\u00e1s peso a la hora de decantarse por los coches el\u00e9ctricos es que estos son m\u00e1s cuidadosos con el entorno, ya que no emiten gases nocivos.<\/p>\n<p>Pero no solo es cuesti\u00f3n de protecci\u00f3n del medio ambiente, sino tambi\u00e9n de precio y eficiencia. Al tener menos componentes y m\u00e1s econ\u00f3micos,\u00a0<strong>los motores di\u00e9sel son m\u00e1s baratos y eficientes que los de gasolina, aunque suelen sufrir m\u00e1s aver\u00edas<\/strong>. Sin embargo, los coches el\u00e9ctricos vuelven a llevarse la lucha por el menor coste de mantenimiento, gracias a que tienen muchos menos componentes que los motores de combusti\u00f3n interna.<\/p>\n<p>En cuanto a la contaminaci\u00f3n ac\u00fastica, los coches ecol\u00f3gicos tambi\u00e9n son los m\u00e1s adecuados, ya que gracias a su motor el\u00e9ctrico apenas producen ruidos a la hora de conducir. En cuanto a los otros dos tipos de motores, los coches di\u00e9sel suelen ser los m\u00e1s escandalosos debido a que son los de mayor tama\u00f1o. Esto, adem\u00e1s, provoca que estos veh\u00edculos gasten m\u00e1s bater\u00eda a la hora de arrancar.<\/p>\n<p>Diesel, gasolina o coche el\u00e9ctrico: \u00bfcu\u00e1l es el favorito de los espa\u00f1oles?<\/p>\n<p>A pesar de todas las ventajas que parecen presentar los coches el\u00e9ctricos frente a los de combusti\u00f3n interna, todav\u00eda siguen sin copar una cifra muy elevada en los coches m\u00e1s vendidos en nuestro pa\u00eds. Seg\u00fan datos de ANFAC, las matriculaciones de veh\u00edculos el\u00e9ctricos se incrementaron en un 51,5% en el mes de julio respecto al mes anterior, alcanzando las 6.921 unidades vendidas en lo que llevamos de a\u00f1o. Eso supone un 5,9% de las unidades totales vendidas en Espa\u00f1a.<\/p>\n<p>En 2018,\u00a0<strong>los coches de gasolina son los coches m\u00e1s vendidos<\/strong>, con un 57,3% del total de veh\u00edculos comercializados. Por su parte, los coches diesel se quedan con el 36,8% del total, mientras que el resto es para los coches h\u00edbridos.<\/p>\n<p>La venta de coches de gasolina ha superado, por primera vez en 20 a\u00f1os, a la venta de coches di\u00e9sel, por lo que parece relevante preguntarse si estamos ante el fin de los coches di\u00e9sel, cuya popularidad ha ido descendiendo sobre todo con el auge de los coches el\u00e9ctricos y la subida del precio del gas\u00f3leo anunciada por el Gobierno para los pr\u00f3ximos cuatro a\u00f1os. Sin embargo,\u00a0<strong>los coches di\u00e9sel siguen siendo los veh\u00edculos m\u00e1s usados en nuestro pa\u00eds<\/strong>, con 13.038.663 millones de turismos, seg\u00fan los \u00faltimos datos de la DGT (2016). Con respecto a turismos de gasolina, hasta 2016 se registraron un total de 9.820.553 millones.<\/p>\n<p>Qu\u00e9 coberturas especiales tienen los seguros para coches el\u00e9ctricos<\/p>\n<p>Aunque los seguros a terceros, los seguros a terceros ampliados y los seguros a todo riesgo pueden contratarse para cualquier tipo de coche, lo cierto es que para los coches el\u00e9ctricos debemos tener en cuenta unas coberturas que, para coches de gasolina y di\u00e9sel, no son necesarias. En\u00a0<strong>Kelisto.es<\/strong>\u00a0hemos analizado las dos coberturas m\u00e1s importantes en las que debes fijarte:<\/p>\n<p><strong>Robo del cable de carga<\/strong>: Una de las coberturas m\u00e1s demandadas, ya que este cable suele tener un precio muy elevado. A la hora de contratar un seguro de coche el\u00e9ctrico, debes fijarte en que incluyan este servicio, ya que puedes ahorrarte mucho dinero en caso de robo.<\/p>\n<p><strong>Asistencia por fallo en bater\u00eda<\/strong>: Aunque todos los seguros suelen incluir asistencia en carretera, en el caso de los seguros de coches el\u00e9ctricos es muy importante que esa asistencia tambi\u00e9n cubra los fallos o agotamiento de la bater\u00eda de tu coche. Debes saber si tu aseguradora te remolcar\u00e1 a un punto de recarga o a un taller en el que puedan repararte dicha aver\u00eda.<\/p>\n<p><strong>Aseguradoras con seguros para coches el\u00e9ctricos<\/strong><\/p>\n<p>Adem\u00e1s de los seguros de coche tradicionales, algunas aseguradoras tambi\u00e9n ofrecen estas coberturas especiales para coches el\u00e9ctricos, conscientes del auge de este tipo de veh\u00edculos.<\/p>\n<p>Una de las p\u00f3lizas m\u00e1s completas es la que ofrece\u00a0<strong>Zurich Seguros<\/strong>, que incluye el robo del cable de carga y la asistencia en carretera en caso de agotamiento de la bater\u00eda. La aseguradora recargar\u00e1 la bater\u00eda cuando sea necesario, o te llevar\u00e1 a un punto de carga.<\/p>\n<p>Por su parte,\u00a0<strong>Direct Seguros<\/strong>\u00a0tambi\u00e9n cubre los da\u00f1os a la estaci\u00f3n de carga dom\u00e9stica. Tambi\u00e9n garantiza el traslado del coche al punto de recarga m\u00e1s cercano.<\/p>\n<p><strong>Mapfre Seguros<\/strong>\u00a0es otra de las compa\u00f1\u00edas que ofrecen seguros para coches el\u00e9ctricos con cobertura del robo del cable y remolque hasta un punto de carga.<\/p>\n<p>Por otro lado, el seguro de coches el\u00e9ctricos de\u00a0<strong>L\u00ednea Directa<\/strong>, con el robo del cable incluido en sus servicios, adem\u00e1s de la asistencia en carretera habitual.<\/p>\n<p>\u00bfSon m\u00e1s caros los seguros de coches el\u00e9ctricos?<\/p>\n<p>Aunque en un principio los seguros de coches el\u00e9ctricos ten\u00edan un precio m\u00e1s elevado, hoy en d\u00eda cada vez est\u00e1n m\u00e1s equiparados con los seguros tradicionales. De hecho, los precios de los seguros para coches el\u00e9ctricos, en muchos casos, son los mismos que para un coche de di\u00e9sel o gasolina.<\/p>\n<p>Seg\u00fan el comparador de<a href=\"http:\/\/seguroscoche.elmundo.es\/?utm_source=elmundo&amp;utm_medium=article&amp;utm_campaign=23ago\">\u00a0seguros de Kelisto.es<\/a>, podemos comprobar c\u00f3mo un seguro a terceros ampliado para un<strong>\u00a0Volkswagen Polo<\/strong>\u00a0de di\u00e9sel, un\u00a0<strong>Seat Le\u00f3n<\/strong>\u00a0de gasolina y un\u00a0<strong>Nissan Leaf\u00a0<\/strong>con motor el\u00e9ctrico cuesta lo mismo, siendo la aseguradora m\u00e1s barata\u00a0<strong>G\u00e9nesis<\/strong>\u00a0con un seguro a terceros ampliado de 137 euros.<\/p>\n","protected":false},"excerpt":{"rendered":"<p>KELISTO.ES 28 AGO. 2018\u00a018:24 Si tienes un coche ecol\u00f3gico, probablemente hayas o\u00eddo hablar de los seguros para coches el\u00e9ctricos, con coberturas especiales que son necesarias&#8230; <a href=\"https:\/\/www.cmalleida.com\/es\/los-seguros-para-coches-electricos-son-mas-caros-que-los-seguros-tradicionales-el-mundo\/\" rel=\"nofollow\" class=\"lollegirmes\">Llegeix m\u00e9s<\/a><\/p>\n","protected":false},"author":3,"featured_media":1867,"comment_status":"closed","ping_status":"closed","sticky":false,"template":"","format":"standard","meta":{"_acf_changed":false,"_genesis_hide_title":false,"_genesis_hide_breadcrumbs":false,"_genesis_hide_singular_image":false,"_genesis_hide_footer_widgets":false,"_genesis_custom_body_class":"","_genesis_custom_post_class":"","_genesis_layout":"","footnotes":""},"categories":[28],"tags":[],"class_list":{"0":"post-3079","1":"post","2":"type-post","3":"status-publish","4":"format-standard","5":"has-post-thumbnail","7":"category-actualidad","8":"entry"},"acf":[],"yoast_head":"<!-- This site is optimized with the Yoast SEO plugin v27.2 - https:\/\/yoast.com\/product\/yoast-seo-wordpress\/ -->\n<title>Los seguros para coches el\u00e9ctricos: \u00bfson m\u00e1s caros que los seguros tradicionales? (El Mundo) - Col\u00b7legi de Mediadors d&#039;Assegurances de Lleida<\/title>\n<meta name=\"robots\" content=\"index, follow, max-snippet:-1, max-image-preview:large, max-video-preview:-1\" \/>\n<link rel=\"canonical\" href=\"https:\/\/www.cmalleida.com\/es\/los-seguros-para-coches-electricos-son-mas-caros-que-los-seguros-tradicionales-el-mundo\/\" \/>\n<meta property=\"og:locale\" content=\"es_ES\" \/>\n<meta property=\"og:type\" content=\"article\" \/>\n<meta property=\"og:title\" content=\"Los seguros para coches el\u00e9ctricos: \u00bfson m\u00e1s caros que los seguros tradicionales? (El Mundo) - Col\u00b7legi de Mediadors d&#039;Assegurances de Lleida\" \/>\n<meta property=\"og:description\" content=\"KELISTO.ES 28 AGO. 2018\u00a018:24 Si tienes un coche ecol\u00f3gico, probablemente hayas o\u00eddo hablar de los seguros para coches el\u00e9ctricos, con coberturas especiales que son necesarias... Llegeix m\u00e9s\" \/>\n<meta property=\"og:url\" content=\"https:\/\/www.cmalleida.com\/es\/los-seguros-para-coches-electricos-son-mas-caros-que-los-seguros-tradicionales-el-mundo\/\" \/>\n<meta property=\"og:site_name\" content=\"Col\u00b7legi de Mediadors d&#039;Assegurances de Lleida\" \/>\n<meta property=\"article:published_time\" content=\"2018-08-31T07:56:42+00:00\" \/>\n<meta property=\"og:image\" content=\"https:\/\/www.cmalleida.com\/wp-content\/uploads\/cmall-lleida-actualitat-calcula762-1.jpg\" \/>\n\t<meta property=\"og:image:width\" content=\"762\" \/>\n\t<meta property=\"og:image:height\" content=\"762\" \/>\n\t<meta property=\"og:image:type\" content=\"image\/jpeg\" \/>\n<meta name=\"author\" content=\"Col\u00b7legi Mediadors\" \/>\n<meta name=\"twitter:card\" content=\"summary_large_image\" \/>\n<meta name=\"twitter:label1\" content=\"Written by\" \/>\n\t<meta name=\"twitter:data1\" content=\"Col\u00b7legi Mediadors\" \/>\n\t<meta name=\"twitter:label2\" content=\"Est. reading time\" \/>\n\t<meta name=\"twitter:data2\" content=\"6 minutos\" \/>\n<script type=\"application\/ld+json\" class=\"yoast-schema-graph\">{\"@context\":\"https:\/\/schema.org\",\"@graph\":[{\"@type\":\"Article\",\"@id\":\"https:\/\/www.cmalleida.com\/es\/los-seguros-para-coches-electricos-son-mas-caros-que-los-seguros-tradicionales-el-mundo\/#article\",\"isPartOf\":{\"@id\":\"https:\/\/www.cmalleida.com\/es\/los-seguros-para-coches-electricos-son-mas-caros-que-los-seguros-tradicionales-el-mundo\/\"},\"author\":{\"name\":\"Col\u00b7legi Mediadors\",\"@id\":\"https:\/\/www.cmalleida.com\/es\/#\/schema\/person\/bc84b7874fa5ac8a15c15a050fb3b79c\"},\"headline\":\"Los seguros para coches el\u00e9ctricos: \u00bfson m\u00e1s caros que los seguros tradicionales? (El Mundo)\",\"datePublished\":\"2018-08-31T07:56:42+00:00\",\"mainEntityOfPage\":{\"@id\":\"https:\/\/www.cmalleida.com\/es\/los-seguros-para-coches-electricos-son-mas-caros-que-los-seguros-tradicionales-el-mundo\/\"},\"wordCount\":1217,\"publisher\":{\"@id\":\"https:\/\/www.cmalleida.com\/es\/#organization\"},\"image\":{\"@id\":\"https:\/\/www.cmalleida.com\/es\/los-seguros-para-coches-electricos-son-mas-caros-que-los-seguros-tradicionales-el-mundo\/#primaryimage\"},\"thumbnailUrl\":\"https:\/\/www.cmalleida.com\/wp-content\/uploads\/cmall-lleida-actualitat-calcula762-1.jpg\",\"articleSection\":[\"Actualidad\"],\"inLanguage\":\"es\"},{\"@type\":\"WebPage\",\"@id\":\"https:\/\/www.cmalleida.com\/es\/los-seguros-para-coches-electricos-son-mas-caros-que-los-seguros-tradicionales-el-mundo\/\",\"url\":\"https:\/\/www.cmalleida.com\/es\/los-seguros-para-coches-electricos-son-mas-caros-que-los-seguros-tradicionales-el-mundo\/\",\"name\":\"Los seguros para coches el\u00e9ctricos: \u00bfson m\u00e1s caros que los seguros tradicionales? (El Mundo) - Col\u00b7legi de Mediadors d&#039;Assegurances de Lleida\",\"isPartOf\":{\"@id\":\"https:\/\/www.cmalleida.com\/es\/#website\"},\"primaryImageOfPage\":{\"@id\":\"https:\/\/www.cmalleida.com\/es\/los-seguros-para-coches-electricos-son-mas-caros-que-los-seguros-tradicionales-el-mundo\/#primaryimage\"},\"image\":{\"@id\":\"https:\/\/www.cmalleida.com\/es\/los-seguros-para-coches-electricos-son-mas-caros-que-los-seguros-tradicionales-el-mundo\/#primaryimage\"},\"thumbnailUrl\":\"https:\/\/www.cmalleida.com\/wp-content\/uploads\/cmall-lleida-actualitat-calcula762-1.jpg\",\"datePublished\":\"2018-08-31T07:56:42+00:00\",\"breadcrumb\":{\"@id\":\"https:\/\/www.cmalleida.com\/es\/los-seguros-para-coches-electricos-son-mas-caros-que-los-seguros-tradicionales-el-mundo\/#breadcrumb\"},\"inLanguage\":\"es\",\"potentialAction\":[{\"@type\":\"ReadAction\",\"target\":[\"https:\/\/www.cmalleida.com\/es\/los-seguros-para-coches-electricos-son-mas-caros-que-los-seguros-tradicionales-el-mundo\/\"]}]},{\"@type\":\"ImageObject\",\"inLanguage\":\"es\",\"@id\":\"https:\/\/www.cmalleida.com\/es\/los-seguros-para-coches-electricos-son-mas-caros-que-los-seguros-tradicionales-el-mundo\/#primaryimage\",\"url\":\"https:\/\/www.cmalleida.com\/wp-content\/uploads\/cmall-lleida-actualitat-calcula762-1.jpg\",\"contentUrl\":\"https:\/\/www.cmalleida.com\/wp-content\/uploads\/cmall-lleida-actualitat-calcula762-1.jpg\",\"width\":762,\"height\":762,\"caption\":\"cmall-lleida-actualitat-calcula762\"},{\"@type\":\"BreadcrumbList\",\"@id\":\"https:\/\/www.cmalleida.com\/es\/los-seguros-para-coches-electricos-son-mas-caros-que-los-seguros-tradicionales-el-mundo\/#breadcrumb\",\"itemListElement\":[{\"@type\":\"ListItem\",\"position\":1,\"name\":\"Inici\",\"item\":\"https:\/\/www.cmalleida.com\/es\/\"},{\"@type\":\"ListItem\",\"position\":2,\"name\":\"Los seguros para coches el\u00e9ctricos: \u00bfson m\u00e1s caros que los seguros tradicionales? (El Mundo)\"}]},{\"@type\":\"WebSite\",\"@id\":\"https:\/\/www.cmalleida.com\/es\/#website\",\"url\":\"https:\/\/www.cmalleida.com\/es\/\",\"name\":\"Col\u00b7legi de Mediadors d&#039;Assegurances de Lleida\",\"description\":\"Otro sitio realizado con WordPress\",\"publisher\":{\"@id\":\"https:\/\/www.cmalleida.com\/es\/#organization\"},\"potentialAction\":[{\"@type\":\"SearchAction\",\"target\":{\"@type\":\"EntryPoint\",\"urlTemplate\":\"https:\/\/www.cmalleida.com\/es\/?s={search_term_string}\"},\"query-input\":{\"@type\":\"PropertyValueSpecification\",\"valueRequired\":true,\"valueName\":\"search_term_string\"}}],\"inLanguage\":\"es\"},{\"@type\":\"Organization\",\"@id\":\"https:\/\/www.cmalleida.com\/es\/#organization\",\"name\":\"Col\u00b7legi de Mediadors d'Assegurances de Lleida\",\"url\":\"https:\/\/www.cmalleida.com\/es\/\",\"logo\":{\"@type\":\"ImageObject\",\"inLanguage\":\"es\",\"@id\":\"https:\/\/www.cmalleida.com\/es\/#\/schema\/logo\/image\/\",\"url\":\"\",\"contentUrl\":\"\",\"caption\":\"Col\u00b7legi de Mediadors d'Assegurances de Lleida\"},\"image\":{\"@id\":\"https:\/\/www.cmalleida.com\/es\/#\/schema\/logo\/image\/\"}},{\"@type\":\"Person\",\"@id\":\"https:\/\/www.cmalleida.com\/es\/#\/schema\/person\/bc84b7874fa5ac8a15c15a050fb3b79c\",\"name\":\"Col\u00b7legi Mediadors\",\"image\":{\"@type\":\"ImageObject\",\"inLanguage\":\"es\",\"@id\":\"https:\/\/secure.gravatar.com\/avatar\/05a66e0aafde4a91aea6f2c243b0b99b03dac1cca78dc84298f5e7e7ad4dfd33?s=96&d=mm&r=g\",\"url\":\"https:\/\/secure.gravatar.com\/avatar\/05a66e0aafde4a91aea6f2c243b0b99b03dac1cca78dc84298f5e7e7ad4dfd33?s=96&d=mm&r=g\",\"contentUrl\":\"https:\/\/secure.gravatar.com\/avatar\/05a66e0aafde4a91aea6f2c243b0b99b03dac1cca78dc84298f5e7e7ad4dfd33?s=96&d=mm&r=g\",\"caption\":\"Col\u00b7legi Mediadors\"}}]}<\/script>\n<!-- \/ Yoast SEO plugin. -->","yoast_head_json":{"title":"Los seguros para coches el\u00e9ctricos: \u00bfson m\u00e1s caros que los seguros tradicionales? (El Mundo) - Col\u00b7legi de Mediadors d&#039;Assegurances de Lleida","robots":{"index":"index","follow":"follow","max-snippet":"max-snippet:-1","max-image-preview":"max-image-preview:large","max-video-preview":"max-video-preview:-1"},"canonical":"https:\/\/www.cmalleida.com\/es\/los-seguros-para-coches-electricos-son-mas-caros-que-los-seguros-tradicionales-el-mundo\/","og_locale":"es_ES","og_type":"article","og_title":"Los seguros para coches el\u00e9ctricos: \u00bfson m\u00e1s caros que los seguros tradicionales? (El Mundo) - Col\u00b7legi de Mediadors d&#039;Assegurances de Lleida","og_description":"KELISTO.ES 28 AGO. 2018\u00a018:24 Si tienes un coche ecol\u00f3gico, probablemente hayas o\u00eddo hablar de los seguros para coches el\u00e9ctricos, con coberturas especiales que son necesarias... Llegeix m\u00e9s","og_url":"https:\/\/www.cmalleida.com\/es\/los-seguros-para-coches-electricos-son-mas-caros-que-los-seguros-tradicionales-el-mundo\/","og_site_name":"Col\u00b7legi de Mediadors d&#039;Assegurances de Lleida","article_published_time":"2018-08-31T07:56:42+00:00","og_image":[{"width":762,"height":762,"url":"https:\/\/www.cmalleida.com\/wp-content\/uploads\/cmall-lleida-actualitat-calcula762-1.jpg","type":"image\/jpeg"}],"author":"Col\u00b7legi Mediadors","twitter_card":"summary_large_image","twitter_misc":{"Written by":"Col\u00b7legi Mediadors","Est. reading time":"6 minutos"},"schema":{"@context":"https:\/\/schema.org","@graph":[{"@type":"Article","@id":"https:\/\/www.cmalleida.com\/es\/los-seguros-para-coches-electricos-son-mas-caros-que-los-seguros-tradicionales-el-mundo\/#article","isPartOf":{"@id":"https:\/\/www.cmalleida.com\/es\/los-seguros-para-coches-electricos-son-mas-caros-que-los-seguros-tradicionales-el-mundo\/"},"author":{"name":"Col\u00b7legi Mediadors","@id":"https:\/\/www.cmalleida.com\/es\/#\/schema\/person\/bc84b7874fa5ac8a15c15a050fb3b79c"},"headline":"Los seguros para coches el\u00e9ctricos: \u00bfson m\u00e1s caros que los seguros tradicionales? (El Mundo)","datePublished":"2018-08-31T07:56:42+00:00","mainEntityOfPage":{"@id":"https:\/\/www.cmalleida.com\/es\/los-seguros-para-coches-electricos-son-mas-caros-que-los-seguros-tradicionales-el-mundo\/"},"wordCount":1217,"publisher":{"@id":"https:\/\/www.cmalleida.com\/es\/#organization"},"image":{"@id":"https:\/\/www.cmalleida.com\/es\/los-seguros-para-coches-electricos-son-mas-caros-que-los-seguros-tradicionales-el-mundo\/#primaryimage"},"thumbnailUrl":"https:\/\/www.cmalleida.com\/wp-content\/uploads\/cmall-lleida-actualitat-calcula762-1.jpg","articleSection":["Actualidad"],"inLanguage":"es"},{"@type":"WebPage","@id":"https:\/\/www.cmalleida.com\/es\/los-seguros-para-coches-electricos-son-mas-caros-que-los-seguros-tradicionales-el-mundo\/","url":"https:\/\/www.cmalleida.com\/es\/los-seguros-para-coches-electricos-son-mas-caros-que-los-seguros-tradicionales-el-mundo\/","name":"Los seguros para coches el\u00e9ctricos: \u00bfson m\u00e1s caros que los seguros tradicionales? (El Mundo) - Col\u00b7legi de Mediadors d&#039;Assegurances de Lleida","isPartOf":{"@id":"https:\/\/www.cmalleida.com\/es\/#website"},"primaryImageOfPage":{"@id":"https:\/\/www.cmalleida.com\/es\/los-seguros-para-coches-electricos-son-mas-caros-que-los-seguros-tradicionales-el-mundo\/#primaryimage"},"image":{"@id":"https:\/\/www.cmalleida.com\/es\/los-seguros-para-coches-electricos-son-mas-caros-que-los-seguros-tradicionales-el-mundo\/#primaryimage"},"thumbnailUrl":"https:\/\/www.cmalleida.com\/wp-content\/uploads\/cmall-lleida-actualitat-calcula762-1.jpg","datePublished":"2018-08-31T07:56:42+00:00","breadcrumb":{"@id":"https:\/\/www.cmalleida.com\/es\/los-seguros-para-coches-electricos-son-mas-caros-que-los-seguros-tradicionales-el-mundo\/#breadcrumb"},"inLanguage":"es","potentialAction":[{"@type":"ReadAction","target":["https:\/\/www.cmalleida.com\/es\/los-seguros-para-coches-electricos-son-mas-caros-que-los-seguros-tradicionales-el-mundo\/"]}]},{"@type":"ImageObject","inLanguage":"es","@id":"https:\/\/www.cmalleida.com\/es\/los-seguros-para-coches-electricos-son-mas-caros-que-los-seguros-tradicionales-el-mundo\/#primaryimage","url":"https:\/\/www.cmalleida.com\/wp-content\/uploads\/cmall-lleida-actualitat-calcula762-1.jpg","contentUrl":"https:\/\/www.cmalleida.com\/wp-content\/uploads\/cmall-lleida-actualitat-calcula762-1.jpg","width":762,"height":762,"caption":"cmall-lleida-actualitat-calcula762"},{"@type":"BreadcrumbList","@id":"https:\/\/www.cmalleida.com\/es\/los-seguros-para-coches-electricos-son-mas-caros-que-los-seguros-tradicionales-el-mundo\/#breadcrumb","itemListElement":[{"@type":"ListItem","position":1,"name":"Inici","item":"https:\/\/www.cmalleida.com\/es\/"},{"@type":"ListItem","position":2,"name":"Los seguros para coches el\u00e9ctricos: \u00bfson m\u00e1s caros que los seguros tradicionales? (El Mundo)"}]},{"@type":"WebSite","@id":"https:\/\/www.cmalleida.com\/es\/#website","url":"https:\/\/www.cmalleida.com\/es\/","name":"Col\u00b7legi de Mediadors d&#039;Assegurances de Lleida","description":"Otro sitio realizado con WordPress","publisher":{"@id":"https:\/\/www.cmalleida.com\/es\/#organization"},"potentialAction":[{"@type":"SearchAction","target":{"@type":"EntryPoint","urlTemplate":"https:\/\/www.cmalleida.com\/es\/?s={search_term_string}"},"query-input":{"@type":"PropertyValueSpecification","valueRequired":true,"valueName":"search_term_string"}}],"inLanguage":"es"},{"@type":"Organization","@id":"https:\/\/www.cmalleida.com\/es\/#organization","name":"Col\u00b7legi de Mediadors d'Assegurances de Lleida","url":"https:\/\/www.cmalleida.com\/es\/","logo":{"@type":"ImageObject","inLanguage":"es","@id":"https:\/\/www.cmalleida.com\/es\/#\/schema\/logo\/image\/","url":"","contentUrl":"","caption":"Col\u00b7legi de Mediadors d'Assegurances de Lleida"},"image":{"@id":"https:\/\/www.cmalleida.com\/es\/#\/schema\/logo\/image\/"}},{"@type":"Person","@id":"https:\/\/www.cmalleida.com\/es\/#\/schema\/person\/bc84b7874fa5ac8a15c15a050fb3b79c","name":"Col\u00b7legi Mediadors","image":{"@type":"ImageObject","inLanguage":"es","@id":"https:\/\/secure.gravatar.com\/avatar\/05a66e0aafde4a91aea6f2c243b0b99b03dac1cca78dc84298f5e7e7ad4dfd33?s=96&d=mm&r=g","url":"https:\/\/secure.gravatar.com\/avatar\/05a66e0aafde4a91aea6f2c243b0b99b03dac1cca78dc84298f5e7e7ad4dfd33?s=96&d=mm&r=g","contentUrl":"https:\/\/secure.gravatar.com\/avatar\/05a66e0aafde4a91aea6f2c243b0b99b03dac1cca78dc84298f5e7e7ad4dfd33?s=96&d=mm&r=g","caption":"Col\u00b7legi Mediadors"}}]}},"_links":{"self":[{"href":"https:\/\/www.cmalleida.com\/es\/wp-json\/wp\/v2\/posts\/3079","targetHints":{"allow":["GET"]}}],"collection":[{"href":"https:\/\/www.cmalleida.com\/es\/wp-json\/wp\/v2\/posts"}],"about":[{"href":"https:\/\/www.cmalleida.com\/es\/wp-json\/wp\/v2\/types\/post"}],"author":[{"embeddable":true,"href":"https:\/\/www.cmalleida.com\/es\/wp-json\/wp\/v2\/users\/3"}],"replies":[{"embeddable":true,"href":"https:\/\/www.cmalleida.com\/es\/wp-json\/wp\/v2\/comments?post=3079"}],"version-history":[{"count":1,"href":"https:\/\/www.cmalleida.com\/es\/wp-json\/wp\/v2\/posts\/3079\/revisions"}],"predecessor-version":[{"id":3080,"href":"https:\/\/www.cmalleida.com\/es\/wp-json\/wp\/v2\/posts\/3079\/revisions\/3080"}],"wp:featuredmedia":[{"embeddable":true,"href":"https:\/\/www.cmalleida.com\/es\/wp-json\/wp\/v2\/media\/1867"}],"wp:attachment":[{"href":"https:\/\/www.cmalleida.com\/es\/wp-json\/wp\/v2\/media?parent=3079"}],"wp:term":[{"taxonomy":"category","embeddable":true,"href":"https:\/\/www.cmalleida.com\/es\/wp-json\/wp\/v2\/categories?post=3079"},{"taxonomy":"post_tag","embeddable":true,"href":"https:\/\/www.cmalleida.com\/es\/wp-json\/wp\/v2\/tags?post=3079"}],"curies":[{"name":"wp","href":"https:\/\/api.w.org\/{rel}","templated":true}]}}