{"id":3067,"date":"2018-08-31T09:48:36","date_gmt":"2018-08-31T07:48:36","guid":{"rendered":"https:\/\/www.cmalleida.com\/?p=3067"},"modified":"2018-08-31T09:48:36","modified_gmt":"2018-08-31T07:48:36","slug":"quien-asegura-mi-equipaje-la-vanguardia","status":"publish","type":"post","link":"https:\/\/www.cmalleida.com\/es\/quien-asegura-mi-equipaje-la-vanguardia\/","title":{"rendered":"\u00bfQui\u00e9n asegura mi equipaje? (La Vanguardia)"},"content":{"rendered":"<p>El seguro multirriesgo del Hogar incluye la cobertura de los \u201cbienes desplazados\u201d<\/p>\n<p>JOAN MORALES Publicado a 31-07-2018 6:47<\/p>\n<p>Salimos de viaje. Reina el optimismo general. Aunque en todas las familias, en los grupos de amigos y viajeros, siempre habr\u00e1 quien sea algo m\u00e1s precavido, m\u00e1s reflexivo. Y es bueno que as\u00ed sea. Porque, tambi\u00e9n sabemos que durante un desplazamiento pueden ocurrir percances; que estando fuera de casa podemos perder parte del equipaje, pueden entrar a robarnos en la habitaci\u00f3n del hotel, del apartamento que alquilamos para una semana, etc.<\/p>\n<p>Nos preguntamos,\u00a0<strong>\u00bfhay alg\u00fan seguro que cubra nuestros bienes cuando estamos de viaje?<\/strong>\u00a0La respuesta es s\u00ed. Pero conviene conocer las\u00a0<strong>distintas f\u00f3rmulas aseguradoras con las que podemos contar<\/strong>.\u00a0<strong>Nuestro agente o corredor<\/strong>\u00a0de seguros podr\u00e1 asesorarnos al respecto.<\/p>\n<p>En este art\u00edculo dejamos de lado la\u00a0<strong>posibilidad de reclamaci\u00f3n\u00a0<\/strong>que en ocasiones tendremos\u00a0<strong>como usuarios de medios de transporte por retraso o p\u00e9rdida de equipaje\u00a0<\/strong>y nos centraremos en el aseguramiento directo de nuestros bienes durante nuestros desplazamientos.<\/p>\n<h3><strong>Los seguros de asistencia en viaje<\/strong><\/h3>\n<p>En t\u00e9rminos generales los seguros de asistencia en viaje incorporan entre sus coberturas algunas garant\u00edas relacionadas directamente con el equipaje. Las m\u00e1s habituales son:<\/p>\n<ul>\n<li><strong>Robo y da\u00f1os a los equipajes<\/strong>. La cobertura puede circunscribirse a\u00a0<strong>equipajes facturados en medios de transporte p\u00fablico<\/strong>o cubrir tambi\u00e9n los\u00a0<strong>da\u00f1os por fuego y el<\/strong>\u00a0<strong>robo fuera de estos medios de transporte<\/strong>.\n<ul>\n<li>Conviene prestar atenci\u00f3n a los l\u00edmites por objeto y por siniestro<\/li>\n<li>Las indemnizaciones ser\u00e1n en exceso de las realizadas por el responsable del medio de transporte si las hubiera. En ning\u00fan caso podr\u00e1 producirse un enriquecimiento por parte del asegurado<\/li>\n<\/ul>\n<\/li>\n<li><strong>Demora en la entrega del equipaje<\/strong>. El objeto de esta cobertura es el de facilitar al asegurado viajero salir del paso respecto de las necesidades m\u00e1s perentorias cuando, al llegar al destino (en la mayor\u00eda de casos se trata de un viaje en avi\u00f3n) se encuentra con que su maleta no aparece. El seguro de viajes cubre la\u00a0<strong>adquisici\u00f3n de bienes de primera necesidad: art\u00edculos de higiene y ropa<\/strong>.\n<ul>\n<li>Las aseguradoras establecen un tiempo m\u00ednimo de retraso (entre 6 y 24 horas, o que medie una noche). Algunas aseguradoras aumentan el capital asegurado se el retraso supera un determinado n\u00famero de horas<\/li>\n<li>Esta garant\u00eda suele venir acompa\u00f1ada de la de \u201c<strong>b\u00fasqueda y localizaci\u00f3n de equipajes<\/strong>\u201d, que consiste en una prestaci\u00f3n de servicios en gestiones con esta finalidad<\/li>\n<\/ul>\n<\/li>\n<li><strong>Env\u00edo de objetos olvidados<\/strong>. Garant\u00eda que algunos aseguradores ofrecen en su paquete de coberturas del seguro de asistencia en viaje. No es infrecuente olvidar alg\u00fan objeto en la habitaci\u00f3n del hotel o en el apartamento.<\/li>\n<\/ul>\n<h3><strong>Los seguros del hogar ofrecen soluciones para estos casos<\/strong><\/h3>\n<p>Bajo la denominaci\u00f3n de cobertura de<strong>\u00a0\u201cbienes desplazados\u201d<\/strong>, \u201c<strong>traslado temporal del contenido<\/strong>\u201d u otras denominaciones similares,\u00a0<strong>muchas entidades aseguradoras<\/strong>\u00a0(no todas), entre las garant\u00edas de su seguro\u00a0<strong>Multirriesgo del Hogar<\/strong>\u00a0en el que\u00a0<strong>se asegure contenido<\/strong>, ofrecen una cobertura para los bienes del hogar asegurado que, con ocasi\u00f3n de un viaje, se desplacen fuera del mismo.<\/p>\n<p>Es preciso que tengamos presentes estas acotaciones:<\/p>\n<ul>\n<li>El capital m\u00e1ximo suele ser un porcentaje del capital de contenido asegurado con un\u00a0<strong>l\u00edmite m\u00e1ximo<\/strong>. Estos t\u00e9rminos pueden variar bastante de un asegurador a otro.<\/li>\n<li>Se cubren los da\u00f1os cubiertos por las principales garant\u00edas de la p\u00f3liza (incendio, explosi\u00f3n, ca\u00edda del rayo, da\u00f1os por agua, robo y expoliaci\u00f3n) ocurridos en:\n<ul>\n<li><strong>Apartamentos o viviendas de alquiler temporal<\/strong>(que no tengan condici\u00f3n de segunda residencia del asegurado).<\/li>\n<li><strong>Habitaciones de hoteles o pensiones<\/strong><\/li>\n<li>Estas viviendas o establecimientos deben cumplir unas\u00a0<strong>condiciones de seguridad<\/strong>equivalentes a las declaradas en la p\u00f3liza respecto del\u00a0<strong>hogar asegurado<\/strong>.<\/li>\n<\/ul>\n<\/li>\n<li>Algunos aseguradores ampl\u00edan la cobertura a\u00a0<strong>medios de transporte p\u00fablicos o privados<\/strong>. En este caso se suelen excluir las joyas, objetos de valor y dinero en efectivo. En el caso de medios de transporte p\u00fablicos, la cobertura ser\u00e1 en exceso de las indemnizaciones pagadas por el responsable del transporte.<\/li>\n<li><strong>Atenci\u00f3n al \u00e1mbito geogr\u00e1fico<\/strong>: Algunos aseguradores lo limitan a Espa\u00f1a, mientras que otros extienden el \u00e1mbito de cobertura a Espa\u00f1a y pa\u00edses de la UE m\u00e1s Suiza, siempre que el asegurado resida habitualmente en Espa\u00f1a.<\/li>\n<li><strong>\u00c1mbito temporal<\/strong>: Suele limitarse a desplazamientos\u00a0<strong>no superiores a los tres meses<\/strong>.<\/li>\n<\/ul>\n<p>Si siempre prevalece el principio de que \u201c<strong>todos los seguros se parecen pero ninguno es igual<\/strong>\u201d, es en seguros como el de asistencia en viaje o el de multirriesgo del hogar donde se hace especialmente evidente la diferencia de calidad en base a los \u201cdetalles\u201d de las coberturas. Una vez m\u00e1s recomendamos el\u00a0<strong>asesoramiento de un mediador de seguros profesional<\/strong>.<\/p>\n<h3><strong>Los seguros facilitados por establecimientos tur\u00edsticos<\/strong><\/h3>\n<p>Es habitual que, m\u00e1s all\u00e1 de sus responsabilidades, los establecimientos hoteleros y otras residencias tur\u00edsticas ofrezcan a sus clientes, habitualmente como garant\u00eda incluida en sus servicios,\u00a0 \u00a0coberturas garantizadas por contratos de seguro respecto de los bienes depositados en:<\/p>\n<ul>\n<li>Las habitaciones<\/li>\n<li>Las cajas de seguridad de las habitaciones<\/li>\n<li>Las cajas de seguridad \/ cajas fuertes de la recepci\u00f3n del establecimiento.<\/li>\n<\/ul>\n<p>Como es l\u00f3gico, los l\u00edmites de capital y los tipos de bienes que se garantizan en cada una de estas situaciones ser\u00e1n distintos. Es muy recomendable informarse y hacer un uso adecuado de estos servicios, pensando tambi\u00e9n en documentos como pasaportes, tarjetas de cr\u00e9dito y dinero en met\u00e1lico.<\/p>\n<p>Salimos de viaje. Reina el optimismo. Raz\u00f3n de m\u00e1s si fuimos precavidos.<\/p>\n<p>&nbsp;<\/p>\n","protected":false},"excerpt":{"rendered":"<p>El seguro multirriesgo del Hogar incluye la cobertura de los \u201cbienes desplazados\u201d JOAN MORALES Publicado a 31-07-2018 6:47 Salimos de viaje. Reina el optimismo general&#8230;. <a href=\"https:\/\/www.cmalleida.com\/es\/quien-asegura-mi-equipaje-la-vanguardia\/\" rel=\"nofollow\" class=\"lollegirmes\">Llegeix m\u00e9s<\/a><\/p>\n","protected":false},"author":3,"featured_media":3049,"comment_status":"closed","ping_status":"closed","sticky":false,"template":"","format":"standard","meta":{"_acf_changed":false,"_genesis_hide_title":false,"_genesis_hide_breadcrumbs":false,"_genesis_hide_singular_image":false,"_genesis_hide_footer_widgets":false,"_genesis_custom_body_class":"","_genesis_custom_post_class":"","_genesis_layout":"","footnotes":""},"categories":[28],"tags":[],"class_list":{"0":"post-3067","1":"post","2":"type-post","3":"status-publish","4":"format-standard","5":"has-post-thumbnail","7":"category-actualidad","8":"entry"},"acf":[],"yoast_head":"<!-- This site is optimized with the Yoast SEO plugin v27.2 - https:\/\/yoast.com\/product\/yoast-seo-wordpress\/ -->\n<title>\u00bfQui\u00e9n asegura mi equipaje? (La Vanguardia) - Col\u00b7legi de Mediadors d&#039;Assegurances de Lleida<\/title>\n<meta name=\"robots\" content=\"index, follow, max-snippet:-1, max-image-preview:large, max-video-preview:-1\" \/>\n<link rel=\"canonical\" href=\"https:\/\/www.cmalleida.com\/es\/quien-asegura-mi-equipaje-la-vanguardia\/\" \/>\n<meta property=\"og:locale\" content=\"es_ES\" \/>\n<meta property=\"og:type\" content=\"article\" \/>\n<meta property=\"og:title\" content=\"\u00bfQui\u00e9n asegura mi equipaje? (La Vanguardia) - Col\u00b7legi de Mediadors d&#039;Assegurances de Lleida\" \/>\n<meta property=\"og:description\" content=\"El seguro multirriesgo del Hogar incluye la cobertura de los \u201cbienes desplazados\u201d JOAN MORALES Publicado a 31-07-2018 6:47 Salimos de viaje. Reina el optimismo general.... Llegeix m\u00e9s\" \/>\n<meta property=\"og:url\" content=\"https:\/\/www.cmalleida.com\/es\/quien-asegura-mi-equipaje-la-vanguardia\/\" \/>\n<meta property=\"og:site_name\" content=\"Col\u00b7legi de Mediadors d&#039;Assegurances de Lleida\" \/>\n<meta property=\"article:published_time\" content=\"2018-08-31T07:48:36+00:00\" \/>\n<meta property=\"og:image\" content=\"https:\/\/www.cmalleida.com\/wp-content\/uploads\/captura-1.png\" \/>\n\t<meta property=\"og:image:width\" content=\"385\" \/>\n\t<meta property=\"og:image:height\" content=\"339\" \/>\n\t<meta property=\"og:image:type\" content=\"image\/png\" \/>\n<meta name=\"author\" content=\"Col\u00b7legi Mediadors\" \/>\n<meta name=\"twitter:card\" content=\"summary_large_image\" \/>\n<meta name=\"twitter:label1\" content=\"Written by\" \/>\n\t<meta name=\"twitter:data1\" content=\"Col\u00b7legi Mediadors\" \/>\n\t<meta name=\"twitter:label2\" content=\"Est. reading time\" \/>\n\t<meta name=\"twitter:data2\" content=\"5 minutos\" \/>\n<script type=\"application\/ld+json\" class=\"yoast-schema-graph\">{\"@context\":\"https:\/\/schema.org\",\"@graph\":[{\"@type\":\"Article\",\"@id\":\"https:\/\/www.cmalleida.com\/es\/quien-asegura-mi-equipaje-la-vanguardia\/#article\",\"isPartOf\":{\"@id\":\"https:\/\/www.cmalleida.com\/es\/quien-asegura-mi-equipaje-la-vanguardia\/\"},\"author\":{\"name\":\"Col\u00b7legi Mediadors\",\"@id\":\"https:\/\/www.cmalleida.com\/es\/#\/schema\/person\/bc84b7874fa5ac8a15c15a050fb3b79c\"},\"headline\":\"\u00bfQui\u00e9n asegura mi equipaje? (La Vanguardia)\",\"datePublished\":\"2018-08-31T07:48:36+00:00\",\"mainEntityOfPage\":{\"@id\":\"https:\/\/www.cmalleida.com\/es\/quien-asegura-mi-equipaje-la-vanguardia\/\"},\"wordCount\":957,\"publisher\":{\"@id\":\"https:\/\/www.cmalleida.com\/es\/#organization\"},\"image\":{\"@id\":\"https:\/\/www.cmalleida.com\/es\/quien-asegura-mi-equipaje-la-vanguardia\/#primaryimage\"},\"thumbnailUrl\":\"https:\/\/www.cmalleida.com\/wp-content\/uploads\/captura-1.png\",\"articleSection\":[\"Actualidad\"],\"inLanguage\":\"es\"},{\"@type\":\"WebPage\",\"@id\":\"https:\/\/www.cmalleida.com\/es\/quien-asegura-mi-equipaje-la-vanguardia\/\",\"url\":\"https:\/\/www.cmalleida.com\/es\/quien-asegura-mi-equipaje-la-vanguardia\/\",\"name\":\"\u00bfQui\u00e9n asegura mi equipaje? (La Vanguardia) - Col\u00b7legi de Mediadors d&#039;Assegurances de Lleida\",\"isPartOf\":{\"@id\":\"https:\/\/www.cmalleida.com\/es\/#website\"},\"primaryImageOfPage\":{\"@id\":\"https:\/\/www.cmalleida.com\/es\/quien-asegura-mi-equipaje-la-vanguardia\/#primaryimage\"},\"image\":{\"@id\":\"https:\/\/www.cmalleida.com\/es\/quien-asegura-mi-equipaje-la-vanguardia\/#primaryimage\"},\"thumbnailUrl\":\"https:\/\/www.cmalleida.com\/wp-content\/uploads\/captura-1.png\",\"datePublished\":\"2018-08-31T07:48:36+00:00\",\"breadcrumb\":{\"@id\":\"https:\/\/www.cmalleida.com\/es\/quien-asegura-mi-equipaje-la-vanguardia\/#breadcrumb\"},\"inLanguage\":\"es\",\"potentialAction\":[{\"@type\":\"ReadAction\",\"target\":[\"https:\/\/www.cmalleida.com\/es\/quien-asegura-mi-equipaje-la-vanguardia\/\"]}]},{\"@type\":\"ImageObject\",\"inLanguage\":\"es\",\"@id\":\"https:\/\/www.cmalleida.com\/es\/quien-asegura-mi-equipaje-la-vanguardia\/#primaryimage\",\"url\":\"https:\/\/www.cmalleida.com\/wp-content\/uploads\/captura-1.png\",\"contentUrl\":\"https:\/\/www.cmalleida.com\/wp-content\/uploads\/captura-1.png\",\"width\":385,\"height\":339,\"caption\":\"Captura\"},{\"@type\":\"BreadcrumbList\",\"@id\":\"https:\/\/www.cmalleida.com\/es\/quien-asegura-mi-equipaje-la-vanguardia\/#breadcrumb\",\"itemListElement\":[{\"@type\":\"ListItem\",\"position\":1,\"name\":\"Inici\",\"item\":\"https:\/\/www.cmalleida.com\/es\/\"},{\"@type\":\"ListItem\",\"position\":2,\"name\":\"\u00bfQui\u00e9n asegura mi equipaje? (La Vanguardia)\"}]},{\"@type\":\"WebSite\",\"@id\":\"https:\/\/www.cmalleida.com\/es\/#website\",\"url\":\"https:\/\/www.cmalleida.com\/es\/\",\"name\":\"Col\u00b7legi de Mediadors d&#039;Assegurances de Lleida\",\"description\":\"Otro sitio realizado con WordPress\",\"publisher\":{\"@id\":\"https:\/\/www.cmalleida.com\/es\/#organization\"},\"potentialAction\":[{\"@type\":\"SearchAction\",\"target\":{\"@type\":\"EntryPoint\",\"urlTemplate\":\"https:\/\/www.cmalleida.com\/es\/?s={search_term_string}\"},\"query-input\":{\"@type\":\"PropertyValueSpecification\",\"valueRequired\":true,\"valueName\":\"search_term_string\"}}],\"inLanguage\":\"es\"},{\"@type\":\"Organization\",\"@id\":\"https:\/\/www.cmalleida.com\/es\/#organization\",\"name\":\"Col\u00b7legi de Mediadors d'Assegurances de Lleida\",\"url\":\"https:\/\/www.cmalleida.com\/es\/\",\"logo\":{\"@type\":\"ImageObject\",\"inLanguage\":\"es\",\"@id\":\"https:\/\/www.cmalleida.com\/es\/#\/schema\/logo\/image\/\",\"url\":\"\",\"contentUrl\":\"\",\"caption\":\"Col\u00b7legi de Mediadors d'Assegurances de Lleida\"},\"image\":{\"@id\":\"https:\/\/www.cmalleida.com\/es\/#\/schema\/logo\/image\/\"}},{\"@type\":\"Person\",\"@id\":\"https:\/\/www.cmalleida.com\/es\/#\/schema\/person\/bc84b7874fa5ac8a15c15a050fb3b79c\",\"name\":\"Col\u00b7legi Mediadors\",\"image\":{\"@type\":\"ImageObject\",\"inLanguage\":\"es\",\"@id\":\"https:\/\/secure.gravatar.com\/avatar\/05a66e0aafde4a91aea6f2c243b0b99b03dac1cca78dc84298f5e7e7ad4dfd33?s=96&d=mm&r=g\",\"url\":\"https:\/\/secure.gravatar.com\/avatar\/05a66e0aafde4a91aea6f2c243b0b99b03dac1cca78dc84298f5e7e7ad4dfd33?s=96&d=mm&r=g\",\"contentUrl\":\"https:\/\/secure.gravatar.com\/avatar\/05a66e0aafde4a91aea6f2c243b0b99b03dac1cca78dc84298f5e7e7ad4dfd33?s=96&d=mm&r=g\",\"caption\":\"Col\u00b7legi Mediadors\"}}]}<\/script>\n<!-- \/ Yoast SEO plugin. -->","yoast_head_json":{"title":"\u00bfQui\u00e9n asegura mi equipaje? (La Vanguardia) - Col\u00b7legi de Mediadors d&#039;Assegurances de Lleida","robots":{"index":"index","follow":"follow","max-snippet":"max-snippet:-1","max-image-preview":"max-image-preview:large","max-video-preview":"max-video-preview:-1"},"canonical":"https:\/\/www.cmalleida.com\/es\/quien-asegura-mi-equipaje-la-vanguardia\/","og_locale":"es_ES","og_type":"article","og_title":"\u00bfQui\u00e9n asegura mi equipaje? (La Vanguardia) - Col\u00b7legi de Mediadors d&#039;Assegurances de Lleida","og_description":"El seguro multirriesgo del Hogar incluye la cobertura de los \u201cbienes desplazados\u201d JOAN MORALES Publicado a 31-07-2018 6:47 Salimos de viaje. Reina el optimismo general.... Llegeix m\u00e9s","og_url":"https:\/\/www.cmalleida.com\/es\/quien-asegura-mi-equipaje-la-vanguardia\/","og_site_name":"Col\u00b7legi de Mediadors d&#039;Assegurances de Lleida","article_published_time":"2018-08-31T07:48:36+00:00","og_image":[{"width":385,"height":339,"url":"https:\/\/www.cmalleida.com\/wp-content\/uploads\/captura-1.png","type":"image\/png"}],"author":"Col\u00b7legi Mediadors","twitter_card":"summary_large_image","twitter_misc":{"Written by":"Col\u00b7legi Mediadors","Est. reading time":"5 minutos"},"schema":{"@context":"https:\/\/schema.org","@graph":[{"@type":"Article","@id":"https:\/\/www.cmalleida.com\/es\/quien-asegura-mi-equipaje-la-vanguardia\/#article","isPartOf":{"@id":"https:\/\/www.cmalleida.com\/es\/quien-asegura-mi-equipaje-la-vanguardia\/"},"author":{"name":"Col\u00b7legi Mediadors","@id":"https:\/\/www.cmalleida.com\/es\/#\/schema\/person\/bc84b7874fa5ac8a15c15a050fb3b79c"},"headline":"\u00bfQui\u00e9n asegura mi equipaje? (La Vanguardia)","datePublished":"2018-08-31T07:48:36+00:00","mainEntityOfPage":{"@id":"https:\/\/www.cmalleida.com\/es\/quien-asegura-mi-equipaje-la-vanguardia\/"},"wordCount":957,"publisher":{"@id":"https:\/\/www.cmalleida.com\/es\/#organization"},"image":{"@id":"https:\/\/www.cmalleida.com\/es\/quien-asegura-mi-equipaje-la-vanguardia\/#primaryimage"},"thumbnailUrl":"https:\/\/www.cmalleida.com\/wp-content\/uploads\/captura-1.png","articleSection":["Actualidad"],"inLanguage":"es"},{"@type":"WebPage","@id":"https:\/\/www.cmalleida.com\/es\/quien-asegura-mi-equipaje-la-vanguardia\/","url":"https:\/\/www.cmalleida.com\/es\/quien-asegura-mi-equipaje-la-vanguardia\/","name":"\u00bfQui\u00e9n asegura mi equipaje? (La Vanguardia) - Col\u00b7legi de Mediadors d&#039;Assegurances de Lleida","isPartOf":{"@id":"https:\/\/www.cmalleida.com\/es\/#website"},"primaryImageOfPage":{"@id":"https:\/\/www.cmalleida.com\/es\/quien-asegura-mi-equipaje-la-vanguardia\/#primaryimage"},"image":{"@id":"https:\/\/www.cmalleida.com\/es\/quien-asegura-mi-equipaje-la-vanguardia\/#primaryimage"},"thumbnailUrl":"https:\/\/www.cmalleida.com\/wp-content\/uploads\/captura-1.png","datePublished":"2018-08-31T07:48:36+00:00","breadcrumb":{"@id":"https:\/\/www.cmalleida.com\/es\/quien-asegura-mi-equipaje-la-vanguardia\/#breadcrumb"},"inLanguage":"es","potentialAction":[{"@type":"ReadAction","target":["https:\/\/www.cmalleida.com\/es\/quien-asegura-mi-equipaje-la-vanguardia\/"]}]},{"@type":"ImageObject","inLanguage":"es","@id":"https:\/\/www.cmalleida.com\/es\/quien-asegura-mi-equipaje-la-vanguardia\/#primaryimage","url":"https:\/\/www.cmalleida.com\/wp-content\/uploads\/captura-1.png","contentUrl":"https:\/\/www.cmalleida.com\/wp-content\/uploads\/captura-1.png","width":385,"height":339,"caption":"Captura"},{"@type":"BreadcrumbList","@id":"https:\/\/www.cmalleida.com\/es\/quien-asegura-mi-equipaje-la-vanguardia\/#breadcrumb","itemListElement":[{"@type":"ListItem","position":1,"name":"Inici","item":"https:\/\/www.cmalleida.com\/es\/"},{"@type":"ListItem","position":2,"name":"\u00bfQui\u00e9n asegura mi equipaje? (La Vanguardia)"}]},{"@type":"WebSite","@id":"https:\/\/www.cmalleida.com\/es\/#website","url":"https:\/\/www.cmalleida.com\/es\/","name":"Col\u00b7legi de Mediadors d&#039;Assegurances de Lleida","description":"Otro sitio realizado con WordPress","publisher":{"@id":"https:\/\/www.cmalleida.com\/es\/#organization"},"potentialAction":[{"@type":"SearchAction","target":{"@type":"EntryPoint","urlTemplate":"https:\/\/www.cmalleida.com\/es\/?s={search_term_string}"},"query-input":{"@type":"PropertyValueSpecification","valueRequired":true,"valueName":"search_term_string"}}],"inLanguage":"es"},{"@type":"Organization","@id":"https:\/\/www.cmalleida.com\/es\/#organization","name":"Col\u00b7legi de Mediadors d'Assegurances de Lleida","url":"https:\/\/www.cmalleida.com\/es\/","logo":{"@type":"ImageObject","inLanguage":"es","@id":"https:\/\/www.cmalleida.com\/es\/#\/schema\/logo\/image\/","url":"","contentUrl":"","caption":"Col\u00b7legi de Mediadors d'Assegurances de Lleida"},"image":{"@id":"https:\/\/www.cmalleida.com\/es\/#\/schema\/logo\/image\/"}},{"@type":"Person","@id":"https:\/\/www.cmalleida.com\/es\/#\/schema\/person\/bc84b7874fa5ac8a15c15a050fb3b79c","name":"Col\u00b7legi Mediadors","image":{"@type":"ImageObject","inLanguage":"es","@id":"https:\/\/secure.gravatar.com\/avatar\/05a66e0aafde4a91aea6f2c243b0b99b03dac1cca78dc84298f5e7e7ad4dfd33?s=96&d=mm&r=g","url":"https:\/\/secure.gravatar.com\/avatar\/05a66e0aafde4a91aea6f2c243b0b99b03dac1cca78dc84298f5e7e7ad4dfd33?s=96&d=mm&r=g","contentUrl":"https:\/\/secure.gravatar.com\/avatar\/05a66e0aafde4a91aea6f2c243b0b99b03dac1cca78dc84298f5e7e7ad4dfd33?s=96&d=mm&r=g","caption":"Col\u00b7legi Mediadors"}}]}},"_links":{"self":[{"href":"https:\/\/www.cmalleida.com\/es\/wp-json\/wp\/v2\/posts\/3067","targetHints":{"allow":["GET"]}}],"collection":[{"href":"https:\/\/www.cmalleida.com\/es\/wp-json\/wp\/v2\/posts"}],"about":[{"href":"https:\/\/www.cmalleida.com\/es\/wp-json\/wp\/v2\/types\/post"}],"author":[{"embeddable":true,"href":"https:\/\/www.cmalleida.com\/es\/wp-json\/wp\/v2\/users\/3"}],"replies":[{"embeddable":true,"href":"https:\/\/www.cmalleida.com\/es\/wp-json\/wp\/v2\/comments?post=3067"}],"version-history":[{"count":1,"href":"https:\/\/www.cmalleida.com\/es\/wp-json\/wp\/v2\/posts\/3067\/revisions"}],"predecessor-version":[{"id":3068,"href":"https:\/\/www.cmalleida.com\/es\/wp-json\/wp\/v2\/posts\/3067\/revisions\/3068"}],"wp:featuredmedia":[{"embeddable":true,"href":"https:\/\/www.cmalleida.com\/es\/wp-json\/wp\/v2\/media\/3049"}],"wp:attachment":[{"href":"https:\/\/www.cmalleida.com\/es\/wp-json\/wp\/v2\/media?parent=3067"}],"wp:term":[{"taxonomy":"category","embeddable":true,"href":"https:\/\/www.cmalleida.com\/es\/wp-json\/wp\/v2\/categories?post=3067"},{"taxonomy":"post_tag","embeddable":true,"href":"https:\/\/www.cmalleida.com\/es\/wp-json\/wp\/v2\/tags?post=3067"}],"curies":[{"name":"wp","href":"https:\/\/api.w.org\/{rel}","templated":true}]}}