{"id":3057,"date":"2018-08-31T09:36:15","date_gmt":"2018-08-31T07:36:15","guid":{"rendered":"https:\/\/www.cmalleida.com\/?p=3057"},"modified":"2018-08-31T09:36:15","modified_gmt":"2018-08-31T07:36:15","slug":"de-verdad-conoces-todas-las-coberturas-de-tu-seguro-el-pais","status":"publish","type":"post","link":"https:\/\/www.cmalleida.com\/es\/de-verdad-conoces-todas-las-coberturas-de-tu-seguro-el-pais\/","title":{"rendered":"\u00bfDe verdad conoces todas las coberturas de tu seguro? (El Pa\u00eds)"},"content":{"rendered":"<p>Desde p\u00f3lizas de salud que indemnizan el retraso de un vuelo hasta seguros de hogar que cubren robos fuera del domicilio, las garant\u00edas de estos contratos son, a veces, inesperadas<\/p>\n<p><a href=\"https:\/\/elpais.com\/autor\/gabriele_ferluga\/a\/\">GABRIELE FERLUGA<\/a><\/p>\n<p><strong>Madrid\u00a0<\/strong><a href=\"https:\/\/elpais.com\/tag\/fecha\/20180807\">7 AGO 2018 &#8211; 16:16 CEST<\/a><\/p>\n<p>Tener la misma cobertura en dos o m\u00e1s\u00a0<a href=\"https:\/\/elpais.com\/tag\/seguros\/a\">seguros<\/a>\u00a0distintos, o tenerla en uno solo, pero ignorar del todo su existencia. Esta situaci\u00f3n, que puede parecer parad\u00f3jica, se da en mucho m\u00e1s casos de los que se cree, seg\u00fan los operadores del sector. Ocurre en todos los ramos del seguro, entre ellos, el de\u00a0<a href=\"https:\/\/elpais.com\/economia\/2017\/08\/01\/actualidad\/1501588277_380353.html\">las p\u00f3lizas de viaje<\/a>. \u201cLas personas contratan un seguro de viaje por cuatro razones: disponer de asistencia m\u00e9dica en el extranjero, recuperar su dinero si no pueden viajar, protegerse ante da\u00f1os, p\u00e9rdida o demora en la entrega de sus equipajes, y ser indemnizados ante\u00a0<a href=\"https:\/\/elpais.com\/elpais\/2018\/07\/25\/album\/1532502640_949546.html#foto_gal_1\">incidencias o huelgas de transporte<\/a>\u201d, explica Arturo Moreno, director comercial de InterMundial, br\u00f3ker especializado en este tipo de p\u00f3lizas. \u201cPero, aparte corroborar que est\u00e1n aseguradas ante estas circunstancias, son pocas las personas que leen con detenimiento todas las coberturas, de las que muchas veces no se benefician por desconocimiento\u201d, a\u00f1ade.<\/p>\n<p>Entre las situaciones o eventos que indemnizan algunos seguros de InterMundial, por ejemplo, est\u00e1n el asesoramiento jur\u00eddico por tel\u00e9fono, el secuestro o, en los m\u00e1s completos y hasta los l\u00edmites contratados, la cancelaci\u00f3n del viaje por despido, causas de libre desistimiento, cancelaci\u00f3n de la boda (en el caso de una luna de miel), sanci\u00f3n de tr\u00e1fico superior a 600 euros, incorporaci\u00f3n urgente a Fuerzas Armadas, Polic\u00eda o Bomberos, y actos de pirater\u00eda a\u00e9rea, terrestre o naval.<\/p>\n<p>Si es l\u00f3gico, adem\u00e1s, que este tipo de coberturas se encuentren en un seguro de viaje, no es tan evidente que algunas de ellas se hallen en una p\u00f3liza de salud, lo que sin embargo ocurre en Aegon, entre otras compa\u00f1\u00edas. En su caso, si\u00a0<a href=\"https:\/\/elpais.com\/economia\/2017\/07\/07\/actualidad\/1499444704_244055.html\">el viaje se demora por culpa del transportista<\/a>\u00a0seis o m\u00e1s horas, su seguro de salud indemniza\u00a060 euros por cada fracci\u00f3n de seis horas, por un m\u00e1ximo de 180 euros. Y concede hasta 120 euros para la compra de ropa y objetos de primera necesidad si el viajero sufriera una demora en la entrega de su equipaje superior a las seis horas, un importe al que se sumar\u00edan otros 180 euros si el retraso superara los tres d\u00edas. Asimismo, una aver\u00eda o p\u00e9rdida del equipaje reconocido por el transportista dar\u00eda lugar a una indemnizaci\u00f3n complementaria de hasta 900 euros.<\/p>\n<p><strong>\u00bfIncapacidad permanente o absoluta?<\/strong><\/p>\n<p>M\u00e1s all\u00e1 de este tipo de p\u00f3lizas, m\u00e1s utilizadas en vacaciones, el director t\u00e9cnico de la corredur\u00eda de seguros Lluch &amp; Juelich Brokers, Carlos Lluch, se\u00f1ala otras coberturas desconocidas. \u201cEn seguros a personas, tal vez la que menos se conoce es la incapacidad permanente total o profesional\u201d, destaca, es decir una invalidez que no permite al asegurado ejercer su profesi\u00f3n pero le consentir\u00eda trabajar en otra, en la que, sin embargo, posiblemente tenga ingresos m\u00e1s bajos. En su lugar, es m\u00e1s com\u00fan tener contratada la invalidez absoluta, que impide ejecutar cualquier trabajo.<\/p>\n<p>Otro seguro muy desconocido \u2013aunque \u201cmuy barato\u201d, en palabras de Lluch\u2013 y capaz de aliviar una situaci\u00f3n \u201cdram\u00e1tica para el individuo y su familia\u201d es el que cubre\u00a0<a href=\"https:\/\/elpais.com\/tag\/dependencia_personal\/a\">la dependencia<\/a>, al garantizar una renta vitalicia o temporal con la que pagar cuidadores o una residencia. En el seguro de vida de Aegon se incluye una bolsa de ayuda de 50 horas anuales con un m\u00ednimo de tres horas por servicio, para prestaciones como levantar de la cama, aseo personal, comida, y cambio de ropa, entre otras.<\/p>\n<p>Y si Urtzi Gonz\u00e1lez, abogado del despacho Sanahuja Miranda, apunta que en el seguro de vida pueden incluirse los gastos funerarios del asegurado fallecido, Lluch relata haber asesorado una empresa para incluir, en sus p\u00f3lizas de decesos, una cobertura que permita hacer real un sue\u00f1o tras la muerte, como regalarle un viaje a los nietos, pagarles la carrera o cualquier otra cosa se le antoje al tomador.<\/p>\n<p><strong>El seguro de hogar, fuera del domicilio<\/strong><\/p>\n<p>En los entresijos de un seguro de hogar tambi\u00e9n podr\u00eda esconderse una cobertura inesperada, como un robo que se produjera fuera del domicilio, en la v\u00eda p\u00fablica. Quedan normalmente excluidos \u201clos hurtos (sustracciones al descuido) y los importes en efectivo, debido a lo dif\u00edcil que resulta su prueba\u201d, subraya Gonz\u00e1lez.<\/p>\n<p>\u201cDesatascos, incluso preventivos; el env\u00edo de un manitas; cuidados en casa si hemos sufrido alg\u00fan accidente dom\u00e9stico; la custodia de nuestra mascota mientras estamos hospitalizados\u2026\u201d. Son muchas las coberturas que, en palabras de Lluch, se pueden encontrar en este tipo de p\u00f3liza, aunque el br\u00f3ker advierte de que, por el contrario, en los seguros\u00a0<em>low cost<\/em>\u00a0la tendencia es hacer desaparecer hasta las \u201cde caj\u00f3n\u201d. \u201cPor ejemplo, \u00bfqu\u00e9 tal no tener vivienda alternativa si sufrimos un incendio?\u201d, ironiza, al referirse a compa\u00f1\u00edas que no la garantizan.<\/p>\n<p><strong>\u00bfY si quebrara el seguro del coche?<\/strong><\/p>\n<p>Pese a su relevancia, en el seguro de coche pocos valoran la cobertura que ofrece el llamado asegurador subsidiario. \u201cSi nuestro seguro quebrara, el\u00a0<a href=\"https:\/\/elpais.com\/tag\/consorcio_compensacion_seguros\/a\">Consorcio de Compensaci\u00f3n de Seguros<\/a>\u00a0se har\u00eda cargo de los da\u00f1os causados a terceros\u201d, explica Lluch. \u00bfCu\u00e1l es el problema? Que esta cobertura solo puede ofrecerla un asegurador espa\u00f1ol y no se encontrar\u00e1 en \u201ccompa\u00f1\u00edas extranjeras no controladas por nuestras autoridades\u201d.<\/p>\n<p>Gonz\u00e1lez prefiere hacer hincapi\u00e9 en la cobertura de defensa jur\u00eddica, que pone a disposici\u00f3n del asegurado asistencia legal proporcionada por la aseguradora o sufraga el coste de la misma hasta el l\u00edmite previsto por el contrato, en el caso de que el tomador quiera elegirlos por su cuenta.<\/p>\n<p>Otra garant\u00eda que destaca Lluch, especialmente importante para excursionistas, cazadores, gente de campo, ingenieros o constructores, es la de circulaci\u00f3n por v\u00edas no aptas, que cubre los da\u00f1os que puedan ocurrir, entre otros, en caminos de tierra. \u201cTambi\u00e9n es importante contar con el rescate, algo fundamental para recuperar el coche que cay\u00f3 por un barranco o al mar\u201d, agrega Lluch.<\/p>\n<p><strong>\u00bfQui\u00e9n es el culpable?<\/strong><\/p>\n<p>Los \u201cculpables\u201d del desconocimiento de estas coberturas son varios, seg\u00fan este br\u00f3ker. En la cabeza de su lista Lluch pone al propio cliente, \u201cquien muchas veces presta m\u00e1s atenci\u00f3n al precio que a lo que realmente cubre su seguro\u201d. Luego vienen la calidad del asesoramiento que el canal de distribuci\u00f3n le brind\u00f3, la escasa claridad de los contratos, y el hecho de que el seguro no es proactivo cuando se le comunica un siniestro y no ofrece todas las coberturas \u201cm\u00e1s all\u00e1 de la obvia que se reclama\u201d. En el caso de\u00a0<a href=\"https:\/\/elpais.com\/economia\/2017\/03\/02\/actualidad\/1488461322_264218.html\">p\u00f3lizas \u201cimpuestas\u201d por el banco<\/a>, a veces no ha habido \u201cexplicaci\u00f3n alguna, y la asistencia en siniestros es pobre o nula en sucursal\u201d, a\u00f1ade.<\/p>\n<p>No extra\u00f1a, pues, que no solo existan coberturas que los usuarios ignoran, sino tambi\u00e9n que una misma garant\u00eda que se desconoce y que est\u00e1 presente en un contrato de seguro, se encuentre tambi\u00e9n en otro. Una por todas, \u201cla asistencia en viaje\u201d, se\u00f1ala Lluch. \u201cLa tenemos y la pagamos en seguros de coche, hogar, m\u00e9dicos, en tarjetas de cr\u00e9dito e incluso en paquete vacacionales\u201d, afirma. En su opini\u00f3n, sin embargo, se trata de \u201cproductos casi placebo, con coberturas insignificantes, y que pueden causar problemas graves por exceso de confianza\u201d, como esas \u201ctarjetas VIP de l\u00edneas a\u00e9reas que ofrecen asistencia sanitaria en EE UU hasta 6.000 euros, cuando\u00a0<a href=\"https:\/\/elpais.com\/economia\/2017\/03\/22\/actualidad\/1490181530_828708.html\">una fractura de tobillo puede costar en ese mercado 42.000 euros<\/a>\u201d.<\/p>\n<p>&nbsp;<\/p>\n","protected":false},"excerpt":{"rendered":"<p>Desde p\u00f3lizas de salud que indemnizan el retraso de un vuelo hasta seguros de hogar que cubren robos fuera del domicilio, las garant\u00edas de estos&#8230; <a href=\"https:\/\/www.cmalleida.com\/es\/de-verdad-conoces-todas-las-coberturas-de-tu-seguro-el-pais\/\" rel=\"nofollow\" class=\"lollegirmes\">Llegeix m\u00e9s<\/a><\/p>\n","protected":false},"author":3,"featured_media":1931,"comment_status":"closed","ping_status":"closed","sticky":false,"template":"","format":"standard","meta":{"_acf_changed":false,"_genesis_hide_title":false,"_genesis_hide_breadcrumbs":false,"_genesis_hide_singular_image":false,"_genesis_hide_footer_widgets":false,"_genesis_custom_body_class":"","_genesis_custom_post_class":"","_genesis_layout":"","footnotes":""},"categories":[28],"tags":[],"class_list":{"0":"post-3057","1":"post","2":"type-post","3":"status-publish","4":"format-standard","5":"has-post-thumbnail","7":"category-actualidad","8":"entry"},"acf":[],"yoast_head":"<!-- This site is optimized with the Yoast SEO plugin v27.2 - https:\/\/yoast.com\/product\/yoast-seo-wordpress\/ -->\n<title>\u00bfDe verdad conoces todas las coberturas de tu seguro? (El Pa\u00eds) - Col\u00b7legi de Mediadors d&#039;Assegurances de Lleida<\/title>\n<meta name=\"robots\" content=\"index, follow, max-snippet:-1, max-image-preview:large, max-video-preview:-1\" \/>\n<link rel=\"canonical\" href=\"https:\/\/www.cmalleida.com\/es\/de-verdad-conoces-todas-las-coberturas-de-tu-seguro-el-pais\/\" \/>\n<meta property=\"og:locale\" content=\"es_ES\" \/>\n<meta property=\"og:type\" content=\"article\" \/>\n<meta property=\"og:title\" content=\"\u00bfDe verdad conoces todas las coberturas de tu seguro? (El Pa\u00eds) - Col\u00b7legi de Mediadors d&#039;Assegurances de Lleida\" \/>\n<meta property=\"og:description\" content=\"Desde p\u00f3lizas de salud que indemnizan el retraso de un vuelo hasta seguros de hogar que cubren robos fuera del domicilio, las garant\u00edas de estos... Llegeix m\u00e9s\" \/>\n<meta property=\"og:url\" content=\"https:\/\/www.cmalleida.com\/es\/de-verdad-conoces-todas-las-coberturas-de-tu-seguro-el-pais\/\" \/>\n<meta property=\"og:site_name\" content=\"Col\u00b7legi de Mediadors d&#039;Assegurances de Lleida\" \/>\n<meta property=\"article:published_time\" content=\"2018-08-31T07:36:15+00:00\" \/>\n<meta property=\"og:image\" content=\"https:\/\/www.cmalleida.com\/wp-content\/uploads\/cmall-lleida-actualitat-genta762.jpg\" \/>\n\t<meta property=\"og:image:width\" content=\"762\" \/>\n\t<meta property=\"og:image:height\" content=\"762\" \/>\n\t<meta property=\"og:image:type\" content=\"image\/jpeg\" \/>\n<meta name=\"author\" content=\"Col\u00b7legi Mediadors\" \/>\n<meta name=\"twitter:card\" content=\"summary_large_image\" \/>\n<meta name=\"twitter:label1\" content=\"Written by\" \/>\n\t<meta name=\"twitter:data1\" content=\"Col\u00b7legi Mediadors\" \/>\n\t<meta name=\"twitter:label2\" content=\"Est. reading time\" \/>\n\t<meta name=\"twitter:data2\" content=\"7 minutos\" \/>\n<script type=\"application\/ld+json\" class=\"yoast-schema-graph\">{\"@context\":\"https:\/\/schema.org\",\"@graph\":[{\"@type\":\"Article\",\"@id\":\"https:\/\/www.cmalleida.com\/es\/de-verdad-conoces-todas-las-coberturas-de-tu-seguro-el-pais\/#article\",\"isPartOf\":{\"@id\":\"https:\/\/www.cmalleida.com\/es\/de-verdad-conoces-todas-las-coberturas-de-tu-seguro-el-pais\/\"},\"author\":{\"name\":\"Col\u00b7legi Mediadors\",\"@id\":\"https:\/\/www.cmalleida.com\/es\/#\/schema\/person\/bc84b7874fa5ac8a15c15a050fb3b79c\"},\"headline\":\"\u00bfDe verdad conoces todas las coberturas de tu seguro? (El Pa\u00eds)\",\"datePublished\":\"2018-08-31T07:36:15+00:00\",\"mainEntityOfPage\":{\"@id\":\"https:\/\/www.cmalleida.com\/es\/de-verdad-conoces-todas-las-coberturas-de-tu-seguro-el-pais\/\"},\"wordCount\":1325,\"publisher\":{\"@id\":\"https:\/\/www.cmalleida.com\/es\/#organization\"},\"image\":{\"@id\":\"https:\/\/www.cmalleida.com\/es\/de-verdad-conoces-todas-las-coberturas-de-tu-seguro-el-pais\/#primaryimage\"},\"thumbnailUrl\":\"https:\/\/www.cmalleida.com\/wp-content\/uploads\/cmall-lleida-actualitat-genta762.jpg\",\"articleSection\":[\"Actualidad\"],\"inLanguage\":\"es\"},{\"@type\":\"WebPage\",\"@id\":\"https:\/\/www.cmalleida.com\/es\/de-verdad-conoces-todas-las-coberturas-de-tu-seguro-el-pais\/\",\"url\":\"https:\/\/www.cmalleida.com\/es\/de-verdad-conoces-todas-las-coberturas-de-tu-seguro-el-pais\/\",\"name\":\"\u00bfDe verdad conoces todas las coberturas de tu seguro? (El Pa\u00eds) - Col\u00b7legi de Mediadors d&#039;Assegurances de Lleida\",\"isPartOf\":{\"@id\":\"https:\/\/www.cmalleida.com\/es\/#website\"},\"primaryImageOfPage\":{\"@id\":\"https:\/\/www.cmalleida.com\/es\/de-verdad-conoces-todas-las-coberturas-de-tu-seguro-el-pais\/#primaryimage\"},\"image\":{\"@id\":\"https:\/\/www.cmalleida.com\/es\/de-verdad-conoces-todas-las-coberturas-de-tu-seguro-el-pais\/#primaryimage\"},\"thumbnailUrl\":\"https:\/\/www.cmalleida.com\/wp-content\/uploads\/cmall-lleida-actualitat-genta762.jpg\",\"datePublished\":\"2018-08-31T07:36:15+00:00\",\"breadcrumb\":{\"@id\":\"https:\/\/www.cmalleida.com\/es\/de-verdad-conoces-todas-las-coberturas-de-tu-seguro-el-pais\/#breadcrumb\"},\"inLanguage\":\"es\",\"potentialAction\":[{\"@type\":\"ReadAction\",\"target\":[\"https:\/\/www.cmalleida.com\/es\/de-verdad-conoces-todas-las-coberturas-de-tu-seguro-el-pais\/\"]}]},{\"@type\":\"ImageObject\",\"inLanguage\":\"es\",\"@id\":\"https:\/\/www.cmalleida.com\/es\/de-verdad-conoces-todas-las-coberturas-de-tu-seguro-el-pais\/#primaryimage\",\"url\":\"https:\/\/www.cmalleida.com\/wp-content\/uploads\/cmall-lleida-actualitat-genta762.jpg\",\"contentUrl\":\"https:\/\/www.cmalleida.com\/wp-content\/uploads\/cmall-lleida-actualitat-genta762.jpg\",\"width\":762,\"height\":762,\"caption\":\"cmall-lleida-actualitat-genta762\"},{\"@type\":\"BreadcrumbList\",\"@id\":\"https:\/\/www.cmalleida.com\/es\/de-verdad-conoces-todas-las-coberturas-de-tu-seguro-el-pais\/#breadcrumb\",\"itemListElement\":[{\"@type\":\"ListItem\",\"position\":1,\"name\":\"Inici\",\"item\":\"https:\/\/www.cmalleida.com\/es\/\"},{\"@type\":\"ListItem\",\"position\":2,\"name\":\"\u00bfDe verdad conoces todas las coberturas de tu seguro? (El Pa\u00eds)\"}]},{\"@type\":\"WebSite\",\"@id\":\"https:\/\/www.cmalleida.com\/es\/#website\",\"url\":\"https:\/\/www.cmalleida.com\/es\/\",\"name\":\"Col\u00b7legi de Mediadors d&#039;Assegurances de Lleida\",\"description\":\"Otro sitio realizado con WordPress\",\"publisher\":{\"@id\":\"https:\/\/www.cmalleida.com\/es\/#organization\"},\"potentialAction\":[{\"@type\":\"SearchAction\",\"target\":{\"@type\":\"EntryPoint\",\"urlTemplate\":\"https:\/\/www.cmalleida.com\/es\/?s={search_term_string}\"},\"query-input\":{\"@type\":\"PropertyValueSpecification\",\"valueRequired\":true,\"valueName\":\"search_term_string\"}}],\"inLanguage\":\"es\"},{\"@type\":\"Organization\",\"@id\":\"https:\/\/www.cmalleida.com\/es\/#organization\",\"name\":\"Col\u00b7legi de Mediadors d'Assegurances de Lleida\",\"url\":\"https:\/\/www.cmalleida.com\/es\/\",\"logo\":{\"@type\":\"ImageObject\",\"inLanguage\":\"es\",\"@id\":\"https:\/\/www.cmalleida.com\/es\/#\/schema\/logo\/image\/\",\"url\":\"\",\"contentUrl\":\"\",\"caption\":\"Col\u00b7legi de Mediadors d'Assegurances de Lleida\"},\"image\":{\"@id\":\"https:\/\/www.cmalleida.com\/es\/#\/schema\/logo\/image\/\"}},{\"@type\":\"Person\",\"@id\":\"https:\/\/www.cmalleida.com\/es\/#\/schema\/person\/bc84b7874fa5ac8a15c15a050fb3b79c\",\"name\":\"Col\u00b7legi Mediadors\",\"image\":{\"@type\":\"ImageObject\",\"inLanguage\":\"es\",\"@id\":\"https:\/\/secure.gravatar.com\/avatar\/05a66e0aafde4a91aea6f2c243b0b99b03dac1cca78dc84298f5e7e7ad4dfd33?s=96&d=mm&r=g\",\"url\":\"https:\/\/secure.gravatar.com\/avatar\/05a66e0aafde4a91aea6f2c243b0b99b03dac1cca78dc84298f5e7e7ad4dfd33?s=96&d=mm&r=g\",\"contentUrl\":\"https:\/\/secure.gravatar.com\/avatar\/05a66e0aafde4a91aea6f2c243b0b99b03dac1cca78dc84298f5e7e7ad4dfd33?s=96&d=mm&r=g\",\"caption\":\"Col\u00b7legi Mediadors\"}}]}<\/script>\n<!-- \/ Yoast SEO plugin. -->","yoast_head_json":{"title":"\u00bfDe verdad conoces todas las coberturas de tu seguro? (El Pa\u00eds) - Col\u00b7legi de Mediadors d&#039;Assegurances de Lleida","robots":{"index":"index","follow":"follow","max-snippet":"max-snippet:-1","max-image-preview":"max-image-preview:large","max-video-preview":"max-video-preview:-1"},"canonical":"https:\/\/www.cmalleida.com\/es\/de-verdad-conoces-todas-las-coberturas-de-tu-seguro-el-pais\/","og_locale":"es_ES","og_type":"article","og_title":"\u00bfDe verdad conoces todas las coberturas de tu seguro? (El Pa\u00eds) - Col\u00b7legi de Mediadors d&#039;Assegurances de Lleida","og_description":"Desde p\u00f3lizas de salud que indemnizan el retraso de un vuelo hasta seguros de hogar que cubren robos fuera del domicilio, las garant\u00edas de estos... Llegeix m\u00e9s","og_url":"https:\/\/www.cmalleida.com\/es\/de-verdad-conoces-todas-las-coberturas-de-tu-seguro-el-pais\/","og_site_name":"Col\u00b7legi de Mediadors d&#039;Assegurances de Lleida","article_published_time":"2018-08-31T07:36:15+00:00","og_image":[{"width":762,"height":762,"url":"https:\/\/www.cmalleida.com\/wp-content\/uploads\/cmall-lleida-actualitat-genta762.jpg","type":"image\/jpeg"}],"author":"Col\u00b7legi Mediadors","twitter_card":"summary_large_image","twitter_misc":{"Written by":"Col\u00b7legi Mediadors","Est. reading time":"7 minutos"},"schema":{"@context":"https:\/\/schema.org","@graph":[{"@type":"Article","@id":"https:\/\/www.cmalleida.com\/es\/de-verdad-conoces-todas-las-coberturas-de-tu-seguro-el-pais\/#article","isPartOf":{"@id":"https:\/\/www.cmalleida.com\/es\/de-verdad-conoces-todas-las-coberturas-de-tu-seguro-el-pais\/"},"author":{"name":"Col\u00b7legi Mediadors","@id":"https:\/\/www.cmalleida.com\/es\/#\/schema\/person\/bc84b7874fa5ac8a15c15a050fb3b79c"},"headline":"\u00bfDe verdad conoces todas las coberturas de tu seguro? (El Pa\u00eds)","datePublished":"2018-08-31T07:36:15+00:00","mainEntityOfPage":{"@id":"https:\/\/www.cmalleida.com\/es\/de-verdad-conoces-todas-las-coberturas-de-tu-seguro-el-pais\/"},"wordCount":1325,"publisher":{"@id":"https:\/\/www.cmalleida.com\/es\/#organization"},"image":{"@id":"https:\/\/www.cmalleida.com\/es\/de-verdad-conoces-todas-las-coberturas-de-tu-seguro-el-pais\/#primaryimage"},"thumbnailUrl":"https:\/\/www.cmalleida.com\/wp-content\/uploads\/cmall-lleida-actualitat-genta762.jpg","articleSection":["Actualidad"],"inLanguage":"es"},{"@type":"WebPage","@id":"https:\/\/www.cmalleida.com\/es\/de-verdad-conoces-todas-las-coberturas-de-tu-seguro-el-pais\/","url":"https:\/\/www.cmalleida.com\/es\/de-verdad-conoces-todas-las-coberturas-de-tu-seguro-el-pais\/","name":"\u00bfDe verdad conoces todas las coberturas de tu seguro? (El Pa\u00eds) - Col\u00b7legi de Mediadors d&#039;Assegurances de Lleida","isPartOf":{"@id":"https:\/\/www.cmalleida.com\/es\/#website"},"primaryImageOfPage":{"@id":"https:\/\/www.cmalleida.com\/es\/de-verdad-conoces-todas-las-coberturas-de-tu-seguro-el-pais\/#primaryimage"},"image":{"@id":"https:\/\/www.cmalleida.com\/es\/de-verdad-conoces-todas-las-coberturas-de-tu-seguro-el-pais\/#primaryimage"},"thumbnailUrl":"https:\/\/www.cmalleida.com\/wp-content\/uploads\/cmall-lleida-actualitat-genta762.jpg","datePublished":"2018-08-31T07:36:15+00:00","breadcrumb":{"@id":"https:\/\/www.cmalleida.com\/es\/de-verdad-conoces-todas-las-coberturas-de-tu-seguro-el-pais\/#breadcrumb"},"inLanguage":"es","potentialAction":[{"@type":"ReadAction","target":["https:\/\/www.cmalleida.com\/es\/de-verdad-conoces-todas-las-coberturas-de-tu-seguro-el-pais\/"]}]},{"@type":"ImageObject","inLanguage":"es","@id":"https:\/\/www.cmalleida.com\/es\/de-verdad-conoces-todas-las-coberturas-de-tu-seguro-el-pais\/#primaryimage","url":"https:\/\/www.cmalleida.com\/wp-content\/uploads\/cmall-lleida-actualitat-genta762.jpg","contentUrl":"https:\/\/www.cmalleida.com\/wp-content\/uploads\/cmall-lleida-actualitat-genta762.jpg","width":762,"height":762,"caption":"cmall-lleida-actualitat-genta762"},{"@type":"BreadcrumbList","@id":"https:\/\/www.cmalleida.com\/es\/de-verdad-conoces-todas-las-coberturas-de-tu-seguro-el-pais\/#breadcrumb","itemListElement":[{"@type":"ListItem","position":1,"name":"Inici","item":"https:\/\/www.cmalleida.com\/es\/"},{"@type":"ListItem","position":2,"name":"\u00bfDe verdad conoces todas las coberturas de tu seguro? (El Pa\u00eds)"}]},{"@type":"WebSite","@id":"https:\/\/www.cmalleida.com\/es\/#website","url":"https:\/\/www.cmalleida.com\/es\/","name":"Col\u00b7legi de Mediadors d&#039;Assegurances de Lleida","description":"Otro sitio realizado con WordPress","publisher":{"@id":"https:\/\/www.cmalleida.com\/es\/#organization"},"potentialAction":[{"@type":"SearchAction","target":{"@type":"EntryPoint","urlTemplate":"https:\/\/www.cmalleida.com\/es\/?s={search_term_string}"},"query-input":{"@type":"PropertyValueSpecification","valueRequired":true,"valueName":"search_term_string"}}],"inLanguage":"es"},{"@type":"Organization","@id":"https:\/\/www.cmalleida.com\/es\/#organization","name":"Col\u00b7legi de Mediadors d'Assegurances de Lleida","url":"https:\/\/www.cmalleida.com\/es\/","logo":{"@type":"ImageObject","inLanguage":"es","@id":"https:\/\/www.cmalleida.com\/es\/#\/schema\/logo\/image\/","url":"","contentUrl":"","caption":"Col\u00b7legi de Mediadors d'Assegurances de Lleida"},"image":{"@id":"https:\/\/www.cmalleida.com\/es\/#\/schema\/logo\/image\/"}},{"@type":"Person","@id":"https:\/\/www.cmalleida.com\/es\/#\/schema\/person\/bc84b7874fa5ac8a15c15a050fb3b79c","name":"Col\u00b7legi Mediadors","image":{"@type":"ImageObject","inLanguage":"es","@id":"https:\/\/secure.gravatar.com\/avatar\/05a66e0aafde4a91aea6f2c243b0b99b03dac1cca78dc84298f5e7e7ad4dfd33?s=96&d=mm&r=g","url":"https:\/\/secure.gravatar.com\/avatar\/05a66e0aafde4a91aea6f2c243b0b99b03dac1cca78dc84298f5e7e7ad4dfd33?s=96&d=mm&r=g","contentUrl":"https:\/\/secure.gravatar.com\/avatar\/05a66e0aafde4a91aea6f2c243b0b99b03dac1cca78dc84298f5e7e7ad4dfd33?s=96&d=mm&r=g","caption":"Col\u00b7legi Mediadors"}}]}},"_links":{"self":[{"href":"https:\/\/www.cmalleida.com\/es\/wp-json\/wp\/v2\/posts\/3057","targetHints":{"allow":["GET"]}}],"collection":[{"href":"https:\/\/www.cmalleida.com\/es\/wp-json\/wp\/v2\/posts"}],"about":[{"href":"https:\/\/www.cmalleida.com\/es\/wp-json\/wp\/v2\/types\/post"}],"author":[{"embeddable":true,"href":"https:\/\/www.cmalleida.com\/es\/wp-json\/wp\/v2\/users\/3"}],"replies":[{"embeddable":true,"href":"https:\/\/www.cmalleida.com\/es\/wp-json\/wp\/v2\/comments?post=3057"}],"version-history":[{"count":1,"href":"https:\/\/www.cmalleida.com\/es\/wp-json\/wp\/v2\/posts\/3057\/revisions"}],"predecessor-version":[{"id":3058,"href":"https:\/\/www.cmalleida.com\/es\/wp-json\/wp\/v2\/posts\/3057\/revisions\/3058"}],"wp:featuredmedia":[{"embeddable":true,"href":"https:\/\/www.cmalleida.com\/es\/wp-json\/wp\/v2\/media\/1931"}],"wp:attachment":[{"href":"https:\/\/www.cmalleida.com\/es\/wp-json\/wp\/v2\/media?parent=3057"}],"wp:term":[{"taxonomy":"category","embeddable":true,"href":"https:\/\/www.cmalleida.com\/es\/wp-json\/wp\/v2\/categories?post=3057"},{"taxonomy":"post_tag","embeddable":true,"href":"https:\/\/www.cmalleida.com\/es\/wp-json\/wp\/v2\/tags?post=3057"}],"curies":[{"name":"wp","href":"https:\/\/api.w.org\/{rel}","templated":true}]}}