{"id":3040,"date":"2018-07-27T10:26:53","date_gmt":"2018-07-27T08:26:53","guid":{"rendered":"https:\/\/www.cmalleida.com\/?p=3040"},"modified":"2018-07-27T10:26:53","modified_gmt":"2018-07-27T08:26:53","slug":"necesito-la-carta-verde-para-circular-fuera-de-espana-la-vanguardia","status":"publish","type":"post","link":"https:\/\/www.cmalleida.com\/es\/necesito-la-carta-verde-para-circular-fuera-de-espana-la-vanguardia\/","title":{"rendered":"\u00bfNecesito la Carta Verde para circular fuera de Espa\u00f1a? (La Vanguardia)"},"content":{"rendered":"<p><em>Los mediadores de seguros reciben por estas fechas muchas consultas de sus clientes sobre la necesidad de disponer de este documento<\/em><\/p>\n<p>JOAN MORALES Publicado a 23-07-2018 4:35<\/p>\n<p>De manera recurrente, especialmente cuando se acerca la \u00e9poca de desplazamientos tur\u00edsticos, como ahora en verano, se extienden entre muchos usuarios dudas sobre la necesidad de obtener una\u00a0Carta Verde, ante un pr\u00f3ximo desplazamiento en veh\u00edculo fuera de las fronteras espa\u00f1olas.<\/p>\n<p>Esta consulta o petici\u00f3n suele llegar a las oficinas de los mediadores de seguros los cuales dan respuesta tranquilizadora a sus clientes.<\/p>\n<p>Pero, dado que el sector, se ve acuciado con frecuencia por esta inquietud, veamos lo que nos informa al respecto OFESAUTO (Oficina Espa\u00f1ola de Aseguradores de autom\u00f3viles), asociaci\u00f3n participada por\u00a0todas las\u00a0entidades aseguradoras autorizadas para trabajar en Espa\u00f1a\u00a0el ramo del Seguro de Autom\u00f3vil y el Consorcio de Compensaci\u00f3n de Seguros.<\/p>\n<p><strong>\u00bfQu\u00e9 es la Carta Verde?<\/strong><\/p>\n<p>El Sistema de Carta Verde se inici\u00f3 en 1952 y hoy en d\u00eda m\u00e1s de 40 pa\u00edses est\u00e1n sometidos al mismo. Se trata de un documento aceptado internacionalmente que prueba la existencia de un contrato de seguro que responder\u00e1 ante las v\u00edctimas de un accidente causado por un veh\u00edculo extranjero en base \u00a0al seguro obligatorio vigente en el pa\u00eds donde ocurra el per percance.<\/p>\n<p>La Carta Verde se emite en el pa\u00eds de matriculaci\u00f3n del veh\u00edculo, que es donde debe estar asegurado. \u00a0En cada pa\u00eds signatario del Sistema de Carta Verde, existe una Oficina Nacional de Seguro (OFESAUTO en Espa\u00f1a) que ser\u00e1 la encargada de atender las reclamaciones, tramitar i liquidar los siniestros en los que est\u00e9 implicado un veh\u00edculo extranjero.<\/p>\n<p><strong>\u00a0\u00bfDebo circular portando una carta Verde?<\/strong><\/p>\n<p>El principio general que rige en\u00a0la Uni\u00f3n Europea\u00a0es el de \u201clibre circulaci\u00f3n de veh\u00edculos sin controles innecesarios\u201d (Comunicaci\u00f3n de la Comisi\u00f3n Europea de 4 de febrero de 2008).<\/p>\n<p>En este sentido la Comisi\u00f3n Europea se pronuncia en la citada Comunicaci\u00f3n en el sentido de que los estados miembros (de la U. E.) deben abstenerse de realizar controles sistem\u00e1ticos del aseguramiento de veh\u00edculos con establecimiento habitual en otro estado miembro. Estos controles solo estar\u00e1n justificados en circunstancias excepcionales. Por ejemplo en caso de accidente cuando la matr\u00edcula no sea suficiente para identificar el aseguramiento del veh\u00edculo implicado.<\/p>\n<p>El sistema legislativo de los pa\u00edses de la\u00a0Uni\u00f3n Europea\u00a0(que desarrolla en cada Estado lo establecido en las Directivas de la U.E.), garantiza que en cada uno de estos pa\u00edses existe un seguro obligatorio de responsabilidad civil de los veh\u00edculos a motor, con unos capitales m\u00ednimos y con la existencia de un organismo que responda de los da\u00f1os causados por veh\u00edculos matriculados en ese Estado que circulen sin el mencionado seguro obligatorio (en el caso de Espa\u00f1a, esta funci\u00f3n la cumple el Consorcio de Compensaci\u00f3n de Seguros, CCS). Asimismo, en cada uno de estos pa\u00edses existe un\u00a0registro que permite conocer la aseguradora en que est\u00e1 asegurado cada veh\u00edculo matriculado. En Espa\u00f1a es el fichero FIVA (Fichero Informativo de Veh\u00edculos Asegurados, cuya gesti\u00f3n corre a cargo tambi\u00e9n del CCS)<\/p>\n<p>Es por esta raz\u00f3n que en los pa\u00edses del\u00a0Espacio Econ\u00f3mico Europeo(formado por la U.E. m\u00e1s Noruega, Islandia y Liechtenstein), as\u00ed como Andorra, Suiza y Serbia,\u00a0\u00a0no es obligatorio circular portando la Carta Verde\u00a0y el aseguramiento se acreditar\u00e1 mediante documento fehaciente en vigor (recibo del seguro, p\u00f3liza, etc.).<\/p>\n<p><strong>Pa\u00edses en los que NO ES OBLIGATORIO llevar la Carta Verde<\/strong><\/p>\n<p>Seg\u00fan informa OFESAUTO,\u00a0no es obligatorio, para los veh\u00edculos de matr\u00edcula espa\u00f1ola,\u00a0 circular portando Carta Verde\u00a0en:<\/p>\n<p>Todos los pa\u00edses de la Uni\u00f3n Europea (UE)<\/p>\n<ul>\n<li>Andorra<\/li>\n<li>Islandia<\/li>\n<li>Liechtenstein<\/li>\n<li>Noruega<\/li>\n<li>Serbia<\/li>\n<li>Suiza<\/li>\n<\/ul>\n<p>(En correspondencia, los veh\u00edculos matriculados en estos pa\u00edses tampoco est\u00e1n obligados a portar la Carta Verde para circular en Espa\u00f1a)<\/p>\n<p><strong>Pa\u00edses en los que ES OBLIGATORIO llevar la Carta Verde<\/strong><\/p>\n<p>En cambio, los siguientes pa\u00edses son subscritores del Sistema de Carta Verde (por tanto no ser\u00e1 necesaria obtenerla en frontera), pero\u00a0es obligatorio circular portando la Carta Verde:<\/p>\n<ul>\n<li>Albania<\/li>\n<li>Azerbaiy\u00e1n<\/li>\n<li>Bielorrusia<\/li>\n<li>Bosnia-Herzegovina<\/li>\n<li>Ir\u00e1n<\/li>\n<li>Israel<\/li>\n<li>Macedonia<\/li>\n<li>Marruecos<\/li>\n<li>Moldavia<\/li>\n<li>Montenegro<\/li>\n<li>Rusia<\/li>\n<li>T\u00fanez<\/li>\n<li>Turqu\u00eda<\/li>\n<li>Ucrania<\/li>\n<\/ul>\n<p>Como vemos, en los pa\u00edses citados en este segundo recuadro no ser\u00e1 necesario, para entrar en ellos con un veh\u00edculo de matr\u00edcula espa\u00f1ola, adquirir en frontera un seguro de responsabilidad civil, pero s\u00ed es\u00a0obligatorio portar la Carta Verde emitida por nuestro asegurador\u00a0y presentarla a requerimiento de las autoridades de estos pa\u00edses.<\/p>\n<p>Si carecemos de Carta Verde nos veremos obligados a contratar un\u00a0Seguro de Frontera\u00a0para poder acceder con\u00a0 nuestro veh\u00edculo al interior del pa\u00eds.<\/p>\n<p>Tambi\u00e9n nos veremos obligados a adquirir un\u00a0\u00a0Seguro de Frontera\u00a0para poder acceder con nuestro veh\u00edculo espa\u00f1ol a otros pa\u00edses que\u00a0\u00a0no son subscriptores del Convenio de Carta Verde.<\/p>\n<p><strong>\u00bfC\u00f3mo obtener la Carta Verde?<\/strong><\/p>\n<p>En Espa\u00f1a las entidades aseguradoras no est\u00e1n obligadas a incluir de manera autom\u00e1tica la Carta Verde en la documentaci\u00f3n entregada al cliente, aunque lo cierto es que la mayor\u00eda lo hacen al emitir la p\u00f3liza inicial.<\/p>\n<p>Si deseamos obtener una\u00a0Carta Verde en vigor\u00a0en las fechas que precisemos viajar a un pa\u00eds en el que es necesario presentarla, podemos\u00a0dirigirnos a nuestro mediador de seguros o a la entidad aseguradora(algunas de ellas permiten descargarla desde su p\u00e1gina web accediendo como cliente asegurado).<\/p>\n","protected":false},"excerpt":{"rendered":"<p>Los mediadores de seguros reciben por estas fechas muchas consultas de sus clientes sobre la necesidad de disponer de este documento JOAN MORALES Publicado a&#8230; <a href=\"https:\/\/www.cmalleida.com\/es\/necesito-la-carta-verde-para-circular-fuera-de-espana-la-vanguardia\/\" rel=\"nofollow\" class=\"lollegirmes\">Llegeix m\u00e9s<\/a><\/p>\n","protected":false},"author":3,"featured_media":1869,"comment_status":"closed","ping_status":"closed","sticky":false,"template":"","format":"standard","meta":{"_acf_changed":false,"_genesis_hide_title":false,"_genesis_hide_breadcrumbs":false,"_genesis_hide_singular_image":false,"_genesis_hide_footer_widgets":false,"_genesis_custom_body_class":"","_genesis_custom_post_class":"","_genesis_layout":"","footnotes":""},"categories":[28],"tags":[],"class_list":{"0":"post-3040","1":"post","2":"type-post","3":"status-publish","4":"format-standard","5":"has-post-thumbnail","7":"category-actualidad","8":"entry"},"acf":[],"yoast_head":"<!-- This site is optimized with the Yoast SEO plugin v27.2 - https:\/\/yoast.com\/product\/yoast-seo-wordpress\/ -->\n<title>\u00bfNecesito la Carta Verde para circular fuera de Espa\u00f1a? (La Vanguardia) - Col\u00b7legi de Mediadors d&#039;Assegurances de Lleida<\/title>\n<meta name=\"robots\" content=\"index, follow, max-snippet:-1, max-image-preview:large, max-video-preview:-1\" \/>\n<link rel=\"canonical\" href=\"https:\/\/www.cmalleida.com\/es\/necesito-la-carta-verde-para-circular-fuera-de-espana-la-vanguardia\/\" \/>\n<meta property=\"og:locale\" content=\"es_ES\" \/>\n<meta property=\"og:type\" content=\"article\" \/>\n<meta property=\"og:title\" content=\"\u00bfNecesito la Carta Verde para circular fuera de Espa\u00f1a? (La Vanguardia) - Col\u00b7legi de Mediadors d&#039;Assegurances de Lleida\" \/>\n<meta property=\"og:description\" content=\"Los mediadores de seguros reciben por estas fechas muchas consultas de sus clientes sobre la necesidad de disponer de este documento JOAN MORALES Publicado a... Llegeix m\u00e9s\" \/>\n<meta property=\"og:url\" content=\"https:\/\/www.cmalleida.com\/es\/necesito-la-carta-verde-para-circular-fuera-de-espana-la-vanguardia\/\" \/>\n<meta property=\"og:site_name\" content=\"Col\u00b7legi de Mediadors d&#039;Assegurances de Lleida\" \/>\n<meta property=\"article:published_time\" content=\"2018-07-27T08:26:53+00:00\" \/>\n<meta property=\"og:image\" content=\"https:\/\/www.cmalleida.com\/wp-content\/uploads\/cmall-lleida-actualitat-car762.jpg\" \/>\n\t<meta property=\"og:image:width\" content=\"762\" \/>\n\t<meta property=\"og:image:height\" content=\"762\" \/>\n\t<meta property=\"og:image:type\" content=\"image\/jpeg\" \/>\n<meta name=\"author\" content=\"Col\u00b7legi Mediadors\" \/>\n<meta name=\"twitter:card\" content=\"summary_large_image\" \/>\n<meta name=\"twitter:label1\" content=\"Written by\" \/>\n\t<meta name=\"twitter:data1\" content=\"Col\u00b7legi Mediadors\" \/>\n\t<meta name=\"twitter:label2\" content=\"Est. reading time\" \/>\n\t<meta name=\"twitter:data2\" content=\"5 minutos\" \/>\n<script type=\"application\/ld+json\" class=\"yoast-schema-graph\">{\"@context\":\"https:\/\/schema.org\",\"@graph\":[{\"@type\":\"Article\",\"@id\":\"https:\/\/www.cmalleida.com\/es\/necesito-la-carta-verde-para-circular-fuera-de-espana-la-vanguardia\/#article\",\"isPartOf\":{\"@id\":\"https:\/\/www.cmalleida.com\/es\/necesito-la-carta-verde-para-circular-fuera-de-espana-la-vanguardia\/\"},\"author\":{\"name\":\"Col\u00b7legi Mediadors\",\"@id\":\"https:\/\/www.cmalleida.com\/es\/#\/schema\/person\/bc84b7874fa5ac8a15c15a050fb3b79c\"},\"headline\":\"\u00bfNecesito la Carta Verde para circular fuera de Espa\u00f1a? (La Vanguardia)\",\"datePublished\":\"2018-07-27T08:26:53+00:00\",\"mainEntityOfPage\":{\"@id\":\"https:\/\/www.cmalleida.com\/es\/necesito-la-carta-verde-para-circular-fuera-de-espana-la-vanguardia\/\"},\"wordCount\":965,\"publisher\":{\"@id\":\"https:\/\/www.cmalleida.com\/es\/#organization\"},\"image\":{\"@id\":\"https:\/\/www.cmalleida.com\/es\/necesito-la-carta-verde-para-circular-fuera-de-espana-la-vanguardia\/#primaryimage\"},\"thumbnailUrl\":\"https:\/\/www.cmalleida.com\/wp-content\/uploads\/cmall-lleida-actualitat-car762.jpg\",\"articleSection\":[\"Actualidad\"],\"inLanguage\":\"es\"},{\"@type\":\"WebPage\",\"@id\":\"https:\/\/www.cmalleida.com\/es\/necesito-la-carta-verde-para-circular-fuera-de-espana-la-vanguardia\/\",\"url\":\"https:\/\/www.cmalleida.com\/es\/necesito-la-carta-verde-para-circular-fuera-de-espana-la-vanguardia\/\",\"name\":\"\u00bfNecesito la Carta Verde para circular fuera de Espa\u00f1a? (La Vanguardia) - Col\u00b7legi de Mediadors d&#039;Assegurances de Lleida\",\"isPartOf\":{\"@id\":\"https:\/\/www.cmalleida.com\/es\/#website\"},\"primaryImageOfPage\":{\"@id\":\"https:\/\/www.cmalleida.com\/es\/necesito-la-carta-verde-para-circular-fuera-de-espana-la-vanguardia\/#primaryimage\"},\"image\":{\"@id\":\"https:\/\/www.cmalleida.com\/es\/necesito-la-carta-verde-para-circular-fuera-de-espana-la-vanguardia\/#primaryimage\"},\"thumbnailUrl\":\"https:\/\/www.cmalleida.com\/wp-content\/uploads\/cmall-lleida-actualitat-car762.jpg\",\"datePublished\":\"2018-07-27T08:26:53+00:00\",\"breadcrumb\":{\"@id\":\"https:\/\/www.cmalleida.com\/es\/necesito-la-carta-verde-para-circular-fuera-de-espana-la-vanguardia\/#breadcrumb\"},\"inLanguage\":\"es\",\"potentialAction\":[{\"@type\":\"ReadAction\",\"target\":[\"https:\/\/www.cmalleida.com\/es\/necesito-la-carta-verde-para-circular-fuera-de-espana-la-vanguardia\/\"]}]},{\"@type\":\"ImageObject\",\"inLanguage\":\"es\",\"@id\":\"https:\/\/www.cmalleida.com\/es\/necesito-la-carta-verde-para-circular-fuera-de-espana-la-vanguardia\/#primaryimage\",\"url\":\"https:\/\/www.cmalleida.com\/wp-content\/uploads\/cmall-lleida-actualitat-car762.jpg\",\"contentUrl\":\"https:\/\/www.cmalleida.com\/wp-content\/uploads\/cmall-lleida-actualitat-car762.jpg\",\"width\":762,\"height\":762,\"caption\":\"cmall-lleida-actualitat-CAR762\"},{\"@type\":\"BreadcrumbList\",\"@id\":\"https:\/\/www.cmalleida.com\/es\/necesito-la-carta-verde-para-circular-fuera-de-espana-la-vanguardia\/#breadcrumb\",\"itemListElement\":[{\"@type\":\"ListItem\",\"position\":1,\"name\":\"Inici\",\"item\":\"https:\/\/www.cmalleida.com\/es\/\"},{\"@type\":\"ListItem\",\"position\":2,\"name\":\"\u00bfNecesito la Carta Verde para circular fuera de Espa\u00f1a? (La Vanguardia)\"}]},{\"@type\":\"WebSite\",\"@id\":\"https:\/\/www.cmalleida.com\/es\/#website\",\"url\":\"https:\/\/www.cmalleida.com\/es\/\",\"name\":\"Col\u00b7legi de Mediadors d&#039;Assegurances de Lleida\",\"description\":\"Otro sitio realizado con WordPress\",\"publisher\":{\"@id\":\"https:\/\/www.cmalleida.com\/es\/#organization\"},\"potentialAction\":[{\"@type\":\"SearchAction\",\"target\":{\"@type\":\"EntryPoint\",\"urlTemplate\":\"https:\/\/www.cmalleida.com\/es\/?s={search_term_string}\"},\"query-input\":{\"@type\":\"PropertyValueSpecification\",\"valueRequired\":true,\"valueName\":\"search_term_string\"}}],\"inLanguage\":\"es\"},{\"@type\":\"Organization\",\"@id\":\"https:\/\/www.cmalleida.com\/es\/#organization\",\"name\":\"Col\u00b7legi de Mediadors d'Assegurances de Lleida\",\"url\":\"https:\/\/www.cmalleida.com\/es\/\",\"logo\":{\"@type\":\"ImageObject\",\"inLanguage\":\"es\",\"@id\":\"https:\/\/www.cmalleida.com\/es\/#\/schema\/logo\/image\/\",\"url\":\"\",\"contentUrl\":\"\",\"caption\":\"Col\u00b7legi de Mediadors d'Assegurances de Lleida\"},\"image\":{\"@id\":\"https:\/\/www.cmalleida.com\/es\/#\/schema\/logo\/image\/\"}},{\"@type\":\"Person\",\"@id\":\"https:\/\/www.cmalleida.com\/es\/#\/schema\/person\/bc84b7874fa5ac8a15c15a050fb3b79c\",\"name\":\"Col\u00b7legi Mediadors\",\"image\":{\"@type\":\"ImageObject\",\"inLanguage\":\"es\",\"@id\":\"https:\/\/secure.gravatar.com\/avatar\/05a66e0aafde4a91aea6f2c243b0b99b03dac1cca78dc84298f5e7e7ad4dfd33?s=96&d=mm&r=g\",\"url\":\"https:\/\/secure.gravatar.com\/avatar\/05a66e0aafde4a91aea6f2c243b0b99b03dac1cca78dc84298f5e7e7ad4dfd33?s=96&d=mm&r=g\",\"contentUrl\":\"https:\/\/secure.gravatar.com\/avatar\/05a66e0aafde4a91aea6f2c243b0b99b03dac1cca78dc84298f5e7e7ad4dfd33?s=96&d=mm&r=g\",\"caption\":\"Col\u00b7legi Mediadors\"}}]}<\/script>\n<!-- \/ Yoast SEO plugin. -->","yoast_head_json":{"title":"\u00bfNecesito la Carta Verde para circular fuera de Espa\u00f1a? (La Vanguardia) - Col\u00b7legi de Mediadors d&#039;Assegurances de Lleida","robots":{"index":"index","follow":"follow","max-snippet":"max-snippet:-1","max-image-preview":"max-image-preview:large","max-video-preview":"max-video-preview:-1"},"canonical":"https:\/\/www.cmalleida.com\/es\/necesito-la-carta-verde-para-circular-fuera-de-espana-la-vanguardia\/","og_locale":"es_ES","og_type":"article","og_title":"\u00bfNecesito la Carta Verde para circular fuera de Espa\u00f1a? (La Vanguardia) - Col\u00b7legi de Mediadors d&#039;Assegurances de Lleida","og_description":"Los mediadores de seguros reciben por estas fechas muchas consultas de sus clientes sobre la necesidad de disponer de este documento JOAN MORALES Publicado a... Llegeix m\u00e9s","og_url":"https:\/\/www.cmalleida.com\/es\/necesito-la-carta-verde-para-circular-fuera-de-espana-la-vanguardia\/","og_site_name":"Col\u00b7legi de Mediadors d&#039;Assegurances de Lleida","article_published_time":"2018-07-27T08:26:53+00:00","og_image":[{"width":762,"height":762,"url":"https:\/\/www.cmalleida.com\/wp-content\/uploads\/cmall-lleida-actualitat-car762.jpg","type":"image\/jpeg"}],"author":"Col\u00b7legi Mediadors","twitter_card":"summary_large_image","twitter_misc":{"Written by":"Col\u00b7legi Mediadors","Est. reading time":"5 minutos"},"schema":{"@context":"https:\/\/schema.org","@graph":[{"@type":"Article","@id":"https:\/\/www.cmalleida.com\/es\/necesito-la-carta-verde-para-circular-fuera-de-espana-la-vanguardia\/#article","isPartOf":{"@id":"https:\/\/www.cmalleida.com\/es\/necesito-la-carta-verde-para-circular-fuera-de-espana-la-vanguardia\/"},"author":{"name":"Col\u00b7legi Mediadors","@id":"https:\/\/www.cmalleida.com\/es\/#\/schema\/person\/bc84b7874fa5ac8a15c15a050fb3b79c"},"headline":"\u00bfNecesito la Carta Verde para circular fuera de Espa\u00f1a? (La Vanguardia)","datePublished":"2018-07-27T08:26:53+00:00","mainEntityOfPage":{"@id":"https:\/\/www.cmalleida.com\/es\/necesito-la-carta-verde-para-circular-fuera-de-espana-la-vanguardia\/"},"wordCount":965,"publisher":{"@id":"https:\/\/www.cmalleida.com\/es\/#organization"},"image":{"@id":"https:\/\/www.cmalleida.com\/es\/necesito-la-carta-verde-para-circular-fuera-de-espana-la-vanguardia\/#primaryimage"},"thumbnailUrl":"https:\/\/www.cmalleida.com\/wp-content\/uploads\/cmall-lleida-actualitat-car762.jpg","articleSection":["Actualidad"],"inLanguage":"es"},{"@type":"WebPage","@id":"https:\/\/www.cmalleida.com\/es\/necesito-la-carta-verde-para-circular-fuera-de-espana-la-vanguardia\/","url":"https:\/\/www.cmalleida.com\/es\/necesito-la-carta-verde-para-circular-fuera-de-espana-la-vanguardia\/","name":"\u00bfNecesito la Carta Verde para circular fuera de Espa\u00f1a? (La Vanguardia) - Col\u00b7legi de Mediadors d&#039;Assegurances de Lleida","isPartOf":{"@id":"https:\/\/www.cmalleida.com\/es\/#website"},"primaryImageOfPage":{"@id":"https:\/\/www.cmalleida.com\/es\/necesito-la-carta-verde-para-circular-fuera-de-espana-la-vanguardia\/#primaryimage"},"image":{"@id":"https:\/\/www.cmalleida.com\/es\/necesito-la-carta-verde-para-circular-fuera-de-espana-la-vanguardia\/#primaryimage"},"thumbnailUrl":"https:\/\/www.cmalleida.com\/wp-content\/uploads\/cmall-lleida-actualitat-car762.jpg","datePublished":"2018-07-27T08:26:53+00:00","breadcrumb":{"@id":"https:\/\/www.cmalleida.com\/es\/necesito-la-carta-verde-para-circular-fuera-de-espana-la-vanguardia\/#breadcrumb"},"inLanguage":"es","potentialAction":[{"@type":"ReadAction","target":["https:\/\/www.cmalleida.com\/es\/necesito-la-carta-verde-para-circular-fuera-de-espana-la-vanguardia\/"]}]},{"@type":"ImageObject","inLanguage":"es","@id":"https:\/\/www.cmalleida.com\/es\/necesito-la-carta-verde-para-circular-fuera-de-espana-la-vanguardia\/#primaryimage","url":"https:\/\/www.cmalleida.com\/wp-content\/uploads\/cmall-lleida-actualitat-car762.jpg","contentUrl":"https:\/\/www.cmalleida.com\/wp-content\/uploads\/cmall-lleida-actualitat-car762.jpg","width":762,"height":762,"caption":"cmall-lleida-actualitat-CAR762"},{"@type":"BreadcrumbList","@id":"https:\/\/www.cmalleida.com\/es\/necesito-la-carta-verde-para-circular-fuera-de-espana-la-vanguardia\/#breadcrumb","itemListElement":[{"@type":"ListItem","position":1,"name":"Inici","item":"https:\/\/www.cmalleida.com\/es\/"},{"@type":"ListItem","position":2,"name":"\u00bfNecesito la Carta Verde para circular fuera de Espa\u00f1a? (La Vanguardia)"}]},{"@type":"WebSite","@id":"https:\/\/www.cmalleida.com\/es\/#website","url":"https:\/\/www.cmalleida.com\/es\/","name":"Col\u00b7legi de Mediadors d&#039;Assegurances de Lleida","description":"Otro sitio realizado con WordPress","publisher":{"@id":"https:\/\/www.cmalleida.com\/es\/#organization"},"potentialAction":[{"@type":"SearchAction","target":{"@type":"EntryPoint","urlTemplate":"https:\/\/www.cmalleida.com\/es\/?s={search_term_string}"},"query-input":{"@type":"PropertyValueSpecification","valueRequired":true,"valueName":"search_term_string"}}],"inLanguage":"es"},{"@type":"Organization","@id":"https:\/\/www.cmalleida.com\/es\/#organization","name":"Col\u00b7legi de Mediadors d'Assegurances de Lleida","url":"https:\/\/www.cmalleida.com\/es\/","logo":{"@type":"ImageObject","inLanguage":"es","@id":"https:\/\/www.cmalleida.com\/es\/#\/schema\/logo\/image\/","url":"","contentUrl":"","caption":"Col\u00b7legi de Mediadors d'Assegurances de Lleida"},"image":{"@id":"https:\/\/www.cmalleida.com\/es\/#\/schema\/logo\/image\/"}},{"@type":"Person","@id":"https:\/\/www.cmalleida.com\/es\/#\/schema\/person\/bc84b7874fa5ac8a15c15a050fb3b79c","name":"Col\u00b7legi Mediadors","image":{"@type":"ImageObject","inLanguage":"es","@id":"https:\/\/secure.gravatar.com\/avatar\/05a66e0aafde4a91aea6f2c243b0b99b03dac1cca78dc84298f5e7e7ad4dfd33?s=96&d=mm&r=g","url":"https:\/\/secure.gravatar.com\/avatar\/05a66e0aafde4a91aea6f2c243b0b99b03dac1cca78dc84298f5e7e7ad4dfd33?s=96&d=mm&r=g","contentUrl":"https:\/\/secure.gravatar.com\/avatar\/05a66e0aafde4a91aea6f2c243b0b99b03dac1cca78dc84298f5e7e7ad4dfd33?s=96&d=mm&r=g","caption":"Col\u00b7legi Mediadors"}}]}},"_links":{"self":[{"href":"https:\/\/www.cmalleida.com\/es\/wp-json\/wp\/v2\/posts\/3040","targetHints":{"allow":["GET"]}}],"collection":[{"href":"https:\/\/www.cmalleida.com\/es\/wp-json\/wp\/v2\/posts"}],"about":[{"href":"https:\/\/www.cmalleida.com\/es\/wp-json\/wp\/v2\/types\/post"}],"author":[{"embeddable":true,"href":"https:\/\/www.cmalleida.com\/es\/wp-json\/wp\/v2\/users\/3"}],"replies":[{"embeddable":true,"href":"https:\/\/www.cmalleida.com\/es\/wp-json\/wp\/v2\/comments?post=3040"}],"version-history":[{"count":1,"href":"https:\/\/www.cmalleida.com\/es\/wp-json\/wp\/v2\/posts\/3040\/revisions"}],"predecessor-version":[{"id":3041,"href":"https:\/\/www.cmalleida.com\/es\/wp-json\/wp\/v2\/posts\/3040\/revisions\/3041"}],"wp:featuredmedia":[{"embeddable":true,"href":"https:\/\/www.cmalleida.com\/es\/wp-json\/wp\/v2\/media\/1869"}],"wp:attachment":[{"href":"https:\/\/www.cmalleida.com\/es\/wp-json\/wp\/v2\/media?parent=3040"}],"wp:term":[{"taxonomy":"category","embeddable":true,"href":"https:\/\/www.cmalleida.com\/es\/wp-json\/wp\/v2\/categories?post=3040"},{"taxonomy":"post_tag","embeddable":true,"href":"https:\/\/www.cmalleida.com\/es\/wp-json\/wp\/v2\/tags?post=3040"}],"curies":[{"name":"wp","href":"https:\/\/api.w.org\/{rel}","templated":true}]}}