{"id":3034,"date":"2018-07-27T10:19:56","date_gmt":"2018-07-27T08:19:56","guid":{"rendered":"https:\/\/www.cmalleida.com\/?p=3034"},"modified":"2018-07-27T10:19:56","modified_gmt":"2018-07-27T08:19:56","slug":"los-drones-no-son-juguetes-la-vanguardia","status":"publish","type":"post","link":"https:\/\/www.cmalleida.com\/es\/los-drones-no-son-juguetes-la-vanguardia\/","title":{"rendered":"Los drones no son juguetes (La Vanguardia)"},"content":{"rendered":"<p><em>El seguro solo es obligatorio para los drones con un uso profesional, pero si causamos alg\u00fan da\u00f1o debemos responder por ello en cualquier caso<\/em><\/p>\n<p>JOAN MORALES Actualizado a 25-07-2018 10:06<\/p>\n<p>Los drones no son juguetes. Muchos modelos se venden como juguetes, pero no hay que confundirse. En realidad, tienen la consideraci\u00f3n legal de\u00a0aeronaves pilotadas por control remoto\u00a0(RPA\u2019s). Como tales est\u00e1n sometidas a una reglamentaci\u00f3n espec\u00edfica que todo usuario de estos aparatos conviene que conozca. Seg\u00fan el Plan Estrat\u00e9gico del Ministerio de Fomento para el Desarrollo\u00a0del sector civil de los drones,\u00a0se estima que para el a\u00f1o 2035 operar\u00e1n en Espa\u00f1a m\u00e1s de 50.000 drones de uso profesional\u00a0en Espa\u00f1a. A ellos habr\u00e1 que a\u00f1adir los de uso recreativo.<\/p>\n<p>En diciembre de 2017 (Real Decreto 1036\/2017, de 15 de diciembre) la legislaci\u00f3n espa\u00f1ola incorpor\u00f3 novedades que procuran\u00a0regular eficazmente la utilizaci\u00f3n de los drones, cuya presencia en nuestros cielos est\u00e1 cada vez m\u00e1s extendida y con una clara tendencia a una progresi\u00f3n imparable.<\/p>\n<p>Se establece en nuestra legislaci\u00f3n una clara\u00a0diferenciaci\u00f3n\u00a0entre el uso de drones con\u00a0finalidades recreativas, del uso de aparatos con\u00a0finalidades profesionales\u00a0(comerciales o t\u00e9cnicas). En cualquier caso,\u00a0todos los aparatos deben llevar una\u00a0placa de identificaci\u00f3n\u00a0ign\u00edfuga en la que se recogen los datos de identificaci\u00f3n previstos en el citado Real Decreto: nombre del fabricante, tipo, modelo, n\u00famero de serie, nombre del operador y sus datos de contacto.<\/p>\n<p><strong>El seguro es obligatorio si el dron tiene un uso profesional<\/strong><\/p>\n<p>El uso de drones por parte de empresas y profesionales conlleva la\u00a0obligaci\u00f3n de contratar un seguro de responsabilidad civil\u00a0con un capital de al menos:<\/p>\n<ul>\n<li>000 euros si el peso del dron es inferior a 20 kg<\/li>\n<li>000 euros si el peso del dron es superior a 20 kg<\/li>\n<\/ul>\n<p>Habitualmente los seguros de responsabilidad civil ofrecidos en el mercado cubren las responsabilidades derivadas del\u00a0despegue, vuelo y aterrizajedel aparato, que es lo que se exige legalmente.<\/p>\n<p>Pero no debemos pasar por alto que nuestra legislaci\u00f3n sobre la\u00a0Protecci\u00f3n de Datos Personales, nos obliga a manejar las im\u00e1genes de personas y los ficheros que las contienen con las mismas obligaciones que el tratamiento de cualquier tipo de ficheros de datos personales. Los\u00a0seguros deciberriresgos\u00a0deber\u00e1n ser los que con mayor eficacia nos permitan cubrir los riesgos relacionados con el tratamiento de datos personales como los que pueden generarse a partir del uso de drones u otros instrumentos parecidos.<\/p>\n<p>Finalmente, existen unas responsabilidades de car\u00e1cter profesional, como las derivadas\u00a0 de negligencias en los estudios aeron\u00e1uticos, documentaci\u00f3n y requisitos del personal, \u00a0mantenimiento de los aparatos, comunicaci\u00f3n de incidentes, que deber\u00e1n encontrar soluci\u00f3n en los seguros de\u00a0responsabilidad civil profesional, que esperemos nuestro mercado empiece a ofrecer en un futuro pr\u00f3ximo.<\/p>\n<p><strong>Uso recreativo de drones<\/strong><\/p>\n<p>Aquellas personas que pretendan realizar\u00a0un uso puramente recreativo\u00a0de los drones\u00a0no necesitar\u00e1n una licencia\u00a0espec\u00edfica. Pero deben tener en cuenta que estos aparatos y su utilizaci\u00f3n recreativa est\u00e1n\u00a0regidos por estas limitaciones:<\/p>\n<ul>\n<li>No podr\u00e1n volar a menos de 8 km de cualquier aer\u00f3dromo o aeropuerto, ni tampoco fuera del espacio a\u00e9reo controlado.<\/li>\n<li>No podr\u00e1n sobrepasar los\u00a0120 metros de altura\u00a0sobre el suelo, o sobre un obst\u00e1culo m\u00e1s alto, si este est\u00e1 situado dentro de un radio de 150 metros de la aeronave.<\/li>\n<li>Siempre deber\u00e1n volar los aparatos dentro del alcance visual del piloto (VLOS: \u201cVisual Light of Sight\u201d).<\/li>\n<li>Los vuelos se realizar\u00e1n de d\u00eda y en condiciones meteorol\u00f3gicas que permitan el vuelo visual\n<ul>\n<li>Se permiten los\u00a0vuelos nocturnos\u00a0a menos de\u00a050 metros\u00a0de altura para naves cuyo peso no supere los\u00a02 kg.<\/li>\n<\/ul>\n<\/li>\n<li>Solo se permite\u00a0sobrevolar las reuniones de personas, las aglomeraciones de edificios o zonas habitadas si el aparato pesa menos de\u00a0250 gramos\u00a0y no alcanza una altura superior a los\u00a020 metros.<\/li>\n<li>Seguro de responsabilidad civil:\u00a0No existe la obligaci\u00f3n de contratarlo\u00a0si el uso es recreativo. Pero debemos tener presente:\n<ul>\n<li>La ausencia de obligaci\u00f3n de asegurarse no exime de responsabilidad<\/li>\n<li>Es probable que gocemos de\u00a0cobertura desde el seguro del hogarsi hemos asegurado capital de contenido (cobertura de responsabilidad civil privada), pero es\u00a0muy aconsejable comprobarlo acudiendo a muestro mediador\u00a0de seguros, que revisar\u00e1 las condiciones del contrato y sus exclusiones.<\/li>\n<li>Si lo precisamos, podemos encontrar ofertas de seguro espec\u00edficas para esta necesidad de cobertura.<\/li>\n<\/ul>\n<\/li>\n<\/ul>\n<p><strong>Uso profesional de drones<\/strong><\/p>\n<p>De hecho, este es el campo en el que se espera un mayor desarrollo del mercado y la especializaci\u00f3n en funci\u00f3n de la finalidad de su uso. Sectores como la agricultura, la miner\u00eda, las obras civiles, la gesti\u00f3n medioambiental, la filmaci\u00f3n, la protecci\u00f3n civil, son solo algunos de los que pueden vivir una evoluci\u00f3n todav\u00eda dif\u00edcil de imaginar gracias a estos aparatos y la tecnolog\u00eda que pueden llevar apareada. Seg\u00fan informa la Agencia Estatal de Seguridad A\u00e9rea (AESA) en julio de 2018 ya son unos 3.300 el n\u00famero de operadores de RPA\u2019s (drones) profesionales habilitados<\/p>\n<p>Y algo que no puede pasar desapercibido para profesionales y empresarios, aunque sean de tama\u00f1o modesto, es que acudir a este tipo de tecnolog\u00eda no tiene porqu\u00e9 resultar inasequible. La tendencia ser\u00e1 probablemente la especializaci\u00f3n y el abaratamiento.<\/p>\n<p>Los operadores de drones para uso profesional deben cumplir con las obligaciones previstas en el mencionado Real Decreto, entre ellas las de documentaci\u00f3n e identificaci\u00f3n del aparato, realizaci\u00f3n de estudio aeron\u00e1utico de seguridad, evitaci\u00f3n de interferencias il\u00edcitas, etc.<\/p>\n<p><strong>Licencias de piloto<\/strong><\/p>\n<p>Para\u00a0manejar drones con finalidades profesionales\u00a0es necesario acreditar poseer unos conocimientos te\u00f3ricos y pr\u00e1cticos (son v\u00e1lidas las licencias de piloto que est\u00e9n en vigor, incluidas de ultraligeros), as\u00ed como un certificado m\u00e9dico que ser\u00e1 distinto en funci\u00f3n del peso de la nave (peso mayor o menor a los 25 kg).<\/p>\n<p>Existe una buena cantidad de academias y centros de formaci\u00f3n en los que es posible obtener la licencia necesaria, que deber\u00e1 estar certificada por una ATO (Approved\u00a0Training Organisation) aprobada por AESA (Agencia Estatal de Seguridad A\u00e9rea).<\/p>\n<p>&nbsp;<\/p>\n","protected":false},"excerpt":{"rendered":"<p>El seguro solo es obligatorio para los drones con un uso profesional, pero si causamos alg\u00fan da\u00f1o debemos responder por ello en cualquier caso JOAN&#8230; <a href=\"https:\/\/www.cmalleida.com\/es\/los-drones-no-son-juguetes-la-vanguardia\/\" rel=\"nofollow\" class=\"lollegirmes\">Llegeix m\u00e9s<\/a><\/p>\n","protected":false},"author":3,"featured_media":3033,"comment_status":"closed","ping_status":"closed","sticky":false,"template":"","format":"standard","meta":{"_acf_changed":false,"_genesis_hide_title":false,"_genesis_hide_breadcrumbs":false,"_genesis_hide_singular_image":false,"_genesis_hide_footer_widgets":false,"_genesis_custom_body_class":"","_genesis_custom_post_class":"","_genesis_layout":"","footnotes":""},"categories":[28],"tags":[],"class_list":{"0":"post-3034","1":"post","2":"type-post","3":"status-publish","4":"format-standard","5":"has-post-thumbnail","7":"category-actualidad","8":"entry"},"acf":[],"yoast_head":"<!-- This site is optimized with the Yoast SEO plugin v27.2 - https:\/\/yoast.com\/product\/yoast-seo-wordpress\/ -->\n<title>Los drones no son juguetes (La Vanguardia) - Col\u00b7legi de Mediadors d&#039;Assegurances de Lleida<\/title>\n<meta name=\"robots\" content=\"index, follow, max-snippet:-1, max-image-preview:large, max-video-preview:-1\" \/>\n<link rel=\"canonical\" href=\"https:\/\/www.cmalleida.com\/es\/los-drones-no-son-juguetes-la-vanguardia\/\" \/>\n<meta property=\"og:locale\" content=\"es_ES\" \/>\n<meta property=\"og:type\" content=\"article\" \/>\n<meta property=\"og:title\" content=\"Los drones no son juguetes (La Vanguardia) - Col\u00b7legi de Mediadors d&#039;Assegurances de Lleida\" \/>\n<meta property=\"og:description\" content=\"El seguro solo es obligatorio para los drones con un uso profesional, pero si causamos alg\u00fan da\u00f1o debemos responder por ello en cualquier caso JOAN... Llegeix m\u00e9s\" \/>\n<meta property=\"og:url\" content=\"https:\/\/www.cmalleida.com\/es\/los-drones-no-son-juguetes-la-vanguardia\/\" \/>\n<meta property=\"og:site_name\" content=\"Col\u00b7legi de Mediadors d&#039;Assegurances de Lleida\" \/>\n<meta property=\"article:published_time\" content=\"2018-07-27T08:19:56+00:00\" \/>\n<meta property=\"og:image\" content=\"https:\/\/www.cmalleida.com\/wp-content\/uploads\/captura.png\" \/>\n\t<meta property=\"og:image:width\" content=\"415\" \/>\n\t<meta property=\"og:image:height\" content=\"280\" \/>\n\t<meta property=\"og:image:type\" content=\"image\/png\" \/>\n<meta name=\"author\" content=\"Col\u00b7legi Mediadors\" \/>\n<meta name=\"twitter:card\" content=\"summary_large_image\" \/>\n<meta name=\"twitter:label1\" content=\"Written by\" \/>\n\t<meta name=\"twitter:data1\" content=\"Col\u00b7legi Mediadors\" \/>\n\t<meta name=\"twitter:label2\" content=\"Est. reading time\" \/>\n\t<meta name=\"twitter:data2\" content=\"5 minutos\" \/>\n<script type=\"application\/ld+json\" class=\"yoast-schema-graph\">{\"@context\":\"https:\/\/schema.org\",\"@graph\":[{\"@type\":\"Article\",\"@id\":\"https:\/\/www.cmalleida.com\/es\/los-drones-no-son-juguetes-la-vanguardia\/#article\",\"isPartOf\":{\"@id\":\"https:\/\/www.cmalleida.com\/es\/los-drones-no-son-juguetes-la-vanguardia\/\"},\"author\":{\"name\":\"Col\u00b7legi Mediadors\",\"@id\":\"https:\/\/www.cmalleida.com\/es\/#\/schema\/person\/bc84b7874fa5ac8a15c15a050fb3b79c\"},\"headline\":\"Los drones no son juguetes (La Vanguardia)\",\"datePublished\":\"2018-07-27T08:19:56+00:00\",\"mainEntityOfPage\":{\"@id\":\"https:\/\/www.cmalleida.com\/es\/los-drones-no-son-juguetes-la-vanguardia\/\"},\"wordCount\":1054,\"publisher\":{\"@id\":\"https:\/\/www.cmalleida.com\/es\/#organization\"},\"image\":{\"@id\":\"https:\/\/www.cmalleida.com\/es\/los-drones-no-son-juguetes-la-vanguardia\/#primaryimage\"},\"thumbnailUrl\":\"https:\/\/www.cmalleida.com\/wp-content\/uploads\/captura.png\",\"articleSection\":[\"Actualidad\"],\"inLanguage\":\"es\"},{\"@type\":\"WebPage\",\"@id\":\"https:\/\/www.cmalleida.com\/es\/los-drones-no-son-juguetes-la-vanguardia\/\",\"url\":\"https:\/\/www.cmalleida.com\/es\/los-drones-no-son-juguetes-la-vanguardia\/\",\"name\":\"Los drones no son juguetes (La Vanguardia) - Col\u00b7legi de Mediadors d&#039;Assegurances de Lleida\",\"isPartOf\":{\"@id\":\"https:\/\/www.cmalleida.com\/es\/#website\"},\"primaryImageOfPage\":{\"@id\":\"https:\/\/www.cmalleida.com\/es\/los-drones-no-son-juguetes-la-vanguardia\/#primaryimage\"},\"image\":{\"@id\":\"https:\/\/www.cmalleida.com\/es\/los-drones-no-son-juguetes-la-vanguardia\/#primaryimage\"},\"thumbnailUrl\":\"https:\/\/www.cmalleida.com\/wp-content\/uploads\/captura.png\",\"datePublished\":\"2018-07-27T08:19:56+00:00\",\"breadcrumb\":{\"@id\":\"https:\/\/www.cmalleida.com\/es\/los-drones-no-son-juguetes-la-vanguardia\/#breadcrumb\"},\"inLanguage\":\"es\",\"potentialAction\":[{\"@type\":\"ReadAction\",\"target\":[\"https:\/\/www.cmalleida.com\/es\/los-drones-no-son-juguetes-la-vanguardia\/\"]}]},{\"@type\":\"ImageObject\",\"inLanguage\":\"es\",\"@id\":\"https:\/\/www.cmalleida.com\/es\/los-drones-no-son-juguetes-la-vanguardia\/#primaryimage\",\"url\":\"https:\/\/www.cmalleida.com\/wp-content\/uploads\/captura.png\",\"contentUrl\":\"https:\/\/www.cmalleida.com\/wp-content\/uploads\/captura.png\",\"width\":415,\"height\":280,\"caption\":\"Captura\"},{\"@type\":\"BreadcrumbList\",\"@id\":\"https:\/\/www.cmalleida.com\/es\/los-drones-no-son-juguetes-la-vanguardia\/#breadcrumb\",\"itemListElement\":[{\"@type\":\"ListItem\",\"position\":1,\"name\":\"Inici\",\"item\":\"https:\/\/www.cmalleida.com\/es\/\"},{\"@type\":\"ListItem\",\"position\":2,\"name\":\"Los drones no son juguetes (La Vanguardia)\"}]},{\"@type\":\"WebSite\",\"@id\":\"https:\/\/www.cmalleida.com\/es\/#website\",\"url\":\"https:\/\/www.cmalleida.com\/es\/\",\"name\":\"Col\u00b7legi de Mediadors d&#039;Assegurances de Lleida\",\"description\":\"Otro sitio realizado con WordPress\",\"publisher\":{\"@id\":\"https:\/\/www.cmalleida.com\/es\/#organization\"},\"potentialAction\":[{\"@type\":\"SearchAction\",\"target\":{\"@type\":\"EntryPoint\",\"urlTemplate\":\"https:\/\/www.cmalleida.com\/es\/?s={search_term_string}\"},\"query-input\":{\"@type\":\"PropertyValueSpecification\",\"valueRequired\":true,\"valueName\":\"search_term_string\"}}],\"inLanguage\":\"es\"},{\"@type\":\"Organization\",\"@id\":\"https:\/\/www.cmalleida.com\/es\/#organization\",\"name\":\"Col\u00b7legi de Mediadors d'Assegurances de Lleida\",\"url\":\"https:\/\/www.cmalleida.com\/es\/\",\"logo\":{\"@type\":\"ImageObject\",\"inLanguage\":\"es\",\"@id\":\"https:\/\/www.cmalleida.com\/es\/#\/schema\/logo\/image\/\",\"url\":\"\",\"contentUrl\":\"\",\"caption\":\"Col\u00b7legi de Mediadors d'Assegurances de Lleida\"},\"image\":{\"@id\":\"https:\/\/www.cmalleida.com\/es\/#\/schema\/logo\/image\/\"}},{\"@type\":\"Person\",\"@id\":\"https:\/\/www.cmalleida.com\/es\/#\/schema\/person\/bc84b7874fa5ac8a15c15a050fb3b79c\",\"name\":\"Col\u00b7legi Mediadors\",\"image\":{\"@type\":\"ImageObject\",\"inLanguage\":\"es\",\"@id\":\"https:\/\/secure.gravatar.com\/avatar\/05a66e0aafde4a91aea6f2c243b0b99b03dac1cca78dc84298f5e7e7ad4dfd33?s=96&d=mm&r=g\",\"url\":\"https:\/\/secure.gravatar.com\/avatar\/05a66e0aafde4a91aea6f2c243b0b99b03dac1cca78dc84298f5e7e7ad4dfd33?s=96&d=mm&r=g\",\"contentUrl\":\"https:\/\/secure.gravatar.com\/avatar\/05a66e0aafde4a91aea6f2c243b0b99b03dac1cca78dc84298f5e7e7ad4dfd33?s=96&d=mm&r=g\",\"caption\":\"Col\u00b7legi Mediadors\"}}]}<\/script>\n<!-- \/ Yoast SEO plugin. -->","yoast_head_json":{"title":"Los drones no son juguetes (La Vanguardia) - Col\u00b7legi de Mediadors d&#039;Assegurances de Lleida","robots":{"index":"index","follow":"follow","max-snippet":"max-snippet:-1","max-image-preview":"max-image-preview:large","max-video-preview":"max-video-preview:-1"},"canonical":"https:\/\/www.cmalleida.com\/es\/los-drones-no-son-juguetes-la-vanguardia\/","og_locale":"es_ES","og_type":"article","og_title":"Los drones no son juguetes (La Vanguardia) - Col\u00b7legi de Mediadors d&#039;Assegurances de Lleida","og_description":"El seguro solo es obligatorio para los drones con un uso profesional, pero si causamos alg\u00fan da\u00f1o debemos responder por ello en cualquier caso JOAN... Llegeix m\u00e9s","og_url":"https:\/\/www.cmalleida.com\/es\/los-drones-no-son-juguetes-la-vanguardia\/","og_site_name":"Col\u00b7legi de Mediadors d&#039;Assegurances de Lleida","article_published_time":"2018-07-27T08:19:56+00:00","og_image":[{"width":415,"height":280,"url":"https:\/\/www.cmalleida.com\/wp-content\/uploads\/captura.png","type":"image\/png"}],"author":"Col\u00b7legi Mediadors","twitter_card":"summary_large_image","twitter_misc":{"Written by":"Col\u00b7legi Mediadors","Est. reading time":"5 minutos"},"schema":{"@context":"https:\/\/schema.org","@graph":[{"@type":"Article","@id":"https:\/\/www.cmalleida.com\/es\/los-drones-no-son-juguetes-la-vanguardia\/#article","isPartOf":{"@id":"https:\/\/www.cmalleida.com\/es\/los-drones-no-son-juguetes-la-vanguardia\/"},"author":{"name":"Col\u00b7legi Mediadors","@id":"https:\/\/www.cmalleida.com\/es\/#\/schema\/person\/bc84b7874fa5ac8a15c15a050fb3b79c"},"headline":"Los drones no son juguetes (La Vanguardia)","datePublished":"2018-07-27T08:19:56+00:00","mainEntityOfPage":{"@id":"https:\/\/www.cmalleida.com\/es\/los-drones-no-son-juguetes-la-vanguardia\/"},"wordCount":1054,"publisher":{"@id":"https:\/\/www.cmalleida.com\/es\/#organization"},"image":{"@id":"https:\/\/www.cmalleida.com\/es\/los-drones-no-son-juguetes-la-vanguardia\/#primaryimage"},"thumbnailUrl":"https:\/\/www.cmalleida.com\/wp-content\/uploads\/captura.png","articleSection":["Actualidad"],"inLanguage":"es"},{"@type":"WebPage","@id":"https:\/\/www.cmalleida.com\/es\/los-drones-no-son-juguetes-la-vanguardia\/","url":"https:\/\/www.cmalleida.com\/es\/los-drones-no-son-juguetes-la-vanguardia\/","name":"Los drones no son juguetes (La Vanguardia) - Col\u00b7legi de Mediadors d&#039;Assegurances de Lleida","isPartOf":{"@id":"https:\/\/www.cmalleida.com\/es\/#website"},"primaryImageOfPage":{"@id":"https:\/\/www.cmalleida.com\/es\/los-drones-no-son-juguetes-la-vanguardia\/#primaryimage"},"image":{"@id":"https:\/\/www.cmalleida.com\/es\/los-drones-no-son-juguetes-la-vanguardia\/#primaryimage"},"thumbnailUrl":"https:\/\/www.cmalleida.com\/wp-content\/uploads\/captura.png","datePublished":"2018-07-27T08:19:56+00:00","breadcrumb":{"@id":"https:\/\/www.cmalleida.com\/es\/los-drones-no-son-juguetes-la-vanguardia\/#breadcrumb"},"inLanguage":"es","potentialAction":[{"@type":"ReadAction","target":["https:\/\/www.cmalleida.com\/es\/los-drones-no-son-juguetes-la-vanguardia\/"]}]},{"@type":"ImageObject","inLanguage":"es","@id":"https:\/\/www.cmalleida.com\/es\/los-drones-no-son-juguetes-la-vanguardia\/#primaryimage","url":"https:\/\/www.cmalleida.com\/wp-content\/uploads\/captura.png","contentUrl":"https:\/\/www.cmalleida.com\/wp-content\/uploads\/captura.png","width":415,"height":280,"caption":"Captura"},{"@type":"BreadcrumbList","@id":"https:\/\/www.cmalleida.com\/es\/los-drones-no-son-juguetes-la-vanguardia\/#breadcrumb","itemListElement":[{"@type":"ListItem","position":1,"name":"Inici","item":"https:\/\/www.cmalleida.com\/es\/"},{"@type":"ListItem","position":2,"name":"Los drones no son juguetes (La Vanguardia)"}]},{"@type":"WebSite","@id":"https:\/\/www.cmalleida.com\/es\/#website","url":"https:\/\/www.cmalleida.com\/es\/","name":"Col\u00b7legi de Mediadors d&#039;Assegurances de Lleida","description":"Otro sitio realizado con WordPress","publisher":{"@id":"https:\/\/www.cmalleida.com\/es\/#organization"},"potentialAction":[{"@type":"SearchAction","target":{"@type":"EntryPoint","urlTemplate":"https:\/\/www.cmalleida.com\/es\/?s={search_term_string}"},"query-input":{"@type":"PropertyValueSpecification","valueRequired":true,"valueName":"search_term_string"}}],"inLanguage":"es"},{"@type":"Organization","@id":"https:\/\/www.cmalleida.com\/es\/#organization","name":"Col\u00b7legi de Mediadors d'Assegurances de Lleida","url":"https:\/\/www.cmalleida.com\/es\/","logo":{"@type":"ImageObject","inLanguage":"es","@id":"https:\/\/www.cmalleida.com\/es\/#\/schema\/logo\/image\/","url":"","contentUrl":"","caption":"Col\u00b7legi de Mediadors d'Assegurances de Lleida"},"image":{"@id":"https:\/\/www.cmalleida.com\/es\/#\/schema\/logo\/image\/"}},{"@type":"Person","@id":"https:\/\/www.cmalleida.com\/es\/#\/schema\/person\/bc84b7874fa5ac8a15c15a050fb3b79c","name":"Col\u00b7legi Mediadors","image":{"@type":"ImageObject","inLanguage":"es","@id":"https:\/\/secure.gravatar.com\/avatar\/05a66e0aafde4a91aea6f2c243b0b99b03dac1cca78dc84298f5e7e7ad4dfd33?s=96&d=mm&r=g","url":"https:\/\/secure.gravatar.com\/avatar\/05a66e0aafde4a91aea6f2c243b0b99b03dac1cca78dc84298f5e7e7ad4dfd33?s=96&d=mm&r=g","contentUrl":"https:\/\/secure.gravatar.com\/avatar\/05a66e0aafde4a91aea6f2c243b0b99b03dac1cca78dc84298f5e7e7ad4dfd33?s=96&d=mm&r=g","caption":"Col\u00b7legi Mediadors"}}]}},"_links":{"self":[{"href":"https:\/\/www.cmalleida.com\/es\/wp-json\/wp\/v2\/posts\/3034","targetHints":{"allow":["GET"]}}],"collection":[{"href":"https:\/\/www.cmalleida.com\/es\/wp-json\/wp\/v2\/posts"}],"about":[{"href":"https:\/\/www.cmalleida.com\/es\/wp-json\/wp\/v2\/types\/post"}],"author":[{"embeddable":true,"href":"https:\/\/www.cmalleida.com\/es\/wp-json\/wp\/v2\/users\/3"}],"replies":[{"embeddable":true,"href":"https:\/\/www.cmalleida.com\/es\/wp-json\/wp\/v2\/comments?post=3034"}],"version-history":[{"count":1,"href":"https:\/\/www.cmalleida.com\/es\/wp-json\/wp\/v2\/posts\/3034\/revisions"}],"predecessor-version":[{"id":3035,"href":"https:\/\/www.cmalleida.com\/es\/wp-json\/wp\/v2\/posts\/3034\/revisions\/3035"}],"wp:featuredmedia":[{"embeddable":true,"href":"https:\/\/www.cmalleida.com\/es\/wp-json\/wp\/v2\/media\/3033"}],"wp:attachment":[{"href":"https:\/\/www.cmalleida.com\/es\/wp-json\/wp\/v2\/media?parent=3034"}],"wp:term":[{"taxonomy":"category","embeddable":true,"href":"https:\/\/www.cmalleida.com\/es\/wp-json\/wp\/v2\/categories?post=3034"},{"taxonomy":"post_tag","embeddable":true,"href":"https:\/\/www.cmalleida.com\/es\/wp-json\/wp\/v2\/tags?post=3034"}],"curies":[{"name":"wp","href":"https:\/\/api.w.org\/{rel}","templated":true}]}}