{"id":3020,"date":"2018-07-27T09:56:46","date_gmt":"2018-07-27T07:56:46","guid":{"rendered":"https:\/\/www.cmalleida.com\/?p=3020"},"modified":"2018-07-27T09:56:46","modified_gmt":"2018-07-27T07:56:46","slug":"joven-al-volante-cuatro-segundos-sin-ver-la-carretera-por-mirar-el-movil-cinco-dias","status":"publish","type":"post","link":"https:\/\/www.cmalleida.com\/es\/joven-al-volante-cuatro-segundos-sin-ver-la-carretera-por-mirar-el-movil-cinco-dias\/","title":{"rendered":"Joven al volante: cuatro segundos sin ver la carretera por mirar el m\u00f3vil (Cinco D\u00edas)"},"content":{"rendered":"<p><em>Un estudio revela que el 80% de los conductores de 18 a 30 a\u00f1os se distrae al conducir<\/em><\/p>\n<p><em>El m\u00f3vil es el principal culpable de los descuidos y no lo ven peligroso<\/em><\/p>\n<p><img loading=\"lazy\" decoding=\"async\" class=\"size-full wp-image-2986 alignright\" src=\"https:\/\/www.cmalleida.com\/wp-content\/uploads\/captura-cinco-dias.png\" alt=\"Captura cinco dias\" width=\"948\" height=\"506\" srcset=\"https:\/\/www.cmalleida.com\/wp-content\/uploads\/captura-cinco-dias.png 948w, https:\/\/www.cmalleida.com\/wp-content\/uploads\/captura-cinco-dias-300x160.png 300w, https:\/\/www.cmalleida.com\/wp-content\/uploads\/captura-cinco-dias-768x410.png 768w\" sizes=\"auto, (max-width: 948px) 100vw, 948px\" \/><\/p>\n<p>DENISSE CEPEDA MINAYA\u00a0 Madrid\u00a0\u00a025 JUL 2018 &#8211; 11:50 CEST<\/p>\n<p>El m\u00f3vil es el principal culpable del despiste de los j\u00f3venes en carretera. El 67% de ellos lo utiliza mientras conduce. Y no se limitan solo a hablar, sino que, peor a\u00fan,\u00a0se enganchan a las redes sociales, leen noticias o escriben mensajes\u00a0en aplicaciones de mensajer\u00eda instant\u00e1nea. Incluso les da tiempo para hacerse fotos, v\u00eddeos y compartirlas por Instagram o Facebook.<\/p>\n<p>La osad\u00eda va m\u00e1s all\u00e1. Los chicos creen que no es peligroso pasar\u00a04,28 segundos sin mirar la autopista\u00a0\u2013seg\u00fan sus c\u00e1lculos\u2013,\u00a0cuando consultanWhats\u00adApp\u00a0al volante. Esto equivale a un recorrido de m\u00e1s de 120 metros a una velocidad media de 100 km\/h. Y aseguran, intr\u00e9pidos, que no pierden la atenci\u00f3n.<\/p>\n<p>Son los datos estremecedores que recoge el estudio\u00a0<em>Emotional Driving: j\u00f3venes al volante, distracciones y uso del m\u00f3vil<\/em>, presentado recientemente por la compa\u00f1\u00eda\u00a0Gonvarri\u00a0y\u00a0Movistar, elaborado por el\u00a0Instituto Sondea, y que incluye la opini\u00f3n de 1.000 conductores de entre 18 y 30 a\u00f1os. Este informe revela las acciones m\u00e1s arriesgadas, \u201cextremadamente peligrosas\u201d, casi como un h\u00e1bito, que comete el colectivo, hasta el punto de que 8 de cada 10 admiten distraerse al conducir.<\/p>\n<p>Si vas en autov\u00eda a 120km\/h, recorres 133 metros, casi un campo y medio de f\u00fatbol sin prestar atenci\u00f3n a la carretera, alertan en Pons<\/p>\n<p>\u201cUn dato en referencia a estos cuatro segundos sin mirar la carretera y atendiendo el m\u00f3vil: si vas a 60km\/h, haces un recorrido de 66 metros; si vas a 100km\/h, recorres 120 metros \u2013como indica el estudio\u2013, lo que supone atravesar m\u00e1s de un campo de f\u00fatbol. Y si est\u00e1s en la autov\u00eda y vas a la velocidad permitida, 120km\/h, son 133 metros, casi un campo y medio de f\u00fatbol sin prestar atenci\u00f3n a la conducci\u00f3n\u201d, ilustra Fernando Solas, experto en formaci\u00f3n vial de PONS Seguridad Vial, para constatar la \u201cbarbaridad\u201d de las cifras.<\/p>\n<p>Las distracciones causan el 32% de los accidentes de tr\u00e1fico con v\u00edctimas mortales, seg\u00fan las \u00faltimas estad\u00edsticas de 2017 de la DGT. Esto es, unas 500 muertes al a\u00f1o. \u201cEstamos muy concienciados con el tema del alcohol, las drogas, el exceso de velocidad, cuando las distracciones causan m\u00e1s muertes y pasan m\u00e1s desapercibidas. No estamos concienciados al respeto\u201d, critica Solas.<\/p>\n<p>De hecho, el estudio muestra una contradicci\u00f3n. Los j\u00f3venes dicen conocer los peligros del uso del\u00a0<em>smartphone<\/em>\u00a0al volante, pero aun as\u00ed lo utilizan. \u00bfPor qu\u00e9? Solas opina que no son conscientes realmente del riesgo, apelan al cerebro multitareas, sin saber que se resta calidad a la conducci\u00f3n.<\/p>\n<p><strong>Inexperiencia<\/strong><\/p>\n<p>Otro estudio elaborado hace un a\u00f1o y medio por la patronal aseguradora Unespa, a partir de los datos de la estad\u00edstica de seguros de autom\u00f3viles (ESA), avisa de esta problem\u00e1tica. \u201cEste grupo de poblaci\u00f3n provoca habitualmente un n\u00famero m\u00e1s elevado de accidentes que los conductores experimentados\u201d, concluye.<\/p>\n<p>Fomentar la educaci\u00f3n, el uso responsable de la tecnolog\u00eda e impulsar campa\u00f1as de concienciaci\u00f3n, entre las medidas<\/p>\n<p>Adem\u00e1s, mide entre 1 y 10 (de menor a mayor) la probabilidad de siniestros entre los j\u00f3venes en las provincias espa\u00f1olas, y afirma que la posibilidad de tener un percance desciende con la edad.\u00a0\u201cLa probabilidad de que un conductor de 18 a\u00f1os se vea implicado en un accidente es cuatro veces superior que la de uno de m\u00e1s de 35 a\u00f1os\u201d, alerta. Un fen\u00f3meno que atribuye principalmente a la falta de experiencia al volante. La nota media en comportamiento fue de 5,7 sobre 10.<\/p>\n<p>El abordaje de esta tendencia es complejo, reconocen los expertos, m\u00e1s a\u00fan cuando la tecnolog\u00eda ya viene integrada en los coches y es otra justificaci\u00f3n de los j\u00f3venes para manipularla en plena marcha.<\/p>\n<p><strong>M\u00e1s formaci\u00f3n<\/strong><\/p>\n<p>\u201cEs importante la formaci\u00f3n-concienciaci\u00f3n en seguridad vial antes (colegios), durante (centros de formaci\u00f3n) y despu\u00e9s (empresas) de haber obtenido el carn\u00e9\u201d, considera Solas, para que haya una motivaci\u00f3n intr\u00ednseca y no solo sea por evitar una sanci\u00f3n. Aunque esto tampoco preocupa, refleja el estudio, ya que\u00a0pesa m\u00e1s la familia (70%) a la hora de quitar el pie del acelerador. La educaci\u00f3n es una medida que el colectivo echa de menos: el 73% declara que no ha recibido informaci\u00f3n ni formaci\u00f3n despu\u00e9s de sacarse el carn\u00e9.<\/p>\n<p>Para Elena Valderr\u00e1bano, directora de \u00e9tica corporativa y sostenibilidad de Telef\u00f3nica, tambi\u00e9n es necesario fomentar el uso responsable de la tecnolog\u00eda. Desarrollar campa\u00f1as positivas y emotivas, agrega Josu Calvo, CEO de Gonvarri. E interiorizar que \u201ces suficiente con conducir\u201d, insisten desde\u00a0PONS Seguridad Vial.<\/p>\n<p>LOS EFECTOS DE DESPISTARSE<\/p>\n<p>Se\u00f1ales de tr\u00e1nsito.\u00a0En una conducci\u00f3n normal se deja de percibir un 5% las se\u00f1ales de tr\u00e1nsito, pero si vas mirando el m\u00f3vil se eleva al 42%. Incluso con el manos libres, el porcentaje es del 25%, de acuerdo con la DGT.<\/p>\n<p>Rapidez de reacci\u00f3n.\u00a0El despiste tambi\u00e9n retrasa su capacidad de reacci\u00f3n ante el peligro, advierte Fernando Solas,\u00a0experto en formaci\u00f3n vial de PONS Seguridad Vial. \u201cUn accidente muy t\u00edpico es en la salida de una v\u00eda. El conductor va en una recta, viene una curva y se sale de la carretera porque va distra\u00eddo\u201d. Tambi\u00e9n se reduce o aumenta dr\u00e1sticamente la velocidad o se dan volantazos.<\/p>\n<p>Sugerencias.\u00a0Una mayor vigilancia en las v\u00edas p\u00fablicas y el endurecimiento de las sanciones a conductores reincidentes son las otras medidas que recomienda Fernando Solas, de\u00a0PONS Seguridad Vial.<\/p>\n<p>&nbsp;<\/p>\n","protected":false},"excerpt":{"rendered":"<p>Un estudio revela que el 80% de los conductores de 18 a 30 a\u00f1os se distrae al conducir El m\u00f3vil es el principal culpable de&#8230; <a href=\"https:\/\/www.cmalleida.com\/es\/joven-al-volante-cuatro-segundos-sin-ver-la-carretera-por-mirar-el-movil-cinco-dias\/\" rel=\"nofollow\" class=\"lollegirmes\">Llegeix m\u00e9s<\/a><\/p>\n","protected":false},"author":3,"featured_media":2004,"comment_status":"closed","ping_status":"closed","sticky":false,"template":"","format":"standard","meta":{"_acf_changed":false,"_genesis_hide_title":false,"_genesis_hide_breadcrumbs":false,"_genesis_hide_singular_image":false,"_genesis_hide_footer_widgets":false,"_genesis_custom_body_class":"","_genesis_custom_post_class":"","_genesis_layout":"","footnotes":""},"categories":[28],"tags":[],"class_list":{"0":"post-3020","1":"post","2":"type-post","3":"status-publish","4":"format-standard","5":"has-post-thumbnail","7":"category-actualidad","8":"entry"},"acf":[],"yoast_head":"<!-- This site is optimized with the Yoast SEO plugin v27.2 - https:\/\/yoast.com\/product\/yoast-seo-wordpress\/ -->\n<title>Joven al volante: cuatro segundos sin ver la carretera por mirar el m\u00f3vil (Cinco D\u00edas) - Col\u00b7legi de Mediadors d&#039;Assegurances de Lleida<\/title>\n<meta name=\"robots\" content=\"index, follow, max-snippet:-1, max-image-preview:large, max-video-preview:-1\" \/>\n<link rel=\"canonical\" href=\"https:\/\/www.cmalleida.com\/es\/joven-al-volante-cuatro-segundos-sin-ver-la-carretera-por-mirar-el-movil-cinco-dias\/\" \/>\n<meta property=\"og:locale\" content=\"es_ES\" \/>\n<meta property=\"og:type\" content=\"article\" \/>\n<meta property=\"og:title\" content=\"Joven al volante: cuatro segundos sin ver la carretera por mirar el m\u00f3vil (Cinco D\u00edas) - Col\u00b7legi de Mediadors d&#039;Assegurances de Lleida\" \/>\n<meta property=\"og:description\" content=\"Un estudio revela que el 80% de los conductores de 18 a 30 a\u00f1os se distrae al conducir El m\u00f3vil es el principal culpable de... Llegeix m\u00e9s\" \/>\n<meta property=\"og:url\" content=\"https:\/\/www.cmalleida.com\/es\/joven-al-volante-cuatro-segundos-sin-ver-la-carretera-por-mirar-el-movil-cinco-dias\/\" \/>\n<meta property=\"og:site_name\" content=\"Col\u00b7legi de Mediadors d&#039;Assegurances de Lleida\" \/>\n<meta property=\"article:published_time\" content=\"2018-07-27T07:56:46+00:00\" \/>\n<meta property=\"og:image\" content=\"https:\/\/www.cmalleida.com\/wp-content\/uploads\/cmall-lleida-actualitat-movil762.jpg\" \/>\n\t<meta property=\"og:image:width\" content=\"762\" \/>\n\t<meta property=\"og:image:height\" content=\"762\" \/>\n\t<meta property=\"og:image:type\" content=\"image\/jpeg\" \/>\n<meta name=\"author\" content=\"Col\u00b7legi Mediadors\" \/>\n<meta name=\"twitter:card\" content=\"summary_large_image\" \/>\n<meta name=\"twitter:label1\" content=\"Written by\" \/>\n\t<meta name=\"twitter:data1\" content=\"Col\u00b7legi Mediadors\" \/>\n\t<meta name=\"twitter:label2\" content=\"Est. reading time\" \/>\n\t<meta name=\"twitter:data2\" content=\"5 minutos\" \/>\n<script type=\"application\/ld+json\" class=\"yoast-schema-graph\">{\"@context\":\"https:\/\/schema.org\",\"@graph\":[{\"@type\":\"Article\",\"@id\":\"https:\/\/www.cmalleida.com\/es\/joven-al-volante-cuatro-segundos-sin-ver-la-carretera-por-mirar-el-movil-cinco-dias\/#article\",\"isPartOf\":{\"@id\":\"https:\/\/www.cmalleida.com\/es\/joven-al-volante-cuatro-segundos-sin-ver-la-carretera-por-mirar-el-movil-cinco-dias\/\"},\"author\":{\"name\":\"Col\u00b7legi Mediadors\",\"@id\":\"https:\/\/www.cmalleida.com\/es\/#\/schema\/person\/bc84b7874fa5ac8a15c15a050fb3b79c\"},\"headline\":\"Joven al volante: cuatro segundos sin ver la carretera por mirar el m\u00f3vil (Cinco D\u00edas)\",\"datePublished\":\"2018-07-27T07:56:46+00:00\",\"mainEntityOfPage\":{\"@id\":\"https:\/\/www.cmalleida.com\/es\/joven-al-volante-cuatro-segundos-sin-ver-la-carretera-por-mirar-el-movil-cinco-dias\/\"},\"wordCount\":1007,\"publisher\":{\"@id\":\"https:\/\/www.cmalleida.com\/es\/#organization\"},\"image\":{\"@id\":\"https:\/\/www.cmalleida.com\/es\/joven-al-volante-cuatro-segundos-sin-ver-la-carretera-por-mirar-el-movil-cinco-dias\/#primaryimage\"},\"thumbnailUrl\":\"https:\/\/www.cmalleida.com\/wp-content\/uploads\/cmall-lleida-actualitat-movil762.jpg\",\"articleSection\":[\"Actualidad\"],\"inLanguage\":\"es\"},{\"@type\":\"WebPage\",\"@id\":\"https:\/\/www.cmalleida.com\/es\/joven-al-volante-cuatro-segundos-sin-ver-la-carretera-por-mirar-el-movil-cinco-dias\/\",\"url\":\"https:\/\/www.cmalleida.com\/es\/joven-al-volante-cuatro-segundos-sin-ver-la-carretera-por-mirar-el-movil-cinco-dias\/\",\"name\":\"Joven al volante: cuatro segundos sin ver la carretera por mirar el m\u00f3vil (Cinco D\u00edas) - Col\u00b7legi de Mediadors d&#039;Assegurances de Lleida\",\"isPartOf\":{\"@id\":\"https:\/\/www.cmalleida.com\/es\/#website\"},\"primaryImageOfPage\":{\"@id\":\"https:\/\/www.cmalleida.com\/es\/joven-al-volante-cuatro-segundos-sin-ver-la-carretera-por-mirar-el-movil-cinco-dias\/#primaryimage\"},\"image\":{\"@id\":\"https:\/\/www.cmalleida.com\/es\/joven-al-volante-cuatro-segundos-sin-ver-la-carretera-por-mirar-el-movil-cinco-dias\/#primaryimage\"},\"thumbnailUrl\":\"https:\/\/www.cmalleida.com\/wp-content\/uploads\/cmall-lleida-actualitat-movil762.jpg\",\"datePublished\":\"2018-07-27T07:56:46+00:00\",\"breadcrumb\":{\"@id\":\"https:\/\/www.cmalleida.com\/es\/joven-al-volante-cuatro-segundos-sin-ver-la-carretera-por-mirar-el-movil-cinco-dias\/#breadcrumb\"},\"inLanguage\":\"es\",\"potentialAction\":[{\"@type\":\"ReadAction\",\"target\":[\"https:\/\/www.cmalleida.com\/es\/joven-al-volante-cuatro-segundos-sin-ver-la-carretera-por-mirar-el-movil-cinco-dias\/\"]}]},{\"@type\":\"ImageObject\",\"inLanguage\":\"es\",\"@id\":\"https:\/\/www.cmalleida.com\/es\/joven-al-volante-cuatro-segundos-sin-ver-la-carretera-por-mirar-el-movil-cinco-dias\/#primaryimage\",\"url\":\"https:\/\/www.cmalleida.com\/wp-content\/uploads\/cmall-lleida-actualitat-movil762.jpg\",\"contentUrl\":\"https:\/\/www.cmalleida.com\/wp-content\/uploads\/cmall-lleida-actualitat-movil762.jpg\",\"width\":762,\"height\":762,\"caption\":\"cmall-lleida-actualitat-movil762\"},{\"@type\":\"BreadcrumbList\",\"@id\":\"https:\/\/www.cmalleida.com\/es\/joven-al-volante-cuatro-segundos-sin-ver-la-carretera-por-mirar-el-movil-cinco-dias\/#breadcrumb\",\"itemListElement\":[{\"@type\":\"ListItem\",\"position\":1,\"name\":\"Inici\",\"item\":\"https:\/\/www.cmalleida.com\/es\/\"},{\"@type\":\"ListItem\",\"position\":2,\"name\":\"Joven al volante: cuatro segundos sin ver la carretera por mirar el m\u00f3vil (Cinco D\u00edas)\"}]},{\"@type\":\"WebSite\",\"@id\":\"https:\/\/www.cmalleida.com\/es\/#website\",\"url\":\"https:\/\/www.cmalleida.com\/es\/\",\"name\":\"Col\u00b7legi de Mediadors d&#039;Assegurances de Lleida\",\"description\":\"Otro sitio realizado con WordPress\",\"publisher\":{\"@id\":\"https:\/\/www.cmalleida.com\/es\/#organization\"},\"potentialAction\":[{\"@type\":\"SearchAction\",\"target\":{\"@type\":\"EntryPoint\",\"urlTemplate\":\"https:\/\/www.cmalleida.com\/es\/?s={search_term_string}\"},\"query-input\":{\"@type\":\"PropertyValueSpecification\",\"valueRequired\":true,\"valueName\":\"search_term_string\"}}],\"inLanguage\":\"es\"},{\"@type\":\"Organization\",\"@id\":\"https:\/\/www.cmalleida.com\/es\/#organization\",\"name\":\"Col\u00b7legi de Mediadors d'Assegurances de Lleida\",\"url\":\"https:\/\/www.cmalleida.com\/es\/\",\"logo\":{\"@type\":\"ImageObject\",\"inLanguage\":\"es\",\"@id\":\"https:\/\/www.cmalleida.com\/es\/#\/schema\/logo\/image\/\",\"url\":\"\",\"contentUrl\":\"\",\"caption\":\"Col\u00b7legi de Mediadors d'Assegurances de Lleida\"},\"image\":{\"@id\":\"https:\/\/www.cmalleida.com\/es\/#\/schema\/logo\/image\/\"}},{\"@type\":\"Person\",\"@id\":\"https:\/\/www.cmalleida.com\/es\/#\/schema\/person\/bc84b7874fa5ac8a15c15a050fb3b79c\",\"name\":\"Col\u00b7legi Mediadors\",\"image\":{\"@type\":\"ImageObject\",\"inLanguage\":\"es\",\"@id\":\"https:\/\/secure.gravatar.com\/avatar\/05a66e0aafde4a91aea6f2c243b0b99b03dac1cca78dc84298f5e7e7ad4dfd33?s=96&d=mm&r=g\",\"url\":\"https:\/\/secure.gravatar.com\/avatar\/05a66e0aafde4a91aea6f2c243b0b99b03dac1cca78dc84298f5e7e7ad4dfd33?s=96&d=mm&r=g\",\"contentUrl\":\"https:\/\/secure.gravatar.com\/avatar\/05a66e0aafde4a91aea6f2c243b0b99b03dac1cca78dc84298f5e7e7ad4dfd33?s=96&d=mm&r=g\",\"caption\":\"Col\u00b7legi Mediadors\"}}]}<\/script>\n<!-- \/ Yoast SEO plugin. -->","yoast_head_json":{"title":"Joven al volante: cuatro segundos sin ver la carretera por mirar el m\u00f3vil (Cinco D\u00edas) - Col\u00b7legi de Mediadors d&#039;Assegurances de Lleida","robots":{"index":"index","follow":"follow","max-snippet":"max-snippet:-1","max-image-preview":"max-image-preview:large","max-video-preview":"max-video-preview:-1"},"canonical":"https:\/\/www.cmalleida.com\/es\/joven-al-volante-cuatro-segundos-sin-ver-la-carretera-por-mirar-el-movil-cinco-dias\/","og_locale":"es_ES","og_type":"article","og_title":"Joven al volante: cuatro segundos sin ver la carretera por mirar el m\u00f3vil (Cinco D\u00edas) - Col\u00b7legi de Mediadors d&#039;Assegurances de Lleida","og_description":"Un estudio revela que el 80% de los conductores de 18 a 30 a\u00f1os se distrae al conducir El m\u00f3vil es el principal culpable de... Llegeix m\u00e9s","og_url":"https:\/\/www.cmalleida.com\/es\/joven-al-volante-cuatro-segundos-sin-ver-la-carretera-por-mirar-el-movil-cinco-dias\/","og_site_name":"Col\u00b7legi de Mediadors d&#039;Assegurances de Lleida","article_published_time":"2018-07-27T07:56:46+00:00","og_image":[{"width":762,"height":762,"url":"https:\/\/www.cmalleida.com\/wp-content\/uploads\/cmall-lleida-actualitat-movil762.jpg","type":"image\/jpeg"}],"author":"Col\u00b7legi Mediadors","twitter_card":"summary_large_image","twitter_misc":{"Written by":"Col\u00b7legi Mediadors","Est. reading time":"5 minutos"},"schema":{"@context":"https:\/\/schema.org","@graph":[{"@type":"Article","@id":"https:\/\/www.cmalleida.com\/es\/joven-al-volante-cuatro-segundos-sin-ver-la-carretera-por-mirar-el-movil-cinco-dias\/#article","isPartOf":{"@id":"https:\/\/www.cmalleida.com\/es\/joven-al-volante-cuatro-segundos-sin-ver-la-carretera-por-mirar-el-movil-cinco-dias\/"},"author":{"name":"Col\u00b7legi Mediadors","@id":"https:\/\/www.cmalleida.com\/es\/#\/schema\/person\/bc84b7874fa5ac8a15c15a050fb3b79c"},"headline":"Joven al volante: cuatro segundos sin ver la carretera por mirar el m\u00f3vil (Cinco D\u00edas)","datePublished":"2018-07-27T07:56:46+00:00","mainEntityOfPage":{"@id":"https:\/\/www.cmalleida.com\/es\/joven-al-volante-cuatro-segundos-sin-ver-la-carretera-por-mirar-el-movil-cinco-dias\/"},"wordCount":1007,"publisher":{"@id":"https:\/\/www.cmalleida.com\/es\/#organization"},"image":{"@id":"https:\/\/www.cmalleida.com\/es\/joven-al-volante-cuatro-segundos-sin-ver-la-carretera-por-mirar-el-movil-cinco-dias\/#primaryimage"},"thumbnailUrl":"https:\/\/www.cmalleida.com\/wp-content\/uploads\/cmall-lleida-actualitat-movil762.jpg","articleSection":["Actualidad"],"inLanguage":"es"},{"@type":"WebPage","@id":"https:\/\/www.cmalleida.com\/es\/joven-al-volante-cuatro-segundos-sin-ver-la-carretera-por-mirar-el-movil-cinco-dias\/","url":"https:\/\/www.cmalleida.com\/es\/joven-al-volante-cuatro-segundos-sin-ver-la-carretera-por-mirar-el-movil-cinco-dias\/","name":"Joven al volante: cuatro segundos sin ver la carretera por mirar el m\u00f3vil (Cinco D\u00edas) - Col\u00b7legi de Mediadors d&#039;Assegurances de Lleida","isPartOf":{"@id":"https:\/\/www.cmalleida.com\/es\/#website"},"primaryImageOfPage":{"@id":"https:\/\/www.cmalleida.com\/es\/joven-al-volante-cuatro-segundos-sin-ver-la-carretera-por-mirar-el-movil-cinco-dias\/#primaryimage"},"image":{"@id":"https:\/\/www.cmalleida.com\/es\/joven-al-volante-cuatro-segundos-sin-ver-la-carretera-por-mirar-el-movil-cinco-dias\/#primaryimage"},"thumbnailUrl":"https:\/\/www.cmalleida.com\/wp-content\/uploads\/cmall-lleida-actualitat-movil762.jpg","datePublished":"2018-07-27T07:56:46+00:00","breadcrumb":{"@id":"https:\/\/www.cmalleida.com\/es\/joven-al-volante-cuatro-segundos-sin-ver-la-carretera-por-mirar-el-movil-cinco-dias\/#breadcrumb"},"inLanguage":"es","potentialAction":[{"@type":"ReadAction","target":["https:\/\/www.cmalleida.com\/es\/joven-al-volante-cuatro-segundos-sin-ver-la-carretera-por-mirar-el-movil-cinco-dias\/"]}]},{"@type":"ImageObject","inLanguage":"es","@id":"https:\/\/www.cmalleida.com\/es\/joven-al-volante-cuatro-segundos-sin-ver-la-carretera-por-mirar-el-movil-cinco-dias\/#primaryimage","url":"https:\/\/www.cmalleida.com\/wp-content\/uploads\/cmall-lleida-actualitat-movil762.jpg","contentUrl":"https:\/\/www.cmalleida.com\/wp-content\/uploads\/cmall-lleida-actualitat-movil762.jpg","width":762,"height":762,"caption":"cmall-lleida-actualitat-movil762"},{"@type":"BreadcrumbList","@id":"https:\/\/www.cmalleida.com\/es\/joven-al-volante-cuatro-segundos-sin-ver-la-carretera-por-mirar-el-movil-cinco-dias\/#breadcrumb","itemListElement":[{"@type":"ListItem","position":1,"name":"Inici","item":"https:\/\/www.cmalleida.com\/es\/"},{"@type":"ListItem","position":2,"name":"Joven al volante: cuatro segundos sin ver la carretera por mirar el m\u00f3vil (Cinco D\u00edas)"}]},{"@type":"WebSite","@id":"https:\/\/www.cmalleida.com\/es\/#website","url":"https:\/\/www.cmalleida.com\/es\/","name":"Col\u00b7legi de Mediadors d&#039;Assegurances de Lleida","description":"Otro sitio realizado con WordPress","publisher":{"@id":"https:\/\/www.cmalleida.com\/es\/#organization"},"potentialAction":[{"@type":"SearchAction","target":{"@type":"EntryPoint","urlTemplate":"https:\/\/www.cmalleida.com\/es\/?s={search_term_string}"},"query-input":{"@type":"PropertyValueSpecification","valueRequired":true,"valueName":"search_term_string"}}],"inLanguage":"es"},{"@type":"Organization","@id":"https:\/\/www.cmalleida.com\/es\/#organization","name":"Col\u00b7legi de Mediadors d'Assegurances de Lleida","url":"https:\/\/www.cmalleida.com\/es\/","logo":{"@type":"ImageObject","inLanguage":"es","@id":"https:\/\/www.cmalleida.com\/es\/#\/schema\/logo\/image\/","url":"","contentUrl":"","caption":"Col\u00b7legi de Mediadors d'Assegurances de Lleida"},"image":{"@id":"https:\/\/www.cmalleida.com\/es\/#\/schema\/logo\/image\/"}},{"@type":"Person","@id":"https:\/\/www.cmalleida.com\/es\/#\/schema\/person\/bc84b7874fa5ac8a15c15a050fb3b79c","name":"Col\u00b7legi Mediadors","image":{"@type":"ImageObject","inLanguage":"es","@id":"https:\/\/secure.gravatar.com\/avatar\/05a66e0aafde4a91aea6f2c243b0b99b03dac1cca78dc84298f5e7e7ad4dfd33?s=96&d=mm&r=g","url":"https:\/\/secure.gravatar.com\/avatar\/05a66e0aafde4a91aea6f2c243b0b99b03dac1cca78dc84298f5e7e7ad4dfd33?s=96&d=mm&r=g","contentUrl":"https:\/\/secure.gravatar.com\/avatar\/05a66e0aafde4a91aea6f2c243b0b99b03dac1cca78dc84298f5e7e7ad4dfd33?s=96&d=mm&r=g","caption":"Col\u00b7legi Mediadors"}}]}},"_links":{"self":[{"href":"https:\/\/www.cmalleida.com\/es\/wp-json\/wp\/v2\/posts\/3020","targetHints":{"allow":["GET"]}}],"collection":[{"href":"https:\/\/www.cmalleida.com\/es\/wp-json\/wp\/v2\/posts"}],"about":[{"href":"https:\/\/www.cmalleida.com\/es\/wp-json\/wp\/v2\/types\/post"}],"author":[{"embeddable":true,"href":"https:\/\/www.cmalleida.com\/es\/wp-json\/wp\/v2\/users\/3"}],"replies":[{"embeddable":true,"href":"https:\/\/www.cmalleida.com\/es\/wp-json\/wp\/v2\/comments?post=3020"}],"version-history":[{"count":1,"href":"https:\/\/www.cmalleida.com\/es\/wp-json\/wp\/v2\/posts\/3020\/revisions"}],"predecessor-version":[{"id":3021,"href":"https:\/\/www.cmalleida.com\/es\/wp-json\/wp\/v2\/posts\/3020\/revisions\/3021"}],"wp:featuredmedia":[{"embeddable":true,"href":"https:\/\/www.cmalleida.com\/es\/wp-json\/wp\/v2\/media\/2004"}],"wp:attachment":[{"href":"https:\/\/www.cmalleida.com\/es\/wp-json\/wp\/v2\/media?parent=3020"}],"wp:term":[{"taxonomy":"category","embeddable":true,"href":"https:\/\/www.cmalleida.com\/es\/wp-json\/wp\/v2\/categories?post=3020"},{"taxonomy":"post_tag","embeddable":true,"href":"https:\/\/www.cmalleida.com\/es\/wp-json\/wp\/v2\/tags?post=3020"}],"curies":[{"name":"wp","href":"https:\/\/api.w.org\/{rel}","templated":true}]}}