{"id":2960,"date":"2018-07-20T09:17:52","date_gmt":"2018-07-20T07:17:52","guid":{"rendered":"https:\/\/www.cmalleida.com\/?p=2960"},"modified":"2018-07-20T09:34:42","modified_gmt":"2018-07-20T07:34:42","slug":"cuanto-cuesta-el-seguro-de-este-violin-vanguardia","status":"publish","type":"post","link":"https:\/\/www.cmalleida.com\/es\/cuanto-cuesta-el-seguro-de-este-violin-vanguardia\/","title":{"rendered":"\u00bfCu\u00e1nto cuesta el seguro de este viol\u00edn? (Vanguardia)"},"content":{"rendered":"<p><em>Los instrumentos musicales se aseguran contra da\u00f1os, contra robos y contra accidentes de transporte<\/em><\/p>\n<p>XAVIER GRAU Publicado a 20-07-2018 5:46<\/p>\n<p>&nbsp;<\/p>\n<p><strong>El coste del seguro de un viol\u00edn valios\u00edsimo de 35.000 euros, como el que robaron a al m\u00fasico Dani Cubero en Barcelona en noviembre de 2017, se sit\u00faa alrededor de los 230 euros al a\u00f1o<\/strong>. Un gesto f\u00e1cil y econ\u00f3mico que muchos m\u00fasicos profesionales olvidan a pesar de herramientas como las que sirve la corredur\u00eda Casablancas, con su tarificador\u00a0<em>online,\u00a0<\/em>que permite en segundos conocer la prima para asegurar cualquier tipo de instrumento. El precio final del seguro depender\u00e1 de varios factores como su \u00e1rea de cobertura, Espa\u00f1a, Europa o el mundo entero. Otro elemento fundamental que condiciona la prima del seguro es la certificaci\u00f3n de un acreditado lutier, que normalmente es de confianza del m\u00fasico.<\/p>\n<p><strong>Desde 31,85 euros para el viol\u00edn o el clarinete de un joven estudiante hasta los 40 euros para un instrumento valorado en unos 6.000 euros<\/strong>. \u00a0Con primas de 1.200 a 2.000 euros para instrumentos de orquesta por valor de 300.000 euros hasta p\u00f3lizas a medida y sin franquicia para percances como golpes, ca\u00eddas, incendio, robo, atraco, hurto o da\u00f1os por agua\u2026\u00a0<strong>el sector asegurador cubre cualquier riesgo<\/strong>\u00a0para lo que el experto Marc Morera, de la corredur\u00eda Casablancas, considera \u201cel tercer brazo de un m\u00fasico, su instrumento\u201d. O la mayor inversi\u00f3n de un coleccionista o inversor como el que en 2011 pag\u00f3 11,5 millones de euros por el\u00a0<em>Stradivarius Lady Bunt\u00a0<\/em>de 1721 pulverizando todo record anterior.<\/p>\n<p><strong>Es tal vez el viol\u00edn el instrumento m\u00e1s azaroso, m\u00e1s rom\u00e1ntico, m\u00e1s delicado y m\u00e1s relacionado con el virtuosismo<\/strong>\u00a0desde que Nicol\u00f2 Paganini certificara en el XIX su talento y su t\u00e9cnica como compositor e int\u00e9rprete. Y sigue si\u00e9ndolo hoy, elemento referente de la orquesta y pasi\u00f3n insana para los amantes de lo ajeno como certifican p\u00e1ginas web de localizaci\u00f3n y denuncia como la especializada db.strings.<\/p>\n<p>De incalculable valor sentimental y art\u00edstico para cada m\u00fasico, y tambi\u00e9n con un valor material y econ\u00f3mico a proteger, digamos coloquialmente con una\u00a0<em>p\u00f3liza stradivarius<\/em>\u00a0a medida, el viol\u00edn o cualquier instrumento musical es un bien asegurable de importancia.\u00a0<strong>Alrededor de 20.000 euros al a\u00f1o destina la OBC, Orquestra Simf\u00f3nica de Barcelona i Nacional de Catalunya al seguro de los instrumentos de la instituci\u00f3n<\/strong>, seg\u00fan indica desde el departamento de producci\u00f3n de la entidad N\u00faria Torrens. Un seguro que cubre los instrumentos como timbales, contrabajos y percusiones propiedad de la OCB ya que la mayor\u00eda de otros instrumentos suelen ser propiedad de cada m\u00fasico.\u00a0<strong>Son \u00e9stas, tarifas est\u00e1ndar que se modifican en casos excepcionales como galas y giras<\/strong>\u00a0como la pr\u00f3xima que la OCB prepara para el a\u00f1o que viene alrededor de Jap\u00f3n y que requerir\u00e1 mayores primas y mayores coberturas.<\/p>\n<p>&nbsp;<\/p>\n<p>El asegurador por excelencia de instrumentos musicales y \u201cactos de cultura\u201d, como le gusta confesar a Marc Morera, es desde los a\u00f1os 80\u00a0<strong>la corredur\u00eda Casablancas que, con sede en Sabadell (Barcelona), cubre los riesgos de m\u00e1s de 10.000 m\u00fasicos y sus instrumentos<\/strong>. Aunando pasi\u00f3n por la m\u00fasica y por los seguros, esta empresa familiar, referente en Espa\u00f1a, atiende los principales coliseos, las m\u00e1s destacadas orquestas y los m\u00e1s virtuosos m\u00fasicos del pa\u00eds que son referencia internacional. No en vano, la corredur\u00eda en manos ahora de la tercera generaci\u00f3n, re\u00fane en la saga familiar a tres instrumentistas de primera l\u00ednea con el viol\u00edn, la viola y la trompeta y a dos expertos del seguro de instrumentos en quien conf\u00edan instituciones como el Gran Teatre del Liceu, el Palau de la M\u00fasica, la Real Orquesta Sinf\u00f3nica de Sevilla; compa\u00f1\u00edas teatrales como Dagoll Dagom o La Cubana e instituciones como la Academia de las Artes y las Ciencias Cinematogr\u00e1ficas de Espa\u00f1a.<\/p>\n<p>Apasionado, directo, con algunos tanteos y colaboraciones en el mundo del teatro con Tricicle, Marc Morera se desvive por el arte y por lo seguros: combinaci\u00f3n aparentemente incompatible a no ser por la peripecia familiar. Fue all\u00e1 por los 90 cuando la madre, Carmen, al frente de una corredur\u00eda tradicional de seguros, cay\u00f3 en la necesidad de asegurar un valioso viol\u00edn que adquirieron, no sin esfuerzo, de las manos de un prestigioso luthier, para la formaci\u00f3n musical de sus hijos ya veintea\u00f1eros y que apuntaban maneras de artista.<\/p>\n<p>Y de la necesidad virtud. Ese primer viol\u00edn, ese primer seguro, se funde hoy en el nacimiento de la corredur\u00eda Casablancas que ya en su web luce un logo peculiar que integra una clave musical de comp\u00e1s con un bemol imaginado en un pentagrama. Declaraci\u00f3n de principios.<\/p>\n<p><strong>Los instrumentos musicales peculiares, como un viol\u00edn, son f\u00e1ciles de asegurar dado el bajo riesgo de percances y siniestralidad por accidente y dada la dificultad de ser reintroducidos en el mercado en caso de hurto o robo<\/strong>. Explica Marc Carrasco, de la aseguradora Mussap, con producto propio para instrumentos desde hace dos a\u00f1os, que suelen asegurarse reparaciones y golpes de escasa gravedad \u201cya que los m\u00fasicos son muy cuidadosos con su instrumento, a los que tratan como aut\u00e9nticos compa\u00f1eros de trabajo\u201d.<\/p>\n<p>La cobertura m\u00e1s habitual para instrumentos como el viol\u00edn atiende sucesos en caso de robo (que comporta da\u00f1os a las cosas), atraco (con da\u00f1os a las personas) y hurto (desaparici\u00f3n del objeto). Se incorpora habitualmente la cesi\u00f3n de un instrumento de sustituci\u00f3n en casos de necesidad, seg\u00fan relata Marc Morera: como la desaparici\u00f3n de un instrumento, una especial\u00edsima guitarra en este caso, de un m\u00fasico que alquil\u00f3 la Alhambra de Granada para el rodaje de un videoclip imposible sin ese elemento; o el de profesionales ante grandes eventos y galas de excepci\u00f3n; o el de estudiantes de nivel superior privados de su instrumento ante un examen de grado superior.<\/p>\n<p>La corredur\u00eda Casablancas, a ra\u00edz de ese en\u00e9simo viol\u00edn para los destacados estudiantes de la familia, introdujo en Espa\u00f1a desde Francia, Inglaterra e Italia coberturas para instrumentos que no exist\u00edan. Es hoy l\u00edder en un sector que se nutre de grandes instituciones y formaciones como orquestas, bandas, conservatorios y academias; profesionales de primer orden, amateurs y alumnos de varias disciplinas para los que dise\u00f1an coberturas especializadas.<\/p>\n<p>Otras compa\u00f1\u00edas como Mussap, a trav\u00e9s de sus p\u00f3lizas \u201cSwing\u201d desarrollan productos a medida para un mercado creciente que protege el bien m\u00e1s preciado para un instrumentista ante percances como da\u00f1os accidentales, incendios o da\u00f1os durante el transporte, que son los menos espectaculares pero los m\u00e1s habituales.<\/p>\n<p><strong>Instrumentos \u00fanicos e hist\u00f3ricos pueden asegurarse como obras de arte con primas especiales<\/strong><\/p>\n<p>Pero no existen restricciones en cuanto a primas y coberturas, aclara Marc Morera, responsable tambi\u00e9n de seguros para instrumentos \u00fanicos del siglo XVI al XVIII.\u00a0 Tampoco si se trata de un instrumento de una colecci\u00f3n privada o de un museo y que no se usa. En estos casos pueden ser asegurados como instrumento musical o como obra de arte.<\/p>\n<p><strong>Como \u00fanico requisito para asegurar, \u201cel propietario debe saber\u201d, expone este experto, \u201cel valor actual de su instrumento, tener domicilio en Espa\u00f1a y poseer una cuenta bancaria en el pa\u00eds\u201d<\/strong>. Y no existen l\u00edmites en cuanto a valores a proteger.<\/p>\n<p>Muchos violines se roban, muchos se pierden, muchos sufren desperfectos\u2026 Muchos son localizados o reparados, ante lo cual el seguro tambi\u00e9n responde. As\u00ed, el m\u00fasico que recupera su instrumento despu\u00e9s de denunciar su desaparici\u00f3n o su da\u00f1o tiene dos opciones: o reh\u00fasa el instrumento y se queda con el dinero del seguro o devuelve esta cantidad y retiene el instrumento. En el caso de que \u00e9ste aparezca da\u00f1ado, matiza Morera, \u201cel m\u00fasico debe tramitar el siniestro del da\u00f1o y cobrar\u00e1 del seguro lo necesario para su restauraci\u00f3n\u201d. Algunas cl\u00e1usulas cubren, adem\u00e1s, la depreciaci\u00f3n en caso que el instrumento pierda valor comercial por una reparaci\u00f3n o restauraci\u00f3n.<\/p>\n<p>&nbsp;<\/p>\n","protected":false},"excerpt":{"rendered":"<p>Los instrumentos musicales se aseguran contra da\u00f1os, contra robos y contra accidentes de transporte XAVIER GRAU Publicado a 20-07-2018 5:46 &nbsp; El coste del seguro&#8230; <a href=\"https:\/\/www.cmalleida.com\/es\/cuanto-cuesta-el-seguro-de-este-violin-vanguardia\/\" rel=\"nofollow\" class=\"lollegirmes\">Llegeix m\u00e9s<\/a><\/p>\n","protected":false},"author":3,"featured_media":2970,"comment_status":"closed","ping_status":"closed","sticky":false,"template":"","format":"standard","meta":{"_acf_changed":false,"_genesis_hide_title":false,"_genesis_hide_breadcrumbs":false,"_genesis_hide_singular_image":false,"_genesis_hide_footer_widgets":false,"_genesis_custom_body_class":"","_genesis_custom_post_class":"","_genesis_layout":"","footnotes":""},"categories":[28,66],"tags":[],"class_list":{"0":"post-2960","1":"post","2":"type-post","3":"status-publish","4":"format-standard","5":"has-post-thumbnail","7":"category-actualidad","8":"category-curiositat-es","9":"entry"},"acf":[],"yoast_head":"<!-- This site is optimized with the Yoast SEO plugin v27.2 - https:\/\/yoast.com\/product\/yoast-seo-wordpress\/ -->\n<title>\u00bfCu\u00e1nto cuesta el seguro de este viol\u00edn? (Vanguardia) - Col\u00b7legi de Mediadors d&#039;Assegurances de Lleida<\/title>\n<meta name=\"robots\" content=\"index, follow, max-snippet:-1, max-image-preview:large, max-video-preview:-1\" \/>\n<link rel=\"canonical\" href=\"https:\/\/www.cmalleida.com\/es\/cuanto-cuesta-el-seguro-de-este-violin-vanguardia\/\" \/>\n<meta property=\"og:locale\" content=\"es_ES\" \/>\n<meta property=\"og:type\" content=\"article\" \/>\n<meta property=\"og:title\" content=\"\u00bfCu\u00e1nto cuesta el seguro de este viol\u00edn? (Vanguardia) - Col\u00b7legi de Mediadors d&#039;Assegurances de Lleida\" \/>\n<meta property=\"og:description\" content=\"Los instrumentos musicales se aseguran contra da\u00f1os, contra robos y contra accidentes de transporte XAVIER GRAU Publicado a 20-07-2018 5:46 &nbsp; El coste del seguro... Llegeix m\u00e9s\" \/>\n<meta property=\"og:url\" content=\"https:\/\/www.cmalleida.com\/es\/cuanto-cuesta-el-seguro-de-este-violin-vanguardia\/\" \/>\n<meta property=\"og:site_name\" content=\"Col\u00b7legi de Mediadors d&#039;Assegurances de Lleida\" \/>\n<meta property=\"article:published_time\" content=\"2018-07-20T07:17:52+00:00\" \/>\n<meta property=\"article:modified_time\" content=\"2018-07-20T07:34:42+00:00\" \/>\n<meta property=\"og:image\" content=\"https:\/\/www.cmalleida.com\/wp-content\/uploads\/captura-2.jpg\" \/>\n\t<meta property=\"og:image:width\" content=\"638\" \/>\n\t<meta property=\"og:image:height\" content=\"455\" \/>\n\t<meta property=\"og:image:type\" content=\"image\/jpeg\" \/>\n<meta name=\"author\" content=\"Col\u00b7legi Mediadors\" \/>\n<meta name=\"twitter:card\" content=\"summary_large_image\" \/>\n<meta name=\"twitter:label1\" content=\"Written by\" \/>\n\t<meta name=\"twitter:data1\" content=\"Col\u00b7legi Mediadors\" \/>\n\t<meta name=\"twitter:label2\" content=\"Est. reading time\" \/>\n\t<meta name=\"twitter:data2\" content=\"7 minutos\" \/>\n<script type=\"application\/ld+json\" class=\"yoast-schema-graph\">{\"@context\":\"https:\/\/schema.org\",\"@graph\":[{\"@type\":\"Article\",\"@id\":\"https:\/\/www.cmalleida.com\/es\/cuanto-cuesta-el-seguro-de-este-violin-vanguardia\/#article\",\"isPartOf\":{\"@id\":\"https:\/\/www.cmalleida.com\/es\/cuanto-cuesta-el-seguro-de-este-violin-vanguardia\/\"},\"author\":{\"name\":\"Col\u00b7legi Mediadors\",\"@id\":\"https:\/\/www.cmalleida.com\/es\/#\/schema\/person\/bc84b7874fa5ac8a15c15a050fb3b79c\"},\"headline\":\"\u00bfCu\u00e1nto cuesta el seguro de este viol\u00edn? (Vanguardia)\",\"datePublished\":\"2018-07-20T07:17:52+00:00\",\"dateModified\":\"2018-07-20T07:34:42+00:00\",\"mainEntityOfPage\":{\"@id\":\"https:\/\/www.cmalleida.com\/es\/cuanto-cuesta-el-seguro-de-este-violin-vanguardia\/\"},\"wordCount\":1408,\"publisher\":{\"@id\":\"https:\/\/www.cmalleida.com\/es\/#organization\"},\"image\":{\"@id\":\"https:\/\/www.cmalleida.com\/es\/cuanto-cuesta-el-seguro-de-este-violin-vanguardia\/#primaryimage\"},\"thumbnailUrl\":\"https:\/\/www.cmalleida.com\/wp-content\/uploads\/captura-2.jpg\",\"articleSection\":[\"Actualidad\",\"Curiosidad\"],\"inLanguage\":\"es\"},{\"@type\":\"WebPage\",\"@id\":\"https:\/\/www.cmalleida.com\/es\/cuanto-cuesta-el-seguro-de-este-violin-vanguardia\/\",\"url\":\"https:\/\/www.cmalleida.com\/es\/cuanto-cuesta-el-seguro-de-este-violin-vanguardia\/\",\"name\":\"\u00bfCu\u00e1nto cuesta el seguro de este viol\u00edn? (Vanguardia) - Col\u00b7legi de Mediadors d&#039;Assegurances de Lleida\",\"isPartOf\":{\"@id\":\"https:\/\/www.cmalleida.com\/es\/#website\"},\"primaryImageOfPage\":{\"@id\":\"https:\/\/www.cmalleida.com\/es\/cuanto-cuesta-el-seguro-de-este-violin-vanguardia\/#primaryimage\"},\"image\":{\"@id\":\"https:\/\/www.cmalleida.com\/es\/cuanto-cuesta-el-seguro-de-este-violin-vanguardia\/#primaryimage\"},\"thumbnailUrl\":\"https:\/\/www.cmalleida.com\/wp-content\/uploads\/captura-2.jpg\",\"datePublished\":\"2018-07-20T07:17:52+00:00\",\"dateModified\":\"2018-07-20T07:34:42+00:00\",\"breadcrumb\":{\"@id\":\"https:\/\/www.cmalleida.com\/es\/cuanto-cuesta-el-seguro-de-este-violin-vanguardia\/#breadcrumb\"},\"inLanguage\":\"es\",\"potentialAction\":[{\"@type\":\"ReadAction\",\"target\":[\"https:\/\/www.cmalleida.com\/es\/cuanto-cuesta-el-seguro-de-este-violin-vanguardia\/\"]}]},{\"@type\":\"ImageObject\",\"inLanguage\":\"es\",\"@id\":\"https:\/\/www.cmalleida.com\/es\/cuanto-cuesta-el-seguro-de-este-violin-vanguardia\/#primaryimage\",\"url\":\"https:\/\/www.cmalleida.com\/wp-content\/uploads\/captura-2.jpg\",\"contentUrl\":\"https:\/\/www.cmalleida.com\/wp-content\/uploads\/captura-2.jpg\",\"width\":638,\"height\":455,\"caption\":\"Captura\"},{\"@type\":\"BreadcrumbList\",\"@id\":\"https:\/\/www.cmalleida.com\/es\/cuanto-cuesta-el-seguro-de-este-violin-vanguardia\/#breadcrumb\",\"itemListElement\":[{\"@type\":\"ListItem\",\"position\":1,\"name\":\"Inici\",\"item\":\"https:\/\/www.cmalleida.com\/es\/\"},{\"@type\":\"ListItem\",\"position\":2,\"name\":\"\u00bfCu\u00e1nto cuesta el seguro de este viol\u00edn? (Vanguardia)\"}]},{\"@type\":\"WebSite\",\"@id\":\"https:\/\/www.cmalleida.com\/es\/#website\",\"url\":\"https:\/\/www.cmalleida.com\/es\/\",\"name\":\"Col\u00b7legi de Mediadors d&#039;Assegurances de Lleida\",\"description\":\"Otro sitio realizado con WordPress\",\"publisher\":{\"@id\":\"https:\/\/www.cmalleida.com\/es\/#organization\"},\"potentialAction\":[{\"@type\":\"SearchAction\",\"target\":{\"@type\":\"EntryPoint\",\"urlTemplate\":\"https:\/\/www.cmalleida.com\/es\/?s={search_term_string}\"},\"query-input\":{\"@type\":\"PropertyValueSpecification\",\"valueRequired\":true,\"valueName\":\"search_term_string\"}}],\"inLanguage\":\"es\"},{\"@type\":\"Organization\",\"@id\":\"https:\/\/www.cmalleida.com\/es\/#organization\",\"name\":\"Col\u00b7legi de Mediadors d'Assegurances de Lleida\",\"url\":\"https:\/\/www.cmalleida.com\/es\/\",\"logo\":{\"@type\":\"ImageObject\",\"inLanguage\":\"es\",\"@id\":\"https:\/\/www.cmalleida.com\/es\/#\/schema\/logo\/image\/\",\"url\":\"\",\"contentUrl\":\"\",\"caption\":\"Col\u00b7legi de Mediadors d'Assegurances de Lleida\"},\"image\":{\"@id\":\"https:\/\/www.cmalleida.com\/es\/#\/schema\/logo\/image\/\"}},{\"@type\":\"Person\",\"@id\":\"https:\/\/www.cmalleida.com\/es\/#\/schema\/person\/bc84b7874fa5ac8a15c15a050fb3b79c\",\"name\":\"Col\u00b7legi Mediadors\",\"image\":{\"@type\":\"ImageObject\",\"inLanguage\":\"es\",\"@id\":\"https:\/\/secure.gravatar.com\/avatar\/05a66e0aafde4a91aea6f2c243b0b99b03dac1cca78dc84298f5e7e7ad4dfd33?s=96&d=mm&r=g\",\"url\":\"https:\/\/secure.gravatar.com\/avatar\/05a66e0aafde4a91aea6f2c243b0b99b03dac1cca78dc84298f5e7e7ad4dfd33?s=96&d=mm&r=g\",\"contentUrl\":\"https:\/\/secure.gravatar.com\/avatar\/05a66e0aafde4a91aea6f2c243b0b99b03dac1cca78dc84298f5e7e7ad4dfd33?s=96&d=mm&r=g\",\"caption\":\"Col\u00b7legi Mediadors\"}}]}<\/script>\n<!-- \/ Yoast SEO plugin. -->","yoast_head_json":{"title":"\u00bfCu\u00e1nto cuesta el seguro de este viol\u00edn? (Vanguardia) - Col\u00b7legi de Mediadors d&#039;Assegurances de Lleida","robots":{"index":"index","follow":"follow","max-snippet":"max-snippet:-1","max-image-preview":"max-image-preview:large","max-video-preview":"max-video-preview:-1"},"canonical":"https:\/\/www.cmalleida.com\/es\/cuanto-cuesta-el-seguro-de-este-violin-vanguardia\/","og_locale":"es_ES","og_type":"article","og_title":"\u00bfCu\u00e1nto cuesta el seguro de este viol\u00edn? (Vanguardia) - Col\u00b7legi de Mediadors d&#039;Assegurances de Lleida","og_description":"Los instrumentos musicales se aseguran contra da\u00f1os, contra robos y contra accidentes de transporte XAVIER GRAU Publicado a 20-07-2018 5:46 &nbsp; El coste del seguro... Llegeix m\u00e9s","og_url":"https:\/\/www.cmalleida.com\/es\/cuanto-cuesta-el-seguro-de-este-violin-vanguardia\/","og_site_name":"Col\u00b7legi de Mediadors d&#039;Assegurances de Lleida","article_published_time":"2018-07-20T07:17:52+00:00","article_modified_time":"2018-07-20T07:34:42+00:00","og_image":[{"width":638,"height":455,"url":"https:\/\/www.cmalleida.com\/wp-content\/uploads\/captura-2.jpg","type":"image\/jpeg"}],"author":"Col\u00b7legi Mediadors","twitter_card":"summary_large_image","twitter_misc":{"Written by":"Col\u00b7legi Mediadors","Est. reading time":"7 minutos"},"schema":{"@context":"https:\/\/schema.org","@graph":[{"@type":"Article","@id":"https:\/\/www.cmalleida.com\/es\/cuanto-cuesta-el-seguro-de-este-violin-vanguardia\/#article","isPartOf":{"@id":"https:\/\/www.cmalleida.com\/es\/cuanto-cuesta-el-seguro-de-este-violin-vanguardia\/"},"author":{"name":"Col\u00b7legi Mediadors","@id":"https:\/\/www.cmalleida.com\/es\/#\/schema\/person\/bc84b7874fa5ac8a15c15a050fb3b79c"},"headline":"\u00bfCu\u00e1nto cuesta el seguro de este viol\u00edn? (Vanguardia)","datePublished":"2018-07-20T07:17:52+00:00","dateModified":"2018-07-20T07:34:42+00:00","mainEntityOfPage":{"@id":"https:\/\/www.cmalleida.com\/es\/cuanto-cuesta-el-seguro-de-este-violin-vanguardia\/"},"wordCount":1408,"publisher":{"@id":"https:\/\/www.cmalleida.com\/es\/#organization"},"image":{"@id":"https:\/\/www.cmalleida.com\/es\/cuanto-cuesta-el-seguro-de-este-violin-vanguardia\/#primaryimage"},"thumbnailUrl":"https:\/\/www.cmalleida.com\/wp-content\/uploads\/captura-2.jpg","articleSection":["Actualidad","Curiosidad"],"inLanguage":"es"},{"@type":"WebPage","@id":"https:\/\/www.cmalleida.com\/es\/cuanto-cuesta-el-seguro-de-este-violin-vanguardia\/","url":"https:\/\/www.cmalleida.com\/es\/cuanto-cuesta-el-seguro-de-este-violin-vanguardia\/","name":"\u00bfCu\u00e1nto cuesta el seguro de este viol\u00edn? (Vanguardia) - Col\u00b7legi de Mediadors d&#039;Assegurances de Lleida","isPartOf":{"@id":"https:\/\/www.cmalleida.com\/es\/#website"},"primaryImageOfPage":{"@id":"https:\/\/www.cmalleida.com\/es\/cuanto-cuesta-el-seguro-de-este-violin-vanguardia\/#primaryimage"},"image":{"@id":"https:\/\/www.cmalleida.com\/es\/cuanto-cuesta-el-seguro-de-este-violin-vanguardia\/#primaryimage"},"thumbnailUrl":"https:\/\/www.cmalleida.com\/wp-content\/uploads\/captura-2.jpg","datePublished":"2018-07-20T07:17:52+00:00","dateModified":"2018-07-20T07:34:42+00:00","breadcrumb":{"@id":"https:\/\/www.cmalleida.com\/es\/cuanto-cuesta-el-seguro-de-este-violin-vanguardia\/#breadcrumb"},"inLanguage":"es","potentialAction":[{"@type":"ReadAction","target":["https:\/\/www.cmalleida.com\/es\/cuanto-cuesta-el-seguro-de-este-violin-vanguardia\/"]}]},{"@type":"ImageObject","inLanguage":"es","@id":"https:\/\/www.cmalleida.com\/es\/cuanto-cuesta-el-seguro-de-este-violin-vanguardia\/#primaryimage","url":"https:\/\/www.cmalleida.com\/wp-content\/uploads\/captura-2.jpg","contentUrl":"https:\/\/www.cmalleida.com\/wp-content\/uploads\/captura-2.jpg","width":638,"height":455,"caption":"Captura"},{"@type":"BreadcrumbList","@id":"https:\/\/www.cmalleida.com\/es\/cuanto-cuesta-el-seguro-de-este-violin-vanguardia\/#breadcrumb","itemListElement":[{"@type":"ListItem","position":1,"name":"Inici","item":"https:\/\/www.cmalleida.com\/es\/"},{"@type":"ListItem","position":2,"name":"\u00bfCu\u00e1nto cuesta el seguro de este viol\u00edn? (Vanguardia)"}]},{"@type":"WebSite","@id":"https:\/\/www.cmalleida.com\/es\/#website","url":"https:\/\/www.cmalleida.com\/es\/","name":"Col\u00b7legi de Mediadors d&#039;Assegurances de Lleida","description":"Otro sitio realizado con WordPress","publisher":{"@id":"https:\/\/www.cmalleida.com\/es\/#organization"},"potentialAction":[{"@type":"SearchAction","target":{"@type":"EntryPoint","urlTemplate":"https:\/\/www.cmalleida.com\/es\/?s={search_term_string}"},"query-input":{"@type":"PropertyValueSpecification","valueRequired":true,"valueName":"search_term_string"}}],"inLanguage":"es"},{"@type":"Organization","@id":"https:\/\/www.cmalleida.com\/es\/#organization","name":"Col\u00b7legi de Mediadors d'Assegurances de Lleida","url":"https:\/\/www.cmalleida.com\/es\/","logo":{"@type":"ImageObject","inLanguage":"es","@id":"https:\/\/www.cmalleida.com\/es\/#\/schema\/logo\/image\/","url":"","contentUrl":"","caption":"Col\u00b7legi de Mediadors d'Assegurances de Lleida"},"image":{"@id":"https:\/\/www.cmalleida.com\/es\/#\/schema\/logo\/image\/"}},{"@type":"Person","@id":"https:\/\/www.cmalleida.com\/es\/#\/schema\/person\/bc84b7874fa5ac8a15c15a050fb3b79c","name":"Col\u00b7legi Mediadors","image":{"@type":"ImageObject","inLanguage":"es","@id":"https:\/\/secure.gravatar.com\/avatar\/05a66e0aafde4a91aea6f2c243b0b99b03dac1cca78dc84298f5e7e7ad4dfd33?s=96&d=mm&r=g","url":"https:\/\/secure.gravatar.com\/avatar\/05a66e0aafde4a91aea6f2c243b0b99b03dac1cca78dc84298f5e7e7ad4dfd33?s=96&d=mm&r=g","contentUrl":"https:\/\/secure.gravatar.com\/avatar\/05a66e0aafde4a91aea6f2c243b0b99b03dac1cca78dc84298f5e7e7ad4dfd33?s=96&d=mm&r=g","caption":"Col\u00b7legi Mediadors"}}]}},"_links":{"self":[{"href":"https:\/\/www.cmalleida.com\/es\/wp-json\/wp\/v2\/posts\/2960","targetHints":{"allow":["GET"]}}],"collection":[{"href":"https:\/\/www.cmalleida.com\/es\/wp-json\/wp\/v2\/posts"}],"about":[{"href":"https:\/\/www.cmalleida.com\/es\/wp-json\/wp\/v2\/types\/post"}],"author":[{"embeddable":true,"href":"https:\/\/www.cmalleida.com\/es\/wp-json\/wp\/v2\/users\/3"}],"replies":[{"embeddable":true,"href":"https:\/\/www.cmalleida.com\/es\/wp-json\/wp\/v2\/comments?post=2960"}],"version-history":[{"count":1,"href":"https:\/\/www.cmalleida.com\/es\/wp-json\/wp\/v2\/posts\/2960\/revisions"}],"predecessor-version":[{"id":2961,"href":"https:\/\/www.cmalleida.com\/es\/wp-json\/wp\/v2\/posts\/2960\/revisions\/2961"}],"wp:featuredmedia":[{"embeddable":true,"href":"https:\/\/www.cmalleida.com\/es\/wp-json\/wp\/v2\/media\/2970"}],"wp:attachment":[{"href":"https:\/\/www.cmalleida.com\/es\/wp-json\/wp\/v2\/media?parent=2960"}],"wp:term":[{"taxonomy":"category","embeddable":true,"href":"https:\/\/www.cmalleida.com\/es\/wp-json\/wp\/v2\/categories?post=2960"},{"taxonomy":"post_tag","embeddable":true,"href":"https:\/\/www.cmalleida.com\/es\/wp-json\/wp\/v2\/tags?post=2960"}],"curies":[{"name":"wp","href":"https:\/\/api.w.org\/{rel}","templated":true}]}}