{"id":2926,"date":"2018-07-13T09:31:15","date_gmt":"2018-07-13T07:31:15","guid":{"rendered":"https:\/\/www.cmalleida.com\/?p=2926"},"modified":"2018-07-13T09:31:15","modified_gmt":"2018-07-13T07:31:15","slug":"que-cubre-el-seguro-de-asistencia-de-mi-vehiculo-la-vanguardia","status":"publish","type":"post","link":"https:\/\/www.cmalleida.com\/es\/que-cubre-el-seguro-de-asistencia-de-mi-vehiculo-la-vanguardia\/","title":{"rendered":"\u00bfQu\u00e9 cubre el seguro de asistencia de mi veh\u00edculo? (La Vanguardia)"},"content":{"rendered":"<p><em>El 61% de los veh\u00edculos cuentan con este tipo de cobertura que ofrece, entre otros, el servicio de gr\u00faa, pero tambi\u00e9n la obtenci\u00f3n y env\u00edo de las llaves del veh\u00edculo en el caso de haberlas perdido<\/em><\/p>\n<p>JOAN MORALES Publicado a 12-07-2018 6:49<\/p>\n<p>La cobertura de asistencia en viaje dentro del seguro del autom\u00f3vil, junto la de rotura de cristales y la asistencia jur\u00eddica se encuentra incorporada en la gran mayor\u00eda de seguros de veh\u00edculos a motor como una de las garant\u00edas b\u00e1sicas del contrato. Seg\u00fan la memoria de UNESPA de 2017,\u00a0<strong>el 61 % de los turismos tienen seguro de asistencia en Espa\u00f1a<\/strong>. De los casi 11 millones de percances registrados en 2016 en todas las coberturas del seguro de autom\u00f3viles, un 37% correspondi\u00f3 a la cobertura de asistencia, seg\u00fan los datos del sector..<\/p>\n<p>Hay que tener presente que esta prestaci\u00f3n tambi\u00e9n se garantiza desde entidades especializadas como los Clubs de Automovilistas.<\/p>\n<p><strong>Pero\u2026 \u00bfconocemos el alcance de esta cobertura?<\/strong><\/p>\n<p>Posiblemente tenemos en mente aquellas prestaciones m\u00e1s evidentes: asistencia en carretera en caso de aver\u00eda, servicio de gr\u00faa en caso de aver\u00eda no reparable o accidente, finalizaci\u00f3n del viaje para las personas hasta el lugar de destino o regreso al lugar de procedencia, etc.<\/p>\n<p>Ciertamente, las mencionadas son las garant\u00edas m\u00e1s conocidas y evidentes. Pero vale la pena prestar nuestra atenci\u00f3n a\u00a0<strong>determinados aspectos<\/strong>\u00a0de esta cobertura que\u00a0 en su momento\u00a0<strong>pueden sernos de gran utilidad<\/strong>\u00a0y ayudarnos a salir de situaciones desagradables.<\/p>\n<p>Lo primero que conviene saber es\u00a0<strong>qui\u00e9nes son los asegurados<\/strong>: el propietario del veh\u00edculo, as\u00ed como el conductor y el resto de ocupantes del veh\u00edculo.<\/p>\n<p>Debemos tener presente que la cobertura de asistencia en viaje que contratamos en un seguro de autom\u00f3viles se divide en dos grandes apartados:<\/p>\n<ul>\n<li>Garant\u00edas relativas al veh\u00edculo<\/li>\n<li>Garant\u00edas relativas a las personas<\/li>\n<\/ul>\n<p>A continuaci\u00f3n, destacaremos\u00a0<strong>algunas coberturas que conviene conocer<\/strong>, m\u00e1s all\u00e1 de las m\u00e1s evidentes:<\/p>\n<ul>\n<li><strong>Env\u00edo de piezas de recambio<\/strong>. En ocasiones la reparaci\u00f3n de la aver\u00eda depende de una pieza no disponible en la cercan\u00eda del lugar de reparaci\u00f3n. La aseguradora asume las gestiones y los gastos de transporte de la pieza desde el origen hasta el taller.<\/li>\n<li><strong>Obtenci\u00f3n y env\u00edo de duplicado de llaves.<\/strong>No es infrecuente la p\u00e9rdida de las llaves del veh\u00edculo por extrav\u00edo o robo. La aseguradora asume los gastos de env\u00edo de un duplicado de llaves hasta el lugar en que se encuentre el asegurado. Un consejo: En desplazamientos largos de tipo vacacional es una buena costumbre que dos componentes distintos del grupo lleven cada uno un juego de llaves del veh\u00edculo.<\/li>\n<li><strong>Env\u00edo de un conductor profesional.\u00a0<\/strong>En caso de indisposici\u00f3n grave que incapacite al conductor y si ninguno de los ocupantes puede sustituirle, la aseguradora enviar\u00e1 un conductor profesional que conducir\u00e1 el veh\u00edculo hasta el domicilio del asegurado o hasta el lugar de destino.<\/li>\n<li><strong>Traslado de los ocupantes hasta el lugar de destino.<\/strong>Cuando la reparaci\u00f3n no puede llevarse a cabo en un determinado periodo de tiempo (habitualmente un d\u00eda o bien si media una noche) la aseguradora asume los gastos del traslado del conductor y resto de ocupantes hasta el lugar de destino, o su regreso al domicilio del asegurado, en el medio de transporte m\u00e1s id\u00f3neo. Esta prestaci\u00f3n suele limitarse a una cantidad por usuario (300 \u20ac por ejemplo).<\/li>\n<\/ul>\n<p><strong>Algunos detalles a tener en cuenta<\/strong><\/p>\n<p>Hay algunos aspectos que es conveniente tener presentes al valorar las ofertas que se nos presentan respecto de esta cobertura:<\/p>\n<ul>\n<li><strong>Asistencia desde km 0<\/strong>. Respecto a las aver\u00edas del veh\u00edculo asegurado, todav\u00eda existen aseguradoras que limitan su cobertura a aver\u00edas las acaecidas m\u00e1s all\u00e1 de un radio m\u00ednimo desde el domicilio del asegurado (entre 10 o 25 km). Como es l\u00f3gico conviene optar por las coberturas desde el kil\u00f3metro 0.<\/li>\n<li><strong>Transporte del veh\u00edculo hasta el lugar designado por el asegurado<\/strong>. Este es un aspecto importante a valorar. Los aseguradores limitan a una distancia determinada (100 km, 150 km, por ejemplo) la cobertura de remolcaje o transporte del veh\u00edculo a reparar hasta el taller designado por el asegurado (habitualmente cercano a su domicilio). M\u00e1s all\u00e1 de esta distancia (o si el valor venal del veh\u00edculo supera el coste del transporte) la aseguradora cubre el traslado del veh\u00edculo hasta el concesionario m\u00e1s cercano al lugar de la incidencia.<\/li>\n<li><strong>Veh\u00edculo de sustituci\u00f3n<\/strong>. Podemos encontrar esta cobertura incluida dentro de las del paquete de asistencia en viaje del seguro del autom\u00f3vil. Si la reparaci\u00f3n de la aver\u00eda o los da\u00f1os por accidente se alarga en el tiempo, algunas aseguradoras cubren el alquiler de un veh\u00edculo durante un determinado periodo (por ejemplo: a partir del 7\u00ba d\u00eda de paralizaci\u00f3n y durante un m\u00e1ximo 30 d\u00edas).<\/li>\n<li><strong>Cobertura de asistencia en viaje para todo tipo de desplazamientos<\/strong>. Algunas aseguradoras (habitualmente como garant\u00eda \u201cvip\u201d) ofrecen una cobertura gen\u00e9rica de asistencia en viaje \u00a0para el\u00a0<strong>tomador, su c\u00f3nyuge, descendientes y ascendientes de primer grado que convivan en la unidad familia<\/strong>En este caso se cubre todo tipo de viajes realizados por estos asegurados con el medio de transporte que sea.<\/li>\n<li><strong>Extensi\u00f3n al remolque o caravana<\/strong>. La aver\u00eda o el accidente puede afectar tambi\u00e9n al remolque que arrastra el veh\u00edculo asegurado. El asegurador extiende las coberturas de asistencia al veh\u00edculo al remoque que este arrastre.<\/li>\n<\/ul>\n<p>Como venimos comentando en esta secci\u00f3n,\u00a0<strong>los contratos de seguro se parecen entre ellos, pero ninguno es id\u00e9ntico a\u00a0 otro<\/strong>. El asesoramiento de un profesional nos ayudar\u00e1 a escoger la opci\u00f3n m\u00e1s adecuada a nuestras necesidades.<\/p>\n","protected":false},"excerpt":{"rendered":"<p>El 61% de los veh\u00edculos cuentan con este tipo de cobertura que ofrece, entre otros, el servicio de gr\u00faa, pero tambi\u00e9n la obtenci\u00f3n y env\u00edo&#8230; <a href=\"https:\/\/www.cmalleida.com\/es\/que-cubre-el-seguro-de-asistencia-de-mi-vehiculo-la-vanguardia\/\" rel=\"nofollow\" class=\"lollegirmes\">Llegeix m\u00e9s<\/a><\/p>\n","protected":false},"author":3,"featured_media":1869,"comment_status":"closed","ping_status":"closed","sticky":false,"template":"","format":"standard","meta":{"_acf_changed":false,"_genesis_hide_title":false,"_genesis_hide_breadcrumbs":false,"_genesis_hide_singular_image":false,"_genesis_hide_footer_widgets":false,"_genesis_custom_body_class":"","_genesis_custom_post_class":"","_genesis_layout":"","footnotes":""},"categories":[28],"tags":[],"class_list":{"0":"post-2926","1":"post","2":"type-post","3":"status-publish","4":"format-standard","5":"has-post-thumbnail","7":"category-actualidad","8":"entry"},"acf":[],"yoast_head":"<!-- This site is optimized with the Yoast SEO plugin v27.2 - https:\/\/yoast.com\/product\/yoast-seo-wordpress\/ -->\n<title>\u00bfQu\u00e9 cubre el seguro de asistencia de mi veh\u00edculo? (La Vanguardia) - Col\u00b7legi de Mediadors d&#039;Assegurances de Lleida<\/title>\n<meta name=\"robots\" content=\"index, follow, max-snippet:-1, max-image-preview:large, max-video-preview:-1\" \/>\n<link rel=\"canonical\" href=\"https:\/\/www.cmalleida.com\/es\/que-cubre-el-seguro-de-asistencia-de-mi-vehiculo-la-vanguardia\/\" \/>\n<meta property=\"og:locale\" content=\"es_ES\" \/>\n<meta property=\"og:type\" content=\"article\" \/>\n<meta property=\"og:title\" content=\"\u00bfQu\u00e9 cubre el seguro de asistencia de mi veh\u00edculo? (La Vanguardia) - Col\u00b7legi de Mediadors d&#039;Assegurances de Lleida\" \/>\n<meta property=\"og:description\" content=\"El 61% de los veh\u00edculos cuentan con este tipo de cobertura que ofrece, entre otros, el servicio de gr\u00faa, pero tambi\u00e9n la obtenci\u00f3n y env\u00edo... Llegeix m\u00e9s\" \/>\n<meta property=\"og:url\" content=\"https:\/\/www.cmalleida.com\/es\/que-cubre-el-seguro-de-asistencia-de-mi-vehiculo-la-vanguardia\/\" \/>\n<meta property=\"og:site_name\" content=\"Col\u00b7legi de Mediadors d&#039;Assegurances de Lleida\" \/>\n<meta property=\"article:published_time\" content=\"2018-07-13T07:31:15+00:00\" \/>\n<meta property=\"og:image\" content=\"https:\/\/www.cmalleida.com\/wp-content\/uploads\/cmall-lleida-actualitat-car762.jpg\" \/>\n\t<meta property=\"og:image:width\" content=\"762\" \/>\n\t<meta property=\"og:image:height\" content=\"762\" \/>\n\t<meta property=\"og:image:type\" content=\"image\/jpeg\" \/>\n<meta name=\"author\" content=\"Col\u00b7legi Mediadors\" \/>\n<meta name=\"twitter:card\" content=\"summary_large_image\" \/>\n<meta name=\"twitter:label1\" content=\"Written by\" \/>\n\t<meta name=\"twitter:data1\" content=\"Col\u00b7legi Mediadors\" \/>\n\t<meta name=\"twitter:label2\" content=\"Est. reading time\" \/>\n\t<meta name=\"twitter:data2\" content=\"5 minutos\" \/>\n<script type=\"application\/ld+json\" class=\"yoast-schema-graph\">{\"@context\":\"https:\/\/schema.org\",\"@graph\":[{\"@type\":\"Article\",\"@id\":\"https:\/\/www.cmalleida.com\/es\/que-cubre-el-seguro-de-asistencia-de-mi-vehiculo-la-vanguardia\/#article\",\"isPartOf\":{\"@id\":\"https:\/\/www.cmalleida.com\/es\/que-cubre-el-seguro-de-asistencia-de-mi-vehiculo-la-vanguardia\/\"},\"author\":{\"name\":\"Col\u00b7legi Mediadors\",\"@id\":\"https:\/\/www.cmalleida.com\/es\/#\/schema\/person\/bc84b7874fa5ac8a15c15a050fb3b79c\"},\"headline\":\"\u00bfQu\u00e9 cubre el seguro de asistencia de mi veh\u00edculo? (La Vanguardia)\",\"datePublished\":\"2018-07-13T07:31:15+00:00\",\"mainEntityOfPage\":{\"@id\":\"https:\/\/www.cmalleida.com\/es\/que-cubre-el-seguro-de-asistencia-de-mi-vehiculo-la-vanguardia\/\"},\"wordCount\":990,\"publisher\":{\"@id\":\"https:\/\/www.cmalleida.com\/es\/#organization\"},\"image\":{\"@id\":\"https:\/\/www.cmalleida.com\/es\/que-cubre-el-seguro-de-asistencia-de-mi-vehiculo-la-vanguardia\/#primaryimage\"},\"thumbnailUrl\":\"https:\/\/www.cmalleida.com\/wp-content\/uploads\/cmall-lleida-actualitat-car762.jpg\",\"articleSection\":[\"Actualidad\"],\"inLanguage\":\"es\"},{\"@type\":\"WebPage\",\"@id\":\"https:\/\/www.cmalleida.com\/es\/que-cubre-el-seguro-de-asistencia-de-mi-vehiculo-la-vanguardia\/\",\"url\":\"https:\/\/www.cmalleida.com\/es\/que-cubre-el-seguro-de-asistencia-de-mi-vehiculo-la-vanguardia\/\",\"name\":\"\u00bfQu\u00e9 cubre el seguro de asistencia de mi veh\u00edculo? (La Vanguardia) - Col\u00b7legi de Mediadors d&#039;Assegurances de Lleida\",\"isPartOf\":{\"@id\":\"https:\/\/www.cmalleida.com\/es\/#website\"},\"primaryImageOfPage\":{\"@id\":\"https:\/\/www.cmalleida.com\/es\/que-cubre-el-seguro-de-asistencia-de-mi-vehiculo-la-vanguardia\/#primaryimage\"},\"image\":{\"@id\":\"https:\/\/www.cmalleida.com\/es\/que-cubre-el-seguro-de-asistencia-de-mi-vehiculo-la-vanguardia\/#primaryimage\"},\"thumbnailUrl\":\"https:\/\/www.cmalleida.com\/wp-content\/uploads\/cmall-lleida-actualitat-car762.jpg\",\"datePublished\":\"2018-07-13T07:31:15+00:00\",\"breadcrumb\":{\"@id\":\"https:\/\/www.cmalleida.com\/es\/que-cubre-el-seguro-de-asistencia-de-mi-vehiculo-la-vanguardia\/#breadcrumb\"},\"inLanguage\":\"es\",\"potentialAction\":[{\"@type\":\"ReadAction\",\"target\":[\"https:\/\/www.cmalleida.com\/es\/que-cubre-el-seguro-de-asistencia-de-mi-vehiculo-la-vanguardia\/\"]}]},{\"@type\":\"ImageObject\",\"inLanguage\":\"es\",\"@id\":\"https:\/\/www.cmalleida.com\/es\/que-cubre-el-seguro-de-asistencia-de-mi-vehiculo-la-vanguardia\/#primaryimage\",\"url\":\"https:\/\/www.cmalleida.com\/wp-content\/uploads\/cmall-lleida-actualitat-car762.jpg\",\"contentUrl\":\"https:\/\/www.cmalleida.com\/wp-content\/uploads\/cmall-lleida-actualitat-car762.jpg\",\"width\":762,\"height\":762,\"caption\":\"cmall-lleida-actualitat-CAR762\"},{\"@type\":\"BreadcrumbList\",\"@id\":\"https:\/\/www.cmalleida.com\/es\/que-cubre-el-seguro-de-asistencia-de-mi-vehiculo-la-vanguardia\/#breadcrumb\",\"itemListElement\":[{\"@type\":\"ListItem\",\"position\":1,\"name\":\"Inici\",\"item\":\"https:\/\/www.cmalleida.com\/es\/\"},{\"@type\":\"ListItem\",\"position\":2,\"name\":\"\u00bfQu\u00e9 cubre el seguro de asistencia de mi veh\u00edculo? (La Vanguardia)\"}]},{\"@type\":\"WebSite\",\"@id\":\"https:\/\/www.cmalleida.com\/es\/#website\",\"url\":\"https:\/\/www.cmalleida.com\/es\/\",\"name\":\"Col\u00b7legi de Mediadors d&#039;Assegurances de Lleida\",\"description\":\"Otro sitio realizado con WordPress\",\"publisher\":{\"@id\":\"https:\/\/www.cmalleida.com\/es\/#organization\"},\"potentialAction\":[{\"@type\":\"SearchAction\",\"target\":{\"@type\":\"EntryPoint\",\"urlTemplate\":\"https:\/\/www.cmalleida.com\/es\/?s={search_term_string}\"},\"query-input\":{\"@type\":\"PropertyValueSpecification\",\"valueRequired\":true,\"valueName\":\"search_term_string\"}}],\"inLanguage\":\"es\"},{\"@type\":\"Organization\",\"@id\":\"https:\/\/www.cmalleida.com\/es\/#organization\",\"name\":\"Col\u00b7legi de Mediadors d'Assegurances de Lleida\",\"url\":\"https:\/\/www.cmalleida.com\/es\/\",\"logo\":{\"@type\":\"ImageObject\",\"inLanguage\":\"es\",\"@id\":\"https:\/\/www.cmalleida.com\/es\/#\/schema\/logo\/image\/\",\"url\":\"\",\"contentUrl\":\"\",\"caption\":\"Col\u00b7legi de Mediadors d'Assegurances de Lleida\"},\"image\":{\"@id\":\"https:\/\/www.cmalleida.com\/es\/#\/schema\/logo\/image\/\"}},{\"@type\":\"Person\",\"@id\":\"https:\/\/www.cmalleida.com\/es\/#\/schema\/person\/bc84b7874fa5ac8a15c15a050fb3b79c\",\"name\":\"Col\u00b7legi Mediadors\",\"image\":{\"@type\":\"ImageObject\",\"inLanguage\":\"es\",\"@id\":\"https:\/\/secure.gravatar.com\/avatar\/05a66e0aafde4a91aea6f2c243b0b99b03dac1cca78dc84298f5e7e7ad4dfd33?s=96&d=mm&r=g\",\"url\":\"https:\/\/secure.gravatar.com\/avatar\/05a66e0aafde4a91aea6f2c243b0b99b03dac1cca78dc84298f5e7e7ad4dfd33?s=96&d=mm&r=g\",\"contentUrl\":\"https:\/\/secure.gravatar.com\/avatar\/05a66e0aafde4a91aea6f2c243b0b99b03dac1cca78dc84298f5e7e7ad4dfd33?s=96&d=mm&r=g\",\"caption\":\"Col\u00b7legi Mediadors\"}}]}<\/script>\n<!-- \/ Yoast SEO plugin. -->","yoast_head_json":{"title":"\u00bfQu\u00e9 cubre el seguro de asistencia de mi veh\u00edculo? (La Vanguardia) - Col\u00b7legi de Mediadors d&#039;Assegurances de Lleida","robots":{"index":"index","follow":"follow","max-snippet":"max-snippet:-1","max-image-preview":"max-image-preview:large","max-video-preview":"max-video-preview:-1"},"canonical":"https:\/\/www.cmalleida.com\/es\/que-cubre-el-seguro-de-asistencia-de-mi-vehiculo-la-vanguardia\/","og_locale":"es_ES","og_type":"article","og_title":"\u00bfQu\u00e9 cubre el seguro de asistencia de mi veh\u00edculo? (La Vanguardia) - Col\u00b7legi de Mediadors d&#039;Assegurances de Lleida","og_description":"El 61% de los veh\u00edculos cuentan con este tipo de cobertura que ofrece, entre otros, el servicio de gr\u00faa, pero tambi\u00e9n la obtenci\u00f3n y env\u00edo... Llegeix m\u00e9s","og_url":"https:\/\/www.cmalleida.com\/es\/que-cubre-el-seguro-de-asistencia-de-mi-vehiculo-la-vanguardia\/","og_site_name":"Col\u00b7legi de Mediadors d&#039;Assegurances de Lleida","article_published_time":"2018-07-13T07:31:15+00:00","og_image":[{"width":762,"height":762,"url":"https:\/\/www.cmalleida.com\/wp-content\/uploads\/cmall-lleida-actualitat-car762.jpg","type":"image\/jpeg"}],"author":"Col\u00b7legi Mediadors","twitter_card":"summary_large_image","twitter_misc":{"Written by":"Col\u00b7legi Mediadors","Est. reading time":"5 minutos"},"schema":{"@context":"https:\/\/schema.org","@graph":[{"@type":"Article","@id":"https:\/\/www.cmalleida.com\/es\/que-cubre-el-seguro-de-asistencia-de-mi-vehiculo-la-vanguardia\/#article","isPartOf":{"@id":"https:\/\/www.cmalleida.com\/es\/que-cubre-el-seguro-de-asistencia-de-mi-vehiculo-la-vanguardia\/"},"author":{"name":"Col\u00b7legi Mediadors","@id":"https:\/\/www.cmalleida.com\/es\/#\/schema\/person\/bc84b7874fa5ac8a15c15a050fb3b79c"},"headline":"\u00bfQu\u00e9 cubre el seguro de asistencia de mi veh\u00edculo? (La Vanguardia)","datePublished":"2018-07-13T07:31:15+00:00","mainEntityOfPage":{"@id":"https:\/\/www.cmalleida.com\/es\/que-cubre-el-seguro-de-asistencia-de-mi-vehiculo-la-vanguardia\/"},"wordCount":990,"publisher":{"@id":"https:\/\/www.cmalleida.com\/es\/#organization"},"image":{"@id":"https:\/\/www.cmalleida.com\/es\/que-cubre-el-seguro-de-asistencia-de-mi-vehiculo-la-vanguardia\/#primaryimage"},"thumbnailUrl":"https:\/\/www.cmalleida.com\/wp-content\/uploads\/cmall-lleida-actualitat-car762.jpg","articleSection":["Actualidad"],"inLanguage":"es"},{"@type":"WebPage","@id":"https:\/\/www.cmalleida.com\/es\/que-cubre-el-seguro-de-asistencia-de-mi-vehiculo-la-vanguardia\/","url":"https:\/\/www.cmalleida.com\/es\/que-cubre-el-seguro-de-asistencia-de-mi-vehiculo-la-vanguardia\/","name":"\u00bfQu\u00e9 cubre el seguro de asistencia de mi veh\u00edculo? (La Vanguardia) - Col\u00b7legi de Mediadors d&#039;Assegurances de Lleida","isPartOf":{"@id":"https:\/\/www.cmalleida.com\/es\/#website"},"primaryImageOfPage":{"@id":"https:\/\/www.cmalleida.com\/es\/que-cubre-el-seguro-de-asistencia-de-mi-vehiculo-la-vanguardia\/#primaryimage"},"image":{"@id":"https:\/\/www.cmalleida.com\/es\/que-cubre-el-seguro-de-asistencia-de-mi-vehiculo-la-vanguardia\/#primaryimage"},"thumbnailUrl":"https:\/\/www.cmalleida.com\/wp-content\/uploads\/cmall-lleida-actualitat-car762.jpg","datePublished":"2018-07-13T07:31:15+00:00","breadcrumb":{"@id":"https:\/\/www.cmalleida.com\/es\/que-cubre-el-seguro-de-asistencia-de-mi-vehiculo-la-vanguardia\/#breadcrumb"},"inLanguage":"es","potentialAction":[{"@type":"ReadAction","target":["https:\/\/www.cmalleida.com\/es\/que-cubre-el-seguro-de-asistencia-de-mi-vehiculo-la-vanguardia\/"]}]},{"@type":"ImageObject","inLanguage":"es","@id":"https:\/\/www.cmalleida.com\/es\/que-cubre-el-seguro-de-asistencia-de-mi-vehiculo-la-vanguardia\/#primaryimage","url":"https:\/\/www.cmalleida.com\/wp-content\/uploads\/cmall-lleida-actualitat-car762.jpg","contentUrl":"https:\/\/www.cmalleida.com\/wp-content\/uploads\/cmall-lleida-actualitat-car762.jpg","width":762,"height":762,"caption":"cmall-lleida-actualitat-CAR762"},{"@type":"BreadcrumbList","@id":"https:\/\/www.cmalleida.com\/es\/que-cubre-el-seguro-de-asistencia-de-mi-vehiculo-la-vanguardia\/#breadcrumb","itemListElement":[{"@type":"ListItem","position":1,"name":"Inici","item":"https:\/\/www.cmalleida.com\/es\/"},{"@type":"ListItem","position":2,"name":"\u00bfQu\u00e9 cubre el seguro de asistencia de mi veh\u00edculo? (La Vanguardia)"}]},{"@type":"WebSite","@id":"https:\/\/www.cmalleida.com\/es\/#website","url":"https:\/\/www.cmalleida.com\/es\/","name":"Col\u00b7legi de Mediadors d&#039;Assegurances de Lleida","description":"Otro sitio realizado con WordPress","publisher":{"@id":"https:\/\/www.cmalleida.com\/es\/#organization"},"potentialAction":[{"@type":"SearchAction","target":{"@type":"EntryPoint","urlTemplate":"https:\/\/www.cmalleida.com\/es\/?s={search_term_string}"},"query-input":{"@type":"PropertyValueSpecification","valueRequired":true,"valueName":"search_term_string"}}],"inLanguage":"es"},{"@type":"Organization","@id":"https:\/\/www.cmalleida.com\/es\/#organization","name":"Col\u00b7legi de Mediadors d'Assegurances de Lleida","url":"https:\/\/www.cmalleida.com\/es\/","logo":{"@type":"ImageObject","inLanguage":"es","@id":"https:\/\/www.cmalleida.com\/es\/#\/schema\/logo\/image\/","url":"","contentUrl":"","caption":"Col\u00b7legi de Mediadors d'Assegurances de Lleida"},"image":{"@id":"https:\/\/www.cmalleida.com\/es\/#\/schema\/logo\/image\/"}},{"@type":"Person","@id":"https:\/\/www.cmalleida.com\/es\/#\/schema\/person\/bc84b7874fa5ac8a15c15a050fb3b79c","name":"Col\u00b7legi Mediadors","image":{"@type":"ImageObject","inLanguage":"es","@id":"https:\/\/secure.gravatar.com\/avatar\/05a66e0aafde4a91aea6f2c243b0b99b03dac1cca78dc84298f5e7e7ad4dfd33?s=96&d=mm&r=g","url":"https:\/\/secure.gravatar.com\/avatar\/05a66e0aafde4a91aea6f2c243b0b99b03dac1cca78dc84298f5e7e7ad4dfd33?s=96&d=mm&r=g","contentUrl":"https:\/\/secure.gravatar.com\/avatar\/05a66e0aafde4a91aea6f2c243b0b99b03dac1cca78dc84298f5e7e7ad4dfd33?s=96&d=mm&r=g","caption":"Col\u00b7legi Mediadors"}}]}},"_links":{"self":[{"href":"https:\/\/www.cmalleida.com\/es\/wp-json\/wp\/v2\/posts\/2926","targetHints":{"allow":["GET"]}}],"collection":[{"href":"https:\/\/www.cmalleida.com\/es\/wp-json\/wp\/v2\/posts"}],"about":[{"href":"https:\/\/www.cmalleida.com\/es\/wp-json\/wp\/v2\/types\/post"}],"author":[{"embeddable":true,"href":"https:\/\/www.cmalleida.com\/es\/wp-json\/wp\/v2\/users\/3"}],"replies":[{"embeddable":true,"href":"https:\/\/www.cmalleida.com\/es\/wp-json\/wp\/v2\/comments?post=2926"}],"version-history":[{"count":1,"href":"https:\/\/www.cmalleida.com\/es\/wp-json\/wp\/v2\/posts\/2926\/revisions"}],"predecessor-version":[{"id":2927,"href":"https:\/\/www.cmalleida.com\/es\/wp-json\/wp\/v2\/posts\/2926\/revisions\/2927"}],"wp:featuredmedia":[{"embeddable":true,"href":"https:\/\/www.cmalleida.com\/es\/wp-json\/wp\/v2\/media\/1869"}],"wp:attachment":[{"href":"https:\/\/www.cmalleida.com\/es\/wp-json\/wp\/v2\/media?parent=2926"}],"wp:term":[{"taxonomy":"category","embeddable":true,"href":"https:\/\/www.cmalleida.com\/es\/wp-json\/wp\/v2\/categories?post=2926"},{"taxonomy":"post_tag","embeddable":true,"href":"https:\/\/www.cmalleida.com\/es\/wp-json\/wp\/v2\/tags?post=2926"}],"curies":[{"name":"wp","href":"https:\/\/api.w.org\/{rel}","templated":true}]}}