{"id":2836,"date":"2018-07-06T09:22:55","date_gmt":"2018-07-06T07:22:55","guid":{"rendered":"https:\/\/www.cmalleida.com\/?p=2836"},"modified":"2018-07-06T10:43:02","modified_gmt":"2018-07-06T08:43:02","slug":"las-claves-del-seguro-para-mascotas-la-vanguardia","status":"publish","type":"post","link":"https:\/\/www.cmalleida.com\/es\/las-claves-del-seguro-para-mascotas-la-vanguardia\/","title":{"rendered":"Las claves del seguro para mascotas (La Vanguardia)"},"content":{"rendered":"<p>Las p\u00f3lizas cubren la asistencia y tambi\u00e9n la responsabilidad civil frente a posibles da\u00f1os a terceros<\/p>\n<p>JOAN MORALES Publicado a5-07-2018 7:10<\/p>\n<p>Los animales de compa\u00f1\u00eda, las mascotas, se han convertido en un miembro m\u00e1s de la familia. Muchos de nosotros apreciamos de un modo singular de manera que se han incorporado de manera indisociable a nuestra vida personal y social. De ello se desprenden\u00a0<strong>necesidades y obligaciones que en buena parte el seguro puede ayudar a resolver<\/strong>.<\/p>\n<p>La memoria de 2017 de UNESPA, la patronal que re\u00fane a las compa\u00f1\u00edas de seguros, revela que a lo largo del a\u00f1o pasado se produjeron\u00a0<strong>\u201cun total de 6.625 incidentes ligados a seguros que otorgaban coberturas por da\u00f1os producidos por animales y mascotas\u201d<\/strong>. La mayor parte de estos percances fueron protagonizados por perros, tanto como causantes o receptores del da\u00f1o.<\/p>\n<p><strong>Las necesidades a cubrir<\/strong><\/p>\n<p>Nuestras mascotas necesitan que las cuidemos y atendamos desde los primeros d\u00edas que gozamos de su compa\u00f1\u00eda.<\/p>\n<ul>\n<li>Precisan ser vacunadas con cierta periocidad. Por prevenci\u00f3n hacia ellas y hacia los que conviven con ella. En el caso de determinadas vacunas, adem\u00e1s, es obligado hacerlo.<\/li>\n<li>Conviene igualmente que el veterinario las reconozca peri\u00f3dicamente.<\/li>\n<li>Pueden sufrir enfermedades.<\/li>\n<li>Pueden sufrir accidentes.<\/li>\n<li>Es posible que decidamos esterilizarlas.<\/li>\n<li>Corremos el riesgo de que nos las sustraigan. O de que se extrav\u00eden.<\/li>\n<\/ul>\n<p><strong>Nuestra responsabilidad frente a terceros<\/strong><\/p>\n<p>Tampoco debemos olvidar que las mascotas son responsabilidad nuestra. Pese\u00a0 a la atenci\u00f3n que les pr\u00e9stamos, no es imposible que causen da\u00f1os a terceros.<\/p>\n<ul>\n<li>Los perros muerden y los gatos ara\u00f1an.<\/li>\n<li>Alguien puede tropezar con ellos.<\/li>\n<li>Incluso pueden causar un accidente de tr\u00e1fico.<\/li>\n<\/ul>\n<p>De todo ello sus poseedores ser\u00e1n responsables.<\/p>\n<p>La memoria de UNESPA de 2017 se\u00f1ala que\u00a0<strong>\u201cla mitad de los percances protagonizados por mascotas provocaron una indemnizaci\u00f3n de menos de 300 euros\u201d<\/strong>. Por otra parte, las indemnizaciones m\u00e1s elevadas se situaron alrededor de los 12.000 euros.<\/p>\n<p><strong>La propuesta el seguro<\/strong><\/p>\n<p>La adquisici\u00f3n de un animal de compa\u00f1\u00eda supone con frecuencia un dispendio nada despreciable, de modo que su p\u00e9rdida, por accidente, enfermedad u sustracci\u00f3n, supone, aparte de en lo sentimental, un impacto econ\u00f3mico a tener en cuenta en una econom\u00eda dom\u00e9stica. Y, adem\u00e1s, los cuidados y prevenciones, previstos e imprevistos, para con estos animales conllevan gastos veterinarios que pueden ser relativamente considerables.<\/p>\n<p>El sector asegurador evoluciona\u00a0 tambi\u00e9n con la sociedad a la que se debe. De este modo, podemos encontrar\u00a0<strong>interesantes ofertas aseguradoras que permiten satisfacer la cobertura de los principales riesgos que asume el propietario de una mascota<\/strong>.<\/p>\n<p>En los seguros para mascotas encontramos la posibilidad de asegurar, adem\u00e1s de la responsabilidad civil, otros riesgos y gastos que la posesi\u00f3n de mascotas pueden generarnos. Este es un resumen de las principales coberturas ofertadas en nuestro mercado:<\/p>\n<ul>\n<li>Responsabilidad Civil como poseedores del animal. Especialmente interesante en el caso de perros de \u201crazas peligrosas\u201d, que se excluyen en ciertos seguros del hogar.<\/li>\n<li>Fallecimiento por accidente.<\/li>\n<li>Fallecimiento por enfermedad.<\/li>\n<li><\/li>\n<li>Extrav\u00edo.<\/li>\n<li>Asistencia veterinaria, con cuadro de facultativos a los que acudir. Suele distinguir:\n<ul>\n<li>Prestaciones sin copago, como revisi\u00f3n anual y honorarios en algunas vacunaciones.<\/li>\n<li>Descuentos en otras prestaciones como curas, esterilizaci\u00f3n, limpieza bucal, etc.<\/li>\n<\/ul>\n<\/li>\n<li>Asistencia telef\u00f3nica.<\/li>\n<\/ul>\n<p>Encontraremos en el mercado distintas ofertas aseguradoras, m\u00e1s o menos amplias, algunas de ellas estructuradas sobre un paquete b\u00e1sico de coberturas, ampliable a otras mediante sobreprima.<\/p>\n<p>Adem\u00e1s de las coberturas, deberemos contrastar el sistema de franquicias, la existencia de carencias (periodo inicial del seguro durante el cual algunas coberturas no entran en vigor).<\/p>\n<p>Tambi\u00e9n encontraremos en nuestro mercado ofertas para animales algo \u201cespeciales\u201d como serpientes, lagartos, peque\u00f1os mam\u00edferos distintos de perros y gatos, etc.<\/p>\n<p>Nuestras queridas mascotas merecen nuestro cuidado. El seguro nos permite hacerlo sin sobresaltos.<\/p>\n","protected":false},"excerpt":{"rendered":"<p>Las p\u00f3lizas cubren la asistencia y tambi\u00e9n la responsabilidad civil frente a posibles da\u00f1os a terceros JOAN MORALES Publicado a5-07-2018 7:10 Los animales de compa\u00f1\u00eda,&#8230; <a href=\"https:\/\/www.cmalleida.com\/es\/las-claves-del-seguro-para-mascotas-la-vanguardia\/\" rel=\"nofollow\" class=\"lollegirmes\">Llegeix m\u00e9s<\/a><\/p>\n","protected":false},"author":3,"featured_media":2251,"comment_status":"closed","ping_status":"closed","sticky":false,"template":"","format":"standard","meta":{"_acf_changed":false,"_genesis_hide_title":false,"_genesis_hide_breadcrumbs":false,"_genesis_hide_singular_image":false,"_genesis_hide_footer_widgets":false,"_genesis_custom_body_class":"","_genesis_custom_post_class":"","_genesis_layout":"","footnotes":""},"categories":[28],"tags":[],"class_list":{"0":"post-2836","1":"post","2":"type-post","3":"status-publish","4":"format-standard","5":"has-post-thumbnail","7":"category-actualidad","8":"entry"},"acf":[],"yoast_head":"<!-- This site is optimized with the Yoast SEO plugin v27.2 - https:\/\/yoast.com\/product\/yoast-seo-wordpress\/ -->\n<title>Las claves del seguro para mascotas (La Vanguardia) - Col\u00b7legi de Mediadors d&#039;Assegurances de Lleida<\/title>\n<meta name=\"robots\" content=\"index, follow, max-snippet:-1, max-image-preview:large, max-video-preview:-1\" \/>\n<link rel=\"canonical\" href=\"https:\/\/www.cmalleida.com\/es\/las-claves-del-seguro-para-mascotas-la-vanguardia\/\" \/>\n<meta property=\"og:locale\" content=\"es_ES\" \/>\n<meta property=\"og:type\" content=\"article\" \/>\n<meta property=\"og:title\" content=\"Las claves del seguro para mascotas (La Vanguardia) - Col\u00b7legi de Mediadors d&#039;Assegurances de Lleida\" \/>\n<meta property=\"og:description\" content=\"Las p\u00f3lizas cubren la asistencia y tambi\u00e9n la responsabilidad civil frente a posibles da\u00f1os a terceros JOAN MORALES Publicado a5-07-2018 7:10 Los animales de compa\u00f1\u00eda,... Llegeix m\u00e9s\" \/>\n<meta property=\"og:url\" content=\"https:\/\/www.cmalleida.com\/es\/las-claves-del-seguro-para-mascotas-la-vanguardia\/\" \/>\n<meta property=\"og:site_name\" content=\"Col\u00b7legi de Mediadors d&#039;Assegurances de Lleida\" \/>\n<meta property=\"article:published_time\" content=\"2018-07-06T07:22:55+00:00\" \/>\n<meta property=\"article:modified_time\" content=\"2018-07-06T08:43:02+00:00\" \/>\n<meta property=\"og:image\" content=\"https:\/\/www.cmalleida.com\/wp-content\/uploads\/cmall-lleida-actualitat-gosset762.jpg\" \/>\n\t<meta property=\"og:image:width\" content=\"762\" \/>\n\t<meta property=\"og:image:height\" content=\"762\" \/>\n\t<meta property=\"og:image:type\" content=\"image\/jpeg\" \/>\n<meta name=\"author\" content=\"Col\u00b7legi Mediadors\" \/>\n<meta name=\"twitter:card\" content=\"summary_large_image\" \/>\n<meta name=\"twitter:label1\" content=\"Written by\" \/>\n\t<meta name=\"twitter:data1\" content=\"Col\u00b7legi Mediadors\" \/>\n\t<meta name=\"twitter:label2\" content=\"Est. reading time\" \/>\n\t<meta name=\"twitter:data2\" content=\"3 minutos\" \/>\n<script type=\"application\/ld+json\" class=\"yoast-schema-graph\">{\"@context\":\"https:\/\/schema.org\",\"@graph\":[{\"@type\":\"Article\",\"@id\":\"https:\/\/www.cmalleida.com\/es\/las-claves-del-seguro-para-mascotas-la-vanguardia\/#article\",\"isPartOf\":{\"@id\":\"https:\/\/www.cmalleida.com\/es\/las-claves-del-seguro-para-mascotas-la-vanguardia\/\"},\"author\":{\"name\":\"Col\u00b7legi Mediadors\",\"@id\":\"https:\/\/www.cmalleida.com\/es\/#\/schema\/person\/bc84b7874fa5ac8a15c15a050fb3b79c\"},\"headline\":\"Las claves del seguro para mascotas (La Vanguardia)\",\"datePublished\":\"2018-07-06T07:22:55+00:00\",\"dateModified\":\"2018-07-06T08:43:02+00:00\",\"mainEntityOfPage\":{\"@id\":\"https:\/\/www.cmalleida.com\/es\/las-claves-del-seguro-para-mascotas-la-vanguardia\/\"},\"wordCount\":654,\"publisher\":{\"@id\":\"https:\/\/www.cmalleida.com\/es\/#organization\"},\"image\":{\"@id\":\"https:\/\/www.cmalleida.com\/es\/las-claves-del-seguro-para-mascotas-la-vanguardia\/#primaryimage\"},\"thumbnailUrl\":\"https:\/\/www.cmalleida.com\/wp-content\/uploads\/cmall-lleida-actualitat-gosset762.jpg\",\"articleSection\":[\"Actualidad\"],\"inLanguage\":\"es\"},{\"@type\":\"WebPage\",\"@id\":\"https:\/\/www.cmalleida.com\/es\/las-claves-del-seguro-para-mascotas-la-vanguardia\/\",\"url\":\"https:\/\/www.cmalleida.com\/es\/las-claves-del-seguro-para-mascotas-la-vanguardia\/\",\"name\":\"Las claves del seguro para mascotas (La Vanguardia) - Col\u00b7legi de Mediadors d&#039;Assegurances de Lleida\",\"isPartOf\":{\"@id\":\"https:\/\/www.cmalleida.com\/es\/#website\"},\"primaryImageOfPage\":{\"@id\":\"https:\/\/www.cmalleida.com\/es\/las-claves-del-seguro-para-mascotas-la-vanguardia\/#primaryimage\"},\"image\":{\"@id\":\"https:\/\/www.cmalleida.com\/es\/las-claves-del-seguro-para-mascotas-la-vanguardia\/#primaryimage\"},\"thumbnailUrl\":\"https:\/\/www.cmalleida.com\/wp-content\/uploads\/cmall-lleida-actualitat-gosset762.jpg\",\"datePublished\":\"2018-07-06T07:22:55+00:00\",\"dateModified\":\"2018-07-06T08:43:02+00:00\",\"breadcrumb\":{\"@id\":\"https:\/\/www.cmalleida.com\/es\/las-claves-del-seguro-para-mascotas-la-vanguardia\/#breadcrumb\"},\"inLanguage\":\"es\",\"potentialAction\":[{\"@type\":\"ReadAction\",\"target\":[\"https:\/\/www.cmalleida.com\/es\/las-claves-del-seguro-para-mascotas-la-vanguardia\/\"]}]},{\"@type\":\"ImageObject\",\"inLanguage\":\"es\",\"@id\":\"https:\/\/www.cmalleida.com\/es\/las-claves-del-seguro-para-mascotas-la-vanguardia\/#primaryimage\",\"url\":\"https:\/\/www.cmalleida.com\/wp-content\/uploads\/cmall-lleida-actualitat-gosset762.jpg\",\"contentUrl\":\"https:\/\/www.cmalleida.com\/wp-content\/uploads\/cmall-lleida-actualitat-gosset762.jpg\",\"width\":762,\"height\":762,\"caption\":\"cmall-lleida-actualitat-gosset762\"},{\"@type\":\"BreadcrumbList\",\"@id\":\"https:\/\/www.cmalleida.com\/es\/las-claves-del-seguro-para-mascotas-la-vanguardia\/#breadcrumb\",\"itemListElement\":[{\"@type\":\"ListItem\",\"position\":1,\"name\":\"Inici\",\"item\":\"https:\/\/www.cmalleida.com\/es\/\"},{\"@type\":\"ListItem\",\"position\":2,\"name\":\"Las claves del seguro para mascotas (La Vanguardia)\"}]},{\"@type\":\"WebSite\",\"@id\":\"https:\/\/www.cmalleida.com\/es\/#website\",\"url\":\"https:\/\/www.cmalleida.com\/es\/\",\"name\":\"Col\u00b7legi de Mediadors d&#039;Assegurances de Lleida\",\"description\":\"Otro sitio realizado con WordPress\",\"publisher\":{\"@id\":\"https:\/\/www.cmalleida.com\/es\/#organization\"},\"potentialAction\":[{\"@type\":\"SearchAction\",\"target\":{\"@type\":\"EntryPoint\",\"urlTemplate\":\"https:\/\/www.cmalleida.com\/es\/?s={search_term_string}\"},\"query-input\":{\"@type\":\"PropertyValueSpecification\",\"valueRequired\":true,\"valueName\":\"search_term_string\"}}],\"inLanguage\":\"es\"},{\"@type\":\"Organization\",\"@id\":\"https:\/\/www.cmalleida.com\/es\/#organization\",\"name\":\"Col\u00b7legi de Mediadors d'Assegurances de Lleida\",\"url\":\"https:\/\/www.cmalleida.com\/es\/\",\"logo\":{\"@type\":\"ImageObject\",\"inLanguage\":\"es\",\"@id\":\"https:\/\/www.cmalleida.com\/es\/#\/schema\/logo\/image\/\",\"url\":\"\",\"contentUrl\":\"\",\"caption\":\"Col\u00b7legi de Mediadors d'Assegurances de Lleida\"},\"image\":{\"@id\":\"https:\/\/www.cmalleida.com\/es\/#\/schema\/logo\/image\/\"}},{\"@type\":\"Person\",\"@id\":\"https:\/\/www.cmalleida.com\/es\/#\/schema\/person\/bc84b7874fa5ac8a15c15a050fb3b79c\",\"name\":\"Col\u00b7legi Mediadors\",\"image\":{\"@type\":\"ImageObject\",\"inLanguage\":\"es\",\"@id\":\"https:\/\/secure.gravatar.com\/avatar\/05a66e0aafde4a91aea6f2c243b0b99b03dac1cca78dc84298f5e7e7ad4dfd33?s=96&d=mm&r=g\",\"url\":\"https:\/\/secure.gravatar.com\/avatar\/05a66e0aafde4a91aea6f2c243b0b99b03dac1cca78dc84298f5e7e7ad4dfd33?s=96&d=mm&r=g\",\"contentUrl\":\"https:\/\/secure.gravatar.com\/avatar\/05a66e0aafde4a91aea6f2c243b0b99b03dac1cca78dc84298f5e7e7ad4dfd33?s=96&d=mm&r=g\",\"caption\":\"Col\u00b7legi Mediadors\"}}]}<\/script>\n<!-- \/ Yoast SEO plugin. -->","yoast_head_json":{"title":"Las claves del seguro para mascotas (La Vanguardia) - Col\u00b7legi de Mediadors d&#039;Assegurances de Lleida","robots":{"index":"index","follow":"follow","max-snippet":"max-snippet:-1","max-image-preview":"max-image-preview:large","max-video-preview":"max-video-preview:-1"},"canonical":"https:\/\/www.cmalleida.com\/es\/las-claves-del-seguro-para-mascotas-la-vanguardia\/","og_locale":"es_ES","og_type":"article","og_title":"Las claves del seguro para mascotas (La Vanguardia) - Col\u00b7legi de Mediadors d&#039;Assegurances de Lleida","og_description":"Las p\u00f3lizas cubren la asistencia y tambi\u00e9n la responsabilidad civil frente a posibles da\u00f1os a terceros JOAN MORALES Publicado a5-07-2018 7:10 Los animales de compa\u00f1\u00eda,... Llegeix m\u00e9s","og_url":"https:\/\/www.cmalleida.com\/es\/las-claves-del-seguro-para-mascotas-la-vanguardia\/","og_site_name":"Col\u00b7legi de Mediadors d&#039;Assegurances de Lleida","article_published_time":"2018-07-06T07:22:55+00:00","article_modified_time":"2018-07-06T08:43:02+00:00","og_image":[{"width":762,"height":762,"url":"https:\/\/www.cmalleida.com\/wp-content\/uploads\/cmall-lleida-actualitat-gosset762.jpg","type":"image\/jpeg"}],"author":"Col\u00b7legi Mediadors","twitter_card":"summary_large_image","twitter_misc":{"Written by":"Col\u00b7legi Mediadors","Est. reading time":"3 minutos"},"schema":{"@context":"https:\/\/schema.org","@graph":[{"@type":"Article","@id":"https:\/\/www.cmalleida.com\/es\/las-claves-del-seguro-para-mascotas-la-vanguardia\/#article","isPartOf":{"@id":"https:\/\/www.cmalleida.com\/es\/las-claves-del-seguro-para-mascotas-la-vanguardia\/"},"author":{"name":"Col\u00b7legi Mediadors","@id":"https:\/\/www.cmalleida.com\/es\/#\/schema\/person\/bc84b7874fa5ac8a15c15a050fb3b79c"},"headline":"Las claves del seguro para mascotas (La Vanguardia)","datePublished":"2018-07-06T07:22:55+00:00","dateModified":"2018-07-06T08:43:02+00:00","mainEntityOfPage":{"@id":"https:\/\/www.cmalleida.com\/es\/las-claves-del-seguro-para-mascotas-la-vanguardia\/"},"wordCount":654,"publisher":{"@id":"https:\/\/www.cmalleida.com\/es\/#organization"},"image":{"@id":"https:\/\/www.cmalleida.com\/es\/las-claves-del-seguro-para-mascotas-la-vanguardia\/#primaryimage"},"thumbnailUrl":"https:\/\/www.cmalleida.com\/wp-content\/uploads\/cmall-lleida-actualitat-gosset762.jpg","articleSection":["Actualidad"],"inLanguage":"es"},{"@type":"WebPage","@id":"https:\/\/www.cmalleida.com\/es\/las-claves-del-seguro-para-mascotas-la-vanguardia\/","url":"https:\/\/www.cmalleida.com\/es\/las-claves-del-seguro-para-mascotas-la-vanguardia\/","name":"Las claves del seguro para mascotas (La Vanguardia) - Col\u00b7legi de Mediadors d&#039;Assegurances de Lleida","isPartOf":{"@id":"https:\/\/www.cmalleida.com\/es\/#website"},"primaryImageOfPage":{"@id":"https:\/\/www.cmalleida.com\/es\/las-claves-del-seguro-para-mascotas-la-vanguardia\/#primaryimage"},"image":{"@id":"https:\/\/www.cmalleida.com\/es\/las-claves-del-seguro-para-mascotas-la-vanguardia\/#primaryimage"},"thumbnailUrl":"https:\/\/www.cmalleida.com\/wp-content\/uploads\/cmall-lleida-actualitat-gosset762.jpg","datePublished":"2018-07-06T07:22:55+00:00","dateModified":"2018-07-06T08:43:02+00:00","breadcrumb":{"@id":"https:\/\/www.cmalleida.com\/es\/las-claves-del-seguro-para-mascotas-la-vanguardia\/#breadcrumb"},"inLanguage":"es","potentialAction":[{"@type":"ReadAction","target":["https:\/\/www.cmalleida.com\/es\/las-claves-del-seguro-para-mascotas-la-vanguardia\/"]}]},{"@type":"ImageObject","inLanguage":"es","@id":"https:\/\/www.cmalleida.com\/es\/las-claves-del-seguro-para-mascotas-la-vanguardia\/#primaryimage","url":"https:\/\/www.cmalleida.com\/wp-content\/uploads\/cmall-lleida-actualitat-gosset762.jpg","contentUrl":"https:\/\/www.cmalleida.com\/wp-content\/uploads\/cmall-lleida-actualitat-gosset762.jpg","width":762,"height":762,"caption":"cmall-lleida-actualitat-gosset762"},{"@type":"BreadcrumbList","@id":"https:\/\/www.cmalleida.com\/es\/las-claves-del-seguro-para-mascotas-la-vanguardia\/#breadcrumb","itemListElement":[{"@type":"ListItem","position":1,"name":"Inici","item":"https:\/\/www.cmalleida.com\/es\/"},{"@type":"ListItem","position":2,"name":"Las claves del seguro para mascotas (La Vanguardia)"}]},{"@type":"WebSite","@id":"https:\/\/www.cmalleida.com\/es\/#website","url":"https:\/\/www.cmalleida.com\/es\/","name":"Col\u00b7legi de Mediadors d&#039;Assegurances de Lleida","description":"Otro sitio realizado con WordPress","publisher":{"@id":"https:\/\/www.cmalleida.com\/es\/#organization"},"potentialAction":[{"@type":"SearchAction","target":{"@type":"EntryPoint","urlTemplate":"https:\/\/www.cmalleida.com\/es\/?s={search_term_string}"},"query-input":{"@type":"PropertyValueSpecification","valueRequired":true,"valueName":"search_term_string"}}],"inLanguage":"es"},{"@type":"Organization","@id":"https:\/\/www.cmalleida.com\/es\/#organization","name":"Col\u00b7legi de Mediadors d'Assegurances de Lleida","url":"https:\/\/www.cmalleida.com\/es\/","logo":{"@type":"ImageObject","inLanguage":"es","@id":"https:\/\/www.cmalleida.com\/es\/#\/schema\/logo\/image\/","url":"","contentUrl":"","caption":"Col\u00b7legi de Mediadors d'Assegurances de Lleida"},"image":{"@id":"https:\/\/www.cmalleida.com\/es\/#\/schema\/logo\/image\/"}},{"@type":"Person","@id":"https:\/\/www.cmalleida.com\/es\/#\/schema\/person\/bc84b7874fa5ac8a15c15a050fb3b79c","name":"Col\u00b7legi Mediadors","image":{"@type":"ImageObject","inLanguage":"es","@id":"https:\/\/secure.gravatar.com\/avatar\/05a66e0aafde4a91aea6f2c243b0b99b03dac1cca78dc84298f5e7e7ad4dfd33?s=96&d=mm&r=g","url":"https:\/\/secure.gravatar.com\/avatar\/05a66e0aafde4a91aea6f2c243b0b99b03dac1cca78dc84298f5e7e7ad4dfd33?s=96&d=mm&r=g","contentUrl":"https:\/\/secure.gravatar.com\/avatar\/05a66e0aafde4a91aea6f2c243b0b99b03dac1cca78dc84298f5e7e7ad4dfd33?s=96&d=mm&r=g","caption":"Col\u00b7legi Mediadors"}}]}},"_links":{"self":[{"href":"https:\/\/www.cmalleida.com\/es\/wp-json\/wp\/v2\/posts\/2836","targetHints":{"allow":["GET"]}}],"collection":[{"href":"https:\/\/www.cmalleida.com\/es\/wp-json\/wp\/v2\/posts"}],"about":[{"href":"https:\/\/www.cmalleida.com\/es\/wp-json\/wp\/v2\/types\/post"}],"author":[{"embeddable":true,"href":"https:\/\/www.cmalleida.com\/es\/wp-json\/wp\/v2\/users\/3"}],"replies":[{"embeddable":true,"href":"https:\/\/www.cmalleida.com\/es\/wp-json\/wp\/v2\/comments?post=2836"}],"version-history":[{"count":1,"href":"https:\/\/www.cmalleida.com\/es\/wp-json\/wp\/v2\/posts\/2836\/revisions"}],"predecessor-version":[{"id":2837,"href":"https:\/\/www.cmalleida.com\/es\/wp-json\/wp\/v2\/posts\/2836\/revisions\/2837"}],"wp:featuredmedia":[{"embeddable":true,"href":"https:\/\/www.cmalleida.com\/es\/wp-json\/wp\/v2\/media\/2251"}],"wp:attachment":[{"href":"https:\/\/www.cmalleida.com\/es\/wp-json\/wp\/v2\/media?parent=2836"}],"wp:term":[{"taxonomy":"category","embeddable":true,"href":"https:\/\/www.cmalleida.com\/es\/wp-json\/wp\/v2\/categories?post=2836"},{"taxonomy":"post_tag","embeddable":true,"href":"https:\/\/www.cmalleida.com\/es\/wp-json\/wp\/v2\/tags?post=2836"}],"curies":[{"name":"wp","href":"https:\/\/api.w.org\/{rel}","templated":true}]}}