{"id":2819,"date":"2018-06-29T10:11:54","date_gmt":"2018-06-29T08:11:54","guid":{"rendered":"https:\/\/www.cmalleida.com\/?p=2819"},"modified":"2018-06-29T10:11:54","modified_gmt":"2018-06-29T08:11:54","slug":"como-sentirse-seguro-siendo-emprendedor-cinco-dias","status":"publish","type":"post","link":"https:\/\/www.cmalleida.com\/es\/como-sentirse-seguro-siendo-emprendedor-cinco-dias\/","title":{"rendered":"\u00bfComo sentirse seguro siendo emprendedor? (Cinco D\u00edas)"},"content":{"rendered":"<p><em>Ante la posibilidad de un siniestro, un seguro no es un gasto sino una inversi\u00f3n y es que la prevenci\u00f3n debe ser parte de su negocio.<\/em><\/p>\n<p>AINOA IRIARTE IBARGUEN\u00a0 \u00a029 JUN 2018 &#8211; 09:05 CEST<\/p>\n<p>El\u00a0<strong>emprendedor<\/strong>\u00a0en su vida profesional, lo \u00fanico que verdaderamente tiene claro y \u00abasegurado\u00bb es que la puesta en marcha de su negocio marca el inicio de su\u00a0<strong>responsabilidad<\/strong>.<\/p>\n<p>Cuando utilizamos el t\u00e9rmino \u00abemprendedor\u00bb nos referimos tanto a aut\u00f3nomos que\u00a0<strong>trabajan por cuenta propia<\/strong>, como a empresas en las que no rige el principio de limitaci\u00f3n de responsabilidad. Esto es, titulares de negocios que\u00a0<strong>exponen su patrimonio personal<\/strong>\u00a0ante cualquier p\u00e9rdida o siniestro acaecido en el desarrollo de su actividad.<\/p>\n<p>El\u00a0<strong>riesgo<\/strong>\u00a0est\u00e1 siempre presente, es aquello que puede acontecer en un futuro m\u00e1s o menos cercano y que nos preocupa por sus consecuencias negativas. Los riesgos a los que habitualmente se enfrenta un emprendedor pueden ser de varios tipos:<\/p>\n<p>Riesgos\u00a0<strong>sobre las personas<\/strong>\u00a0que se refieren fundamentalmente a los a<strong>ccidentes en el trabajo y a las enfermedades profesionales<\/strong>\u00a0(propias y de empleados, en su caso); riesgos sobre el\u00a0<strong>patrimonio<\/strong>que afectan a los activos materiales e inmateriales que posee la empresa (inmuebles, mobiliario, maquinaria, materias primas&#8230;); riesgos sobre la\u00a0<strong>responsabilidad por da\u00f1os ocasionados a terceros perjudicados<\/strong>\u00a0y riesgos\u00a0<strong>sobre los ingresos<\/strong>que afectan a los resultados de gesti\u00f3n derivados de la posible paralizaci\u00f3n de la actividad empresarial.<\/p>\n<p>Dentro de estos \u00faltimos merece especial menci\u00f3n, por su lamentable actualidad, los que cubren la\u00a0<strong>p\u00e9rdida de beneficios por ciberataques<\/strong>, los gastos de restituci\u00f3n del sistema inform\u00e1tico a la situaci\u00f3n anterior al fallo en la seguridad, as\u00ed como el compromiso frente a terceros por el\u00a0<strong>robo de datos<\/strong>.<\/p>\n<p><strong>\u00bfC\u00f3mo puede cubrir su responsabilidad?<\/strong><\/p>\n<p><strong>\u00a0<\/strong>En primer lugar, contratando un\u00a0<strong>seguro de Responsabilidad Civil<\/strong>\u00a0para que si la actividad empresarial provoca alg\u00fan da\u00f1o a alguien no tenga que comprometer su patrimonio personal, sino que\u00a0<strong>se haga cargo una aseguradora<\/strong>.<\/p>\n<p>Tambi\u00e9n creemos que es conveniente suscribir un\u00a0<strong>seguro de Comercio o Negocio<\/strong>, que le proteja ante los\u00a0<strong>da\u00f1os, robos, ciberataques y otros siniestros<\/strong>. Si hay empleados, no se olvide del\u00a0<strong>seguro de Accidentes<\/strong>. Y si la actividad empresarial se realiza\u00a0<strong>con veh\u00edculos<\/strong>, recuerde que es obligatorio el contar con\u00a0<strong>un seguro de coche que incluya Responsabilidad Civil<\/strong>.<\/p>\n<p>El emprendedor tampoco debe olvidar los riesgos que gravitan sobre su propia persona por lo que necesitar\u00e1 un\u00a0<strong>seguro de Vida<\/strong>\u00a0que cubra las contingencias de muerte e invalidez y una\u00a0<strong>p\u00f3liza de Accidentes o un seguro de Salud<\/strong>\u00a0para que el caer enfermo no signifique dejar de percibir ingresos, y tener que pagar por asistencia sanitaria.<\/p>\n<p><strong>Todo incluido<\/strong><\/p>\n<p><strong>\u00a0<\/strong>Dentro del ramo\u00a0<strong>multirriesgo<\/strong>, muchas compa\u00f1\u00edas ofrecen p\u00f3lizas que agrupan en un solo\u00a0<strong>pack los seguros m\u00e1s \u00fatiles para el emprendedor<\/strong>. Su ventaja est\u00e1 en la comodidad de pagar una sola p\u00f3liza y tener un solo interlocutor.<\/p>\n<p>Las coberturas que suelen incluir para aut\u00f3nomos son\u00a0<strong>Vida, Salud, Responsabilidad Civil y multirriesgo para comercios u oficinas y para pymes<\/strong>: seguros colectivos de salud (emprendedor y empleados), responsabilidad civil profesional, responsabilidad civil para consejeros y directivos, multirriesgo para oficinas o industria y ciberataques.<\/p>\n<p>&nbsp;<\/p>\n","protected":false},"excerpt":{"rendered":"<p>Ante la posibilidad de un siniestro, un seguro no es un gasto sino una inversi\u00f3n y es que la prevenci\u00f3n debe ser parte de su&#8230; <a href=\"https:\/\/www.cmalleida.com\/es\/como-sentirse-seguro-siendo-emprendedor-cinco-dias\/\" rel=\"nofollow\" class=\"lollegirmes\">Llegeix m\u00e9s<\/a><\/p>\n","protected":false},"author":3,"featured_media":2004,"comment_status":"closed","ping_status":"closed","sticky":false,"template":"","format":"standard","meta":{"_acf_changed":false,"_genesis_hide_title":false,"_genesis_hide_breadcrumbs":false,"_genesis_hide_singular_image":false,"_genesis_hide_footer_widgets":false,"_genesis_custom_body_class":"","_genesis_custom_post_class":"","_genesis_layout":"","footnotes":""},"categories":[28],"tags":[],"class_list":{"0":"post-2819","1":"post","2":"type-post","3":"status-publish","4":"format-standard","5":"has-post-thumbnail","7":"category-actualidad","8":"entry"},"acf":[],"yoast_head":"<!-- This site is optimized with the Yoast SEO plugin v27.2 - https:\/\/yoast.com\/product\/yoast-seo-wordpress\/ -->\n<title>\u00bfComo sentirse seguro siendo emprendedor? (Cinco D\u00edas) - Col\u00b7legi de Mediadors d&#039;Assegurances de Lleida<\/title>\n<meta name=\"robots\" content=\"index, follow, max-snippet:-1, max-image-preview:large, max-video-preview:-1\" \/>\n<link rel=\"canonical\" href=\"https:\/\/www.cmalleida.com\/es\/como-sentirse-seguro-siendo-emprendedor-cinco-dias\/\" \/>\n<meta property=\"og:locale\" content=\"es_ES\" \/>\n<meta property=\"og:type\" content=\"article\" \/>\n<meta property=\"og:title\" content=\"\u00bfComo sentirse seguro siendo emprendedor? (Cinco D\u00edas) - Col\u00b7legi de Mediadors d&#039;Assegurances de Lleida\" \/>\n<meta property=\"og:description\" content=\"Ante la posibilidad de un siniestro, un seguro no es un gasto sino una inversi\u00f3n y es que la prevenci\u00f3n debe ser parte de su... Llegeix m\u00e9s\" \/>\n<meta property=\"og:url\" content=\"https:\/\/www.cmalleida.com\/es\/como-sentirse-seguro-siendo-emprendedor-cinco-dias\/\" \/>\n<meta property=\"og:site_name\" content=\"Col\u00b7legi de Mediadors d&#039;Assegurances de Lleida\" \/>\n<meta property=\"article:published_time\" content=\"2018-06-29T08:11:54+00:00\" \/>\n<meta property=\"og:image\" content=\"https:\/\/www.cmalleida.com\/wp-content\/uploads\/cmall-lleida-actualitat-movil762.jpg\" \/>\n\t<meta property=\"og:image:width\" content=\"762\" \/>\n\t<meta property=\"og:image:height\" content=\"762\" \/>\n\t<meta property=\"og:image:type\" content=\"image\/jpeg\" \/>\n<meta name=\"author\" content=\"Col\u00b7legi Mediadors\" \/>\n<meta name=\"twitter:card\" content=\"summary_large_image\" \/>\n<meta name=\"twitter:label1\" content=\"Written by\" \/>\n\t<meta name=\"twitter:data1\" content=\"Col\u00b7legi Mediadors\" \/>\n\t<meta name=\"twitter:label2\" content=\"Est. reading time\" \/>\n\t<meta name=\"twitter:data2\" content=\"3 minutos\" \/>\n<script type=\"application\/ld+json\" class=\"yoast-schema-graph\">{\"@context\":\"https:\/\/schema.org\",\"@graph\":[{\"@type\":\"Article\",\"@id\":\"https:\/\/www.cmalleida.com\/es\/como-sentirse-seguro-siendo-emprendedor-cinco-dias\/#article\",\"isPartOf\":{\"@id\":\"https:\/\/www.cmalleida.com\/es\/como-sentirse-seguro-siendo-emprendedor-cinco-dias\/\"},\"author\":{\"name\":\"Col\u00b7legi Mediadors\",\"@id\":\"https:\/\/www.cmalleida.com\/es\/#\/schema\/person\/bc84b7874fa5ac8a15c15a050fb3b79c\"},\"headline\":\"\u00bfComo sentirse seguro siendo emprendedor? (Cinco D\u00edas)\",\"datePublished\":\"2018-06-29T08:11:54+00:00\",\"mainEntityOfPage\":{\"@id\":\"https:\/\/www.cmalleida.com\/es\/como-sentirse-seguro-siendo-emprendedor-cinco-dias\/\"},\"wordCount\":548,\"publisher\":{\"@id\":\"https:\/\/www.cmalleida.com\/es\/#organization\"},\"image\":{\"@id\":\"https:\/\/www.cmalleida.com\/es\/como-sentirse-seguro-siendo-emprendedor-cinco-dias\/#primaryimage\"},\"thumbnailUrl\":\"https:\/\/www.cmalleida.com\/wp-content\/uploads\/cmall-lleida-actualitat-movil762.jpg\",\"articleSection\":[\"Actualidad\"],\"inLanguage\":\"es\"},{\"@type\":\"WebPage\",\"@id\":\"https:\/\/www.cmalleida.com\/es\/como-sentirse-seguro-siendo-emprendedor-cinco-dias\/\",\"url\":\"https:\/\/www.cmalleida.com\/es\/como-sentirse-seguro-siendo-emprendedor-cinco-dias\/\",\"name\":\"\u00bfComo sentirse seguro siendo emprendedor? (Cinco D\u00edas) - Col\u00b7legi de Mediadors d&#039;Assegurances de Lleida\",\"isPartOf\":{\"@id\":\"https:\/\/www.cmalleida.com\/es\/#website\"},\"primaryImageOfPage\":{\"@id\":\"https:\/\/www.cmalleida.com\/es\/como-sentirse-seguro-siendo-emprendedor-cinco-dias\/#primaryimage\"},\"image\":{\"@id\":\"https:\/\/www.cmalleida.com\/es\/como-sentirse-seguro-siendo-emprendedor-cinco-dias\/#primaryimage\"},\"thumbnailUrl\":\"https:\/\/www.cmalleida.com\/wp-content\/uploads\/cmall-lleida-actualitat-movil762.jpg\",\"datePublished\":\"2018-06-29T08:11:54+00:00\",\"breadcrumb\":{\"@id\":\"https:\/\/www.cmalleida.com\/es\/como-sentirse-seguro-siendo-emprendedor-cinco-dias\/#breadcrumb\"},\"inLanguage\":\"es\",\"potentialAction\":[{\"@type\":\"ReadAction\",\"target\":[\"https:\/\/www.cmalleida.com\/es\/como-sentirse-seguro-siendo-emprendedor-cinco-dias\/\"]}]},{\"@type\":\"ImageObject\",\"inLanguage\":\"es\",\"@id\":\"https:\/\/www.cmalleida.com\/es\/como-sentirse-seguro-siendo-emprendedor-cinco-dias\/#primaryimage\",\"url\":\"https:\/\/www.cmalleida.com\/wp-content\/uploads\/cmall-lleida-actualitat-movil762.jpg\",\"contentUrl\":\"https:\/\/www.cmalleida.com\/wp-content\/uploads\/cmall-lleida-actualitat-movil762.jpg\",\"width\":762,\"height\":762,\"caption\":\"cmall-lleida-actualitat-movil762\"},{\"@type\":\"BreadcrumbList\",\"@id\":\"https:\/\/www.cmalleida.com\/es\/como-sentirse-seguro-siendo-emprendedor-cinco-dias\/#breadcrumb\",\"itemListElement\":[{\"@type\":\"ListItem\",\"position\":1,\"name\":\"Inici\",\"item\":\"https:\/\/www.cmalleida.com\/es\/\"},{\"@type\":\"ListItem\",\"position\":2,\"name\":\"\u00bfComo sentirse seguro siendo emprendedor? (Cinco D\u00edas)\"}]},{\"@type\":\"WebSite\",\"@id\":\"https:\/\/www.cmalleida.com\/es\/#website\",\"url\":\"https:\/\/www.cmalleida.com\/es\/\",\"name\":\"Col\u00b7legi de Mediadors d&#039;Assegurances de Lleida\",\"description\":\"Otro sitio realizado con WordPress\",\"publisher\":{\"@id\":\"https:\/\/www.cmalleida.com\/es\/#organization\"},\"potentialAction\":[{\"@type\":\"SearchAction\",\"target\":{\"@type\":\"EntryPoint\",\"urlTemplate\":\"https:\/\/www.cmalleida.com\/es\/?s={search_term_string}\"},\"query-input\":{\"@type\":\"PropertyValueSpecification\",\"valueRequired\":true,\"valueName\":\"search_term_string\"}}],\"inLanguage\":\"es\"},{\"@type\":\"Organization\",\"@id\":\"https:\/\/www.cmalleida.com\/es\/#organization\",\"name\":\"Col\u00b7legi de Mediadors d'Assegurances de Lleida\",\"url\":\"https:\/\/www.cmalleida.com\/es\/\",\"logo\":{\"@type\":\"ImageObject\",\"inLanguage\":\"es\",\"@id\":\"https:\/\/www.cmalleida.com\/es\/#\/schema\/logo\/image\/\",\"url\":\"\",\"contentUrl\":\"\",\"caption\":\"Col\u00b7legi de Mediadors d'Assegurances de Lleida\"},\"image\":{\"@id\":\"https:\/\/www.cmalleida.com\/es\/#\/schema\/logo\/image\/\"}},{\"@type\":\"Person\",\"@id\":\"https:\/\/www.cmalleida.com\/es\/#\/schema\/person\/bc84b7874fa5ac8a15c15a050fb3b79c\",\"name\":\"Col\u00b7legi Mediadors\",\"image\":{\"@type\":\"ImageObject\",\"inLanguage\":\"es\",\"@id\":\"https:\/\/secure.gravatar.com\/avatar\/05a66e0aafde4a91aea6f2c243b0b99b03dac1cca78dc84298f5e7e7ad4dfd33?s=96&d=mm&r=g\",\"url\":\"https:\/\/secure.gravatar.com\/avatar\/05a66e0aafde4a91aea6f2c243b0b99b03dac1cca78dc84298f5e7e7ad4dfd33?s=96&d=mm&r=g\",\"contentUrl\":\"https:\/\/secure.gravatar.com\/avatar\/05a66e0aafde4a91aea6f2c243b0b99b03dac1cca78dc84298f5e7e7ad4dfd33?s=96&d=mm&r=g\",\"caption\":\"Col\u00b7legi Mediadors\"}}]}<\/script>\n<!-- \/ Yoast SEO plugin. -->","yoast_head_json":{"title":"\u00bfComo sentirse seguro siendo emprendedor? (Cinco D\u00edas) - Col\u00b7legi de Mediadors d&#039;Assegurances de Lleida","robots":{"index":"index","follow":"follow","max-snippet":"max-snippet:-1","max-image-preview":"max-image-preview:large","max-video-preview":"max-video-preview:-1"},"canonical":"https:\/\/www.cmalleida.com\/es\/como-sentirse-seguro-siendo-emprendedor-cinco-dias\/","og_locale":"es_ES","og_type":"article","og_title":"\u00bfComo sentirse seguro siendo emprendedor? (Cinco D\u00edas) - Col\u00b7legi de Mediadors d&#039;Assegurances de Lleida","og_description":"Ante la posibilidad de un siniestro, un seguro no es un gasto sino una inversi\u00f3n y es que la prevenci\u00f3n debe ser parte de su... Llegeix m\u00e9s","og_url":"https:\/\/www.cmalleida.com\/es\/como-sentirse-seguro-siendo-emprendedor-cinco-dias\/","og_site_name":"Col\u00b7legi de Mediadors d&#039;Assegurances de Lleida","article_published_time":"2018-06-29T08:11:54+00:00","og_image":[{"width":762,"height":762,"url":"https:\/\/www.cmalleida.com\/wp-content\/uploads\/cmall-lleida-actualitat-movil762.jpg","type":"image\/jpeg"}],"author":"Col\u00b7legi Mediadors","twitter_card":"summary_large_image","twitter_misc":{"Written by":"Col\u00b7legi Mediadors","Est. reading time":"3 minutos"},"schema":{"@context":"https:\/\/schema.org","@graph":[{"@type":"Article","@id":"https:\/\/www.cmalleida.com\/es\/como-sentirse-seguro-siendo-emprendedor-cinco-dias\/#article","isPartOf":{"@id":"https:\/\/www.cmalleida.com\/es\/como-sentirse-seguro-siendo-emprendedor-cinco-dias\/"},"author":{"name":"Col\u00b7legi Mediadors","@id":"https:\/\/www.cmalleida.com\/es\/#\/schema\/person\/bc84b7874fa5ac8a15c15a050fb3b79c"},"headline":"\u00bfComo sentirse seguro siendo emprendedor? (Cinco D\u00edas)","datePublished":"2018-06-29T08:11:54+00:00","mainEntityOfPage":{"@id":"https:\/\/www.cmalleida.com\/es\/como-sentirse-seguro-siendo-emprendedor-cinco-dias\/"},"wordCount":548,"publisher":{"@id":"https:\/\/www.cmalleida.com\/es\/#organization"},"image":{"@id":"https:\/\/www.cmalleida.com\/es\/como-sentirse-seguro-siendo-emprendedor-cinco-dias\/#primaryimage"},"thumbnailUrl":"https:\/\/www.cmalleida.com\/wp-content\/uploads\/cmall-lleida-actualitat-movil762.jpg","articleSection":["Actualidad"],"inLanguage":"es"},{"@type":"WebPage","@id":"https:\/\/www.cmalleida.com\/es\/como-sentirse-seguro-siendo-emprendedor-cinco-dias\/","url":"https:\/\/www.cmalleida.com\/es\/como-sentirse-seguro-siendo-emprendedor-cinco-dias\/","name":"\u00bfComo sentirse seguro siendo emprendedor? (Cinco D\u00edas) - Col\u00b7legi de Mediadors d&#039;Assegurances de Lleida","isPartOf":{"@id":"https:\/\/www.cmalleida.com\/es\/#website"},"primaryImageOfPage":{"@id":"https:\/\/www.cmalleida.com\/es\/como-sentirse-seguro-siendo-emprendedor-cinco-dias\/#primaryimage"},"image":{"@id":"https:\/\/www.cmalleida.com\/es\/como-sentirse-seguro-siendo-emprendedor-cinco-dias\/#primaryimage"},"thumbnailUrl":"https:\/\/www.cmalleida.com\/wp-content\/uploads\/cmall-lleida-actualitat-movil762.jpg","datePublished":"2018-06-29T08:11:54+00:00","breadcrumb":{"@id":"https:\/\/www.cmalleida.com\/es\/como-sentirse-seguro-siendo-emprendedor-cinco-dias\/#breadcrumb"},"inLanguage":"es","potentialAction":[{"@type":"ReadAction","target":["https:\/\/www.cmalleida.com\/es\/como-sentirse-seguro-siendo-emprendedor-cinco-dias\/"]}]},{"@type":"ImageObject","inLanguage":"es","@id":"https:\/\/www.cmalleida.com\/es\/como-sentirse-seguro-siendo-emprendedor-cinco-dias\/#primaryimage","url":"https:\/\/www.cmalleida.com\/wp-content\/uploads\/cmall-lleida-actualitat-movil762.jpg","contentUrl":"https:\/\/www.cmalleida.com\/wp-content\/uploads\/cmall-lleida-actualitat-movil762.jpg","width":762,"height":762,"caption":"cmall-lleida-actualitat-movil762"},{"@type":"BreadcrumbList","@id":"https:\/\/www.cmalleida.com\/es\/como-sentirse-seguro-siendo-emprendedor-cinco-dias\/#breadcrumb","itemListElement":[{"@type":"ListItem","position":1,"name":"Inici","item":"https:\/\/www.cmalleida.com\/es\/"},{"@type":"ListItem","position":2,"name":"\u00bfComo sentirse seguro siendo emprendedor? (Cinco D\u00edas)"}]},{"@type":"WebSite","@id":"https:\/\/www.cmalleida.com\/es\/#website","url":"https:\/\/www.cmalleida.com\/es\/","name":"Col\u00b7legi de Mediadors d&#039;Assegurances de Lleida","description":"Otro sitio realizado con WordPress","publisher":{"@id":"https:\/\/www.cmalleida.com\/es\/#organization"},"potentialAction":[{"@type":"SearchAction","target":{"@type":"EntryPoint","urlTemplate":"https:\/\/www.cmalleida.com\/es\/?s={search_term_string}"},"query-input":{"@type":"PropertyValueSpecification","valueRequired":true,"valueName":"search_term_string"}}],"inLanguage":"es"},{"@type":"Organization","@id":"https:\/\/www.cmalleida.com\/es\/#organization","name":"Col\u00b7legi de Mediadors d'Assegurances de Lleida","url":"https:\/\/www.cmalleida.com\/es\/","logo":{"@type":"ImageObject","inLanguage":"es","@id":"https:\/\/www.cmalleida.com\/es\/#\/schema\/logo\/image\/","url":"","contentUrl":"","caption":"Col\u00b7legi de Mediadors d'Assegurances de Lleida"},"image":{"@id":"https:\/\/www.cmalleida.com\/es\/#\/schema\/logo\/image\/"}},{"@type":"Person","@id":"https:\/\/www.cmalleida.com\/es\/#\/schema\/person\/bc84b7874fa5ac8a15c15a050fb3b79c","name":"Col\u00b7legi Mediadors","image":{"@type":"ImageObject","inLanguage":"es","@id":"https:\/\/secure.gravatar.com\/avatar\/05a66e0aafde4a91aea6f2c243b0b99b03dac1cca78dc84298f5e7e7ad4dfd33?s=96&d=mm&r=g","url":"https:\/\/secure.gravatar.com\/avatar\/05a66e0aafde4a91aea6f2c243b0b99b03dac1cca78dc84298f5e7e7ad4dfd33?s=96&d=mm&r=g","contentUrl":"https:\/\/secure.gravatar.com\/avatar\/05a66e0aafde4a91aea6f2c243b0b99b03dac1cca78dc84298f5e7e7ad4dfd33?s=96&d=mm&r=g","caption":"Col\u00b7legi Mediadors"}}]}},"_links":{"self":[{"href":"https:\/\/www.cmalleida.com\/es\/wp-json\/wp\/v2\/posts\/2819","targetHints":{"allow":["GET"]}}],"collection":[{"href":"https:\/\/www.cmalleida.com\/es\/wp-json\/wp\/v2\/posts"}],"about":[{"href":"https:\/\/www.cmalleida.com\/es\/wp-json\/wp\/v2\/types\/post"}],"author":[{"embeddable":true,"href":"https:\/\/www.cmalleida.com\/es\/wp-json\/wp\/v2\/users\/3"}],"replies":[{"embeddable":true,"href":"https:\/\/www.cmalleida.com\/es\/wp-json\/wp\/v2\/comments?post=2819"}],"version-history":[{"count":1,"href":"https:\/\/www.cmalleida.com\/es\/wp-json\/wp\/v2\/posts\/2819\/revisions"}],"predecessor-version":[{"id":2820,"href":"https:\/\/www.cmalleida.com\/es\/wp-json\/wp\/v2\/posts\/2819\/revisions\/2820"}],"wp:featuredmedia":[{"embeddable":true,"href":"https:\/\/www.cmalleida.com\/es\/wp-json\/wp\/v2\/media\/2004"}],"wp:attachment":[{"href":"https:\/\/www.cmalleida.com\/es\/wp-json\/wp\/v2\/media?parent=2819"}],"wp:term":[{"taxonomy":"category","embeddable":true,"href":"https:\/\/www.cmalleida.com\/es\/wp-json\/wp\/v2\/categories?post=2819"},{"taxonomy":"post_tag","embeddable":true,"href":"https:\/\/www.cmalleida.com\/es\/wp-json\/wp\/v2\/tags?post=2819"}],"curies":[{"name":"wp","href":"https:\/\/api.w.org\/{rel}","templated":true}]}}