{"id":2805,"date":"2018-06-29T10:02:57","date_gmt":"2018-06-29T08:02:57","guid":{"rendered":"https:\/\/www.cmalleida.com\/?p=2805"},"modified":"2018-06-29T10:02:57","modified_gmt":"2018-06-29T08:02:57","slug":"seguro-de-caucion-el-salvavidas-de-las-empresas-la-vanguardia","status":"publish","type":"post","link":"https:\/\/www.cmalleida.com\/es\/seguro-de-caucion-el-salvavidas-de-las-empresas-la-vanguardia\/","title":{"rendered":"Seguro de cauci\u00f3n: el salvavidas de las empresas (La Vanguardia)"},"content":{"rendered":"<p><em>Este tipo de p\u00f3lizas ofrecen respuesta ante multitud de situaciones a las que empresarios y aut\u00f3nomos se enfrentan habitualmente<\/em><\/p>\n<p>JOAN MORALES Publicado a 27-06-2018 6:44<\/p>\n<p>Las empresas y profesionales se encuentran ante muchas situaciones en las que precisan de la\u00a0<strong>contrataci\u00f3n de un instrumento que garantice ante sus clientes el cumplimiento de los compromisos a los que ha llegado frente a ellos<\/strong>. El seguro de cauci\u00f3n constituye\u00a0<strong>la soluci\u00f3n aseguradora\u00a0<\/strong>a esta necesidad.<\/p>\n<p>En algunos sectores empresariales el\u00a0<strong>seguro de cauci\u00f3n<\/strong>\u00a0adolece todav\u00eda en nuestros d\u00edas del\u00a0<strong>desconocimiento<\/strong>\u00a0por parte de quienes son sus consumidores potenciales,\u00a0<strong>empresas y empresarios<\/strong>, que pueden\u00a0<strong>optar entre el\u00a0 seguro de cauci\u00f3n\u00a0 y el aval bancario<\/strong>\u00a0para cumplir con sus obligaciones de garant\u00eda frente al contratante. En ocasiones la opci\u00f3n no se decide tras un an\u00e1lisis concienzudo de ambas opciones, sino siguiendo inercias bastante consolidadas que conviene replantearse.<\/p>\n<h3><strong>Ventajas del seguro de cauci\u00f3n frente a otras garant\u00edas financieras<\/strong><\/h3>\n<p>Podemos destacar tres\u00a0<strong>cuatro<\/strong>\u00a0<strong>ventajas del seguro de cauci\u00f3n<\/strong>\u00a0frente al aval bancario para quien lo contrata:<\/p>\n<ul>\n<li>La cantidad garantizada\u00a0<strong>no se refleja en el pasivo de la empresa<\/strong>tomadora del seguro.<\/li>\n<li>El seguro de cauci\u00f3n\u00a0<strong>no computa en CIRBE<\/strong>(Central de Informaci\u00f3n de Riesgos del Banco de Espa\u00f1a).<\/li>\n<li>El seguro de cauci\u00f3n no suele conllevar la inmovilizaci\u00f3n de fondos.<\/li>\n<li>No hay gastos de estudio, apertura o cancelaci\u00f3n.<\/li>\n<\/ul>\n<p>La finalidad del seguro de cauci\u00f3n es la de\u00a0<strong>proteger al asegurado de los incumplimientos por parte del proveedor<\/strong>\u00a0con quien ha contratado una prestaci\u00f3n determinada.\u00a0 Este proveedor ser\u00e1 quien,\u00a0<strong>como tomador del seguro<\/strong>, contrate el seguro y asuma las obligaciones del mismo (pago de la prima, declaraci\u00f3n contestando al cuestionario del asegurador, regularizaciones,\u2026).<\/p>\n<h3><strong>Actividades empresariales y profesionales que precisan seguro de cauci\u00f3n<\/strong><\/h3>\n<p>Existe un buen n\u00famero de\u00a0<strong>actividades empresariales o profesionales<\/strong>\u00a0que para poder llevarlas a cabo la\u00a0<strong>es preciso la contrataci\u00f3n de un seguro de cauci\u00f3n<\/strong>\u00a0(o de otra garant\u00eda financiera, como el aval bancario). Veamos algunas de las m\u00e1s destacables.<\/p>\n<ul>\n<li><strong>Contratos p\u00fablicos<\/strong>. Toda empresa o profesional que pretenda contratar con la Administraci\u00f3n P\u00fablica se ver\u00e1 obligado a presentar una garant\u00eda financiera ante la misma. Podemos diferenciar varias modalidades:\n<ul>\n<li><strong>Garant\u00eda provisional<\/strong>. Es la que se debe presentar para poder presentar oferta en un concurso de adjudicaci\u00f3n.<\/li>\n<li><strong>Garant\u00eda definitiva<\/strong>. Se presentar\u00e1 en caso de adjudicarse el concurso.<\/li>\n<li><strong>Garant\u00eda de calidad o de mantenimiento<\/strong>. Se exige su presentaci\u00f3n para garantizar que el tomador responder\u00e1 de los defectos de la obra o materiales entregados, as\u00ed como de su correcto mantenimiento.<\/li>\n<\/ul>\n<\/li>\n<li><strong>Pagos a cuenta en la compra de viviendas<\/strong>. Nuestra legislaci\u00f3n obliga a los\u00a0<strong>promotores de<\/strong>las obras destinadas a\u00a0<strong>vivienda<\/strong>\u00a0que perciben de los clientes\u00a0<strong>cantidades anticipadas<\/strong>\u00a0(la conocida como \u201cventa sobre plano\u201d) a contratar un seguro de cauci\u00f3n o un aval solidario \u201cpara el caso que la\u00a0<strong>obra no se inicie<\/strong>\u00a0<strong>o no llegue a buen fin en el plazo convenido<\/strong>\u00a0para la entrega de la vivienda\u201d.<\/li>\n<li><strong>Garant\u00edas frente a la Administraci\u00f3n de Aduanas<\/strong>. Existen distintas situaciones en las que un producto es importado (momento en que deber\u00edan tributarse determinados impuestos), para m\u00e1s adelante volver a ser exportado (habiendo sido transformado o no). En evitaci\u00f3n de realizar un pago de impuestos inicial y presentar la reclamaci\u00f3n de devoluci\u00f3n posterior,\u00a0 se presenta\u00a0<strong>una garant\u00eda que asegura el pago de los impuestos de importaci\u00f3n si finamente el producto no volviera a exportarse<\/strong>.<\/li>\n<li><strong>Garant\u00eda para agencias de viajes<\/strong>. Las agencias de viajes precisan la contrataci\u00f3n de este tipo de garant\u00edas para hacer frente a la exigencia legal de la Administraci\u00f3n para autorizar su actividad. Esta garant\u00eda servir\u00e1 para responder, en caso de\u00a0<strong>incumplimiento de las obligaciones que se presten a los consumidores<\/strong>.<\/li>\n<li><strong>Garant\u00eda para empresas de seguridad.\u00a0<\/strong>Tambi\u00e9n este tipo de empresas tiene la obligaci\u00f3n legal de contratar un aval o seguro de cauci\u00f3n para\u00a0<strong>responder por infracciones a la normativa de seguridad a que est\u00e1n sometidas<\/strong>. Los capitales a contratar var\u00edan en funci\u00f3n del tipo concreto de actividad que lleven a cabo estas empresas.<\/li>\n<li><strong>Garant\u00edas en subastas de energ\u00eda y otras garant\u00edas relacionadas con el sector energ\u00e9tico.\u00a0<\/strong>Las empresas que deseen\u00a0<strong>concursar en subastas de energ\u00eda<\/strong>, as\u00ed como las que deseen\u00a0<strong>actuar en el sector energ\u00e9tico<\/strong>precisar\u00e1n de garant\u00edas financieras para poder llevar a cabo estas actividades.<\/li>\n<li><strong>Garant\u00edas por impuestos especiales (alcohol).<\/strong>Todos conocemos como en los envases de las\u00a0<strong>bebidas alcoh\u00f3licas<\/strong>\u00a0existe un precinto correspondiente al impuesto sobre este tipo de bebidas. Los fabricantes obtienen estos precintos debiendo pagar los impuestos en aquel momento, o bien comprometiendo el pago del impuesto m\u00e1s adelante (habitualmente cada tres meses). El seguro de cauci\u00f3n sirve de\u00a0<strong>garant\u00eda para este aplazamiento del pago del impuesto<\/strong>.<\/li>\n<li><strong>Garant\u00edas ante el F.E.G.A<\/strong>. Las empresas del\u00a0<strong>sector agroalimentario<\/strong>precisan presentar determinadas garant\u00edas financieras ante el\u00a0<strong>Fondo Espa\u00f1ol de Garant\u00eda Agraria<\/strong>, que es el organismo aut\u00f3nomo espa\u00f1ol que gestiona las ayudas de la Pol\u00edtica Agraria Com\u00fan (PAC) de la Uni\u00f3n Europea en Espa\u00f1a. Se exigen seguros de cauci\u00f3n o avales para acudir a\u00a0<strong>licitaciones<\/strong>, para \u00a0llevar a cabo el\u00a0<strong>cumplimiento<\/strong>del compromiso adjudicado, as\u00ed como para garantizar\u00a0<strong>anticipos<\/strong>\u00a0percibidos de la Administraci\u00f3n.<\/li>\n<li><strong>Garant\u00edas de las E.T.T.\u00a0<\/strong>Las Empresas de Trabajo Temporal tienen la obligaci\u00f3n legal e contratar un seguro de cauci\u00f3n o aval para responder de las\u00a0<strong>deudas por indemnizaciones, Seguridad Social y salariales<\/strong>, que pudieran derivarse de su actividad\u00a0empresarial.<\/li>\n<li><strong>Garant\u00edas en contratos de tiempos publicitarios.<\/strong>En los contratos de publicidad en televisi\u00f3n, en caso de pagos aplazados, es habitual la exigencia de un seguro de cauci\u00f3n o aval bancario que lo garantice.<\/li>\n<li><strong>Garant\u00edas de corredores de seguros<\/strong>. Los corredores de seguros que\u00a0<strong>perciben de sus clientes importes para el pago de primas de seguro a los aseguradores<\/strong>sin entregar en el mismo momento el recibo de prima de la entidad aseguradora, est\u00e1n obligados a la contrataci\u00f3n de un seguro de cauci\u00f3n que garantice el buen fin de los pagos percibidos de sus clientes.<\/li>\n<li><strong>Seguros de cauci\u00f3n internacionales<\/strong>. Mediante estos seguros se aseguran las necesidades legales de las empresas ante las distintas\u00a0<strong>Administraciones Publicas Internacionales<\/strong><strong>o ante empresas privadas<\/strong>\u00a0que les exigen un aval para la realizaci\u00f3n de un trabajo o la consecuci\u00f3n de un contrato.<\/li>\n<\/ul>\n","protected":false},"excerpt":{"rendered":"<p>Este tipo de p\u00f3lizas ofrecen respuesta ante multitud de situaciones a las que empresarios y aut\u00f3nomos se enfrentan habitualmente JOAN MORALES Publicado a 27-06-2018 6:44&#8230; <a href=\"https:\/\/www.cmalleida.com\/es\/seguro-de-caucion-el-salvavidas-de-las-empresas-la-vanguardia\/\" rel=\"nofollow\" class=\"lollegirmes\">Llegeix m\u00e9s<\/a><\/p>\n","protected":false},"author":3,"featured_media":1867,"comment_status":"closed","ping_status":"closed","sticky":false,"template":"","format":"standard","meta":{"_acf_changed":false,"_genesis_hide_title":false,"_genesis_hide_breadcrumbs":false,"_genesis_hide_singular_image":false,"_genesis_hide_footer_widgets":false,"_genesis_custom_body_class":"","_genesis_custom_post_class":"","_genesis_layout":"","footnotes":""},"categories":[28],"tags":[],"class_list":{"0":"post-2805","1":"post","2":"type-post","3":"status-publish","4":"format-standard","5":"has-post-thumbnail","7":"category-actualidad","8":"entry"},"acf":[],"yoast_head":"<!-- This site is optimized with the Yoast SEO plugin v27.2 - https:\/\/yoast.com\/product\/yoast-seo-wordpress\/ -->\n<title>Seguro de cauci\u00f3n: el salvavidas de las empresas (La Vanguardia) - Col\u00b7legi de Mediadors d&#039;Assegurances de Lleida<\/title>\n<meta name=\"robots\" content=\"index, follow, max-snippet:-1, max-image-preview:large, max-video-preview:-1\" \/>\n<link rel=\"canonical\" href=\"https:\/\/www.cmalleida.com\/es\/seguro-de-caucion-el-salvavidas-de-las-empresas-la-vanguardia\/\" \/>\n<meta property=\"og:locale\" content=\"es_ES\" \/>\n<meta property=\"og:type\" content=\"article\" \/>\n<meta property=\"og:title\" content=\"Seguro de cauci\u00f3n: el salvavidas de las empresas (La Vanguardia) - Col\u00b7legi de Mediadors d&#039;Assegurances de Lleida\" \/>\n<meta property=\"og:description\" content=\"Este tipo de p\u00f3lizas ofrecen respuesta ante multitud de situaciones a las que empresarios y aut\u00f3nomos se enfrentan habitualmente JOAN MORALES Publicado a 27-06-2018 6:44... Llegeix m\u00e9s\" \/>\n<meta property=\"og:url\" content=\"https:\/\/www.cmalleida.com\/es\/seguro-de-caucion-el-salvavidas-de-las-empresas-la-vanguardia\/\" \/>\n<meta property=\"og:site_name\" content=\"Col\u00b7legi de Mediadors d&#039;Assegurances de Lleida\" \/>\n<meta property=\"article:published_time\" content=\"2018-06-29T08:02:57+00:00\" \/>\n<meta property=\"og:image\" content=\"https:\/\/www.cmalleida.com\/wp-content\/uploads\/cmall-lleida-actualitat-calcula762-1.jpg\" \/>\n\t<meta property=\"og:image:width\" content=\"762\" \/>\n\t<meta property=\"og:image:height\" content=\"762\" \/>\n\t<meta property=\"og:image:type\" content=\"image\/jpeg\" \/>\n<meta name=\"author\" content=\"Col\u00b7legi Mediadors\" \/>\n<meta name=\"twitter:card\" content=\"summary_large_image\" \/>\n<meta name=\"twitter:label1\" content=\"Written by\" \/>\n\t<meta name=\"twitter:data1\" content=\"Col\u00b7legi Mediadors\" \/>\n\t<meta name=\"twitter:label2\" content=\"Est. reading time\" \/>\n\t<meta name=\"twitter:data2\" content=\"6 minutos\" \/>\n<script type=\"application\/ld+json\" class=\"yoast-schema-graph\">{\"@context\":\"https:\/\/schema.org\",\"@graph\":[{\"@type\":\"Article\",\"@id\":\"https:\/\/www.cmalleida.com\/es\/seguro-de-caucion-el-salvavidas-de-las-empresas-la-vanguardia\/#article\",\"isPartOf\":{\"@id\":\"https:\/\/www.cmalleida.com\/es\/seguro-de-caucion-el-salvavidas-de-las-empresas-la-vanguardia\/\"},\"author\":{\"name\":\"Col\u00b7legi Mediadors\",\"@id\":\"https:\/\/www.cmalleida.com\/es\/#\/schema\/person\/bc84b7874fa5ac8a15c15a050fb3b79c\"},\"headline\":\"Seguro de cauci\u00f3n: el salvavidas de las empresas (La Vanguardia)\",\"datePublished\":\"2018-06-29T08:02:57+00:00\",\"mainEntityOfPage\":{\"@id\":\"https:\/\/www.cmalleida.com\/es\/seguro-de-caucion-el-salvavidas-de-las-empresas-la-vanguardia\/\"},\"wordCount\":1118,\"publisher\":{\"@id\":\"https:\/\/www.cmalleida.com\/es\/#organization\"},\"image\":{\"@id\":\"https:\/\/www.cmalleida.com\/es\/seguro-de-caucion-el-salvavidas-de-las-empresas-la-vanguardia\/#primaryimage\"},\"thumbnailUrl\":\"https:\/\/www.cmalleida.com\/wp-content\/uploads\/cmall-lleida-actualitat-calcula762-1.jpg\",\"articleSection\":[\"Actualidad\"],\"inLanguage\":\"es\"},{\"@type\":\"WebPage\",\"@id\":\"https:\/\/www.cmalleida.com\/es\/seguro-de-caucion-el-salvavidas-de-las-empresas-la-vanguardia\/\",\"url\":\"https:\/\/www.cmalleida.com\/es\/seguro-de-caucion-el-salvavidas-de-las-empresas-la-vanguardia\/\",\"name\":\"Seguro de cauci\u00f3n: el salvavidas de las empresas (La Vanguardia) - Col\u00b7legi de Mediadors d&#039;Assegurances de Lleida\",\"isPartOf\":{\"@id\":\"https:\/\/www.cmalleida.com\/es\/#website\"},\"primaryImageOfPage\":{\"@id\":\"https:\/\/www.cmalleida.com\/es\/seguro-de-caucion-el-salvavidas-de-las-empresas-la-vanguardia\/#primaryimage\"},\"image\":{\"@id\":\"https:\/\/www.cmalleida.com\/es\/seguro-de-caucion-el-salvavidas-de-las-empresas-la-vanguardia\/#primaryimage\"},\"thumbnailUrl\":\"https:\/\/www.cmalleida.com\/wp-content\/uploads\/cmall-lleida-actualitat-calcula762-1.jpg\",\"datePublished\":\"2018-06-29T08:02:57+00:00\",\"breadcrumb\":{\"@id\":\"https:\/\/www.cmalleida.com\/es\/seguro-de-caucion-el-salvavidas-de-las-empresas-la-vanguardia\/#breadcrumb\"},\"inLanguage\":\"es\",\"potentialAction\":[{\"@type\":\"ReadAction\",\"target\":[\"https:\/\/www.cmalleida.com\/es\/seguro-de-caucion-el-salvavidas-de-las-empresas-la-vanguardia\/\"]}]},{\"@type\":\"ImageObject\",\"inLanguage\":\"es\",\"@id\":\"https:\/\/www.cmalleida.com\/es\/seguro-de-caucion-el-salvavidas-de-las-empresas-la-vanguardia\/#primaryimage\",\"url\":\"https:\/\/www.cmalleida.com\/wp-content\/uploads\/cmall-lleida-actualitat-calcula762-1.jpg\",\"contentUrl\":\"https:\/\/www.cmalleida.com\/wp-content\/uploads\/cmall-lleida-actualitat-calcula762-1.jpg\",\"width\":762,\"height\":762,\"caption\":\"cmall-lleida-actualitat-calcula762\"},{\"@type\":\"BreadcrumbList\",\"@id\":\"https:\/\/www.cmalleida.com\/es\/seguro-de-caucion-el-salvavidas-de-las-empresas-la-vanguardia\/#breadcrumb\",\"itemListElement\":[{\"@type\":\"ListItem\",\"position\":1,\"name\":\"Inici\",\"item\":\"https:\/\/www.cmalleida.com\/es\/\"},{\"@type\":\"ListItem\",\"position\":2,\"name\":\"Seguro de cauci\u00f3n: el salvavidas de las empresas (La Vanguardia)\"}]},{\"@type\":\"WebSite\",\"@id\":\"https:\/\/www.cmalleida.com\/es\/#website\",\"url\":\"https:\/\/www.cmalleida.com\/es\/\",\"name\":\"Col\u00b7legi de Mediadors d&#039;Assegurances de Lleida\",\"description\":\"Otro sitio realizado con WordPress\",\"publisher\":{\"@id\":\"https:\/\/www.cmalleida.com\/es\/#organization\"},\"potentialAction\":[{\"@type\":\"SearchAction\",\"target\":{\"@type\":\"EntryPoint\",\"urlTemplate\":\"https:\/\/www.cmalleida.com\/es\/?s={search_term_string}\"},\"query-input\":{\"@type\":\"PropertyValueSpecification\",\"valueRequired\":true,\"valueName\":\"search_term_string\"}}],\"inLanguage\":\"es\"},{\"@type\":\"Organization\",\"@id\":\"https:\/\/www.cmalleida.com\/es\/#organization\",\"name\":\"Col\u00b7legi de Mediadors d'Assegurances de Lleida\",\"url\":\"https:\/\/www.cmalleida.com\/es\/\",\"logo\":{\"@type\":\"ImageObject\",\"inLanguage\":\"es\",\"@id\":\"https:\/\/www.cmalleida.com\/es\/#\/schema\/logo\/image\/\",\"url\":\"\",\"contentUrl\":\"\",\"caption\":\"Col\u00b7legi de Mediadors d'Assegurances de Lleida\"},\"image\":{\"@id\":\"https:\/\/www.cmalleida.com\/es\/#\/schema\/logo\/image\/\"}},{\"@type\":\"Person\",\"@id\":\"https:\/\/www.cmalleida.com\/es\/#\/schema\/person\/bc84b7874fa5ac8a15c15a050fb3b79c\",\"name\":\"Col\u00b7legi Mediadors\",\"image\":{\"@type\":\"ImageObject\",\"inLanguage\":\"es\",\"@id\":\"https:\/\/secure.gravatar.com\/avatar\/05a66e0aafde4a91aea6f2c243b0b99b03dac1cca78dc84298f5e7e7ad4dfd33?s=96&d=mm&r=g\",\"url\":\"https:\/\/secure.gravatar.com\/avatar\/05a66e0aafde4a91aea6f2c243b0b99b03dac1cca78dc84298f5e7e7ad4dfd33?s=96&d=mm&r=g\",\"contentUrl\":\"https:\/\/secure.gravatar.com\/avatar\/05a66e0aafde4a91aea6f2c243b0b99b03dac1cca78dc84298f5e7e7ad4dfd33?s=96&d=mm&r=g\",\"caption\":\"Col\u00b7legi Mediadors\"}}]}<\/script>\n<!-- \/ Yoast SEO plugin. -->","yoast_head_json":{"title":"Seguro de cauci\u00f3n: el salvavidas de las empresas (La Vanguardia) - Col\u00b7legi de Mediadors d&#039;Assegurances de Lleida","robots":{"index":"index","follow":"follow","max-snippet":"max-snippet:-1","max-image-preview":"max-image-preview:large","max-video-preview":"max-video-preview:-1"},"canonical":"https:\/\/www.cmalleida.com\/es\/seguro-de-caucion-el-salvavidas-de-las-empresas-la-vanguardia\/","og_locale":"es_ES","og_type":"article","og_title":"Seguro de cauci\u00f3n: el salvavidas de las empresas (La Vanguardia) - Col\u00b7legi de Mediadors d&#039;Assegurances de Lleida","og_description":"Este tipo de p\u00f3lizas ofrecen respuesta ante multitud de situaciones a las que empresarios y aut\u00f3nomos se enfrentan habitualmente JOAN MORALES Publicado a 27-06-2018 6:44... Llegeix m\u00e9s","og_url":"https:\/\/www.cmalleida.com\/es\/seguro-de-caucion-el-salvavidas-de-las-empresas-la-vanguardia\/","og_site_name":"Col\u00b7legi de Mediadors d&#039;Assegurances de Lleida","article_published_time":"2018-06-29T08:02:57+00:00","og_image":[{"width":762,"height":762,"url":"https:\/\/www.cmalleida.com\/wp-content\/uploads\/cmall-lleida-actualitat-calcula762-1.jpg","type":"image\/jpeg"}],"author":"Col\u00b7legi Mediadors","twitter_card":"summary_large_image","twitter_misc":{"Written by":"Col\u00b7legi Mediadors","Est. reading time":"6 minutos"},"schema":{"@context":"https:\/\/schema.org","@graph":[{"@type":"Article","@id":"https:\/\/www.cmalleida.com\/es\/seguro-de-caucion-el-salvavidas-de-las-empresas-la-vanguardia\/#article","isPartOf":{"@id":"https:\/\/www.cmalleida.com\/es\/seguro-de-caucion-el-salvavidas-de-las-empresas-la-vanguardia\/"},"author":{"name":"Col\u00b7legi Mediadors","@id":"https:\/\/www.cmalleida.com\/es\/#\/schema\/person\/bc84b7874fa5ac8a15c15a050fb3b79c"},"headline":"Seguro de cauci\u00f3n: el salvavidas de las empresas (La Vanguardia)","datePublished":"2018-06-29T08:02:57+00:00","mainEntityOfPage":{"@id":"https:\/\/www.cmalleida.com\/es\/seguro-de-caucion-el-salvavidas-de-las-empresas-la-vanguardia\/"},"wordCount":1118,"publisher":{"@id":"https:\/\/www.cmalleida.com\/es\/#organization"},"image":{"@id":"https:\/\/www.cmalleida.com\/es\/seguro-de-caucion-el-salvavidas-de-las-empresas-la-vanguardia\/#primaryimage"},"thumbnailUrl":"https:\/\/www.cmalleida.com\/wp-content\/uploads\/cmall-lleida-actualitat-calcula762-1.jpg","articleSection":["Actualidad"],"inLanguage":"es"},{"@type":"WebPage","@id":"https:\/\/www.cmalleida.com\/es\/seguro-de-caucion-el-salvavidas-de-las-empresas-la-vanguardia\/","url":"https:\/\/www.cmalleida.com\/es\/seguro-de-caucion-el-salvavidas-de-las-empresas-la-vanguardia\/","name":"Seguro de cauci\u00f3n: el salvavidas de las empresas (La Vanguardia) - Col\u00b7legi de Mediadors d&#039;Assegurances de Lleida","isPartOf":{"@id":"https:\/\/www.cmalleida.com\/es\/#website"},"primaryImageOfPage":{"@id":"https:\/\/www.cmalleida.com\/es\/seguro-de-caucion-el-salvavidas-de-las-empresas-la-vanguardia\/#primaryimage"},"image":{"@id":"https:\/\/www.cmalleida.com\/es\/seguro-de-caucion-el-salvavidas-de-las-empresas-la-vanguardia\/#primaryimage"},"thumbnailUrl":"https:\/\/www.cmalleida.com\/wp-content\/uploads\/cmall-lleida-actualitat-calcula762-1.jpg","datePublished":"2018-06-29T08:02:57+00:00","breadcrumb":{"@id":"https:\/\/www.cmalleida.com\/es\/seguro-de-caucion-el-salvavidas-de-las-empresas-la-vanguardia\/#breadcrumb"},"inLanguage":"es","potentialAction":[{"@type":"ReadAction","target":["https:\/\/www.cmalleida.com\/es\/seguro-de-caucion-el-salvavidas-de-las-empresas-la-vanguardia\/"]}]},{"@type":"ImageObject","inLanguage":"es","@id":"https:\/\/www.cmalleida.com\/es\/seguro-de-caucion-el-salvavidas-de-las-empresas-la-vanguardia\/#primaryimage","url":"https:\/\/www.cmalleida.com\/wp-content\/uploads\/cmall-lleida-actualitat-calcula762-1.jpg","contentUrl":"https:\/\/www.cmalleida.com\/wp-content\/uploads\/cmall-lleida-actualitat-calcula762-1.jpg","width":762,"height":762,"caption":"cmall-lleida-actualitat-calcula762"},{"@type":"BreadcrumbList","@id":"https:\/\/www.cmalleida.com\/es\/seguro-de-caucion-el-salvavidas-de-las-empresas-la-vanguardia\/#breadcrumb","itemListElement":[{"@type":"ListItem","position":1,"name":"Inici","item":"https:\/\/www.cmalleida.com\/es\/"},{"@type":"ListItem","position":2,"name":"Seguro de cauci\u00f3n: el salvavidas de las empresas (La Vanguardia)"}]},{"@type":"WebSite","@id":"https:\/\/www.cmalleida.com\/es\/#website","url":"https:\/\/www.cmalleida.com\/es\/","name":"Col\u00b7legi de Mediadors d&#039;Assegurances de Lleida","description":"Otro sitio realizado con WordPress","publisher":{"@id":"https:\/\/www.cmalleida.com\/es\/#organization"},"potentialAction":[{"@type":"SearchAction","target":{"@type":"EntryPoint","urlTemplate":"https:\/\/www.cmalleida.com\/es\/?s={search_term_string}"},"query-input":{"@type":"PropertyValueSpecification","valueRequired":true,"valueName":"search_term_string"}}],"inLanguage":"es"},{"@type":"Organization","@id":"https:\/\/www.cmalleida.com\/es\/#organization","name":"Col\u00b7legi de Mediadors d'Assegurances de Lleida","url":"https:\/\/www.cmalleida.com\/es\/","logo":{"@type":"ImageObject","inLanguage":"es","@id":"https:\/\/www.cmalleida.com\/es\/#\/schema\/logo\/image\/","url":"","contentUrl":"","caption":"Col\u00b7legi de Mediadors d'Assegurances de Lleida"},"image":{"@id":"https:\/\/www.cmalleida.com\/es\/#\/schema\/logo\/image\/"}},{"@type":"Person","@id":"https:\/\/www.cmalleida.com\/es\/#\/schema\/person\/bc84b7874fa5ac8a15c15a050fb3b79c","name":"Col\u00b7legi Mediadors","image":{"@type":"ImageObject","inLanguage":"es","@id":"https:\/\/secure.gravatar.com\/avatar\/05a66e0aafde4a91aea6f2c243b0b99b03dac1cca78dc84298f5e7e7ad4dfd33?s=96&d=mm&r=g","url":"https:\/\/secure.gravatar.com\/avatar\/05a66e0aafde4a91aea6f2c243b0b99b03dac1cca78dc84298f5e7e7ad4dfd33?s=96&d=mm&r=g","contentUrl":"https:\/\/secure.gravatar.com\/avatar\/05a66e0aafde4a91aea6f2c243b0b99b03dac1cca78dc84298f5e7e7ad4dfd33?s=96&d=mm&r=g","caption":"Col\u00b7legi Mediadors"}}]}},"_links":{"self":[{"href":"https:\/\/www.cmalleida.com\/es\/wp-json\/wp\/v2\/posts\/2805","targetHints":{"allow":["GET"]}}],"collection":[{"href":"https:\/\/www.cmalleida.com\/es\/wp-json\/wp\/v2\/posts"}],"about":[{"href":"https:\/\/www.cmalleida.com\/es\/wp-json\/wp\/v2\/types\/post"}],"author":[{"embeddable":true,"href":"https:\/\/www.cmalleida.com\/es\/wp-json\/wp\/v2\/users\/3"}],"replies":[{"embeddable":true,"href":"https:\/\/www.cmalleida.com\/es\/wp-json\/wp\/v2\/comments?post=2805"}],"version-history":[{"count":1,"href":"https:\/\/www.cmalleida.com\/es\/wp-json\/wp\/v2\/posts\/2805\/revisions"}],"predecessor-version":[{"id":2806,"href":"https:\/\/www.cmalleida.com\/es\/wp-json\/wp\/v2\/posts\/2805\/revisions\/2806"}],"wp:featuredmedia":[{"embeddable":true,"href":"https:\/\/www.cmalleida.com\/es\/wp-json\/wp\/v2\/media\/1867"}],"wp:attachment":[{"href":"https:\/\/www.cmalleida.com\/es\/wp-json\/wp\/v2\/media?parent=2805"}],"wp:term":[{"taxonomy":"category","embeddable":true,"href":"https:\/\/www.cmalleida.com\/es\/wp-json\/wp\/v2\/categories?post=2805"},{"taxonomy":"post_tag","embeddable":true,"href":"https:\/\/www.cmalleida.com\/es\/wp-json\/wp\/v2\/tags?post=2805"}],"curies":[{"name":"wp","href":"https:\/\/api.w.org\/{rel}","templated":true}]}}