{"id":2779,"date":"2018-06-22T10:52:14","date_gmt":"2018-06-22T08:52:14","guid":{"rendered":"https:\/\/www.cmalleida.com\/?p=2779"},"modified":"2018-06-22T10:52:14","modified_gmt":"2018-06-22T08:52:14","slug":"las-companias-de-seguros-se-lanzan-a-la-caza-del-talento-millennial-la-vanguardia","status":"publish","type":"post","link":"https:\/\/www.cmalleida.com\/es\/las-companias-de-seguros-se-lanzan-a-la-caza-del-talento-millennial-la-vanguardia\/","title":{"rendered":"Las compa\u00f1\u00edas de seguros se lanzan a la caza del talento millennial (La Vanguardia)"},"content":{"rendered":"<p>El sector asegurador est\u00e1 decidido a\u00a0<strong>captar talento entre los j\u00f3venes profesionales<\/strong>\u00a0y para ello ha recurrido a historias y personas reales:<\/p>\n<p><strong>\u201cAna quer\u00eda dise\u00f1ar juguetes y hoy dise\u00f1a soluciones tecnol\u00f3gicas para una aseguradora\u201d<\/strong><\/p>\n<p><strong>Ana Valverde, 36 a\u00f1os, estudi\u00f3 Ingenier\u00eda.\u00a0<\/strong>Lleva 12 a\u00f1os en el mundo de los seguros. Hoy es responsable de gesti\u00f3n de la demanda en una compa\u00f1\u00eda y afirma: \u201cNo se percibe que en una compa\u00f1\u00eda de seguros estemos tan al d\u00eda en tecnolog\u00eda\u201d.<\/p>\n<p><strong>\u201cA Natalia un familiar le pregunt\u00f3, si quieres, le paso tu curr\u00edculum al Departamento de Recursos Humanos de mi empresa\u201d<\/strong><\/p>\n<p><strong>Natalia Cancho, 38 a\u00f1os, licenciada en Derecho.<\/strong>\u00a0Con una d\u00e9cada de trabajo en el sector asegurador, gestiona los Da\u00f1os Personales de una compa\u00f1\u00eda y se\u00f1ala: \u201cLos seguros son un gran desconocido que tiene muchos departamentos\u201d.<\/p>\n<p><strong>\u201cCristina paso de la log\u00edstica al desarrollo de un programa de automatizaci\u00f3n del marketing\u201d<\/strong><\/p>\n<p><strong>Cristina Jim\u00e9nez, 29 a\u00f1os, ingeniera industrial<\/strong>\u00a0con una experiencia de tres a\u00f1os y medio en el ramo. Responsable de marketing en una seguradora, se\u00f1ala: \u201cSi t\u00fa las quieres aprovechar aqu\u00ed hay todas las oportunidades del mundo\u201d.<\/p>\n<p>Las de estas tres profesionales del sector de los seguros son tres historias reales y tres explicaciones personales que resumen la nueva campa\u00f1a para la captaci\u00f3n de talento joven que la patronal UNESPA ha lanzado a trav\u00e9s de las redes sociales y con el lema\u00a0<em>\u201cUn futuro asegurado\u201d.\u00a0<\/em><\/p>\n<p>La patronal UNESPA promueve una campa\u00f1a para dar mayor visibilidad a la industria aseguradora como salida profesional<\/p>\n<p>El objetivo de esta iniciativa divulgativa est\u00e1 en \u201cdotar de mayor visibilidad a la industria aseguradora como salida profesional\u201d y\u00a0<strong>va dirigida especialmente a los j\u00f3venes que est\u00e1n todav\u00eda estudiando y a los que han iniciado ya su andadura profesional<\/strong>.<\/p>\n<p>En muchas ocasiones, con claridad, concisi\u00f3n y contundencia, los m\u00e1ximos dirigentes de compa\u00f1\u00edas han expresado la necesidad de rejuvenecer las plantillas del sector con j\u00f3venes de reconocida preparaci\u00f3n. Es el caso del director general comercial de Generali, Jos\u00e9 Luis Cavero, cuando considera que\u00a0<strong>el sector asegurador espa\u00f1ol debe \u201cenamorar el talento\u201d de manera urgente para garantizar la renovaci\u00f3n generacional de sus cuadros directivos<\/strong>\u00a0y crear nuevos liderazgos.<\/p>\n<p>&nbsp;<\/p>\n<p>Para Cavero, ponente en el \u00faltimo Foro de Alta Direcci\u00f3n Aseguradora de la Semana del Seguro 2018, ha pasado a la historia la c\u00e9lebre frase manida en los departamentos de RRHH: \u201cYo reconozco un talento en cuanto lo veo\u201d. \u201cLas compa\u00f1\u00edas hoy -se\u00f1ala Cavero- deben gestionar la diversidad, la creatividad y la capacidad innovadora de toda la generaci\u00f3n millenial que ser\u00e1, en tres a\u00f1os, el 50% de la fuerza del trabajo en el mercado\u201d. Para que no se escapen estos profesionales talentosos,\u00a0 e<strong>l 77% de las empresas de seguros cuentan con departamentos propios de formaci\u00f3n<\/strong>. Algunas de ellas re\u00fanen en este \u00e1rea a m\u00e1s del 0\u201965% del total de la plantilla y, en general, las compa\u00f1\u00edas destinan una media de 433.000 euros a todo tipo de cursos y acciones formativas.<\/p>\n<p>UNESPA, que representa a m\u00e1s de 200 entidades aseguradoras y reaseguradoras, pretende\u00a0<strong>dar relieve a la gran diversidad de profesionales que necesita el sector seguros y que abarcan una gran amplitud de especialidades<\/strong>, desde especialistas en programaci\u00f3n y bases de datos, economistas, titulados en direcci\u00f3n de empresas, a expertos en marketing, comunicaci\u00f3n o en matem\u00e1ticas, estad\u00edstica, derecho o ingenier\u00eda\u2026\u00a0<strong>Asegura esta organizaci\u00f3n que trabajar en este sector es entre ocho y diez veces m\u00e1s seguro que en la mayor\u00eda de los sectores de la econom\u00eda nacional<\/strong>.<\/p>\n<p>En los \u00faltimos 30 a\u00f1os se ha multiplicado por cinco la presencia femenina en el \u00e1mbito laboral de los seguros<\/p>\n<p><strong>Son \u00a0unas 50.000 personas las que de un modo directo trabajan d\u00eda a d\u00eda en el sector asegurador espa\u00f1o<\/strong>l en un mercado laboral que, seg\u00fan indica la patronal, ocupa el puesto 12 de las 70 actividades empresariales monitorizadas por el Instituto Nacional de Estad\u00edstica. Explica \u00a0UNESPA que\u00a0<strong>m\u00e1s del 96% de los contratos del sector son indefinidos, est\u00e1n ocupados en m\u00e1s del 50% de los casos por mujeres y tienen una antig\u00fcedad media en el sector de 14 a\u00f1os<\/strong>. Se indica adem\u00e1s que el 90% de las personas empleadas por el seguro recibieron formaci\u00f3n en el \u00faltimo a\u00f1o y que el 9% tiene una reducci\u00f3n de jornada.<\/p>\n<p>Seg\u00fan la \u00faltima Encuesta de Poblaci\u00f3n Activa,\u00a0<strong>en los \u00faltimos 30 a\u00f1os se ha multiplicado por cinco el empleo femenino en el sector asegurador, siendo el crecimiento en el conjunto de la econom\u00eda la mitad<\/strong>, el dos y medio, en este mismo per\u00edodo. Cierto es que, con datos de 2015, se observa que s\u00f3lo una de cada siete cargos directivos est\u00e1 ocupado por una mujer, un escaso 15% del total de presencia en cargos directivos.<\/p>\n<p>Para las compa\u00f1\u00edas, la gran estabilidad laboral en el sector se da por la necesidad de aportar valor a\u00f1adido en cada escala del engranaje asegurador (ventas, gesti\u00f3n siniestros, atenci\u00f3n al cliente etc\u2026 Cabe as\u00ed cuidar a los equipos para no comprometer el valor de toda la cadena y se argumenta tambi\u00e9n la importancia de la experiencia en un entorno tan cambiante.<\/p>\n<p>Los altos ejecutivos tienen claro que necesitan nuevas capacidades y nuevas habilidades para el futuro de la industria<\/p>\n<p>Destacados CEO del sector como Jean Paul Rignault, CEO de AXA; Eugenio Yurrita, CEO de BBVA SEGUROS; Jos\u00e9 Manuel Inchausti, CEO de MAPFRE IBERIA; Vicente Cancio, CEO de ZURICH; \u00c1lex Borrell, managing director responsable de Seguros de Accenture Iberia; Miguel \u00c1lava, EMEA general management de AWS; y Susana P\u00e9rez de Inese, dando testimonio tambi\u00e9n en la \u00faltima Semana del Seguro celebrada en Madrid entorno a una original mesa redonda, \u00a0analizaron que\u00a0<strong>la dificultad de atraer nuevos talentos es un gran desaf\u00edo de futuro junto con los nuevos riesgos emergentes asegurables y la incorporaci\u00f3n de nuevas tecnolog\u00edas<\/strong>.<\/p>\n<p>Ante estos retos, Jos\u00e9 Luis Cavero considera importante que la industria del seguro en Espa\u00f1a \u201cdebe darse cuenta de que hay perfiles profesionales diferentes y que tenemos que ser capaces de incorporarlos\u201d.\u201dNecesitamos nuevas capacidades y habilidades para el desarrollo de nuestra industria\u201d, se\u00f1ala, \u201cpero el talento debe venir acompa\u00f1ado de un elevado nivel de implicaci\u00f3n\u201d. Propone este ejecutivo que hay que saber transmitir mejor el componente innovador del sector y ofrecer un \u201centorno de trabajo muy colaborativo y con proyectos muy transversales\u201d.<\/p>\n<p>Para Pedro Gioya y Ramona Vicente, socios fundadores de Instituto de Liderazgo, las claves para la renovaci\u00f3n de talentos son tres: cultura empresarial, personas con nuevo talento m\u00e1s horizontal y con nuevas habilidades y equipos cohesionados con una metodolog\u00eda \u00e1gil y donde el liderazgo es distribuido y se basa en el conocimiento.<\/p>\n<p>Seg\u00fan la \u00faltima estad\u00edstica expuesta en Merco Talento PeopleMatters 2017, s\u00f3lo seis aseguradoras aparecen entre las cien primeras empresas que los universitarios consideran atractivas para trabajar: Mapfre (31\u00ba del ranking), Sanitas (35\u00ba), Mutua Madrile\u00f1a (51\u00ba), AXA (55\u00ba), L\u00ednea Directa (81\u00ba) y DKV (83\u00ba).<\/p>\n<p>Esta poca preferencia de los j\u00f3venes profesionales hacia el sector asegurador, tal vez por la sensaci\u00f3n de precariedad que ofrece a menudo la venta de p\u00f3lizas puerta a puerta y la imagen generalizada de ser un sector avejentado, poco atractivo y nada interesante, contrasta con el perfil que quieren transmitir las compa\u00f1\u00edas.\u00a0 Para UNESPA, \u201cla industria aseguradora ofrece grandes oportunidades a las personas con talento; el seguro necesita expertos de todo tipo y es un sector que destaca por ofrecer empleo de calidad con estabilidad laboral, posibilidad de conciliaci\u00f3n y posibilidades de desarrollo profesional\u201d.<\/p>\n<p>El seguro reclama expertos de todo tipo y ofrece empleos de calidad con posibilidad de conciliaci\u00f3n y desarrollo profesional<\/p>\n<p>&nbsp;<\/p>\n<p><strong>\u00a0<\/strong><\/p>\n<p>&nbsp;<\/p>\n","protected":false},"excerpt":{"rendered":"<p>El sector asegurador est\u00e1 decidido a\u00a0captar talento entre los j\u00f3venes profesionales\u00a0y para ello ha recurrido a historias y personas reales: \u201cAna quer\u00eda dise\u00f1ar juguetes y&#8230; <a href=\"https:\/\/www.cmalleida.com\/es\/las-companias-de-seguros-se-lanzan-a-la-caza-del-talento-millennial-la-vanguardia\/\" rel=\"nofollow\" class=\"lollegirmes\">Llegeix m\u00e9s<\/a><\/p>\n","protected":false},"author":3,"featured_media":1927,"comment_status":"closed","ping_status":"closed","sticky":false,"template":"","format":"standard","meta":{"_acf_changed":false,"_genesis_hide_title":false,"_genesis_hide_breadcrumbs":false,"_genesis_hide_singular_image":false,"_genesis_hide_footer_widgets":false,"_genesis_custom_body_class":"","_genesis_custom_post_class":"","_genesis_layout":"","footnotes":""},"categories":[28],"tags":[],"class_list":{"0":"post-2779","1":"post","2":"type-post","3":"status-publish","4":"format-standard","5":"has-post-thumbnail","7":"category-actualidad","8":"entry"},"acf":[],"yoast_head":"<!-- This site is optimized with the Yoast SEO plugin v27.2 - https:\/\/yoast.com\/product\/yoast-seo-wordpress\/ -->\n<title>Las compa\u00f1\u00edas de seguros se lanzan a la caza del talento millennial (La Vanguardia) - Col\u00b7legi de Mediadors d&#039;Assegurances de Lleida<\/title>\n<meta name=\"robots\" content=\"index, follow, max-snippet:-1, max-image-preview:large, max-video-preview:-1\" \/>\n<link rel=\"canonical\" href=\"https:\/\/www.cmalleida.com\/es\/las-companias-de-seguros-se-lanzan-a-la-caza-del-talento-millennial-la-vanguardia\/\" \/>\n<meta property=\"og:locale\" content=\"es_ES\" \/>\n<meta property=\"og:type\" content=\"article\" \/>\n<meta property=\"og:title\" content=\"Las compa\u00f1\u00edas de seguros se lanzan a la caza del talento millennial (La Vanguardia) - Col\u00b7legi de Mediadors d&#039;Assegurances de Lleida\" \/>\n<meta property=\"og:description\" content=\"El sector asegurador est\u00e1 decidido a\u00a0captar talento entre los j\u00f3venes profesionales\u00a0y para ello ha recurrido a historias y personas reales: \u201cAna quer\u00eda dise\u00f1ar juguetes y... Llegeix m\u00e9s\" \/>\n<meta property=\"og:url\" content=\"https:\/\/www.cmalleida.com\/es\/las-companias-de-seguros-se-lanzan-a-la-caza-del-talento-millennial-la-vanguardia\/\" \/>\n<meta property=\"og:site_name\" content=\"Col\u00b7legi de Mediadors d&#039;Assegurances de Lleida\" \/>\n<meta property=\"article:published_time\" content=\"2018-06-22T08:52:14+00:00\" \/>\n<meta property=\"og:image\" content=\"https:\/\/www.cmalleida.com\/wp-content\/uploads\/cmall-lleida-actualitat-conferencia762.jpg\" \/>\n\t<meta property=\"og:image:width\" content=\"762\" \/>\n\t<meta property=\"og:image:height\" content=\"762\" \/>\n\t<meta property=\"og:image:type\" content=\"image\/jpeg\" \/>\n<meta name=\"author\" content=\"Col\u00b7legi Mediadors\" \/>\n<meta name=\"twitter:card\" content=\"summary_large_image\" \/>\n<meta name=\"twitter:label1\" content=\"Written by\" \/>\n\t<meta name=\"twitter:data1\" content=\"Col\u00b7legi Mediadors\" \/>\n\t<meta name=\"twitter:label2\" content=\"Est. reading time\" \/>\n\t<meta name=\"twitter:data2\" content=\"7 minutos\" \/>\n<script type=\"application\/ld+json\" class=\"yoast-schema-graph\">{\"@context\":\"https:\/\/schema.org\",\"@graph\":[{\"@type\":\"Article\",\"@id\":\"https:\/\/www.cmalleida.com\/es\/las-companias-de-seguros-se-lanzan-a-la-caza-del-talento-millennial-la-vanguardia\/#article\",\"isPartOf\":{\"@id\":\"https:\/\/www.cmalleida.com\/es\/las-companias-de-seguros-se-lanzan-a-la-caza-del-talento-millennial-la-vanguardia\/\"},\"author\":{\"name\":\"Col\u00b7legi Mediadors\",\"@id\":\"https:\/\/www.cmalleida.com\/es\/#\/schema\/person\/bc84b7874fa5ac8a15c15a050fb3b79c\"},\"headline\":\"Las compa\u00f1\u00edas de seguros se lanzan a la caza del talento millennial (La Vanguardia)\",\"datePublished\":\"2018-06-22T08:52:14+00:00\",\"mainEntityOfPage\":{\"@id\":\"https:\/\/www.cmalleida.com\/es\/las-companias-de-seguros-se-lanzan-a-la-caza-del-talento-millennial-la-vanguardia\/\"},\"wordCount\":1336,\"publisher\":{\"@id\":\"https:\/\/www.cmalleida.com\/es\/#organization\"},\"image\":{\"@id\":\"https:\/\/www.cmalleida.com\/es\/las-companias-de-seguros-se-lanzan-a-la-caza-del-talento-millennial-la-vanguardia\/#primaryimage\"},\"thumbnailUrl\":\"https:\/\/www.cmalleida.com\/wp-content\/uploads\/cmall-lleida-actualitat-conferencia762.jpg\",\"articleSection\":[\"Actualidad\"],\"inLanguage\":\"es\"},{\"@type\":\"WebPage\",\"@id\":\"https:\/\/www.cmalleida.com\/es\/las-companias-de-seguros-se-lanzan-a-la-caza-del-talento-millennial-la-vanguardia\/\",\"url\":\"https:\/\/www.cmalleida.com\/es\/las-companias-de-seguros-se-lanzan-a-la-caza-del-talento-millennial-la-vanguardia\/\",\"name\":\"Las compa\u00f1\u00edas de seguros se lanzan a la caza del talento millennial (La Vanguardia) - Col\u00b7legi de Mediadors d&#039;Assegurances de Lleida\",\"isPartOf\":{\"@id\":\"https:\/\/www.cmalleida.com\/es\/#website\"},\"primaryImageOfPage\":{\"@id\":\"https:\/\/www.cmalleida.com\/es\/las-companias-de-seguros-se-lanzan-a-la-caza-del-talento-millennial-la-vanguardia\/#primaryimage\"},\"image\":{\"@id\":\"https:\/\/www.cmalleida.com\/es\/las-companias-de-seguros-se-lanzan-a-la-caza-del-talento-millennial-la-vanguardia\/#primaryimage\"},\"thumbnailUrl\":\"https:\/\/www.cmalleida.com\/wp-content\/uploads\/cmall-lleida-actualitat-conferencia762.jpg\",\"datePublished\":\"2018-06-22T08:52:14+00:00\",\"breadcrumb\":{\"@id\":\"https:\/\/www.cmalleida.com\/es\/las-companias-de-seguros-se-lanzan-a-la-caza-del-talento-millennial-la-vanguardia\/#breadcrumb\"},\"inLanguage\":\"es\",\"potentialAction\":[{\"@type\":\"ReadAction\",\"target\":[\"https:\/\/www.cmalleida.com\/es\/las-companias-de-seguros-se-lanzan-a-la-caza-del-talento-millennial-la-vanguardia\/\"]}]},{\"@type\":\"ImageObject\",\"inLanguage\":\"es\",\"@id\":\"https:\/\/www.cmalleida.com\/es\/las-companias-de-seguros-se-lanzan-a-la-caza-del-talento-millennial-la-vanguardia\/#primaryimage\",\"url\":\"https:\/\/www.cmalleida.com\/wp-content\/uploads\/cmall-lleida-actualitat-conferencia762.jpg\",\"contentUrl\":\"https:\/\/www.cmalleida.com\/wp-content\/uploads\/cmall-lleida-actualitat-conferencia762.jpg\",\"width\":762,\"height\":762,\"caption\":\"cmall-lleida-actualitat-conferencia762\"},{\"@type\":\"BreadcrumbList\",\"@id\":\"https:\/\/www.cmalleida.com\/es\/las-companias-de-seguros-se-lanzan-a-la-caza-del-talento-millennial-la-vanguardia\/#breadcrumb\",\"itemListElement\":[{\"@type\":\"ListItem\",\"position\":1,\"name\":\"Inici\",\"item\":\"https:\/\/www.cmalleida.com\/es\/\"},{\"@type\":\"ListItem\",\"position\":2,\"name\":\"Las compa\u00f1\u00edas de seguros se lanzan a la caza del talento millennial (La Vanguardia)\"}]},{\"@type\":\"WebSite\",\"@id\":\"https:\/\/www.cmalleida.com\/es\/#website\",\"url\":\"https:\/\/www.cmalleida.com\/es\/\",\"name\":\"Col\u00b7legi de Mediadors d&#039;Assegurances de Lleida\",\"description\":\"Otro sitio realizado con WordPress\",\"publisher\":{\"@id\":\"https:\/\/www.cmalleida.com\/es\/#organization\"},\"potentialAction\":[{\"@type\":\"SearchAction\",\"target\":{\"@type\":\"EntryPoint\",\"urlTemplate\":\"https:\/\/www.cmalleida.com\/es\/?s={search_term_string}\"},\"query-input\":{\"@type\":\"PropertyValueSpecification\",\"valueRequired\":true,\"valueName\":\"search_term_string\"}}],\"inLanguage\":\"es\"},{\"@type\":\"Organization\",\"@id\":\"https:\/\/www.cmalleida.com\/es\/#organization\",\"name\":\"Col\u00b7legi de Mediadors d'Assegurances de Lleida\",\"url\":\"https:\/\/www.cmalleida.com\/es\/\",\"logo\":{\"@type\":\"ImageObject\",\"inLanguage\":\"es\",\"@id\":\"https:\/\/www.cmalleida.com\/es\/#\/schema\/logo\/image\/\",\"url\":\"\",\"contentUrl\":\"\",\"caption\":\"Col\u00b7legi de Mediadors d'Assegurances de Lleida\"},\"image\":{\"@id\":\"https:\/\/www.cmalleida.com\/es\/#\/schema\/logo\/image\/\"}},{\"@type\":\"Person\",\"@id\":\"https:\/\/www.cmalleida.com\/es\/#\/schema\/person\/bc84b7874fa5ac8a15c15a050fb3b79c\",\"name\":\"Col\u00b7legi Mediadors\",\"image\":{\"@type\":\"ImageObject\",\"inLanguage\":\"es\",\"@id\":\"https:\/\/secure.gravatar.com\/avatar\/05a66e0aafde4a91aea6f2c243b0b99b03dac1cca78dc84298f5e7e7ad4dfd33?s=96&d=mm&r=g\",\"url\":\"https:\/\/secure.gravatar.com\/avatar\/05a66e0aafde4a91aea6f2c243b0b99b03dac1cca78dc84298f5e7e7ad4dfd33?s=96&d=mm&r=g\",\"contentUrl\":\"https:\/\/secure.gravatar.com\/avatar\/05a66e0aafde4a91aea6f2c243b0b99b03dac1cca78dc84298f5e7e7ad4dfd33?s=96&d=mm&r=g\",\"caption\":\"Col\u00b7legi Mediadors\"}}]}<\/script>\n<!-- \/ Yoast SEO plugin. -->","yoast_head_json":{"title":"Las compa\u00f1\u00edas de seguros se lanzan a la caza del talento millennial (La Vanguardia) - Col\u00b7legi de Mediadors d&#039;Assegurances de Lleida","robots":{"index":"index","follow":"follow","max-snippet":"max-snippet:-1","max-image-preview":"max-image-preview:large","max-video-preview":"max-video-preview:-1"},"canonical":"https:\/\/www.cmalleida.com\/es\/las-companias-de-seguros-se-lanzan-a-la-caza-del-talento-millennial-la-vanguardia\/","og_locale":"es_ES","og_type":"article","og_title":"Las compa\u00f1\u00edas de seguros se lanzan a la caza del talento millennial (La Vanguardia) - Col\u00b7legi de Mediadors d&#039;Assegurances de Lleida","og_description":"El sector asegurador est\u00e1 decidido a\u00a0captar talento entre los j\u00f3venes profesionales\u00a0y para ello ha recurrido a historias y personas reales: \u201cAna quer\u00eda dise\u00f1ar juguetes y... Llegeix m\u00e9s","og_url":"https:\/\/www.cmalleida.com\/es\/las-companias-de-seguros-se-lanzan-a-la-caza-del-talento-millennial-la-vanguardia\/","og_site_name":"Col\u00b7legi de Mediadors d&#039;Assegurances de Lleida","article_published_time":"2018-06-22T08:52:14+00:00","og_image":[{"width":762,"height":762,"url":"https:\/\/www.cmalleida.com\/wp-content\/uploads\/cmall-lleida-actualitat-conferencia762.jpg","type":"image\/jpeg"}],"author":"Col\u00b7legi Mediadors","twitter_card":"summary_large_image","twitter_misc":{"Written by":"Col\u00b7legi Mediadors","Est. reading time":"7 minutos"},"schema":{"@context":"https:\/\/schema.org","@graph":[{"@type":"Article","@id":"https:\/\/www.cmalleida.com\/es\/las-companias-de-seguros-se-lanzan-a-la-caza-del-talento-millennial-la-vanguardia\/#article","isPartOf":{"@id":"https:\/\/www.cmalleida.com\/es\/las-companias-de-seguros-se-lanzan-a-la-caza-del-talento-millennial-la-vanguardia\/"},"author":{"name":"Col\u00b7legi Mediadors","@id":"https:\/\/www.cmalleida.com\/es\/#\/schema\/person\/bc84b7874fa5ac8a15c15a050fb3b79c"},"headline":"Las compa\u00f1\u00edas de seguros se lanzan a la caza del talento millennial (La Vanguardia)","datePublished":"2018-06-22T08:52:14+00:00","mainEntityOfPage":{"@id":"https:\/\/www.cmalleida.com\/es\/las-companias-de-seguros-se-lanzan-a-la-caza-del-talento-millennial-la-vanguardia\/"},"wordCount":1336,"publisher":{"@id":"https:\/\/www.cmalleida.com\/es\/#organization"},"image":{"@id":"https:\/\/www.cmalleida.com\/es\/las-companias-de-seguros-se-lanzan-a-la-caza-del-talento-millennial-la-vanguardia\/#primaryimage"},"thumbnailUrl":"https:\/\/www.cmalleida.com\/wp-content\/uploads\/cmall-lleida-actualitat-conferencia762.jpg","articleSection":["Actualidad"],"inLanguage":"es"},{"@type":"WebPage","@id":"https:\/\/www.cmalleida.com\/es\/las-companias-de-seguros-se-lanzan-a-la-caza-del-talento-millennial-la-vanguardia\/","url":"https:\/\/www.cmalleida.com\/es\/las-companias-de-seguros-se-lanzan-a-la-caza-del-talento-millennial-la-vanguardia\/","name":"Las compa\u00f1\u00edas de seguros se lanzan a la caza del talento millennial (La Vanguardia) - Col\u00b7legi de Mediadors d&#039;Assegurances de Lleida","isPartOf":{"@id":"https:\/\/www.cmalleida.com\/es\/#website"},"primaryImageOfPage":{"@id":"https:\/\/www.cmalleida.com\/es\/las-companias-de-seguros-se-lanzan-a-la-caza-del-talento-millennial-la-vanguardia\/#primaryimage"},"image":{"@id":"https:\/\/www.cmalleida.com\/es\/las-companias-de-seguros-se-lanzan-a-la-caza-del-talento-millennial-la-vanguardia\/#primaryimage"},"thumbnailUrl":"https:\/\/www.cmalleida.com\/wp-content\/uploads\/cmall-lleida-actualitat-conferencia762.jpg","datePublished":"2018-06-22T08:52:14+00:00","breadcrumb":{"@id":"https:\/\/www.cmalleida.com\/es\/las-companias-de-seguros-se-lanzan-a-la-caza-del-talento-millennial-la-vanguardia\/#breadcrumb"},"inLanguage":"es","potentialAction":[{"@type":"ReadAction","target":["https:\/\/www.cmalleida.com\/es\/las-companias-de-seguros-se-lanzan-a-la-caza-del-talento-millennial-la-vanguardia\/"]}]},{"@type":"ImageObject","inLanguage":"es","@id":"https:\/\/www.cmalleida.com\/es\/las-companias-de-seguros-se-lanzan-a-la-caza-del-talento-millennial-la-vanguardia\/#primaryimage","url":"https:\/\/www.cmalleida.com\/wp-content\/uploads\/cmall-lleida-actualitat-conferencia762.jpg","contentUrl":"https:\/\/www.cmalleida.com\/wp-content\/uploads\/cmall-lleida-actualitat-conferencia762.jpg","width":762,"height":762,"caption":"cmall-lleida-actualitat-conferencia762"},{"@type":"BreadcrumbList","@id":"https:\/\/www.cmalleida.com\/es\/las-companias-de-seguros-se-lanzan-a-la-caza-del-talento-millennial-la-vanguardia\/#breadcrumb","itemListElement":[{"@type":"ListItem","position":1,"name":"Inici","item":"https:\/\/www.cmalleida.com\/es\/"},{"@type":"ListItem","position":2,"name":"Las compa\u00f1\u00edas de seguros se lanzan a la caza del talento millennial (La Vanguardia)"}]},{"@type":"WebSite","@id":"https:\/\/www.cmalleida.com\/es\/#website","url":"https:\/\/www.cmalleida.com\/es\/","name":"Col\u00b7legi de Mediadors d&#039;Assegurances de Lleida","description":"Otro sitio realizado con WordPress","publisher":{"@id":"https:\/\/www.cmalleida.com\/es\/#organization"},"potentialAction":[{"@type":"SearchAction","target":{"@type":"EntryPoint","urlTemplate":"https:\/\/www.cmalleida.com\/es\/?s={search_term_string}"},"query-input":{"@type":"PropertyValueSpecification","valueRequired":true,"valueName":"search_term_string"}}],"inLanguage":"es"},{"@type":"Organization","@id":"https:\/\/www.cmalleida.com\/es\/#organization","name":"Col\u00b7legi de Mediadors d'Assegurances de Lleida","url":"https:\/\/www.cmalleida.com\/es\/","logo":{"@type":"ImageObject","inLanguage":"es","@id":"https:\/\/www.cmalleida.com\/es\/#\/schema\/logo\/image\/","url":"","contentUrl":"","caption":"Col\u00b7legi de Mediadors d'Assegurances de Lleida"},"image":{"@id":"https:\/\/www.cmalleida.com\/es\/#\/schema\/logo\/image\/"}},{"@type":"Person","@id":"https:\/\/www.cmalleida.com\/es\/#\/schema\/person\/bc84b7874fa5ac8a15c15a050fb3b79c","name":"Col\u00b7legi Mediadors","image":{"@type":"ImageObject","inLanguage":"es","@id":"https:\/\/secure.gravatar.com\/avatar\/05a66e0aafde4a91aea6f2c243b0b99b03dac1cca78dc84298f5e7e7ad4dfd33?s=96&d=mm&r=g","url":"https:\/\/secure.gravatar.com\/avatar\/05a66e0aafde4a91aea6f2c243b0b99b03dac1cca78dc84298f5e7e7ad4dfd33?s=96&d=mm&r=g","contentUrl":"https:\/\/secure.gravatar.com\/avatar\/05a66e0aafde4a91aea6f2c243b0b99b03dac1cca78dc84298f5e7e7ad4dfd33?s=96&d=mm&r=g","caption":"Col\u00b7legi Mediadors"}}]}},"_links":{"self":[{"href":"https:\/\/www.cmalleida.com\/es\/wp-json\/wp\/v2\/posts\/2779","targetHints":{"allow":["GET"]}}],"collection":[{"href":"https:\/\/www.cmalleida.com\/es\/wp-json\/wp\/v2\/posts"}],"about":[{"href":"https:\/\/www.cmalleida.com\/es\/wp-json\/wp\/v2\/types\/post"}],"author":[{"embeddable":true,"href":"https:\/\/www.cmalleida.com\/es\/wp-json\/wp\/v2\/users\/3"}],"replies":[{"embeddable":true,"href":"https:\/\/www.cmalleida.com\/es\/wp-json\/wp\/v2\/comments?post=2779"}],"version-history":[{"count":1,"href":"https:\/\/www.cmalleida.com\/es\/wp-json\/wp\/v2\/posts\/2779\/revisions"}],"predecessor-version":[{"id":2780,"href":"https:\/\/www.cmalleida.com\/es\/wp-json\/wp\/v2\/posts\/2779\/revisions\/2780"}],"wp:featuredmedia":[{"embeddable":true,"href":"https:\/\/www.cmalleida.com\/es\/wp-json\/wp\/v2\/media\/1927"}],"wp:attachment":[{"href":"https:\/\/www.cmalleida.com\/es\/wp-json\/wp\/v2\/media?parent=2779"}],"wp:term":[{"taxonomy":"category","embeddable":true,"href":"https:\/\/www.cmalleida.com\/es\/wp-json\/wp\/v2\/categories?post=2779"},{"taxonomy":"post_tag","embeddable":true,"href":"https:\/\/www.cmalleida.com\/es\/wp-json\/wp\/v2\/tags?post=2779"}],"curies":[{"name":"wp","href":"https:\/\/api.w.org\/{rel}","templated":true}]}}