{"id":2764,"date":"2018-06-22T10:25:05","date_gmt":"2018-06-22T08:25:05","guid":{"rendered":"https:\/\/www.cmalleida.com\/?p=2764"},"modified":"2018-06-22T10:25:05","modified_gmt":"2018-06-22T08:25:05","slug":"mi-seguro-me-cubre-en-caso-de-terremoto-la-vanguardia","status":"publish","type":"post","link":"https:\/\/www.cmalleida.com\/es\/mi-seguro-me-cubre-en-caso-de-terremoto-la-vanguardia\/","title":{"rendered":"\u00bfMi seguro me cubre en caso de terremoto? (La Vanguardia)"},"content":{"rendered":"<p><em>En Espa\u00f1a, es el Consorcio de Compensaci\u00f3n de Seguros es el que hace frente a los da\u00f1os causados por este tipo de riesgos extraordinarios<\/em><\/p>\n<p><strong><em>\u00a0<\/em><\/strong><strong>JOAN MORALES <\/strong><strong>Publicado a 19-06-2018 6:59<\/strong><\/p>\n<p>La ma\u00f1ana del pasado domingo 17 de junio,\u00a0<strong>los vecinos del municipio granadino de Loja sintieron que el suelo se mov\u00eda bajo sus pies<\/strong>. El terremoto, que se percibi\u00f3 levemente en el resto de la provincia de Granada y en C\u00f3rdoba y M\u00e1laga, alcanz\u00f3 una magnitud de 4.1 en la escala de Richter. En esta ocasi\u00f3n, afortunadamente, no hubo que lamentar da\u00f1os personales ni materiales. Sin embargo, \u2026 \u00bfQui\u00e9n se hubiera hecho cargo de las indemnizaciones si el temblor hubiera provocado destrozos?\u00a0<strong>\u00bfCubre el seguro este tipo de da\u00f1os?<\/strong><\/p>\n<p><strong>Espa\u00f1a es un pa\u00eds con zonas relativamente proclives a sufrir terremotos<\/strong>. Seg\u00fan se observa en el mapa de peligrosidad s\u00edsmica del Instituto Geogr\u00e1fico Nacional,\u00a0<strong>el sureste peninsular, especialmente las zonas de Granada y Murcia, es la regi\u00f3n que muestra una mayor frecuencia de fen\u00f3menos s\u00edsmicos, algunos de ellos de magnitud apreciable<\/strong>. Tambi\u00e9n el Pirineo y algunas zonas de Galicia presentan una sismicidad m\u00e1s relevante que en el resto del pa\u00eds.<\/p>\n<p>Si bien es cierto que, afortunadamente, no suelen registrarse terremotos de consecuencias graves en nuestro pa\u00eds, no es menos cierto que la frecuencia de terremotos de magnitud poco elevada es bastante destacable y que a veces se registran algunos da\u00f1os, especialmente materiales. Todo ello sin olvidar que en ocasiones la intensidad de tales fen\u00f3menos es mayor, registr\u00e1ndose da\u00f1os de mayor consideraci\u00f3n, incluso teniendo que lamentarse da\u00f1os personales. Todos tenemos en mente\u00a0<strong>el terremoto de Lorca en 2011 que alcanz\u00f3 una magnitud de 5,1 en la escala sismol\u00f3gica de magnitud de momento (M<sub>W<\/sub>) y que caus\u00f3 abundantes da\u00f1os materiales y lamentablemente el fallecimiento de nueve personas<\/strong>\u00a0y m\u00e1s de trescientos heridos, tres de ellos graves. Ello llev\u00f3 a considerar para este terremoto na intensidad de VII.<\/p>\n<p>Pero volvamos a la pregunta original:\u00a0<strong>\u00bfEstoy cubierto por mi seguro en caso de terremoto? La respuesta gen\u00e9rica es: S\u00cd.<\/strong><\/p>\n<p>En Espa\u00f1a, es el\u00a0<strong>Consorcio de Compensaci\u00f3n de Seguros\u00a0<\/strong>es el que hace frente a los da\u00f1os causados por los terremotos y otras causas recogidas en la\u00a0<strong>cobertura de Riesgos Extraordinarios\u00a0<\/strong>que garantiza este organismo. Recordemos el axioma principal:\u00a0<strong>es necesario tener contratado un seguro para gozar de la cobertura del Consorcio<\/strong>\u00a0en caso de terremoto u otro Riesgo Extraordinario como la inundaci\u00f3n, los embates de mar o el terrorismo.<\/p>\n<p>Destaquemos algunos aspectos respecto de la cobertura de Riesgos Extraordinarios:<\/p>\n<ul>\n<li><strong>Hay que estar asegurado<\/strong>. Para gozar de la \u201ccobertura de riesgos extraordinarios\u201d del Consorcio de Compensaci\u00f3n de Seguros,\u00a0<strong>es necesario que los bienes o las personas afectadas tengan contratado un seguro que cubra los da\u00f1os sobre los mismos<\/strong>. As\u00ed, un multirriesgo del hogar, de la comunidad de propietarios, del comercio o de la industria, un seguro de vida para caso de fallecimiento (tambi\u00e9n la invalidez) o un seguro de accidentes personales, en el caso de las personas, incluyen esta cobertura del Consorcio. En el caso de los veh\u00edculos a motor es suficiente que tengamos contratado el seguro de responsabilidad civil, aunque no se aseguren los da\u00f1os propios. As\u00ed pues, si la casa est\u00e1 asegurada, habr\u00e1 cobertura de riesgos extraordinarios por parte del Consorcio. Si no lo est\u00e1, no podemos abrigar esperanzas de ser indemnizados por este organismo.<\/li>\n<li><strong>No es relevante si se declara o no \u201czona catastr\u00f3fica\u201d<\/strong>. Esta es una de las confusiones que en ocasiones se generan. La noticia de una calamidad natural, suele venir acompa\u00f1ada de la informaci\u00f3n de que las autoridades locales han solicitado la declaraci\u00f3n de zona catastr\u00f3fica con la finalidad de obtener ayudas para las personas afectadas. Eso est\u00e1 muy bien, si se concede podr\u00e1n obtenerse cr\u00e9ditos blandos y ayudas. Pero la declaraci\u00f3n o no de zona catastr\u00f3fica no influir\u00e1 para nada respecto a la cobertura de riesgos extraordinarios. Si el bien o la persona afectados estaban asegurados gozar\u00e1n de ella, y si no, no.<\/li>\n<li><strong>C\u00f3mo tramitar la declaraci\u00f3n del siniestro.<\/strong>Nuestro mediador de seguros nos asesorar\u00e1 al respecto. La reclamaci\u00f3n debe ser presentada directamente al Consorcio de Compensaci\u00f3n de Seguros. Es habitual que tanto las entidades aseguradoras como las agrupaciones profesionales como los Colegios de Mediadores de Seguros pongan a disposici\u00f3n de los asegurados servicios especiales de asesoramiento con la finalidad de tramitar los siniestros con la mayor diligencia posible.<\/li>\n<\/ul>\n<p>Hay que precisar que existen\u00a0<strong>algunos ramos de seguro en los que no existe la garant\u00eda de Riesgos Extraordinarios<\/strong>. Destaquemos en este sentido el ramo de\u00a0<strong>transporte de mercanc\u00edas<\/strong>\u00a0y los de\u00a0<strong>construcci\u00f3n y montaje<\/strong>. Ello no significa que el propietario de las mercanc\u00edas o de los edificios en construcci\u00f3n no gocen de cobertura aseguradora en caso de terremoto: al no existir cobertura de Riesgos Extraordinarios\u00a0<strong>es el propio asegurador el que ofrece la cobertura<\/strong>\u00a0desde su propio contrato de seguro.<\/p>\n<h3><strong>\u00bfC\u00f3mo se miden los terremotos?<\/strong><\/h3>\n<p>Pese a que habitualmente la informaci\u00f3n que nos llega desde los medios nos informa de la magnitud de un terremoto en base a \u201cgrados en la escala de Richter\u201d, lo cierto es que desde los a\u00f1os ochenta del siglo pasado la escala que los sism\u00f3logos vienen utilizando es la \u201cescala de magnitud de momento (M<sub>W<\/sub>)\u201d, propuesta en 1979 por Thomas C. Hanks y Hiroo Kanamori.<\/p>\n<p>Esta escala coincide y contin\u00faa con los par\u00e1metros de la de Richter, teniendo la ventaja de no saturarse en los valores altos. Se trata de\u00a0<strong>escalas logar\u00edtmicas<\/strong>\u00a0(ejemplo sencillo de una escala logar\u00edtmica ser\u00eda: 1, 10, 100, 1000,\u2026 en lugar de 1, 2, 3, 4\u2026).<\/p>\n<p>En ocasiones, en las informaciones sobre las consecuencias de un terremoto se nos habla de un \u00edndice de intensidad. Debemos tener presente que mientras que la escala de\u00a0<strong>magnitud mide la energ\u00eda liberada<\/strong>\u00a0en un sismo, la escala de\u00a0<strong>intensidad es una escala cualitativa<\/strong>\u00a0de los da\u00f1os causados desde el punto de vista de las personas que ocupan el territorio.<\/p>\n<p>La\u00a0<strong>escala macros\u00edsmica europea (EMS-98) mide la intensidad<\/strong>\u00a0en 13 grados (entre ellos: I \u201cno sentido\u201d, IV \u201campliamente observado\u201d, VII \u201cda\u00f1ino\u201d, IX \u201cdestructor\u201d, XIII \u201ccompletamente devastador\u201d. De un modo parecido lo hace la m\u00e1s popular escala de Mercalli.<\/p>\n<p>Dos se\u00edsmos de\u00a0<strong>id\u00e9ntica magnitud pueden tener intensidades muy distintas<\/strong>\u00a0en funci\u00f3n del lugar en el que se produzcan, la profundidad a la que se produzca, etc.<\/p>\n<p>Veamos un ejemplo. El conocido terremoto del 11 de mayo de 2011 en Lorca del tuvo una magnitud de 5,1 M<sub>W<\/sub>\u00a0, y los da\u00f1os causados supusieron una intensidad de VII seg\u00fan el Instituto Geogr\u00e1fico Nacional.<\/p>\n<p>Un a\u00f1o antes, el 11 de abril de 2010 se produjo en Albu\u00f1uelas (Granada) un terremoto con una magnitud 6,3 M<sub>W<\/sub>, bastante superior: recordemos que esta escala de magnitud es logar\u00edtmica), pero al haberse producido a una gran su profundidad (610 Km), las consecuencias fueron m\u00ednimas, calific\u00e1ndose de intensidad II (\u201capenas sentido\u201d), seg\u00fan inform\u00f3 la Universidad de Granada.<\/p>\n<p>&nbsp;<\/p>\n","protected":false},"excerpt":{"rendered":"<p>En Espa\u00f1a, es el Consorcio de Compensaci\u00f3n de Seguros es el que hace frente a los da\u00f1os causados por este tipo de riesgos extraordinarios \u00a0JOAN&#8230; <a href=\"https:\/\/www.cmalleida.com\/es\/mi-seguro-me-cubre-en-caso-de-terremoto-la-vanguardia\/\" rel=\"nofollow\" class=\"lollegirmes\">Llegeix m\u00e9s<\/a><\/p>\n","protected":false},"author":3,"featured_media":2142,"comment_status":"closed","ping_status":"closed","sticky":false,"template":"","format":"standard","meta":{"_acf_changed":false,"_genesis_hide_title":false,"_genesis_hide_breadcrumbs":false,"_genesis_hide_singular_image":false,"_genesis_hide_footer_widgets":false,"_genesis_custom_body_class":"","_genesis_custom_post_class":"","_genesis_layout":"","footnotes":""},"categories":[28,62],"tags":[],"class_list":{"0":"post-2764","1":"post","2":"type-post","3":"status-publish","4":"format-standard","5":"has-post-thumbnail","7":"category-actualidad","8":"category-sinistres-es","9":"entry"},"acf":[],"yoast_head":"<!-- This site is optimized with the Yoast SEO plugin v27.2 - https:\/\/yoast.com\/product\/yoast-seo-wordpress\/ -->\n<title>\u00bfMi seguro me cubre en caso de terremoto? (La Vanguardia) - Col\u00b7legi de Mediadors d&#039;Assegurances de Lleida<\/title>\n<meta name=\"robots\" content=\"index, follow, max-snippet:-1, max-image-preview:large, max-video-preview:-1\" \/>\n<link rel=\"canonical\" href=\"https:\/\/www.cmalleida.com\/es\/mi-seguro-me-cubre-en-caso-de-terremoto-la-vanguardia\/\" \/>\n<meta property=\"og:locale\" content=\"es_ES\" \/>\n<meta property=\"og:type\" content=\"article\" \/>\n<meta property=\"og:title\" content=\"\u00bfMi seguro me cubre en caso de terremoto? (La Vanguardia) - Col\u00b7legi de Mediadors d&#039;Assegurances de Lleida\" \/>\n<meta property=\"og:description\" content=\"En Espa\u00f1a, es el Consorcio de Compensaci\u00f3n de Seguros es el que hace frente a los da\u00f1os causados por este tipo de riesgos extraordinarios \u00a0JOAN... Llegeix m\u00e9s\" \/>\n<meta property=\"og:url\" content=\"https:\/\/www.cmalleida.com\/es\/mi-seguro-me-cubre-en-caso-de-terremoto-la-vanguardia\/\" \/>\n<meta property=\"og:site_name\" content=\"Col\u00b7legi de Mediadors d&#039;Assegurances de Lleida\" \/>\n<meta property=\"article:published_time\" content=\"2018-06-22T08:25:05+00:00\" \/>\n<meta property=\"og:image\" content=\"https:\/\/www.cmalleida.com\/wp-content\/uploads\/cmall-lleida-actualitat-ciclon762.jpg\" \/>\n\t<meta property=\"og:image:width\" content=\"762\" \/>\n\t<meta property=\"og:image:height\" content=\"762\" \/>\n\t<meta property=\"og:image:type\" content=\"image\/jpeg\" \/>\n<meta name=\"author\" content=\"Col\u00b7legi Mediadors\" \/>\n<meta name=\"twitter:card\" content=\"summary_large_image\" \/>\n<meta name=\"twitter:label1\" content=\"Written by\" \/>\n\t<meta name=\"twitter:data1\" content=\"Col\u00b7legi Mediadors\" \/>\n\t<meta name=\"twitter:label2\" content=\"Est. reading time\" \/>\n\t<meta name=\"twitter:data2\" content=\"6 minutos\" \/>\n<script type=\"application\/ld+json\" class=\"yoast-schema-graph\">{\"@context\":\"https:\/\/schema.org\",\"@graph\":[{\"@type\":\"Article\",\"@id\":\"https:\/\/www.cmalleida.com\/es\/mi-seguro-me-cubre-en-caso-de-terremoto-la-vanguardia\/#article\",\"isPartOf\":{\"@id\":\"https:\/\/www.cmalleida.com\/es\/mi-seguro-me-cubre-en-caso-de-terremoto-la-vanguardia\/\"},\"author\":{\"name\":\"Col\u00b7legi Mediadors\",\"@id\":\"https:\/\/www.cmalleida.com\/es\/#\/schema\/person\/bc84b7874fa5ac8a15c15a050fb3b79c\"},\"headline\":\"\u00bfMi seguro me cubre en caso de terremoto? (La Vanguardia)\",\"datePublished\":\"2018-06-22T08:25:05+00:00\",\"mainEntityOfPage\":{\"@id\":\"https:\/\/www.cmalleida.com\/es\/mi-seguro-me-cubre-en-caso-de-terremoto-la-vanguardia\/\"},\"wordCount\":1211,\"publisher\":{\"@id\":\"https:\/\/www.cmalleida.com\/es\/#organization\"},\"image\":{\"@id\":\"https:\/\/www.cmalleida.com\/es\/mi-seguro-me-cubre-en-caso-de-terremoto-la-vanguardia\/#primaryimage\"},\"thumbnailUrl\":\"https:\/\/www.cmalleida.com\/wp-content\/uploads\/cmall-lleida-actualitat-ciclon762.jpg\",\"articleSection\":[\"Actualidad\",\"Sinistres\"],\"inLanguage\":\"es\"},{\"@type\":\"WebPage\",\"@id\":\"https:\/\/www.cmalleida.com\/es\/mi-seguro-me-cubre-en-caso-de-terremoto-la-vanguardia\/\",\"url\":\"https:\/\/www.cmalleida.com\/es\/mi-seguro-me-cubre-en-caso-de-terremoto-la-vanguardia\/\",\"name\":\"\u00bfMi seguro me cubre en caso de terremoto? (La Vanguardia) - Col\u00b7legi de Mediadors d&#039;Assegurances de Lleida\",\"isPartOf\":{\"@id\":\"https:\/\/www.cmalleida.com\/es\/#website\"},\"primaryImageOfPage\":{\"@id\":\"https:\/\/www.cmalleida.com\/es\/mi-seguro-me-cubre-en-caso-de-terremoto-la-vanguardia\/#primaryimage\"},\"image\":{\"@id\":\"https:\/\/www.cmalleida.com\/es\/mi-seguro-me-cubre-en-caso-de-terremoto-la-vanguardia\/#primaryimage\"},\"thumbnailUrl\":\"https:\/\/www.cmalleida.com\/wp-content\/uploads\/cmall-lleida-actualitat-ciclon762.jpg\",\"datePublished\":\"2018-06-22T08:25:05+00:00\",\"breadcrumb\":{\"@id\":\"https:\/\/www.cmalleida.com\/es\/mi-seguro-me-cubre-en-caso-de-terremoto-la-vanguardia\/#breadcrumb\"},\"inLanguage\":\"es\",\"potentialAction\":[{\"@type\":\"ReadAction\",\"target\":[\"https:\/\/www.cmalleida.com\/es\/mi-seguro-me-cubre-en-caso-de-terremoto-la-vanguardia\/\"]}]},{\"@type\":\"ImageObject\",\"inLanguage\":\"es\",\"@id\":\"https:\/\/www.cmalleida.com\/es\/mi-seguro-me-cubre-en-caso-de-terremoto-la-vanguardia\/#primaryimage\",\"url\":\"https:\/\/www.cmalleida.com\/wp-content\/uploads\/cmall-lleida-actualitat-ciclon762.jpg\",\"contentUrl\":\"https:\/\/www.cmalleida.com\/wp-content\/uploads\/cmall-lleida-actualitat-ciclon762.jpg\",\"width\":762,\"height\":762,\"caption\":\"cmall-lleida-actualitat-ciclon762\"},{\"@type\":\"BreadcrumbList\",\"@id\":\"https:\/\/www.cmalleida.com\/es\/mi-seguro-me-cubre-en-caso-de-terremoto-la-vanguardia\/#breadcrumb\",\"itemListElement\":[{\"@type\":\"ListItem\",\"position\":1,\"name\":\"Inici\",\"item\":\"https:\/\/www.cmalleida.com\/es\/\"},{\"@type\":\"ListItem\",\"position\":2,\"name\":\"\u00bfMi seguro me cubre en caso de terremoto? (La Vanguardia)\"}]},{\"@type\":\"WebSite\",\"@id\":\"https:\/\/www.cmalleida.com\/es\/#website\",\"url\":\"https:\/\/www.cmalleida.com\/es\/\",\"name\":\"Col\u00b7legi de Mediadors d&#039;Assegurances de Lleida\",\"description\":\"Otro sitio realizado con WordPress\",\"publisher\":{\"@id\":\"https:\/\/www.cmalleida.com\/es\/#organization\"},\"potentialAction\":[{\"@type\":\"SearchAction\",\"target\":{\"@type\":\"EntryPoint\",\"urlTemplate\":\"https:\/\/www.cmalleida.com\/es\/?s={search_term_string}\"},\"query-input\":{\"@type\":\"PropertyValueSpecification\",\"valueRequired\":true,\"valueName\":\"search_term_string\"}}],\"inLanguage\":\"es\"},{\"@type\":\"Organization\",\"@id\":\"https:\/\/www.cmalleida.com\/es\/#organization\",\"name\":\"Col\u00b7legi de Mediadors d'Assegurances de Lleida\",\"url\":\"https:\/\/www.cmalleida.com\/es\/\",\"logo\":{\"@type\":\"ImageObject\",\"inLanguage\":\"es\",\"@id\":\"https:\/\/www.cmalleida.com\/es\/#\/schema\/logo\/image\/\",\"url\":\"\",\"contentUrl\":\"\",\"caption\":\"Col\u00b7legi de Mediadors d'Assegurances de Lleida\"},\"image\":{\"@id\":\"https:\/\/www.cmalleida.com\/es\/#\/schema\/logo\/image\/\"}},{\"@type\":\"Person\",\"@id\":\"https:\/\/www.cmalleida.com\/es\/#\/schema\/person\/bc84b7874fa5ac8a15c15a050fb3b79c\",\"name\":\"Col\u00b7legi Mediadors\",\"image\":{\"@type\":\"ImageObject\",\"inLanguage\":\"es\",\"@id\":\"https:\/\/secure.gravatar.com\/avatar\/05a66e0aafde4a91aea6f2c243b0b99b03dac1cca78dc84298f5e7e7ad4dfd33?s=96&d=mm&r=g\",\"url\":\"https:\/\/secure.gravatar.com\/avatar\/05a66e0aafde4a91aea6f2c243b0b99b03dac1cca78dc84298f5e7e7ad4dfd33?s=96&d=mm&r=g\",\"contentUrl\":\"https:\/\/secure.gravatar.com\/avatar\/05a66e0aafde4a91aea6f2c243b0b99b03dac1cca78dc84298f5e7e7ad4dfd33?s=96&d=mm&r=g\",\"caption\":\"Col\u00b7legi Mediadors\"}}]}<\/script>\n<!-- \/ Yoast SEO plugin. -->","yoast_head_json":{"title":"\u00bfMi seguro me cubre en caso de terremoto? (La Vanguardia) - Col\u00b7legi de Mediadors d&#039;Assegurances de Lleida","robots":{"index":"index","follow":"follow","max-snippet":"max-snippet:-1","max-image-preview":"max-image-preview:large","max-video-preview":"max-video-preview:-1"},"canonical":"https:\/\/www.cmalleida.com\/es\/mi-seguro-me-cubre-en-caso-de-terremoto-la-vanguardia\/","og_locale":"es_ES","og_type":"article","og_title":"\u00bfMi seguro me cubre en caso de terremoto? (La Vanguardia) - Col\u00b7legi de Mediadors d&#039;Assegurances de Lleida","og_description":"En Espa\u00f1a, es el Consorcio de Compensaci\u00f3n de Seguros es el que hace frente a los da\u00f1os causados por este tipo de riesgos extraordinarios \u00a0JOAN... Llegeix m\u00e9s","og_url":"https:\/\/www.cmalleida.com\/es\/mi-seguro-me-cubre-en-caso-de-terremoto-la-vanguardia\/","og_site_name":"Col\u00b7legi de Mediadors d&#039;Assegurances de Lleida","article_published_time":"2018-06-22T08:25:05+00:00","og_image":[{"width":762,"height":762,"url":"https:\/\/www.cmalleida.com\/wp-content\/uploads\/cmall-lleida-actualitat-ciclon762.jpg","type":"image\/jpeg"}],"author":"Col\u00b7legi Mediadors","twitter_card":"summary_large_image","twitter_misc":{"Written by":"Col\u00b7legi Mediadors","Est. reading time":"6 minutos"},"schema":{"@context":"https:\/\/schema.org","@graph":[{"@type":"Article","@id":"https:\/\/www.cmalleida.com\/es\/mi-seguro-me-cubre-en-caso-de-terremoto-la-vanguardia\/#article","isPartOf":{"@id":"https:\/\/www.cmalleida.com\/es\/mi-seguro-me-cubre-en-caso-de-terremoto-la-vanguardia\/"},"author":{"name":"Col\u00b7legi Mediadors","@id":"https:\/\/www.cmalleida.com\/es\/#\/schema\/person\/bc84b7874fa5ac8a15c15a050fb3b79c"},"headline":"\u00bfMi seguro me cubre en caso de terremoto? (La Vanguardia)","datePublished":"2018-06-22T08:25:05+00:00","mainEntityOfPage":{"@id":"https:\/\/www.cmalleida.com\/es\/mi-seguro-me-cubre-en-caso-de-terremoto-la-vanguardia\/"},"wordCount":1211,"publisher":{"@id":"https:\/\/www.cmalleida.com\/es\/#organization"},"image":{"@id":"https:\/\/www.cmalleida.com\/es\/mi-seguro-me-cubre-en-caso-de-terremoto-la-vanguardia\/#primaryimage"},"thumbnailUrl":"https:\/\/www.cmalleida.com\/wp-content\/uploads\/cmall-lleida-actualitat-ciclon762.jpg","articleSection":["Actualidad","Sinistres"],"inLanguage":"es"},{"@type":"WebPage","@id":"https:\/\/www.cmalleida.com\/es\/mi-seguro-me-cubre-en-caso-de-terremoto-la-vanguardia\/","url":"https:\/\/www.cmalleida.com\/es\/mi-seguro-me-cubre-en-caso-de-terremoto-la-vanguardia\/","name":"\u00bfMi seguro me cubre en caso de terremoto? (La Vanguardia) - Col\u00b7legi de Mediadors d&#039;Assegurances de Lleida","isPartOf":{"@id":"https:\/\/www.cmalleida.com\/es\/#website"},"primaryImageOfPage":{"@id":"https:\/\/www.cmalleida.com\/es\/mi-seguro-me-cubre-en-caso-de-terremoto-la-vanguardia\/#primaryimage"},"image":{"@id":"https:\/\/www.cmalleida.com\/es\/mi-seguro-me-cubre-en-caso-de-terremoto-la-vanguardia\/#primaryimage"},"thumbnailUrl":"https:\/\/www.cmalleida.com\/wp-content\/uploads\/cmall-lleida-actualitat-ciclon762.jpg","datePublished":"2018-06-22T08:25:05+00:00","breadcrumb":{"@id":"https:\/\/www.cmalleida.com\/es\/mi-seguro-me-cubre-en-caso-de-terremoto-la-vanguardia\/#breadcrumb"},"inLanguage":"es","potentialAction":[{"@type":"ReadAction","target":["https:\/\/www.cmalleida.com\/es\/mi-seguro-me-cubre-en-caso-de-terremoto-la-vanguardia\/"]}]},{"@type":"ImageObject","inLanguage":"es","@id":"https:\/\/www.cmalleida.com\/es\/mi-seguro-me-cubre-en-caso-de-terremoto-la-vanguardia\/#primaryimage","url":"https:\/\/www.cmalleida.com\/wp-content\/uploads\/cmall-lleida-actualitat-ciclon762.jpg","contentUrl":"https:\/\/www.cmalleida.com\/wp-content\/uploads\/cmall-lleida-actualitat-ciclon762.jpg","width":762,"height":762,"caption":"cmall-lleida-actualitat-ciclon762"},{"@type":"BreadcrumbList","@id":"https:\/\/www.cmalleida.com\/es\/mi-seguro-me-cubre-en-caso-de-terremoto-la-vanguardia\/#breadcrumb","itemListElement":[{"@type":"ListItem","position":1,"name":"Inici","item":"https:\/\/www.cmalleida.com\/es\/"},{"@type":"ListItem","position":2,"name":"\u00bfMi seguro me cubre en caso de terremoto? (La Vanguardia)"}]},{"@type":"WebSite","@id":"https:\/\/www.cmalleida.com\/es\/#website","url":"https:\/\/www.cmalleida.com\/es\/","name":"Col\u00b7legi de Mediadors d&#039;Assegurances de Lleida","description":"Otro sitio realizado con WordPress","publisher":{"@id":"https:\/\/www.cmalleida.com\/es\/#organization"},"potentialAction":[{"@type":"SearchAction","target":{"@type":"EntryPoint","urlTemplate":"https:\/\/www.cmalleida.com\/es\/?s={search_term_string}"},"query-input":{"@type":"PropertyValueSpecification","valueRequired":true,"valueName":"search_term_string"}}],"inLanguage":"es"},{"@type":"Organization","@id":"https:\/\/www.cmalleida.com\/es\/#organization","name":"Col\u00b7legi de Mediadors d'Assegurances de Lleida","url":"https:\/\/www.cmalleida.com\/es\/","logo":{"@type":"ImageObject","inLanguage":"es","@id":"https:\/\/www.cmalleida.com\/es\/#\/schema\/logo\/image\/","url":"","contentUrl":"","caption":"Col\u00b7legi de Mediadors d'Assegurances de Lleida"},"image":{"@id":"https:\/\/www.cmalleida.com\/es\/#\/schema\/logo\/image\/"}},{"@type":"Person","@id":"https:\/\/www.cmalleida.com\/es\/#\/schema\/person\/bc84b7874fa5ac8a15c15a050fb3b79c","name":"Col\u00b7legi Mediadors","image":{"@type":"ImageObject","inLanguage":"es","@id":"https:\/\/secure.gravatar.com\/avatar\/05a66e0aafde4a91aea6f2c243b0b99b03dac1cca78dc84298f5e7e7ad4dfd33?s=96&d=mm&r=g","url":"https:\/\/secure.gravatar.com\/avatar\/05a66e0aafde4a91aea6f2c243b0b99b03dac1cca78dc84298f5e7e7ad4dfd33?s=96&d=mm&r=g","contentUrl":"https:\/\/secure.gravatar.com\/avatar\/05a66e0aafde4a91aea6f2c243b0b99b03dac1cca78dc84298f5e7e7ad4dfd33?s=96&d=mm&r=g","caption":"Col\u00b7legi Mediadors"}}]}},"_links":{"self":[{"href":"https:\/\/www.cmalleida.com\/es\/wp-json\/wp\/v2\/posts\/2764","targetHints":{"allow":["GET"]}}],"collection":[{"href":"https:\/\/www.cmalleida.com\/es\/wp-json\/wp\/v2\/posts"}],"about":[{"href":"https:\/\/www.cmalleida.com\/es\/wp-json\/wp\/v2\/types\/post"}],"author":[{"embeddable":true,"href":"https:\/\/www.cmalleida.com\/es\/wp-json\/wp\/v2\/users\/3"}],"replies":[{"embeddable":true,"href":"https:\/\/www.cmalleida.com\/es\/wp-json\/wp\/v2\/comments?post=2764"}],"version-history":[{"count":1,"href":"https:\/\/www.cmalleida.com\/es\/wp-json\/wp\/v2\/posts\/2764\/revisions"}],"predecessor-version":[{"id":2765,"href":"https:\/\/www.cmalleida.com\/es\/wp-json\/wp\/v2\/posts\/2764\/revisions\/2765"}],"wp:featuredmedia":[{"embeddable":true,"href":"https:\/\/www.cmalleida.com\/es\/wp-json\/wp\/v2\/media\/2142"}],"wp:attachment":[{"href":"https:\/\/www.cmalleida.com\/es\/wp-json\/wp\/v2\/media?parent=2764"}],"wp:term":[{"taxonomy":"category","embeddable":true,"href":"https:\/\/www.cmalleida.com\/es\/wp-json\/wp\/v2\/categories?post=2764"},{"taxonomy":"post_tag","embeddable":true,"href":"https:\/\/www.cmalleida.com\/es\/wp-json\/wp\/v2\/tags?post=2764"}],"curies":[{"name":"wp","href":"https:\/\/api.w.org\/{rel}","templated":true}]}}