{"id":2678,"date":"2018-06-08T10:05:41","date_gmt":"2018-06-08T08:05:41","guid":{"rendered":"https:\/\/www.cmalleida.com\/?p=2678"},"modified":"2018-06-08T10:05:41","modified_gmt":"2018-06-08T08:05:41","slug":"la-demanda-de-formacion-del-sector-inmobiliario-para-comercializar-seguros-crece-en-el-ultimo-ano-eleconomista","status":"publish","type":"post","link":"https:\/\/www.cmalleida.com\/es\/la-demanda-de-formacion-del-sector-inmobiliario-para-comercializar-seguros-crece-en-el-ultimo-ano-eleconomista\/","title":{"rendered":"La demanda de formaci\u00f3n del sector inmobiliario para comercializar seguros crece en el \u00faltimo a\u00f1o (elEconomista)"},"content":{"rendered":"<p><em>La demanda de formaci\u00f3n acreditada y certificada de los profesionales inmobiliarios que les permite comercializar seguros cada vez es mayor y ha crecido con fuerza en el \u00faltimo a\u00f1o, seg\u00fan Arrenta Quarto Pilar.<\/em><\/p>\n<p>MADRID, 4 (EUROPA PRESS)<\/p>\n<p>La compa\u00f1\u00eda explica que la raz\u00f3n del aumento del inter\u00e9s de las agencias inmobiliarias por comercializar seguros y, consecuentemente, de recibir la formaci\u00f3n adecuada es que estos productos les asegura un importante crecimiento sostenido en el tiempo de su facturaci\u00f3n de m\u00e1s del 5%.<\/p>\n<p>Para satisfacer adecuadamente dicha necesidad, Arrenta Quarto Pilar se ha aliado con las grandes de los seguros multirriesgo, como Liberty, Mapfre o Fidelidad. La corredur\u00eda acaba de celebrar un curso de formaci\u00f3n junto con Liberty en la sede de la aseguradora que ha contado con la presencia de m\u00e1s 50 profesionales.<\/p>\n<p>Seg\u00fan Arrenta Quarto Pilar, el potencial de crecimiento de los seguros en el sector inmobiliario puede ser mayor, en la medida que se sigan introduciendo nuevos tipos de p\u00f3lizas, gestionen adecuadamente las carteras de clientes y logren incrementar las ratios de fidelizaci\u00f3n.<\/p>\n<p>La directora general de la compa\u00f1\u00eda, Mercedes Robles, subraya que \u00abla comercializaci\u00f3n de seguros s\u00f3lo puede realizarse por profesionales con lo capacitaci\u00f3n adecuada y certificada.<\/p>\n<p>Adem\u00e1s de ofrecer formaci\u00f3n gratuita certificada, asesora sobre las coberturas necesarias para cada tipo de inmueble y t\u00e9cnicas de marketing inmobiliario. Los cursos que Arrenta Quarto Pilar est\u00e1 impartiendo se centran en los seguros de impago del alquiler, as\u00ed como p\u00f3lizas para el hogar, comercio y edificios.<\/p>\n<p>&nbsp;<\/p>\n","protected":false},"excerpt":{"rendered":"<p>La demanda de formaci\u00f3n acreditada y certificada de los profesionales inmobiliarios que les permite comercializar seguros cada vez es mayor y ha crecido con fuerza&#8230; <a href=\"https:\/\/www.cmalleida.com\/es\/la-demanda-de-formacion-del-sector-inmobiliario-para-comercializar-seguros-crece-en-el-ultimo-ano-eleconomista\/\" rel=\"nofollow\" class=\"lollegirmes\">Llegeix m\u00e9s<\/a><\/p>\n","protected":false},"author":3,"featured_media":1895,"comment_status":"closed","ping_status":"closed","sticky":false,"template":"","format":"standard","meta":{"_acf_changed":false,"_genesis_hide_title":false,"_genesis_hide_breadcrumbs":false,"_genesis_hide_singular_image":false,"_genesis_hide_footer_widgets":false,"_genesis_custom_body_class":"","_genesis_custom_post_class":"","_genesis_layout":"","footnotes":""},"categories":[28],"tags":[],"class_list":{"0":"post-2678","1":"post","2":"type-post","3":"status-publish","4":"format-standard","5":"has-post-thumbnail","7":"category-actualidad","8":"entry"},"acf":[],"yoast_head":"<!-- This site is optimized with the Yoast SEO plugin v27.2 - https:\/\/yoast.com\/product\/yoast-seo-wordpress\/ -->\n<title>La demanda de formaci\u00f3n del sector inmobiliario para comercializar seguros crece en el \u00faltimo a\u00f1o (elEconomista) - Col\u00b7legi de Mediadors d&#039;Assegurances de Lleida<\/title>\n<meta name=\"robots\" content=\"index, follow, max-snippet:-1, max-image-preview:large, max-video-preview:-1\" \/>\n<link rel=\"canonical\" href=\"https:\/\/www.cmalleida.com\/es\/la-demanda-de-formacion-del-sector-inmobiliario-para-comercializar-seguros-crece-en-el-ultimo-ano-eleconomista\/\" \/>\n<meta property=\"og:locale\" content=\"es_ES\" \/>\n<meta property=\"og:type\" content=\"article\" \/>\n<meta property=\"og:title\" content=\"La demanda de formaci\u00f3n del sector inmobiliario para comercializar seguros crece en el \u00faltimo a\u00f1o (elEconomista) - Col\u00b7legi de Mediadors d&#039;Assegurances de Lleida\" \/>\n<meta property=\"og:description\" content=\"La demanda de formaci\u00f3n acreditada y certificada de los profesionales inmobiliarios que les permite comercializar seguros cada vez es mayor y ha crecido con fuerza... Llegeix m\u00e9s\" \/>\n<meta property=\"og:url\" content=\"https:\/\/www.cmalleida.com\/es\/la-demanda-de-formacion-del-sector-inmobiliario-para-comercializar-seguros-crece-en-el-ultimo-ano-eleconomista\/\" \/>\n<meta property=\"og:site_name\" content=\"Col\u00b7legi de Mediadors d&#039;Assegurances de Lleida\" \/>\n<meta property=\"article:published_time\" content=\"2018-06-08T08:05:41+00:00\" \/>\n<meta property=\"og:image\" content=\"https:\/\/www.cmalleida.com\/wp-content\/uploads\/cmall-lleida-actualitat-llibre762.jpg\" \/>\n\t<meta property=\"og:image:width\" content=\"762\" \/>\n\t<meta property=\"og:image:height\" content=\"762\" \/>\n\t<meta property=\"og:image:type\" content=\"image\/jpeg\" \/>\n<meta name=\"author\" content=\"Col\u00b7legi Mediadors\" \/>\n<meta name=\"twitter:card\" content=\"summary_large_image\" \/>\n<meta name=\"twitter:label1\" content=\"Written by\" \/>\n\t<meta name=\"twitter:data1\" content=\"Col\u00b7legi Mediadors\" \/>\n\t<meta name=\"twitter:label2\" content=\"Est. reading time\" \/>\n\t<meta name=\"twitter:data2\" content=\"1 minuto\" \/>\n<script type=\"application\/ld+json\" class=\"yoast-schema-graph\">{\"@context\":\"https:\/\/schema.org\",\"@graph\":[{\"@type\":\"Article\",\"@id\":\"https:\/\/www.cmalleida.com\/es\/la-demanda-de-formacion-del-sector-inmobiliario-para-comercializar-seguros-crece-en-el-ultimo-ano-eleconomista\/#article\",\"isPartOf\":{\"@id\":\"https:\/\/www.cmalleida.com\/es\/la-demanda-de-formacion-del-sector-inmobiliario-para-comercializar-seguros-crece-en-el-ultimo-ano-eleconomista\/\"},\"author\":{\"name\":\"Col\u00b7legi Mediadors\",\"@id\":\"https:\/\/www.cmalleida.com\/es\/#\/schema\/person\/bc84b7874fa5ac8a15c15a050fb3b79c\"},\"headline\":\"La demanda de formaci\u00f3n del sector inmobiliario para comercializar seguros crece en el \u00faltimo a\u00f1o (elEconomista)\",\"datePublished\":\"2018-06-08T08:05:41+00:00\",\"mainEntityOfPage\":{\"@id\":\"https:\/\/www.cmalleida.com\/es\/la-demanda-de-formacion-del-sector-inmobiliario-para-comercializar-seguros-crece-en-el-ultimo-ano-eleconomista\/\"},\"wordCount\":285,\"publisher\":{\"@id\":\"https:\/\/www.cmalleida.com\/es\/#organization\"},\"image\":{\"@id\":\"https:\/\/www.cmalleida.com\/es\/la-demanda-de-formacion-del-sector-inmobiliario-para-comercializar-seguros-crece-en-el-ultimo-ano-eleconomista\/#primaryimage\"},\"thumbnailUrl\":\"https:\/\/www.cmalleida.com\/wp-content\/uploads\/cmall-lleida-actualitat-llibre762.jpg\",\"articleSection\":[\"Actualidad\"],\"inLanguage\":\"es\"},{\"@type\":\"WebPage\",\"@id\":\"https:\/\/www.cmalleida.com\/es\/la-demanda-de-formacion-del-sector-inmobiliario-para-comercializar-seguros-crece-en-el-ultimo-ano-eleconomista\/\",\"url\":\"https:\/\/www.cmalleida.com\/es\/la-demanda-de-formacion-del-sector-inmobiliario-para-comercializar-seguros-crece-en-el-ultimo-ano-eleconomista\/\",\"name\":\"La demanda de formaci\u00f3n del sector inmobiliario para comercializar seguros crece en el \u00faltimo a\u00f1o (elEconomista) - Col\u00b7legi de Mediadors d&#039;Assegurances de Lleida\",\"isPartOf\":{\"@id\":\"https:\/\/www.cmalleida.com\/es\/#website\"},\"primaryImageOfPage\":{\"@id\":\"https:\/\/www.cmalleida.com\/es\/la-demanda-de-formacion-del-sector-inmobiliario-para-comercializar-seguros-crece-en-el-ultimo-ano-eleconomista\/#primaryimage\"},\"image\":{\"@id\":\"https:\/\/www.cmalleida.com\/es\/la-demanda-de-formacion-del-sector-inmobiliario-para-comercializar-seguros-crece-en-el-ultimo-ano-eleconomista\/#primaryimage\"},\"thumbnailUrl\":\"https:\/\/www.cmalleida.com\/wp-content\/uploads\/cmall-lleida-actualitat-llibre762.jpg\",\"datePublished\":\"2018-06-08T08:05:41+00:00\",\"breadcrumb\":{\"@id\":\"https:\/\/www.cmalleida.com\/es\/la-demanda-de-formacion-del-sector-inmobiliario-para-comercializar-seguros-crece-en-el-ultimo-ano-eleconomista\/#breadcrumb\"},\"inLanguage\":\"es\",\"potentialAction\":[{\"@type\":\"ReadAction\",\"target\":[\"https:\/\/www.cmalleida.com\/es\/la-demanda-de-formacion-del-sector-inmobiliario-para-comercializar-seguros-crece-en-el-ultimo-ano-eleconomista\/\"]}]},{\"@type\":\"ImageObject\",\"inLanguage\":\"es\",\"@id\":\"https:\/\/www.cmalleida.com\/es\/la-demanda-de-formacion-del-sector-inmobiliario-para-comercializar-seguros-crece-en-el-ultimo-ano-eleconomista\/#primaryimage\",\"url\":\"https:\/\/www.cmalleida.com\/wp-content\/uploads\/cmall-lleida-actualitat-llibre762.jpg\",\"contentUrl\":\"https:\/\/www.cmalleida.com\/wp-content\/uploads\/cmall-lleida-actualitat-llibre762.jpg\",\"width\":762,\"height\":762,\"caption\":\"cmall-lleida-actualitat-LLIBRE762\"},{\"@type\":\"BreadcrumbList\",\"@id\":\"https:\/\/www.cmalleida.com\/es\/la-demanda-de-formacion-del-sector-inmobiliario-para-comercializar-seguros-crece-en-el-ultimo-ano-eleconomista\/#breadcrumb\",\"itemListElement\":[{\"@type\":\"ListItem\",\"position\":1,\"name\":\"Inici\",\"item\":\"https:\/\/www.cmalleida.com\/es\/\"},{\"@type\":\"ListItem\",\"position\":2,\"name\":\"La demanda de formaci\u00f3n del sector inmobiliario para comercializar seguros crece en el \u00faltimo a\u00f1o (elEconomista)\"}]},{\"@type\":\"WebSite\",\"@id\":\"https:\/\/www.cmalleida.com\/es\/#website\",\"url\":\"https:\/\/www.cmalleida.com\/es\/\",\"name\":\"Col\u00b7legi de Mediadors d&#039;Assegurances de Lleida\",\"description\":\"Otro sitio realizado con WordPress\",\"publisher\":{\"@id\":\"https:\/\/www.cmalleida.com\/es\/#organization\"},\"potentialAction\":[{\"@type\":\"SearchAction\",\"target\":{\"@type\":\"EntryPoint\",\"urlTemplate\":\"https:\/\/www.cmalleida.com\/es\/?s={search_term_string}\"},\"query-input\":{\"@type\":\"PropertyValueSpecification\",\"valueRequired\":true,\"valueName\":\"search_term_string\"}}],\"inLanguage\":\"es\"},{\"@type\":\"Organization\",\"@id\":\"https:\/\/www.cmalleida.com\/es\/#organization\",\"name\":\"Col\u00b7legi de Mediadors d'Assegurances de Lleida\",\"url\":\"https:\/\/www.cmalleida.com\/es\/\",\"logo\":{\"@type\":\"ImageObject\",\"inLanguage\":\"es\",\"@id\":\"https:\/\/www.cmalleida.com\/es\/#\/schema\/logo\/image\/\",\"url\":\"\",\"contentUrl\":\"\",\"caption\":\"Col\u00b7legi de Mediadors d'Assegurances de Lleida\"},\"image\":{\"@id\":\"https:\/\/www.cmalleida.com\/es\/#\/schema\/logo\/image\/\"}},{\"@type\":\"Person\",\"@id\":\"https:\/\/www.cmalleida.com\/es\/#\/schema\/person\/bc84b7874fa5ac8a15c15a050fb3b79c\",\"name\":\"Col\u00b7legi Mediadors\",\"image\":{\"@type\":\"ImageObject\",\"inLanguage\":\"es\",\"@id\":\"https:\/\/secure.gravatar.com\/avatar\/05a66e0aafde4a91aea6f2c243b0b99b03dac1cca78dc84298f5e7e7ad4dfd33?s=96&d=mm&r=g\",\"url\":\"https:\/\/secure.gravatar.com\/avatar\/05a66e0aafde4a91aea6f2c243b0b99b03dac1cca78dc84298f5e7e7ad4dfd33?s=96&d=mm&r=g\",\"contentUrl\":\"https:\/\/secure.gravatar.com\/avatar\/05a66e0aafde4a91aea6f2c243b0b99b03dac1cca78dc84298f5e7e7ad4dfd33?s=96&d=mm&r=g\",\"caption\":\"Col\u00b7legi Mediadors\"}}]}<\/script>\n<!-- \/ Yoast SEO plugin. -->","yoast_head_json":{"title":"La demanda de formaci\u00f3n del sector inmobiliario para comercializar seguros crece en el \u00faltimo a\u00f1o (elEconomista) - Col\u00b7legi de Mediadors d&#039;Assegurances de Lleida","robots":{"index":"index","follow":"follow","max-snippet":"max-snippet:-1","max-image-preview":"max-image-preview:large","max-video-preview":"max-video-preview:-1"},"canonical":"https:\/\/www.cmalleida.com\/es\/la-demanda-de-formacion-del-sector-inmobiliario-para-comercializar-seguros-crece-en-el-ultimo-ano-eleconomista\/","og_locale":"es_ES","og_type":"article","og_title":"La demanda de formaci\u00f3n del sector inmobiliario para comercializar seguros crece en el \u00faltimo a\u00f1o (elEconomista) - Col\u00b7legi de Mediadors d&#039;Assegurances de Lleida","og_description":"La demanda de formaci\u00f3n acreditada y certificada de los profesionales inmobiliarios que les permite comercializar seguros cada vez es mayor y ha crecido con fuerza... Llegeix m\u00e9s","og_url":"https:\/\/www.cmalleida.com\/es\/la-demanda-de-formacion-del-sector-inmobiliario-para-comercializar-seguros-crece-en-el-ultimo-ano-eleconomista\/","og_site_name":"Col\u00b7legi de Mediadors d&#039;Assegurances de Lleida","article_published_time":"2018-06-08T08:05:41+00:00","og_image":[{"width":762,"height":762,"url":"https:\/\/www.cmalleida.com\/wp-content\/uploads\/cmall-lleida-actualitat-llibre762.jpg","type":"image\/jpeg"}],"author":"Col\u00b7legi Mediadors","twitter_card":"summary_large_image","twitter_misc":{"Written by":"Col\u00b7legi Mediadors","Est. reading time":"1 minuto"},"schema":{"@context":"https:\/\/schema.org","@graph":[{"@type":"Article","@id":"https:\/\/www.cmalleida.com\/es\/la-demanda-de-formacion-del-sector-inmobiliario-para-comercializar-seguros-crece-en-el-ultimo-ano-eleconomista\/#article","isPartOf":{"@id":"https:\/\/www.cmalleida.com\/es\/la-demanda-de-formacion-del-sector-inmobiliario-para-comercializar-seguros-crece-en-el-ultimo-ano-eleconomista\/"},"author":{"name":"Col\u00b7legi Mediadors","@id":"https:\/\/www.cmalleida.com\/es\/#\/schema\/person\/bc84b7874fa5ac8a15c15a050fb3b79c"},"headline":"La demanda de formaci\u00f3n del sector inmobiliario para comercializar seguros crece en el \u00faltimo a\u00f1o (elEconomista)","datePublished":"2018-06-08T08:05:41+00:00","mainEntityOfPage":{"@id":"https:\/\/www.cmalleida.com\/es\/la-demanda-de-formacion-del-sector-inmobiliario-para-comercializar-seguros-crece-en-el-ultimo-ano-eleconomista\/"},"wordCount":285,"publisher":{"@id":"https:\/\/www.cmalleida.com\/es\/#organization"},"image":{"@id":"https:\/\/www.cmalleida.com\/es\/la-demanda-de-formacion-del-sector-inmobiliario-para-comercializar-seguros-crece-en-el-ultimo-ano-eleconomista\/#primaryimage"},"thumbnailUrl":"https:\/\/www.cmalleida.com\/wp-content\/uploads\/cmall-lleida-actualitat-llibre762.jpg","articleSection":["Actualidad"],"inLanguage":"es"},{"@type":"WebPage","@id":"https:\/\/www.cmalleida.com\/es\/la-demanda-de-formacion-del-sector-inmobiliario-para-comercializar-seguros-crece-en-el-ultimo-ano-eleconomista\/","url":"https:\/\/www.cmalleida.com\/es\/la-demanda-de-formacion-del-sector-inmobiliario-para-comercializar-seguros-crece-en-el-ultimo-ano-eleconomista\/","name":"La demanda de formaci\u00f3n del sector inmobiliario para comercializar seguros crece en el \u00faltimo a\u00f1o (elEconomista) - Col\u00b7legi de Mediadors d&#039;Assegurances de Lleida","isPartOf":{"@id":"https:\/\/www.cmalleida.com\/es\/#website"},"primaryImageOfPage":{"@id":"https:\/\/www.cmalleida.com\/es\/la-demanda-de-formacion-del-sector-inmobiliario-para-comercializar-seguros-crece-en-el-ultimo-ano-eleconomista\/#primaryimage"},"image":{"@id":"https:\/\/www.cmalleida.com\/es\/la-demanda-de-formacion-del-sector-inmobiliario-para-comercializar-seguros-crece-en-el-ultimo-ano-eleconomista\/#primaryimage"},"thumbnailUrl":"https:\/\/www.cmalleida.com\/wp-content\/uploads\/cmall-lleida-actualitat-llibre762.jpg","datePublished":"2018-06-08T08:05:41+00:00","breadcrumb":{"@id":"https:\/\/www.cmalleida.com\/es\/la-demanda-de-formacion-del-sector-inmobiliario-para-comercializar-seguros-crece-en-el-ultimo-ano-eleconomista\/#breadcrumb"},"inLanguage":"es","potentialAction":[{"@type":"ReadAction","target":["https:\/\/www.cmalleida.com\/es\/la-demanda-de-formacion-del-sector-inmobiliario-para-comercializar-seguros-crece-en-el-ultimo-ano-eleconomista\/"]}]},{"@type":"ImageObject","inLanguage":"es","@id":"https:\/\/www.cmalleida.com\/es\/la-demanda-de-formacion-del-sector-inmobiliario-para-comercializar-seguros-crece-en-el-ultimo-ano-eleconomista\/#primaryimage","url":"https:\/\/www.cmalleida.com\/wp-content\/uploads\/cmall-lleida-actualitat-llibre762.jpg","contentUrl":"https:\/\/www.cmalleida.com\/wp-content\/uploads\/cmall-lleida-actualitat-llibre762.jpg","width":762,"height":762,"caption":"cmall-lleida-actualitat-LLIBRE762"},{"@type":"BreadcrumbList","@id":"https:\/\/www.cmalleida.com\/es\/la-demanda-de-formacion-del-sector-inmobiliario-para-comercializar-seguros-crece-en-el-ultimo-ano-eleconomista\/#breadcrumb","itemListElement":[{"@type":"ListItem","position":1,"name":"Inici","item":"https:\/\/www.cmalleida.com\/es\/"},{"@type":"ListItem","position":2,"name":"La demanda de formaci\u00f3n del sector inmobiliario para comercializar seguros crece en el \u00faltimo a\u00f1o (elEconomista)"}]},{"@type":"WebSite","@id":"https:\/\/www.cmalleida.com\/es\/#website","url":"https:\/\/www.cmalleida.com\/es\/","name":"Col\u00b7legi de Mediadors d&#039;Assegurances de Lleida","description":"Otro sitio realizado con WordPress","publisher":{"@id":"https:\/\/www.cmalleida.com\/es\/#organization"},"potentialAction":[{"@type":"SearchAction","target":{"@type":"EntryPoint","urlTemplate":"https:\/\/www.cmalleida.com\/es\/?s={search_term_string}"},"query-input":{"@type":"PropertyValueSpecification","valueRequired":true,"valueName":"search_term_string"}}],"inLanguage":"es"},{"@type":"Organization","@id":"https:\/\/www.cmalleida.com\/es\/#organization","name":"Col\u00b7legi de Mediadors d'Assegurances de Lleida","url":"https:\/\/www.cmalleida.com\/es\/","logo":{"@type":"ImageObject","inLanguage":"es","@id":"https:\/\/www.cmalleida.com\/es\/#\/schema\/logo\/image\/","url":"","contentUrl":"","caption":"Col\u00b7legi de Mediadors d'Assegurances de Lleida"},"image":{"@id":"https:\/\/www.cmalleida.com\/es\/#\/schema\/logo\/image\/"}},{"@type":"Person","@id":"https:\/\/www.cmalleida.com\/es\/#\/schema\/person\/bc84b7874fa5ac8a15c15a050fb3b79c","name":"Col\u00b7legi Mediadors","image":{"@type":"ImageObject","inLanguage":"es","@id":"https:\/\/secure.gravatar.com\/avatar\/05a66e0aafde4a91aea6f2c243b0b99b03dac1cca78dc84298f5e7e7ad4dfd33?s=96&d=mm&r=g","url":"https:\/\/secure.gravatar.com\/avatar\/05a66e0aafde4a91aea6f2c243b0b99b03dac1cca78dc84298f5e7e7ad4dfd33?s=96&d=mm&r=g","contentUrl":"https:\/\/secure.gravatar.com\/avatar\/05a66e0aafde4a91aea6f2c243b0b99b03dac1cca78dc84298f5e7e7ad4dfd33?s=96&d=mm&r=g","caption":"Col\u00b7legi Mediadors"}}]}},"_links":{"self":[{"href":"https:\/\/www.cmalleida.com\/es\/wp-json\/wp\/v2\/posts\/2678","targetHints":{"allow":["GET"]}}],"collection":[{"href":"https:\/\/www.cmalleida.com\/es\/wp-json\/wp\/v2\/posts"}],"about":[{"href":"https:\/\/www.cmalleida.com\/es\/wp-json\/wp\/v2\/types\/post"}],"author":[{"embeddable":true,"href":"https:\/\/www.cmalleida.com\/es\/wp-json\/wp\/v2\/users\/3"}],"replies":[{"embeddable":true,"href":"https:\/\/www.cmalleida.com\/es\/wp-json\/wp\/v2\/comments?post=2678"}],"version-history":[{"count":1,"href":"https:\/\/www.cmalleida.com\/es\/wp-json\/wp\/v2\/posts\/2678\/revisions"}],"predecessor-version":[{"id":2679,"href":"https:\/\/www.cmalleida.com\/es\/wp-json\/wp\/v2\/posts\/2678\/revisions\/2679"}],"wp:featuredmedia":[{"embeddable":true,"href":"https:\/\/www.cmalleida.com\/es\/wp-json\/wp\/v2\/media\/1895"}],"wp:attachment":[{"href":"https:\/\/www.cmalleida.com\/es\/wp-json\/wp\/v2\/media?parent=2678"}],"wp:term":[{"taxonomy":"category","embeddable":true,"href":"https:\/\/www.cmalleida.com\/es\/wp-json\/wp\/v2\/categories?post=2678"},{"taxonomy":"post_tag","embeddable":true,"href":"https:\/\/www.cmalleida.com\/es\/wp-json\/wp\/v2\/tags?post=2678"}],"curies":[{"name":"wp","href":"https:\/\/api.w.org\/{rel}","templated":true}]}}