{"id":2671,"date":"2018-06-08T10:01:10","date_gmt":"2018-06-08T08:01:10","guid":{"rendered":"https:\/\/www.cmalleida.com\/?p=2671"},"modified":"2018-06-08T10:01:10","modified_gmt":"2018-06-08T08:01:10","slug":"el-seguro-pide-al-nuevo-gobierno-que-impulse-la-figura-del-supervisor-independiente-cinco-dias","status":"publish","type":"post","link":"https:\/\/www.cmalleida.com\/es\/el-seguro-pide-al-nuevo-gobierno-que-impulse-la-figura-del-supervisor-independiente-cinco-dias\/","title":{"rendered":"El seguro pide al nuevo Gobierno que impulse la figura del supervisor independiente (Cinco D\u00edas)"},"content":{"rendered":"<p><em>La patronal del sector ve imprescindible un pacto entre patronal y sindicatos para la reforma de las pensiones<\/em><\/p>\n<p><em>Aplaude el nombramiento de Nadia Calvi\u00f1o como nueva ministra de Econom\u00eda<\/em><\/p>\n<p>&nbsp;<\/p>\n<p>MIGUEL MORENO MENDIETA<\/p>\n<p>Madrid\u00a0\u00a07 JUN 2018 &#8211; 15:51 CEST<\/p>\n<p>A\u00fan antes de jurar el cargo, la\u00a0<strong>nueva ministra de Econom\u00eda, Nadia Calvi\u00f1o<\/strong>, ya tiene encima de la mesa una lista de peticiones provenientes de diferentes grupos de presi\u00f3n. El sector asegurador quiere que la nueva titular de la cartera de Econom\u00eda mantenga el proyecto del anterior Ejecutivo de promover un\u00a0<strong>supervisor independiente<\/strong>. Por ahora, el organismo encargado del control del sector es la Direcci\u00f3n General de Seguros y Fondos de Pensiones (DGSFP), dependiente del propio Ministerio de Econom\u00eda.<\/p>\n<p>\u00abSi Espa\u00f1a quiere homologarse con otros pa\u00edses de nuestro entorno es imprescindible que el sector asegurador tenga un supervisor independiente, que disponga de los suficientes recursos humanos y materiales\u00bb, ha asegurado Pilar Gonz\u00e1lez de Frutos, presidenta de la patronal del sector (Unespa). \u00abHasta el Fondo Monetario Internacional ha recomendado en dos ocasiones que el supervisor del sector asegurador no dependa directamente del Gobierno\u00bb.<\/p>\n<p>El proyecto para convertir a la\u00a0<strong>DGSFP<\/strong>\u00a0en un organismo independiente, como ocurre con el\u00a0<strong>Banco de Espa\u00f1a<\/strong>\u00a0(supervisor bancario) o la\u00a0<strong>Comisi\u00f3n Nacional del Mercado de Valores<\/strong>\u00a0(supervisor de los mercados financieros) ya estaba en la agenda de Luis de Guindos, quien ocup\u00f3 la cartera de Econom\u00eda durante la mayor parte de los siete a\u00f1os de Gobierno de Mariano Rajoy.<\/p>\n<p>\u00abConozco a la nueva ministra de Econom\u00eda, de dos etapas profesionales previas, y me parece una magn\u00edfica profesional. Una de sus responsabilidades fue la regulaci\u00f3n del mercado financiero europeo, por lo que\u00a0<strong>creo que ser\u00e1 sensible ante la petici\u00f3n de crear un supervisor de seguros independiente<\/strong>\u00ab, ha apuntado Gonz\u00e1lez de Frutos en rueda de prensa.<\/p>\n<p>El sector asegurador tambi\u00e9n quiere que el nuevo Ejecutivo promueva la contrataci\u00f3n de planes de pensiones privados (tanto individuales como de empresa) y que fomente el ahorro a largo plazo. \u00abEs capital para la sociedad que aumente el ahorro financiero, ante el gigantesco reto que supone la sostenibilidad del sistema p\u00fablico de pensiones\u00bb, ha asegurado la presidenta de Unespa.<\/p>\n<p><strong>Pacto de Toledo<\/strong><\/p>\n<p>Las aseguradoras tambi\u00e9n est\u00e1n muy pendientes de los debates en el seno del Pacto de Toledo, sobre la\u00a0<strong>reforma del sistema de pensiones<\/strong>. \u00abEs loable que los pol\u00edticos quieran que las pensiones p\u00fablicas sean mayores, pero deben tener muy presentes c\u00f3mo se pueden pagar. Hay que buscar un sistema sostenible y financiable, y no me parece prudente cargar esta responsabilidad sobre los j\u00f3venes, un colectivo que se ha visto muy afectado por la crisis econ\u00f3mica y que ha perdido mucho poder adquisitivo\u00bb, ha apuntado Gonz\u00e1lez de Frutos.<\/p>\n<p>Desde el sector siempre se ha defendido que la \u00fanica forma de\u00a0<strong>garantizar una jubilaci\u00f3n digna<\/strong>\u00a0para las generaciones futuras es fomentar m\u00e1s las pensiones privadas. En concreto, han propuesto que las empresas tengan que ofrecer obligatoriamente a sus empleados pagar una parte del\u00a0 sueldo en un plan de empleo (una pensi\u00f3n privada promovida por la compa\u00f1\u00eda para sus trabajadores). \u00abCuando hicimos esta propuesta en el Pacto de Toledo no percibimos ning\u00fan rechazo, aunque parece imprescindible que en este punto haya un di\u00e1logo previo entre patronal y sindicatos\u00bb.<\/p>\n<p>La presidenta de Unespa ha recordado que la nueva ministra de Trabajo ya ha hablado de un\u00a0<a href=\"https:\/\/cincodias.elpais.com\/cincodias\/2018\/06\/07\/midinero\/1528358144_337951.html\">replantemiento total de la\u00a0<strong>reforma laboral<\/strong><\/a>. \u00abAl final, si esta pieza se mueve, lo razonable es que los agentes sociales incluyan este asunto, y el de las pensiones privadas, en la misma negociaci\u00f3n\u00bb.<\/p>\n<p>&nbsp;<\/p>\n","protected":false},"excerpt":{"rendered":"<p>La patronal del sector ve imprescindible un pacto entre patronal y sindicatos para la reforma de las pensiones Aplaude el nombramiento de Nadia Calvi\u00f1o como&#8230; <a href=\"https:\/\/www.cmalleida.com\/es\/el-seguro-pide-al-nuevo-gobierno-que-impulse-la-figura-del-supervisor-independiente-cinco-dias\/\" rel=\"nofollow\" class=\"lollegirmes\">Llegeix m\u00e9s<\/a><\/p>\n","protected":false},"author":3,"featured_media":1927,"comment_status":"closed","ping_status":"closed","sticky":false,"template":"","format":"standard","meta":{"_acf_changed":false,"_genesis_hide_title":false,"_genesis_hide_breadcrumbs":false,"_genesis_hide_singular_image":false,"_genesis_hide_footer_widgets":false,"_genesis_custom_body_class":"","_genesis_custom_post_class":"","_genesis_layout":"","footnotes":""},"categories":[28],"tags":[],"class_list":{"0":"post-2671","1":"post","2":"type-post","3":"status-publish","4":"format-standard","5":"has-post-thumbnail","7":"category-actualidad","8":"entry"},"acf":[],"yoast_head":"<!-- This site is optimized with the Yoast SEO plugin v27.2 - https:\/\/yoast.com\/product\/yoast-seo-wordpress\/ -->\n<title>El seguro pide al nuevo Gobierno que impulse la figura del supervisor independiente (Cinco D\u00edas) - Col\u00b7legi de Mediadors d&#039;Assegurances de Lleida<\/title>\n<meta name=\"robots\" content=\"index, follow, max-snippet:-1, max-image-preview:large, max-video-preview:-1\" \/>\n<link rel=\"canonical\" href=\"https:\/\/www.cmalleida.com\/es\/el-seguro-pide-al-nuevo-gobierno-que-impulse-la-figura-del-supervisor-independiente-cinco-dias\/\" \/>\n<meta property=\"og:locale\" content=\"es_ES\" \/>\n<meta property=\"og:type\" content=\"article\" \/>\n<meta property=\"og:title\" content=\"El seguro pide al nuevo Gobierno que impulse la figura del supervisor independiente (Cinco D\u00edas) - Col\u00b7legi de Mediadors d&#039;Assegurances de Lleida\" \/>\n<meta property=\"og:description\" content=\"La patronal del sector ve imprescindible un pacto entre patronal y sindicatos para la reforma de las pensiones Aplaude el nombramiento de Nadia Calvi\u00f1o como... Llegeix m\u00e9s\" \/>\n<meta property=\"og:url\" content=\"https:\/\/www.cmalleida.com\/es\/el-seguro-pide-al-nuevo-gobierno-que-impulse-la-figura-del-supervisor-independiente-cinco-dias\/\" \/>\n<meta property=\"og:site_name\" content=\"Col\u00b7legi de Mediadors d&#039;Assegurances de Lleida\" \/>\n<meta property=\"article:published_time\" content=\"2018-06-08T08:01:10+00:00\" \/>\n<meta property=\"og:image\" content=\"https:\/\/www.cmalleida.com\/wp-content\/uploads\/cmall-lleida-actualitat-conferencia762.jpg\" \/>\n\t<meta property=\"og:image:width\" content=\"762\" \/>\n\t<meta property=\"og:image:height\" content=\"762\" \/>\n\t<meta property=\"og:image:type\" content=\"image\/jpeg\" \/>\n<meta name=\"author\" content=\"Col\u00b7legi Mediadors\" \/>\n<meta name=\"twitter:card\" content=\"summary_large_image\" \/>\n<meta name=\"twitter:label1\" content=\"Written by\" \/>\n\t<meta name=\"twitter:data1\" content=\"Col\u00b7legi Mediadors\" \/>\n\t<meta name=\"twitter:label2\" content=\"Est. reading time\" \/>\n\t<meta name=\"twitter:data2\" content=\"3 minutos\" \/>\n<script type=\"application\/ld+json\" class=\"yoast-schema-graph\">{\"@context\":\"https:\/\/schema.org\",\"@graph\":[{\"@type\":\"Article\",\"@id\":\"https:\/\/www.cmalleida.com\/es\/el-seguro-pide-al-nuevo-gobierno-que-impulse-la-figura-del-supervisor-independiente-cinco-dias\/#article\",\"isPartOf\":{\"@id\":\"https:\/\/www.cmalleida.com\/es\/el-seguro-pide-al-nuevo-gobierno-que-impulse-la-figura-del-supervisor-independiente-cinco-dias\/\"},\"author\":{\"name\":\"Col\u00b7legi Mediadors\",\"@id\":\"https:\/\/www.cmalleida.com\/es\/#\/schema\/person\/bc84b7874fa5ac8a15c15a050fb3b79c\"},\"headline\":\"El seguro pide al nuevo Gobierno que impulse la figura del supervisor independiente (Cinco D\u00edas)\",\"datePublished\":\"2018-06-08T08:01:10+00:00\",\"mainEntityOfPage\":{\"@id\":\"https:\/\/www.cmalleida.com\/es\/el-seguro-pide-al-nuevo-gobierno-que-impulse-la-figura-del-supervisor-independiente-cinco-dias\/\"},\"wordCount\":638,\"publisher\":{\"@id\":\"https:\/\/www.cmalleida.com\/es\/#organization\"},\"image\":{\"@id\":\"https:\/\/www.cmalleida.com\/es\/el-seguro-pide-al-nuevo-gobierno-que-impulse-la-figura-del-supervisor-independiente-cinco-dias\/#primaryimage\"},\"thumbnailUrl\":\"https:\/\/www.cmalleida.com\/wp-content\/uploads\/cmall-lleida-actualitat-conferencia762.jpg\",\"articleSection\":[\"Actualidad\"],\"inLanguage\":\"es\"},{\"@type\":\"WebPage\",\"@id\":\"https:\/\/www.cmalleida.com\/es\/el-seguro-pide-al-nuevo-gobierno-que-impulse-la-figura-del-supervisor-independiente-cinco-dias\/\",\"url\":\"https:\/\/www.cmalleida.com\/es\/el-seguro-pide-al-nuevo-gobierno-que-impulse-la-figura-del-supervisor-independiente-cinco-dias\/\",\"name\":\"El seguro pide al nuevo Gobierno que impulse la figura del supervisor independiente (Cinco D\u00edas) - Col\u00b7legi de Mediadors d&#039;Assegurances de Lleida\",\"isPartOf\":{\"@id\":\"https:\/\/www.cmalleida.com\/es\/#website\"},\"primaryImageOfPage\":{\"@id\":\"https:\/\/www.cmalleida.com\/es\/el-seguro-pide-al-nuevo-gobierno-que-impulse-la-figura-del-supervisor-independiente-cinco-dias\/#primaryimage\"},\"image\":{\"@id\":\"https:\/\/www.cmalleida.com\/es\/el-seguro-pide-al-nuevo-gobierno-que-impulse-la-figura-del-supervisor-independiente-cinco-dias\/#primaryimage\"},\"thumbnailUrl\":\"https:\/\/www.cmalleida.com\/wp-content\/uploads\/cmall-lleida-actualitat-conferencia762.jpg\",\"datePublished\":\"2018-06-08T08:01:10+00:00\",\"breadcrumb\":{\"@id\":\"https:\/\/www.cmalleida.com\/es\/el-seguro-pide-al-nuevo-gobierno-que-impulse-la-figura-del-supervisor-independiente-cinco-dias\/#breadcrumb\"},\"inLanguage\":\"es\",\"potentialAction\":[{\"@type\":\"ReadAction\",\"target\":[\"https:\/\/www.cmalleida.com\/es\/el-seguro-pide-al-nuevo-gobierno-que-impulse-la-figura-del-supervisor-independiente-cinco-dias\/\"]}]},{\"@type\":\"ImageObject\",\"inLanguage\":\"es\",\"@id\":\"https:\/\/www.cmalleida.com\/es\/el-seguro-pide-al-nuevo-gobierno-que-impulse-la-figura-del-supervisor-independiente-cinco-dias\/#primaryimage\",\"url\":\"https:\/\/www.cmalleida.com\/wp-content\/uploads\/cmall-lleida-actualitat-conferencia762.jpg\",\"contentUrl\":\"https:\/\/www.cmalleida.com\/wp-content\/uploads\/cmall-lleida-actualitat-conferencia762.jpg\",\"width\":762,\"height\":762,\"caption\":\"cmall-lleida-actualitat-conferencia762\"},{\"@type\":\"BreadcrumbList\",\"@id\":\"https:\/\/www.cmalleida.com\/es\/el-seguro-pide-al-nuevo-gobierno-que-impulse-la-figura-del-supervisor-independiente-cinco-dias\/#breadcrumb\",\"itemListElement\":[{\"@type\":\"ListItem\",\"position\":1,\"name\":\"Inici\",\"item\":\"https:\/\/www.cmalleida.com\/es\/\"},{\"@type\":\"ListItem\",\"position\":2,\"name\":\"El seguro pide al nuevo Gobierno que impulse la figura del supervisor independiente (Cinco D\u00edas)\"}]},{\"@type\":\"WebSite\",\"@id\":\"https:\/\/www.cmalleida.com\/es\/#website\",\"url\":\"https:\/\/www.cmalleida.com\/es\/\",\"name\":\"Col\u00b7legi de Mediadors d&#039;Assegurances de Lleida\",\"description\":\"Otro sitio realizado con WordPress\",\"publisher\":{\"@id\":\"https:\/\/www.cmalleida.com\/es\/#organization\"},\"potentialAction\":[{\"@type\":\"SearchAction\",\"target\":{\"@type\":\"EntryPoint\",\"urlTemplate\":\"https:\/\/www.cmalleida.com\/es\/?s={search_term_string}\"},\"query-input\":{\"@type\":\"PropertyValueSpecification\",\"valueRequired\":true,\"valueName\":\"search_term_string\"}}],\"inLanguage\":\"es\"},{\"@type\":\"Organization\",\"@id\":\"https:\/\/www.cmalleida.com\/es\/#organization\",\"name\":\"Col\u00b7legi de Mediadors d'Assegurances de Lleida\",\"url\":\"https:\/\/www.cmalleida.com\/es\/\",\"logo\":{\"@type\":\"ImageObject\",\"inLanguage\":\"es\",\"@id\":\"https:\/\/www.cmalleida.com\/es\/#\/schema\/logo\/image\/\",\"url\":\"\",\"contentUrl\":\"\",\"caption\":\"Col\u00b7legi de Mediadors d'Assegurances de Lleida\"},\"image\":{\"@id\":\"https:\/\/www.cmalleida.com\/es\/#\/schema\/logo\/image\/\"}},{\"@type\":\"Person\",\"@id\":\"https:\/\/www.cmalleida.com\/es\/#\/schema\/person\/bc84b7874fa5ac8a15c15a050fb3b79c\",\"name\":\"Col\u00b7legi Mediadors\",\"image\":{\"@type\":\"ImageObject\",\"inLanguage\":\"es\",\"@id\":\"https:\/\/secure.gravatar.com\/avatar\/05a66e0aafde4a91aea6f2c243b0b99b03dac1cca78dc84298f5e7e7ad4dfd33?s=96&d=mm&r=g\",\"url\":\"https:\/\/secure.gravatar.com\/avatar\/05a66e0aafde4a91aea6f2c243b0b99b03dac1cca78dc84298f5e7e7ad4dfd33?s=96&d=mm&r=g\",\"contentUrl\":\"https:\/\/secure.gravatar.com\/avatar\/05a66e0aafde4a91aea6f2c243b0b99b03dac1cca78dc84298f5e7e7ad4dfd33?s=96&d=mm&r=g\",\"caption\":\"Col\u00b7legi Mediadors\"}}]}<\/script>\n<!-- \/ Yoast SEO plugin. -->","yoast_head_json":{"title":"El seguro pide al nuevo Gobierno que impulse la figura del supervisor independiente (Cinco D\u00edas) - Col\u00b7legi de Mediadors d&#039;Assegurances de Lleida","robots":{"index":"index","follow":"follow","max-snippet":"max-snippet:-1","max-image-preview":"max-image-preview:large","max-video-preview":"max-video-preview:-1"},"canonical":"https:\/\/www.cmalleida.com\/es\/el-seguro-pide-al-nuevo-gobierno-que-impulse-la-figura-del-supervisor-independiente-cinco-dias\/","og_locale":"es_ES","og_type":"article","og_title":"El seguro pide al nuevo Gobierno que impulse la figura del supervisor independiente (Cinco D\u00edas) - Col\u00b7legi de Mediadors d&#039;Assegurances de Lleida","og_description":"La patronal del sector ve imprescindible un pacto entre patronal y sindicatos para la reforma de las pensiones Aplaude el nombramiento de Nadia Calvi\u00f1o como... Llegeix m\u00e9s","og_url":"https:\/\/www.cmalleida.com\/es\/el-seguro-pide-al-nuevo-gobierno-que-impulse-la-figura-del-supervisor-independiente-cinco-dias\/","og_site_name":"Col\u00b7legi de Mediadors d&#039;Assegurances de Lleida","article_published_time":"2018-06-08T08:01:10+00:00","og_image":[{"width":762,"height":762,"url":"https:\/\/www.cmalleida.com\/wp-content\/uploads\/cmall-lleida-actualitat-conferencia762.jpg","type":"image\/jpeg"}],"author":"Col\u00b7legi Mediadors","twitter_card":"summary_large_image","twitter_misc":{"Written by":"Col\u00b7legi Mediadors","Est. reading time":"3 minutos"},"schema":{"@context":"https:\/\/schema.org","@graph":[{"@type":"Article","@id":"https:\/\/www.cmalleida.com\/es\/el-seguro-pide-al-nuevo-gobierno-que-impulse-la-figura-del-supervisor-independiente-cinco-dias\/#article","isPartOf":{"@id":"https:\/\/www.cmalleida.com\/es\/el-seguro-pide-al-nuevo-gobierno-que-impulse-la-figura-del-supervisor-independiente-cinco-dias\/"},"author":{"name":"Col\u00b7legi Mediadors","@id":"https:\/\/www.cmalleida.com\/es\/#\/schema\/person\/bc84b7874fa5ac8a15c15a050fb3b79c"},"headline":"El seguro pide al nuevo Gobierno que impulse la figura del supervisor independiente (Cinco D\u00edas)","datePublished":"2018-06-08T08:01:10+00:00","mainEntityOfPage":{"@id":"https:\/\/www.cmalleida.com\/es\/el-seguro-pide-al-nuevo-gobierno-que-impulse-la-figura-del-supervisor-independiente-cinco-dias\/"},"wordCount":638,"publisher":{"@id":"https:\/\/www.cmalleida.com\/es\/#organization"},"image":{"@id":"https:\/\/www.cmalleida.com\/es\/el-seguro-pide-al-nuevo-gobierno-que-impulse-la-figura-del-supervisor-independiente-cinco-dias\/#primaryimage"},"thumbnailUrl":"https:\/\/www.cmalleida.com\/wp-content\/uploads\/cmall-lleida-actualitat-conferencia762.jpg","articleSection":["Actualidad"],"inLanguage":"es"},{"@type":"WebPage","@id":"https:\/\/www.cmalleida.com\/es\/el-seguro-pide-al-nuevo-gobierno-que-impulse-la-figura-del-supervisor-independiente-cinco-dias\/","url":"https:\/\/www.cmalleida.com\/es\/el-seguro-pide-al-nuevo-gobierno-que-impulse-la-figura-del-supervisor-independiente-cinco-dias\/","name":"El seguro pide al nuevo Gobierno que impulse la figura del supervisor independiente (Cinco D\u00edas) - Col\u00b7legi de Mediadors d&#039;Assegurances de Lleida","isPartOf":{"@id":"https:\/\/www.cmalleida.com\/es\/#website"},"primaryImageOfPage":{"@id":"https:\/\/www.cmalleida.com\/es\/el-seguro-pide-al-nuevo-gobierno-que-impulse-la-figura-del-supervisor-independiente-cinco-dias\/#primaryimage"},"image":{"@id":"https:\/\/www.cmalleida.com\/es\/el-seguro-pide-al-nuevo-gobierno-que-impulse-la-figura-del-supervisor-independiente-cinco-dias\/#primaryimage"},"thumbnailUrl":"https:\/\/www.cmalleida.com\/wp-content\/uploads\/cmall-lleida-actualitat-conferencia762.jpg","datePublished":"2018-06-08T08:01:10+00:00","breadcrumb":{"@id":"https:\/\/www.cmalleida.com\/es\/el-seguro-pide-al-nuevo-gobierno-que-impulse-la-figura-del-supervisor-independiente-cinco-dias\/#breadcrumb"},"inLanguage":"es","potentialAction":[{"@type":"ReadAction","target":["https:\/\/www.cmalleida.com\/es\/el-seguro-pide-al-nuevo-gobierno-que-impulse-la-figura-del-supervisor-independiente-cinco-dias\/"]}]},{"@type":"ImageObject","inLanguage":"es","@id":"https:\/\/www.cmalleida.com\/es\/el-seguro-pide-al-nuevo-gobierno-que-impulse-la-figura-del-supervisor-independiente-cinco-dias\/#primaryimage","url":"https:\/\/www.cmalleida.com\/wp-content\/uploads\/cmall-lleida-actualitat-conferencia762.jpg","contentUrl":"https:\/\/www.cmalleida.com\/wp-content\/uploads\/cmall-lleida-actualitat-conferencia762.jpg","width":762,"height":762,"caption":"cmall-lleida-actualitat-conferencia762"},{"@type":"BreadcrumbList","@id":"https:\/\/www.cmalleida.com\/es\/el-seguro-pide-al-nuevo-gobierno-que-impulse-la-figura-del-supervisor-independiente-cinco-dias\/#breadcrumb","itemListElement":[{"@type":"ListItem","position":1,"name":"Inici","item":"https:\/\/www.cmalleida.com\/es\/"},{"@type":"ListItem","position":2,"name":"El seguro pide al nuevo Gobierno que impulse la figura del supervisor independiente (Cinco D\u00edas)"}]},{"@type":"WebSite","@id":"https:\/\/www.cmalleida.com\/es\/#website","url":"https:\/\/www.cmalleida.com\/es\/","name":"Col\u00b7legi de Mediadors d&#039;Assegurances de Lleida","description":"Otro sitio realizado con WordPress","publisher":{"@id":"https:\/\/www.cmalleida.com\/es\/#organization"},"potentialAction":[{"@type":"SearchAction","target":{"@type":"EntryPoint","urlTemplate":"https:\/\/www.cmalleida.com\/es\/?s={search_term_string}"},"query-input":{"@type":"PropertyValueSpecification","valueRequired":true,"valueName":"search_term_string"}}],"inLanguage":"es"},{"@type":"Organization","@id":"https:\/\/www.cmalleida.com\/es\/#organization","name":"Col\u00b7legi de Mediadors d'Assegurances de Lleida","url":"https:\/\/www.cmalleida.com\/es\/","logo":{"@type":"ImageObject","inLanguage":"es","@id":"https:\/\/www.cmalleida.com\/es\/#\/schema\/logo\/image\/","url":"","contentUrl":"","caption":"Col\u00b7legi de Mediadors d'Assegurances de Lleida"},"image":{"@id":"https:\/\/www.cmalleida.com\/es\/#\/schema\/logo\/image\/"}},{"@type":"Person","@id":"https:\/\/www.cmalleida.com\/es\/#\/schema\/person\/bc84b7874fa5ac8a15c15a050fb3b79c","name":"Col\u00b7legi Mediadors","image":{"@type":"ImageObject","inLanguage":"es","@id":"https:\/\/secure.gravatar.com\/avatar\/05a66e0aafde4a91aea6f2c243b0b99b03dac1cca78dc84298f5e7e7ad4dfd33?s=96&d=mm&r=g","url":"https:\/\/secure.gravatar.com\/avatar\/05a66e0aafde4a91aea6f2c243b0b99b03dac1cca78dc84298f5e7e7ad4dfd33?s=96&d=mm&r=g","contentUrl":"https:\/\/secure.gravatar.com\/avatar\/05a66e0aafde4a91aea6f2c243b0b99b03dac1cca78dc84298f5e7e7ad4dfd33?s=96&d=mm&r=g","caption":"Col\u00b7legi Mediadors"}}]}},"_links":{"self":[{"href":"https:\/\/www.cmalleida.com\/es\/wp-json\/wp\/v2\/posts\/2671","targetHints":{"allow":["GET"]}}],"collection":[{"href":"https:\/\/www.cmalleida.com\/es\/wp-json\/wp\/v2\/posts"}],"about":[{"href":"https:\/\/www.cmalleida.com\/es\/wp-json\/wp\/v2\/types\/post"}],"author":[{"embeddable":true,"href":"https:\/\/www.cmalleida.com\/es\/wp-json\/wp\/v2\/users\/3"}],"replies":[{"embeddable":true,"href":"https:\/\/www.cmalleida.com\/es\/wp-json\/wp\/v2\/comments?post=2671"}],"version-history":[{"count":1,"href":"https:\/\/www.cmalleida.com\/es\/wp-json\/wp\/v2\/posts\/2671\/revisions"}],"predecessor-version":[{"id":2672,"href":"https:\/\/www.cmalleida.com\/es\/wp-json\/wp\/v2\/posts\/2671\/revisions\/2672"}],"wp:featuredmedia":[{"embeddable":true,"href":"https:\/\/www.cmalleida.com\/es\/wp-json\/wp\/v2\/media\/1927"}],"wp:attachment":[{"href":"https:\/\/www.cmalleida.com\/es\/wp-json\/wp\/v2\/media?parent=2671"}],"wp:term":[{"taxonomy":"category","embeddable":true,"href":"https:\/\/www.cmalleida.com\/es\/wp-json\/wp\/v2\/categories?post=2671"},{"taxonomy":"post_tag","embeddable":true,"href":"https:\/\/www.cmalleida.com\/es\/wp-json\/wp\/v2\/tags?post=2671"}],"curies":[{"name":"wp","href":"https:\/\/api.w.org\/{rel}","templated":true}]}}