{"id":2666,"date":"2018-06-08T09:58:38","date_gmt":"2018-06-08T07:58:38","guid":{"rendered":"https:\/\/www.cmalleida.com\/?p=2666"},"modified":"2018-06-08T09:58:38","modified_gmt":"2018-06-08T07:58:38","slug":"diez-falsos-mitos-sobre-los-seguros-de-vida-la-vanguardia","status":"publish","type":"post","link":"https:\/\/www.cmalleida.com\/es\/diez-falsos-mitos-sobre-los-seguros-de-vida-la-vanguardia\/","title":{"rendered":"Diez falsos mitos sobre los seguros de vida (La Vanguardia)"},"content":{"rendered":"<p><em>Alrededor de 30 millones de espa\u00f1oles han contratado este producto de ahorro y prevenci\u00f3n<\/em><\/p>\n<p>REDACCI\u00d3N Publicado a 8-06-2018 6:47<\/p>\n<p><strong>El seguro de vida es un producto de ahorro y prevenci\u00f3n con unas coberturas y prestaciones que cada vez son m\u00e1s amplias y personalizadas<\/strong>. Aunque tal vez sean el \u2018fallecimiento\u2019 y la \u2018cobertura por incapacidad\u2019 las garant\u00edas en las que los clientes reparan antes al pensar en este producto, el seguro de vida va mucho m\u00e1s all\u00e1 y tiene unas caracter\u00edsticas que son desconocidas generalmente para el gran p\u00fablico. Por ello, la aseguradora Aegon Espa\u00f1a ha elaborado\u00a0<strong>un dec\u00e1logo de que describe los falsos mitos sobre el seguro de vida<\/strong>\u00a0para desmentir suposiciones y aclarar conceptos sobre un producto que, seg\u00fan datos de ICEA, hab\u00edan contratado en 2017 un total de 29.747.162 de espa\u00f1oles.<\/p>\n<h3><strong>1) Los seguros de vida solo cubren invalidez y fallecimiento<\/strong><\/h3>\n<p>Estos productos cada vez sofistican m\u00e1s las coberturas y van m\u00e1s all\u00e1 de las prestaciones comunes, como fallecimiento o invalidez absoluta. Adem\u00e1s de las tradicionales de este producto,\u00a0<strong>existen multitud de coberturas opcionales que pueden adherirse al seguro<\/strong>; tales como atenci\u00f3n psicol\u00f3gica presencial, testamento online, diagn\u00f3stico de c\u00e1ncer o enfermedades cardiovasculares y la gesti\u00f3n de la huella digital tras la defunci\u00f3n.<\/p>\n<h3><strong>2) Los seguros de vida no incluyen asistencia m\u00e9dica o legal<\/strong><\/h3>\n<p><strong>Los seguros de vida pueden incluir p\u00f3lizas o garant\u00edas adicionales<\/strong>\u00a0con servicios enfocados a ayudar al asegurado y a las familias ante cualquier contingencia, tales como orientaci\u00f3n m\u00e9dica 24 horas, orientaci\u00f3n psicoemocional, ayuda a domicilio y, entre otros, testamento online e incluso servicios jur\u00eddicos y gestor\u00eda\u00a0<em>postmortem<\/em>.<\/p>\n<h3><strong>3) No puedo ahorrar con mi seguro de vida<\/strong><\/h3>\n<p>Adem\u00e1s de previsi\u00f3n,\u00a0<strong>el seguro de vida es un instrumento de ahorro cada vez m\u00e1s habitual<\/strong>. Seg\u00fan estimaciones de ICEA, el ahorro gestionado en productos de seguro de vida alcanz\u00f3 los 182.209 millones de euros en el primer semestre del 2017, casi un 4% m\u00e1s que el per\u00edodo anterior.<\/p>\n<h3><strong>4) La p\u00f3liza de las mujeres es m\u00e1s cara que la de los hombres<\/strong><\/h3>\n<p>Las mujeres espa\u00f1olas, seg\u00fan datos del INE, suelen vivir de media unos cinco a\u00f1os m\u00e1s que los hombres pero no por ello tendr\u00e1n que hacer frente a una p\u00f3liza m\u00e1s cara. De hecho, desde diciembre de 2012\u00a0<strong>el Tribunal de Justicia Europea prohibi\u00f3 este tipo de discriminaci\u00f3n por sexo en las p\u00f3lizas<\/strong>.<\/p>\n<h3><strong>5) Si tengo una profesi\u00f3n de riesgo no puedo tener un seguro de vida<\/strong><\/h3>\n<p>Las aseguradoras calculan el precio del seguro de vida en base a tres variables: la edad actuarial del asegurado, su profesi\u00f3n y el capital a asegurar.<strong>\u00a0Se pueden aplicar sobreprimas (partidas adicionales a la tarifa est\u00e1ndar) si el asegurado tiene una profesi\u00f3n de riesgo<\/strong>, practica deportes de riesgo\u2026 Adem\u00e1s, existen otros factores personales; si es fumador o consumidor de alcohol, si tiene sobrepeso, enfermedades padecidas por el asegurado o sus parientes\u2026 que tambi\u00e9n influyen en la prima final.<\/p>\n<h3><strong>6) Solo se puede contratar un seguro de vida a partir de los 18 a\u00f1os<\/strong><\/h3>\n<p>El seguro de vida ha estado hist\u00f3ricamente muy vinculado a la tranquilidad familiar, si bien la edad de contrataci\u00f3n de la p\u00f3liza no tiene que coincidir con la de formar una familia. Si atendemos a la edad legal m\u00ednima del asegurado, la normativa aseguradora en Espa\u00f1a establece que\u00a0<strong>pueden contratar un seguro de vida cualquier persona residente en Espa\u00f1a, mayor de 14 a\u00f1os<\/strong>\u00a0y que no est\u00e9 en situaci\u00f3n de invalidez legal.<\/p>\n<h3><strong>7) Solo se puede contratar un seguro de vida hasta los 65 a\u00f1os<\/strong><\/h3>\n<p>Al igual que existe una edad m\u00ednima de contrataci\u00f3n de seguro de vida existe una edad de cobertura l\u00edmite. Dependiendo de la compa\u00f1\u00eda de seguros,\u00a0<strong>una vez alcanzada esta edad m\u00e1xima, que normalmente son los 65 a\u00f1os, la p\u00f3liza dejar\u00e1 de ser efectiva<\/strong>.<\/p>\n<h3><strong>8) No es necesario someterse a un reconocimiento m\u00e9dico para tener un seguro de vida<\/strong><\/h3>\n<p>Para la contrataci\u00f3n del producto el asegurado deber\u00e1 cumplimentar un completo cuestionario y dependiendo de su estado de salud y del capital asegurado<strong>\u00a0la compa\u00f1\u00eda puede requerir pruebas m\u00e9dicas a mayores<\/strong>.<\/p>\n<h3><strong>9) No puedo contratar un seguro de vida si tengo una enfermedad<\/strong><\/h3>\n<p><strong>Es totalmente posible que una persona con una enfermedad, cr\u00f3nica o no, pueda contratar un seguro de vida<\/strong>. Cada aseguradora, una vez estudiado el caso en particular y en funci\u00f3n de la enfermedad, podr\u00e1 llevarse a cabo la tramitaci\u00f3n de una p\u00f3liza de vida con normalidad o, dado el caso, se aplicar\u00eda una sobreprima o una limitaci\u00f3n de garant\u00edas.<\/p>\n<h3><strong>10) Es obligatorio contratar un seguro de vida con una hipoteca<\/strong><\/h3>\n<p><strong>Los seguros de vida vinculados a pr\u00e9stamos hipotecarios son una opci\u00f3n muy habitual aunque no obligatoria<\/strong>. En caso de contratar un seguro de vida vinculado a la hipoteca, lo id\u00f3neo es que el seguro de vida cubra el 100% del capital hipotecado en el supuesto de que uno de los miembros de la pareja fallezca.<\/p>\n","protected":false},"excerpt":{"rendered":"<p>Alrededor de 30 millones de espa\u00f1oles han contratado este producto de ahorro y prevenci\u00f3n REDACCI\u00d3N Publicado a 8-06-2018 6:47 El seguro de vida es un&#8230; <a href=\"https:\/\/www.cmalleida.com\/es\/diez-falsos-mitos-sobre-los-seguros-de-vida-la-vanguardia\/\" rel=\"nofollow\" class=\"lollegirmes\">Llegeix m\u00e9s<\/a><\/p>\n","protected":false},"author":3,"featured_media":1915,"comment_status":"closed","ping_status":"closed","sticky":false,"template":"","format":"standard","meta":{"_acf_changed":false,"_genesis_hide_title":false,"_genesis_hide_breadcrumbs":false,"_genesis_hide_singular_image":false,"_genesis_hide_footer_widgets":false,"_genesis_custom_body_class":"","_genesis_custom_post_class":"","_genesis_layout":"","footnotes":""},"categories":[28],"tags":[],"class_list":{"0":"post-2666","1":"post","2":"type-post","3":"status-publish","4":"format-standard","5":"has-post-thumbnail","7":"category-actualidad","8":"entry"},"acf":[],"yoast_head":"<!-- This site is optimized with the Yoast SEO plugin v27.2 - https:\/\/yoast.com\/product\/yoast-seo-wordpress\/ -->\n<title>Diez falsos mitos sobre los seguros de vida (La Vanguardia) - Col\u00b7legi de Mediadors d&#039;Assegurances de Lleida<\/title>\n<meta name=\"robots\" content=\"index, follow, max-snippet:-1, max-image-preview:large, max-video-preview:-1\" \/>\n<link rel=\"canonical\" href=\"https:\/\/www.cmalleida.com\/es\/diez-falsos-mitos-sobre-los-seguros-de-vida-la-vanguardia\/\" \/>\n<meta property=\"og:locale\" content=\"es_ES\" \/>\n<meta property=\"og:type\" content=\"article\" \/>\n<meta property=\"og:title\" content=\"Diez falsos mitos sobre los seguros de vida (La Vanguardia) - Col\u00b7legi de Mediadors d&#039;Assegurances de Lleida\" \/>\n<meta property=\"og:description\" content=\"Alrededor de 30 millones de espa\u00f1oles han contratado este producto de ahorro y prevenci\u00f3n REDACCI\u00d3N Publicado a 8-06-2018 6:47 El seguro de vida es un... Llegeix m\u00e9s\" \/>\n<meta property=\"og:url\" content=\"https:\/\/www.cmalleida.com\/es\/diez-falsos-mitos-sobre-los-seguros-de-vida-la-vanguardia\/\" \/>\n<meta property=\"og:site_name\" content=\"Col\u00b7legi de Mediadors d&#039;Assegurances de Lleida\" \/>\n<meta property=\"article:published_time\" content=\"2018-06-08T07:58:38+00:00\" \/>\n<meta property=\"og:image\" content=\"https:\/\/www.cmalleida.com\/wp-content\/uploads\/cmall-lleida-actualitat-redona762.jpg\" \/>\n\t<meta property=\"og:image:width\" content=\"762\" \/>\n\t<meta property=\"og:image:height\" content=\"762\" \/>\n\t<meta property=\"og:image:type\" content=\"image\/jpeg\" \/>\n<meta name=\"author\" content=\"Col\u00b7legi Mediadors\" \/>\n<meta name=\"twitter:card\" content=\"summary_large_image\" \/>\n<meta name=\"twitter:label1\" content=\"Written by\" \/>\n\t<meta name=\"twitter:data1\" content=\"Col\u00b7legi Mediadors\" \/>\n\t<meta name=\"twitter:label2\" content=\"Est. reading time\" \/>\n\t<meta name=\"twitter:data2\" content=\"4 minutos\" \/>\n<script type=\"application\/ld+json\" class=\"yoast-schema-graph\">{\"@context\":\"https:\/\/schema.org\",\"@graph\":[{\"@type\":\"Article\",\"@id\":\"https:\/\/www.cmalleida.com\/es\/diez-falsos-mitos-sobre-los-seguros-de-vida-la-vanguardia\/#article\",\"isPartOf\":{\"@id\":\"https:\/\/www.cmalleida.com\/es\/diez-falsos-mitos-sobre-los-seguros-de-vida-la-vanguardia\/\"},\"author\":{\"name\":\"Col\u00b7legi Mediadors\",\"@id\":\"https:\/\/www.cmalleida.com\/es\/#\/schema\/person\/bc84b7874fa5ac8a15c15a050fb3b79c\"},\"headline\":\"Diez falsos mitos sobre los seguros de vida (La Vanguardia)\",\"datePublished\":\"2018-06-08T07:58:38+00:00\",\"mainEntityOfPage\":{\"@id\":\"https:\/\/www.cmalleida.com\/es\/diez-falsos-mitos-sobre-los-seguros-de-vida-la-vanguardia\/\"},\"wordCount\":876,\"publisher\":{\"@id\":\"https:\/\/www.cmalleida.com\/es\/#organization\"},\"image\":{\"@id\":\"https:\/\/www.cmalleida.com\/es\/diez-falsos-mitos-sobre-los-seguros-de-vida-la-vanguardia\/#primaryimage\"},\"thumbnailUrl\":\"https:\/\/www.cmalleida.com\/wp-content\/uploads\/cmall-lleida-actualitat-redona762.jpg\",\"articleSection\":[\"Actualidad\"],\"inLanguage\":\"es\"},{\"@type\":\"WebPage\",\"@id\":\"https:\/\/www.cmalleida.com\/es\/diez-falsos-mitos-sobre-los-seguros-de-vida-la-vanguardia\/\",\"url\":\"https:\/\/www.cmalleida.com\/es\/diez-falsos-mitos-sobre-los-seguros-de-vida-la-vanguardia\/\",\"name\":\"Diez falsos mitos sobre los seguros de vida (La Vanguardia) - Col\u00b7legi de Mediadors d&#039;Assegurances de Lleida\",\"isPartOf\":{\"@id\":\"https:\/\/www.cmalleida.com\/es\/#website\"},\"primaryImageOfPage\":{\"@id\":\"https:\/\/www.cmalleida.com\/es\/diez-falsos-mitos-sobre-los-seguros-de-vida-la-vanguardia\/#primaryimage\"},\"image\":{\"@id\":\"https:\/\/www.cmalleida.com\/es\/diez-falsos-mitos-sobre-los-seguros-de-vida-la-vanguardia\/#primaryimage\"},\"thumbnailUrl\":\"https:\/\/www.cmalleida.com\/wp-content\/uploads\/cmall-lleida-actualitat-redona762.jpg\",\"datePublished\":\"2018-06-08T07:58:38+00:00\",\"breadcrumb\":{\"@id\":\"https:\/\/www.cmalleida.com\/es\/diez-falsos-mitos-sobre-los-seguros-de-vida-la-vanguardia\/#breadcrumb\"},\"inLanguage\":\"es\",\"potentialAction\":[{\"@type\":\"ReadAction\",\"target\":[\"https:\/\/www.cmalleida.com\/es\/diez-falsos-mitos-sobre-los-seguros-de-vida-la-vanguardia\/\"]}]},{\"@type\":\"ImageObject\",\"inLanguage\":\"es\",\"@id\":\"https:\/\/www.cmalleida.com\/es\/diez-falsos-mitos-sobre-los-seguros-de-vida-la-vanguardia\/#primaryimage\",\"url\":\"https:\/\/www.cmalleida.com\/wp-content\/uploads\/cmall-lleida-actualitat-redona762.jpg\",\"contentUrl\":\"https:\/\/www.cmalleida.com\/wp-content\/uploads\/cmall-lleida-actualitat-redona762.jpg\",\"width\":762,\"height\":762,\"caption\":\"cmall-lleida-actualitat-redona762\"},{\"@type\":\"BreadcrumbList\",\"@id\":\"https:\/\/www.cmalleida.com\/es\/diez-falsos-mitos-sobre-los-seguros-de-vida-la-vanguardia\/#breadcrumb\",\"itemListElement\":[{\"@type\":\"ListItem\",\"position\":1,\"name\":\"Inici\",\"item\":\"https:\/\/www.cmalleida.com\/es\/\"},{\"@type\":\"ListItem\",\"position\":2,\"name\":\"Diez falsos mitos sobre los seguros de vida (La Vanguardia)\"}]},{\"@type\":\"WebSite\",\"@id\":\"https:\/\/www.cmalleida.com\/es\/#website\",\"url\":\"https:\/\/www.cmalleida.com\/es\/\",\"name\":\"Col\u00b7legi de Mediadors d&#039;Assegurances de Lleida\",\"description\":\"Otro sitio realizado con WordPress\",\"publisher\":{\"@id\":\"https:\/\/www.cmalleida.com\/es\/#organization\"},\"potentialAction\":[{\"@type\":\"SearchAction\",\"target\":{\"@type\":\"EntryPoint\",\"urlTemplate\":\"https:\/\/www.cmalleida.com\/es\/?s={search_term_string}\"},\"query-input\":{\"@type\":\"PropertyValueSpecification\",\"valueRequired\":true,\"valueName\":\"search_term_string\"}}],\"inLanguage\":\"es\"},{\"@type\":\"Organization\",\"@id\":\"https:\/\/www.cmalleida.com\/es\/#organization\",\"name\":\"Col\u00b7legi de Mediadors d'Assegurances de Lleida\",\"url\":\"https:\/\/www.cmalleida.com\/es\/\",\"logo\":{\"@type\":\"ImageObject\",\"inLanguage\":\"es\",\"@id\":\"https:\/\/www.cmalleida.com\/es\/#\/schema\/logo\/image\/\",\"url\":\"\",\"contentUrl\":\"\",\"caption\":\"Col\u00b7legi de Mediadors d'Assegurances de Lleida\"},\"image\":{\"@id\":\"https:\/\/www.cmalleida.com\/es\/#\/schema\/logo\/image\/\"}},{\"@type\":\"Person\",\"@id\":\"https:\/\/www.cmalleida.com\/es\/#\/schema\/person\/bc84b7874fa5ac8a15c15a050fb3b79c\",\"name\":\"Col\u00b7legi Mediadors\",\"image\":{\"@type\":\"ImageObject\",\"inLanguage\":\"es\",\"@id\":\"https:\/\/secure.gravatar.com\/avatar\/05a66e0aafde4a91aea6f2c243b0b99b03dac1cca78dc84298f5e7e7ad4dfd33?s=96&d=mm&r=g\",\"url\":\"https:\/\/secure.gravatar.com\/avatar\/05a66e0aafde4a91aea6f2c243b0b99b03dac1cca78dc84298f5e7e7ad4dfd33?s=96&d=mm&r=g\",\"contentUrl\":\"https:\/\/secure.gravatar.com\/avatar\/05a66e0aafde4a91aea6f2c243b0b99b03dac1cca78dc84298f5e7e7ad4dfd33?s=96&d=mm&r=g\",\"caption\":\"Col\u00b7legi Mediadors\"}}]}<\/script>\n<!-- \/ Yoast SEO plugin. -->","yoast_head_json":{"title":"Diez falsos mitos sobre los seguros de vida (La Vanguardia) - Col\u00b7legi de Mediadors d&#039;Assegurances de Lleida","robots":{"index":"index","follow":"follow","max-snippet":"max-snippet:-1","max-image-preview":"max-image-preview:large","max-video-preview":"max-video-preview:-1"},"canonical":"https:\/\/www.cmalleida.com\/es\/diez-falsos-mitos-sobre-los-seguros-de-vida-la-vanguardia\/","og_locale":"es_ES","og_type":"article","og_title":"Diez falsos mitos sobre los seguros de vida (La Vanguardia) - Col\u00b7legi de Mediadors d&#039;Assegurances de Lleida","og_description":"Alrededor de 30 millones de espa\u00f1oles han contratado este producto de ahorro y prevenci\u00f3n REDACCI\u00d3N Publicado a 8-06-2018 6:47 El seguro de vida es un... Llegeix m\u00e9s","og_url":"https:\/\/www.cmalleida.com\/es\/diez-falsos-mitos-sobre-los-seguros-de-vida-la-vanguardia\/","og_site_name":"Col\u00b7legi de Mediadors d&#039;Assegurances de Lleida","article_published_time":"2018-06-08T07:58:38+00:00","og_image":[{"width":762,"height":762,"url":"https:\/\/www.cmalleida.com\/wp-content\/uploads\/cmall-lleida-actualitat-redona762.jpg","type":"image\/jpeg"}],"author":"Col\u00b7legi Mediadors","twitter_card":"summary_large_image","twitter_misc":{"Written by":"Col\u00b7legi Mediadors","Est. reading time":"4 minutos"},"schema":{"@context":"https:\/\/schema.org","@graph":[{"@type":"Article","@id":"https:\/\/www.cmalleida.com\/es\/diez-falsos-mitos-sobre-los-seguros-de-vida-la-vanguardia\/#article","isPartOf":{"@id":"https:\/\/www.cmalleida.com\/es\/diez-falsos-mitos-sobre-los-seguros-de-vida-la-vanguardia\/"},"author":{"name":"Col\u00b7legi Mediadors","@id":"https:\/\/www.cmalleida.com\/es\/#\/schema\/person\/bc84b7874fa5ac8a15c15a050fb3b79c"},"headline":"Diez falsos mitos sobre los seguros de vida (La Vanguardia)","datePublished":"2018-06-08T07:58:38+00:00","mainEntityOfPage":{"@id":"https:\/\/www.cmalleida.com\/es\/diez-falsos-mitos-sobre-los-seguros-de-vida-la-vanguardia\/"},"wordCount":876,"publisher":{"@id":"https:\/\/www.cmalleida.com\/es\/#organization"},"image":{"@id":"https:\/\/www.cmalleida.com\/es\/diez-falsos-mitos-sobre-los-seguros-de-vida-la-vanguardia\/#primaryimage"},"thumbnailUrl":"https:\/\/www.cmalleida.com\/wp-content\/uploads\/cmall-lleida-actualitat-redona762.jpg","articleSection":["Actualidad"],"inLanguage":"es"},{"@type":"WebPage","@id":"https:\/\/www.cmalleida.com\/es\/diez-falsos-mitos-sobre-los-seguros-de-vida-la-vanguardia\/","url":"https:\/\/www.cmalleida.com\/es\/diez-falsos-mitos-sobre-los-seguros-de-vida-la-vanguardia\/","name":"Diez falsos mitos sobre los seguros de vida (La Vanguardia) - Col\u00b7legi de Mediadors d&#039;Assegurances de Lleida","isPartOf":{"@id":"https:\/\/www.cmalleida.com\/es\/#website"},"primaryImageOfPage":{"@id":"https:\/\/www.cmalleida.com\/es\/diez-falsos-mitos-sobre-los-seguros-de-vida-la-vanguardia\/#primaryimage"},"image":{"@id":"https:\/\/www.cmalleida.com\/es\/diez-falsos-mitos-sobre-los-seguros-de-vida-la-vanguardia\/#primaryimage"},"thumbnailUrl":"https:\/\/www.cmalleida.com\/wp-content\/uploads\/cmall-lleida-actualitat-redona762.jpg","datePublished":"2018-06-08T07:58:38+00:00","breadcrumb":{"@id":"https:\/\/www.cmalleida.com\/es\/diez-falsos-mitos-sobre-los-seguros-de-vida-la-vanguardia\/#breadcrumb"},"inLanguage":"es","potentialAction":[{"@type":"ReadAction","target":["https:\/\/www.cmalleida.com\/es\/diez-falsos-mitos-sobre-los-seguros-de-vida-la-vanguardia\/"]}]},{"@type":"ImageObject","inLanguage":"es","@id":"https:\/\/www.cmalleida.com\/es\/diez-falsos-mitos-sobre-los-seguros-de-vida-la-vanguardia\/#primaryimage","url":"https:\/\/www.cmalleida.com\/wp-content\/uploads\/cmall-lleida-actualitat-redona762.jpg","contentUrl":"https:\/\/www.cmalleida.com\/wp-content\/uploads\/cmall-lleida-actualitat-redona762.jpg","width":762,"height":762,"caption":"cmall-lleida-actualitat-redona762"},{"@type":"BreadcrumbList","@id":"https:\/\/www.cmalleida.com\/es\/diez-falsos-mitos-sobre-los-seguros-de-vida-la-vanguardia\/#breadcrumb","itemListElement":[{"@type":"ListItem","position":1,"name":"Inici","item":"https:\/\/www.cmalleida.com\/es\/"},{"@type":"ListItem","position":2,"name":"Diez falsos mitos sobre los seguros de vida (La Vanguardia)"}]},{"@type":"WebSite","@id":"https:\/\/www.cmalleida.com\/es\/#website","url":"https:\/\/www.cmalleida.com\/es\/","name":"Col\u00b7legi de Mediadors d&#039;Assegurances de Lleida","description":"Otro sitio realizado con WordPress","publisher":{"@id":"https:\/\/www.cmalleida.com\/es\/#organization"},"potentialAction":[{"@type":"SearchAction","target":{"@type":"EntryPoint","urlTemplate":"https:\/\/www.cmalleida.com\/es\/?s={search_term_string}"},"query-input":{"@type":"PropertyValueSpecification","valueRequired":true,"valueName":"search_term_string"}}],"inLanguage":"es"},{"@type":"Organization","@id":"https:\/\/www.cmalleida.com\/es\/#organization","name":"Col\u00b7legi de Mediadors d'Assegurances de Lleida","url":"https:\/\/www.cmalleida.com\/es\/","logo":{"@type":"ImageObject","inLanguage":"es","@id":"https:\/\/www.cmalleida.com\/es\/#\/schema\/logo\/image\/","url":"","contentUrl":"","caption":"Col\u00b7legi de Mediadors d'Assegurances de Lleida"},"image":{"@id":"https:\/\/www.cmalleida.com\/es\/#\/schema\/logo\/image\/"}},{"@type":"Person","@id":"https:\/\/www.cmalleida.com\/es\/#\/schema\/person\/bc84b7874fa5ac8a15c15a050fb3b79c","name":"Col\u00b7legi Mediadors","image":{"@type":"ImageObject","inLanguage":"es","@id":"https:\/\/secure.gravatar.com\/avatar\/05a66e0aafde4a91aea6f2c243b0b99b03dac1cca78dc84298f5e7e7ad4dfd33?s=96&d=mm&r=g","url":"https:\/\/secure.gravatar.com\/avatar\/05a66e0aafde4a91aea6f2c243b0b99b03dac1cca78dc84298f5e7e7ad4dfd33?s=96&d=mm&r=g","contentUrl":"https:\/\/secure.gravatar.com\/avatar\/05a66e0aafde4a91aea6f2c243b0b99b03dac1cca78dc84298f5e7e7ad4dfd33?s=96&d=mm&r=g","caption":"Col\u00b7legi Mediadors"}}]}},"_links":{"self":[{"href":"https:\/\/www.cmalleida.com\/es\/wp-json\/wp\/v2\/posts\/2666","targetHints":{"allow":["GET"]}}],"collection":[{"href":"https:\/\/www.cmalleida.com\/es\/wp-json\/wp\/v2\/posts"}],"about":[{"href":"https:\/\/www.cmalleida.com\/es\/wp-json\/wp\/v2\/types\/post"}],"author":[{"embeddable":true,"href":"https:\/\/www.cmalleida.com\/es\/wp-json\/wp\/v2\/users\/3"}],"replies":[{"embeddable":true,"href":"https:\/\/www.cmalleida.com\/es\/wp-json\/wp\/v2\/comments?post=2666"}],"version-history":[{"count":1,"href":"https:\/\/www.cmalleida.com\/es\/wp-json\/wp\/v2\/posts\/2666\/revisions"}],"predecessor-version":[{"id":2667,"href":"https:\/\/www.cmalleida.com\/es\/wp-json\/wp\/v2\/posts\/2666\/revisions\/2667"}],"wp:featuredmedia":[{"embeddable":true,"href":"https:\/\/www.cmalleida.com\/es\/wp-json\/wp\/v2\/media\/1915"}],"wp:attachment":[{"href":"https:\/\/www.cmalleida.com\/es\/wp-json\/wp\/v2\/media?parent=2666"}],"wp:term":[{"taxonomy":"category","embeddable":true,"href":"https:\/\/www.cmalleida.com\/es\/wp-json\/wp\/v2\/categories?post=2666"},{"taxonomy":"post_tag","embeddable":true,"href":"https:\/\/www.cmalleida.com\/es\/wp-json\/wp\/v2\/tags?post=2666"}],"curies":[{"name":"wp","href":"https:\/\/api.w.org\/{rel}","templated":true}]}}