{"id":2608,"date":"2018-06-01T09:56:52","date_gmt":"2018-06-01T07:56:52","guid":{"rendered":"https:\/\/www.cmalleida.com\/?p=2608"},"modified":"2018-06-01T09:56:52","modified_gmt":"2018-06-01T07:56:52","slug":"que-desperfectos-por-culpa-de-la-tormenta-cubre-el-seguro-del-coche-abc","status":"publish","type":"post","link":"https:\/\/www.cmalleida.com\/es\/que-desperfectos-por-culpa-de-la-tormenta-cubre-el-seguro-del-coche-abc\/","title":{"rendered":"Qu\u00e9 desperfectos por culpa de la tormenta cubre el seguro del coche (ABC)"},"content":{"rendered":"<p><em>No todos los da\u00f1os en el coche debido a fen\u00f3menos meteorol\u00f3gicos est\u00e1n cubiertos por el seguro obligatorio o a todo riesgo<\/em><\/p>\n<p>Numerosas localidades espa\u00f1olas se han visto afectadas por las tormentas. Estas precipitaciones fuertes, en ocasiones en forma de granizo, han provocado inundaciones y numerosos desperfectos de todo tipo, que\u00a0<a href=\"http:\/\/www.abc.es\/motor\/reportajes\/abci-trucos-para-pasar-menos-calor-coche-201607111237_noticia.html#ns_campaign=mod-sugeridos&amp;ns_mchannel=relacionados&amp;ns_source=trucos-para-pasar-menos-calor-en-el-coche&amp;ns_linkname=noticia.foto.motor&amp;ns_fee=pos-3\">han podido afectar a los coches\u00a0<\/a>aparcados en la v\u00eda p\u00fablica, o que estaban circulando en medio del temporal.<\/p>\n<p>Las personas que hayan sufrido un desperfecto en sus viviendas o bienes inmuebles y veh\u00edculos\u00a0<strong>a causa de las inundaciones\u00a0<\/strong>o vientos del temporal, pueden reclamar los da\u00f1os ocasionados tanto en el continente como en el contenido siempre que tengan contratado un seguro.<\/p>\n<p>Abolladuras provocadas por el granizo, da\u00f1os provocados por las ramas de los \u00e1rboles y objetos desprendidos, son algunas de las consecuencias que han dejado las tormentas de los \u00faltimos d\u00edas. Excepto\u00a0<strong>los da\u00f1os causados por el granizo<\/strong>, que poco a poco est\u00e1 formando parte de las coberturas de las principales compa\u00f1\u00edas aseguradoras, los da\u00f1os en el coche debido a fen\u00f3menos meteorol\u00f3gicos no est\u00e1n cubiertos por el seguro del coche, aunque este sea a todo riesgo.<\/p>\n<p>Para solicitar la indemnizaci\u00f3n, lo primero que se debe hacer es dar parte a la compa\u00f1\u00eda aseguradora. En este tipo de situaciones, las compa\u00f1\u00edas\u00a0<strong>suelen adelantar el dinero\u00a0<\/strong>y posteriormente, reclam\u00e1rlo al Consorcio de Compensaci\u00f3n de Seguros.<\/p>\n<p>Si \u00fanicamente contamos con la cobertura obligatoria (seguro a terceros) el veh\u00edculo no estar\u00e1 cubierto ante ning\u00fan fen\u00f3meno natural, a no ser que incluya, al menos, una cobertura de da\u00f1os propios \u2013robo, lunas o incendio\u2013 o que se haya contratado una ampliaci\u00f3n en la p\u00f3liza para incluir este tipo de da\u00f1os.<\/p>\n<p>Cuando los coches, sufren da\u00f1os producidos por fen\u00f3menos de la naturaleza, \u00e9stos se consideran riesgos extraordinarios y est\u00e1n excluidos de la p\u00f3liza del seguro de hogar, es decir, la compa\u00f1\u00eda privada no los cubre.<a href=\"http:\/\/www.abc.es\/motor\/reportajes\/abci-consejos-para-buen-mantenimiento-vehiculo-durante-verano-201607191147_noticia.html#ns_campaign=mod-sugeridos&amp;ns_mchannel=relacionados&amp;ns_source=consejos-para-un-buen-mantenimiento-del-vehiculo-durante-el-verano&amp;ns_linkname=noticia.foto.motor&amp;ns_fee=pos-2\">\u00a0Para recibir la indemnizaci\u00f3n oportuna<\/a>, el procedimiento es reclamar ante el Consorcio de Compensaci\u00f3n de Seguros, una entidad adscrita al Ministerio de Hacienda, que es la encargada de compensar l<strong>os da\u00f1os producidos a las personas\u00a0<\/strong>y los bienes por determinados fen\u00f3menos de la naturales, entre otros.<\/p>\n<p>Siniestros habituales como la ca\u00edda de un \u00e1rbol sobre un coche aparcado o los causados por el desprendimiento de rocas en una zona de riesgo no son responsabilidad de las aseguradoras, sino del Consorcio de Compensaci\u00f3n de Seguros.<\/p>\n<p>Excepto los da\u00f1os causados por el granizo, que poco a poco est\u00e1 formando parte de las coberturas de las principales compa\u00f1\u00edas aseguradoras, los da\u00f1os en el coche debido a fen\u00f3menos meteorol\u00f3gicos\u00a0<strong>no est\u00e1n cubiertos por el seguro del coche<\/strong>, aunque este sea a todo riesgo.<\/p>\n<p>Si \u00fanicamente contamos con la cobertura obligatoria (seguro a terceros) el veh\u00edculo no estar\u00e1 cubierto ante ning\u00fan fen\u00f3meno natural, a no ser que incluya, al menos, una cobertura de da\u00f1os propios \u2013robo, lunas o incendio\u2013 o que se haya contratado una ampliaci\u00f3n en la p\u00f3liza para incluir este tipo de da\u00f1os.<\/p>\n<p>Un seguro a todo riesgo incluye, adem\u00e1s de los da\u00f1os a terceros, los provocados al veh\u00edculo propio, y con \u00e9l, un conductor est\u00e1 autom\u00e1ticamente asegurado por el Consorcio de Compensaci\u00f3n de Seguro, el cual se har\u00e1 responsable de riesgos extraordinarios como inundaciones y\u00a0<strong>vientos de rachas superiores a 120 km\/h<\/strong>, entre otros. Lo que no incluye el Consorcio es el granizo, la lluvia directa, el peso de la nieve ni los vientos inferiores a 120 Km\/h, por lo que la responsable de la indemnizaci\u00f3n ser\u00e1 la aseguradora siempre que la p\u00f3liza incluya una cobertura contra da\u00f1os meteorol\u00f3gicos.<\/p>\n<p>Desde el 1 de julio de 2016, todos los coches asegurados con una p\u00f3liza de\u00a0<a href=\"http:\/\/www.abc.es\/motor\/reportajes\/abci-donde-procede-lluvia-barro-destroza-coches-201607221646_noticia.html#ns_campaign=mod-sugeridos&amp;ns_mchannel=relacionados&amp;ns_source=de-donde-procede-la-lluvia-de-barro-que-destroza-los-coches&amp;ns_linkname=noticia.foto.motor&amp;ns_fee=pos-1\">seguro de responsabilidad civil\u00a0<\/a>de autom\u00f3viles en Espa\u00f1a pasan a estar cubiertos por el CCS (Consorcio de Compensaci\u00f3n de Seguros) por los da\u00f1os materiales producidos por riesgos extraordinarios,\u00a0<strong>a\u00fan cuando carecieran de cobertura de da\u00f1os propios<\/strong>. El Consorcio es un organismo estatal al que va destinada una parte del dinero de las p\u00f3lizas suscritas.<\/p>\n<p>La comunicaci\u00f3n de da\u00f1os materiales y solicitud de indemnizaci\u00f3n habr\u00e1 de efectuarse lo antes posible, bien mediante llamada telef\u00f3nica o bien on-line, a trav\u00e9s de la web del Consorcio de Compensaci\u00f3n de Seguros.<\/p>\n<h3>C\u00f3mo se solicita<\/h3>\n<p>La solicitud de la indemnizaci\u00f3n al Consorcio, tanto en el caso de da\u00f1os personales como materiales, se puede presentar directamente por el propio asegurado, por el tomador o por sus respectivos representantes, o bien a trav\u00e9s de la entidad aseguradora con la que se contrat\u00f3<strong>\u00a0la p\u00f3liza o del agente o corredor de seguros\u00a0<\/strong>que intervino en su contrataci\u00f3n.<\/p>\n<p>En el caso de solicitar indemnizaci\u00f3n por da\u00f1os materiales, la forma m\u00e1s r\u00e1pida y sencilla es presentar la solicitud por una de las siguientes v\u00edas: por tel\u00e9fono, llamando al 902 222 665 o al 952 367 042 o bien online, desde la propia p\u00e1gina web del Consorcio de Compensaci\u00f3n de seguros.<\/p>\n<p>Tambi\u00e9n se puede hacer<strong>\u00a0mediante un escrito dirigido a la Delegaci\u00f3n Regional del Consorcio correspondiente\u00a0<\/strong>(seg\u00fan el lugar de ocurrencia de los da\u00f1os), rellenando la \u00abHoja de Comunicaci\u00f3n de Da\u00f1os\u00bb y enviando\u00a0<a href=\"http:\/\/www.abc.es\/motor\/reportajes\/abci-consejos-para-conducir-seguros-medio-tormenta-201706261759_noticia.html\">la documentaci\u00f3n necesaria<\/a>. No obstante este m\u00e9todo supone que su tramitaci\u00f3n no podr\u00e1 ser tan r\u00e1pida como en el caso de las v\u00edas telef\u00f3nica e internet, ya que en estas dos \u00faltimas el registro de la solicitud y la asignaci\u00f3n de la misma a perito tasador de da\u00f1os son procesos automatizados.<\/p>\n","protected":false},"excerpt":{"rendered":"<p>No todos los da\u00f1os en el coche debido a fen\u00f3menos meteorol\u00f3gicos est\u00e1n cubiertos por el seguro obligatorio o a todo riesgo Numerosas localidades espa\u00f1olas se&#8230; <a href=\"https:\/\/www.cmalleida.com\/es\/que-desperfectos-por-culpa-de-la-tormenta-cubre-el-seguro-del-coche-abc\/\" rel=\"nofollow\" class=\"lollegirmes\">Llegeix m\u00e9s<\/a><\/p>\n","protected":false},"author":3,"featured_media":2140,"comment_status":"closed","ping_status":"closed","sticky":false,"template":"","format":"standard","meta":{"_acf_changed":false,"_genesis_hide_title":false,"_genesis_hide_breadcrumbs":false,"_genesis_hide_singular_image":false,"_genesis_hide_footer_widgets":false,"_genesis_custom_body_class":"","_genesis_custom_post_class":"","_genesis_layout":"","footnotes":""},"categories":[28,62],"tags":[],"class_list":{"0":"post-2608","1":"post","2":"type-post","3":"status-publish","4":"format-standard","5":"has-post-thumbnail","7":"category-actualidad","8":"category-sinistres-es","9":"entry"},"acf":[],"yoast_head":"<!-- This site is optimized with the Yoast SEO plugin v27.2 - https:\/\/yoast.com\/product\/yoast-seo-wordpress\/ -->\n<title>Qu\u00e9 desperfectos por culpa de la tormenta cubre el seguro del coche (ABC) - Col\u00b7legi de Mediadors d&#039;Assegurances de Lleida<\/title>\n<meta name=\"robots\" content=\"index, follow, max-snippet:-1, max-image-preview:large, max-video-preview:-1\" \/>\n<link rel=\"canonical\" href=\"https:\/\/www.cmalleida.com\/es\/que-desperfectos-por-culpa-de-la-tormenta-cubre-el-seguro-del-coche-abc\/\" \/>\n<meta property=\"og:locale\" content=\"es_ES\" \/>\n<meta property=\"og:type\" content=\"article\" \/>\n<meta property=\"og:title\" content=\"Qu\u00e9 desperfectos por culpa de la tormenta cubre el seguro del coche (ABC) - Col\u00b7legi de Mediadors d&#039;Assegurances de Lleida\" \/>\n<meta property=\"og:description\" content=\"No todos los da\u00f1os en el coche debido a fen\u00f3menos meteorol\u00f3gicos est\u00e1n cubiertos por el seguro obligatorio o a todo riesgo Numerosas localidades espa\u00f1olas se... Llegeix m\u00e9s\" \/>\n<meta property=\"og:url\" content=\"https:\/\/www.cmalleida.com\/es\/que-desperfectos-por-culpa-de-la-tormenta-cubre-el-seguro-del-coche-abc\/\" \/>\n<meta property=\"og:site_name\" content=\"Col\u00b7legi de Mediadors d&#039;Assegurances de Lleida\" \/>\n<meta property=\"article:published_time\" content=\"2018-06-01T07:56:52+00:00\" \/>\n<meta property=\"og:image\" content=\"https:\/\/www.cmalleida.com\/wp-content\/uploads\/cmall-lleida-actualitat-inunda762.jpg\" \/>\n\t<meta property=\"og:image:width\" content=\"762\" \/>\n\t<meta property=\"og:image:height\" content=\"762\" \/>\n\t<meta property=\"og:image:type\" content=\"image\/jpeg\" \/>\n<meta name=\"author\" content=\"Col\u00b7legi Mediadors\" \/>\n<meta name=\"twitter:card\" content=\"summary_large_image\" \/>\n<meta name=\"twitter:label1\" content=\"Written by\" \/>\n\t<meta name=\"twitter:data1\" content=\"Col\u00b7legi Mediadors\" \/>\n\t<meta name=\"twitter:label2\" content=\"Est. reading time\" \/>\n\t<meta name=\"twitter:data2\" content=\"5 minutos\" \/>\n<script type=\"application\/ld+json\" class=\"yoast-schema-graph\">{\"@context\":\"https:\/\/schema.org\",\"@graph\":[{\"@type\":\"Article\",\"@id\":\"https:\/\/www.cmalleida.com\/es\/que-desperfectos-por-culpa-de-la-tormenta-cubre-el-seguro-del-coche-abc\/#article\",\"isPartOf\":{\"@id\":\"https:\/\/www.cmalleida.com\/es\/que-desperfectos-por-culpa-de-la-tormenta-cubre-el-seguro-del-coche-abc\/\"},\"author\":{\"name\":\"Col\u00b7legi Mediadors\",\"@id\":\"https:\/\/www.cmalleida.com\/es\/#\/schema\/person\/bc84b7874fa5ac8a15c15a050fb3b79c\"},\"headline\":\"Qu\u00e9 desperfectos por culpa de la tormenta cubre el seguro del coche (ABC)\",\"datePublished\":\"2018-06-01T07:56:52+00:00\",\"mainEntityOfPage\":{\"@id\":\"https:\/\/www.cmalleida.com\/es\/que-desperfectos-por-culpa-de-la-tormenta-cubre-el-seguro-del-coche-abc\/\"},\"wordCount\":993,\"publisher\":{\"@id\":\"https:\/\/www.cmalleida.com\/es\/#organization\"},\"image\":{\"@id\":\"https:\/\/www.cmalleida.com\/es\/que-desperfectos-por-culpa-de-la-tormenta-cubre-el-seguro-del-coche-abc\/#primaryimage\"},\"thumbnailUrl\":\"https:\/\/www.cmalleida.com\/wp-content\/uploads\/cmall-lleida-actualitat-inunda762.jpg\",\"articleSection\":[\"Actualidad\",\"Sinistres\"],\"inLanguage\":\"es\"},{\"@type\":\"WebPage\",\"@id\":\"https:\/\/www.cmalleida.com\/es\/que-desperfectos-por-culpa-de-la-tormenta-cubre-el-seguro-del-coche-abc\/\",\"url\":\"https:\/\/www.cmalleida.com\/es\/que-desperfectos-por-culpa-de-la-tormenta-cubre-el-seguro-del-coche-abc\/\",\"name\":\"Qu\u00e9 desperfectos por culpa de la tormenta cubre el seguro del coche (ABC) - Col\u00b7legi de Mediadors d&#039;Assegurances de Lleida\",\"isPartOf\":{\"@id\":\"https:\/\/www.cmalleida.com\/es\/#website\"},\"primaryImageOfPage\":{\"@id\":\"https:\/\/www.cmalleida.com\/es\/que-desperfectos-por-culpa-de-la-tormenta-cubre-el-seguro-del-coche-abc\/#primaryimage\"},\"image\":{\"@id\":\"https:\/\/www.cmalleida.com\/es\/que-desperfectos-por-culpa-de-la-tormenta-cubre-el-seguro-del-coche-abc\/#primaryimage\"},\"thumbnailUrl\":\"https:\/\/www.cmalleida.com\/wp-content\/uploads\/cmall-lleida-actualitat-inunda762.jpg\",\"datePublished\":\"2018-06-01T07:56:52+00:00\",\"breadcrumb\":{\"@id\":\"https:\/\/www.cmalleida.com\/es\/que-desperfectos-por-culpa-de-la-tormenta-cubre-el-seguro-del-coche-abc\/#breadcrumb\"},\"inLanguage\":\"es\",\"potentialAction\":[{\"@type\":\"ReadAction\",\"target\":[\"https:\/\/www.cmalleida.com\/es\/que-desperfectos-por-culpa-de-la-tormenta-cubre-el-seguro-del-coche-abc\/\"]}]},{\"@type\":\"ImageObject\",\"inLanguage\":\"es\",\"@id\":\"https:\/\/www.cmalleida.com\/es\/que-desperfectos-por-culpa-de-la-tormenta-cubre-el-seguro-del-coche-abc\/#primaryimage\",\"url\":\"https:\/\/www.cmalleida.com\/wp-content\/uploads\/cmall-lleida-actualitat-inunda762.jpg\",\"contentUrl\":\"https:\/\/www.cmalleida.com\/wp-content\/uploads\/cmall-lleida-actualitat-inunda762.jpg\",\"width\":762,\"height\":762,\"caption\":\"cmall-lleida-actualitat-inunda762\"},{\"@type\":\"BreadcrumbList\",\"@id\":\"https:\/\/www.cmalleida.com\/es\/que-desperfectos-por-culpa-de-la-tormenta-cubre-el-seguro-del-coche-abc\/#breadcrumb\",\"itemListElement\":[{\"@type\":\"ListItem\",\"position\":1,\"name\":\"Inici\",\"item\":\"https:\/\/www.cmalleida.com\/es\/\"},{\"@type\":\"ListItem\",\"position\":2,\"name\":\"Qu\u00e9 desperfectos por culpa de la tormenta cubre el seguro del coche (ABC)\"}]},{\"@type\":\"WebSite\",\"@id\":\"https:\/\/www.cmalleida.com\/es\/#website\",\"url\":\"https:\/\/www.cmalleida.com\/es\/\",\"name\":\"Col\u00b7legi de Mediadors d&#039;Assegurances de Lleida\",\"description\":\"Otro sitio realizado con WordPress\",\"publisher\":{\"@id\":\"https:\/\/www.cmalleida.com\/es\/#organization\"},\"potentialAction\":[{\"@type\":\"SearchAction\",\"target\":{\"@type\":\"EntryPoint\",\"urlTemplate\":\"https:\/\/www.cmalleida.com\/es\/?s={search_term_string}\"},\"query-input\":{\"@type\":\"PropertyValueSpecification\",\"valueRequired\":true,\"valueName\":\"search_term_string\"}}],\"inLanguage\":\"es\"},{\"@type\":\"Organization\",\"@id\":\"https:\/\/www.cmalleida.com\/es\/#organization\",\"name\":\"Col\u00b7legi de Mediadors d'Assegurances de Lleida\",\"url\":\"https:\/\/www.cmalleida.com\/es\/\",\"logo\":{\"@type\":\"ImageObject\",\"inLanguage\":\"es\",\"@id\":\"https:\/\/www.cmalleida.com\/es\/#\/schema\/logo\/image\/\",\"url\":\"\",\"contentUrl\":\"\",\"caption\":\"Col\u00b7legi de Mediadors d'Assegurances de Lleida\"},\"image\":{\"@id\":\"https:\/\/www.cmalleida.com\/es\/#\/schema\/logo\/image\/\"}},{\"@type\":\"Person\",\"@id\":\"https:\/\/www.cmalleida.com\/es\/#\/schema\/person\/bc84b7874fa5ac8a15c15a050fb3b79c\",\"name\":\"Col\u00b7legi Mediadors\",\"image\":{\"@type\":\"ImageObject\",\"inLanguage\":\"es\",\"@id\":\"https:\/\/secure.gravatar.com\/avatar\/05a66e0aafde4a91aea6f2c243b0b99b03dac1cca78dc84298f5e7e7ad4dfd33?s=96&d=mm&r=g\",\"url\":\"https:\/\/secure.gravatar.com\/avatar\/05a66e0aafde4a91aea6f2c243b0b99b03dac1cca78dc84298f5e7e7ad4dfd33?s=96&d=mm&r=g\",\"contentUrl\":\"https:\/\/secure.gravatar.com\/avatar\/05a66e0aafde4a91aea6f2c243b0b99b03dac1cca78dc84298f5e7e7ad4dfd33?s=96&d=mm&r=g\",\"caption\":\"Col\u00b7legi Mediadors\"}}]}<\/script>\n<!-- \/ Yoast SEO plugin. -->","yoast_head_json":{"title":"Qu\u00e9 desperfectos por culpa de la tormenta cubre el seguro del coche (ABC) - Col\u00b7legi de Mediadors d&#039;Assegurances de Lleida","robots":{"index":"index","follow":"follow","max-snippet":"max-snippet:-1","max-image-preview":"max-image-preview:large","max-video-preview":"max-video-preview:-1"},"canonical":"https:\/\/www.cmalleida.com\/es\/que-desperfectos-por-culpa-de-la-tormenta-cubre-el-seguro-del-coche-abc\/","og_locale":"es_ES","og_type":"article","og_title":"Qu\u00e9 desperfectos por culpa de la tormenta cubre el seguro del coche (ABC) - Col\u00b7legi de Mediadors d&#039;Assegurances de Lleida","og_description":"No todos los da\u00f1os en el coche debido a fen\u00f3menos meteorol\u00f3gicos est\u00e1n cubiertos por el seguro obligatorio o a todo riesgo Numerosas localidades espa\u00f1olas se... Llegeix m\u00e9s","og_url":"https:\/\/www.cmalleida.com\/es\/que-desperfectos-por-culpa-de-la-tormenta-cubre-el-seguro-del-coche-abc\/","og_site_name":"Col\u00b7legi de Mediadors d&#039;Assegurances de Lleida","article_published_time":"2018-06-01T07:56:52+00:00","og_image":[{"width":762,"height":762,"url":"https:\/\/www.cmalleida.com\/wp-content\/uploads\/cmall-lleida-actualitat-inunda762.jpg","type":"image\/jpeg"}],"author":"Col\u00b7legi Mediadors","twitter_card":"summary_large_image","twitter_misc":{"Written by":"Col\u00b7legi Mediadors","Est. reading time":"5 minutos"},"schema":{"@context":"https:\/\/schema.org","@graph":[{"@type":"Article","@id":"https:\/\/www.cmalleida.com\/es\/que-desperfectos-por-culpa-de-la-tormenta-cubre-el-seguro-del-coche-abc\/#article","isPartOf":{"@id":"https:\/\/www.cmalleida.com\/es\/que-desperfectos-por-culpa-de-la-tormenta-cubre-el-seguro-del-coche-abc\/"},"author":{"name":"Col\u00b7legi Mediadors","@id":"https:\/\/www.cmalleida.com\/es\/#\/schema\/person\/bc84b7874fa5ac8a15c15a050fb3b79c"},"headline":"Qu\u00e9 desperfectos por culpa de la tormenta cubre el seguro del coche (ABC)","datePublished":"2018-06-01T07:56:52+00:00","mainEntityOfPage":{"@id":"https:\/\/www.cmalleida.com\/es\/que-desperfectos-por-culpa-de-la-tormenta-cubre-el-seguro-del-coche-abc\/"},"wordCount":993,"publisher":{"@id":"https:\/\/www.cmalleida.com\/es\/#organization"},"image":{"@id":"https:\/\/www.cmalleida.com\/es\/que-desperfectos-por-culpa-de-la-tormenta-cubre-el-seguro-del-coche-abc\/#primaryimage"},"thumbnailUrl":"https:\/\/www.cmalleida.com\/wp-content\/uploads\/cmall-lleida-actualitat-inunda762.jpg","articleSection":["Actualidad","Sinistres"],"inLanguage":"es"},{"@type":"WebPage","@id":"https:\/\/www.cmalleida.com\/es\/que-desperfectos-por-culpa-de-la-tormenta-cubre-el-seguro-del-coche-abc\/","url":"https:\/\/www.cmalleida.com\/es\/que-desperfectos-por-culpa-de-la-tormenta-cubre-el-seguro-del-coche-abc\/","name":"Qu\u00e9 desperfectos por culpa de la tormenta cubre el seguro del coche (ABC) - Col\u00b7legi de Mediadors d&#039;Assegurances de Lleida","isPartOf":{"@id":"https:\/\/www.cmalleida.com\/es\/#website"},"primaryImageOfPage":{"@id":"https:\/\/www.cmalleida.com\/es\/que-desperfectos-por-culpa-de-la-tormenta-cubre-el-seguro-del-coche-abc\/#primaryimage"},"image":{"@id":"https:\/\/www.cmalleida.com\/es\/que-desperfectos-por-culpa-de-la-tormenta-cubre-el-seguro-del-coche-abc\/#primaryimage"},"thumbnailUrl":"https:\/\/www.cmalleida.com\/wp-content\/uploads\/cmall-lleida-actualitat-inunda762.jpg","datePublished":"2018-06-01T07:56:52+00:00","breadcrumb":{"@id":"https:\/\/www.cmalleida.com\/es\/que-desperfectos-por-culpa-de-la-tormenta-cubre-el-seguro-del-coche-abc\/#breadcrumb"},"inLanguage":"es","potentialAction":[{"@type":"ReadAction","target":["https:\/\/www.cmalleida.com\/es\/que-desperfectos-por-culpa-de-la-tormenta-cubre-el-seguro-del-coche-abc\/"]}]},{"@type":"ImageObject","inLanguage":"es","@id":"https:\/\/www.cmalleida.com\/es\/que-desperfectos-por-culpa-de-la-tormenta-cubre-el-seguro-del-coche-abc\/#primaryimage","url":"https:\/\/www.cmalleida.com\/wp-content\/uploads\/cmall-lleida-actualitat-inunda762.jpg","contentUrl":"https:\/\/www.cmalleida.com\/wp-content\/uploads\/cmall-lleida-actualitat-inunda762.jpg","width":762,"height":762,"caption":"cmall-lleida-actualitat-inunda762"},{"@type":"BreadcrumbList","@id":"https:\/\/www.cmalleida.com\/es\/que-desperfectos-por-culpa-de-la-tormenta-cubre-el-seguro-del-coche-abc\/#breadcrumb","itemListElement":[{"@type":"ListItem","position":1,"name":"Inici","item":"https:\/\/www.cmalleida.com\/es\/"},{"@type":"ListItem","position":2,"name":"Qu\u00e9 desperfectos por culpa de la tormenta cubre el seguro del coche (ABC)"}]},{"@type":"WebSite","@id":"https:\/\/www.cmalleida.com\/es\/#website","url":"https:\/\/www.cmalleida.com\/es\/","name":"Col\u00b7legi de Mediadors d&#039;Assegurances de Lleida","description":"Otro sitio realizado con WordPress","publisher":{"@id":"https:\/\/www.cmalleida.com\/es\/#organization"},"potentialAction":[{"@type":"SearchAction","target":{"@type":"EntryPoint","urlTemplate":"https:\/\/www.cmalleida.com\/es\/?s={search_term_string}"},"query-input":{"@type":"PropertyValueSpecification","valueRequired":true,"valueName":"search_term_string"}}],"inLanguage":"es"},{"@type":"Organization","@id":"https:\/\/www.cmalleida.com\/es\/#organization","name":"Col\u00b7legi de Mediadors d'Assegurances de Lleida","url":"https:\/\/www.cmalleida.com\/es\/","logo":{"@type":"ImageObject","inLanguage":"es","@id":"https:\/\/www.cmalleida.com\/es\/#\/schema\/logo\/image\/","url":"","contentUrl":"","caption":"Col\u00b7legi de Mediadors d'Assegurances de Lleida"},"image":{"@id":"https:\/\/www.cmalleida.com\/es\/#\/schema\/logo\/image\/"}},{"@type":"Person","@id":"https:\/\/www.cmalleida.com\/es\/#\/schema\/person\/bc84b7874fa5ac8a15c15a050fb3b79c","name":"Col\u00b7legi Mediadors","image":{"@type":"ImageObject","inLanguage":"es","@id":"https:\/\/secure.gravatar.com\/avatar\/05a66e0aafde4a91aea6f2c243b0b99b03dac1cca78dc84298f5e7e7ad4dfd33?s=96&d=mm&r=g","url":"https:\/\/secure.gravatar.com\/avatar\/05a66e0aafde4a91aea6f2c243b0b99b03dac1cca78dc84298f5e7e7ad4dfd33?s=96&d=mm&r=g","contentUrl":"https:\/\/secure.gravatar.com\/avatar\/05a66e0aafde4a91aea6f2c243b0b99b03dac1cca78dc84298f5e7e7ad4dfd33?s=96&d=mm&r=g","caption":"Col\u00b7legi Mediadors"}}]}},"_links":{"self":[{"href":"https:\/\/www.cmalleida.com\/es\/wp-json\/wp\/v2\/posts\/2608","targetHints":{"allow":["GET"]}}],"collection":[{"href":"https:\/\/www.cmalleida.com\/es\/wp-json\/wp\/v2\/posts"}],"about":[{"href":"https:\/\/www.cmalleida.com\/es\/wp-json\/wp\/v2\/types\/post"}],"author":[{"embeddable":true,"href":"https:\/\/www.cmalleida.com\/es\/wp-json\/wp\/v2\/users\/3"}],"replies":[{"embeddable":true,"href":"https:\/\/www.cmalleida.com\/es\/wp-json\/wp\/v2\/comments?post=2608"}],"version-history":[{"count":1,"href":"https:\/\/www.cmalleida.com\/es\/wp-json\/wp\/v2\/posts\/2608\/revisions"}],"predecessor-version":[{"id":2609,"href":"https:\/\/www.cmalleida.com\/es\/wp-json\/wp\/v2\/posts\/2608\/revisions\/2609"}],"wp:featuredmedia":[{"embeddable":true,"href":"https:\/\/www.cmalleida.com\/es\/wp-json\/wp\/v2\/media\/2140"}],"wp:attachment":[{"href":"https:\/\/www.cmalleida.com\/es\/wp-json\/wp\/v2\/media?parent=2608"}],"wp:term":[{"taxonomy":"category","embeddable":true,"href":"https:\/\/www.cmalleida.com\/es\/wp-json\/wp\/v2\/categories?post=2608"},{"taxonomy":"post_tag","embeddable":true,"href":"https:\/\/www.cmalleida.com\/es\/wp-json\/wp\/v2\/tags?post=2608"}],"curies":[{"name":"wp","href":"https:\/\/api.w.org\/{rel}","templated":true}]}}