{"id":2596,"date":"2018-06-01T09:09:48","date_gmt":"2018-06-01T07:09:48","guid":{"rendered":"https:\/\/www.cmalleida.com\/?p=2596"},"modified":"2018-06-01T09:12:11","modified_gmt":"2018-06-01T07:12:11","slug":"el-col%c2%b7legi-y-plus-ultra-seguros-firman-un-acuerdo-de-colaboracion","status":"publish","type":"post","link":"https:\/\/www.cmalleida.com\/es\/el-col%c2%b7legi-y-plus-ultra-seguros-firman-un-acuerdo-de-colaboracion\/","title":{"rendered":"El Col\u00b7legi y Plus Ultra Seguros firman un acuerdo de colaboraci\u00f3n"},"content":{"rendered":"<p><em>El convenio es de car\u00e1cter anual<\/em><br \/>\n<em>Potenciar la formaci\u00f3n de los mediadores de seguros colegiados es uno de los objetivos<\/em><\/p>\n<p>El Col\u00b7legi de Mediadors d\u2019Assegurances de Lleida y Plus Ultra Seguros han llegado a un acuerdo de\u00a0colaboraci\u00f3n anual con vigencia hasta el 31 de diciembre de 2018.<\/p>\n<p>El Sr. Javier Barber\u00e1, presidente del Col\u00b7legi y el Sr. Miquel Corteganos, director territorial de Catalunya y\u00a0Arag\u00f3n de Plus Ultra Seguros, han firmado recientemente el convenio de colaboraci\u00f3n entre las dos\u00a0partes. El convenio expone que tanto el Col\u00b7legi como la entidad Plus Ultra Seguros potenciar\u00e1n la\u00a0formaci\u00f3n de los mediadores de seguros que est\u00e9n colegiados. La formaci\u00f3n se recibir\u00e1 a trav\u00e9s de\u00a0actividades espec\u00edficas de docencia.<\/p>\n<p>Adem\u00e1s, ambas partes se comprometen a difundir todas las actividades conjuntas, as\u00ed como se facilita a\u00a0la entidad el uso de espacios comunes del Col\u00b7legi y la invitaci\u00f3n a actos.<\/p>\n","protected":false},"excerpt":{"rendered":"<p>El convenio es de car\u00e1cter anual Potenciar la formaci\u00f3n de los mediadores de seguros colegiados es uno de los objetivos El Col\u00b7legi de Mediadors d\u2019Assegurances&#8230; <a href=\"https:\/\/www.cmalleida.com\/es\/el-col%c2%b7legi-y-plus-ultra-seguros-firman-un-acuerdo-de-colaboracion\/\" rel=\"nofollow\" class=\"lollegirmes\">Llegeix m\u00e9s<\/a><\/p>\n","protected":false},"author":3,"featured_media":2593,"comment_status":"closed","ping_status":"closed","sticky":false,"template":"","format":"standard","meta":{"_acf_changed":false,"_genesis_hide_title":false,"_genesis_hide_breadcrumbs":false,"_genesis_hide_singular_image":false,"_genesis_hide_footer_widgets":false,"_genesis_custom_body_class":"","_genesis_custom_post_class":"","_genesis_layout":"","footnotes":""},"categories":[28,60],"tags":[],"class_list":{"0":"post-2596","1":"post","2":"type-post","3":"status-publish","4":"format-standard","5":"has-post-thumbnail","7":"category-actualidad","8":"category-noticias-colegiales","9":"entry"},"acf":[],"yoast_head":"<!-- This site is optimized with the Yoast SEO plugin v27.2 - https:\/\/yoast.com\/product\/yoast-seo-wordpress\/ -->\n<title>El Col\u00b7legi y Plus Ultra Seguros firman un acuerdo de colaboraci\u00f3n - Col\u00b7legi de Mediadors d&#039;Assegurances de Lleida<\/title>\n<meta name=\"robots\" content=\"index, follow, max-snippet:-1, max-image-preview:large, max-video-preview:-1\" \/>\n<link rel=\"canonical\" href=\"https:\/\/www.cmalleida.com\/es\/el-col%c2%b7legi-y-plus-ultra-seguros-firman-un-acuerdo-de-colaboracion\/\" \/>\n<meta property=\"og:locale\" content=\"es_ES\" \/>\n<meta property=\"og:type\" content=\"article\" \/>\n<meta property=\"og:title\" content=\"El Col\u00b7legi y Plus Ultra Seguros firman un acuerdo de colaboraci\u00f3n - Col\u00b7legi de Mediadors d&#039;Assegurances de Lleida\" \/>\n<meta property=\"og:description\" content=\"El convenio es de car\u00e1cter anual Potenciar la formaci\u00f3n de los mediadores de seguros colegiados es uno de los objetivos El Col\u00b7legi de Mediadors d\u2019Assegurances... Llegeix m\u00e9s\" \/>\n<meta property=\"og:url\" content=\"https:\/\/www.cmalleida.com\/es\/el-col%c2%b7legi-y-plus-ultra-seguros-firman-un-acuerdo-de-colaboracion\/\" \/>\n<meta property=\"og:site_name\" content=\"Col\u00b7legi de Mediadors d&#039;Assegurances de Lleida\" \/>\n<meta property=\"article:published_time\" content=\"2018-06-01T07:09:48+00:00\" \/>\n<meta property=\"article:modified_time\" content=\"2018-06-01T07:12:11+00:00\" \/>\n<meta property=\"og:image\" content=\"https:\/\/www.cmalleida.com\/wp-content\/uploads\/foto-firma-conveni-collegi-plus-ultra-seguros.jpg\" \/>\n\t<meta property=\"og:image:width\" content=\"1024\" \/>\n\t<meta property=\"og:image:height\" content=\"684\" \/>\n\t<meta property=\"og:image:type\" content=\"image\/jpeg\" \/>\n<meta name=\"author\" content=\"Col\u00b7legi Mediadors\" \/>\n<meta name=\"twitter:card\" content=\"summary_large_image\" \/>\n<meta name=\"twitter:label1\" content=\"Written by\" \/>\n\t<meta name=\"twitter:data1\" content=\"Col\u00b7legi Mediadors\" \/>\n\t<meta name=\"twitter:label2\" content=\"Est. reading time\" \/>\n\t<meta name=\"twitter:data2\" content=\"1 minuto\" \/>\n<script type=\"application\/ld+json\" class=\"yoast-schema-graph\">{\"@context\":\"https:\/\/schema.org\",\"@graph\":[{\"@type\":\"Article\",\"@id\":\"https:\/\/www.cmalleida.com\/es\/el-col%c2%b7legi-y-plus-ultra-seguros-firman-un-acuerdo-de-colaboracion\/#article\",\"isPartOf\":{\"@id\":\"https:\/\/www.cmalleida.com\/es\/el-col%c2%b7legi-y-plus-ultra-seguros-firman-un-acuerdo-de-colaboracion\/\"},\"author\":{\"name\":\"Col\u00b7legi Mediadors\",\"@id\":\"https:\/\/www.cmalleida.com\/es\/#\/schema\/person\/bc84b7874fa5ac8a15c15a050fb3b79c\"},\"headline\":\"El Col\u00b7legi y Plus Ultra Seguros firman un acuerdo de colaboraci\u00f3n\",\"datePublished\":\"2018-06-01T07:09:48+00:00\",\"dateModified\":\"2018-06-01T07:12:11+00:00\",\"mainEntityOfPage\":{\"@id\":\"https:\/\/www.cmalleida.com\/es\/el-col%c2%b7legi-y-plus-ultra-seguros-firman-un-acuerdo-de-colaboracion\/\"},\"wordCount\":175,\"publisher\":{\"@id\":\"https:\/\/www.cmalleida.com\/es\/#organization\"},\"image\":{\"@id\":\"https:\/\/www.cmalleida.com\/es\/el-col%c2%b7legi-y-plus-ultra-seguros-firman-un-acuerdo-de-colaboracion\/#primaryimage\"},\"thumbnailUrl\":\"https:\/\/www.cmalleida.com\/wp-content\/uploads\/foto-firma-conveni-collegi-plus-ultra-seguros.jpg\",\"articleSection\":[\"Actualidad\",\"Noticias Colegiales\"],\"inLanguage\":\"es\"},{\"@type\":\"WebPage\",\"@id\":\"https:\/\/www.cmalleida.com\/es\/el-col%c2%b7legi-y-plus-ultra-seguros-firman-un-acuerdo-de-colaboracion\/\",\"url\":\"https:\/\/www.cmalleida.com\/es\/el-col%c2%b7legi-y-plus-ultra-seguros-firman-un-acuerdo-de-colaboracion\/\",\"name\":\"El Col\u00b7legi y Plus Ultra Seguros firman un acuerdo de colaboraci\u00f3n - Col\u00b7legi de Mediadors d&#039;Assegurances de Lleida\",\"isPartOf\":{\"@id\":\"https:\/\/www.cmalleida.com\/es\/#website\"},\"primaryImageOfPage\":{\"@id\":\"https:\/\/www.cmalleida.com\/es\/el-col%c2%b7legi-y-plus-ultra-seguros-firman-un-acuerdo-de-colaboracion\/#primaryimage\"},\"image\":{\"@id\":\"https:\/\/www.cmalleida.com\/es\/el-col%c2%b7legi-y-plus-ultra-seguros-firman-un-acuerdo-de-colaboracion\/#primaryimage\"},\"thumbnailUrl\":\"https:\/\/www.cmalleida.com\/wp-content\/uploads\/foto-firma-conveni-collegi-plus-ultra-seguros.jpg\",\"datePublished\":\"2018-06-01T07:09:48+00:00\",\"dateModified\":\"2018-06-01T07:12:11+00:00\",\"breadcrumb\":{\"@id\":\"https:\/\/www.cmalleida.com\/es\/el-col%c2%b7legi-y-plus-ultra-seguros-firman-un-acuerdo-de-colaboracion\/#breadcrumb\"},\"inLanguage\":\"es\",\"potentialAction\":[{\"@type\":\"ReadAction\",\"target\":[\"https:\/\/www.cmalleida.com\/es\/el-col%c2%b7legi-y-plus-ultra-seguros-firman-un-acuerdo-de-colaboracion\/\"]}]},{\"@type\":\"ImageObject\",\"inLanguage\":\"es\",\"@id\":\"https:\/\/www.cmalleida.com\/es\/el-col%c2%b7legi-y-plus-ultra-seguros-firman-un-acuerdo-de-colaboracion\/#primaryimage\",\"url\":\"https:\/\/www.cmalleida.com\/wp-content\/uploads\/foto-firma-conveni-collegi-plus-ultra-seguros.jpg\",\"contentUrl\":\"https:\/\/www.cmalleida.com\/wp-content\/uploads\/foto-firma-conveni-collegi-plus-ultra-seguros.jpg\",\"width\":1024,\"height\":684,\"caption\":\"Foto firma conveni Col\u00b7legi-Plus Ultra Seguros\"},{\"@type\":\"BreadcrumbList\",\"@id\":\"https:\/\/www.cmalleida.com\/es\/el-col%c2%b7legi-y-plus-ultra-seguros-firman-un-acuerdo-de-colaboracion\/#breadcrumb\",\"itemListElement\":[{\"@type\":\"ListItem\",\"position\":1,\"name\":\"Inici\",\"item\":\"https:\/\/www.cmalleida.com\/es\/\"},{\"@type\":\"ListItem\",\"position\":2,\"name\":\"El Col\u00b7legi y Plus Ultra Seguros firman un acuerdo de colaboraci\u00f3n\"}]},{\"@type\":\"WebSite\",\"@id\":\"https:\/\/www.cmalleida.com\/es\/#website\",\"url\":\"https:\/\/www.cmalleida.com\/es\/\",\"name\":\"Col\u00b7legi de Mediadors d&#039;Assegurances de Lleida\",\"description\":\"Otro sitio realizado con WordPress\",\"publisher\":{\"@id\":\"https:\/\/www.cmalleida.com\/es\/#organization\"},\"potentialAction\":[{\"@type\":\"SearchAction\",\"target\":{\"@type\":\"EntryPoint\",\"urlTemplate\":\"https:\/\/www.cmalleida.com\/es\/?s={search_term_string}\"},\"query-input\":{\"@type\":\"PropertyValueSpecification\",\"valueRequired\":true,\"valueName\":\"search_term_string\"}}],\"inLanguage\":\"es\"},{\"@type\":\"Organization\",\"@id\":\"https:\/\/www.cmalleida.com\/es\/#organization\",\"name\":\"Col\u00b7legi de Mediadors d'Assegurances de Lleida\",\"url\":\"https:\/\/www.cmalleida.com\/es\/\",\"logo\":{\"@type\":\"ImageObject\",\"inLanguage\":\"es\",\"@id\":\"https:\/\/www.cmalleida.com\/es\/#\/schema\/logo\/image\/\",\"url\":\"\",\"contentUrl\":\"\",\"caption\":\"Col\u00b7legi de Mediadors d'Assegurances de Lleida\"},\"image\":{\"@id\":\"https:\/\/www.cmalleida.com\/es\/#\/schema\/logo\/image\/\"}},{\"@type\":\"Person\",\"@id\":\"https:\/\/www.cmalleida.com\/es\/#\/schema\/person\/bc84b7874fa5ac8a15c15a050fb3b79c\",\"name\":\"Col\u00b7legi Mediadors\",\"image\":{\"@type\":\"ImageObject\",\"inLanguage\":\"es\",\"@id\":\"https:\/\/secure.gravatar.com\/avatar\/05a66e0aafde4a91aea6f2c243b0b99b03dac1cca78dc84298f5e7e7ad4dfd33?s=96&d=mm&r=g\",\"url\":\"https:\/\/secure.gravatar.com\/avatar\/05a66e0aafde4a91aea6f2c243b0b99b03dac1cca78dc84298f5e7e7ad4dfd33?s=96&d=mm&r=g\",\"contentUrl\":\"https:\/\/secure.gravatar.com\/avatar\/05a66e0aafde4a91aea6f2c243b0b99b03dac1cca78dc84298f5e7e7ad4dfd33?s=96&d=mm&r=g\",\"caption\":\"Col\u00b7legi Mediadors\"}}]}<\/script>\n<!-- \/ Yoast SEO plugin. -->","yoast_head_json":{"title":"El Col\u00b7legi y Plus Ultra Seguros firman un acuerdo de colaboraci\u00f3n - Col\u00b7legi de Mediadors d&#039;Assegurances de Lleida","robots":{"index":"index","follow":"follow","max-snippet":"max-snippet:-1","max-image-preview":"max-image-preview:large","max-video-preview":"max-video-preview:-1"},"canonical":"https:\/\/www.cmalleida.com\/es\/el-col%c2%b7legi-y-plus-ultra-seguros-firman-un-acuerdo-de-colaboracion\/","og_locale":"es_ES","og_type":"article","og_title":"El Col\u00b7legi y Plus Ultra Seguros firman un acuerdo de colaboraci\u00f3n - Col\u00b7legi de Mediadors d&#039;Assegurances de Lleida","og_description":"El convenio es de car\u00e1cter anual Potenciar la formaci\u00f3n de los mediadores de seguros colegiados es uno de los objetivos El Col\u00b7legi de Mediadors d\u2019Assegurances... Llegeix m\u00e9s","og_url":"https:\/\/www.cmalleida.com\/es\/el-col%c2%b7legi-y-plus-ultra-seguros-firman-un-acuerdo-de-colaboracion\/","og_site_name":"Col\u00b7legi de Mediadors d&#039;Assegurances de Lleida","article_published_time":"2018-06-01T07:09:48+00:00","article_modified_time":"2018-06-01T07:12:11+00:00","og_image":[{"width":1024,"height":684,"url":"https:\/\/www.cmalleida.com\/wp-content\/uploads\/foto-firma-conveni-collegi-plus-ultra-seguros.jpg","type":"image\/jpeg"}],"author":"Col\u00b7legi Mediadors","twitter_card":"summary_large_image","twitter_misc":{"Written by":"Col\u00b7legi Mediadors","Est. reading time":"1 minuto"},"schema":{"@context":"https:\/\/schema.org","@graph":[{"@type":"Article","@id":"https:\/\/www.cmalleida.com\/es\/el-col%c2%b7legi-y-plus-ultra-seguros-firman-un-acuerdo-de-colaboracion\/#article","isPartOf":{"@id":"https:\/\/www.cmalleida.com\/es\/el-col%c2%b7legi-y-plus-ultra-seguros-firman-un-acuerdo-de-colaboracion\/"},"author":{"name":"Col\u00b7legi Mediadors","@id":"https:\/\/www.cmalleida.com\/es\/#\/schema\/person\/bc84b7874fa5ac8a15c15a050fb3b79c"},"headline":"El Col\u00b7legi y Plus Ultra Seguros firman un acuerdo de colaboraci\u00f3n","datePublished":"2018-06-01T07:09:48+00:00","dateModified":"2018-06-01T07:12:11+00:00","mainEntityOfPage":{"@id":"https:\/\/www.cmalleida.com\/es\/el-col%c2%b7legi-y-plus-ultra-seguros-firman-un-acuerdo-de-colaboracion\/"},"wordCount":175,"publisher":{"@id":"https:\/\/www.cmalleida.com\/es\/#organization"},"image":{"@id":"https:\/\/www.cmalleida.com\/es\/el-col%c2%b7legi-y-plus-ultra-seguros-firman-un-acuerdo-de-colaboracion\/#primaryimage"},"thumbnailUrl":"https:\/\/www.cmalleida.com\/wp-content\/uploads\/foto-firma-conveni-collegi-plus-ultra-seguros.jpg","articleSection":["Actualidad","Noticias Colegiales"],"inLanguage":"es"},{"@type":"WebPage","@id":"https:\/\/www.cmalleida.com\/es\/el-col%c2%b7legi-y-plus-ultra-seguros-firman-un-acuerdo-de-colaboracion\/","url":"https:\/\/www.cmalleida.com\/es\/el-col%c2%b7legi-y-plus-ultra-seguros-firman-un-acuerdo-de-colaboracion\/","name":"El Col\u00b7legi y Plus Ultra Seguros firman un acuerdo de colaboraci\u00f3n - Col\u00b7legi de Mediadors d&#039;Assegurances de Lleida","isPartOf":{"@id":"https:\/\/www.cmalleida.com\/es\/#website"},"primaryImageOfPage":{"@id":"https:\/\/www.cmalleida.com\/es\/el-col%c2%b7legi-y-plus-ultra-seguros-firman-un-acuerdo-de-colaboracion\/#primaryimage"},"image":{"@id":"https:\/\/www.cmalleida.com\/es\/el-col%c2%b7legi-y-plus-ultra-seguros-firman-un-acuerdo-de-colaboracion\/#primaryimage"},"thumbnailUrl":"https:\/\/www.cmalleida.com\/wp-content\/uploads\/foto-firma-conveni-collegi-plus-ultra-seguros.jpg","datePublished":"2018-06-01T07:09:48+00:00","dateModified":"2018-06-01T07:12:11+00:00","breadcrumb":{"@id":"https:\/\/www.cmalleida.com\/es\/el-col%c2%b7legi-y-plus-ultra-seguros-firman-un-acuerdo-de-colaboracion\/#breadcrumb"},"inLanguage":"es","potentialAction":[{"@type":"ReadAction","target":["https:\/\/www.cmalleida.com\/es\/el-col%c2%b7legi-y-plus-ultra-seguros-firman-un-acuerdo-de-colaboracion\/"]}]},{"@type":"ImageObject","inLanguage":"es","@id":"https:\/\/www.cmalleida.com\/es\/el-col%c2%b7legi-y-plus-ultra-seguros-firman-un-acuerdo-de-colaboracion\/#primaryimage","url":"https:\/\/www.cmalleida.com\/wp-content\/uploads\/foto-firma-conveni-collegi-plus-ultra-seguros.jpg","contentUrl":"https:\/\/www.cmalleida.com\/wp-content\/uploads\/foto-firma-conveni-collegi-plus-ultra-seguros.jpg","width":1024,"height":684,"caption":"Foto firma conveni Col\u00b7legi-Plus Ultra Seguros"},{"@type":"BreadcrumbList","@id":"https:\/\/www.cmalleida.com\/es\/el-col%c2%b7legi-y-plus-ultra-seguros-firman-un-acuerdo-de-colaboracion\/#breadcrumb","itemListElement":[{"@type":"ListItem","position":1,"name":"Inici","item":"https:\/\/www.cmalleida.com\/es\/"},{"@type":"ListItem","position":2,"name":"El Col\u00b7legi y Plus Ultra Seguros firman un acuerdo de colaboraci\u00f3n"}]},{"@type":"WebSite","@id":"https:\/\/www.cmalleida.com\/es\/#website","url":"https:\/\/www.cmalleida.com\/es\/","name":"Col\u00b7legi de Mediadors d&#039;Assegurances de Lleida","description":"Otro sitio realizado con WordPress","publisher":{"@id":"https:\/\/www.cmalleida.com\/es\/#organization"},"potentialAction":[{"@type":"SearchAction","target":{"@type":"EntryPoint","urlTemplate":"https:\/\/www.cmalleida.com\/es\/?s={search_term_string}"},"query-input":{"@type":"PropertyValueSpecification","valueRequired":true,"valueName":"search_term_string"}}],"inLanguage":"es"},{"@type":"Organization","@id":"https:\/\/www.cmalleida.com\/es\/#organization","name":"Col\u00b7legi de Mediadors d'Assegurances de Lleida","url":"https:\/\/www.cmalleida.com\/es\/","logo":{"@type":"ImageObject","inLanguage":"es","@id":"https:\/\/www.cmalleida.com\/es\/#\/schema\/logo\/image\/","url":"","contentUrl":"","caption":"Col\u00b7legi de Mediadors d'Assegurances de Lleida"},"image":{"@id":"https:\/\/www.cmalleida.com\/es\/#\/schema\/logo\/image\/"}},{"@type":"Person","@id":"https:\/\/www.cmalleida.com\/es\/#\/schema\/person\/bc84b7874fa5ac8a15c15a050fb3b79c","name":"Col\u00b7legi Mediadors","image":{"@type":"ImageObject","inLanguage":"es","@id":"https:\/\/secure.gravatar.com\/avatar\/05a66e0aafde4a91aea6f2c243b0b99b03dac1cca78dc84298f5e7e7ad4dfd33?s=96&d=mm&r=g","url":"https:\/\/secure.gravatar.com\/avatar\/05a66e0aafde4a91aea6f2c243b0b99b03dac1cca78dc84298f5e7e7ad4dfd33?s=96&d=mm&r=g","contentUrl":"https:\/\/secure.gravatar.com\/avatar\/05a66e0aafde4a91aea6f2c243b0b99b03dac1cca78dc84298f5e7e7ad4dfd33?s=96&d=mm&r=g","caption":"Col\u00b7legi Mediadors"}}]}},"_links":{"self":[{"href":"https:\/\/www.cmalleida.com\/es\/wp-json\/wp\/v2\/posts\/2596","targetHints":{"allow":["GET"]}}],"collection":[{"href":"https:\/\/www.cmalleida.com\/es\/wp-json\/wp\/v2\/posts"}],"about":[{"href":"https:\/\/www.cmalleida.com\/es\/wp-json\/wp\/v2\/types\/post"}],"author":[{"embeddable":true,"href":"https:\/\/www.cmalleida.com\/es\/wp-json\/wp\/v2\/users\/3"}],"replies":[{"embeddable":true,"href":"https:\/\/www.cmalleida.com\/es\/wp-json\/wp\/v2\/comments?post=2596"}],"version-history":[{"count":2,"href":"https:\/\/www.cmalleida.com\/es\/wp-json\/wp\/v2\/posts\/2596\/revisions"}],"predecessor-version":[{"id":2600,"href":"https:\/\/www.cmalleida.com\/es\/wp-json\/wp\/v2\/posts\/2596\/revisions\/2600"}],"wp:featuredmedia":[{"embeddable":true,"href":"https:\/\/www.cmalleida.com\/es\/wp-json\/wp\/v2\/media\/2593"}],"wp:attachment":[{"href":"https:\/\/www.cmalleida.com\/es\/wp-json\/wp\/v2\/media?parent=2596"}],"wp:term":[{"taxonomy":"category","embeddable":true,"href":"https:\/\/www.cmalleida.com\/es\/wp-json\/wp\/v2\/categories?post=2596"},{"taxonomy":"post_tag","embeddable":true,"href":"https:\/\/www.cmalleida.com\/es\/wp-json\/wp\/v2\/tags?post=2596"}],"curies":[{"name":"wp","href":"https:\/\/api.w.org\/{rel}","templated":true}]}}