{"id":2570,"date":"2018-05-25T10:09:38","date_gmt":"2018-05-25T08:09:38","guid":{"rendered":"https:\/\/www.cmalleida.com\/?p=2570"},"modified":"2018-05-25T10:09:38","modified_gmt":"2018-05-25T08:09:38","slug":"las-rentas-vitalicias-acumulan-1-771-millones-de-euros-en-ahorro-gestionado-hasta-marzo-eleconomista","status":"publish","type":"post","link":"https:\/\/www.cmalleida.com\/es\/las-rentas-vitalicias-acumulan-1-771-millones-de-euros-en-ahorro-gestionado-hasta-marzo-eleconomista\/","title":{"rendered":"Las rentas vitalicias acumulan 1.771 millones de euros en ahorro gestionado hasta marzo (elEconomista)"},"content":{"rendered":"<p>Las aseguradoras gestionan 227.450 millones de euros de sus clientes a cierre del primer trimestre, un 2,34 por ciento m\u00e1s<\/p>\n<p>Las rentas vitalicias aseguradas ganan terreno como sistema de previsi\u00f3n complementario. A cierre del pasado marzo, 19.658 personas mayores de 65 a\u00f1os transformaron el dinero logrado con la venta de alg\u00fan elemento patrimonial (por ejemplo, una segunda vivienda, fondos de inversi\u00f3n, acciones, etc.) en una fuente garantizada de ingresos de por vida.<\/p>\n<p>Estas personas se acogieron a las ventajas fiscales que se establecieron para este producto a ra\u00edz de la \u00faltima reforma del IRPF. Estas rentas vitalicias acumulan un volumen de ahorro bajo gesti\u00f3n de 1.771 millones de euros, de acuerdo con los datos de Icea hechos p\u00fablicos por Unespa.<\/p>\n<p>Los datos muestran c\u00f3mo, al acabar el primer trimestre, las aseguradoras velaban por 227.444 millones de euros de sus clientes, tras anotar un incremento interanual del 2,34 por ciento. De esa cantidad, 184.902 millones corresponden a productos de seguro, un 2,12 por ciento m\u00e1s.<\/p>\n<p>Los restantes 42.542 millones constituyen el patrimonio de los planes de pensiones cuya gesti\u00f3n ha sido encomendada a entidades del sector. Este \u00faltimo importe es un 3,28 por ciento superior al anotado el pasado ejercicio por las mismas fechas.<\/p>\n<p>Las rentas vitalicias y temporales constituyen el producto m\u00e1s relevante en t\u00e9rminos de ahorro gestionado. Acumulan unas provisiones t\u00e9cnicas de 87.619 millones de euros, un 1,89 por ciento m\u00e1s que un a\u00f1o atr\u00e1s. Por otra parte, destaca la pujanza de seguros individuales de ahorro a largo plazo (SIALP). Estas p\u00f3lizas, popularmente conocidas como Planes de Ahorro 5, mov\u00edan al acabar el trimestre 3.309 millones y crecen un 39,85 por ciento con car\u00e1cter interanual.<\/p>\n<p>La evoluci\u00f3n de los planes individuales de ahorro sistem\u00e1tico (PIAS) tambi\u00e9n es llamativa. Estos seguros alcanzan a cierre de marzo los 12.576 millones y registran un crecimiento interanual del 13,64 por ciento. Mientras, los capitales diferidos se mantienen planos y acumulan 48.607 millones de euros.<\/p>\n<p>Por su parte, los seguros de vida riesgo han crecido en el primer trimestre del a\u00f1o un 4,75 por ciento, de acuerdo con los datos de Icea.<\/p>\n","protected":false},"excerpt":{"rendered":"<p>Las aseguradoras gestionan 227.450 millones de euros de sus clientes a cierre del primer trimestre, un 2,34 por ciento m\u00e1s Las rentas vitalicias aseguradas ganan&#8230; <a href=\"https:\/\/www.cmalleida.com\/es\/las-rentas-vitalicias-acumulan-1-771-millones-de-euros-en-ahorro-gestionado-hasta-marzo-eleconomista\/\" rel=\"nofollow\" class=\"lollegirmes\">Llegeix m\u00e9s<\/a><\/p>\n","protected":false},"author":3,"featured_media":1867,"comment_status":"closed","ping_status":"closed","sticky":false,"template":"","format":"standard","meta":{"_acf_changed":false,"_genesis_hide_title":false,"_genesis_hide_breadcrumbs":false,"_genesis_hide_singular_image":false,"_genesis_hide_footer_widgets":false,"_genesis_custom_body_class":"","_genesis_custom_post_class":"","_genesis_layout":"","footnotes":""},"categories":[28],"tags":[],"class_list":{"0":"post-2570","1":"post","2":"type-post","3":"status-publish","4":"format-standard","5":"has-post-thumbnail","7":"category-actualidad","8":"entry"},"acf":[],"yoast_head":"<!-- This site is optimized with the Yoast SEO plugin v27.2 - https:\/\/yoast.com\/product\/yoast-seo-wordpress\/ -->\n<title>Las rentas vitalicias acumulan 1.771 millones de euros en ahorro gestionado hasta marzo (elEconomista) - Col\u00b7legi de Mediadors d&#039;Assegurances de Lleida<\/title>\n<meta name=\"robots\" content=\"index, follow, max-snippet:-1, max-image-preview:large, max-video-preview:-1\" \/>\n<link rel=\"canonical\" href=\"https:\/\/www.cmalleida.com\/es\/las-rentas-vitalicias-acumulan-1-771-millones-de-euros-en-ahorro-gestionado-hasta-marzo-eleconomista\/\" \/>\n<meta property=\"og:locale\" content=\"es_ES\" \/>\n<meta property=\"og:type\" content=\"article\" \/>\n<meta property=\"og:title\" content=\"Las rentas vitalicias acumulan 1.771 millones de euros en ahorro gestionado hasta marzo (elEconomista) - Col\u00b7legi de Mediadors d&#039;Assegurances de Lleida\" \/>\n<meta property=\"og:description\" content=\"Las aseguradoras gestionan 227.450 millones de euros de sus clientes a cierre del primer trimestre, un 2,34 por ciento m\u00e1s Las rentas vitalicias aseguradas ganan... Llegeix m\u00e9s\" \/>\n<meta property=\"og:url\" content=\"https:\/\/www.cmalleida.com\/es\/las-rentas-vitalicias-acumulan-1-771-millones-de-euros-en-ahorro-gestionado-hasta-marzo-eleconomista\/\" \/>\n<meta property=\"og:site_name\" content=\"Col\u00b7legi de Mediadors d&#039;Assegurances de Lleida\" \/>\n<meta property=\"article:published_time\" content=\"2018-05-25T08:09:38+00:00\" \/>\n<meta property=\"og:image\" content=\"https:\/\/www.cmalleida.com\/wp-content\/uploads\/cmall-lleida-actualitat-calcula762-1.jpg\" \/>\n\t<meta property=\"og:image:width\" content=\"762\" \/>\n\t<meta property=\"og:image:height\" content=\"762\" \/>\n\t<meta property=\"og:image:type\" content=\"image\/jpeg\" \/>\n<meta name=\"author\" content=\"Col\u00b7legi Mediadors\" \/>\n<meta name=\"twitter:card\" content=\"summary_large_image\" \/>\n<meta name=\"twitter:label1\" content=\"Written by\" \/>\n\t<meta name=\"twitter:data1\" content=\"Col\u00b7legi Mediadors\" \/>\n\t<meta name=\"twitter:label2\" content=\"Est. reading time\" \/>\n\t<meta name=\"twitter:data2\" content=\"2 minutos\" \/>\n<script type=\"application\/ld+json\" class=\"yoast-schema-graph\">{\"@context\":\"https:\/\/schema.org\",\"@graph\":[{\"@type\":\"Article\",\"@id\":\"https:\/\/www.cmalleida.com\/es\/las-rentas-vitalicias-acumulan-1-771-millones-de-euros-en-ahorro-gestionado-hasta-marzo-eleconomista\/#article\",\"isPartOf\":{\"@id\":\"https:\/\/www.cmalleida.com\/es\/las-rentas-vitalicias-acumulan-1-771-millones-de-euros-en-ahorro-gestionado-hasta-marzo-eleconomista\/\"},\"author\":{\"name\":\"Col\u00b7legi Mediadors\",\"@id\":\"https:\/\/www.cmalleida.com\/es\/#\/schema\/person\/bc84b7874fa5ac8a15c15a050fb3b79c\"},\"headline\":\"Las rentas vitalicias acumulan 1.771 millones de euros en ahorro gestionado hasta marzo (elEconomista)\",\"datePublished\":\"2018-05-25T08:09:38+00:00\",\"mainEntityOfPage\":{\"@id\":\"https:\/\/www.cmalleida.com\/es\/las-rentas-vitalicias-acumulan-1-771-millones-de-euros-en-ahorro-gestionado-hasta-marzo-eleconomista\/\"},\"wordCount\":365,\"publisher\":{\"@id\":\"https:\/\/www.cmalleida.com\/es\/#organization\"},\"image\":{\"@id\":\"https:\/\/www.cmalleida.com\/es\/las-rentas-vitalicias-acumulan-1-771-millones-de-euros-en-ahorro-gestionado-hasta-marzo-eleconomista\/#primaryimage\"},\"thumbnailUrl\":\"https:\/\/www.cmalleida.com\/wp-content\/uploads\/cmall-lleida-actualitat-calcula762-1.jpg\",\"articleSection\":[\"Actualidad\"],\"inLanguage\":\"es\"},{\"@type\":\"WebPage\",\"@id\":\"https:\/\/www.cmalleida.com\/es\/las-rentas-vitalicias-acumulan-1-771-millones-de-euros-en-ahorro-gestionado-hasta-marzo-eleconomista\/\",\"url\":\"https:\/\/www.cmalleida.com\/es\/las-rentas-vitalicias-acumulan-1-771-millones-de-euros-en-ahorro-gestionado-hasta-marzo-eleconomista\/\",\"name\":\"Las rentas vitalicias acumulan 1.771 millones de euros en ahorro gestionado hasta marzo (elEconomista) - Col\u00b7legi de Mediadors d&#039;Assegurances de Lleida\",\"isPartOf\":{\"@id\":\"https:\/\/www.cmalleida.com\/es\/#website\"},\"primaryImageOfPage\":{\"@id\":\"https:\/\/www.cmalleida.com\/es\/las-rentas-vitalicias-acumulan-1-771-millones-de-euros-en-ahorro-gestionado-hasta-marzo-eleconomista\/#primaryimage\"},\"image\":{\"@id\":\"https:\/\/www.cmalleida.com\/es\/las-rentas-vitalicias-acumulan-1-771-millones-de-euros-en-ahorro-gestionado-hasta-marzo-eleconomista\/#primaryimage\"},\"thumbnailUrl\":\"https:\/\/www.cmalleida.com\/wp-content\/uploads\/cmall-lleida-actualitat-calcula762-1.jpg\",\"datePublished\":\"2018-05-25T08:09:38+00:00\",\"breadcrumb\":{\"@id\":\"https:\/\/www.cmalleida.com\/es\/las-rentas-vitalicias-acumulan-1-771-millones-de-euros-en-ahorro-gestionado-hasta-marzo-eleconomista\/#breadcrumb\"},\"inLanguage\":\"es\",\"potentialAction\":[{\"@type\":\"ReadAction\",\"target\":[\"https:\/\/www.cmalleida.com\/es\/las-rentas-vitalicias-acumulan-1-771-millones-de-euros-en-ahorro-gestionado-hasta-marzo-eleconomista\/\"]}]},{\"@type\":\"ImageObject\",\"inLanguage\":\"es\",\"@id\":\"https:\/\/www.cmalleida.com\/es\/las-rentas-vitalicias-acumulan-1-771-millones-de-euros-en-ahorro-gestionado-hasta-marzo-eleconomista\/#primaryimage\",\"url\":\"https:\/\/www.cmalleida.com\/wp-content\/uploads\/cmall-lleida-actualitat-calcula762-1.jpg\",\"contentUrl\":\"https:\/\/www.cmalleida.com\/wp-content\/uploads\/cmall-lleida-actualitat-calcula762-1.jpg\",\"width\":762,\"height\":762,\"caption\":\"cmall-lleida-actualitat-calcula762\"},{\"@type\":\"BreadcrumbList\",\"@id\":\"https:\/\/www.cmalleida.com\/es\/las-rentas-vitalicias-acumulan-1-771-millones-de-euros-en-ahorro-gestionado-hasta-marzo-eleconomista\/#breadcrumb\",\"itemListElement\":[{\"@type\":\"ListItem\",\"position\":1,\"name\":\"Inici\",\"item\":\"https:\/\/www.cmalleida.com\/es\/\"},{\"@type\":\"ListItem\",\"position\":2,\"name\":\"Las rentas vitalicias acumulan 1.771 millones de euros en ahorro gestionado hasta marzo (elEconomista)\"}]},{\"@type\":\"WebSite\",\"@id\":\"https:\/\/www.cmalleida.com\/es\/#website\",\"url\":\"https:\/\/www.cmalleida.com\/es\/\",\"name\":\"Col\u00b7legi de Mediadors d&#039;Assegurances de Lleida\",\"description\":\"Otro sitio realizado con WordPress\",\"publisher\":{\"@id\":\"https:\/\/www.cmalleida.com\/es\/#organization\"},\"potentialAction\":[{\"@type\":\"SearchAction\",\"target\":{\"@type\":\"EntryPoint\",\"urlTemplate\":\"https:\/\/www.cmalleida.com\/es\/?s={search_term_string}\"},\"query-input\":{\"@type\":\"PropertyValueSpecification\",\"valueRequired\":true,\"valueName\":\"search_term_string\"}}],\"inLanguage\":\"es\"},{\"@type\":\"Organization\",\"@id\":\"https:\/\/www.cmalleida.com\/es\/#organization\",\"name\":\"Col\u00b7legi de Mediadors d'Assegurances de Lleida\",\"url\":\"https:\/\/www.cmalleida.com\/es\/\",\"logo\":{\"@type\":\"ImageObject\",\"inLanguage\":\"es\",\"@id\":\"https:\/\/www.cmalleida.com\/es\/#\/schema\/logo\/image\/\",\"url\":\"\",\"contentUrl\":\"\",\"caption\":\"Col\u00b7legi de Mediadors d'Assegurances de Lleida\"},\"image\":{\"@id\":\"https:\/\/www.cmalleida.com\/es\/#\/schema\/logo\/image\/\"}},{\"@type\":\"Person\",\"@id\":\"https:\/\/www.cmalleida.com\/es\/#\/schema\/person\/bc84b7874fa5ac8a15c15a050fb3b79c\",\"name\":\"Col\u00b7legi Mediadors\",\"image\":{\"@type\":\"ImageObject\",\"inLanguage\":\"es\",\"@id\":\"https:\/\/secure.gravatar.com\/avatar\/05a66e0aafde4a91aea6f2c243b0b99b03dac1cca78dc84298f5e7e7ad4dfd33?s=96&d=mm&r=g\",\"url\":\"https:\/\/secure.gravatar.com\/avatar\/05a66e0aafde4a91aea6f2c243b0b99b03dac1cca78dc84298f5e7e7ad4dfd33?s=96&d=mm&r=g\",\"contentUrl\":\"https:\/\/secure.gravatar.com\/avatar\/05a66e0aafde4a91aea6f2c243b0b99b03dac1cca78dc84298f5e7e7ad4dfd33?s=96&d=mm&r=g\",\"caption\":\"Col\u00b7legi Mediadors\"}}]}<\/script>\n<!-- \/ Yoast SEO plugin. -->","yoast_head_json":{"title":"Las rentas vitalicias acumulan 1.771 millones de euros en ahorro gestionado hasta marzo (elEconomista) - Col\u00b7legi de Mediadors d&#039;Assegurances de Lleida","robots":{"index":"index","follow":"follow","max-snippet":"max-snippet:-1","max-image-preview":"max-image-preview:large","max-video-preview":"max-video-preview:-1"},"canonical":"https:\/\/www.cmalleida.com\/es\/las-rentas-vitalicias-acumulan-1-771-millones-de-euros-en-ahorro-gestionado-hasta-marzo-eleconomista\/","og_locale":"es_ES","og_type":"article","og_title":"Las rentas vitalicias acumulan 1.771 millones de euros en ahorro gestionado hasta marzo (elEconomista) - Col\u00b7legi de Mediadors d&#039;Assegurances de Lleida","og_description":"Las aseguradoras gestionan 227.450 millones de euros de sus clientes a cierre del primer trimestre, un 2,34 por ciento m\u00e1s Las rentas vitalicias aseguradas ganan... Llegeix m\u00e9s","og_url":"https:\/\/www.cmalleida.com\/es\/las-rentas-vitalicias-acumulan-1-771-millones-de-euros-en-ahorro-gestionado-hasta-marzo-eleconomista\/","og_site_name":"Col\u00b7legi de Mediadors d&#039;Assegurances de Lleida","article_published_time":"2018-05-25T08:09:38+00:00","og_image":[{"width":762,"height":762,"url":"https:\/\/www.cmalleida.com\/wp-content\/uploads\/cmall-lleida-actualitat-calcula762-1.jpg","type":"image\/jpeg"}],"author":"Col\u00b7legi Mediadors","twitter_card":"summary_large_image","twitter_misc":{"Written by":"Col\u00b7legi Mediadors","Est. reading time":"2 minutos"},"schema":{"@context":"https:\/\/schema.org","@graph":[{"@type":"Article","@id":"https:\/\/www.cmalleida.com\/es\/las-rentas-vitalicias-acumulan-1-771-millones-de-euros-en-ahorro-gestionado-hasta-marzo-eleconomista\/#article","isPartOf":{"@id":"https:\/\/www.cmalleida.com\/es\/las-rentas-vitalicias-acumulan-1-771-millones-de-euros-en-ahorro-gestionado-hasta-marzo-eleconomista\/"},"author":{"name":"Col\u00b7legi Mediadors","@id":"https:\/\/www.cmalleida.com\/es\/#\/schema\/person\/bc84b7874fa5ac8a15c15a050fb3b79c"},"headline":"Las rentas vitalicias acumulan 1.771 millones de euros en ahorro gestionado hasta marzo (elEconomista)","datePublished":"2018-05-25T08:09:38+00:00","mainEntityOfPage":{"@id":"https:\/\/www.cmalleida.com\/es\/las-rentas-vitalicias-acumulan-1-771-millones-de-euros-en-ahorro-gestionado-hasta-marzo-eleconomista\/"},"wordCount":365,"publisher":{"@id":"https:\/\/www.cmalleida.com\/es\/#organization"},"image":{"@id":"https:\/\/www.cmalleida.com\/es\/las-rentas-vitalicias-acumulan-1-771-millones-de-euros-en-ahorro-gestionado-hasta-marzo-eleconomista\/#primaryimage"},"thumbnailUrl":"https:\/\/www.cmalleida.com\/wp-content\/uploads\/cmall-lleida-actualitat-calcula762-1.jpg","articleSection":["Actualidad"],"inLanguage":"es"},{"@type":"WebPage","@id":"https:\/\/www.cmalleida.com\/es\/las-rentas-vitalicias-acumulan-1-771-millones-de-euros-en-ahorro-gestionado-hasta-marzo-eleconomista\/","url":"https:\/\/www.cmalleida.com\/es\/las-rentas-vitalicias-acumulan-1-771-millones-de-euros-en-ahorro-gestionado-hasta-marzo-eleconomista\/","name":"Las rentas vitalicias acumulan 1.771 millones de euros en ahorro gestionado hasta marzo (elEconomista) - Col\u00b7legi de Mediadors d&#039;Assegurances de Lleida","isPartOf":{"@id":"https:\/\/www.cmalleida.com\/es\/#website"},"primaryImageOfPage":{"@id":"https:\/\/www.cmalleida.com\/es\/las-rentas-vitalicias-acumulan-1-771-millones-de-euros-en-ahorro-gestionado-hasta-marzo-eleconomista\/#primaryimage"},"image":{"@id":"https:\/\/www.cmalleida.com\/es\/las-rentas-vitalicias-acumulan-1-771-millones-de-euros-en-ahorro-gestionado-hasta-marzo-eleconomista\/#primaryimage"},"thumbnailUrl":"https:\/\/www.cmalleida.com\/wp-content\/uploads\/cmall-lleida-actualitat-calcula762-1.jpg","datePublished":"2018-05-25T08:09:38+00:00","breadcrumb":{"@id":"https:\/\/www.cmalleida.com\/es\/las-rentas-vitalicias-acumulan-1-771-millones-de-euros-en-ahorro-gestionado-hasta-marzo-eleconomista\/#breadcrumb"},"inLanguage":"es","potentialAction":[{"@type":"ReadAction","target":["https:\/\/www.cmalleida.com\/es\/las-rentas-vitalicias-acumulan-1-771-millones-de-euros-en-ahorro-gestionado-hasta-marzo-eleconomista\/"]}]},{"@type":"ImageObject","inLanguage":"es","@id":"https:\/\/www.cmalleida.com\/es\/las-rentas-vitalicias-acumulan-1-771-millones-de-euros-en-ahorro-gestionado-hasta-marzo-eleconomista\/#primaryimage","url":"https:\/\/www.cmalleida.com\/wp-content\/uploads\/cmall-lleida-actualitat-calcula762-1.jpg","contentUrl":"https:\/\/www.cmalleida.com\/wp-content\/uploads\/cmall-lleida-actualitat-calcula762-1.jpg","width":762,"height":762,"caption":"cmall-lleida-actualitat-calcula762"},{"@type":"BreadcrumbList","@id":"https:\/\/www.cmalleida.com\/es\/las-rentas-vitalicias-acumulan-1-771-millones-de-euros-en-ahorro-gestionado-hasta-marzo-eleconomista\/#breadcrumb","itemListElement":[{"@type":"ListItem","position":1,"name":"Inici","item":"https:\/\/www.cmalleida.com\/es\/"},{"@type":"ListItem","position":2,"name":"Las rentas vitalicias acumulan 1.771 millones de euros en ahorro gestionado hasta marzo (elEconomista)"}]},{"@type":"WebSite","@id":"https:\/\/www.cmalleida.com\/es\/#website","url":"https:\/\/www.cmalleida.com\/es\/","name":"Col\u00b7legi de Mediadors d&#039;Assegurances de Lleida","description":"Otro sitio realizado con WordPress","publisher":{"@id":"https:\/\/www.cmalleida.com\/es\/#organization"},"potentialAction":[{"@type":"SearchAction","target":{"@type":"EntryPoint","urlTemplate":"https:\/\/www.cmalleida.com\/es\/?s={search_term_string}"},"query-input":{"@type":"PropertyValueSpecification","valueRequired":true,"valueName":"search_term_string"}}],"inLanguage":"es"},{"@type":"Organization","@id":"https:\/\/www.cmalleida.com\/es\/#organization","name":"Col\u00b7legi de Mediadors d'Assegurances de Lleida","url":"https:\/\/www.cmalleida.com\/es\/","logo":{"@type":"ImageObject","inLanguage":"es","@id":"https:\/\/www.cmalleida.com\/es\/#\/schema\/logo\/image\/","url":"","contentUrl":"","caption":"Col\u00b7legi de Mediadors d'Assegurances de Lleida"},"image":{"@id":"https:\/\/www.cmalleida.com\/es\/#\/schema\/logo\/image\/"}},{"@type":"Person","@id":"https:\/\/www.cmalleida.com\/es\/#\/schema\/person\/bc84b7874fa5ac8a15c15a050fb3b79c","name":"Col\u00b7legi Mediadors","image":{"@type":"ImageObject","inLanguage":"es","@id":"https:\/\/secure.gravatar.com\/avatar\/05a66e0aafde4a91aea6f2c243b0b99b03dac1cca78dc84298f5e7e7ad4dfd33?s=96&d=mm&r=g","url":"https:\/\/secure.gravatar.com\/avatar\/05a66e0aafde4a91aea6f2c243b0b99b03dac1cca78dc84298f5e7e7ad4dfd33?s=96&d=mm&r=g","contentUrl":"https:\/\/secure.gravatar.com\/avatar\/05a66e0aafde4a91aea6f2c243b0b99b03dac1cca78dc84298f5e7e7ad4dfd33?s=96&d=mm&r=g","caption":"Col\u00b7legi Mediadors"}}]}},"_links":{"self":[{"href":"https:\/\/www.cmalleida.com\/es\/wp-json\/wp\/v2\/posts\/2570","targetHints":{"allow":["GET"]}}],"collection":[{"href":"https:\/\/www.cmalleida.com\/es\/wp-json\/wp\/v2\/posts"}],"about":[{"href":"https:\/\/www.cmalleida.com\/es\/wp-json\/wp\/v2\/types\/post"}],"author":[{"embeddable":true,"href":"https:\/\/www.cmalleida.com\/es\/wp-json\/wp\/v2\/users\/3"}],"replies":[{"embeddable":true,"href":"https:\/\/www.cmalleida.com\/es\/wp-json\/wp\/v2\/comments?post=2570"}],"version-history":[{"count":1,"href":"https:\/\/www.cmalleida.com\/es\/wp-json\/wp\/v2\/posts\/2570\/revisions"}],"predecessor-version":[{"id":2571,"href":"https:\/\/www.cmalleida.com\/es\/wp-json\/wp\/v2\/posts\/2570\/revisions\/2571"}],"wp:featuredmedia":[{"embeddable":true,"href":"https:\/\/www.cmalleida.com\/es\/wp-json\/wp\/v2\/media\/1867"}],"wp:attachment":[{"href":"https:\/\/www.cmalleida.com\/es\/wp-json\/wp\/v2\/media?parent=2570"}],"wp:term":[{"taxonomy":"category","embeddable":true,"href":"https:\/\/www.cmalleida.com\/es\/wp-json\/wp\/v2\/categories?post=2570"},{"taxonomy":"post_tag","embeddable":true,"href":"https:\/\/www.cmalleida.com\/es\/wp-json\/wp\/v2\/tags?post=2570"}],"curies":[{"name":"wp","href":"https:\/\/api.w.org\/{rel}","templated":true}]}}