{"id":2490,"date":"2018-05-18T10:42:36","date_gmt":"2018-05-18T08:42:36","guid":{"rendered":"https:\/\/www.cmalleida.com\/?p=2490"},"modified":"2018-05-18T10:42:36","modified_gmt":"2018-05-18T08:42:36","slug":"la-concienciacion-con-el-bienestar-animal-abre-puertas-al-seguro-adn-del-seguro","status":"publish","type":"post","link":"https:\/\/www.cmalleida.com\/es\/la-concienciacion-con-el-bienestar-animal-abre-puertas-al-seguro-adn-del-seguro\/","title":{"rendered":"La concienciaci\u00f3n con el bienestar animal abre puertas al seguro  (ADN del seguro)"},"content":{"rendered":"<p><em>La entrada en vigor en Espa\u00f1a del Convenio Europeo sobre Proteccio\u0301n de Animales de Compan\u0303i\u0301a refleja la mayor sensibilidad por el bienestar animal, un cambio de mentalidad que favorece la contrataci\u00f3n de seguros espec\u00edficos para mascotas<\/em><\/p>\n<p><strong>08 de Mayo de 2018, 08:15CEST<\/strong><\/p>\n<p>El pasado 1 de febrero entr\u00f3 en vigor el Convenio Europeo sobre Proteccio\u0301n de Animales de Compan\u0303i\u0301a, una normativa de bienestar animal vigente en Europa desde 1987 y a la que Espa\u00f1a no se adhiri\u00f3 hasta el a\u00f1o pasado. En virtud de dicha norma, queda prohibido, entre otras cosas, cortar el rabo o las orejas, as\u00ed como extirpar u\u00f1as o dientes y seccionar las cuerdas vocales a animales por motivos que no tengan que ver con necesidades veterinarias. Solo se permiten las operaciones quir\u00fargicas para fines curativos, nunca est\u00e9ticos, y s\u00f3lo tras la autorizaci\u00f3n de un veterinario. Asimismo, establece que toda intervenci\u00f3n en la que el animal pueda sufrir dolor solo podr\u00e1 efectuarse con anestesia administrada por un veterinario. En cuanto a las que no requieran de anestesia, solo podr\u00e1n realizarse por una persona competente seg\u00fan la legislaci\u00f3n nacional. Los sacrificios solo podr\u00e1n efectuarse por veterinarios o personas competentes, excepto para poner fin al sufrimiento del animal en casos de urgencia, y siempre con el menor sufrimiento f\u00edsico y ps\u00edquico posible.<\/p>\n<p>De la misma forma, el convenio establece los l\u00edmites a la tenencia de mascotas y las formas de reducci\u00f3n de animales vagabundos, y proh\u00edbe regalar mascotas a menores de 16 a\u00f1os sin el consentimiento de sus padres, as\u00ed como obsequiar animales de compa\u00f1\u00eda a modo de premio, recompensa o gratificaci\u00f3n.<\/p>\n<p><strong>Terreno virgen<\/strong><\/p>\n<p>La entrada en vigor de esta norma pone de manifiesto la mayor sensibilidad de la sociedad espa\u00f1ola hacia el bienestar animal. Pero, \u00bfde qu\u00e9 forma este cambio de mentalidad se est\u00e1 traduciendo en una mayor contrataci\u00f3n de los seguros vinculados a este mercado?<\/p>\n<p>Seg\u00fan Gemma S\u00e1nchez, directora de Operaciones y Calidad de Asistencia Para Animales Dom\u00e9sticos (ASPAD), \u201cel mercado asegurador de perros y gatos est\u00e1 en claro crecimiento y dispone de un largo recorrido para equipararnos a la situaci\u00f3n de nuestros pa\u00edses vecinos. El nivel de aseguramiento de mascotas en Espa\u00f1a se sit\u00faa entorno al 1 o 2 %, mientras que en nuestros vecinos comunitarios los porcentajes son muy superiores, como el 5 % en Francia o el 25 % en Reino Unido\u201d, se\u00f1ala.<\/p>\n<p>Carlos Hern\u00e1ndez, director general adjunto comercial de SegurCaixa Adeslas, cree que \u201ces un negocio en crecimiento y que cada vez demandan m\u00e1s nuestros clientes. No podemos olvidar que hay m\u00e1s de 9 millones de mascotas y el grado de implantaci\u00f3n en Espa\u00f1a es muy reducido. Tenemos un gran recorrido si nos comparamos con pa\u00edses como Inglaterra, por ejemplo\u201d, abunda.<\/p>\n<p><strong>M\u00e1s y mejor<\/strong><\/p>\n<p>\u201cEfectivamente, aunque estamos todav\u00eda en un per\u00edodo embrionario del desarrollo de la asistencia de salud veterinaria, se est\u00e1 produciendo un incremento de las coberturas de prevenci\u00f3n, diagn\u00f3stico y tratamiento que se\u00f1alan el camino del crecimiento futuro de las coberturas en salud animal\u201d, apuntan desde DS Mascotas.<\/p>\n<p>\u201cHemos percibido una mayor contrataci\u00f3n de dicho tipo de seguros, pero no s\u00f3lo lo percibimos en la cantidad de contrataciones, sino tambi\u00e9n en la exigencia por parte de los due\u00f1os a la hora de contratarlos\u201d, subraya por su parte Daniel Sanz Herrero, subdirector de Desarrollo de Negocio Patrimoniales de Mapfre Espa\u00f1a.<\/p>\n<p>&nbsp;<\/p>\n","protected":false},"excerpt":{"rendered":"<p>La entrada en vigor en Espa\u00f1a del Convenio Europeo sobre Proteccio\u0301n de Animales de Compan\u0303i\u0301a refleja la mayor sensibilidad por el bienestar animal, un cambio&#8230; <a href=\"https:\/\/www.cmalleida.com\/es\/la-concienciacion-con-el-bienestar-animal-abre-puertas-al-seguro-adn-del-seguro\/\" rel=\"nofollow\" class=\"lollegirmes\">Llegeix m\u00e9s<\/a><\/p>\n","protected":false},"author":3,"featured_media":2251,"comment_status":"closed","ping_status":"closed","sticky":false,"template":"","format":"standard","meta":{"_acf_changed":false,"_genesis_hide_title":false,"_genesis_hide_breadcrumbs":false,"_genesis_hide_singular_image":false,"_genesis_hide_footer_widgets":false,"_genesis_custom_body_class":"","_genesis_custom_post_class":"","_genesis_layout":"","footnotes":""},"categories":[28],"tags":[],"class_list":{"0":"post-2490","1":"post","2":"type-post","3":"status-publish","4":"format-standard","5":"has-post-thumbnail","7":"category-actualidad","8":"entry"},"acf":[],"yoast_head":"<!-- This site is optimized with the Yoast SEO plugin v27.2 - https:\/\/yoast.com\/product\/yoast-seo-wordpress\/ -->\n<title>La concienciaci\u00f3n con el bienestar animal abre puertas al seguro (ADN del seguro) - Col\u00b7legi de Mediadors d&#039;Assegurances de Lleida<\/title>\n<meta name=\"robots\" content=\"index, follow, max-snippet:-1, max-image-preview:large, max-video-preview:-1\" \/>\n<link rel=\"canonical\" href=\"https:\/\/www.cmalleida.com\/es\/la-concienciacion-con-el-bienestar-animal-abre-puertas-al-seguro-adn-del-seguro\/\" \/>\n<meta property=\"og:locale\" content=\"es_ES\" \/>\n<meta property=\"og:type\" content=\"article\" \/>\n<meta property=\"og:title\" content=\"La concienciaci\u00f3n con el bienestar animal abre puertas al seguro (ADN del seguro) - Col\u00b7legi de Mediadors d&#039;Assegurances de Lleida\" \/>\n<meta property=\"og:description\" content=\"La entrada en vigor en Espa\u00f1a del Convenio Europeo sobre Proteccio\u0301n de Animales de Compan\u0303i\u0301a refleja la mayor sensibilidad por el bienestar animal, un cambio... Llegeix m\u00e9s\" \/>\n<meta property=\"og:url\" content=\"https:\/\/www.cmalleida.com\/es\/la-concienciacion-con-el-bienestar-animal-abre-puertas-al-seguro-adn-del-seguro\/\" \/>\n<meta property=\"og:site_name\" content=\"Col\u00b7legi de Mediadors d&#039;Assegurances de Lleida\" \/>\n<meta property=\"article:published_time\" content=\"2018-05-18T08:42:36+00:00\" \/>\n<meta property=\"og:image\" content=\"https:\/\/www.cmalleida.com\/wp-content\/uploads\/cmall-lleida-actualitat-gosset762.jpg\" \/>\n\t<meta property=\"og:image:width\" content=\"762\" \/>\n\t<meta property=\"og:image:height\" content=\"762\" \/>\n\t<meta property=\"og:image:type\" content=\"image\/jpeg\" \/>\n<meta name=\"author\" content=\"Col\u00b7legi Mediadors\" \/>\n<meta name=\"twitter:card\" content=\"summary_large_image\" \/>\n<meta name=\"twitter:label1\" content=\"Written by\" \/>\n\t<meta name=\"twitter:data1\" content=\"Col\u00b7legi Mediadors\" \/>\n\t<meta name=\"twitter:label2\" content=\"Est. reading time\" \/>\n\t<meta name=\"twitter:data2\" content=\"3 minutos\" \/>\n<script type=\"application\/ld+json\" class=\"yoast-schema-graph\">{\"@context\":\"https:\/\/schema.org\",\"@graph\":[{\"@type\":\"Article\",\"@id\":\"https:\/\/www.cmalleida.com\/es\/la-concienciacion-con-el-bienestar-animal-abre-puertas-al-seguro-adn-del-seguro\/#article\",\"isPartOf\":{\"@id\":\"https:\/\/www.cmalleida.com\/es\/la-concienciacion-con-el-bienestar-animal-abre-puertas-al-seguro-adn-del-seguro\/\"},\"author\":{\"name\":\"Col\u00b7legi Mediadors\",\"@id\":\"https:\/\/www.cmalleida.com\/es\/#\/schema\/person\/bc84b7874fa5ac8a15c15a050fb3b79c\"},\"headline\":\"La concienciaci\u00f3n con el bienestar animal abre puertas al seguro (ADN del seguro)\",\"datePublished\":\"2018-05-18T08:42:36+00:00\",\"mainEntityOfPage\":{\"@id\":\"https:\/\/www.cmalleida.com\/es\/la-concienciacion-con-el-bienestar-animal-abre-puertas-al-seguro-adn-del-seguro\/\"},\"wordCount\":606,\"publisher\":{\"@id\":\"https:\/\/www.cmalleida.com\/es\/#organization\"},\"image\":{\"@id\":\"https:\/\/www.cmalleida.com\/es\/la-concienciacion-con-el-bienestar-animal-abre-puertas-al-seguro-adn-del-seguro\/#primaryimage\"},\"thumbnailUrl\":\"https:\/\/www.cmalleida.com\/wp-content\/uploads\/cmall-lleida-actualitat-gosset762.jpg\",\"articleSection\":[\"Actualidad\"],\"inLanguage\":\"es\"},{\"@type\":\"WebPage\",\"@id\":\"https:\/\/www.cmalleida.com\/es\/la-concienciacion-con-el-bienestar-animal-abre-puertas-al-seguro-adn-del-seguro\/\",\"url\":\"https:\/\/www.cmalleida.com\/es\/la-concienciacion-con-el-bienestar-animal-abre-puertas-al-seguro-adn-del-seguro\/\",\"name\":\"La concienciaci\u00f3n con el bienestar animal abre puertas al seguro (ADN del seguro) - Col\u00b7legi de Mediadors d&#039;Assegurances de Lleida\",\"isPartOf\":{\"@id\":\"https:\/\/www.cmalleida.com\/es\/#website\"},\"primaryImageOfPage\":{\"@id\":\"https:\/\/www.cmalleida.com\/es\/la-concienciacion-con-el-bienestar-animal-abre-puertas-al-seguro-adn-del-seguro\/#primaryimage\"},\"image\":{\"@id\":\"https:\/\/www.cmalleida.com\/es\/la-concienciacion-con-el-bienestar-animal-abre-puertas-al-seguro-adn-del-seguro\/#primaryimage\"},\"thumbnailUrl\":\"https:\/\/www.cmalleida.com\/wp-content\/uploads\/cmall-lleida-actualitat-gosset762.jpg\",\"datePublished\":\"2018-05-18T08:42:36+00:00\",\"breadcrumb\":{\"@id\":\"https:\/\/www.cmalleida.com\/es\/la-concienciacion-con-el-bienestar-animal-abre-puertas-al-seguro-adn-del-seguro\/#breadcrumb\"},\"inLanguage\":\"es\",\"potentialAction\":[{\"@type\":\"ReadAction\",\"target\":[\"https:\/\/www.cmalleida.com\/es\/la-concienciacion-con-el-bienestar-animal-abre-puertas-al-seguro-adn-del-seguro\/\"]}]},{\"@type\":\"ImageObject\",\"inLanguage\":\"es\",\"@id\":\"https:\/\/www.cmalleida.com\/es\/la-concienciacion-con-el-bienestar-animal-abre-puertas-al-seguro-adn-del-seguro\/#primaryimage\",\"url\":\"https:\/\/www.cmalleida.com\/wp-content\/uploads\/cmall-lleida-actualitat-gosset762.jpg\",\"contentUrl\":\"https:\/\/www.cmalleida.com\/wp-content\/uploads\/cmall-lleida-actualitat-gosset762.jpg\",\"width\":762,\"height\":762,\"caption\":\"cmall-lleida-actualitat-gosset762\"},{\"@type\":\"BreadcrumbList\",\"@id\":\"https:\/\/www.cmalleida.com\/es\/la-concienciacion-con-el-bienestar-animal-abre-puertas-al-seguro-adn-del-seguro\/#breadcrumb\",\"itemListElement\":[{\"@type\":\"ListItem\",\"position\":1,\"name\":\"Inici\",\"item\":\"https:\/\/www.cmalleida.com\/es\/\"},{\"@type\":\"ListItem\",\"position\":2,\"name\":\"La concienciaci\u00f3n con el bienestar animal abre puertas al seguro (ADN del seguro)\"}]},{\"@type\":\"WebSite\",\"@id\":\"https:\/\/www.cmalleida.com\/es\/#website\",\"url\":\"https:\/\/www.cmalleida.com\/es\/\",\"name\":\"Col\u00b7legi de Mediadors d&#039;Assegurances de Lleida\",\"description\":\"Otro sitio realizado con WordPress\",\"publisher\":{\"@id\":\"https:\/\/www.cmalleida.com\/es\/#organization\"},\"potentialAction\":[{\"@type\":\"SearchAction\",\"target\":{\"@type\":\"EntryPoint\",\"urlTemplate\":\"https:\/\/www.cmalleida.com\/es\/?s={search_term_string}\"},\"query-input\":{\"@type\":\"PropertyValueSpecification\",\"valueRequired\":true,\"valueName\":\"search_term_string\"}}],\"inLanguage\":\"es\"},{\"@type\":\"Organization\",\"@id\":\"https:\/\/www.cmalleida.com\/es\/#organization\",\"name\":\"Col\u00b7legi de Mediadors d'Assegurances de Lleida\",\"url\":\"https:\/\/www.cmalleida.com\/es\/\",\"logo\":{\"@type\":\"ImageObject\",\"inLanguage\":\"es\",\"@id\":\"https:\/\/www.cmalleida.com\/es\/#\/schema\/logo\/image\/\",\"url\":\"\",\"contentUrl\":\"\",\"caption\":\"Col\u00b7legi de Mediadors d'Assegurances de Lleida\"},\"image\":{\"@id\":\"https:\/\/www.cmalleida.com\/es\/#\/schema\/logo\/image\/\"}},{\"@type\":\"Person\",\"@id\":\"https:\/\/www.cmalleida.com\/es\/#\/schema\/person\/bc84b7874fa5ac8a15c15a050fb3b79c\",\"name\":\"Col\u00b7legi Mediadors\",\"image\":{\"@type\":\"ImageObject\",\"inLanguage\":\"es\",\"@id\":\"https:\/\/secure.gravatar.com\/avatar\/05a66e0aafde4a91aea6f2c243b0b99b03dac1cca78dc84298f5e7e7ad4dfd33?s=96&d=mm&r=g\",\"url\":\"https:\/\/secure.gravatar.com\/avatar\/05a66e0aafde4a91aea6f2c243b0b99b03dac1cca78dc84298f5e7e7ad4dfd33?s=96&d=mm&r=g\",\"contentUrl\":\"https:\/\/secure.gravatar.com\/avatar\/05a66e0aafde4a91aea6f2c243b0b99b03dac1cca78dc84298f5e7e7ad4dfd33?s=96&d=mm&r=g\",\"caption\":\"Col\u00b7legi Mediadors\"}}]}<\/script>\n<!-- \/ Yoast SEO plugin. -->","yoast_head_json":{"title":"La concienciaci\u00f3n con el bienestar animal abre puertas al seguro (ADN del seguro) - Col\u00b7legi de Mediadors d&#039;Assegurances de Lleida","robots":{"index":"index","follow":"follow","max-snippet":"max-snippet:-1","max-image-preview":"max-image-preview:large","max-video-preview":"max-video-preview:-1"},"canonical":"https:\/\/www.cmalleida.com\/es\/la-concienciacion-con-el-bienestar-animal-abre-puertas-al-seguro-adn-del-seguro\/","og_locale":"es_ES","og_type":"article","og_title":"La concienciaci\u00f3n con el bienestar animal abre puertas al seguro (ADN del seguro) - Col\u00b7legi de Mediadors d&#039;Assegurances de Lleida","og_description":"La entrada en vigor en Espa\u00f1a del Convenio Europeo sobre Proteccio\u0301n de Animales de Compan\u0303i\u0301a refleja la mayor sensibilidad por el bienestar animal, un cambio... Llegeix m\u00e9s","og_url":"https:\/\/www.cmalleida.com\/es\/la-concienciacion-con-el-bienestar-animal-abre-puertas-al-seguro-adn-del-seguro\/","og_site_name":"Col\u00b7legi de Mediadors d&#039;Assegurances de Lleida","article_published_time":"2018-05-18T08:42:36+00:00","og_image":[{"width":762,"height":762,"url":"https:\/\/www.cmalleida.com\/wp-content\/uploads\/cmall-lleida-actualitat-gosset762.jpg","type":"image\/jpeg"}],"author":"Col\u00b7legi Mediadors","twitter_card":"summary_large_image","twitter_misc":{"Written by":"Col\u00b7legi Mediadors","Est. reading time":"3 minutos"},"schema":{"@context":"https:\/\/schema.org","@graph":[{"@type":"Article","@id":"https:\/\/www.cmalleida.com\/es\/la-concienciacion-con-el-bienestar-animal-abre-puertas-al-seguro-adn-del-seguro\/#article","isPartOf":{"@id":"https:\/\/www.cmalleida.com\/es\/la-concienciacion-con-el-bienestar-animal-abre-puertas-al-seguro-adn-del-seguro\/"},"author":{"name":"Col\u00b7legi Mediadors","@id":"https:\/\/www.cmalleida.com\/es\/#\/schema\/person\/bc84b7874fa5ac8a15c15a050fb3b79c"},"headline":"La concienciaci\u00f3n con el bienestar animal abre puertas al seguro (ADN del seguro)","datePublished":"2018-05-18T08:42:36+00:00","mainEntityOfPage":{"@id":"https:\/\/www.cmalleida.com\/es\/la-concienciacion-con-el-bienestar-animal-abre-puertas-al-seguro-adn-del-seguro\/"},"wordCount":606,"publisher":{"@id":"https:\/\/www.cmalleida.com\/es\/#organization"},"image":{"@id":"https:\/\/www.cmalleida.com\/es\/la-concienciacion-con-el-bienestar-animal-abre-puertas-al-seguro-adn-del-seguro\/#primaryimage"},"thumbnailUrl":"https:\/\/www.cmalleida.com\/wp-content\/uploads\/cmall-lleida-actualitat-gosset762.jpg","articleSection":["Actualidad"],"inLanguage":"es"},{"@type":"WebPage","@id":"https:\/\/www.cmalleida.com\/es\/la-concienciacion-con-el-bienestar-animal-abre-puertas-al-seguro-adn-del-seguro\/","url":"https:\/\/www.cmalleida.com\/es\/la-concienciacion-con-el-bienestar-animal-abre-puertas-al-seguro-adn-del-seguro\/","name":"La concienciaci\u00f3n con el bienestar animal abre puertas al seguro (ADN del seguro) - Col\u00b7legi de Mediadors d&#039;Assegurances de Lleida","isPartOf":{"@id":"https:\/\/www.cmalleida.com\/es\/#website"},"primaryImageOfPage":{"@id":"https:\/\/www.cmalleida.com\/es\/la-concienciacion-con-el-bienestar-animal-abre-puertas-al-seguro-adn-del-seguro\/#primaryimage"},"image":{"@id":"https:\/\/www.cmalleida.com\/es\/la-concienciacion-con-el-bienestar-animal-abre-puertas-al-seguro-adn-del-seguro\/#primaryimage"},"thumbnailUrl":"https:\/\/www.cmalleida.com\/wp-content\/uploads\/cmall-lleida-actualitat-gosset762.jpg","datePublished":"2018-05-18T08:42:36+00:00","breadcrumb":{"@id":"https:\/\/www.cmalleida.com\/es\/la-concienciacion-con-el-bienestar-animal-abre-puertas-al-seguro-adn-del-seguro\/#breadcrumb"},"inLanguage":"es","potentialAction":[{"@type":"ReadAction","target":["https:\/\/www.cmalleida.com\/es\/la-concienciacion-con-el-bienestar-animal-abre-puertas-al-seguro-adn-del-seguro\/"]}]},{"@type":"ImageObject","inLanguage":"es","@id":"https:\/\/www.cmalleida.com\/es\/la-concienciacion-con-el-bienestar-animal-abre-puertas-al-seguro-adn-del-seguro\/#primaryimage","url":"https:\/\/www.cmalleida.com\/wp-content\/uploads\/cmall-lleida-actualitat-gosset762.jpg","contentUrl":"https:\/\/www.cmalleida.com\/wp-content\/uploads\/cmall-lleida-actualitat-gosset762.jpg","width":762,"height":762,"caption":"cmall-lleida-actualitat-gosset762"},{"@type":"BreadcrumbList","@id":"https:\/\/www.cmalleida.com\/es\/la-concienciacion-con-el-bienestar-animal-abre-puertas-al-seguro-adn-del-seguro\/#breadcrumb","itemListElement":[{"@type":"ListItem","position":1,"name":"Inici","item":"https:\/\/www.cmalleida.com\/es\/"},{"@type":"ListItem","position":2,"name":"La concienciaci\u00f3n con el bienestar animal abre puertas al seguro (ADN del seguro)"}]},{"@type":"WebSite","@id":"https:\/\/www.cmalleida.com\/es\/#website","url":"https:\/\/www.cmalleida.com\/es\/","name":"Col\u00b7legi de Mediadors d&#039;Assegurances de Lleida","description":"Otro sitio realizado con WordPress","publisher":{"@id":"https:\/\/www.cmalleida.com\/es\/#organization"},"potentialAction":[{"@type":"SearchAction","target":{"@type":"EntryPoint","urlTemplate":"https:\/\/www.cmalleida.com\/es\/?s={search_term_string}"},"query-input":{"@type":"PropertyValueSpecification","valueRequired":true,"valueName":"search_term_string"}}],"inLanguage":"es"},{"@type":"Organization","@id":"https:\/\/www.cmalleida.com\/es\/#organization","name":"Col\u00b7legi de Mediadors d'Assegurances de Lleida","url":"https:\/\/www.cmalleida.com\/es\/","logo":{"@type":"ImageObject","inLanguage":"es","@id":"https:\/\/www.cmalleida.com\/es\/#\/schema\/logo\/image\/","url":"","contentUrl":"","caption":"Col\u00b7legi de Mediadors d'Assegurances de Lleida"},"image":{"@id":"https:\/\/www.cmalleida.com\/es\/#\/schema\/logo\/image\/"}},{"@type":"Person","@id":"https:\/\/www.cmalleida.com\/es\/#\/schema\/person\/bc84b7874fa5ac8a15c15a050fb3b79c","name":"Col\u00b7legi Mediadors","image":{"@type":"ImageObject","inLanguage":"es","@id":"https:\/\/secure.gravatar.com\/avatar\/05a66e0aafde4a91aea6f2c243b0b99b03dac1cca78dc84298f5e7e7ad4dfd33?s=96&d=mm&r=g","url":"https:\/\/secure.gravatar.com\/avatar\/05a66e0aafde4a91aea6f2c243b0b99b03dac1cca78dc84298f5e7e7ad4dfd33?s=96&d=mm&r=g","contentUrl":"https:\/\/secure.gravatar.com\/avatar\/05a66e0aafde4a91aea6f2c243b0b99b03dac1cca78dc84298f5e7e7ad4dfd33?s=96&d=mm&r=g","caption":"Col\u00b7legi Mediadors"}}]}},"_links":{"self":[{"href":"https:\/\/www.cmalleida.com\/es\/wp-json\/wp\/v2\/posts\/2490","targetHints":{"allow":["GET"]}}],"collection":[{"href":"https:\/\/www.cmalleida.com\/es\/wp-json\/wp\/v2\/posts"}],"about":[{"href":"https:\/\/www.cmalleida.com\/es\/wp-json\/wp\/v2\/types\/post"}],"author":[{"embeddable":true,"href":"https:\/\/www.cmalleida.com\/es\/wp-json\/wp\/v2\/users\/3"}],"replies":[{"embeddable":true,"href":"https:\/\/www.cmalleida.com\/es\/wp-json\/wp\/v2\/comments?post=2490"}],"version-history":[{"count":1,"href":"https:\/\/www.cmalleida.com\/es\/wp-json\/wp\/v2\/posts\/2490\/revisions"}],"predecessor-version":[{"id":2491,"href":"https:\/\/www.cmalleida.com\/es\/wp-json\/wp\/v2\/posts\/2490\/revisions\/2491"}],"wp:featuredmedia":[{"embeddable":true,"href":"https:\/\/www.cmalleida.com\/es\/wp-json\/wp\/v2\/media\/2251"}],"wp:attachment":[{"href":"https:\/\/www.cmalleida.com\/es\/wp-json\/wp\/v2\/media?parent=2490"}],"wp:term":[{"taxonomy":"category","embeddable":true,"href":"https:\/\/www.cmalleida.com\/es\/wp-json\/wp\/v2\/categories?post=2490"},{"taxonomy":"post_tag","embeddable":true,"href":"https:\/\/www.cmalleida.com\/es\/wp-json\/wp\/v2\/tags?post=2490"}],"curies":[{"name":"wp","href":"https:\/\/api.w.org\/{rel}","templated":true}]}}