{"id":2480,"date":"2018-05-18T10:42:37","date_gmt":"2018-05-18T08:42:37","guid":{"rendered":"https:\/\/www.cmalleida.com\/?p=2480"},"modified":"2018-05-18T10:42:37","modified_gmt":"2018-05-18T08:42:37","slug":"las-viviendas-espanolas-estan-aseguradas-un-32-por-debajo-de-su-valor-expansion","status":"publish","type":"post","link":"https:\/\/www.cmalleida.com\/es\/las-viviendas-espanolas-estan-aseguradas-un-32-por-debajo-de-su-valor-expansion\/","title":{"rendered":"Las viviendas espa\u00f1olas est\u00e1n aseguradas un 32% por debajo de su valor  (Expansi\u00f3n)"},"content":{"rendered":"<p><strong><em>EFE\u00a0\u00a0 <\/em><\/strong><em>12 MAY. 2018\u00a0<\/em><strong><em>&#8211; 10:30<\/em><\/strong><\/p>\n<p>Esto implica que la suma total asegurada es inferior al valor real del bien, lo que se conoce como \u00abinfraseguro\u00bb, y que afecta a la cantidad a indemnizar en caso de siniestro.<\/p>\n<p>Las viviendas espa\u00f1olas, de media, est\u00e1n aseguradas un 32% por debajo del valor que corresponder\u00eda, es decir, que la suma total asegurada es inferior al valor real del bien, lo que se conoce como \u00abinfraseguro\u00bb, y que afecta a la cantidad a indemnizar en caso de siniestro.<\/p>\n<p>Y es que si en la p\u00f3liza el cliente declara que el valor del bien es, por ejemplo, 10, pero en verdad es superior, en caso de siniestro, la indemnizaci\u00f3n no ser\u00e1 por el total asegurado.<\/p>\n<p>Aunque el \u00abinfraseguro\u00bb puede producirse en muchos casos, las aseguradoras reconocen que suele ser m\u00e1s habitual en los seguros de hogar, sobre todo, en lo relativo al contenido de la vivienda.<\/p>\n<p>Seg\u00fan datos de una compa\u00f1\u00eda experta en soluciones tecnol\u00f3gicas del sector asegurador, Solera, cada a\u00f1o se producen m\u00e1s de seis millones de siniestros en los hogares espa\u00f1oles, y en dos de cada diez es necesaria la presencia del perito para valorar el da\u00f1o.<\/p>\n<p>\u00abEs un momento de incertidumbre para el usuario, que demanda informaci\u00f3n y orientaci\u00f3n de manera inmediata\u00bb, dice la compa\u00f1\u00eda, que a\u00f1ade que, de hecho, en torno al 40 % de las reclamaciones de los clientes son en la etapa inicial de la gesti\u00f3n del siniestro.<\/p>\n<p>As\u00ed, asegura, la soluci\u00f3n pasa por digitalizar el proceso de peritaci\u00f3n y generar una expectativa real al usuario de dinero y tiempo.<\/p>\n<p>Por ello, Solera ha desarrollado un asistente digital para la valoraci\u00f3n de da\u00f1os que permite al perito tener informaci\u00f3n detallada de la vivienda en tiempo real, o acceder a la p\u00f3liza desde el lugar del siniestro, teniendo a su alcance toda la informaci\u00f3n sobre sus condiciones y coberturas para su aplicaci\u00f3n autom\u00e1tica, incluida \u00abla letra peque\u00f1a\u00bb.<\/p>\n<p>Adem\u00e1s, el perito puede acceder a otras fuentes como la Agencia Estatal de Meteorolog\u00eda (Aemet), de donde puede importar datos de lluvia o viento para justificar la aplicaci\u00f3n de una garant\u00eda ligada a fen\u00f3menos atmosf\u00e9ricos; a motores de b\u00fasqueda en la red para conocer el valor actualizado de los bienes de la casa; o el Catastro, del que obtiene los datos del inmueble y otras caracter\u00edsticas.<\/p>\n<p>Una de las primeras compa\u00f1\u00edas en firmar un acuerdo con Solera para digitalizar la valoraci\u00f3n de los siniestros de hogar en su red de peritos ha sido Liberty Seguros, seg\u00fan inform\u00f3 la compa\u00f1\u00eda.<\/p>\n","protected":false},"excerpt":{"rendered":"<p>EFE\u00a0\u00a0 12 MAY. 2018\u00a0&#8211; 10:30 Esto implica que la suma total asegurada es inferior al valor real del bien, lo que se conoce como \u00abinfraseguro\u00bb,&#8230; <a href=\"https:\/\/www.cmalleida.com\/es\/las-viviendas-espanolas-estan-aseguradas-un-32-por-debajo-de-su-valor-expansion\/\" rel=\"nofollow\" class=\"lollegirmes\">Llegeix m\u00e9s<\/a><\/p>\n","protected":false},"author":3,"featured_media":1890,"comment_status":"closed","ping_status":"closed","sticky":false,"template":"","format":"standard","meta":{"_acf_changed":false,"_genesis_hide_title":false,"_genesis_hide_breadcrumbs":false,"_genesis_hide_singular_image":false,"_genesis_hide_footer_widgets":false,"_genesis_custom_body_class":"","_genesis_custom_post_class":"","_genesis_layout":"","footnotes":""},"categories":[28],"tags":[],"class_list":{"0":"post-2480","1":"post","2":"type-post","3":"status-publish","4":"format-standard","5":"has-post-thumbnail","7":"category-actualidad","8":"entry"},"acf":[],"yoast_head":"<!-- This site is optimized with the Yoast SEO plugin v27.2 - https:\/\/yoast.com\/product\/yoast-seo-wordpress\/ -->\n<title>Las viviendas espa\u00f1olas est\u00e1n aseguradas un 32% por debajo de su valor (Expansi\u00f3n) - Col\u00b7legi de Mediadors d&#039;Assegurances de Lleida<\/title>\n<meta name=\"robots\" content=\"index, follow, max-snippet:-1, max-image-preview:large, max-video-preview:-1\" \/>\n<link rel=\"canonical\" href=\"https:\/\/www.cmalleida.com\/es\/las-viviendas-espanolas-estan-aseguradas-un-32-por-debajo-de-su-valor-expansion\/\" \/>\n<meta property=\"og:locale\" content=\"es_ES\" \/>\n<meta property=\"og:type\" content=\"article\" \/>\n<meta property=\"og:title\" content=\"Las viviendas espa\u00f1olas est\u00e1n aseguradas un 32% por debajo de su valor (Expansi\u00f3n) - Col\u00b7legi de Mediadors d&#039;Assegurances de Lleida\" \/>\n<meta property=\"og:description\" content=\"EFE\u00a0\u00a0 12 MAY. 2018\u00a0&#8211; 10:30 Esto implica que la suma total asegurada es inferior al valor real del bien, lo que se conoce como \u00abinfraseguro\u00bb,... Llegeix m\u00e9s\" \/>\n<meta property=\"og:url\" content=\"https:\/\/www.cmalleida.com\/es\/las-viviendas-espanolas-estan-aseguradas-un-32-por-debajo-de-su-valor-expansion\/\" \/>\n<meta property=\"og:site_name\" content=\"Col\u00b7legi de Mediadors d&#039;Assegurances de Lleida\" \/>\n<meta property=\"article:published_time\" content=\"2018-05-18T08:42:37+00:00\" \/>\n<meta property=\"og:image\" content=\"https:\/\/www.cmalleida.com\/wp-content\/uploads\/cmall-lleida-actualitat-runio762.jpg\" \/>\n\t<meta property=\"og:image:width\" content=\"762\" \/>\n\t<meta property=\"og:image:height\" content=\"762\" \/>\n\t<meta property=\"og:image:type\" content=\"image\/jpeg\" \/>\n<meta name=\"author\" content=\"Col\u00b7legi Mediadors\" \/>\n<meta name=\"twitter:card\" content=\"summary_large_image\" \/>\n<meta name=\"twitter:label1\" content=\"Written by\" \/>\n\t<meta name=\"twitter:data1\" content=\"Col\u00b7legi Mediadors\" \/>\n\t<meta name=\"twitter:label2\" content=\"Est. reading time\" \/>\n\t<meta name=\"twitter:data2\" content=\"2 minutos\" \/>\n<script type=\"application\/ld+json\" class=\"yoast-schema-graph\">{\"@context\":\"https:\/\/schema.org\",\"@graph\":[{\"@type\":\"Article\",\"@id\":\"https:\/\/www.cmalleida.com\/es\/las-viviendas-espanolas-estan-aseguradas-un-32-por-debajo-de-su-valor-expansion\/#article\",\"isPartOf\":{\"@id\":\"https:\/\/www.cmalleida.com\/es\/las-viviendas-espanolas-estan-aseguradas-un-32-por-debajo-de-su-valor-expansion\/\"},\"author\":{\"name\":\"Col\u00b7legi Mediadors\",\"@id\":\"https:\/\/www.cmalleida.com\/es\/#\/schema\/person\/bc84b7874fa5ac8a15c15a050fb3b79c\"},\"headline\":\"Las viviendas espa\u00f1olas est\u00e1n aseguradas un 32% por debajo de su valor (Expansi\u00f3n)\",\"datePublished\":\"2018-05-18T08:42:37+00:00\",\"mainEntityOfPage\":{\"@id\":\"https:\/\/www.cmalleida.com\/es\/las-viviendas-espanolas-estan-aseguradas-un-32-por-debajo-de-su-valor-expansion\/\"},\"wordCount\":465,\"publisher\":{\"@id\":\"https:\/\/www.cmalleida.com\/es\/#organization\"},\"image\":{\"@id\":\"https:\/\/www.cmalleida.com\/es\/las-viviendas-espanolas-estan-aseguradas-un-32-por-debajo-de-su-valor-expansion\/#primaryimage\"},\"thumbnailUrl\":\"https:\/\/www.cmalleida.com\/wp-content\/uploads\/cmall-lleida-actualitat-runio762.jpg\",\"articleSection\":[\"Actualidad\"],\"inLanguage\":\"es\"},{\"@type\":\"WebPage\",\"@id\":\"https:\/\/www.cmalleida.com\/es\/las-viviendas-espanolas-estan-aseguradas-un-32-por-debajo-de-su-valor-expansion\/\",\"url\":\"https:\/\/www.cmalleida.com\/es\/las-viviendas-espanolas-estan-aseguradas-un-32-por-debajo-de-su-valor-expansion\/\",\"name\":\"Las viviendas espa\u00f1olas est\u00e1n aseguradas un 32% por debajo de su valor (Expansi\u00f3n) - Col\u00b7legi de Mediadors d&#039;Assegurances de Lleida\",\"isPartOf\":{\"@id\":\"https:\/\/www.cmalleida.com\/es\/#website\"},\"primaryImageOfPage\":{\"@id\":\"https:\/\/www.cmalleida.com\/es\/las-viviendas-espanolas-estan-aseguradas-un-32-por-debajo-de-su-valor-expansion\/#primaryimage\"},\"image\":{\"@id\":\"https:\/\/www.cmalleida.com\/es\/las-viviendas-espanolas-estan-aseguradas-un-32-por-debajo-de-su-valor-expansion\/#primaryimage\"},\"thumbnailUrl\":\"https:\/\/www.cmalleida.com\/wp-content\/uploads\/cmall-lleida-actualitat-runio762.jpg\",\"datePublished\":\"2018-05-18T08:42:37+00:00\",\"breadcrumb\":{\"@id\":\"https:\/\/www.cmalleida.com\/es\/las-viviendas-espanolas-estan-aseguradas-un-32-por-debajo-de-su-valor-expansion\/#breadcrumb\"},\"inLanguage\":\"es\",\"potentialAction\":[{\"@type\":\"ReadAction\",\"target\":[\"https:\/\/www.cmalleida.com\/es\/las-viviendas-espanolas-estan-aseguradas-un-32-por-debajo-de-su-valor-expansion\/\"]}]},{\"@type\":\"ImageObject\",\"inLanguage\":\"es\",\"@id\":\"https:\/\/www.cmalleida.com\/es\/las-viviendas-espanolas-estan-aseguradas-un-32-por-debajo-de-su-valor-expansion\/#primaryimage\",\"url\":\"https:\/\/www.cmalleida.com\/wp-content\/uploads\/cmall-lleida-actualitat-runio762.jpg\",\"contentUrl\":\"https:\/\/www.cmalleida.com\/wp-content\/uploads\/cmall-lleida-actualitat-runio762.jpg\",\"width\":762,\"height\":762,\"caption\":\"cmall-lleida-actualitat-RUNIO762\"},{\"@type\":\"BreadcrumbList\",\"@id\":\"https:\/\/www.cmalleida.com\/es\/las-viviendas-espanolas-estan-aseguradas-un-32-por-debajo-de-su-valor-expansion\/#breadcrumb\",\"itemListElement\":[{\"@type\":\"ListItem\",\"position\":1,\"name\":\"Inici\",\"item\":\"https:\/\/www.cmalleida.com\/es\/\"},{\"@type\":\"ListItem\",\"position\":2,\"name\":\"Las viviendas espa\u00f1olas est\u00e1n aseguradas un 32% por debajo de su valor (Expansi\u00f3n)\"}]},{\"@type\":\"WebSite\",\"@id\":\"https:\/\/www.cmalleida.com\/es\/#website\",\"url\":\"https:\/\/www.cmalleida.com\/es\/\",\"name\":\"Col\u00b7legi de Mediadors d&#039;Assegurances de Lleida\",\"description\":\"Otro sitio realizado con WordPress\",\"publisher\":{\"@id\":\"https:\/\/www.cmalleida.com\/es\/#organization\"},\"potentialAction\":[{\"@type\":\"SearchAction\",\"target\":{\"@type\":\"EntryPoint\",\"urlTemplate\":\"https:\/\/www.cmalleida.com\/es\/?s={search_term_string}\"},\"query-input\":{\"@type\":\"PropertyValueSpecification\",\"valueRequired\":true,\"valueName\":\"search_term_string\"}}],\"inLanguage\":\"es\"},{\"@type\":\"Organization\",\"@id\":\"https:\/\/www.cmalleida.com\/es\/#organization\",\"name\":\"Col\u00b7legi de Mediadors d'Assegurances de Lleida\",\"url\":\"https:\/\/www.cmalleida.com\/es\/\",\"logo\":{\"@type\":\"ImageObject\",\"inLanguage\":\"es\",\"@id\":\"https:\/\/www.cmalleida.com\/es\/#\/schema\/logo\/image\/\",\"url\":\"\",\"contentUrl\":\"\",\"caption\":\"Col\u00b7legi de Mediadors d'Assegurances de Lleida\"},\"image\":{\"@id\":\"https:\/\/www.cmalleida.com\/es\/#\/schema\/logo\/image\/\"}},{\"@type\":\"Person\",\"@id\":\"https:\/\/www.cmalleida.com\/es\/#\/schema\/person\/bc84b7874fa5ac8a15c15a050fb3b79c\",\"name\":\"Col\u00b7legi Mediadors\",\"image\":{\"@type\":\"ImageObject\",\"inLanguage\":\"es\",\"@id\":\"https:\/\/secure.gravatar.com\/avatar\/05a66e0aafde4a91aea6f2c243b0b99b03dac1cca78dc84298f5e7e7ad4dfd33?s=96&d=mm&r=g\",\"url\":\"https:\/\/secure.gravatar.com\/avatar\/05a66e0aafde4a91aea6f2c243b0b99b03dac1cca78dc84298f5e7e7ad4dfd33?s=96&d=mm&r=g\",\"contentUrl\":\"https:\/\/secure.gravatar.com\/avatar\/05a66e0aafde4a91aea6f2c243b0b99b03dac1cca78dc84298f5e7e7ad4dfd33?s=96&d=mm&r=g\",\"caption\":\"Col\u00b7legi Mediadors\"}}]}<\/script>\n<!-- \/ Yoast SEO plugin. -->","yoast_head_json":{"title":"Las viviendas espa\u00f1olas est\u00e1n aseguradas un 32% por debajo de su valor (Expansi\u00f3n) - Col\u00b7legi de Mediadors d&#039;Assegurances de Lleida","robots":{"index":"index","follow":"follow","max-snippet":"max-snippet:-1","max-image-preview":"max-image-preview:large","max-video-preview":"max-video-preview:-1"},"canonical":"https:\/\/www.cmalleida.com\/es\/las-viviendas-espanolas-estan-aseguradas-un-32-por-debajo-de-su-valor-expansion\/","og_locale":"es_ES","og_type":"article","og_title":"Las viviendas espa\u00f1olas est\u00e1n aseguradas un 32% por debajo de su valor (Expansi\u00f3n) - Col\u00b7legi de Mediadors d&#039;Assegurances de Lleida","og_description":"EFE\u00a0\u00a0 12 MAY. 2018\u00a0&#8211; 10:30 Esto implica que la suma total asegurada es inferior al valor real del bien, lo que se conoce como \u00abinfraseguro\u00bb,... Llegeix m\u00e9s","og_url":"https:\/\/www.cmalleida.com\/es\/las-viviendas-espanolas-estan-aseguradas-un-32-por-debajo-de-su-valor-expansion\/","og_site_name":"Col\u00b7legi de Mediadors d&#039;Assegurances de Lleida","article_published_time":"2018-05-18T08:42:37+00:00","og_image":[{"width":762,"height":762,"url":"https:\/\/www.cmalleida.com\/wp-content\/uploads\/cmall-lleida-actualitat-runio762.jpg","type":"image\/jpeg"}],"author":"Col\u00b7legi Mediadors","twitter_card":"summary_large_image","twitter_misc":{"Written by":"Col\u00b7legi Mediadors","Est. reading time":"2 minutos"},"schema":{"@context":"https:\/\/schema.org","@graph":[{"@type":"Article","@id":"https:\/\/www.cmalleida.com\/es\/las-viviendas-espanolas-estan-aseguradas-un-32-por-debajo-de-su-valor-expansion\/#article","isPartOf":{"@id":"https:\/\/www.cmalleida.com\/es\/las-viviendas-espanolas-estan-aseguradas-un-32-por-debajo-de-su-valor-expansion\/"},"author":{"name":"Col\u00b7legi Mediadors","@id":"https:\/\/www.cmalleida.com\/es\/#\/schema\/person\/bc84b7874fa5ac8a15c15a050fb3b79c"},"headline":"Las viviendas espa\u00f1olas est\u00e1n aseguradas un 32% por debajo de su valor (Expansi\u00f3n)","datePublished":"2018-05-18T08:42:37+00:00","mainEntityOfPage":{"@id":"https:\/\/www.cmalleida.com\/es\/las-viviendas-espanolas-estan-aseguradas-un-32-por-debajo-de-su-valor-expansion\/"},"wordCount":465,"publisher":{"@id":"https:\/\/www.cmalleida.com\/es\/#organization"},"image":{"@id":"https:\/\/www.cmalleida.com\/es\/las-viviendas-espanolas-estan-aseguradas-un-32-por-debajo-de-su-valor-expansion\/#primaryimage"},"thumbnailUrl":"https:\/\/www.cmalleida.com\/wp-content\/uploads\/cmall-lleida-actualitat-runio762.jpg","articleSection":["Actualidad"],"inLanguage":"es"},{"@type":"WebPage","@id":"https:\/\/www.cmalleida.com\/es\/las-viviendas-espanolas-estan-aseguradas-un-32-por-debajo-de-su-valor-expansion\/","url":"https:\/\/www.cmalleida.com\/es\/las-viviendas-espanolas-estan-aseguradas-un-32-por-debajo-de-su-valor-expansion\/","name":"Las viviendas espa\u00f1olas est\u00e1n aseguradas un 32% por debajo de su valor (Expansi\u00f3n) - Col\u00b7legi de Mediadors d&#039;Assegurances de Lleida","isPartOf":{"@id":"https:\/\/www.cmalleida.com\/es\/#website"},"primaryImageOfPage":{"@id":"https:\/\/www.cmalleida.com\/es\/las-viviendas-espanolas-estan-aseguradas-un-32-por-debajo-de-su-valor-expansion\/#primaryimage"},"image":{"@id":"https:\/\/www.cmalleida.com\/es\/las-viviendas-espanolas-estan-aseguradas-un-32-por-debajo-de-su-valor-expansion\/#primaryimage"},"thumbnailUrl":"https:\/\/www.cmalleida.com\/wp-content\/uploads\/cmall-lleida-actualitat-runio762.jpg","datePublished":"2018-05-18T08:42:37+00:00","breadcrumb":{"@id":"https:\/\/www.cmalleida.com\/es\/las-viviendas-espanolas-estan-aseguradas-un-32-por-debajo-de-su-valor-expansion\/#breadcrumb"},"inLanguage":"es","potentialAction":[{"@type":"ReadAction","target":["https:\/\/www.cmalleida.com\/es\/las-viviendas-espanolas-estan-aseguradas-un-32-por-debajo-de-su-valor-expansion\/"]}]},{"@type":"ImageObject","inLanguage":"es","@id":"https:\/\/www.cmalleida.com\/es\/las-viviendas-espanolas-estan-aseguradas-un-32-por-debajo-de-su-valor-expansion\/#primaryimage","url":"https:\/\/www.cmalleida.com\/wp-content\/uploads\/cmall-lleida-actualitat-runio762.jpg","contentUrl":"https:\/\/www.cmalleida.com\/wp-content\/uploads\/cmall-lleida-actualitat-runio762.jpg","width":762,"height":762,"caption":"cmall-lleida-actualitat-RUNIO762"},{"@type":"BreadcrumbList","@id":"https:\/\/www.cmalleida.com\/es\/las-viviendas-espanolas-estan-aseguradas-un-32-por-debajo-de-su-valor-expansion\/#breadcrumb","itemListElement":[{"@type":"ListItem","position":1,"name":"Inici","item":"https:\/\/www.cmalleida.com\/es\/"},{"@type":"ListItem","position":2,"name":"Las viviendas espa\u00f1olas est\u00e1n aseguradas un 32% por debajo de su valor (Expansi\u00f3n)"}]},{"@type":"WebSite","@id":"https:\/\/www.cmalleida.com\/es\/#website","url":"https:\/\/www.cmalleida.com\/es\/","name":"Col\u00b7legi de Mediadors d&#039;Assegurances de Lleida","description":"Otro sitio realizado con WordPress","publisher":{"@id":"https:\/\/www.cmalleida.com\/es\/#organization"},"potentialAction":[{"@type":"SearchAction","target":{"@type":"EntryPoint","urlTemplate":"https:\/\/www.cmalleida.com\/es\/?s={search_term_string}"},"query-input":{"@type":"PropertyValueSpecification","valueRequired":true,"valueName":"search_term_string"}}],"inLanguage":"es"},{"@type":"Organization","@id":"https:\/\/www.cmalleida.com\/es\/#organization","name":"Col\u00b7legi de Mediadors d'Assegurances de Lleida","url":"https:\/\/www.cmalleida.com\/es\/","logo":{"@type":"ImageObject","inLanguage":"es","@id":"https:\/\/www.cmalleida.com\/es\/#\/schema\/logo\/image\/","url":"","contentUrl":"","caption":"Col\u00b7legi de Mediadors d'Assegurances de Lleida"},"image":{"@id":"https:\/\/www.cmalleida.com\/es\/#\/schema\/logo\/image\/"}},{"@type":"Person","@id":"https:\/\/www.cmalleida.com\/es\/#\/schema\/person\/bc84b7874fa5ac8a15c15a050fb3b79c","name":"Col\u00b7legi Mediadors","image":{"@type":"ImageObject","inLanguage":"es","@id":"https:\/\/secure.gravatar.com\/avatar\/05a66e0aafde4a91aea6f2c243b0b99b03dac1cca78dc84298f5e7e7ad4dfd33?s=96&d=mm&r=g","url":"https:\/\/secure.gravatar.com\/avatar\/05a66e0aafde4a91aea6f2c243b0b99b03dac1cca78dc84298f5e7e7ad4dfd33?s=96&d=mm&r=g","contentUrl":"https:\/\/secure.gravatar.com\/avatar\/05a66e0aafde4a91aea6f2c243b0b99b03dac1cca78dc84298f5e7e7ad4dfd33?s=96&d=mm&r=g","caption":"Col\u00b7legi Mediadors"}}]}},"_links":{"self":[{"href":"https:\/\/www.cmalleida.com\/es\/wp-json\/wp\/v2\/posts\/2480","targetHints":{"allow":["GET"]}}],"collection":[{"href":"https:\/\/www.cmalleida.com\/es\/wp-json\/wp\/v2\/posts"}],"about":[{"href":"https:\/\/www.cmalleida.com\/es\/wp-json\/wp\/v2\/types\/post"}],"author":[{"embeddable":true,"href":"https:\/\/www.cmalleida.com\/es\/wp-json\/wp\/v2\/users\/3"}],"replies":[{"embeddable":true,"href":"https:\/\/www.cmalleida.com\/es\/wp-json\/wp\/v2\/comments?post=2480"}],"version-history":[{"count":1,"href":"https:\/\/www.cmalleida.com\/es\/wp-json\/wp\/v2\/posts\/2480\/revisions"}],"predecessor-version":[{"id":2481,"href":"https:\/\/www.cmalleida.com\/es\/wp-json\/wp\/v2\/posts\/2480\/revisions\/2481"}],"wp:featuredmedia":[{"embeddable":true,"href":"https:\/\/www.cmalleida.com\/es\/wp-json\/wp\/v2\/media\/1890"}],"wp:attachment":[{"href":"https:\/\/www.cmalleida.com\/es\/wp-json\/wp\/v2\/media?parent=2480"}],"wp:term":[{"taxonomy":"category","embeddable":true,"href":"https:\/\/www.cmalleida.com\/es\/wp-json\/wp\/v2\/categories?post=2480"},{"taxonomy":"post_tag","embeddable":true,"href":"https:\/\/www.cmalleida.com\/es\/wp-json\/wp\/v2\/tags?post=2480"}],"curies":[{"name":"wp","href":"https:\/\/api.w.org\/{rel}","templated":true}]}}