{"id":2478,"date":"2018-05-18T10:42:38","date_gmt":"2018-05-18T08:42:38","guid":{"rendered":"https:\/\/www.cmalleida.com\/?p=2478"},"modified":"2018-05-18T10:42:38","modified_gmt":"2018-05-18T08:42:38","slug":"el-envejecimiento-el-clima-y-la-ciberseguridad-traen-de-cabeza-al-seguro-la-vanguardia","status":"publish","type":"post","link":"https:\/\/www.cmalleida.com\/es\/el-envejecimiento-el-clima-y-la-ciberseguridad-traen-de-cabeza-al-seguro-la-vanguardia\/","title":{"rendered":"El envejecimiento, el clima y la ciberseguridad traen de cabeza al seguro  (La Vanguardia)"},"content":{"rendered":"<p><em>Los tres factores son los principales elementos de inestabilidad, riesgo y vulnerabilidad del planeta<\/em><\/p>\n<p><strong>XAVIER GRAU <\/strong><strong>Publicado a 16-05-2018 7:04<\/strong><\/p>\n<p><strong>El envejecimiento de la poblaci\u00f3n, el cambio clim\u00e1tico, adem\u00e1s de la ciberseguridad, son hoy por hoy los tres ejes principales de las preocupaciones que el sector asegurador<\/strong>\u00a0afronta en su futuro m\u00e1s inmediato. Tres factores clave que aparecen como\u00a0<strong>principales elementos de inestabilidad, riesgo y vulnerabilidad tambien para el conjunto del Planeta<\/strong>, seg\u00fan acaban de denunciar m\u00e1s de 70 organizaciones comprometidas con el desarrollo de la\u00a0<strong>Agenda 2030 y los Objetivos de Desarrollo Sostenible (ODS) aprovados por Naciones Unidas<\/strong>.<\/p>\n<p>El conjunto de organizaciones de la sociedad civil socilitan, seg\u00fan recogen entre otras entidades como WWF, que el\u00a0<em>Plan de Acci\u00f3n para la puesta en pr\u00e1ctica en Espa\u00f1a de la Agenda 2030<\/em>\u00a0incorpore la doctaci\u00f3n econ\u00f3mica necesaria para el desarrollo de la Agenda y\u00a0<strong>se defina una estrategia nacional de desarrollo sostenible<\/strong>.<\/p>\n<p>En el marco de las sesiones de la conferencia\u00a0<em>\u00bfQu\u00e9 hace falta hacer?,\u00a0<\/em>las organizaciones enumeraron una docena de retos urgentes y espec\u00edficos a abordar para aplicar los Objetivos de Desarrollo Sostenible (ODS) teniendo en cuenta que el Propio Programa de<strong>\u00a0Naciones Unidas para el Desarrollo clasifica de \u201cmuy alto\u201d el nivel de Desarrollo Humano en Espa\u00f1a<\/strong>.<\/p>\n<p>De los principales par\u00e1metros sobre los que actuar a tenor de los planes de Naciones Unidas, algunos coinciden \u2013por razones diferentes, lo que da m\u00e1s dimensi\u00f3n al reto de la ONU- con las procupaciones expresadas por el sector asegurador con respecto al futuro en materia de cuidado de la salud y la dignidad de las personas, la defensa del equilibrio medioambiental y la protecci\u00f3n contra el mal uso de las nuevas tecnologias.<\/p>\n<p>Recientemente, Joachim Mathe, CEO de la reaseguradora Munich Re en Espa\u00f1a, ha cifrado en\u00a0<strong>330 billones de d\u00f3lares los da\u00f1os por cat\u00e1strofes naturales en 2017<\/strong>\u00a0y ha atra\u00eddo la mirada hacia la necesidad de cubrir los nuevos riesgos en materia de dependencia, pensiones y salud que trae consigo el aumento de la esperanza de vida en los paises desarrollados. Por su parte, \u00a0nuevas iniciativas como los microseguros intentan ofrecer coberturas econ\u00f3micas y personales en paises en v\u00edas de desarrollo para mejorar su bienestar.<\/p>\n<p>Independientemente, en Espa\u00f1a, as\u00ed enumeraron los retos b\u00e1sicos de la Agenda 2030 las entidades sociales participantes en el foro\u00a0<em>\u00bfQu\u00e9 hace falta hacer?<\/em>\u00a0celebrado en el marco del Congreso de los Diputados:<\/p>\n<p><strong>Elevados niveles de desigualdad social<\/strong>\u00a0(\u00cdndice de Gini de renta: 0,35) que, adem\u00e1s de ser de los mayores de la UE, van en aumento (ODS 10).<\/p>\n<p><strong>Escaso gasto social<\/strong>\u00a0en comparaci\u00f3n con los promedios de la UE (ODS 10).<\/p>\n<p><strong>Deplorables niveles de violencia de g\u00e9nero, amplia brecha salarial entre mujeres y hombres<\/strong>\u00a0(ODS 5) y carencias de provisi\u00f3n adecuada de servicios de cuidado asequibles y de calidad para hijos\/as y otras personas a cargo. Se trata de limitaciones que repercuten sobre todo en las mujeres.<\/p>\n<p>N<strong>ecesidad de hacer uso de un enfoque de g\u00e9nero<\/strong>\u00a0en la recopilaci\u00f3n, an\u00e1lisis, diagn\u00f3stico y evaluaci\u00f3n de los datos estad\u00edsticos, de manera que pueda analizarse con rigor el cumplimiento de los ODS.<\/p>\n<p><strong>Elevada huella ecol\u00f3gica<\/strong>\u00a0que hace que Espa\u00f1a necesite 2,4 veces m\u00e1s superficie de la que dispone para mantener el nivel de vida y la poblaci\u00f3n actuales (ODS 8).<\/p>\n<p><strong>Altos niveles de emisiones de gases de efecto invernadero<\/strong>(variaci\u00f3n respecto a 1990: 13% de aumento en 2016) (ODS 13).<\/p>\n<p><strong>Mala conservaci\u00f3n y gesti\u00f3n del agua<\/strong>\u00a0(44% de masas de agua en estado \u201cpeor que bueno\u201d en 2016) (ODS 6).<\/p>\n<p><strong>Insuficiente inversi\u00f3n en I+D<\/strong>\u00a0(1,22% del PIB en 2014) (ODS 9).<\/p>\n<p>Este listado de retos inmediatos se complementa con la apelaci\u00f3n a la necesidad de\u00a0<strong>actuar para reducir los niveles de pobreza que afectan a 2,7 millones de ni\u00f1os y ni\u00f1as<\/strong>\u00a0en riesgo en Espa\u00f1a (ODS 1); combatir el desempleo \u2013especialmente el juvenil con cifras del 48,5% en 2015 en menores de 25 a\u00f1os- (ODS 8); luchar contra la discriminaci\u00f3n \u00e9tnica y racial (ODS 16) y atajar la corrupci\u00f3n (ODS 16).<\/p>\n<p>Aprovada en septiembre de 2015 en Nueva York por 193 pa\u00edses, la Agenda 2030 debe tener a mediados de este 2018 un calendario y unas acciones concretas a aplicarse en toda la Uni\u00f3n Europea, seg\u00fan encargo del propio Consejo a la Comisi\u00f3n.<\/p>\n<p>En cuanto a los temas de salud y calidad de vida y defensa del medioambiente, vinculados con las inquietudes muy concretas del sector asegurador seg\u00fan qued\u00f3 patente en la XXV Semana del Seguro celebrada en Madrid, la Agenda 2030 recoge varias propuestas, siendo las m\u00e1s directamente relacionadas:<\/p>\n<p><strong>Objetivo 3. Garantizar una vida sana y promover el bienestar de todos a todas las edades.<\/strong>\u00a0De aqu\u00ed a 2030, reducir en un tercio la mortalidad prematura por enfermedades no transmisibles mediante su prevenci\u00f3n y tratamiento, y promover la salud mental y el bienestar.<\/p>\n<p><strong>Objetivo 13. Adoptar medidas urgentes para combatir el cambio clim\u00e1tico y sus efectos.\u00a0<\/strong>Cumplir el compromiso de los pa\u00edses desarrollados que son partes en la Convenci\u00f3n Marco de las Naciones Unidas sobre el Cambio Clim\u00e1tico de lograr para el a\u00f1o 2020 el objetivo de movilizar conjuntamente 100.000 millones de d\u00f3lares anuales procedentes de todas las fuentes a fin de atender las necesidades de los pa\u00edses en desarrollo respecto de la adopci\u00f3n de medidas concretas de mitigaci\u00f3n y la transparencia de su aplicaci\u00f3n, y poner en pleno funcionamiento el Fondo Verde para el Clima capitaliz\u00e1ndolo lo antes posible<\/p>\n<p>La\u00a0<strong>Agenda 2030 plantea un total de 17 objetivos y 169 medidas econ\u00f3micas, sociales y ambientales<\/strong>\u00a0y se define, desde el momento de su aprobaci\u00f3n, \u201ccomo un plan de acci\u00f3n a favor de las personas, el planeta y la prosperidad, que tambi\u00e9n tiene la intenci\u00f3n de fortalecer la paz universal y el acceso a la justicia\u201d.<\/p>\n<p>&nbsp;<\/p>\n","protected":false},"excerpt":{"rendered":"<p>Los tres factores son los principales elementos de inestabilidad, riesgo y vulnerabilidad del planeta XAVIER GRAU Publicado a 16-05-2018 7:04 El envejecimiento de la poblaci\u00f3n,&#8230; <a href=\"https:\/\/www.cmalleida.com\/es\/el-envejecimiento-el-clima-y-la-ciberseguridad-traen-de-cabeza-al-seguro-la-vanguardia\/\" rel=\"nofollow\" class=\"lollegirmes\">Llegeix m\u00e9s<\/a><\/p>\n","protected":false},"author":3,"featured_media":2142,"comment_status":"closed","ping_status":"closed","sticky":false,"template":"","format":"standard","meta":{"_acf_changed":false,"_genesis_hide_title":false,"_genesis_hide_breadcrumbs":false,"_genesis_hide_singular_image":false,"_genesis_hide_footer_widgets":false,"_genesis_custom_body_class":"","_genesis_custom_post_class":"","_genesis_layout":"","footnotes":""},"categories":[28],"tags":[],"class_list":{"0":"post-2478","1":"post","2":"type-post","3":"status-publish","4":"format-standard","5":"has-post-thumbnail","7":"category-actualidad","8":"entry"},"acf":[],"yoast_head":"<!-- This site is optimized with the Yoast SEO plugin v27.2 - https:\/\/yoast.com\/product\/yoast-seo-wordpress\/ -->\n<title>El envejecimiento, el clima y la ciberseguridad traen de cabeza al seguro (La Vanguardia) - Col\u00b7legi de Mediadors d&#039;Assegurances de Lleida<\/title>\n<meta name=\"robots\" content=\"index, follow, max-snippet:-1, max-image-preview:large, max-video-preview:-1\" \/>\n<link rel=\"canonical\" href=\"https:\/\/www.cmalleida.com\/es\/el-envejecimiento-el-clima-y-la-ciberseguridad-traen-de-cabeza-al-seguro-la-vanguardia\/\" \/>\n<meta property=\"og:locale\" content=\"es_ES\" \/>\n<meta property=\"og:type\" content=\"article\" \/>\n<meta property=\"og:title\" content=\"El envejecimiento, el clima y la ciberseguridad traen de cabeza al seguro (La Vanguardia) - Col\u00b7legi de Mediadors d&#039;Assegurances de Lleida\" \/>\n<meta property=\"og:description\" content=\"Los tres factores son los principales elementos de inestabilidad, riesgo y vulnerabilidad del planeta XAVIER GRAU Publicado a 16-05-2018 7:04 El envejecimiento de la poblaci\u00f3n,... Llegeix m\u00e9s\" \/>\n<meta property=\"og:url\" content=\"https:\/\/www.cmalleida.com\/es\/el-envejecimiento-el-clima-y-la-ciberseguridad-traen-de-cabeza-al-seguro-la-vanguardia\/\" \/>\n<meta property=\"og:site_name\" content=\"Col\u00b7legi de Mediadors d&#039;Assegurances de Lleida\" \/>\n<meta property=\"article:published_time\" content=\"2018-05-18T08:42:38+00:00\" \/>\n<meta property=\"og:image\" content=\"https:\/\/www.cmalleida.com\/wp-content\/uploads\/cmall-lleida-actualitat-ciclon762.jpg\" \/>\n\t<meta property=\"og:image:width\" content=\"762\" \/>\n\t<meta property=\"og:image:height\" content=\"762\" \/>\n\t<meta property=\"og:image:type\" content=\"image\/jpeg\" \/>\n<meta name=\"author\" content=\"Col\u00b7legi Mediadors\" \/>\n<meta name=\"twitter:card\" content=\"summary_large_image\" \/>\n<meta name=\"twitter:label1\" content=\"Written by\" \/>\n\t<meta name=\"twitter:data1\" content=\"Col\u00b7legi Mediadors\" \/>\n\t<meta name=\"twitter:label2\" content=\"Est. reading time\" \/>\n\t<meta name=\"twitter:data2\" content=\"5 minutos\" \/>\n<script type=\"application\/ld+json\" class=\"yoast-schema-graph\">{\"@context\":\"https:\/\/schema.org\",\"@graph\":[{\"@type\":\"Article\",\"@id\":\"https:\/\/www.cmalleida.com\/es\/el-envejecimiento-el-clima-y-la-ciberseguridad-traen-de-cabeza-al-seguro-la-vanguardia\/#article\",\"isPartOf\":{\"@id\":\"https:\/\/www.cmalleida.com\/es\/el-envejecimiento-el-clima-y-la-ciberseguridad-traen-de-cabeza-al-seguro-la-vanguardia\/\"},\"author\":{\"name\":\"Col\u00b7legi Mediadors\",\"@id\":\"https:\/\/www.cmalleida.com\/es\/#\/schema\/person\/bc84b7874fa5ac8a15c15a050fb3b79c\"},\"headline\":\"El envejecimiento, el clima y la ciberseguridad traen de cabeza al seguro (La Vanguardia)\",\"datePublished\":\"2018-05-18T08:42:38+00:00\",\"mainEntityOfPage\":{\"@id\":\"https:\/\/www.cmalleida.com\/es\/el-envejecimiento-el-clima-y-la-ciberseguridad-traen-de-cabeza-al-seguro-la-vanguardia\/\"},\"wordCount\":996,\"publisher\":{\"@id\":\"https:\/\/www.cmalleida.com\/es\/#organization\"},\"image\":{\"@id\":\"https:\/\/www.cmalleida.com\/es\/el-envejecimiento-el-clima-y-la-ciberseguridad-traen-de-cabeza-al-seguro-la-vanguardia\/#primaryimage\"},\"thumbnailUrl\":\"https:\/\/www.cmalleida.com\/wp-content\/uploads\/cmall-lleida-actualitat-ciclon762.jpg\",\"articleSection\":[\"Actualidad\"],\"inLanguage\":\"es\"},{\"@type\":\"WebPage\",\"@id\":\"https:\/\/www.cmalleida.com\/es\/el-envejecimiento-el-clima-y-la-ciberseguridad-traen-de-cabeza-al-seguro-la-vanguardia\/\",\"url\":\"https:\/\/www.cmalleida.com\/es\/el-envejecimiento-el-clima-y-la-ciberseguridad-traen-de-cabeza-al-seguro-la-vanguardia\/\",\"name\":\"El envejecimiento, el clima y la ciberseguridad traen de cabeza al seguro (La Vanguardia) - Col\u00b7legi de Mediadors d&#039;Assegurances de Lleida\",\"isPartOf\":{\"@id\":\"https:\/\/www.cmalleida.com\/es\/#website\"},\"primaryImageOfPage\":{\"@id\":\"https:\/\/www.cmalleida.com\/es\/el-envejecimiento-el-clima-y-la-ciberseguridad-traen-de-cabeza-al-seguro-la-vanguardia\/#primaryimage\"},\"image\":{\"@id\":\"https:\/\/www.cmalleida.com\/es\/el-envejecimiento-el-clima-y-la-ciberseguridad-traen-de-cabeza-al-seguro-la-vanguardia\/#primaryimage\"},\"thumbnailUrl\":\"https:\/\/www.cmalleida.com\/wp-content\/uploads\/cmall-lleida-actualitat-ciclon762.jpg\",\"datePublished\":\"2018-05-18T08:42:38+00:00\",\"breadcrumb\":{\"@id\":\"https:\/\/www.cmalleida.com\/es\/el-envejecimiento-el-clima-y-la-ciberseguridad-traen-de-cabeza-al-seguro-la-vanguardia\/#breadcrumb\"},\"inLanguage\":\"es\",\"potentialAction\":[{\"@type\":\"ReadAction\",\"target\":[\"https:\/\/www.cmalleida.com\/es\/el-envejecimiento-el-clima-y-la-ciberseguridad-traen-de-cabeza-al-seguro-la-vanguardia\/\"]}]},{\"@type\":\"ImageObject\",\"inLanguage\":\"es\",\"@id\":\"https:\/\/www.cmalleida.com\/es\/el-envejecimiento-el-clima-y-la-ciberseguridad-traen-de-cabeza-al-seguro-la-vanguardia\/#primaryimage\",\"url\":\"https:\/\/www.cmalleida.com\/wp-content\/uploads\/cmall-lleida-actualitat-ciclon762.jpg\",\"contentUrl\":\"https:\/\/www.cmalleida.com\/wp-content\/uploads\/cmall-lleida-actualitat-ciclon762.jpg\",\"width\":762,\"height\":762,\"caption\":\"cmall-lleida-actualitat-ciclon762\"},{\"@type\":\"BreadcrumbList\",\"@id\":\"https:\/\/www.cmalleida.com\/es\/el-envejecimiento-el-clima-y-la-ciberseguridad-traen-de-cabeza-al-seguro-la-vanguardia\/#breadcrumb\",\"itemListElement\":[{\"@type\":\"ListItem\",\"position\":1,\"name\":\"Inici\",\"item\":\"https:\/\/www.cmalleida.com\/es\/\"},{\"@type\":\"ListItem\",\"position\":2,\"name\":\"El envejecimiento, el clima y la ciberseguridad traen de cabeza al seguro (La Vanguardia)\"}]},{\"@type\":\"WebSite\",\"@id\":\"https:\/\/www.cmalleida.com\/es\/#website\",\"url\":\"https:\/\/www.cmalleida.com\/es\/\",\"name\":\"Col\u00b7legi de Mediadors d&#039;Assegurances de Lleida\",\"description\":\"Otro sitio realizado con WordPress\",\"publisher\":{\"@id\":\"https:\/\/www.cmalleida.com\/es\/#organization\"},\"potentialAction\":[{\"@type\":\"SearchAction\",\"target\":{\"@type\":\"EntryPoint\",\"urlTemplate\":\"https:\/\/www.cmalleida.com\/es\/?s={search_term_string}\"},\"query-input\":{\"@type\":\"PropertyValueSpecification\",\"valueRequired\":true,\"valueName\":\"search_term_string\"}}],\"inLanguage\":\"es\"},{\"@type\":\"Organization\",\"@id\":\"https:\/\/www.cmalleida.com\/es\/#organization\",\"name\":\"Col\u00b7legi de Mediadors d'Assegurances de Lleida\",\"url\":\"https:\/\/www.cmalleida.com\/es\/\",\"logo\":{\"@type\":\"ImageObject\",\"inLanguage\":\"es\",\"@id\":\"https:\/\/www.cmalleida.com\/es\/#\/schema\/logo\/image\/\",\"url\":\"\",\"contentUrl\":\"\",\"caption\":\"Col\u00b7legi de Mediadors d'Assegurances de Lleida\"},\"image\":{\"@id\":\"https:\/\/www.cmalleida.com\/es\/#\/schema\/logo\/image\/\"}},{\"@type\":\"Person\",\"@id\":\"https:\/\/www.cmalleida.com\/es\/#\/schema\/person\/bc84b7874fa5ac8a15c15a050fb3b79c\",\"name\":\"Col\u00b7legi Mediadors\",\"image\":{\"@type\":\"ImageObject\",\"inLanguage\":\"es\",\"@id\":\"https:\/\/secure.gravatar.com\/avatar\/05a66e0aafde4a91aea6f2c243b0b99b03dac1cca78dc84298f5e7e7ad4dfd33?s=96&d=mm&r=g\",\"url\":\"https:\/\/secure.gravatar.com\/avatar\/05a66e0aafde4a91aea6f2c243b0b99b03dac1cca78dc84298f5e7e7ad4dfd33?s=96&d=mm&r=g\",\"contentUrl\":\"https:\/\/secure.gravatar.com\/avatar\/05a66e0aafde4a91aea6f2c243b0b99b03dac1cca78dc84298f5e7e7ad4dfd33?s=96&d=mm&r=g\",\"caption\":\"Col\u00b7legi Mediadors\"}}]}<\/script>\n<!-- \/ Yoast SEO plugin. -->","yoast_head_json":{"title":"El envejecimiento, el clima y la ciberseguridad traen de cabeza al seguro (La Vanguardia) - Col\u00b7legi de Mediadors d&#039;Assegurances de Lleida","robots":{"index":"index","follow":"follow","max-snippet":"max-snippet:-1","max-image-preview":"max-image-preview:large","max-video-preview":"max-video-preview:-1"},"canonical":"https:\/\/www.cmalleida.com\/es\/el-envejecimiento-el-clima-y-la-ciberseguridad-traen-de-cabeza-al-seguro-la-vanguardia\/","og_locale":"es_ES","og_type":"article","og_title":"El envejecimiento, el clima y la ciberseguridad traen de cabeza al seguro (La Vanguardia) - Col\u00b7legi de Mediadors d&#039;Assegurances de Lleida","og_description":"Los tres factores son los principales elementos de inestabilidad, riesgo y vulnerabilidad del planeta XAVIER GRAU Publicado a 16-05-2018 7:04 El envejecimiento de la poblaci\u00f3n,... Llegeix m\u00e9s","og_url":"https:\/\/www.cmalleida.com\/es\/el-envejecimiento-el-clima-y-la-ciberseguridad-traen-de-cabeza-al-seguro-la-vanguardia\/","og_site_name":"Col\u00b7legi de Mediadors d&#039;Assegurances de Lleida","article_published_time":"2018-05-18T08:42:38+00:00","og_image":[{"width":762,"height":762,"url":"https:\/\/www.cmalleida.com\/wp-content\/uploads\/cmall-lleida-actualitat-ciclon762.jpg","type":"image\/jpeg"}],"author":"Col\u00b7legi Mediadors","twitter_card":"summary_large_image","twitter_misc":{"Written by":"Col\u00b7legi Mediadors","Est. reading time":"5 minutos"},"schema":{"@context":"https:\/\/schema.org","@graph":[{"@type":"Article","@id":"https:\/\/www.cmalleida.com\/es\/el-envejecimiento-el-clima-y-la-ciberseguridad-traen-de-cabeza-al-seguro-la-vanguardia\/#article","isPartOf":{"@id":"https:\/\/www.cmalleida.com\/es\/el-envejecimiento-el-clima-y-la-ciberseguridad-traen-de-cabeza-al-seguro-la-vanguardia\/"},"author":{"name":"Col\u00b7legi Mediadors","@id":"https:\/\/www.cmalleida.com\/es\/#\/schema\/person\/bc84b7874fa5ac8a15c15a050fb3b79c"},"headline":"El envejecimiento, el clima y la ciberseguridad traen de cabeza al seguro (La Vanguardia)","datePublished":"2018-05-18T08:42:38+00:00","mainEntityOfPage":{"@id":"https:\/\/www.cmalleida.com\/es\/el-envejecimiento-el-clima-y-la-ciberseguridad-traen-de-cabeza-al-seguro-la-vanguardia\/"},"wordCount":996,"publisher":{"@id":"https:\/\/www.cmalleida.com\/es\/#organization"},"image":{"@id":"https:\/\/www.cmalleida.com\/es\/el-envejecimiento-el-clima-y-la-ciberseguridad-traen-de-cabeza-al-seguro-la-vanguardia\/#primaryimage"},"thumbnailUrl":"https:\/\/www.cmalleida.com\/wp-content\/uploads\/cmall-lleida-actualitat-ciclon762.jpg","articleSection":["Actualidad"],"inLanguage":"es"},{"@type":"WebPage","@id":"https:\/\/www.cmalleida.com\/es\/el-envejecimiento-el-clima-y-la-ciberseguridad-traen-de-cabeza-al-seguro-la-vanguardia\/","url":"https:\/\/www.cmalleida.com\/es\/el-envejecimiento-el-clima-y-la-ciberseguridad-traen-de-cabeza-al-seguro-la-vanguardia\/","name":"El envejecimiento, el clima y la ciberseguridad traen de cabeza al seguro (La Vanguardia) - Col\u00b7legi de Mediadors d&#039;Assegurances de Lleida","isPartOf":{"@id":"https:\/\/www.cmalleida.com\/es\/#website"},"primaryImageOfPage":{"@id":"https:\/\/www.cmalleida.com\/es\/el-envejecimiento-el-clima-y-la-ciberseguridad-traen-de-cabeza-al-seguro-la-vanguardia\/#primaryimage"},"image":{"@id":"https:\/\/www.cmalleida.com\/es\/el-envejecimiento-el-clima-y-la-ciberseguridad-traen-de-cabeza-al-seguro-la-vanguardia\/#primaryimage"},"thumbnailUrl":"https:\/\/www.cmalleida.com\/wp-content\/uploads\/cmall-lleida-actualitat-ciclon762.jpg","datePublished":"2018-05-18T08:42:38+00:00","breadcrumb":{"@id":"https:\/\/www.cmalleida.com\/es\/el-envejecimiento-el-clima-y-la-ciberseguridad-traen-de-cabeza-al-seguro-la-vanguardia\/#breadcrumb"},"inLanguage":"es","potentialAction":[{"@type":"ReadAction","target":["https:\/\/www.cmalleida.com\/es\/el-envejecimiento-el-clima-y-la-ciberseguridad-traen-de-cabeza-al-seguro-la-vanguardia\/"]}]},{"@type":"ImageObject","inLanguage":"es","@id":"https:\/\/www.cmalleida.com\/es\/el-envejecimiento-el-clima-y-la-ciberseguridad-traen-de-cabeza-al-seguro-la-vanguardia\/#primaryimage","url":"https:\/\/www.cmalleida.com\/wp-content\/uploads\/cmall-lleida-actualitat-ciclon762.jpg","contentUrl":"https:\/\/www.cmalleida.com\/wp-content\/uploads\/cmall-lleida-actualitat-ciclon762.jpg","width":762,"height":762,"caption":"cmall-lleida-actualitat-ciclon762"},{"@type":"BreadcrumbList","@id":"https:\/\/www.cmalleida.com\/es\/el-envejecimiento-el-clima-y-la-ciberseguridad-traen-de-cabeza-al-seguro-la-vanguardia\/#breadcrumb","itemListElement":[{"@type":"ListItem","position":1,"name":"Inici","item":"https:\/\/www.cmalleida.com\/es\/"},{"@type":"ListItem","position":2,"name":"El envejecimiento, el clima y la ciberseguridad traen de cabeza al seguro (La Vanguardia)"}]},{"@type":"WebSite","@id":"https:\/\/www.cmalleida.com\/es\/#website","url":"https:\/\/www.cmalleida.com\/es\/","name":"Col\u00b7legi de Mediadors d&#039;Assegurances de Lleida","description":"Otro sitio realizado con WordPress","publisher":{"@id":"https:\/\/www.cmalleida.com\/es\/#organization"},"potentialAction":[{"@type":"SearchAction","target":{"@type":"EntryPoint","urlTemplate":"https:\/\/www.cmalleida.com\/es\/?s={search_term_string}"},"query-input":{"@type":"PropertyValueSpecification","valueRequired":true,"valueName":"search_term_string"}}],"inLanguage":"es"},{"@type":"Organization","@id":"https:\/\/www.cmalleida.com\/es\/#organization","name":"Col\u00b7legi de Mediadors d'Assegurances de Lleida","url":"https:\/\/www.cmalleida.com\/es\/","logo":{"@type":"ImageObject","inLanguage":"es","@id":"https:\/\/www.cmalleida.com\/es\/#\/schema\/logo\/image\/","url":"","contentUrl":"","caption":"Col\u00b7legi de Mediadors d'Assegurances de Lleida"},"image":{"@id":"https:\/\/www.cmalleida.com\/es\/#\/schema\/logo\/image\/"}},{"@type":"Person","@id":"https:\/\/www.cmalleida.com\/es\/#\/schema\/person\/bc84b7874fa5ac8a15c15a050fb3b79c","name":"Col\u00b7legi Mediadors","image":{"@type":"ImageObject","inLanguage":"es","@id":"https:\/\/secure.gravatar.com\/avatar\/05a66e0aafde4a91aea6f2c243b0b99b03dac1cca78dc84298f5e7e7ad4dfd33?s=96&d=mm&r=g","url":"https:\/\/secure.gravatar.com\/avatar\/05a66e0aafde4a91aea6f2c243b0b99b03dac1cca78dc84298f5e7e7ad4dfd33?s=96&d=mm&r=g","contentUrl":"https:\/\/secure.gravatar.com\/avatar\/05a66e0aafde4a91aea6f2c243b0b99b03dac1cca78dc84298f5e7e7ad4dfd33?s=96&d=mm&r=g","caption":"Col\u00b7legi Mediadors"}}]}},"_links":{"self":[{"href":"https:\/\/www.cmalleida.com\/es\/wp-json\/wp\/v2\/posts\/2478","targetHints":{"allow":["GET"]}}],"collection":[{"href":"https:\/\/www.cmalleida.com\/es\/wp-json\/wp\/v2\/posts"}],"about":[{"href":"https:\/\/www.cmalleida.com\/es\/wp-json\/wp\/v2\/types\/post"}],"author":[{"embeddable":true,"href":"https:\/\/www.cmalleida.com\/es\/wp-json\/wp\/v2\/users\/3"}],"replies":[{"embeddable":true,"href":"https:\/\/www.cmalleida.com\/es\/wp-json\/wp\/v2\/comments?post=2478"}],"version-history":[{"count":1,"href":"https:\/\/www.cmalleida.com\/es\/wp-json\/wp\/v2\/posts\/2478\/revisions"}],"predecessor-version":[{"id":2479,"href":"https:\/\/www.cmalleida.com\/es\/wp-json\/wp\/v2\/posts\/2478\/revisions\/2479"}],"wp:featuredmedia":[{"embeddable":true,"href":"https:\/\/www.cmalleida.com\/es\/wp-json\/wp\/v2\/media\/2142"}],"wp:attachment":[{"href":"https:\/\/www.cmalleida.com\/es\/wp-json\/wp\/v2\/media?parent=2478"}],"wp:term":[{"taxonomy":"category","embeddable":true,"href":"https:\/\/www.cmalleida.com\/es\/wp-json\/wp\/v2\/categories?post=2478"},{"taxonomy":"post_tag","embeddable":true,"href":"https:\/\/www.cmalleida.com\/es\/wp-json\/wp\/v2\/tags?post=2478"}],"curies":[{"name":"wp","href":"https:\/\/api.w.org\/{rel}","templated":true}]}}