{"id":2449,"date":"2018-05-17T11:37:29","date_gmt":"2018-05-17T09:37:29","guid":{"rendered":"https:\/\/www.cmalleida.com\/?p=2449"},"modified":"2018-05-17T11:37:29","modified_gmt":"2018-05-17T09:37:29","slug":"liberty-seguros-firma-un-acuerdo-de-colaboracion-con-el-colegio-de-mediadores-de-seguros-de-lleida","status":"publish","type":"post","link":"https:\/\/www.cmalleida.com\/es\/liberty-seguros-firma-un-acuerdo-de-colaboracion-con-el-colegio-de-mediadores-de-seguros-de-lleida\/","title":{"rendered":"Liberty Seguros firma un acuerdo de colaboraci\u00f3n con el Colegio de Mediadores de Seguros de Lleida"},"content":{"rendered":"<ul>\n<li>Por medio de este convenio la aseguradora potenciar\u00e1 la formaci\u00f3n de los mediadores de seguros colegiados, a trav\u00e9s de la realizaci\u00f3n de actividades de docencia, como seminarios, foros o clases.<\/li>\n<li>Javier Barber\u00e1 Ferr\u00e9, Presidente del Colegio de Mediadores de Seguros de Lleida y Antoni Rosich, Director Comercial de Zona de Tarragona y Lleida de Liberty Seguros, fueron los encargados de llevar a cabo la firma.<\/li>\n<\/ul>\n<p><strong><u>Lleida, 16 de mayo de 2018 &#8211;<\/u><\/strong>El Colegio de Mediadores de Seguros de Lleida y Liberty Seguros han firmado un acuerdo de colaboraci\u00f3n para potenciar y afianzar la formaci\u00f3n profesional de mediadores colegiados.<\/p>\n<p>En la firma del acuerdo, estuvieron presentes, Javier Barber\u00e1 Ferr\u00e9, Presidente del Colegio de Mediadores de Seguros de Lleida, y Antoni Rosich, Director Comercial de Zona de Tarragona y Lleida de Liberty Seguros.<\/p>\n<p>\u201cCon este acuerdo, en Liberty continuamos con nuestro compromiso de participar activamente en las acciones formativas de los mediadores. La figura de la mediaci\u00f3n es muy relevante para el sector asegurador y para nosotros como Compa\u00f1\u00eda, ya que sigue siendo nuestro principal canal de distribuci\u00f3ny la cara visible en la relaci\u00f3n con los clientes\u201d, se\u00f1al\u00f3 Antoni Rosich, Director Comercial de Zona de Tarragona y Lleida de Liberty Seguros.<\/p>\n<p>Por su parte, Javier Barber\u00e1 Ferr\u00e9, Presidente del Colegio de Mediadores de Seguros de Lleida, se\u00f1al\u00f3 la voluntad del Colegio de Lleida de seguir siendo referente en el modelo de relaci\u00f3n aseguradoras-mediadores ,poniendo de manifiesto que este tipo de acuerdos refuerzan los v\u00ednculos y la confianza con los colegiados.<\/p>\n<p>Por su parte adem\u00e1s, hace una invitaci\u00f3n formal a seguir utilizando los medios que el colegio pone a disposici\u00f3n de las entidades colaboradoras como\u00a0 difusi\u00f3n de \u00a0todas las actividades que consideren sean relevantes para su difusi\u00f3n ,bien sean\u00a0 estrategicas \u00a0o pol\u00edticas de Responsabilidad Social Corporativas,<\/p>\n<p>A trav\u00e9s de este convenio, la aseguradora potenciar\u00e1 la formaci\u00f3n de los mediadores de seguros que est\u00e9n colegiados, a trav\u00e9s de la realizaci\u00f3n de actividades como seminarios, foros o clases. Adem\u00e1s el propio Colegio informar\u00e1 a Liberty Seguros sobre los cursos de formaci\u00f3n, conferencias, seminarios, jornadas de estudio y dem\u00e1s actos que se organicen; potenciando la informaci\u00f3n referente a la aseguradora en los canales de comunicaci\u00f3n habituales.<\/p>\n<p>Este acuerdo es un ejemplo m\u00e1s de la firme apuesta que Liberty Seguros est\u00e1 haciendo por potenciar la figura del mediador como promotor del negocio asegurador e intermediario estrat\u00e9gico en los planes de crecimiento de la compa\u00f1\u00eda.<\/p>\n","protected":false},"excerpt":{"rendered":"<p>Por medio de este convenio la aseguradora potenciar\u00e1 la formaci\u00f3n de los mediadores de seguros colegiados, a trav\u00e9s de la realizaci\u00f3n de actividades de docencia,&#8230; <a href=\"https:\/\/www.cmalleida.com\/es\/liberty-seguros-firma-un-acuerdo-de-colaboracion-con-el-colegio-de-mediadores-de-seguros-de-lleida\/\" rel=\"nofollow\" class=\"lollegirmes\">Llegeix m\u00e9s<\/a><\/p>\n","protected":false},"author":3,"featured_media":2441,"comment_status":"closed","ping_status":"closed","sticky":false,"template":"","format":"standard","meta":{"_acf_changed":false,"_genesis_hide_title":false,"_genesis_hide_breadcrumbs":false,"_genesis_hide_singular_image":false,"_genesis_hide_footer_widgets":false,"_genesis_custom_body_class":"","_genesis_custom_post_class":"","_genesis_layout":"","footnotes":""},"categories":[28,60,74],"tags":[],"class_list":{"0":"post-2449","1":"post","2":"type-post","3":"status-publish","4":"format-standard","5":"has-post-thumbnail","7":"category-actualidad","8":"category-noticias-colegiales","9":"category-visitas-institucionales","10":"entry"},"acf":[],"yoast_head":"<!-- This site is optimized with the Yoast SEO plugin v27.2 - https:\/\/yoast.com\/product\/yoast-seo-wordpress\/ -->\n<title>Liberty Seguros firma un acuerdo de colaboraci\u00f3n con el Colegio de Mediadores de Seguros de Lleida - Col\u00b7legi de Mediadors d&#039;Assegurances de Lleida<\/title>\n<meta name=\"robots\" content=\"index, follow, max-snippet:-1, max-image-preview:large, max-video-preview:-1\" \/>\n<link rel=\"canonical\" href=\"https:\/\/www.cmalleida.com\/es\/liberty-seguros-firma-un-acuerdo-de-colaboracion-con-el-colegio-de-mediadores-de-seguros-de-lleida\/\" \/>\n<meta property=\"og:locale\" content=\"es_ES\" \/>\n<meta property=\"og:type\" content=\"article\" \/>\n<meta property=\"og:title\" content=\"Liberty Seguros firma un acuerdo de colaboraci\u00f3n con el Colegio de Mediadores de Seguros de Lleida - Col\u00b7legi de Mediadors d&#039;Assegurances de Lleida\" \/>\n<meta property=\"og:description\" content=\"Por medio de este convenio la aseguradora potenciar\u00e1 la formaci\u00f3n de los mediadores de seguros colegiados, a trav\u00e9s de la realizaci\u00f3n de actividades de docencia,... Llegeix m\u00e9s\" \/>\n<meta property=\"og:url\" content=\"https:\/\/www.cmalleida.com\/es\/liberty-seguros-firma-un-acuerdo-de-colaboracion-con-el-colegio-de-mediadores-de-seguros-de-lleida\/\" \/>\n<meta property=\"og:site_name\" content=\"Col\u00b7legi de Mediadors d&#039;Assegurances de Lleida\" \/>\n<meta property=\"article:published_time\" content=\"2018-05-17T09:37:29+00:00\" \/>\n<meta property=\"og:image\" content=\"https:\/\/www.cmalleida.com\/wp-content\/uploads\/signatura-liberty-1.jpg\" \/>\n\t<meta property=\"og:image:width\" content=\"1024\" \/>\n\t<meta property=\"og:image:height\" content=\"683\" \/>\n\t<meta property=\"og:image:type\" content=\"image\/jpeg\" \/>\n<meta name=\"author\" content=\"Col\u00b7legi Mediadors\" \/>\n<meta name=\"twitter:card\" content=\"summary_large_image\" \/>\n<meta name=\"twitter:label1\" content=\"Written by\" \/>\n\t<meta name=\"twitter:data1\" content=\"Col\u00b7legi Mediadors\" \/>\n\t<meta name=\"twitter:label2\" content=\"Est. reading time\" \/>\n\t<meta name=\"twitter:data2\" content=\"2 minutos\" \/>\n<script type=\"application\/ld+json\" class=\"yoast-schema-graph\">{\"@context\":\"https:\/\/schema.org\",\"@graph\":[{\"@type\":\"Article\",\"@id\":\"https:\/\/www.cmalleida.com\/es\/liberty-seguros-firma-un-acuerdo-de-colaboracion-con-el-colegio-de-mediadores-de-seguros-de-lleida\/#article\",\"isPartOf\":{\"@id\":\"https:\/\/www.cmalleida.com\/es\/liberty-seguros-firma-un-acuerdo-de-colaboracion-con-el-colegio-de-mediadores-de-seguros-de-lleida\/\"},\"author\":{\"name\":\"Col\u00b7legi Mediadors\",\"@id\":\"https:\/\/www.cmalleida.com\/es\/#\/schema\/person\/bc84b7874fa5ac8a15c15a050fb3b79c\"},\"headline\":\"Liberty Seguros firma un acuerdo de colaboraci\u00f3n con el Colegio de Mediadores de Seguros de Lleida\",\"datePublished\":\"2018-05-17T09:37:29+00:00\",\"mainEntityOfPage\":{\"@id\":\"https:\/\/www.cmalleida.com\/es\/liberty-seguros-firma-un-acuerdo-de-colaboracion-con-el-colegio-de-mediadores-de-seguros-de-lleida\/\"},\"wordCount\":445,\"publisher\":{\"@id\":\"https:\/\/www.cmalleida.com\/es\/#organization\"},\"image\":{\"@id\":\"https:\/\/www.cmalleida.com\/es\/liberty-seguros-firma-un-acuerdo-de-colaboracion-con-el-colegio-de-mediadores-de-seguros-de-lleida\/#primaryimage\"},\"thumbnailUrl\":\"https:\/\/www.cmalleida.com\/wp-content\/uploads\/signatura-liberty-1.jpg\",\"articleSection\":[\"Actualidad\",\"Noticias Colegiales\",\"Visitas institucionales\"],\"inLanguage\":\"es\"},{\"@type\":\"WebPage\",\"@id\":\"https:\/\/www.cmalleida.com\/es\/liberty-seguros-firma-un-acuerdo-de-colaboracion-con-el-colegio-de-mediadores-de-seguros-de-lleida\/\",\"url\":\"https:\/\/www.cmalleida.com\/es\/liberty-seguros-firma-un-acuerdo-de-colaboracion-con-el-colegio-de-mediadores-de-seguros-de-lleida\/\",\"name\":\"Liberty Seguros firma un acuerdo de colaboraci\u00f3n con el Colegio de Mediadores de Seguros de Lleida - Col\u00b7legi de Mediadors d&#039;Assegurances de Lleida\",\"isPartOf\":{\"@id\":\"https:\/\/www.cmalleida.com\/es\/#website\"},\"primaryImageOfPage\":{\"@id\":\"https:\/\/www.cmalleida.com\/es\/liberty-seguros-firma-un-acuerdo-de-colaboracion-con-el-colegio-de-mediadores-de-seguros-de-lleida\/#primaryimage\"},\"image\":{\"@id\":\"https:\/\/www.cmalleida.com\/es\/liberty-seguros-firma-un-acuerdo-de-colaboracion-con-el-colegio-de-mediadores-de-seguros-de-lleida\/#primaryimage\"},\"thumbnailUrl\":\"https:\/\/www.cmalleida.com\/wp-content\/uploads\/signatura-liberty-1.jpg\",\"datePublished\":\"2018-05-17T09:37:29+00:00\",\"breadcrumb\":{\"@id\":\"https:\/\/www.cmalleida.com\/es\/liberty-seguros-firma-un-acuerdo-de-colaboracion-con-el-colegio-de-mediadores-de-seguros-de-lleida\/#breadcrumb\"},\"inLanguage\":\"es\",\"potentialAction\":[{\"@type\":\"ReadAction\",\"target\":[\"https:\/\/www.cmalleida.com\/es\/liberty-seguros-firma-un-acuerdo-de-colaboracion-con-el-colegio-de-mediadores-de-seguros-de-lleida\/\"]}]},{\"@type\":\"ImageObject\",\"inLanguage\":\"es\",\"@id\":\"https:\/\/www.cmalleida.com\/es\/liberty-seguros-firma-un-acuerdo-de-colaboracion-con-el-colegio-de-mediadores-de-seguros-de-lleida\/#primaryimage\",\"url\":\"https:\/\/www.cmalleida.com\/wp-content\/uploads\/signatura-liberty-1.jpg\",\"contentUrl\":\"https:\/\/www.cmalleida.com\/wp-content\/uploads\/signatura-liberty-1.jpg\",\"width\":1024,\"height\":683,\"caption\":\"SIGNATURA LIBERTY 1\"},{\"@type\":\"BreadcrumbList\",\"@id\":\"https:\/\/www.cmalleida.com\/es\/liberty-seguros-firma-un-acuerdo-de-colaboracion-con-el-colegio-de-mediadores-de-seguros-de-lleida\/#breadcrumb\",\"itemListElement\":[{\"@type\":\"ListItem\",\"position\":1,\"name\":\"Inici\",\"item\":\"https:\/\/www.cmalleida.com\/es\/\"},{\"@type\":\"ListItem\",\"position\":2,\"name\":\"Liberty Seguros firma un acuerdo de colaboraci\u00f3n con el Colegio de Mediadores de Seguros de Lleida\"}]},{\"@type\":\"WebSite\",\"@id\":\"https:\/\/www.cmalleida.com\/es\/#website\",\"url\":\"https:\/\/www.cmalleida.com\/es\/\",\"name\":\"Col\u00b7legi de Mediadors d&#039;Assegurances de Lleida\",\"description\":\"Otro sitio realizado con WordPress\",\"publisher\":{\"@id\":\"https:\/\/www.cmalleida.com\/es\/#organization\"},\"potentialAction\":[{\"@type\":\"SearchAction\",\"target\":{\"@type\":\"EntryPoint\",\"urlTemplate\":\"https:\/\/www.cmalleida.com\/es\/?s={search_term_string}\"},\"query-input\":{\"@type\":\"PropertyValueSpecification\",\"valueRequired\":true,\"valueName\":\"search_term_string\"}}],\"inLanguage\":\"es\"},{\"@type\":\"Organization\",\"@id\":\"https:\/\/www.cmalleida.com\/es\/#organization\",\"name\":\"Col\u00b7legi de Mediadors d'Assegurances de Lleida\",\"url\":\"https:\/\/www.cmalleida.com\/es\/\",\"logo\":{\"@type\":\"ImageObject\",\"inLanguage\":\"es\",\"@id\":\"https:\/\/www.cmalleida.com\/es\/#\/schema\/logo\/image\/\",\"url\":\"\",\"contentUrl\":\"\",\"caption\":\"Col\u00b7legi de Mediadors d'Assegurances de Lleida\"},\"image\":{\"@id\":\"https:\/\/www.cmalleida.com\/es\/#\/schema\/logo\/image\/\"}},{\"@type\":\"Person\",\"@id\":\"https:\/\/www.cmalleida.com\/es\/#\/schema\/person\/bc84b7874fa5ac8a15c15a050fb3b79c\",\"name\":\"Col\u00b7legi Mediadors\",\"image\":{\"@type\":\"ImageObject\",\"inLanguage\":\"es\",\"@id\":\"https:\/\/secure.gravatar.com\/avatar\/05a66e0aafde4a91aea6f2c243b0b99b03dac1cca78dc84298f5e7e7ad4dfd33?s=96&d=mm&r=g\",\"url\":\"https:\/\/secure.gravatar.com\/avatar\/05a66e0aafde4a91aea6f2c243b0b99b03dac1cca78dc84298f5e7e7ad4dfd33?s=96&d=mm&r=g\",\"contentUrl\":\"https:\/\/secure.gravatar.com\/avatar\/05a66e0aafde4a91aea6f2c243b0b99b03dac1cca78dc84298f5e7e7ad4dfd33?s=96&d=mm&r=g\",\"caption\":\"Col\u00b7legi Mediadors\"}}]}<\/script>\n<!-- \/ Yoast SEO plugin. -->","yoast_head_json":{"title":"Liberty Seguros firma un acuerdo de colaboraci\u00f3n con el Colegio de Mediadores de Seguros de Lleida - Col\u00b7legi de Mediadors d&#039;Assegurances de Lleida","robots":{"index":"index","follow":"follow","max-snippet":"max-snippet:-1","max-image-preview":"max-image-preview:large","max-video-preview":"max-video-preview:-1"},"canonical":"https:\/\/www.cmalleida.com\/es\/liberty-seguros-firma-un-acuerdo-de-colaboracion-con-el-colegio-de-mediadores-de-seguros-de-lleida\/","og_locale":"es_ES","og_type":"article","og_title":"Liberty Seguros firma un acuerdo de colaboraci\u00f3n con el Colegio de Mediadores de Seguros de Lleida - Col\u00b7legi de Mediadors d&#039;Assegurances de Lleida","og_description":"Por medio de este convenio la aseguradora potenciar\u00e1 la formaci\u00f3n de los mediadores de seguros colegiados, a trav\u00e9s de la realizaci\u00f3n de actividades de docencia,... Llegeix m\u00e9s","og_url":"https:\/\/www.cmalleida.com\/es\/liberty-seguros-firma-un-acuerdo-de-colaboracion-con-el-colegio-de-mediadores-de-seguros-de-lleida\/","og_site_name":"Col\u00b7legi de Mediadors d&#039;Assegurances de Lleida","article_published_time":"2018-05-17T09:37:29+00:00","og_image":[{"width":1024,"height":683,"url":"https:\/\/www.cmalleida.com\/wp-content\/uploads\/signatura-liberty-1.jpg","type":"image\/jpeg"}],"author":"Col\u00b7legi Mediadors","twitter_card":"summary_large_image","twitter_misc":{"Written by":"Col\u00b7legi Mediadors","Est. reading time":"2 minutos"},"schema":{"@context":"https:\/\/schema.org","@graph":[{"@type":"Article","@id":"https:\/\/www.cmalleida.com\/es\/liberty-seguros-firma-un-acuerdo-de-colaboracion-con-el-colegio-de-mediadores-de-seguros-de-lleida\/#article","isPartOf":{"@id":"https:\/\/www.cmalleida.com\/es\/liberty-seguros-firma-un-acuerdo-de-colaboracion-con-el-colegio-de-mediadores-de-seguros-de-lleida\/"},"author":{"name":"Col\u00b7legi Mediadors","@id":"https:\/\/www.cmalleida.com\/es\/#\/schema\/person\/bc84b7874fa5ac8a15c15a050fb3b79c"},"headline":"Liberty Seguros firma un acuerdo de colaboraci\u00f3n con el Colegio de Mediadores de Seguros de Lleida","datePublished":"2018-05-17T09:37:29+00:00","mainEntityOfPage":{"@id":"https:\/\/www.cmalleida.com\/es\/liberty-seguros-firma-un-acuerdo-de-colaboracion-con-el-colegio-de-mediadores-de-seguros-de-lleida\/"},"wordCount":445,"publisher":{"@id":"https:\/\/www.cmalleida.com\/es\/#organization"},"image":{"@id":"https:\/\/www.cmalleida.com\/es\/liberty-seguros-firma-un-acuerdo-de-colaboracion-con-el-colegio-de-mediadores-de-seguros-de-lleida\/#primaryimage"},"thumbnailUrl":"https:\/\/www.cmalleida.com\/wp-content\/uploads\/signatura-liberty-1.jpg","articleSection":["Actualidad","Noticias Colegiales","Visitas institucionales"],"inLanguage":"es"},{"@type":"WebPage","@id":"https:\/\/www.cmalleida.com\/es\/liberty-seguros-firma-un-acuerdo-de-colaboracion-con-el-colegio-de-mediadores-de-seguros-de-lleida\/","url":"https:\/\/www.cmalleida.com\/es\/liberty-seguros-firma-un-acuerdo-de-colaboracion-con-el-colegio-de-mediadores-de-seguros-de-lleida\/","name":"Liberty Seguros firma un acuerdo de colaboraci\u00f3n con el Colegio de Mediadores de Seguros de Lleida - Col\u00b7legi de Mediadors d&#039;Assegurances de Lleida","isPartOf":{"@id":"https:\/\/www.cmalleida.com\/es\/#website"},"primaryImageOfPage":{"@id":"https:\/\/www.cmalleida.com\/es\/liberty-seguros-firma-un-acuerdo-de-colaboracion-con-el-colegio-de-mediadores-de-seguros-de-lleida\/#primaryimage"},"image":{"@id":"https:\/\/www.cmalleida.com\/es\/liberty-seguros-firma-un-acuerdo-de-colaboracion-con-el-colegio-de-mediadores-de-seguros-de-lleida\/#primaryimage"},"thumbnailUrl":"https:\/\/www.cmalleida.com\/wp-content\/uploads\/signatura-liberty-1.jpg","datePublished":"2018-05-17T09:37:29+00:00","breadcrumb":{"@id":"https:\/\/www.cmalleida.com\/es\/liberty-seguros-firma-un-acuerdo-de-colaboracion-con-el-colegio-de-mediadores-de-seguros-de-lleida\/#breadcrumb"},"inLanguage":"es","potentialAction":[{"@type":"ReadAction","target":["https:\/\/www.cmalleida.com\/es\/liberty-seguros-firma-un-acuerdo-de-colaboracion-con-el-colegio-de-mediadores-de-seguros-de-lleida\/"]}]},{"@type":"ImageObject","inLanguage":"es","@id":"https:\/\/www.cmalleida.com\/es\/liberty-seguros-firma-un-acuerdo-de-colaboracion-con-el-colegio-de-mediadores-de-seguros-de-lleida\/#primaryimage","url":"https:\/\/www.cmalleida.com\/wp-content\/uploads\/signatura-liberty-1.jpg","contentUrl":"https:\/\/www.cmalleida.com\/wp-content\/uploads\/signatura-liberty-1.jpg","width":1024,"height":683,"caption":"SIGNATURA LIBERTY 1"},{"@type":"BreadcrumbList","@id":"https:\/\/www.cmalleida.com\/es\/liberty-seguros-firma-un-acuerdo-de-colaboracion-con-el-colegio-de-mediadores-de-seguros-de-lleida\/#breadcrumb","itemListElement":[{"@type":"ListItem","position":1,"name":"Inici","item":"https:\/\/www.cmalleida.com\/es\/"},{"@type":"ListItem","position":2,"name":"Liberty Seguros firma un acuerdo de colaboraci\u00f3n con el Colegio de Mediadores de Seguros de Lleida"}]},{"@type":"WebSite","@id":"https:\/\/www.cmalleida.com\/es\/#website","url":"https:\/\/www.cmalleida.com\/es\/","name":"Col\u00b7legi de Mediadors d&#039;Assegurances de Lleida","description":"Otro sitio realizado con WordPress","publisher":{"@id":"https:\/\/www.cmalleida.com\/es\/#organization"},"potentialAction":[{"@type":"SearchAction","target":{"@type":"EntryPoint","urlTemplate":"https:\/\/www.cmalleida.com\/es\/?s={search_term_string}"},"query-input":{"@type":"PropertyValueSpecification","valueRequired":true,"valueName":"search_term_string"}}],"inLanguage":"es"},{"@type":"Organization","@id":"https:\/\/www.cmalleida.com\/es\/#organization","name":"Col\u00b7legi de Mediadors d'Assegurances de Lleida","url":"https:\/\/www.cmalleida.com\/es\/","logo":{"@type":"ImageObject","inLanguage":"es","@id":"https:\/\/www.cmalleida.com\/es\/#\/schema\/logo\/image\/","url":"","contentUrl":"","caption":"Col\u00b7legi de Mediadors d'Assegurances de Lleida"},"image":{"@id":"https:\/\/www.cmalleida.com\/es\/#\/schema\/logo\/image\/"}},{"@type":"Person","@id":"https:\/\/www.cmalleida.com\/es\/#\/schema\/person\/bc84b7874fa5ac8a15c15a050fb3b79c","name":"Col\u00b7legi Mediadors","image":{"@type":"ImageObject","inLanguage":"es","@id":"https:\/\/secure.gravatar.com\/avatar\/05a66e0aafde4a91aea6f2c243b0b99b03dac1cca78dc84298f5e7e7ad4dfd33?s=96&d=mm&r=g","url":"https:\/\/secure.gravatar.com\/avatar\/05a66e0aafde4a91aea6f2c243b0b99b03dac1cca78dc84298f5e7e7ad4dfd33?s=96&d=mm&r=g","contentUrl":"https:\/\/secure.gravatar.com\/avatar\/05a66e0aafde4a91aea6f2c243b0b99b03dac1cca78dc84298f5e7e7ad4dfd33?s=96&d=mm&r=g","caption":"Col\u00b7legi Mediadors"}}]}},"_links":{"self":[{"href":"https:\/\/www.cmalleida.com\/es\/wp-json\/wp\/v2\/posts\/2449","targetHints":{"allow":["GET"]}}],"collection":[{"href":"https:\/\/www.cmalleida.com\/es\/wp-json\/wp\/v2\/posts"}],"about":[{"href":"https:\/\/www.cmalleida.com\/es\/wp-json\/wp\/v2\/types\/post"}],"author":[{"embeddable":true,"href":"https:\/\/www.cmalleida.com\/es\/wp-json\/wp\/v2\/users\/3"}],"replies":[{"embeddable":true,"href":"https:\/\/www.cmalleida.com\/es\/wp-json\/wp\/v2\/comments?post=2449"}],"version-history":[{"count":1,"href":"https:\/\/www.cmalleida.com\/es\/wp-json\/wp\/v2\/posts\/2449\/revisions"}],"predecessor-version":[{"id":2450,"href":"https:\/\/www.cmalleida.com\/es\/wp-json\/wp\/v2\/posts\/2449\/revisions\/2450"}],"wp:featuredmedia":[{"embeddable":true,"href":"https:\/\/www.cmalleida.com\/es\/wp-json\/wp\/v2\/media\/2441"}],"wp:attachment":[{"href":"https:\/\/www.cmalleida.com\/es\/wp-json\/wp\/v2\/media?parent=2449"}],"wp:term":[{"taxonomy":"category","embeddable":true,"href":"https:\/\/www.cmalleida.com\/es\/wp-json\/wp\/v2\/categories?post=2449"},{"taxonomy":"post_tag","embeddable":true,"href":"https:\/\/www.cmalleida.com\/es\/wp-json\/wp\/v2\/tags?post=2449"}],"curies":[{"name":"wp","href":"https:\/\/api.w.org\/{rel}","templated":true}]}}