{"id":2407,"date":"2018-05-09T18:52:40","date_gmt":"2018-05-09T16:52:40","guid":{"rendered":"https:\/\/www.cmalleida.com\/?p=2407"},"modified":"2018-05-17T11:43:01","modified_gmt":"2018-05-17T09:43:01","slug":"actividad-colegial-son-las-insurtech-el-futuro-del-seguro","status":"publish","type":"post","link":"https:\/\/www.cmalleida.com\/es\/actividad-colegial-son-las-insurtech-el-futuro-del-seguro\/","title":{"rendered":"Actividad colegial &#8211; \u00bfSon las insurtech el futuro del seguro?"},"content":{"rendered":"<p>El Col\u00b7legi de Mediadors d\u2019Assegurances de Lleida, el pasado 8 de mayo, organiz\u00f3 una conferencia sobre Las Insurtech que fue impartida por Rom\u00e1n Mestre, director general en Adiplus Tech&amp;Content y director general en InsuranceLab.<\/p>\n<p>Las insurtech han llegado para quedarse, es una revoluci\u00f3n que est\u00e1 sacudiendo el punto de vista que tenemos de la actual forma de hacer seguros. La irrupci\u00f3n de las nuevas empresas de insurtech transformar\u00e1 el mercado y har\u00e1 que la colaboraci\u00f3n entre entidad y mediador sea imprescindible para poder formar parte de esta explosi\u00f3n tecnol\u00f3gica.<\/p>\n<p>Xavier Escrib\u00e0, miembro del \u00c1rea de Formaci\u00f3n, fue quien presento el ponente y moder\u00f3 el coloquio que se abri\u00f3 despu\u00e9s de la exposici\u00f3n del Sr. Mestre, con gran participaci\u00f3n por parte de los asistentes.<\/p>\n","protected":false},"excerpt":{"rendered":"<p>El Col\u00b7legi de Mediadors d\u2019Assegurances de Lleida, el pasado 8 de mayo, organiz\u00f3 una conferencia sobre Las Insurtech que fue impartida por Rom\u00e1n Mestre, director&#8230; <a href=\"https:\/\/www.cmalleida.com\/es\/actividad-colegial-son-las-insurtech-el-futuro-del-seguro\/\" rel=\"nofollow\" class=\"lollegirmes\">Llegeix m\u00e9s<\/a><\/p>\n","protected":false},"author":3,"featured_media":2406,"comment_status":"closed","ping_status":"closed","sticky":false,"template":"","format":"standard","meta":{"_acf_changed":false,"_genesis_hide_title":false,"_genesis_hide_breadcrumbs":false,"_genesis_hide_singular_image":false,"_genesis_hide_footer_widgets":false,"_genesis_custom_body_class":"","_genesis_custom_post_class":"","_genesis_layout":"","footnotes":""},"categories":[28],"tags":[],"class_list":{"0":"post-2407","1":"post","2":"type-post","3":"status-publish","4":"format-standard","5":"has-post-thumbnail","7":"category-actualidad","8":"entry"},"acf":[],"yoast_head":"<!-- This site is optimized with the Yoast SEO plugin v27.2 - https:\/\/yoast.com\/product\/yoast-seo-wordpress\/ -->\n<title>Actividad colegial - \u00bfSon las insurtech el futuro del seguro? - Col\u00b7legi de Mediadors d&#039;Assegurances de Lleida<\/title>\n<meta name=\"robots\" content=\"index, follow, max-snippet:-1, max-image-preview:large, max-video-preview:-1\" \/>\n<link rel=\"canonical\" href=\"https:\/\/www.cmalleida.com\/es\/actividad-colegial-son-las-insurtech-el-futuro-del-seguro\/\" \/>\n<meta property=\"og:locale\" content=\"es_ES\" \/>\n<meta property=\"og:type\" content=\"article\" \/>\n<meta property=\"og:title\" content=\"Actividad colegial - \u00bfSon las insurtech el futuro del seguro? - Col\u00b7legi de Mediadors d&#039;Assegurances de Lleida\" \/>\n<meta property=\"og:description\" content=\"El Col\u00b7legi de Mediadors d\u2019Assegurances de Lleida, el pasado 8 de mayo, organiz\u00f3 una conferencia sobre Las Insurtech que fue impartida por Rom\u00e1n Mestre, director... Llegeix m\u00e9s\" \/>\n<meta property=\"og:url\" content=\"https:\/\/www.cmalleida.com\/es\/actividad-colegial-son-las-insurtech-el-futuro-del-seguro\/\" \/>\n<meta property=\"og:site_name\" content=\"Col\u00b7legi de Mediadors d&#039;Assegurances de Lleida\" \/>\n<meta property=\"article:published_time\" content=\"2018-05-09T16:52:40+00:00\" \/>\n<meta property=\"article:modified_time\" content=\"2018-05-17T09:43:01+00:00\" \/>\n<meta property=\"og:image\" content=\"https:\/\/www.cmalleida.com\/wp-content\/uploads\/dsc-0002-1.jpg\" \/>\n\t<meta property=\"og:image:width\" content=\"800\" \/>\n\t<meta property=\"og:image:height\" content=\"519\" \/>\n\t<meta property=\"og:image:type\" content=\"image\/jpeg\" \/>\n<meta name=\"author\" content=\"Col\u00b7legi Mediadors\" \/>\n<meta name=\"twitter:card\" content=\"summary_large_image\" \/>\n<meta name=\"twitter:label1\" content=\"Written by\" \/>\n\t<meta name=\"twitter:data1\" content=\"Col\u00b7legi Mediadors\" \/>\n\t<meta name=\"twitter:label2\" content=\"Est. reading time\" \/>\n\t<meta name=\"twitter:data2\" content=\"1 minuto\" \/>\n<script type=\"application\/ld+json\" class=\"yoast-schema-graph\">{\"@context\":\"https:\/\/schema.org\",\"@graph\":[{\"@type\":\"Article\",\"@id\":\"https:\/\/www.cmalleida.com\/es\/actividad-colegial-son-las-insurtech-el-futuro-del-seguro\/#article\",\"isPartOf\":{\"@id\":\"https:\/\/www.cmalleida.com\/es\/actividad-colegial-son-las-insurtech-el-futuro-del-seguro\/\"},\"author\":{\"name\":\"Col\u00b7legi Mediadors\",\"@id\":\"https:\/\/www.cmalleida.com\/es\/#\/schema\/person\/bc84b7874fa5ac8a15c15a050fb3b79c\"},\"headline\":\"Actividad colegial &#8211; \u00bfSon las insurtech el futuro del seguro?\",\"datePublished\":\"2018-05-09T16:52:40+00:00\",\"dateModified\":\"2018-05-17T09:43:01+00:00\",\"mainEntityOfPage\":{\"@id\":\"https:\/\/www.cmalleida.com\/es\/actividad-colegial-son-las-insurtech-el-futuro-del-seguro\/\"},\"wordCount\":146,\"publisher\":{\"@id\":\"https:\/\/www.cmalleida.com\/es\/#organization\"},\"image\":{\"@id\":\"https:\/\/www.cmalleida.com\/es\/actividad-colegial-son-las-insurtech-el-futuro-del-seguro\/#primaryimage\"},\"thumbnailUrl\":\"https:\/\/www.cmalleida.com\/wp-content\/uploads\/dsc-0002-1.jpg\",\"articleSection\":[\"Actualidad\"],\"inLanguage\":\"es\"},{\"@type\":\"WebPage\",\"@id\":\"https:\/\/www.cmalleida.com\/es\/actividad-colegial-son-las-insurtech-el-futuro-del-seguro\/\",\"url\":\"https:\/\/www.cmalleida.com\/es\/actividad-colegial-son-las-insurtech-el-futuro-del-seguro\/\",\"name\":\"Actividad colegial - \u00bfSon las insurtech el futuro del seguro? - Col\u00b7legi de Mediadors d&#039;Assegurances de Lleida\",\"isPartOf\":{\"@id\":\"https:\/\/www.cmalleida.com\/es\/#website\"},\"primaryImageOfPage\":{\"@id\":\"https:\/\/www.cmalleida.com\/es\/actividad-colegial-son-las-insurtech-el-futuro-del-seguro\/#primaryimage\"},\"image\":{\"@id\":\"https:\/\/www.cmalleida.com\/es\/actividad-colegial-son-las-insurtech-el-futuro-del-seguro\/#primaryimage\"},\"thumbnailUrl\":\"https:\/\/www.cmalleida.com\/wp-content\/uploads\/dsc-0002-1.jpg\",\"datePublished\":\"2018-05-09T16:52:40+00:00\",\"dateModified\":\"2018-05-17T09:43:01+00:00\",\"breadcrumb\":{\"@id\":\"https:\/\/www.cmalleida.com\/es\/actividad-colegial-son-las-insurtech-el-futuro-del-seguro\/#breadcrumb\"},\"inLanguage\":\"es\",\"potentialAction\":[{\"@type\":\"ReadAction\",\"target\":[\"https:\/\/www.cmalleida.com\/es\/actividad-colegial-son-las-insurtech-el-futuro-del-seguro\/\"]}]},{\"@type\":\"ImageObject\",\"inLanguage\":\"es\",\"@id\":\"https:\/\/www.cmalleida.com\/es\/actividad-colegial-son-las-insurtech-el-futuro-del-seguro\/#primaryimage\",\"url\":\"https:\/\/www.cmalleida.com\/wp-content\/uploads\/dsc-0002-1.jpg\",\"contentUrl\":\"https:\/\/www.cmalleida.com\/wp-content\/uploads\/dsc-0002-1.jpg\",\"width\":800,\"height\":519,\"caption\":\"DSC_0002\"},{\"@type\":\"BreadcrumbList\",\"@id\":\"https:\/\/www.cmalleida.com\/es\/actividad-colegial-son-las-insurtech-el-futuro-del-seguro\/#breadcrumb\",\"itemListElement\":[{\"@type\":\"ListItem\",\"position\":1,\"name\":\"Inici\",\"item\":\"https:\/\/www.cmalleida.com\/es\/\"},{\"@type\":\"ListItem\",\"position\":2,\"name\":\"Actividad colegial &#8211; \u00bfSon las insurtech el futuro del seguro?\"}]},{\"@type\":\"WebSite\",\"@id\":\"https:\/\/www.cmalleida.com\/es\/#website\",\"url\":\"https:\/\/www.cmalleida.com\/es\/\",\"name\":\"Col\u00b7legi de Mediadors d&#039;Assegurances de Lleida\",\"description\":\"Otro sitio realizado con WordPress\",\"publisher\":{\"@id\":\"https:\/\/www.cmalleida.com\/es\/#organization\"},\"potentialAction\":[{\"@type\":\"SearchAction\",\"target\":{\"@type\":\"EntryPoint\",\"urlTemplate\":\"https:\/\/www.cmalleida.com\/es\/?s={search_term_string}\"},\"query-input\":{\"@type\":\"PropertyValueSpecification\",\"valueRequired\":true,\"valueName\":\"search_term_string\"}}],\"inLanguage\":\"es\"},{\"@type\":\"Organization\",\"@id\":\"https:\/\/www.cmalleida.com\/es\/#organization\",\"name\":\"Col\u00b7legi de Mediadors d'Assegurances de Lleida\",\"url\":\"https:\/\/www.cmalleida.com\/es\/\",\"logo\":{\"@type\":\"ImageObject\",\"inLanguage\":\"es\",\"@id\":\"https:\/\/www.cmalleida.com\/es\/#\/schema\/logo\/image\/\",\"url\":\"\",\"contentUrl\":\"\",\"caption\":\"Col\u00b7legi de Mediadors d'Assegurances de Lleida\"},\"image\":{\"@id\":\"https:\/\/www.cmalleida.com\/es\/#\/schema\/logo\/image\/\"}},{\"@type\":\"Person\",\"@id\":\"https:\/\/www.cmalleida.com\/es\/#\/schema\/person\/bc84b7874fa5ac8a15c15a050fb3b79c\",\"name\":\"Col\u00b7legi Mediadors\",\"image\":{\"@type\":\"ImageObject\",\"inLanguage\":\"es\",\"@id\":\"https:\/\/secure.gravatar.com\/avatar\/05a66e0aafde4a91aea6f2c243b0b99b03dac1cca78dc84298f5e7e7ad4dfd33?s=96&d=mm&r=g\",\"url\":\"https:\/\/secure.gravatar.com\/avatar\/05a66e0aafde4a91aea6f2c243b0b99b03dac1cca78dc84298f5e7e7ad4dfd33?s=96&d=mm&r=g\",\"contentUrl\":\"https:\/\/secure.gravatar.com\/avatar\/05a66e0aafde4a91aea6f2c243b0b99b03dac1cca78dc84298f5e7e7ad4dfd33?s=96&d=mm&r=g\",\"caption\":\"Col\u00b7legi Mediadors\"}}]}<\/script>\n<!-- \/ Yoast SEO plugin. -->","yoast_head_json":{"title":"Actividad colegial - \u00bfSon las insurtech el futuro del seguro? - Col\u00b7legi de Mediadors d&#039;Assegurances de Lleida","robots":{"index":"index","follow":"follow","max-snippet":"max-snippet:-1","max-image-preview":"max-image-preview:large","max-video-preview":"max-video-preview:-1"},"canonical":"https:\/\/www.cmalleida.com\/es\/actividad-colegial-son-las-insurtech-el-futuro-del-seguro\/","og_locale":"es_ES","og_type":"article","og_title":"Actividad colegial - \u00bfSon las insurtech el futuro del seguro? - Col\u00b7legi de Mediadors d&#039;Assegurances de Lleida","og_description":"El Col\u00b7legi de Mediadors d\u2019Assegurances de Lleida, el pasado 8 de mayo, organiz\u00f3 una conferencia sobre Las Insurtech que fue impartida por Rom\u00e1n Mestre, director... Llegeix m\u00e9s","og_url":"https:\/\/www.cmalleida.com\/es\/actividad-colegial-son-las-insurtech-el-futuro-del-seguro\/","og_site_name":"Col\u00b7legi de Mediadors d&#039;Assegurances de Lleida","article_published_time":"2018-05-09T16:52:40+00:00","article_modified_time":"2018-05-17T09:43:01+00:00","og_image":[{"width":800,"height":519,"url":"https:\/\/www.cmalleida.com\/wp-content\/uploads\/dsc-0002-1.jpg","type":"image\/jpeg"}],"author":"Col\u00b7legi Mediadors","twitter_card":"summary_large_image","twitter_misc":{"Written by":"Col\u00b7legi Mediadors","Est. reading time":"1 minuto"},"schema":{"@context":"https:\/\/schema.org","@graph":[{"@type":"Article","@id":"https:\/\/www.cmalleida.com\/es\/actividad-colegial-son-las-insurtech-el-futuro-del-seguro\/#article","isPartOf":{"@id":"https:\/\/www.cmalleida.com\/es\/actividad-colegial-son-las-insurtech-el-futuro-del-seguro\/"},"author":{"name":"Col\u00b7legi Mediadors","@id":"https:\/\/www.cmalleida.com\/es\/#\/schema\/person\/bc84b7874fa5ac8a15c15a050fb3b79c"},"headline":"Actividad colegial &#8211; \u00bfSon las insurtech el futuro del seguro?","datePublished":"2018-05-09T16:52:40+00:00","dateModified":"2018-05-17T09:43:01+00:00","mainEntityOfPage":{"@id":"https:\/\/www.cmalleida.com\/es\/actividad-colegial-son-las-insurtech-el-futuro-del-seguro\/"},"wordCount":146,"publisher":{"@id":"https:\/\/www.cmalleida.com\/es\/#organization"},"image":{"@id":"https:\/\/www.cmalleida.com\/es\/actividad-colegial-son-las-insurtech-el-futuro-del-seguro\/#primaryimage"},"thumbnailUrl":"https:\/\/www.cmalleida.com\/wp-content\/uploads\/dsc-0002-1.jpg","articleSection":["Actualidad"],"inLanguage":"es"},{"@type":"WebPage","@id":"https:\/\/www.cmalleida.com\/es\/actividad-colegial-son-las-insurtech-el-futuro-del-seguro\/","url":"https:\/\/www.cmalleida.com\/es\/actividad-colegial-son-las-insurtech-el-futuro-del-seguro\/","name":"Actividad colegial - \u00bfSon las insurtech el futuro del seguro? - Col\u00b7legi de Mediadors d&#039;Assegurances de Lleida","isPartOf":{"@id":"https:\/\/www.cmalleida.com\/es\/#website"},"primaryImageOfPage":{"@id":"https:\/\/www.cmalleida.com\/es\/actividad-colegial-son-las-insurtech-el-futuro-del-seguro\/#primaryimage"},"image":{"@id":"https:\/\/www.cmalleida.com\/es\/actividad-colegial-son-las-insurtech-el-futuro-del-seguro\/#primaryimage"},"thumbnailUrl":"https:\/\/www.cmalleida.com\/wp-content\/uploads\/dsc-0002-1.jpg","datePublished":"2018-05-09T16:52:40+00:00","dateModified":"2018-05-17T09:43:01+00:00","breadcrumb":{"@id":"https:\/\/www.cmalleida.com\/es\/actividad-colegial-son-las-insurtech-el-futuro-del-seguro\/#breadcrumb"},"inLanguage":"es","potentialAction":[{"@type":"ReadAction","target":["https:\/\/www.cmalleida.com\/es\/actividad-colegial-son-las-insurtech-el-futuro-del-seguro\/"]}]},{"@type":"ImageObject","inLanguage":"es","@id":"https:\/\/www.cmalleida.com\/es\/actividad-colegial-son-las-insurtech-el-futuro-del-seguro\/#primaryimage","url":"https:\/\/www.cmalleida.com\/wp-content\/uploads\/dsc-0002-1.jpg","contentUrl":"https:\/\/www.cmalleida.com\/wp-content\/uploads\/dsc-0002-1.jpg","width":800,"height":519,"caption":"DSC_0002"},{"@type":"BreadcrumbList","@id":"https:\/\/www.cmalleida.com\/es\/actividad-colegial-son-las-insurtech-el-futuro-del-seguro\/#breadcrumb","itemListElement":[{"@type":"ListItem","position":1,"name":"Inici","item":"https:\/\/www.cmalleida.com\/es\/"},{"@type":"ListItem","position":2,"name":"Actividad colegial &#8211; \u00bfSon las insurtech el futuro del seguro?"}]},{"@type":"WebSite","@id":"https:\/\/www.cmalleida.com\/es\/#website","url":"https:\/\/www.cmalleida.com\/es\/","name":"Col\u00b7legi de Mediadors d&#039;Assegurances de Lleida","description":"Otro sitio realizado con WordPress","publisher":{"@id":"https:\/\/www.cmalleida.com\/es\/#organization"},"potentialAction":[{"@type":"SearchAction","target":{"@type":"EntryPoint","urlTemplate":"https:\/\/www.cmalleida.com\/es\/?s={search_term_string}"},"query-input":{"@type":"PropertyValueSpecification","valueRequired":true,"valueName":"search_term_string"}}],"inLanguage":"es"},{"@type":"Organization","@id":"https:\/\/www.cmalleida.com\/es\/#organization","name":"Col\u00b7legi de Mediadors d'Assegurances de Lleida","url":"https:\/\/www.cmalleida.com\/es\/","logo":{"@type":"ImageObject","inLanguage":"es","@id":"https:\/\/www.cmalleida.com\/es\/#\/schema\/logo\/image\/","url":"","contentUrl":"","caption":"Col\u00b7legi de Mediadors d'Assegurances de Lleida"},"image":{"@id":"https:\/\/www.cmalleida.com\/es\/#\/schema\/logo\/image\/"}},{"@type":"Person","@id":"https:\/\/www.cmalleida.com\/es\/#\/schema\/person\/bc84b7874fa5ac8a15c15a050fb3b79c","name":"Col\u00b7legi Mediadors","image":{"@type":"ImageObject","inLanguage":"es","@id":"https:\/\/secure.gravatar.com\/avatar\/05a66e0aafde4a91aea6f2c243b0b99b03dac1cca78dc84298f5e7e7ad4dfd33?s=96&d=mm&r=g","url":"https:\/\/secure.gravatar.com\/avatar\/05a66e0aafde4a91aea6f2c243b0b99b03dac1cca78dc84298f5e7e7ad4dfd33?s=96&d=mm&r=g","contentUrl":"https:\/\/secure.gravatar.com\/avatar\/05a66e0aafde4a91aea6f2c243b0b99b03dac1cca78dc84298f5e7e7ad4dfd33?s=96&d=mm&r=g","caption":"Col\u00b7legi Mediadors"}}]}},"_links":{"self":[{"href":"https:\/\/www.cmalleida.com\/es\/wp-json\/wp\/v2\/posts\/2407","targetHints":{"allow":["GET"]}}],"collection":[{"href":"https:\/\/www.cmalleida.com\/es\/wp-json\/wp\/v2\/posts"}],"about":[{"href":"https:\/\/www.cmalleida.com\/es\/wp-json\/wp\/v2\/types\/post"}],"author":[{"embeddable":true,"href":"https:\/\/www.cmalleida.com\/es\/wp-json\/wp\/v2\/users\/3"}],"replies":[{"embeddable":true,"href":"https:\/\/www.cmalleida.com\/es\/wp-json\/wp\/v2\/comments?post=2407"}],"version-history":[{"count":2,"href":"https:\/\/www.cmalleida.com\/es\/wp-json\/wp\/v2\/posts\/2407\/revisions"}],"predecessor-version":[{"id":2456,"href":"https:\/\/www.cmalleida.com\/es\/wp-json\/wp\/v2\/posts\/2407\/revisions\/2456"}],"wp:featuredmedia":[{"embeddable":true,"href":"https:\/\/www.cmalleida.com\/es\/wp-json\/wp\/v2\/media\/2406"}],"wp:attachment":[{"href":"https:\/\/www.cmalleida.com\/es\/wp-json\/wp\/v2\/media?parent=2407"}],"wp:term":[{"taxonomy":"category","embeddable":true,"href":"https:\/\/www.cmalleida.com\/es\/wp-json\/wp\/v2\/categories?post=2407"},{"taxonomy":"post_tag","embeddable":true,"href":"https:\/\/www.cmalleida.com\/es\/wp-json\/wp\/v2\/tags?post=2407"}],"curies":[{"name":"wp","href":"https:\/\/api.w.org\/{rel}","templated":true}]}}