{"id":2398,"date":"2018-05-09T18:21:35","date_gmt":"2018-05-09T16:21:35","guid":{"rendered":"https:\/\/www.cmalleida.com\/?p=2398"},"modified":"2018-05-09T18:21:35","modified_gmt":"2018-05-09T16:21:35","slug":"un-detenido-acusado-de-varias-estafas-a-seguros-al-denunciar-hasta-el-robo-del-mismo-movil-dos-veces-eleconomista","status":"publish","type":"post","link":"https:\/\/www.cmalleida.com\/es\/un-detenido-acusado-de-varias-estafas-a-seguros-al-denunciar-hasta-el-robo-del-mismo-movil-dos-veces-eleconomista\/","title":{"rendered":"Un detenido acusado de varias estafas a seguros al denunciar hasta el robo del mismo m\u00f3vil dos veces  (elEconomista)"},"content":{"rendered":"<p><em>La Polic\u00eda Nacional ha detenido a J.R.P.F., de 37 a\u00f1os y vecino de Aljaraque (Huelva), como presunto autor de varios delitos de estafa a diferentes compa\u00f1\u00edas de seguros.<\/em><\/p>\n<p>HUELVA, 3 (EUROPA PRESS)<\/p>\n<p>En concreto, presuntamente para justificar los robos hab\u00eda llegado a denunciar, seg\u00fan se comprob\u00f3, la sustracci\u00f3n del mismo terminal m\u00f3vil, aportando la misma factura de compra en dos ocasiones, reclamando a dos compa\u00f1\u00edas de seguros diferentes, ha informado la Polic\u00eda en un comunicado.<\/p>\n<p>Las investigaciones se iniciaron, tras tener conocimiento la Polic\u00eda Nacional de una denuncia interpuesta por una conocida compa\u00f1\u00eda de seguros, donde se informaba de una supuesta estafa de la que pod\u00edan estar siendo v\u00edctimas. Esta estafa consistir\u00eda en que uno de sus clientes, estar\u00eda dando partes de siniestros de manera fraudulenta, para obtener indemnizaciones indebidas, seg\u00fan ha informado la Polic\u00eda Nacional en una nota de prensa.<\/p>\n<p>Tras numerosas investigaciones, se pudo determinar c\u00f3mo denunciar era \u00abuna din\u00e1mica habitual de esta persona\u00bb y, formaba parte de un plan organizado, en el que \u00abafirmaba haber sido v\u00edctima de robos con violencia, en la modalidad de tir\u00f3n, concretamente en cinco ocasiones, entre 2012 y 2017, falsas denuncias que comunicaba a las compa\u00f1\u00edas de seguros para posteriormente ser indemnizado por el valor econ\u00f3mico tasado de los efectos sustra\u00eddos\u00bb.<\/p>\n<p>Asimismo, han indicado que el ahora detenido presuntamente para justificar los robos, hab\u00eda llegado a denunciar, seg\u00fan se comprob\u00f3, la sustracci\u00f3n del mismo terminal m\u00f3vil, aportando la misma factura de compra en dos ocasiones, reclamando a dos compa\u00f1\u00edas de seguros diferentes, con las que estaba vinculado, para de esta forma obtener un beneficio il\u00edcito dos veces por el mismo concepto.<\/p>\n<p>En las indagaciones, se comprob\u00f3 que en la denuncia del robo del Documento Nacional de Identidad, con el fin de que el seguro le pagara las tasas para volv\u00e9rselo a tramitar, se constat\u00f3 que no hab\u00eda sido renovado desde el a\u00f1o 2012, identific\u00e1ndose con el mismo D.N.I., supuestamente robado, en el momento de su detenci\u00f3n.<\/p>\n<p>Todas estas evidencias desencadenaron su detenci\u00f3n, careciendo de antecedentes policiales y, siendo puesto a disposici\u00f3n de la autoridad judicial.<\/p>\n<p>Desde la Polic\u00eda Nacional recuerdan, una vez m\u00e1s que una denuncia falsa, supone el empleo de recursos humanos y materiales para su investigaci\u00f3n, que podr\u00edan ser destinados a otros objetivos, lo que genera un perjuicio a los ciudadanos, y a la administraci\u00f3n p\u00fablica. Adem\u00e1s, los hechos pueden constituir un delito y dar lugar a responsabilidad penal, para aquellos que efect\u00faan una denuncia falsa.<\/p>\n","protected":false},"excerpt":{"rendered":"<p>La Polic\u00eda Nacional ha detenido a J.R.P.F., de 37 a\u00f1os y vecino de Aljaraque (Huelva), como presunto autor de varios delitos de estafa a diferentes&#8230; <a href=\"https:\/\/www.cmalleida.com\/es\/un-detenido-acusado-de-varias-estafas-a-seguros-al-denunciar-hasta-el-robo-del-mismo-movil-dos-veces-eleconomista\/\" rel=\"nofollow\" class=\"lollegirmes\">Llegeix m\u00e9s<\/a><\/p>\n","protected":false},"author":3,"featured_media":1867,"comment_status":"closed","ping_status":"closed","sticky":false,"template":"","format":"standard","meta":{"_acf_changed":false,"_genesis_hide_title":false,"_genesis_hide_breadcrumbs":false,"_genesis_hide_singular_image":false,"_genesis_hide_footer_widgets":false,"_genesis_custom_body_class":"","_genesis_custom_post_class":"","_genesis_layout":"","footnotes":""},"categories":[28],"tags":[],"class_list":{"0":"post-2398","1":"post","2":"type-post","3":"status-publish","4":"format-standard","5":"has-post-thumbnail","7":"category-actualidad","8":"entry"},"acf":[],"yoast_head":"<!-- This site is optimized with the Yoast SEO plugin v27.2 - https:\/\/yoast.com\/product\/yoast-seo-wordpress\/ -->\n<title>Un detenido acusado de varias estafas a seguros al denunciar hasta el robo del mismo m\u00f3vil dos veces (elEconomista) - Col\u00b7legi de Mediadors d&#039;Assegurances de Lleida<\/title>\n<meta name=\"robots\" content=\"index, follow, max-snippet:-1, max-image-preview:large, max-video-preview:-1\" \/>\n<link rel=\"canonical\" href=\"https:\/\/www.cmalleida.com\/es\/un-detenido-acusado-de-varias-estafas-a-seguros-al-denunciar-hasta-el-robo-del-mismo-movil-dos-veces-eleconomista\/\" \/>\n<meta property=\"og:locale\" content=\"es_ES\" \/>\n<meta property=\"og:type\" content=\"article\" \/>\n<meta property=\"og:title\" content=\"Un detenido acusado de varias estafas a seguros al denunciar hasta el robo del mismo m\u00f3vil dos veces (elEconomista) - Col\u00b7legi de Mediadors d&#039;Assegurances de Lleida\" \/>\n<meta property=\"og:description\" content=\"La Polic\u00eda Nacional ha detenido a J.R.P.F., de 37 a\u00f1os y vecino de Aljaraque (Huelva), como presunto autor de varios delitos de estafa a diferentes... Llegeix m\u00e9s\" \/>\n<meta property=\"og:url\" content=\"https:\/\/www.cmalleida.com\/es\/un-detenido-acusado-de-varias-estafas-a-seguros-al-denunciar-hasta-el-robo-del-mismo-movil-dos-veces-eleconomista\/\" \/>\n<meta property=\"og:site_name\" content=\"Col\u00b7legi de Mediadors d&#039;Assegurances de Lleida\" \/>\n<meta property=\"article:published_time\" content=\"2018-05-09T16:21:35+00:00\" \/>\n<meta property=\"og:image\" content=\"https:\/\/www.cmalleida.com\/wp-content\/uploads\/cmall-lleida-actualitat-calcula762-1.jpg\" \/>\n\t<meta property=\"og:image:width\" content=\"762\" \/>\n\t<meta property=\"og:image:height\" content=\"762\" \/>\n\t<meta property=\"og:image:type\" content=\"image\/jpeg\" \/>\n<meta name=\"author\" content=\"Col\u00b7legi Mediadors\" \/>\n<meta name=\"twitter:card\" content=\"summary_large_image\" \/>\n<meta name=\"twitter:label1\" content=\"Written by\" \/>\n\t<meta name=\"twitter:data1\" content=\"Col\u00b7legi Mediadors\" \/>\n\t<meta name=\"twitter:label2\" content=\"Est. reading time\" \/>\n\t<meta name=\"twitter:data2\" content=\"2 minutos\" \/>\n<script type=\"application\/ld+json\" class=\"yoast-schema-graph\">{\"@context\":\"https:\/\/schema.org\",\"@graph\":[{\"@type\":\"Article\",\"@id\":\"https:\/\/www.cmalleida.com\/es\/un-detenido-acusado-de-varias-estafas-a-seguros-al-denunciar-hasta-el-robo-del-mismo-movil-dos-veces-eleconomista\/#article\",\"isPartOf\":{\"@id\":\"https:\/\/www.cmalleida.com\/es\/un-detenido-acusado-de-varias-estafas-a-seguros-al-denunciar-hasta-el-robo-del-mismo-movil-dos-veces-eleconomista\/\"},\"author\":{\"name\":\"Col\u00b7legi Mediadors\",\"@id\":\"https:\/\/www.cmalleida.com\/es\/#\/schema\/person\/bc84b7874fa5ac8a15c15a050fb3b79c\"},\"headline\":\"Un detenido acusado de varias estafas a seguros al denunciar hasta el robo del mismo m\u00f3vil dos veces (elEconomista)\",\"datePublished\":\"2018-05-09T16:21:35+00:00\",\"mainEntityOfPage\":{\"@id\":\"https:\/\/www.cmalleida.com\/es\/un-detenido-acusado-de-varias-estafas-a-seguros-al-denunciar-hasta-el-robo-del-mismo-movil-dos-veces-eleconomista\/\"},\"wordCount\":471,\"publisher\":{\"@id\":\"https:\/\/www.cmalleida.com\/es\/#organization\"},\"image\":{\"@id\":\"https:\/\/www.cmalleida.com\/es\/un-detenido-acusado-de-varias-estafas-a-seguros-al-denunciar-hasta-el-robo-del-mismo-movil-dos-veces-eleconomista\/#primaryimage\"},\"thumbnailUrl\":\"https:\/\/www.cmalleida.com\/wp-content\/uploads\/cmall-lleida-actualitat-calcula762-1.jpg\",\"articleSection\":[\"Actualidad\"],\"inLanguage\":\"es\"},{\"@type\":\"WebPage\",\"@id\":\"https:\/\/www.cmalleida.com\/es\/un-detenido-acusado-de-varias-estafas-a-seguros-al-denunciar-hasta-el-robo-del-mismo-movil-dos-veces-eleconomista\/\",\"url\":\"https:\/\/www.cmalleida.com\/es\/un-detenido-acusado-de-varias-estafas-a-seguros-al-denunciar-hasta-el-robo-del-mismo-movil-dos-veces-eleconomista\/\",\"name\":\"Un detenido acusado de varias estafas a seguros al denunciar hasta el robo del mismo m\u00f3vil dos veces (elEconomista) - Col\u00b7legi de Mediadors d&#039;Assegurances de Lleida\",\"isPartOf\":{\"@id\":\"https:\/\/www.cmalleida.com\/es\/#website\"},\"primaryImageOfPage\":{\"@id\":\"https:\/\/www.cmalleida.com\/es\/un-detenido-acusado-de-varias-estafas-a-seguros-al-denunciar-hasta-el-robo-del-mismo-movil-dos-veces-eleconomista\/#primaryimage\"},\"image\":{\"@id\":\"https:\/\/www.cmalleida.com\/es\/un-detenido-acusado-de-varias-estafas-a-seguros-al-denunciar-hasta-el-robo-del-mismo-movil-dos-veces-eleconomista\/#primaryimage\"},\"thumbnailUrl\":\"https:\/\/www.cmalleida.com\/wp-content\/uploads\/cmall-lleida-actualitat-calcula762-1.jpg\",\"datePublished\":\"2018-05-09T16:21:35+00:00\",\"breadcrumb\":{\"@id\":\"https:\/\/www.cmalleida.com\/es\/un-detenido-acusado-de-varias-estafas-a-seguros-al-denunciar-hasta-el-robo-del-mismo-movil-dos-veces-eleconomista\/#breadcrumb\"},\"inLanguage\":\"es\",\"potentialAction\":[{\"@type\":\"ReadAction\",\"target\":[\"https:\/\/www.cmalleida.com\/es\/un-detenido-acusado-de-varias-estafas-a-seguros-al-denunciar-hasta-el-robo-del-mismo-movil-dos-veces-eleconomista\/\"]}]},{\"@type\":\"ImageObject\",\"inLanguage\":\"es\",\"@id\":\"https:\/\/www.cmalleida.com\/es\/un-detenido-acusado-de-varias-estafas-a-seguros-al-denunciar-hasta-el-robo-del-mismo-movil-dos-veces-eleconomista\/#primaryimage\",\"url\":\"https:\/\/www.cmalleida.com\/wp-content\/uploads\/cmall-lleida-actualitat-calcula762-1.jpg\",\"contentUrl\":\"https:\/\/www.cmalleida.com\/wp-content\/uploads\/cmall-lleida-actualitat-calcula762-1.jpg\",\"width\":762,\"height\":762,\"caption\":\"cmall-lleida-actualitat-calcula762\"},{\"@type\":\"BreadcrumbList\",\"@id\":\"https:\/\/www.cmalleida.com\/es\/un-detenido-acusado-de-varias-estafas-a-seguros-al-denunciar-hasta-el-robo-del-mismo-movil-dos-veces-eleconomista\/#breadcrumb\",\"itemListElement\":[{\"@type\":\"ListItem\",\"position\":1,\"name\":\"Inici\",\"item\":\"https:\/\/www.cmalleida.com\/es\/\"},{\"@type\":\"ListItem\",\"position\":2,\"name\":\"Un detenido acusado de varias estafas a seguros al denunciar hasta el robo del mismo m\u00f3vil dos veces (elEconomista)\"}]},{\"@type\":\"WebSite\",\"@id\":\"https:\/\/www.cmalleida.com\/es\/#website\",\"url\":\"https:\/\/www.cmalleida.com\/es\/\",\"name\":\"Col\u00b7legi de Mediadors d&#039;Assegurances de Lleida\",\"description\":\"Otro sitio realizado con WordPress\",\"publisher\":{\"@id\":\"https:\/\/www.cmalleida.com\/es\/#organization\"},\"potentialAction\":[{\"@type\":\"SearchAction\",\"target\":{\"@type\":\"EntryPoint\",\"urlTemplate\":\"https:\/\/www.cmalleida.com\/es\/?s={search_term_string}\"},\"query-input\":{\"@type\":\"PropertyValueSpecification\",\"valueRequired\":true,\"valueName\":\"search_term_string\"}}],\"inLanguage\":\"es\"},{\"@type\":\"Organization\",\"@id\":\"https:\/\/www.cmalleida.com\/es\/#organization\",\"name\":\"Col\u00b7legi de Mediadors d'Assegurances de Lleida\",\"url\":\"https:\/\/www.cmalleida.com\/es\/\",\"logo\":{\"@type\":\"ImageObject\",\"inLanguage\":\"es\",\"@id\":\"https:\/\/www.cmalleida.com\/es\/#\/schema\/logo\/image\/\",\"url\":\"\",\"contentUrl\":\"\",\"caption\":\"Col\u00b7legi de Mediadors d'Assegurances de Lleida\"},\"image\":{\"@id\":\"https:\/\/www.cmalleida.com\/es\/#\/schema\/logo\/image\/\"}},{\"@type\":\"Person\",\"@id\":\"https:\/\/www.cmalleida.com\/es\/#\/schema\/person\/bc84b7874fa5ac8a15c15a050fb3b79c\",\"name\":\"Col\u00b7legi Mediadors\",\"image\":{\"@type\":\"ImageObject\",\"inLanguage\":\"es\",\"@id\":\"https:\/\/secure.gravatar.com\/avatar\/05a66e0aafde4a91aea6f2c243b0b99b03dac1cca78dc84298f5e7e7ad4dfd33?s=96&d=mm&r=g\",\"url\":\"https:\/\/secure.gravatar.com\/avatar\/05a66e0aafde4a91aea6f2c243b0b99b03dac1cca78dc84298f5e7e7ad4dfd33?s=96&d=mm&r=g\",\"contentUrl\":\"https:\/\/secure.gravatar.com\/avatar\/05a66e0aafde4a91aea6f2c243b0b99b03dac1cca78dc84298f5e7e7ad4dfd33?s=96&d=mm&r=g\",\"caption\":\"Col\u00b7legi Mediadors\"}}]}<\/script>\n<!-- \/ Yoast SEO plugin. -->","yoast_head_json":{"title":"Un detenido acusado de varias estafas a seguros al denunciar hasta el robo del mismo m\u00f3vil dos veces (elEconomista) - Col\u00b7legi de Mediadors d&#039;Assegurances de Lleida","robots":{"index":"index","follow":"follow","max-snippet":"max-snippet:-1","max-image-preview":"max-image-preview:large","max-video-preview":"max-video-preview:-1"},"canonical":"https:\/\/www.cmalleida.com\/es\/un-detenido-acusado-de-varias-estafas-a-seguros-al-denunciar-hasta-el-robo-del-mismo-movil-dos-veces-eleconomista\/","og_locale":"es_ES","og_type":"article","og_title":"Un detenido acusado de varias estafas a seguros al denunciar hasta el robo del mismo m\u00f3vil dos veces (elEconomista) - Col\u00b7legi de Mediadors d&#039;Assegurances de Lleida","og_description":"La Polic\u00eda Nacional ha detenido a J.R.P.F., de 37 a\u00f1os y vecino de Aljaraque (Huelva), como presunto autor de varios delitos de estafa a diferentes... Llegeix m\u00e9s","og_url":"https:\/\/www.cmalleida.com\/es\/un-detenido-acusado-de-varias-estafas-a-seguros-al-denunciar-hasta-el-robo-del-mismo-movil-dos-veces-eleconomista\/","og_site_name":"Col\u00b7legi de Mediadors d&#039;Assegurances de Lleida","article_published_time":"2018-05-09T16:21:35+00:00","og_image":[{"width":762,"height":762,"url":"https:\/\/www.cmalleida.com\/wp-content\/uploads\/cmall-lleida-actualitat-calcula762-1.jpg","type":"image\/jpeg"}],"author":"Col\u00b7legi Mediadors","twitter_card":"summary_large_image","twitter_misc":{"Written by":"Col\u00b7legi Mediadors","Est. reading time":"2 minutos"},"schema":{"@context":"https:\/\/schema.org","@graph":[{"@type":"Article","@id":"https:\/\/www.cmalleida.com\/es\/un-detenido-acusado-de-varias-estafas-a-seguros-al-denunciar-hasta-el-robo-del-mismo-movil-dos-veces-eleconomista\/#article","isPartOf":{"@id":"https:\/\/www.cmalleida.com\/es\/un-detenido-acusado-de-varias-estafas-a-seguros-al-denunciar-hasta-el-robo-del-mismo-movil-dos-veces-eleconomista\/"},"author":{"name":"Col\u00b7legi Mediadors","@id":"https:\/\/www.cmalleida.com\/es\/#\/schema\/person\/bc84b7874fa5ac8a15c15a050fb3b79c"},"headline":"Un detenido acusado de varias estafas a seguros al denunciar hasta el robo del mismo m\u00f3vil dos veces (elEconomista)","datePublished":"2018-05-09T16:21:35+00:00","mainEntityOfPage":{"@id":"https:\/\/www.cmalleida.com\/es\/un-detenido-acusado-de-varias-estafas-a-seguros-al-denunciar-hasta-el-robo-del-mismo-movil-dos-veces-eleconomista\/"},"wordCount":471,"publisher":{"@id":"https:\/\/www.cmalleida.com\/es\/#organization"},"image":{"@id":"https:\/\/www.cmalleida.com\/es\/un-detenido-acusado-de-varias-estafas-a-seguros-al-denunciar-hasta-el-robo-del-mismo-movil-dos-veces-eleconomista\/#primaryimage"},"thumbnailUrl":"https:\/\/www.cmalleida.com\/wp-content\/uploads\/cmall-lleida-actualitat-calcula762-1.jpg","articleSection":["Actualidad"],"inLanguage":"es"},{"@type":"WebPage","@id":"https:\/\/www.cmalleida.com\/es\/un-detenido-acusado-de-varias-estafas-a-seguros-al-denunciar-hasta-el-robo-del-mismo-movil-dos-veces-eleconomista\/","url":"https:\/\/www.cmalleida.com\/es\/un-detenido-acusado-de-varias-estafas-a-seguros-al-denunciar-hasta-el-robo-del-mismo-movil-dos-veces-eleconomista\/","name":"Un detenido acusado de varias estafas a seguros al denunciar hasta el robo del mismo m\u00f3vil dos veces (elEconomista) - Col\u00b7legi de Mediadors d&#039;Assegurances de Lleida","isPartOf":{"@id":"https:\/\/www.cmalleida.com\/es\/#website"},"primaryImageOfPage":{"@id":"https:\/\/www.cmalleida.com\/es\/un-detenido-acusado-de-varias-estafas-a-seguros-al-denunciar-hasta-el-robo-del-mismo-movil-dos-veces-eleconomista\/#primaryimage"},"image":{"@id":"https:\/\/www.cmalleida.com\/es\/un-detenido-acusado-de-varias-estafas-a-seguros-al-denunciar-hasta-el-robo-del-mismo-movil-dos-veces-eleconomista\/#primaryimage"},"thumbnailUrl":"https:\/\/www.cmalleida.com\/wp-content\/uploads\/cmall-lleida-actualitat-calcula762-1.jpg","datePublished":"2018-05-09T16:21:35+00:00","breadcrumb":{"@id":"https:\/\/www.cmalleida.com\/es\/un-detenido-acusado-de-varias-estafas-a-seguros-al-denunciar-hasta-el-robo-del-mismo-movil-dos-veces-eleconomista\/#breadcrumb"},"inLanguage":"es","potentialAction":[{"@type":"ReadAction","target":["https:\/\/www.cmalleida.com\/es\/un-detenido-acusado-de-varias-estafas-a-seguros-al-denunciar-hasta-el-robo-del-mismo-movil-dos-veces-eleconomista\/"]}]},{"@type":"ImageObject","inLanguage":"es","@id":"https:\/\/www.cmalleida.com\/es\/un-detenido-acusado-de-varias-estafas-a-seguros-al-denunciar-hasta-el-robo-del-mismo-movil-dos-veces-eleconomista\/#primaryimage","url":"https:\/\/www.cmalleida.com\/wp-content\/uploads\/cmall-lleida-actualitat-calcula762-1.jpg","contentUrl":"https:\/\/www.cmalleida.com\/wp-content\/uploads\/cmall-lleida-actualitat-calcula762-1.jpg","width":762,"height":762,"caption":"cmall-lleida-actualitat-calcula762"},{"@type":"BreadcrumbList","@id":"https:\/\/www.cmalleida.com\/es\/un-detenido-acusado-de-varias-estafas-a-seguros-al-denunciar-hasta-el-robo-del-mismo-movil-dos-veces-eleconomista\/#breadcrumb","itemListElement":[{"@type":"ListItem","position":1,"name":"Inici","item":"https:\/\/www.cmalleida.com\/es\/"},{"@type":"ListItem","position":2,"name":"Un detenido acusado de varias estafas a seguros al denunciar hasta el robo del mismo m\u00f3vil dos veces (elEconomista)"}]},{"@type":"WebSite","@id":"https:\/\/www.cmalleida.com\/es\/#website","url":"https:\/\/www.cmalleida.com\/es\/","name":"Col\u00b7legi de Mediadors d&#039;Assegurances de Lleida","description":"Otro sitio realizado con WordPress","publisher":{"@id":"https:\/\/www.cmalleida.com\/es\/#organization"},"potentialAction":[{"@type":"SearchAction","target":{"@type":"EntryPoint","urlTemplate":"https:\/\/www.cmalleida.com\/es\/?s={search_term_string}"},"query-input":{"@type":"PropertyValueSpecification","valueRequired":true,"valueName":"search_term_string"}}],"inLanguage":"es"},{"@type":"Organization","@id":"https:\/\/www.cmalleida.com\/es\/#organization","name":"Col\u00b7legi de Mediadors d'Assegurances de Lleida","url":"https:\/\/www.cmalleida.com\/es\/","logo":{"@type":"ImageObject","inLanguage":"es","@id":"https:\/\/www.cmalleida.com\/es\/#\/schema\/logo\/image\/","url":"","contentUrl":"","caption":"Col\u00b7legi de Mediadors d'Assegurances de Lleida"},"image":{"@id":"https:\/\/www.cmalleida.com\/es\/#\/schema\/logo\/image\/"}},{"@type":"Person","@id":"https:\/\/www.cmalleida.com\/es\/#\/schema\/person\/bc84b7874fa5ac8a15c15a050fb3b79c","name":"Col\u00b7legi Mediadors","image":{"@type":"ImageObject","inLanguage":"es","@id":"https:\/\/secure.gravatar.com\/avatar\/05a66e0aafde4a91aea6f2c243b0b99b03dac1cca78dc84298f5e7e7ad4dfd33?s=96&d=mm&r=g","url":"https:\/\/secure.gravatar.com\/avatar\/05a66e0aafde4a91aea6f2c243b0b99b03dac1cca78dc84298f5e7e7ad4dfd33?s=96&d=mm&r=g","contentUrl":"https:\/\/secure.gravatar.com\/avatar\/05a66e0aafde4a91aea6f2c243b0b99b03dac1cca78dc84298f5e7e7ad4dfd33?s=96&d=mm&r=g","caption":"Col\u00b7legi Mediadors"}}]}},"_links":{"self":[{"href":"https:\/\/www.cmalleida.com\/es\/wp-json\/wp\/v2\/posts\/2398","targetHints":{"allow":["GET"]}}],"collection":[{"href":"https:\/\/www.cmalleida.com\/es\/wp-json\/wp\/v2\/posts"}],"about":[{"href":"https:\/\/www.cmalleida.com\/es\/wp-json\/wp\/v2\/types\/post"}],"author":[{"embeddable":true,"href":"https:\/\/www.cmalleida.com\/es\/wp-json\/wp\/v2\/users\/3"}],"replies":[{"embeddable":true,"href":"https:\/\/www.cmalleida.com\/es\/wp-json\/wp\/v2\/comments?post=2398"}],"version-history":[{"count":1,"href":"https:\/\/www.cmalleida.com\/es\/wp-json\/wp\/v2\/posts\/2398\/revisions"}],"predecessor-version":[{"id":2399,"href":"https:\/\/www.cmalleida.com\/es\/wp-json\/wp\/v2\/posts\/2398\/revisions\/2399"}],"wp:featuredmedia":[{"embeddable":true,"href":"https:\/\/www.cmalleida.com\/es\/wp-json\/wp\/v2\/media\/1867"}],"wp:attachment":[{"href":"https:\/\/www.cmalleida.com\/es\/wp-json\/wp\/v2\/media?parent=2398"}],"wp:term":[{"taxonomy":"category","embeddable":true,"href":"https:\/\/www.cmalleida.com\/es\/wp-json\/wp\/v2\/categories?post=2398"},{"taxonomy":"post_tag","embeddable":true,"href":"https:\/\/www.cmalleida.com\/es\/wp-json\/wp\/v2\/tags?post=2398"}],"curies":[{"name":"wp","href":"https:\/\/api.w.org\/{rel}","templated":true}]}}