{"id":2396,"date":"2018-05-09T18:20:25","date_gmt":"2018-05-09T16:20:25","guid":{"rendered":"https:\/\/www.cmalleida.com\/?p=2396"},"modified":"2018-05-09T18:20:25","modified_gmt":"2018-05-09T16:20:25","slug":"que-pasa-si-no-estoy-de-acuerdo-con-la-valoracion-de-mi-aseguradora-la-vanguardia","status":"publish","type":"post","link":"https:\/\/www.cmalleida.com\/es\/que-pasa-si-no-estoy-de-acuerdo-con-la-valoracion-de-mi-aseguradora-la-vanguardia\/","title":{"rendered":"\u00bfQu\u00e9 pasa si no estoy de acuerdo con la valoraci\u00f3n de mi aseguradora? La Vanguardia"},"content":{"rendered":"<p><em>Las claves para gestionar una discrepancia con la oferta de indemnizaci\u00f3n planteada por la compa\u00f1\u00eda de seguros\u00a0<\/em><\/p>\n<p>JOAN MORALES \/ JORDI PARRILLA Publicado a 3-05-2018 7:10<\/p>\n<p><strong>Un momento clave en la relaci\u00f3n entre el asegurado y la aseguradora llega cuando se produce un siniestro<\/strong>. La aseguradora debe responder en virtud de las coberturas contratadas y plantear una indemnizaci\u00f3n. En la mayor\u00eda de las ocasiones todo transcurre sin problemas, pero, en ocasiones, podemos<strong>\u00a0no estar de acuerdo con la oferta que nos plantea la aseguradora<\/strong>. Hay que decir que, en t\u00e9rminos generales, son situaciones que requieren la intervenci\u00f3n de profesionales expertos que nos asesoren, pues el momento de la indemnizaci\u00f3n por parte de la compa\u00f1\u00eda de seguros es un momento clave.<\/p>\n<p>En principio, la compa\u00f1\u00eda de seguros puede darnos las siguientes respuestas con las que no estemos de acuerdo:<\/p>\n<ul>\n<li><strong>No hay cobertura<\/strong>, y por tanto no va a ofrecernos ninguna indemnizaci\u00f3n, ni por tanto la opci\u00f3n de reparaci\u00f3n o sustituci\u00f3n del bien da\u00f1ado.<\/li>\n<li><strong>Ofrecer una indemnizaci\u00f3n parcial de los da\u00f1os<\/strong>. En este punto hay que diferenciar los motivos que llevan a esta situaci\u00f3n:<br \/>\nA) bien porque los capitales que hemos asegurado son insuficientes<br \/>\nB) bien porque la descripci\u00f3n del riesgo asegurado (situaci\u00f3n del riesgo, sus protecciones, \u2026) no refleja exactamente lo que se contrat\u00f3.<\/li>\n<li><strong>Nos trasladan una oferta que consideramos que no es suficiente<\/strong>. En este caso la discrepancia radica, no en el contrato y sus t\u00e9rminos, sino en la valoraci\u00f3n de los da\u00f1os y los costes de su reparaci\u00f3n o substituci\u00f3n<\/li>\n<\/ul>\n<p>Es importante, en cualquier caso, que la disconformidad tenga una base que se pueda\u00a0<strong>acreditar documentalmente<\/strong>. En el caso de un desacuerdo con el valor del da\u00f1o, por ejemplo, bien porque disponemos de varios presupuestos o incluso una factura de reparaci\u00f3n que ya se ha abonado.<\/p>\n<p>Al margen de la v\u00eda judicial, se contemplan tres posibilidades que vienen reguladas en nuestra legislaci\u00f3n.<\/p>\n<ul>\n<li>Por un lado, lo establecido en el art. 38 de la Ley de Contrato de Seguros:\u00a0<strong>nombramiento de perito por parte del asegurado<\/strong>, e incluso nombramiento de un tercer perito si no hay acuerdo entre los peritos nombrados por las partes. Este procedimiento est\u00e1 contemplado como obligatorio cuando el conflicto est\u00e1 relacionado con el importe o la forma de indemnizaci\u00f3n.<\/li>\n<li>Por otro, la posibilidad de acudir al\u00a0<strong>Departamento de Atenci\u00f3n al Cliente<\/strong>o de Reclamaciones o al\u00a0<strong>Defensor del Asegurado<\/strong>, que est\u00e1n obligados a tener todas las aseguradoras, y cuya resoluci\u00f3n vincula a la aseguradora, pero no al cliente o asegurado.<\/li>\n<li>Finalmente, el\u00a0<strong>Servicio de Reclamaciones de la Direcci\u00f3n General de Seguros<\/strong>y\u00a0<strong>Fondos de Pensiones<\/strong>\u00a0(DGSFP), al que se puede acudir por diversas v\u00edas, incluida la telem\u00e1tica,\u00a0<a href=\"http:\/\/www.dgsfp.mineco.es\/reclamaciones\/\">a trav\u00e9s de esta web<\/a>.<\/li>\n<\/ul>\n<p>(<em>Para poder acudir a este servicio de la DGSFP, es necesario acreditar que con anterioridad se ha acudido a los mencionados Departamento de Atenci\u00f3n al Cliente o de Reclamaciones o al Defensor del Asegurado de la entidad aseguradora<\/em>).<\/p>\n<p>Todo ello sin dejar de tener presente los instrumentos que nuestra legislaci\u00f3n prev\u00e9 para consolidar la protecci\u00f3n del asegurado ante posibles abusos el asegurador:<\/p>\n<ul>\n<li><strong>Pago del importe m\u00ednimo\u00a0<\/strong>(Art. 18 de la Ley de Contrato de Seguro): el asegurador deber\u00e1 efectuar, dentro de los cuarenta d\u00edas posteriores a la recepci\u00f3n de la declaraci\u00f3n del siniestro, el pago del importe m\u00ednimo de lo que pueda deber, seg\u00fan las circunstancias por \u00e9l conocidas.<\/li>\n<li><strong>Intereses de demora\u00a0<\/strong>(Art. 20 de la Ley de Contrato de Seguro): En caso de\u00a0<strong>demora no justificada<\/strong>por parte del asegurador, pasados los cuarenta d\u00edas citados en el punto anterior respecto del importe m\u00ednimo, o los tres meses desde la producci\u00f3n del siniestro respecto de la prestaci\u00f3n global, se prev\u00e9 el recargo de intereses en esta prestaci\u00f3n a favor del asegurado, el beneficiario o el tercero perjudicado.<\/li>\n<\/ul>\n","protected":false},"excerpt":{"rendered":"<p>Las claves para gestionar una discrepancia con la oferta de indemnizaci\u00f3n planteada por la compa\u00f1\u00eda de seguros\u00a0 JOAN MORALES \/ JORDI PARRILLA Publicado a 3-05-2018&#8230; <a href=\"https:\/\/www.cmalleida.com\/es\/que-pasa-si-no-estoy-de-acuerdo-con-la-valoracion-de-mi-aseguradora-la-vanguardia\/\" rel=\"nofollow\" class=\"lollegirmes\">Llegeix m\u00e9s<\/a><\/p>\n","protected":false},"author":3,"featured_media":1890,"comment_status":"closed","ping_status":"closed","sticky":false,"template":"","format":"standard","meta":{"_acf_changed":false,"_genesis_hide_title":false,"_genesis_hide_breadcrumbs":false,"_genesis_hide_singular_image":false,"_genesis_hide_footer_widgets":false,"_genesis_custom_body_class":"","_genesis_custom_post_class":"","_genesis_layout":"","footnotes":""},"categories":[28,62],"tags":[],"class_list":{"0":"post-2396","1":"post","2":"type-post","3":"status-publish","4":"format-standard","5":"has-post-thumbnail","7":"category-actualidad","8":"category-sinistres-es","9":"entry"},"acf":[],"yoast_head":"<!-- This site is optimized with the Yoast SEO plugin v27.2 - https:\/\/yoast.com\/product\/yoast-seo-wordpress\/ -->\n<title>\u00bfQu\u00e9 pasa si no estoy de acuerdo con la valoraci\u00f3n de mi aseguradora? La Vanguardia - Col\u00b7legi de Mediadors d&#039;Assegurances de Lleida<\/title>\n<meta name=\"robots\" content=\"index, follow, max-snippet:-1, max-image-preview:large, max-video-preview:-1\" \/>\n<link rel=\"canonical\" href=\"https:\/\/www.cmalleida.com\/es\/que-pasa-si-no-estoy-de-acuerdo-con-la-valoracion-de-mi-aseguradora-la-vanguardia\/\" \/>\n<meta property=\"og:locale\" content=\"es_ES\" \/>\n<meta property=\"og:type\" content=\"article\" \/>\n<meta property=\"og:title\" content=\"\u00bfQu\u00e9 pasa si no estoy de acuerdo con la valoraci\u00f3n de mi aseguradora? La Vanguardia - Col\u00b7legi de Mediadors d&#039;Assegurances de Lleida\" \/>\n<meta property=\"og:description\" content=\"Las claves para gestionar una discrepancia con la oferta de indemnizaci\u00f3n planteada por la compa\u00f1\u00eda de seguros\u00a0 JOAN MORALES \/ JORDI PARRILLA Publicado a 3-05-2018... Llegeix m\u00e9s\" \/>\n<meta property=\"og:url\" content=\"https:\/\/www.cmalleida.com\/es\/que-pasa-si-no-estoy-de-acuerdo-con-la-valoracion-de-mi-aseguradora-la-vanguardia\/\" \/>\n<meta property=\"og:site_name\" content=\"Col\u00b7legi de Mediadors d&#039;Assegurances de Lleida\" \/>\n<meta property=\"article:published_time\" content=\"2018-05-09T16:20:25+00:00\" \/>\n<meta property=\"og:image\" content=\"https:\/\/www.cmalleida.com\/wp-content\/uploads\/cmall-lleida-actualitat-runio762.jpg\" \/>\n\t<meta property=\"og:image:width\" content=\"762\" \/>\n\t<meta property=\"og:image:height\" content=\"762\" \/>\n\t<meta property=\"og:image:type\" content=\"image\/jpeg\" \/>\n<meta name=\"author\" content=\"Col\u00b7legi Mediadors\" \/>\n<meta name=\"twitter:card\" content=\"summary_large_image\" \/>\n<meta name=\"twitter:label1\" content=\"Written by\" \/>\n\t<meta name=\"twitter:data1\" content=\"Col\u00b7legi Mediadors\" \/>\n\t<meta name=\"twitter:label2\" content=\"Est. reading time\" \/>\n\t<meta name=\"twitter:data2\" content=\"3 minutos\" \/>\n<script type=\"application\/ld+json\" class=\"yoast-schema-graph\">{\"@context\":\"https:\/\/schema.org\",\"@graph\":[{\"@type\":\"Article\",\"@id\":\"https:\/\/www.cmalleida.com\/es\/que-pasa-si-no-estoy-de-acuerdo-con-la-valoracion-de-mi-aseguradora-la-vanguardia\/#article\",\"isPartOf\":{\"@id\":\"https:\/\/www.cmalleida.com\/es\/que-pasa-si-no-estoy-de-acuerdo-con-la-valoracion-de-mi-aseguradora-la-vanguardia\/\"},\"author\":{\"name\":\"Col\u00b7legi Mediadors\",\"@id\":\"https:\/\/www.cmalleida.com\/es\/#\/schema\/person\/bc84b7874fa5ac8a15c15a050fb3b79c\"},\"headline\":\"\u00bfQu\u00e9 pasa si no estoy de acuerdo con la valoraci\u00f3n de mi aseguradora? La Vanguardia\",\"datePublished\":\"2018-05-09T16:20:25+00:00\",\"mainEntityOfPage\":{\"@id\":\"https:\/\/www.cmalleida.com\/es\/que-pasa-si-no-estoy-de-acuerdo-con-la-valoracion-de-mi-aseguradora-la-vanguardia\/\"},\"wordCount\":682,\"publisher\":{\"@id\":\"https:\/\/www.cmalleida.com\/es\/#organization\"},\"image\":{\"@id\":\"https:\/\/www.cmalleida.com\/es\/que-pasa-si-no-estoy-de-acuerdo-con-la-valoracion-de-mi-aseguradora-la-vanguardia\/#primaryimage\"},\"thumbnailUrl\":\"https:\/\/www.cmalleida.com\/wp-content\/uploads\/cmall-lleida-actualitat-runio762.jpg\",\"articleSection\":[\"Actualidad\",\"Sinistres\"],\"inLanguage\":\"es\"},{\"@type\":\"WebPage\",\"@id\":\"https:\/\/www.cmalleida.com\/es\/que-pasa-si-no-estoy-de-acuerdo-con-la-valoracion-de-mi-aseguradora-la-vanguardia\/\",\"url\":\"https:\/\/www.cmalleida.com\/es\/que-pasa-si-no-estoy-de-acuerdo-con-la-valoracion-de-mi-aseguradora-la-vanguardia\/\",\"name\":\"\u00bfQu\u00e9 pasa si no estoy de acuerdo con la valoraci\u00f3n de mi aseguradora? La Vanguardia - Col\u00b7legi de Mediadors d&#039;Assegurances de Lleida\",\"isPartOf\":{\"@id\":\"https:\/\/www.cmalleida.com\/es\/#website\"},\"primaryImageOfPage\":{\"@id\":\"https:\/\/www.cmalleida.com\/es\/que-pasa-si-no-estoy-de-acuerdo-con-la-valoracion-de-mi-aseguradora-la-vanguardia\/#primaryimage\"},\"image\":{\"@id\":\"https:\/\/www.cmalleida.com\/es\/que-pasa-si-no-estoy-de-acuerdo-con-la-valoracion-de-mi-aseguradora-la-vanguardia\/#primaryimage\"},\"thumbnailUrl\":\"https:\/\/www.cmalleida.com\/wp-content\/uploads\/cmall-lleida-actualitat-runio762.jpg\",\"datePublished\":\"2018-05-09T16:20:25+00:00\",\"breadcrumb\":{\"@id\":\"https:\/\/www.cmalleida.com\/es\/que-pasa-si-no-estoy-de-acuerdo-con-la-valoracion-de-mi-aseguradora-la-vanguardia\/#breadcrumb\"},\"inLanguage\":\"es\",\"potentialAction\":[{\"@type\":\"ReadAction\",\"target\":[\"https:\/\/www.cmalleida.com\/es\/que-pasa-si-no-estoy-de-acuerdo-con-la-valoracion-de-mi-aseguradora-la-vanguardia\/\"]}]},{\"@type\":\"ImageObject\",\"inLanguage\":\"es\",\"@id\":\"https:\/\/www.cmalleida.com\/es\/que-pasa-si-no-estoy-de-acuerdo-con-la-valoracion-de-mi-aseguradora-la-vanguardia\/#primaryimage\",\"url\":\"https:\/\/www.cmalleida.com\/wp-content\/uploads\/cmall-lleida-actualitat-runio762.jpg\",\"contentUrl\":\"https:\/\/www.cmalleida.com\/wp-content\/uploads\/cmall-lleida-actualitat-runio762.jpg\",\"width\":762,\"height\":762,\"caption\":\"cmall-lleida-actualitat-RUNIO762\"},{\"@type\":\"BreadcrumbList\",\"@id\":\"https:\/\/www.cmalleida.com\/es\/que-pasa-si-no-estoy-de-acuerdo-con-la-valoracion-de-mi-aseguradora-la-vanguardia\/#breadcrumb\",\"itemListElement\":[{\"@type\":\"ListItem\",\"position\":1,\"name\":\"Inici\",\"item\":\"https:\/\/www.cmalleida.com\/es\/\"},{\"@type\":\"ListItem\",\"position\":2,\"name\":\"\u00bfQu\u00e9 pasa si no estoy de acuerdo con la valoraci\u00f3n de mi aseguradora? La Vanguardia\"}]},{\"@type\":\"WebSite\",\"@id\":\"https:\/\/www.cmalleida.com\/es\/#website\",\"url\":\"https:\/\/www.cmalleida.com\/es\/\",\"name\":\"Col\u00b7legi de Mediadors d&#039;Assegurances de Lleida\",\"description\":\"Otro sitio realizado con WordPress\",\"publisher\":{\"@id\":\"https:\/\/www.cmalleida.com\/es\/#organization\"},\"potentialAction\":[{\"@type\":\"SearchAction\",\"target\":{\"@type\":\"EntryPoint\",\"urlTemplate\":\"https:\/\/www.cmalleida.com\/es\/?s={search_term_string}\"},\"query-input\":{\"@type\":\"PropertyValueSpecification\",\"valueRequired\":true,\"valueName\":\"search_term_string\"}}],\"inLanguage\":\"es\"},{\"@type\":\"Organization\",\"@id\":\"https:\/\/www.cmalleida.com\/es\/#organization\",\"name\":\"Col\u00b7legi de Mediadors d'Assegurances de Lleida\",\"url\":\"https:\/\/www.cmalleida.com\/es\/\",\"logo\":{\"@type\":\"ImageObject\",\"inLanguage\":\"es\",\"@id\":\"https:\/\/www.cmalleida.com\/es\/#\/schema\/logo\/image\/\",\"url\":\"\",\"contentUrl\":\"\",\"caption\":\"Col\u00b7legi de Mediadors d'Assegurances de Lleida\"},\"image\":{\"@id\":\"https:\/\/www.cmalleida.com\/es\/#\/schema\/logo\/image\/\"}},{\"@type\":\"Person\",\"@id\":\"https:\/\/www.cmalleida.com\/es\/#\/schema\/person\/bc84b7874fa5ac8a15c15a050fb3b79c\",\"name\":\"Col\u00b7legi Mediadors\",\"image\":{\"@type\":\"ImageObject\",\"inLanguage\":\"es\",\"@id\":\"https:\/\/secure.gravatar.com\/avatar\/05a66e0aafde4a91aea6f2c243b0b99b03dac1cca78dc84298f5e7e7ad4dfd33?s=96&d=mm&r=g\",\"url\":\"https:\/\/secure.gravatar.com\/avatar\/05a66e0aafde4a91aea6f2c243b0b99b03dac1cca78dc84298f5e7e7ad4dfd33?s=96&d=mm&r=g\",\"contentUrl\":\"https:\/\/secure.gravatar.com\/avatar\/05a66e0aafde4a91aea6f2c243b0b99b03dac1cca78dc84298f5e7e7ad4dfd33?s=96&d=mm&r=g\",\"caption\":\"Col\u00b7legi Mediadors\"}}]}<\/script>\n<!-- \/ Yoast SEO plugin. -->","yoast_head_json":{"title":"\u00bfQu\u00e9 pasa si no estoy de acuerdo con la valoraci\u00f3n de mi aseguradora? La Vanguardia - Col\u00b7legi de Mediadors d&#039;Assegurances de Lleida","robots":{"index":"index","follow":"follow","max-snippet":"max-snippet:-1","max-image-preview":"max-image-preview:large","max-video-preview":"max-video-preview:-1"},"canonical":"https:\/\/www.cmalleida.com\/es\/que-pasa-si-no-estoy-de-acuerdo-con-la-valoracion-de-mi-aseguradora-la-vanguardia\/","og_locale":"es_ES","og_type":"article","og_title":"\u00bfQu\u00e9 pasa si no estoy de acuerdo con la valoraci\u00f3n de mi aseguradora? La Vanguardia - Col\u00b7legi de Mediadors d&#039;Assegurances de Lleida","og_description":"Las claves para gestionar una discrepancia con la oferta de indemnizaci\u00f3n planteada por la compa\u00f1\u00eda de seguros\u00a0 JOAN MORALES \/ JORDI PARRILLA Publicado a 3-05-2018... Llegeix m\u00e9s","og_url":"https:\/\/www.cmalleida.com\/es\/que-pasa-si-no-estoy-de-acuerdo-con-la-valoracion-de-mi-aseguradora-la-vanguardia\/","og_site_name":"Col\u00b7legi de Mediadors d&#039;Assegurances de Lleida","article_published_time":"2018-05-09T16:20:25+00:00","og_image":[{"width":762,"height":762,"url":"https:\/\/www.cmalleida.com\/wp-content\/uploads\/cmall-lleida-actualitat-runio762.jpg","type":"image\/jpeg"}],"author":"Col\u00b7legi Mediadors","twitter_card":"summary_large_image","twitter_misc":{"Written by":"Col\u00b7legi Mediadors","Est. reading time":"3 minutos"},"schema":{"@context":"https:\/\/schema.org","@graph":[{"@type":"Article","@id":"https:\/\/www.cmalleida.com\/es\/que-pasa-si-no-estoy-de-acuerdo-con-la-valoracion-de-mi-aseguradora-la-vanguardia\/#article","isPartOf":{"@id":"https:\/\/www.cmalleida.com\/es\/que-pasa-si-no-estoy-de-acuerdo-con-la-valoracion-de-mi-aseguradora-la-vanguardia\/"},"author":{"name":"Col\u00b7legi Mediadors","@id":"https:\/\/www.cmalleida.com\/es\/#\/schema\/person\/bc84b7874fa5ac8a15c15a050fb3b79c"},"headline":"\u00bfQu\u00e9 pasa si no estoy de acuerdo con la valoraci\u00f3n de mi aseguradora? La Vanguardia","datePublished":"2018-05-09T16:20:25+00:00","mainEntityOfPage":{"@id":"https:\/\/www.cmalleida.com\/es\/que-pasa-si-no-estoy-de-acuerdo-con-la-valoracion-de-mi-aseguradora-la-vanguardia\/"},"wordCount":682,"publisher":{"@id":"https:\/\/www.cmalleida.com\/es\/#organization"},"image":{"@id":"https:\/\/www.cmalleida.com\/es\/que-pasa-si-no-estoy-de-acuerdo-con-la-valoracion-de-mi-aseguradora-la-vanguardia\/#primaryimage"},"thumbnailUrl":"https:\/\/www.cmalleida.com\/wp-content\/uploads\/cmall-lleida-actualitat-runio762.jpg","articleSection":["Actualidad","Sinistres"],"inLanguage":"es"},{"@type":"WebPage","@id":"https:\/\/www.cmalleida.com\/es\/que-pasa-si-no-estoy-de-acuerdo-con-la-valoracion-de-mi-aseguradora-la-vanguardia\/","url":"https:\/\/www.cmalleida.com\/es\/que-pasa-si-no-estoy-de-acuerdo-con-la-valoracion-de-mi-aseguradora-la-vanguardia\/","name":"\u00bfQu\u00e9 pasa si no estoy de acuerdo con la valoraci\u00f3n de mi aseguradora? La Vanguardia - Col\u00b7legi de Mediadors d&#039;Assegurances de Lleida","isPartOf":{"@id":"https:\/\/www.cmalleida.com\/es\/#website"},"primaryImageOfPage":{"@id":"https:\/\/www.cmalleida.com\/es\/que-pasa-si-no-estoy-de-acuerdo-con-la-valoracion-de-mi-aseguradora-la-vanguardia\/#primaryimage"},"image":{"@id":"https:\/\/www.cmalleida.com\/es\/que-pasa-si-no-estoy-de-acuerdo-con-la-valoracion-de-mi-aseguradora-la-vanguardia\/#primaryimage"},"thumbnailUrl":"https:\/\/www.cmalleida.com\/wp-content\/uploads\/cmall-lleida-actualitat-runio762.jpg","datePublished":"2018-05-09T16:20:25+00:00","breadcrumb":{"@id":"https:\/\/www.cmalleida.com\/es\/que-pasa-si-no-estoy-de-acuerdo-con-la-valoracion-de-mi-aseguradora-la-vanguardia\/#breadcrumb"},"inLanguage":"es","potentialAction":[{"@type":"ReadAction","target":["https:\/\/www.cmalleida.com\/es\/que-pasa-si-no-estoy-de-acuerdo-con-la-valoracion-de-mi-aseguradora-la-vanguardia\/"]}]},{"@type":"ImageObject","inLanguage":"es","@id":"https:\/\/www.cmalleida.com\/es\/que-pasa-si-no-estoy-de-acuerdo-con-la-valoracion-de-mi-aseguradora-la-vanguardia\/#primaryimage","url":"https:\/\/www.cmalleida.com\/wp-content\/uploads\/cmall-lleida-actualitat-runio762.jpg","contentUrl":"https:\/\/www.cmalleida.com\/wp-content\/uploads\/cmall-lleida-actualitat-runio762.jpg","width":762,"height":762,"caption":"cmall-lleida-actualitat-RUNIO762"},{"@type":"BreadcrumbList","@id":"https:\/\/www.cmalleida.com\/es\/que-pasa-si-no-estoy-de-acuerdo-con-la-valoracion-de-mi-aseguradora-la-vanguardia\/#breadcrumb","itemListElement":[{"@type":"ListItem","position":1,"name":"Inici","item":"https:\/\/www.cmalleida.com\/es\/"},{"@type":"ListItem","position":2,"name":"\u00bfQu\u00e9 pasa si no estoy de acuerdo con la valoraci\u00f3n de mi aseguradora? La Vanguardia"}]},{"@type":"WebSite","@id":"https:\/\/www.cmalleida.com\/es\/#website","url":"https:\/\/www.cmalleida.com\/es\/","name":"Col\u00b7legi de Mediadors d&#039;Assegurances de Lleida","description":"Otro sitio realizado con WordPress","publisher":{"@id":"https:\/\/www.cmalleida.com\/es\/#organization"},"potentialAction":[{"@type":"SearchAction","target":{"@type":"EntryPoint","urlTemplate":"https:\/\/www.cmalleida.com\/es\/?s={search_term_string}"},"query-input":{"@type":"PropertyValueSpecification","valueRequired":true,"valueName":"search_term_string"}}],"inLanguage":"es"},{"@type":"Organization","@id":"https:\/\/www.cmalleida.com\/es\/#organization","name":"Col\u00b7legi de Mediadors d'Assegurances de Lleida","url":"https:\/\/www.cmalleida.com\/es\/","logo":{"@type":"ImageObject","inLanguage":"es","@id":"https:\/\/www.cmalleida.com\/es\/#\/schema\/logo\/image\/","url":"","contentUrl":"","caption":"Col\u00b7legi de Mediadors d'Assegurances de Lleida"},"image":{"@id":"https:\/\/www.cmalleida.com\/es\/#\/schema\/logo\/image\/"}},{"@type":"Person","@id":"https:\/\/www.cmalleida.com\/es\/#\/schema\/person\/bc84b7874fa5ac8a15c15a050fb3b79c","name":"Col\u00b7legi Mediadors","image":{"@type":"ImageObject","inLanguage":"es","@id":"https:\/\/secure.gravatar.com\/avatar\/05a66e0aafde4a91aea6f2c243b0b99b03dac1cca78dc84298f5e7e7ad4dfd33?s=96&d=mm&r=g","url":"https:\/\/secure.gravatar.com\/avatar\/05a66e0aafde4a91aea6f2c243b0b99b03dac1cca78dc84298f5e7e7ad4dfd33?s=96&d=mm&r=g","contentUrl":"https:\/\/secure.gravatar.com\/avatar\/05a66e0aafde4a91aea6f2c243b0b99b03dac1cca78dc84298f5e7e7ad4dfd33?s=96&d=mm&r=g","caption":"Col\u00b7legi Mediadors"}}]}},"_links":{"self":[{"href":"https:\/\/www.cmalleida.com\/es\/wp-json\/wp\/v2\/posts\/2396","targetHints":{"allow":["GET"]}}],"collection":[{"href":"https:\/\/www.cmalleida.com\/es\/wp-json\/wp\/v2\/posts"}],"about":[{"href":"https:\/\/www.cmalleida.com\/es\/wp-json\/wp\/v2\/types\/post"}],"author":[{"embeddable":true,"href":"https:\/\/www.cmalleida.com\/es\/wp-json\/wp\/v2\/users\/3"}],"replies":[{"embeddable":true,"href":"https:\/\/www.cmalleida.com\/es\/wp-json\/wp\/v2\/comments?post=2396"}],"version-history":[{"count":1,"href":"https:\/\/www.cmalleida.com\/es\/wp-json\/wp\/v2\/posts\/2396\/revisions"}],"predecessor-version":[{"id":2397,"href":"https:\/\/www.cmalleida.com\/es\/wp-json\/wp\/v2\/posts\/2396\/revisions\/2397"}],"wp:featuredmedia":[{"embeddable":true,"href":"https:\/\/www.cmalleida.com\/es\/wp-json\/wp\/v2\/media\/1890"}],"wp:attachment":[{"href":"https:\/\/www.cmalleida.com\/es\/wp-json\/wp\/v2\/media?parent=2396"}],"wp:term":[{"taxonomy":"category","embeddable":true,"href":"https:\/\/www.cmalleida.com\/es\/wp-json\/wp\/v2\/categories?post=2396"},{"taxonomy":"post_tag","embeddable":true,"href":"https:\/\/www.cmalleida.com\/es\/wp-json\/wp\/v2\/tags?post=2396"}],"curies":[{"name":"wp","href":"https:\/\/api.w.org\/{rel}","templated":true}]}}