{"id":2394,"date":"2018-05-09T18:19:27","date_gmt":"2018-05-09T16:19:27","guid":{"rendered":"https:\/\/www.cmalleida.com\/?p=2394"},"modified":"2018-05-09T18:19:27","modified_gmt":"2018-05-09T16:19:27","slug":"hay-seguros-obligatorios-la-vanguardia","status":"publish","type":"post","link":"https:\/\/www.cmalleida.com\/es\/hay-seguros-obligatorios-la-vanguardia\/","title":{"rendered":"\u00bfHay seguros obligatorios? La Vanguardia"},"content":{"rendered":"<p><em>Desde 2016 existe un registro p\u00fablico en el que se informa de que actividades est\u00e1n sujetas a la contrataci\u00f3n obligatoria de un seguro<\/em><\/p>\n<p>JOAN MORALES Publicado a 30-04-2018 6:47<\/p>\n<p>Esta es una pregunta que f\u00e1cilmente puede hacerse cualquier persona que est\u00e1 proyectando o valorando la posibilidad de iniciar una actividad en nuestro pa\u00eds. Incluso en el \u00e1mbito del ocio. Porque lo cierto es que, en aras a la protecci\u00f3n de consumidores y usuarios y de la ciudadan\u00eda en general, nuestros legisladores y administraciones, han venido estableciendo\u00a0<strong>la obligaci\u00f3n de contratar un seguro de car\u00e1cter obligatorio para poder llevar a cabo multitud de actividades<\/strong>.<\/p>\n<p>Todos conocemos el seguro \u201cobligatorio de autom\u00f3viles\u201d y quiz\u00e1s alg\u00fan\u00a0 otro en funci\u00f3n de nuestras actividades profesionales o particulares. Incluso asistimos a debates en los medios sobre si las bicis deber\u00edan tener seguro obligatorio o no. Pero,\u00a0<strong>\u00bfcu\u00e1ntos y cu\u00e1les son los seguros obligatorios en nuestro pa\u00eds? \u00a0La respuesta es: muchos<\/strong>. Afortunadamente, desde 2016 tenemos una fuente a la que acudir, el Registro de Seguros Obligatorios.<\/p>\n<h3><strong>El Registro de Seguros Obligatorios<\/strong><\/h3>\n<p>Desde 2016, el\u00a0<strong>Consorcio de Compensaci\u00f3n de Seguros<\/strong>, ha venido desarrollando este Registro, en cumplimiento de la Resoluci\u00f3n del 18-12-2015 de la Direcci\u00f3n General de Seguros y Fondos de Pensiones. Este Registro p\u00fablico de car\u00e1cter informativo permite a cualquier usuario conocer si una determinada actividad est\u00e1 sujeta a la contrataci\u00f3n obligatoria de alg\u00fan seguro. Podemos acceder al\u00a0<strong>Registro de Seguros Obligatorios<\/strong>\u00a0mediante\u00a0<a href=\"https:\/\/www.consorseguros.es\/web\/registro-seguros-obligatorios\">este enlace<\/a>.<\/p>\n<p>Uno de los modos m\u00e1s pr\u00e1cticos para realizar la b\u00fasqueda en este Registro es mediante la introducci\u00f3n del C\u00f3digo CNAE (<strong>Clasificaci\u00f3n Nacional de Actividades Econ\u00f3micas<\/strong>) de la misma. Si lo desconocemos, podemos buscar el c\u00f3digo CNAE de la actividad que nos interesa\u00a0<a href=\"http:\/\/www.codigoscnae.es\/buscar_cnae\">en este enlace.<\/a><\/p>\n<p>El Registro de Seguros Obligatorios nos informar\u00e1 de cualquier seguro de contrataci\u00f3n obligatoria, tanto de\u00a0<strong>\u00e1mbito estatal<\/strong>, como\u00a0<strong>auton\u00f3mico<\/strong>, relacionado con una determinada actividad. Este Registro nos informa no solo de los seguros de Responsabilidad Civil, sino tambi\u00e9n de los de otros ramos como los de cauci\u00f3n o los de accidentes personales.<\/p>\n<p><strong>El Registro se mantiene actualizado con la informaci\u00f3n que la administraci\u00f3n estatal y auton\u00f3mica<\/strong>\u00a0facilita al Consorcio en cumplimiento de la normativa citada.<\/p>\n<p>Obtenida la informaci\u00f3n, podemos preguntarnos si cumpliendo con la normativa establecida para nuestra actividad es suficiente.<\/p>\n<h3><strong>Obligaci\u00f3n y necesidad<\/strong><\/h3>\n<p>Entonces,<strong>\u00a0\u00bfsi no hay seguro obligatorio, me quedo tranquilo? Claro que no<\/strong>. Que no exista un seguro de contrataci\u00f3n obligatoria, no significa de ning\u00fan modo que no sea muy recomendable, cuando no imprescindible contratar un seguro de Responsabilidad Civil. \u00a0La inexistencia de la obligaci\u00f3n de contratar un seguro no nos exime de responsabilidad, si finalmente causamos unos da\u00f1os a las personas o sus bienes.<\/p>\n<p>Mientras se decide si se establece o no un seguro obligatorio de responsabilidad civil para los ciclistas, \u00bfpodemos salir tranquilos en bici sin un seguro que responda ante las reclamaciones por los da\u00f1os que podemos causar montando en bici? Lo conveniente es comprobar\u00a0<a href=\"https:\/\/seguros.lavanguardia.com\/2018\/04\/19\/es-probable-que-tengas-un-seguro-para-tu-bici-y-no-lo-sepas\/\">si tenemos cobertura desde nuestro seguro del hogar<\/a>, probablemente s\u00ed, o buscar una soluci\u00f3n aseguradora. Algo que nos resultar\u00e1\u00a0 ser\u00e1 y poco costoso.<\/p>\n<h3><strong>\u00bfEs suficiente?<\/strong><\/h3>\n<p>No necesariamente. Cumplir con la Ley es lo m\u00ednimo que podemos exigirnos como ciudadanos.\u00a0<strong>Pero nuestras responsabilidades pueden ir mucho m\u00e1s all\u00e1<\/strong>.<\/p>\n<p>Tener contratado un seguro de Responsabilidad Civil seg\u00fan la normativa que nos obliga a ello no es garant\u00eda absoluta de gozar de una cobertura suficiente. Es preciso analizar cu\u00e1les son los\u00a0<strong>capitales asegurados<\/strong>\u00a0y el\u00a0<strong>\u00e1mbito de cobertura<\/strong>\u00a0en cumplimiento de lo legislado y ver si son razonablemente suficientes, o si consideramos que deber\u00edamos complementarlos con la contrataci\u00f3n voluntaria de un seguro que cubra unos capitales o \u00e1mbitos superiores, m\u00e1s acordes con las necesidades que hemos detectado.<\/p>\n<p>Un ejemplo paradigm\u00e1tico es el seguro obligatorio del cazador: Solo cubre los da\u00f1os personales (no los materiales) por un importe de m\u00e1ximo 90.151 \u20ac por v\u00edctima. Es evidente la necesidad de ampliar el importe y el \u00e1mbito de la cobertura obligatoria, como de hecho proponen las ofertas aseguradoras de nuestro mercado. Sirva como ejemplo de la necesidad de asesorarse respecto de una cobertura que sea razonablemente suficiente.<\/p>\n","protected":false},"excerpt":{"rendered":"<p>Desde 2016 existe un registro p\u00fablico en el que se informa de que actividades est\u00e1n sujetas a la contrataci\u00f3n obligatoria de un seguro JOAN MORALES&#8230; <a href=\"https:\/\/www.cmalleida.com\/es\/hay-seguros-obligatorios-la-vanguardia\/\" rel=\"nofollow\" class=\"lollegirmes\">Llegeix m\u00e9s<\/a><\/p>\n","protected":false},"author":3,"featured_media":1847,"comment_status":"closed","ping_status":"closed","sticky":false,"template":"","format":"standard","meta":{"_acf_changed":false,"_genesis_hide_title":false,"_genesis_hide_breadcrumbs":false,"_genesis_hide_singular_image":false,"_genesis_hide_footer_widgets":false,"_genesis_custom_body_class":"","_genesis_custom_post_class":"","_genesis_layout":"","footnotes":""},"categories":[28],"tags":[],"class_list":{"0":"post-2394","1":"post","2":"type-post","3":"status-publish","4":"format-standard","5":"has-post-thumbnail","7":"category-actualidad","8":"entry"},"acf":[],"yoast_head":"<!-- This site is optimized with the Yoast SEO plugin v27.2 - https:\/\/yoast.com\/product\/yoast-seo-wordpress\/ -->\n<title>\u00bfHay seguros obligatorios? La Vanguardia - Col\u00b7legi de Mediadors d&#039;Assegurances de Lleida<\/title>\n<meta name=\"robots\" content=\"index, follow, max-snippet:-1, max-image-preview:large, max-video-preview:-1\" \/>\n<link rel=\"canonical\" href=\"https:\/\/www.cmalleida.com\/es\/hay-seguros-obligatorios-la-vanguardia\/\" \/>\n<meta property=\"og:locale\" content=\"es_ES\" \/>\n<meta property=\"og:type\" content=\"article\" \/>\n<meta property=\"og:title\" content=\"\u00bfHay seguros obligatorios? La Vanguardia - Col\u00b7legi de Mediadors d&#039;Assegurances de Lleida\" \/>\n<meta property=\"og:description\" content=\"Desde 2016 existe un registro p\u00fablico en el que se informa de que actividades est\u00e1n sujetas a la contrataci\u00f3n obligatoria de un seguro JOAN MORALES... Llegeix m\u00e9s\" \/>\n<meta property=\"og:url\" content=\"https:\/\/www.cmalleida.com\/es\/hay-seguros-obligatorios-la-vanguardia\/\" \/>\n<meta property=\"og:site_name\" content=\"Col\u00b7legi de Mediadors d&#039;Assegurances de Lleida\" \/>\n<meta property=\"article:published_time\" content=\"2018-05-09T16:19:27+00:00\" \/>\n<meta property=\"og:image\" content=\"https:\/\/www.cmalleida.com\/wp-content\/uploads\/cmall-lleida-treballadors762.jpg\" \/>\n\t<meta property=\"og:image:width\" content=\"762\" \/>\n\t<meta property=\"og:image:height\" content=\"762\" \/>\n\t<meta property=\"og:image:type\" content=\"image\/jpeg\" \/>\n<meta name=\"author\" content=\"Col\u00b7legi Mediadors\" \/>\n<meta name=\"twitter:card\" content=\"summary_large_image\" \/>\n<meta name=\"twitter:label1\" content=\"Written by\" \/>\n\t<meta name=\"twitter:data1\" content=\"Col\u00b7legi Mediadors\" \/>\n\t<meta name=\"twitter:label2\" content=\"Est. reading time\" \/>\n\t<meta name=\"twitter:data2\" content=\"4 minutos\" \/>\n<script type=\"application\/ld+json\" class=\"yoast-schema-graph\">{\"@context\":\"https:\/\/schema.org\",\"@graph\":[{\"@type\":\"Article\",\"@id\":\"https:\/\/www.cmalleida.com\/es\/hay-seguros-obligatorios-la-vanguardia\/#article\",\"isPartOf\":{\"@id\":\"https:\/\/www.cmalleida.com\/es\/hay-seguros-obligatorios-la-vanguardia\/\"},\"author\":{\"name\":\"Col\u00b7legi Mediadors\",\"@id\":\"https:\/\/www.cmalleida.com\/es\/#\/schema\/person\/bc84b7874fa5ac8a15c15a050fb3b79c\"},\"headline\":\"\u00bfHay seguros obligatorios? La Vanguardia\",\"datePublished\":\"2018-05-09T16:19:27+00:00\",\"mainEntityOfPage\":{\"@id\":\"https:\/\/www.cmalleida.com\/es\/hay-seguros-obligatorios-la-vanguardia\/\"},\"wordCount\":735,\"publisher\":{\"@id\":\"https:\/\/www.cmalleida.com\/es\/#organization\"},\"image\":{\"@id\":\"https:\/\/www.cmalleida.com\/es\/hay-seguros-obligatorios-la-vanguardia\/#primaryimage\"},\"thumbnailUrl\":\"https:\/\/www.cmalleida.com\/wp-content\/uploads\/cmall-lleida-treballadors762.jpg\",\"articleSection\":[\"Actualidad\"],\"inLanguage\":\"es\"},{\"@type\":\"WebPage\",\"@id\":\"https:\/\/www.cmalleida.com\/es\/hay-seguros-obligatorios-la-vanguardia\/\",\"url\":\"https:\/\/www.cmalleida.com\/es\/hay-seguros-obligatorios-la-vanguardia\/\",\"name\":\"\u00bfHay seguros obligatorios? La Vanguardia - Col\u00b7legi de Mediadors d&#039;Assegurances de Lleida\",\"isPartOf\":{\"@id\":\"https:\/\/www.cmalleida.com\/es\/#website\"},\"primaryImageOfPage\":{\"@id\":\"https:\/\/www.cmalleida.com\/es\/hay-seguros-obligatorios-la-vanguardia\/#primaryimage\"},\"image\":{\"@id\":\"https:\/\/www.cmalleida.com\/es\/hay-seguros-obligatorios-la-vanguardia\/#primaryimage\"},\"thumbnailUrl\":\"https:\/\/www.cmalleida.com\/wp-content\/uploads\/cmall-lleida-treballadors762.jpg\",\"datePublished\":\"2018-05-09T16:19:27+00:00\",\"breadcrumb\":{\"@id\":\"https:\/\/www.cmalleida.com\/es\/hay-seguros-obligatorios-la-vanguardia\/#breadcrumb\"},\"inLanguage\":\"es\",\"potentialAction\":[{\"@type\":\"ReadAction\",\"target\":[\"https:\/\/www.cmalleida.com\/es\/hay-seguros-obligatorios-la-vanguardia\/\"]}]},{\"@type\":\"ImageObject\",\"inLanguage\":\"es\",\"@id\":\"https:\/\/www.cmalleida.com\/es\/hay-seguros-obligatorios-la-vanguardia\/#primaryimage\",\"url\":\"https:\/\/www.cmalleida.com\/wp-content\/uploads\/cmall-lleida-treballadors762.jpg\",\"contentUrl\":\"https:\/\/www.cmalleida.com\/wp-content\/uploads\/cmall-lleida-treballadors762.jpg\",\"width\":762,\"height\":762,\"caption\":\"cmall-lleida-treballadors762\"},{\"@type\":\"BreadcrumbList\",\"@id\":\"https:\/\/www.cmalleida.com\/es\/hay-seguros-obligatorios-la-vanguardia\/#breadcrumb\",\"itemListElement\":[{\"@type\":\"ListItem\",\"position\":1,\"name\":\"Inici\",\"item\":\"https:\/\/www.cmalleida.com\/es\/\"},{\"@type\":\"ListItem\",\"position\":2,\"name\":\"\u00bfHay seguros obligatorios? La Vanguardia\"}]},{\"@type\":\"WebSite\",\"@id\":\"https:\/\/www.cmalleida.com\/es\/#website\",\"url\":\"https:\/\/www.cmalleida.com\/es\/\",\"name\":\"Col\u00b7legi de Mediadors d&#039;Assegurances de Lleida\",\"description\":\"Otro sitio realizado con WordPress\",\"publisher\":{\"@id\":\"https:\/\/www.cmalleida.com\/es\/#organization\"},\"potentialAction\":[{\"@type\":\"SearchAction\",\"target\":{\"@type\":\"EntryPoint\",\"urlTemplate\":\"https:\/\/www.cmalleida.com\/es\/?s={search_term_string}\"},\"query-input\":{\"@type\":\"PropertyValueSpecification\",\"valueRequired\":true,\"valueName\":\"search_term_string\"}}],\"inLanguage\":\"es\"},{\"@type\":\"Organization\",\"@id\":\"https:\/\/www.cmalleida.com\/es\/#organization\",\"name\":\"Col\u00b7legi de Mediadors d'Assegurances de Lleida\",\"url\":\"https:\/\/www.cmalleida.com\/es\/\",\"logo\":{\"@type\":\"ImageObject\",\"inLanguage\":\"es\",\"@id\":\"https:\/\/www.cmalleida.com\/es\/#\/schema\/logo\/image\/\",\"url\":\"\",\"contentUrl\":\"\",\"caption\":\"Col\u00b7legi de Mediadors d'Assegurances de Lleida\"},\"image\":{\"@id\":\"https:\/\/www.cmalleida.com\/es\/#\/schema\/logo\/image\/\"}},{\"@type\":\"Person\",\"@id\":\"https:\/\/www.cmalleida.com\/es\/#\/schema\/person\/bc84b7874fa5ac8a15c15a050fb3b79c\",\"name\":\"Col\u00b7legi Mediadors\",\"image\":{\"@type\":\"ImageObject\",\"inLanguage\":\"es\",\"@id\":\"https:\/\/secure.gravatar.com\/avatar\/05a66e0aafde4a91aea6f2c243b0b99b03dac1cca78dc84298f5e7e7ad4dfd33?s=96&d=mm&r=g\",\"url\":\"https:\/\/secure.gravatar.com\/avatar\/05a66e0aafde4a91aea6f2c243b0b99b03dac1cca78dc84298f5e7e7ad4dfd33?s=96&d=mm&r=g\",\"contentUrl\":\"https:\/\/secure.gravatar.com\/avatar\/05a66e0aafde4a91aea6f2c243b0b99b03dac1cca78dc84298f5e7e7ad4dfd33?s=96&d=mm&r=g\",\"caption\":\"Col\u00b7legi Mediadors\"}}]}<\/script>\n<!-- \/ Yoast SEO plugin. -->","yoast_head_json":{"title":"\u00bfHay seguros obligatorios? La Vanguardia - Col\u00b7legi de Mediadors d&#039;Assegurances de Lleida","robots":{"index":"index","follow":"follow","max-snippet":"max-snippet:-1","max-image-preview":"max-image-preview:large","max-video-preview":"max-video-preview:-1"},"canonical":"https:\/\/www.cmalleida.com\/es\/hay-seguros-obligatorios-la-vanguardia\/","og_locale":"es_ES","og_type":"article","og_title":"\u00bfHay seguros obligatorios? La Vanguardia - Col\u00b7legi de Mediadors d&#039;Assegurances de Lleida","og_description":"Desde 2016 existe un registro p\u00fablico en el que se informa de que actividades est\u00e1n sujetas a la contrataci\u00f3n obligatoria de un seguro JOAN MORALES... Llegeix m\u00e9s","og_url":"https:\/\/www.cmalleida.com\/es\/hay-seguros-obligatorios-la-vanguardia\/","og_site_name":"Col\u00b7legi de Mediadors d&#039;Assegurances de Lleida","article_published_time":"2018-05-09T16:19:27+00:00","og_image":[{"width":762,"height":762,"url":"https:\/\/www.cmalleida.com\/wp-content\/uploads\/cmall-lleida-treballadors762.jpg","type":"image\/jpeg"}],"author":"Col\u00b7legi Mediadors","twitter_card":"summary_large_image","twitter_misc":{"Written by":"Col\u00b7legi Mediadors","Est. reading time":"4 minutos"},"schema":{"@context":"https:\/\/schema.org","@graph":[{"@type":"Article","@id":"https:\/\/www.cmalleida.com\/es\/hay-seguros-obligatorios-la-vanguardia\/#article","isPartOf":{"@id":"https:\/\/www.cmalleida.com\/es\/hay-seguros-obligatorios-la-vanguardia\/"},"author":{"name":"Col\u00b7legi Mediadors","@id":"https:\/\/www.cmalleida.com\/es\/#\/schema\/person\/bc84b7874fa5ac8a15c15a050fb3b79c"},"headline":"\u00bfHay seguros obligatorios? La Vanguardia","datePublished":"2018-05-09T16:19:27+00:00","mainEntityOfPage":{"@id":"https:\/\/www.cmalleida.com\/es\/hay-seguros-obligatorios-la-vanguardia\/"},"wordCount":735,"publisher":{"@id":"https:\/\/www.cmalleida.com\/es\/#organization"},"image":{"@id":"https:\/\/www.cmalleida.com\/es\/hay-seguros-obligatorios-la-vanguardia\/#primaryimage"},"thumbnailUrl":"https:\/\/www.cmalleida.com\/wp-content\/uploads\/cmall-lleida-treballadors762.jpg","articleSection":["Actualidad"],"inLanguage":"es"},{"@type":"WebPage","@id":"https:\/\/www.cmalleida.com\/es\/hay-seguros-obligatorios-la-vanguardia\/","url":"https:\/\/www.cmalleida.com\/es\/hay-seguros-obligatorios-la-vanguardia\/","name":"\u00bfHay seguros obligatorios? La Vanguardia - Col\u00b7legi de Mediadors d&#039;Assegurances de Lleida","isPartOf":{"@id":"https:\/\/www.cmalleida.com\/es\/#website"},"primaryImageOfPage":{"@id":"https:\/\/www.cmalleida.com\/es\/hay-seguros-obligatorios-la-vanguardia\/#primaryimage"},"image":{"@id":"https:\/\/www.cmalleida.com\/es\/hay-seguros-obligatorios-la-vanguardia\/#primaryimage"},"thumbnailUrl":"https:\/\/www.cmalleida.com\/wp-content\/uploads\/cmall-lleida-treballadors762.jpg","datePublished":"2018-05-09T16:19:27+00:00","breadcrumb":{"@id":"https:\/\/www.cmalleida.com\/es\/hay-seguros-obligatorios-la-vanguardia\/#breadcrumb"},"inLanguage":"es","potentialAction":[{"@type":"ReadAction","target":["https:\/\/www.cmalleida.com\/es\/hay-seguros-obligatorios-la-vanguardia\/"]}]},{"@type":"ImageObject","inLanguage":"es","@id":"https:\/\/www.cmalleida.com\/es\/hay-seguros-obligatorios-la-vanguardia\/#primaryimage","url":"https:\/\/www.cmalleida.com\/wp-content\/uploads\/cmall-lleida-treballadors762.jpg","contentUrl":"https:\/\/www.cmalleida.com\/wp-content\/uploads\/cmall-lleida-treballadors762.jpg","width":762,"height":762,"caption":"cmall-lleida-treballadors762"},{"@type":"BreadcrumbList","@id":"https:\/\/www.cmalleida.com\/es\/hay-seguros-obligatorios-la-vanguardia\/#breadcrumb","itemListElement":[{"@type":"ListItem","position":1,"name":"Inici","item":"https:\/\/www.cmalleida.com\/es\/"},{"@type":"ListItem","position":2,"name":"\u00bfHay seguros obligatorios? La Vanguardia"}]},{"@type":"WebSite","@id":"https:\/\/www.cmalleida.com\/es\/#website","url":"https:\/\/www.cmalleida.com\/es\/","name":"Col\u00b7legi de Mediadors d&#039;Assegurances de Lleida","description":"Otro sitio realizado con WordPress","publisher":{"@id":"https:\/\/www.cmalleida.com\/es\/#organization"},"potentialAction":[{"@type":"SearchAction","target":{"@type":"EntryPoint","urlTemplate":"https:\/\/www.cmalleida.com\/es\/?s={search_term_string}"},"query-input":{"@type":"PropertyValueSpecification","valueRequired":true,"valueName":"search_term_string"}}],"inLanguage":"es"},{"@type":"Organization","@id":"https:\/\/www.cmalleida.com\/es\/#organization","name":"Col\u00b7legi de Mediadors d'Assegurances de Lleida","url":"https:\/\/www.cmalleida.com\/es\/","logo":{"@type":"ImageObject","inLanguage":"es","@id":"https:\/\/www.cmalleida.com\/es\/#\/schema\/logo\/image\/","url":"","contentUrl":"","caption":"Col\u00b7legi de Mediadors d'Assegurances de Lleida"},"image":{"@id":"https:\/\/www.cmalleida.com\/es\/#\/schema\/logo\/image\/"}},{"@type":"Person","@id":"https:\/\/www.cmalleida.com\/es\/#\/schema\/person\/bc84b7874fa5ac8a15c15a050fb3b79c","name":"Col\u00b7legi Mediadors","image":{"@type":"ImageObject","inLanguage":"es","@id":"https:\/\/secure.gravatar.com\/avatar\/05a66e0aafde4a91aea6f2c243b0b99b03dac1cca78dc84298f5e7e7ad4dfd33?s=96&d=mm&r=g","url":"https:\/\/secure.gravatar.com\/avatar\/05a66e0aafde4a91aea6f2c243b0b99b03dac1cca78dc84298f5e7e7ad4dfd33?s=96&d=mm&r=g","contentUrl":"https:\/\/secure.gravatar.com\/avatar\/05a66e0aafde4a91aea6f2c243b0b99b03dac1cca78dc84298f5e7e7ad4dfd33?s=96&d=mm&r=g","caption":"Col\u00b7legi Mediadors"}}]}},"_links":{"self":[{"href":"https:\/\/www.cmalleida.com\/es\/wp-json\/wp\/v2\/posts\/2394","targetHints":{"allow":["GET"]}}],"collection":[{"href":"https:\/\/www.cmalleida.com\/es\/wp-json\/wp\/v2\/posts"}],"about":[{"href":"https:\/\/www.cmalleida.com\/es\/wp-json\/wp\/v2\/types\/post"}],"author":[{"embeddable":true,"href":"https:\/\/www.cmalleida.com\/es\/wp-json\/wp\/v2\/users\/3"}],"replies":[{"embeddable":true,"href":"https:\/\/www.cmalleida.com\/es\/wp-json\/wp\/v2\/comments?post=2394"}],"version-history":[{"count":1,"href":"https:\/\/www.cmalleida.com\/es\/wp-json\/wp\/v2\/posts\/2394\/revisions"}],"predecessor-version":[{"id":2395,"href":"https:\/\/www.cmalleida.com\/es\/wp-json\/wp\/v2\/posts\/2394\/revisions\/2395"}],"wp:featuredmedia":[{"embeddable":true,"href":"https:\/\/www.cmalleida.com\/es\/wp-json\/wp\/v2\/media\/1847"}],"wp:attachment":[{"href":"https:\/\/www.cmalleida.com\/es\/wp-json\/wp\/v2\/media?parent=2394"}],"wp:term":[{"taxonomy":"category","embeddable":true,"href":"https:\/\/www.cmalleida.com\/es\/wp-json\/wp\/v2\/categories?post=2394"},{"taxonomy":"post_tag","embeddable":true,"href":"https:\/\/www.cmalleida.com\/es\/wp-json\/wp\/v2\/tags?post=2394"}],"curies":[{"name":"wp","href":"https:\/\/api.w.org\/{rel}","templated":true}]}}