{"id":2392,"date":"2018-05-09T18:17:43","date_gmt":"2018-05-09T16:17:43","guid":{"rendered":"https:\/\/www.cmalleida.com\/?p=2392"},"modified":"2018-05-09T18:17:43","modified_gmt":"2018-05-09T16:17:43","slug":"como-se-perita-un-vehiculo-siniestrado-abc","status":"publish","type":"post","link":"https:\/\/www.cmalleida.com\/es\/como-se-perita-un-vehiculo-siniestrado-abc\/","title":{"rendered":"\u00bfC\u00f3mo se perita un veh\u00edculo siniestrado? (ABC)"},"content":{"rendered":"<p>Desde GT Motive nos explican el proceso paso a paso<\/p>\n<p>Madrid Actualizado:04\/05\/2018 02:03h<\/p>\n<p>Cuando se\u00a0<a href=\"http:\/\/www.abc.es\/motor\/reportajes\/abci-reclaman-danos-causados-coche-granizo-y-tormenta-201708282218_noticia.html\">sufre un siniestro con un veh\u00edculo<\/a>, comienzan una serie de procesos bastante engorrosos. Uno de los de mayor complejidad, as\u00ed como de una gran precisi\u00f3n, es la peritaci\u00f3n de dicho veh\u00edculo, sobre todo, para\u00a0<strong>determinar los da\u00f1os y las piezas a sustituir y\/o reparar<\/strong>, adem\u00e1s de proponer el importe de indemnizaci\u00f3n. Este proceso lo lleva a cabo un perito, siempre con la ayuda del taller y la compa\u00f1\u00eda aseguradora, para aportar la mejor soluci\u00f3n. Desde la web de\u00a0<a href=\"http:\/\/gtmotive.com\/\">GT Motive<\/a>, nos explican\u00a0<strong>c\u00f3mo se efect\u00faa<\/strong>\u00a0el peritaje de un coche tras un siniestro, paso a paso:<\/p>\n<p>&#8211;<strong>Preparaci\u00f3n de herramientas de diagn\u00f3stico<\/strong>: Para poder realizar la peritaci\u00f3n veh\u00edculo y valorar los da\u00f1os de las diferentes partes, el perito ha de servirse de una serie de herramientas como el equipo de diagn\u00f3stico de alineaci\u00f3n y suspensi\u00f3n o un medidor de espesores de pintura o de fugas de cilindros, entre muchos otros, para comprobar el estado del coche.<\/p>\n<p>&#8211;<strong>Reportaje fotogr\u00e1fico de da\u00f1os<\/strong>: Tras la apertura del expediente del siniestro y antes de comenzar la inspecci\u00f3n de da\u00f1os del veh\u00edculo, el perito debe realizar una serie de fotograf\u00edas que permitan completar el informe de la peritaci\u00f3n y que sirvan de prueba ante eventuales reclamaciones.<\/p>\n<p>&#8211;<strong>Valoraci\u00f3n de da\u00f1os del veh\u00edculo<\/strong>: El perito efectuar\u00e1 la valoraci\u00f3n de las siguientes partes del veh\u00edculo empleando las herramientas y pruebas de diagn\u00f3stico necesarias:<\/p>\n<p>&#8211;<strong>Mec\u00e1nica<\/strong>: El perito deber\u00e1 comprobar frenos y direcci\u00f3n, suspensi\u00f3n, comportamiento del motor (ruidos, verificaci\u00f3n del estado, fugas de cilindros, presi\u00f3n de la bomba de combustible, presi\u00f3n de la bomba de aceite, estanqueidad del circuito de refrigeraci\u00f3n\u2026), fugas de fluidos, embrague, transmisi\u00f3n manual o autom\u00e1tica, diferencial, funcionamiento de aire acondicionado y calefacci\u00f3n, estructura, luces&#8230;<\/p>\n<p>&#8211;<strong>Chapa<\/strong>: El perito verifica el estado de la carrocer\u00eda del veh\u00edculo, centr\u00e1ndose en tres aspectos principales: originalidad, reparaci\u00f3n y da\u00f1os. Los puntos a chequear incluyen: sellantes, uniones, ajuste entre piezas, soldadura por puntos de resistencia, soldadura MIG (soldadura con gas inerte de metal), estribos, reparaciones anteriores (realizando una inspecci\u00f3n visual y analizando soldaduras y sellantes), da\u00f1os (clasificaci\u00f3n leve, medio o fuerte, presencia de corrosi\u00f3n o descuadres de l\u00ednea\u2026).<\/p>\n<p>&#8211;<strong>Chasis<\/strong>: El perito estudia la presencia de p\u00e9rdida de medidas, soldaduras o fisuras (causadas por fatiga o malas reparaciones).<\/p>\n<p>&#8211;<strong>Pintura<\/strong>: El perito observa el estado de la pintura del veh\u00edculo y la calidad de la aplicaci\u00f3n, detectando si el veh\u00edculo presenta la pintura original de f\u00e1brica o si ha sufrido reparaciones posteriores. Tambi\u00e9n estudia la presencia de defectos en la pintura (grietas, descuelgues, cuarteamientos, falta de adherencia, ampollas, corrosi\u00f3n, tonalidades, golpes de piedras y objetos\u2026).<\/p>\n<p>&#8211;<strong>Cristales<\/strong>: El perito analiza la presencia de posibles anomal\u00edas en los cristales del veh\u00edculo: rayados, picados y fisurados.<\/p>\n<p>&#8211;<strong>Interior y guarnecidos<\/strong>: El perito comprueba el estado de elementos del interior del veh\u00edculo, como tapizados y cojiner\u00eda.<\/p>\n<p>&#8211;<strong>Informe final<\/strong>: Una vez que el perito dispone de toda la informaci\u00f3n necesaria sobre el estado del veh\u00edculo y circunstancias del siniestro, realizar\u00e1 un informe completo en el que a\u00f1adir\u00e1 la valoraci\u00f3n de da\u00f1os. Esta incluye informaci\u00f3n detallada sobre las piezas a reparar y\/o sustituir, operaciones, tiempos y precios.<\/p>\n","protected":false},"excerpt":{"rendered":"<p>Desde GT Motive nos explican el proceso paso a paso Madrid Actualizado:04\/05\/2018 02:03h Cuando se\u00a0sufre un siniestro con un veh\u00edculo, comienzan una serie de procesos&#8230; <a href=\"https:\/\/www.cmalleida.com\/es\/como-se-perita-un-vehiculo-siniestrado-abc\/\" rel=\"nofollow\" class=\"lollegirmes\">Llegeix m\u00e9s<\/a><\/p>\n","protected":false},"author":3,"featured_media":1869,"comment_status":"closed","ping_status":"closed","sticky":false,"template":"","format":"standard","meta":{"_acf_changed":false,"_genesis_hide_title":false,"_genesis_hide_breadcrumbs":false,"_genesis_hide_singular_image":false,"_genesis_hide_footer_widgets":false,"_genesis_custom_body_class":"","_genesis_custom_post_class":"","_genesis_layout":"","footnotes":""},"categories":[28,62],"tags":[],"class_list":{"0":"post-2392","1":"post","2":"type-post","3":"status-publish","4":"format-standard","5":"has-post-thumbnail","7":"category-actualidad","8":"category-sinistres-es","9":"entry"},"acf":[],"yoast_head":"<!-- This site is optimized with the Yoast SEO plugin v27.2 - https:\/\/yoast.com\/product\/yoast-seo-wordpress\/ -->\n<title>\u00bfC\u00f3mo se perita un veh\u00edculo siniestrado? (ABC) - Col\u00b7legi de Mediadors d&#039;Assegurances de Lleida<\/title>\n<meta name=\"robots\" content=\"index, follow, max-snippet:-1, max-image-preview:large, max-video-preview:-1\" \/>\n<link rel=\"canonical\" href=\"https:\/\/www.cmalleida.com\/es\/como-se-perita-un-vehiculo-siniestrado-abc\/\" \/>\n<meta property=\"og:locale\" content=\"es_ES\" \/>\n<meta property=\"og:type\" content=\"article\" \/>\n<meta property=\"og:title\" content=\"\u00bfC\u00f3mo se perita un veh\u00edculo siniestrado? (ABC) - Col\u00b7legi de Mediadors d&#039;Assegurances de Lleida\" \/>\n<meta property=\"og:description\" content=\"Desde GT Motive nos explican el proceso paso a paso Madrid Actualizado:04\/05\/2018 02:03h Cuando se\u00a0sufre un siniestro con un veh\u00edculo, comienzan una serie de procesos... Llegeix m\u00e9s\" \/>\n<meta property=\"og:url\" content=\"https:\/\/www.cmalleida.com\/es\/como-se-perita-un-vehiculo-siniestrado-abc\/\" \/>\n<meta property=\"og:site_name\" content=\"Col\u00b7legi de Mediadors d&#039;Assegurances de Lleida\" \/>\n<meta property=\"article:published_time\" content=\"2018-05-09T16:17:43+00:00\" \/>\n<meta property=\"og:image\" content=\"https:\/\/www.cmalleida.com\/wp-content\/uploads\/cmall-lleida-actualitat-car762.jpg\" \/>\n\t<meta property=\"og:image:width\" content=\"762\" \/>\n\t<meta property=\"og:image:height\" content=\"762\" \/>\n\t<meta property=\"og:image:type\" content=\"image\/jpeg\" \/>\n<meta name=\"author\" content=\"Col\u00b7legi Mediadors\" \/>\n<meta name=\"twitter:card\" content=\"summary_large_image\" \/>\n<meta name=\"twitter:label1\" content=\"Written by\" \/>\n\t<meta name=\"twitter:data1\" content=\"Col\u00b7legi Mediadors\" \/>\n\t<meta name=\"twitter:label2\" content=\"Est. reading time\" \/>\n\t<meta name=\"twitter:data2\" content=\"3 minutos\" \/>\n<script type=\"application\/ld+json\" class=\"yoast-schema-graph\">{\"@context\":\"https:\/\/schema.org\",\"@graph\":[{\"@type\":\"Article\",\"@id\":\"https:\/\/www.cmalleida.com\/es\/como-se-perita-un-vehiculo-siniestrado-abc\/#article\",\"isPartOf\":{\"@id\":\"https:\/\/www.cmalleida.com\/es\/como-se-perita-un-vehiculo-siniestrado-abc\/\"},\"author\":{\"name\":\"Col\u00b7legi Mediadors\",\"@id\":\"https:\/\/www.cmalleida.com\/es\/#\/schema\/person\/bc84b7874fa5ac8a15c15a050fb3b79c\"},\"headline\":\"\u00bfC\u00f3mo se perita un veh\u00edculo siniestrado? (ABC)\",\"datePublished\":\"2018-05-09T16:17:43+00:00\",\"mainEntityOfPage\":{\"@id\":\"https:\/\/www.cmalleida.com\/es\/como-se-perita-un-vehiculo-siniestrado-abc\/\"},\"wordCount\":600,\"publisher\":{\"@id\":\"https:\/\/www.cmalleida.com\/es\/#organization\"},\"image\":{\"@id\":\"https:\/\/www.cmalleida.com\/es\/como-se-perita-un-vehiculo-siniestrado-abc\/#primaryimage\"},\"thumbnailUrl\":\"https:\/\/www.cmalleida.com\/wp-content\/uploads\/cmall-lleida-actualitat-car762.jpg\",\"articleSection\":[\"Actualidad\",\"Sinistres\"],\"inLanguage\":\"es\"},{\"@type\":\"WebPage\",\"@id\":\"https:\/\/www.cmalleida.com\/es\/como-se-perita-un-vehiculo-siniestrado-abc\/\",\"url\":\"https:\/\/www.cmalleida.com\/es\/como-se-perita-un-vehiculo-siniestrado-abc\/\",\"name\":\"\u00bfC\u00f3mo se perita un veh\u00edculo siniestrado? (ABC) - Col\u00b7legi de Mediadors d&#039;Assegurances de Lleida\",\"isPartOf\":{\"@id\":\"https:\/\/www.cmalleida.com\/es\/#website\"},\"primaryImageOfPage\":{\"@id\":\"https:\/\/www.cmalleida.com\/es\/como-se-perita-un-vehiculo-siniestrado-abc\/#primaryimage\"},\"image\":{\"@id\":\"https:\/\/www.cmalleida.com\/es\/como-se-perita-un-vehiculo-siniestrado-abc\/#primaryimage\"},\"thumbnailUrl\":\"https:\/\/www.cmalleida.com\/wp-content\/uploads\/cmall-lleida-actualitat-car762.jpg\",\"datePublished\":\"2018-05-09T16:17:43+00:00\",\"breadcrumb\":{\"@id\":\"https:\/\/www.cmalleida.com\/es\/como-se-perita-un-vehiculo-siniestrado-abc\/#breadcrumb\"},\"inLanguage\":\"es\",\"potentialAction\":[{\"@type\":\"ReadAction\",\"target\":[\"https:\/\/www.cmalleida.com\/es\/como-se-perita-un-vehiculo-siniestrado-abc\/\"]}]},{\"@type\":\"ImageObject\",\"inLanguage\":\"es\",\"@id\":\"https:\/\/www.cmalleida.com\/es\/como-se-perita-un-vehiculo-siniestrado-abc\/#primaryimage\",\"url\":\"https:\/\/www.cmalleida.com\/wp-content\/uploads\/cmall-lleida-actualitat-car762.jpg\",\"contentUrl\":\"https:\/\/www.cmalleida.com\/wp-content\/uploads\/cmall-lleida-actualitat-car762.jpg\",\"width\":762,\"height\":762,\"caption\":\"cmall-lleida-actualitat-CAR762\"},{\"@type\":\"BreadcrumbList\",\"@id\":\"https:\/\/www.cmalleida.com\/es\/como-se-perita-un-vehiculo-siniestrado-abc\/#breadcrumb\",\"itemListElement\":[{\"@type\":\"ListItem\",\"position\":1,\"name\":\"Inici\",\"item\":\"https:\/\/www.cmalleida.com\/es\/\"},{\"@type\":\"ListItem\",\"position\":2,\"name\":\"\u00bfC\u00f3mo se perita un veh\u00edculo siniestrado? (ABC)\"}]},{\"@type\":\"WebSite\",\"@id\":\"https:\/\/www.cmalleida.com\/es\/#website\",\"url\":\"https:\/\/www.cmalleida.com\/es\/\",\"name\":\"Col\u00b7legi de Mediadors d&#039;Assegurances de Lleida\",\"description\":\"Otro sitio realizado con WordPress\",\"publisher\":{\"@id\":\"https:\/\/www.cmalleida.com\/es\/#organization\"},\"potentialAction\":[{\"@type\":\"SearchAction\",\"target\":{\"@type\":\"EntryPoint\",\"urlTemplate\":\"https:\/\/www.cmalleida.com\/es\/?s={search_term_string}\"},\"query-input\":{\"@type\":\"PropertyValueSpecification\",\"valueRequired\":true,\"valueName\":\"search_term_string\"}}],\"inLanguage\":\"es\"},{\"@type\":\"Organization\",\"@id\":\"https:\/\/www.cmalleida.com\/es\/#organization\",\"name\":\"Col\u00b7legi de Mediadors d'Assegurances de Lleida\",\"url\":\"https:\/\/www.cmalleida.com\/es\/\",\"logo\":{\"@type\":\"ImageObject\",\"inLanguage\":\"es\",\"@id\":\"https:\/\/www.cmalleida.com\/es\/#\/schema\/logo\/image\/\",\"url\":\"\",\"contentUrl\":\"\",\"caption\":\"Col\u00b7legi de Mediadors d'Assegurances de Lleida\"},\"image\":{\"@id\":\"https:\/\/www.cmalleida.com\/es\/#\/schema\/logo\/image\/\"}},{\"@type\":\"Person\",\"@id\":\"https:\/\/www.cmalleida.com\/es\/#\/schema\/person\/bc84b7874fa5ac8a15c15a050fb3b79c\",\"name\":\"Col\u00b7legi Mediadors\",\"image\":{\"@type\":\"ImageObject\",\"inLanguage\":\"es\",\"@id\":\"https:\/\/secure.gravatar.com\/avatar\/05a66e0aafde4a91aea6f2c243b0b99b03dac1cca78dc84298f5e7e7ad4dfd33?s=96&d=mm&r=g\",\"url\":\"https:\/\/secure.gravatar.com\/avatar\/05a66e0aafde4a91aea6f2c243b0b99b03dac1cca78dc84298f5e7e7ad4dfd33?s=96&d=mm&r=g\",\"contentUrl\":\"https:\/\/secure.gravatar.com\/avatar\/05a66e0aafde4a91aea6f2c243b0b99b03dac1cca78dc84298f5e7e7ad4dfd33?s=96&d=mm&r=g\",\"caption\":\"Col\u00b7legi Mediadors\"}}]}<\/script>\n<!-- \/ Yoast SEO plugin. -->","yoast_head_json":{"title":"\u00bfC\u00f3mo se perita un veh\u00edculo siniestrado? (ABC) - Col\u00b7legi de Mediadors d&#039;Assegurances de Lleida","robots":{"index":"index","follow":"follow","max-snippet":"max-snippet:-1","max-image-preview":"max-image-preview:large","max-video-preview":"max-video-preview:-1"},"canonical":"https:\/\/www.cmalleida.com\/es\/como-se-perita-un-vehiculo-siniestrado-abc\/","og_locale":"es_ES","og_type":"article","og_title":"\u00bfC\u00f3mo se perita un veh\u00edculo siniestrado? (ABC) - Col\u00b7legi de Mediadors d&#039;Assegurances de Lleida","og_description":"Desde GT Motive nos explican el proceso paso a paso Madrid Actualizado:04\/05\/2018 02:03h Cuando se\u00a0sufre un siniestro con un veh\u00edculo, comienzan una serie de procesos... Llegeix m\u00e9s","og_url":"https:\/\/www.cmalleida.com\/es\/como-se-perita-un-vehiculo-siniestrado-abc\/","og_site_name":"Col\u00b7legi de Mediadors d&#039;Assegurances de Lleida","article_published_time":"2018-05-09T16:17:43+00:00","og_image":[{"width":762,"height":762,"url":"https:\/\/www.cmalleida.com\/wp-content\/uploads\/cmall-lleida-actualitat-car762.jpg","type":"image\/jpeg"}],"author":"Col\u00b7legi Mediadors","twitter_card":"summary_large_image","twitter_misc":{"Written by":"Col\u00b7legi Mediadors","Est. reading time":"3 minutos"},"schema":{"@context":"https:\/\/schema.org","@graph":[{"@type":"Article","@id":"https:\/\/www.cmalleida.com\/es\/como-se-perita-un-vehiculo-siniestrado-abc\/#article","isPartOf":{"@id":"https:\/\/www.cmalleida.com\/es\/como-se-perita-un-vehiculo-siniestrado-abc\/"},"author":{"name":"Col\u00b7legi Mediadors","@id":"https:\/\/www.cmalleida.com\/es\/#\/schema\/person\/bc84b7874fa5ac8a15c15a050fb3b79c"},"headline":"\u00bfC\u00f3mo se perita un veh\u00edculo siniestrado? (ABC)","datePublished":"2018-05-09T16:17:43+00:00","mainEntityOfPage":{"@id":"https:\/\/www.cmalleida.com\/es\/como-se-perita-un-vehiculo-siniestrado-abc\/"},"wordCount":600,"publisher":{"@id":"https:\/\/www.cmalleida.com\/es\/#organization"},"image":{"@id":"https:\/\/www.cmalleida.com\/es\/como-se-perita-un-vehiculo-siniestrado-abc\/#primaryimage"},"thumbnailUrl":"https:\/\/www.cmalleida.com\/wp-content\/uploads\/cmall-lleida-actualitat-car762.jpg","articleSection":["Actualidad","Sinistres"],"inLanguage":"es"},{"@type":"WebPage","@id":"https:\/\/www.cmalleida.com\/es\/como-se-perita-un-vehiculo-siniestrado-abc\/","url":"https:\/\/www.cmalleida.com\/es\/como-se-perita-un-vehiculo-siniestrado-abc\/","name":"\u00bfC\u00f3mo se perita un veh\u00edculo siniestrado? (ABC) - Col\u00b7legi de Mediadors d&#039;Assegurances de Lleida","isPartOf":{"@id":"https:\/\/www.cmalleida.com\/es\/#website"},"primaryImageOfPage":{"@id":"https:\/\/www.cmalleida.com\/es\/como-se-perita-un-vehiculo-siniestrado-abc\/#primaryimage"},"image":{"@id":"https:\/\/www.cmalleida.com\/es\/como-se-perita-un-vehiculo-siniestrado-abc\/#primaryimage"},"thumbnailUrl":"https:\/\/www.cmalleida.com\/wp-content\/uploads\/cmall-lleida-actualitat-car762.jpg","datePublished":"2018-05-09T16:17:43+00:00","breadcrumb":{"@id":"https:\/\/www.cmalleida.com\/es\/como-se-perita-un-vehiculo-siniestrado-abc\/#breadcrumb"},"inLanguage":"es","potentialAction":[{"@type":"ReadAction","target":["https:\/\/www.cmalleida.com\/es\/como-se-perita-un-vehiculo-siniestrado-abc\/"]}]},{"@type":"ImageObject","inLanguage":"es","@id":"https:\/\/www.cmalleida.com\/es\/como-se-perita-un-vehiculo-siniestrado-abc\/#primaryimage","url":"https:\/\/www.cmalleida.com\/wp-content\/uploads\/cmall-lleida-actualitat-car762.jpg","contentUrl":"https:\/\/www.cmalleida.com\/wp-content\/uploads\/cmall-lleida-actualitat-car762.jpg","width":762,"height":762,"caption":"cmall-lleida-actualitat-CAR762"},{"@type":"BreadcrumbList","@id":"https:\/\/www.cmalleida.com\/es\/como-se-perita-un-vehiculo-siniestrado-abc\/#breadcrumb","itemListElement":[{"@type":"ListItem","position":1,"name":"Inici","item":"https:\/\/www.cmalleida.com\/es\/"},{"@type":"ListItem","position":2,"name":"\u00bfC\u00f3mo se perita un veh\u00edculo siniestrado? (ABC)"}]},{"@type":"WebSite","@id":"https:\/\/www.cmalleida.com\/es\/#website","url":"https:\/\/www.cmalleida.com\/es\/","name":"Col\u00b7legi de Mediadors d&#039;Assegurances de Lleida","description":"Otro sitio realizado con WordPress","publisher":{"@id":"https:\/\/www.cmalleida.com\/es\/#organization"},"potentialAction":[{"@type":"SearchAction","target":{"@type":"EntryPoint","urlTemplate":"https:\/\/www.cmalleida.com\/es\/?s={search_term_string}"},"query-input":{"@type":"PropertyValueSpecification","valueRequired":true,"valueName":"search_term_string"}}],"inLanguage":"es"},{"@type":"Organization","@id":"https:\/\/www.cmalleida.com\/es\/#organization","name":"Col\u00b7legi de Mediadors d'Assegurances de Lleida","url":"https:\/\/www.cmalleida.com\/es\/","logo":{"@type":"ImageObject","inLanguage":"es","@id":"https:\/\/www.cmalleida.com\/es\/#\/schema\/logo\/image\/","url":"","contentUrl":"","caption":"Col\u00b7legi de Mediadors d'Assegurances de Lleida"},"image":{"@id":"https:\/\/www.cmalleida.com\/es\/#\/schema\/logo\/image\/"}},{"@type":"Person","@id":"https:\/\/www.cmalleida.com\/es\/#\/schema\/person\/bc84b7874fa5ac8a15c15a050fb3b79c","name":"Col\u00b7legi Mediadors","image":{"@type":"ImageObject","inLanguage":"es","@id":"https:\/\/secure.gravatar.com\/avatar\/05a66e0aafde4a91aea6f2c243b0b99b03dac1cca78dc84298f5e7e7ad4dfd33?s=96&d=mm&r=g","url":"https:\/\/secure.gravatar.com\/avatar\/05a66e0aafde4a91aea6f2c243b0b99b03dac1cca78dc84298f5e7e7ad4dfd33?s=96&d=mm&r=g","contentUrl":"https:\/\/secure.gravatar.com\/avatar\/05a66e0aafde4a91aea6f2c243b0b99b03dac1cca78dc84298f5e7e7ad4dfd33?s=96&d=mm&r=g","caption":"Col\u00b7legi Mediadors"}}]}},"_links":{"self":[{"href":"https:\/\/www.cmalleida.com\/es\/wp-json\/wp\/v2\/posts\/2392","targetHints":{"allow":["GET"]}}],"collection":[{"href":"https:\/\/www.cmalleida.com\/es\/wp-json\/wp\/v2\/posts"}],"about":[{"href":"https:\/\/www.cmalleida.com\/es\/wp-json\/wp\/v2\/types\/post"}],"author":[{"embeddable":true,"href":"https:\/\/www.cmalleida.com\/es\/wp-json\/wp\/v2\/users\/3"}],"replies":[{"embeddable":true,"href":"https:\/\/www.cmalleida.com\/es\/wp-json\/wp\/v2\/comments?post=2392"}],"version-history":[{"count":1,"href":"https:\/\/www.cmalleida.com\/es\/wp-json\/wp\/v2\/posts\/2392\/revisions"}],"predecessor-version":[{"id":2393,"href":"https:\/\/www.cmalleida.com\/es\/wp-json\/wp\/v2\/posts\/2392\/revisions\/2393"}],"wp:featuredmedia":[{"embeddable":true,"href":"https:\/\/www.cmalleida.com\/es\/wp-json\/wp\/v2\/media\/1869"}],"wp:attachment":[{"href":"https:\/\/www.cmalleida.com\/es\/wp-json\/wp\/v2\/media?parent=2392"}],"wp:term":[{"taxonomy":"category","embeddable":true,"href":"https:\/\/www.cmalleida.com\/es\/wp-json\/wp\/v2\/categories?post=2392"},{"taxonomy":"post_tag","embeddable":true,"href":"https:\/\/www.cmalleida.com\/es\/wp-json\/wp\/v2\/tags?post=2392"}],"curies":[{"name":"wp","href":"https:\/\/api.w.org\/{rel}","templated":true}]}}