{"id":2390,"date":"2018-05-09T18:16:30","date_gmt":"2018-05-09T16:16:30","guid":{"rendered":"https:\/\/www.cmalleida.com\/?p=2390"},"modified":"2018-05-09T18:16:30","modified_gmt":"2018-05-09T16:16:30","slug":"el-seguro-indemnizo-con-mas-de-96-millones-a-las-victimas-del-terrorismo-entre-1971-y-2016-la-vanguardia","status":"publish","type":"post","link":"https:\/\/www.cmalleida.com\/es\/el-seguro-indemnizo-con-mas-de-96-millones-a-las-victimas-del-terrorismo-entre-1971-y-2016-la-vanguardia\/","title":{"rendered":"El seguro indemniz\u00f3 con m\u00e1s de 96 millones a las v\u00edctimas del terrorismo entre 1971 y 2016 (La Vanguardia)"},"content":{"rendered":"<p><em>S\u00f3lo el 11M y la T4 sumaron m\u00e1s de 3.800 reclamaciones por valor de 72 millones de euros<\/em><\/p>\n<p><strong>XAVIER GRAU\u00a0<\/strong><\/p>\n<p><strong>El Consorcio de Compensaci\u00f3n de Seguros (CCS) ha abonado, en los \u00faltimos a\u00f1os de historia del terrorismo en Espa\u00f1a, un total 96.040.153 euros<\/strong>\u00a0en concepto de cobertura por da\u00f1os personales a espa\u00f1oles y extranjeros a trav\u00e9s de la tramitaci\u00f3n de 2.062 expedientes que han supuesto un coste medio de indemnizaci\u00f3n de 46.576 euros.<\/p>\n<p>Los datos registrados entre el a\u00f1o 1987 -con 2.417.922 euros en indemnizaciones relativos a 114 expedientes- y los recogidos en 2015 -con 4 expedientes de indemnizaci\u00f3n por un total de 388.350 euros- muestran tambi\u00e9n el impacto luctuoso de los da\u00f1os a personas causados por actos terroristas, incluyendo los siniestros de 2011, 2013, 2014 y 2015 ocurridos fuera de Espa\u00f1a.<\/p>\n<p>El a\u00f1o 2004 aparece en el pico tristemente record de las estad\u00edsticas con la tramitaci\u00f3n de 1.212 expedientes por valor de 47.894.064 euros en indemnizaciones con un coste medio de 39.517 euros. Excepto 2012, todos los a\u00f1os de esta serie temporal han registrado da\u00f1os personales por la actividad terrorista. As\u00ed, en los a\u00f1os 1987, 1988 y 1989 se gestionaron 224 expedientes por valor de 5.699.226 euros. Durante \u00faltima d\u00e9cada del siglo XX, entre 1990 y 2000, se registraron un total de 417 expedientes por da\u00f1os personales que se indemnizaron con 23.021.488. euros.<\/p>\n<p>La memoria econ\u00f3mica del CCS certifica que entre 1987 y 2016, los 2.062 expedientes tramitados por\u00a0<strong>actos terroristas supusieron el 91,7% del total de los pagos indemnizatorios gestionados a ra\u00edz de\u00a0<\/strong><em><strong>\u201criesgos extraordinarios\u201d\u00a0<\/strong><\/em><strong>con da\u00f1os personales<\/strong><em>.<\/em>\u00a0 Son tipificados como\u00a0<em>\u201criesgos extraordinarios\u201d<\/em>\u00a0por la legislaci\u00f3n aseguradora espa\u00f1ola los efectos naturales de inundaciones, terremotos, tempestades e, incluso, ca\u00edda de cuerpos siderales y aerolitos. A\u00f1ade el organismo los perjuicios provocados por la acci\u00f3n humana como el terrorismo, mot\u00edn, tumulto popular e incluso actuaciones de las Fuerzas Armadas en tiempos de paz. Entre estos a\u00f1os, el CCS tramit\u00f3 por el conjunto de todos estos conceptos y riesgos 2.308 expedientes con un total en indemnizaciones de 104.824.430 euros.<\/p>\n<p>En el per\u00edodo analizado por el Consorcio,\u00a0<strong>el terrorismo desemboc\u00f3 en la tramitaci\u00f3n de 2.847 expedientes por incapacidad y 1.382 expedientes o tramitaciones por muerte<\/strong>\u00a0(a partir de 1994 no se citan \u201cn\u00famero de expedientes\u201d sino \u201cn\u00famero de tramitaciones\u201d, considerando una tramitaci\u00f3n de da\u00f1os a las personas cada una de las p\u00f3lizas de vida y accidentes de las que se deriva una indemnizaci\u00f3n para la v\u00edctima o sus beneficiarios).<\/p>\n<p>Entre todos estos apuntes matem\u00e1ticos, la fotograf\u00eda estad\u00edstica del CCS \u2013organismo p\u00fablico que se financia con el recargo sobre todos los seguros contratados- muestra el reguero dram\u00e1tico del impacto del terrorismo en Espa\u00f1a y lo fija con la fr\u00eda certeza de los datos econ\u00f3micos. Se\u00f1ala el an\u00e1lisis de las cifras la magnitud escalofriante del atentado del 11M en marzo de 2004 en Madrid (y la secuela del 3 de abril en Legan\u00e9s) con 2.903 reclamaciones por da\u00f1os -personales y materiales- por valor de 22.641.591 euros en indemnizaciones. Y tambi\u00e9n\u00a0 radiograf\u00eda el atentado en la terminal T4 del aeropuerto de Madrid con 899 reclamaciones y pagos indemnizatorios por valor de 49.345.385 euros.<\/p>\n<h3>Da\u00f1os en los bienes<\/h3>\n<p>El Consorcio de Compensaci\u00f3n de Seguros (CCS) ha indemnizado, en los \u00faltimos 45 a\u00f1os de historia del terrorismo en Espa\u00f1a,\u00a0<strong>un total de 524.047.349 euros por da\u00f1os en bienes diversos<\/strong>\u00a0a trav\u00e9s de la resoluci\u00f3n de un conjunto de casos que suman 30.136 expedientes tramitados con un coste medio por indemnizaci\u00f3n de 17.389 euros.<\/p>\n<p>La\u00a0<em>Estad\u00edstica de Riesgos Extraordinarios<\/em>\u00a0de este organismo oficial recoge la serie de indemnizaciones por da\u00f1os en bienes entre los a\u00f1os 1971 a 2016 (cerrada su elaboraci\u00f3n a 30 de abril de 2017). Se inicia la cuenta con los 5 expedientes tratados en 1972 con indemnizaciones medias de 5.818 euros que sumaron un coste total de 29.088 euros. El fin de la serie por da\u00f1os en bienes fija un total de 4 expedientes resueltos en 2016 por valor de 10.019 euros a raz\u00f3n de una media de 2.505 euros por caso.<\/p>\n<p>As\u00ed, se asientan apuntes cada a\u00f1o a lo largo de estas m\u00e1s de cuatro d\u00e9cadas de acciones terroristas con especial intensidad a partir de la segunda mitad de los a\u00f1os setenta: 1977 con 607 expedientes e indemnizaciones por valor de 17.368.027 euros, 1978 con 754 por valor de 13.632.480 euros y 1979 con 783 por valor de 11.397.543.<\/p>\n<p><strong>En la d\u00e9cada de los ochenta, el azote del terror aparece reflejado en todo su impacto con el total de 9.794 expedientes asumidos por el CCS<\/strong>. Estos se tradujeron en un total de indemnizaciones que superaron los 170 millones de euros en una etapa de intensa actividad terrorista. A destacar, la dram\u00e1tica situaci\u00f3n a la que se hizo frente especialmente en los a\u00f1os 1983 con 1.495 expedientes por valor de 15.166.471 euros, 1984 con 1.796 expedientes por valor de 12.676.716 euros y 1987 con 1.505 expedientes por valor de 29.567.503 euros.<\/p>\n<p>Durante la d\u00e9cada de los noventa, a pesar de un inicio en 1990 y 1991 con 1.035 y 1.249 expedientes por valor de 16.895.260 y 13.298.709 euros respectivamente, las cifras se redujeron hasta las m\u00ednimas de 1994 con 441 expedientes que sumaron un total de 3.840.203 euros.<\/p>\n<p>Sin embargo, durante los a\u00f1os 2000, 2001 y 2002, la incidencia de los ataques terroristas y el perjuicio sobre bienes elevan los expedientes aseguradores a 1.952, 1.926 y 846 respectivamente con valores indemnizados de 23.403.619, 31.526.579 y 23.720.133 euros en el trienio. Es durante 2008 el per\u00edodo que m\u00e1s expedientes tramita el CCS, un total de 2.052 por un total de 27.729.218 euros en indemnizaciones con una media por caso de 13.513 euros. A lo\u00a0 largo de 2009 las situaciones tratadas se mantienen altas con 873 expedientes tramitados por valor de 13.226.766 euros. Es en 2010 cuando empieza a caer el n\u00famero de tramitaciones: 51 en ese a\u00f1o y 7 en 2015 con la excepci\u00f3n de los 30 expedientes de 2014 por valor de 895.584 euros.<\/p>\n<p>Los cerca de 535 millones de euros indemnizados por la CCS por da\u00f1os a bienes por actos de terrorismo entre 1971 y 2006 suponen un 2,3% del total de indemnizaciones asumidas por el organismo que ascendieron globalmente a casi 9.400 millones de euros en el per\u00edodo sumando todas las causas extraordinarias (inundaciones, temporales, terremotos) con da\u00f1os materiales.<\/p>\n<h3>Las cifras del 11M y la T4<\/h3>\n<p>El as\u00e9ptico relato num\u00e9rico que el CCS hace de los atentados m\u00e1s graves como el 11M (y 3 de abril) de 2004 y el de la T4 en 2006, ambos en Madrid, no esconde su brutalidad.<\/p>\n<p><strong>El gran atentado terrorista de 2004 est\u00e1 vinculado a 192 expedientes por fallecimiento \u00a0y 21.937.339 euros en indemnizaciones<\/strong>\u00a0(coste medio 114.257 euros), y 1.019 expedientes por invalidez permanente con un coste de 25.820.129 euros indemnizados (coste medio 25.339 euros). En cuanto a da\u00f1os en bienes, las cifras recogen 29 expedientes a viviendas por valor de 2.990.566 euros; un expediente por da\u00f1os a oficinas por valor de 75 euros; 9 expedientes por da\u00f1os a comercios por un total de 8.530 euros; 13 expedientes por da\u00f1os a autom\u00f3viles por un total de 24.654 euros y un expediente por da\u00f1os a obras civiles que ascendieron a 156.955 euros. En total, fueron tramitados 1.264 expedientes por valor de 50.938.247 euros.<\/p>\n<p>En el caso del ataque a la T4 en 2006, los n\u00fameros se\u00f1alan similar efecto devastador en da\u00f1os personales y materiales. Fueron gestionados 16 expedientes por da\u00f1os personales por valor de 614.770 euros (coste medio de 38.423 euros); 2 expedientes por da\u00f1os a viviendas por valor de 11.633 euros; 1 expediente de oficinas por valor de 3.368 euros, 869 expedientes por da\u00f1os a autom\u00f3viles que ascendieron a 13.616.698 euros y 11 expedientes sobre comercios con un valor de 35.098, 917 euros. La suma arroja un total de 899 expedientes por valor de 49.345.385 euros.<\/p>\n<p>&nbsp;<\/p>\n","protected":false},"excerpt":{"rendered":"<p>S\u00f3lo el 11M y la T4 sumaron m\u00e1s de 3.800 reclamaciones por valor de 72 millones de euros XAVIER GRAU\u00a0 El Consorcio de Compensaci\u00f3n de&#8230; <a href=\"https:\/\/www.cmalleida.com\/es\/el-seguro-indemnizo-con-mas-de-96-millones-a-las-victimas-del-terrorismo-entre-1971-y-2016-la-vanguardia\/\" rel=\"nofollow\" class=\"lollegirmes\">Llegeix m\u00e9s<\/a><\/p>\n","protected":false},"author":3,"featured_media":2017,"comment_status":"closed","ping_status":"closed","sticky":false,"template":"","format":"standard","meta":{"_acf_changed":false,"_genesis_hide_title":false,"_genesis_hide_breadcrumbs":false,"_genesis_hide_singular_image":false,"_genesis_hide_footer_widgets":false,"_genesis_custom_body_class":"","_genesis_custom_post_class":"","_genesis_layout":"","footnotes":""},"categories":[28],"tags":[],"class_list":{"0":"post-2390","1":"post","2":"type-post","3":"status-publish","4":"format-standard","5":"has-post-thumbnail","7":"category-actualidad","8":"entry"},"acf":[],"yoast_head":"<!-- This site is optimized with the Yoast SEO plugin v27.2 - https:\/\/yoast.com\/product\/yoast-seo-wordpress\/ -->\n<title>El seguro indemniz\u00f3 con m\u00e1s de 96 millones a las v\u00edctimas del terrorismo entre 1971 y 2016 (La Vanguardia) - Col\u00b7legi de Mediadors d&#039;Assegurances de Lleida<\/title>\n<meta name=\"robots\" content=\"index, follow, max-snippet:-1, max-image-preview:large, max-video-preview:-1\" \/>\n<link rel=\"canonical\" href=\"https:\/\/www.cmalleida.com\/es\/el-seguro-indemnizo-con-mas-de-96-millones-a-las-victimas-del-terrorismo-entre-1971-y-2016-la-vanguardia\/\" \/>\n<meta property=\"og:locale\" content=\"es_ES\" \/>\n<meta property=\"og:type\" content=\"article\" \/>\n<meta property=\"og:title\" content=\"El seguro indemniz\u00f3 con m\u00e1s de 96 millones a las v\u00edctimas del terrorismo entre 1971 y 2016 (La Vanguardia) - Col\u00b7legi de Mediadors d&#039;Assegurances de Lleida\" \/>\n<meta property=\"og:description\" content=\"S\u00f3lo el 11M y la T4 sumaron m\u00e1s de 3.800 reclamaciones por valor de 72 millones de euros XAVIER GRAU\u00a0 El Consorcio de Compensaci\u00f3n de... Llegeix m\u00e9s\" \/>\n<meta property=\"og:url\" content=\"https:\/\/www.cmalleida.com\/es\/el-seguro-indemnizo-con-mas-de-96-millones-a-las-victimas-del-terrorismo-entre-1971-y-2016-la-vanguardia\/\" \/>\n<meta property=\"og:site_name\" content=\"Col\u00b7legi de Mediadors d&#039;Assegurances de Lleida\" \/>\n<meta property=\"article:published_time\" content=\"2018-05-09T16:16:30+00:00\" \/>\n<meta property=\"og:image\" content=\"https:\/\/www.cmalleida.com\/wp-content\/uploads\/cmall-contacta-calendari-3820.jpg\" \/>\n\t<meta property=\"og:image:width\" content=\"3840\" \/>\n\t<meta property=\"og:image:height\" content=\"762\" \/>\n\t<meta property=\"og:image:type\" content=\"image\/jpeg\" \/>\n<meta name=\"author\" content=\"Col\u00b7legi Mediadors\" \/>\n<meta name=\"twitter:card\" content=\"summary_large_image\" \/>\n<meta name=\"twitter:label1\" content=\"Written by\" \/>\n\t<meta name=\"twitter:data1\" content=\"Col\u00b7legi Mediadors\" \/>\n\t<meta name=\"twitter:label2\" content=\"Est. reading time\" \/>\n\t<meta name=\"twitter:data2\" content=\"6 minutos\" \/>\n<script type=\"application\/ld+json\" class=\"yoast-schema-graph\">{\"@context\":\"https:\/\/schema.org\",\"@graph\":[{\"@type\":\"Article\",\"@id\":\"https:\/\/www.cmalleida.com\/es\/el-seguro-indemnizo-con-mas-de-96-millones-a-las-victimas-del-terrorismo-entre-1971-y-2016-la-vanguardia\/#article\",\"isPartOf\":{\"@id\":\"https:\/\/www.cmalleida.com\/es\/el-seguro-indemnizo-con-mas-de-96-millones-a-las-victimas-del-terrorismo-entre-1971-y-2016-la-vanguardia\/\"},\"author\":{\"name\":\"Col\u00b7legi Mediadors\",\"@id\":\"https:\/\/www.cmalleida.com\/es\/#\/schema\/person\/bc84b7874fa5ac8a15c15a050fb3b79c\"},\"headline\":\"El seguro indemniz\u00f3 con m\u00e1s de 96 millones a las v\u00edctimas del terrorismo entre 1971 y 2016 (La Vanguardia)\",\"datePublished\":\"2018-05-09T16:16:30+00:00\",\"mainEntityOfPage\":{\"@id\":\"https:\/\/www.cmalleida.com\/es\/el-seguro-indemnizo-con-mas-de-96-millones-a-las-victimas-del-terrorismo-entre-1971-y-2016-la-vanguardia\/\"},\"wordCount\":1270,\"publisher\":{\"@id\":\"https:\/\/www.cmalleida.com\/es\/#organization\"},\"image\":{\"@id\":\"https:\/\/www.cmalleida.com\/es\/el-seguro-indemnizo-con-mas-de-96-millones-a-las-victimas-del-terrorismo-entre-1971-y-2016-la-vanguardia\/#primaryimage\"},\"thumbnailUrl\":\"https:\/\/www.cmalleida.com\/wp-content\/uploads\/cmall-contacta-calendari-3820.jpg\",\"articleSection\":[\"Actualidad\"],\"inLanguage\":\"es\"},{\"@type\":\"WebPage\",\"@id\":\"https:\/\/www.cmalleida.com\/es\/el-seguro-indemnizo-con-mas-de-96-millones-a-las-victimas-del-terrorismo-entre-1971-y-2016-la-vanguardia\/\",\"url\":\"https:\/\/www.cmalleida.com\/es\/el-seguro-indemnizo-con-mas-de-96-millones-a-las-victimas-del-terrorismo-entre-1971-y-2016-la-vanguardia\/\",\"name\":\"El seguro indemniz\u00f3 con m\u00e1s de 96 millones a las v\u00edctimas del terrorismo entre 1971 y 2016 (La Vanguardia) - Col\u00b7legi de Mediadors d&#039;Assegurances de Lleida\",\"isPartOf\":{\"@id\":\"https:\/\/www.cmalleida.com\/es\/#website\"},\"primaryImageOfPage\":{\"@id\":\"https:\/\/www.cmalleida.com\/es\/el-seguro-indemnizo-con-mas-de-96-millones-a-las-victimas-del-terrorismo-entre-1971-y-2016-la-vanguardia\/#primaryimage\"},\"image\":{\"@id\":\"https:\/\/www.cmalleida.com\/es\/el-seguro-indemnizo-con-mas-de-96-millones-a-las-victimas-del-terrorismo-entre-1971-y-2016-la-vanguardia\/#primaryimage\"},\"thumbnailUrl\":\"https:\/\/www.cmalleida.com\/wp-content\/uploads\/cmall-contacta-calendari-3820.jpg\",\"datePublished\":\"2018-05-09T16:16:30+00:00\",\"breadcrumb\":{\"@id\":\"https:\/\/www.cmalleida.com\/es\/el-seguro-indemnizo-con-mas-de-96-millones-a-las-victimas-del-terrorismo-entre-1971-y-2016-la-vanguardia\/#breadcrumb\"},\"inLanguage\":\"es\",\"potentialAction\":[{\"@type\":\"ReadAction\",\"target\":[\"https:\/\/www.cmalleida.com\/es\/el-seguro-indemnizo-con-mas-de-96-millones-a-las-victimas-del-terrorismo-entre-1971-y-2016-la-vanguardia\/\"]}]},{\"@type\":\"ImageObject\",\"inLanguage\":\"es\",\"@id\":\"https:\/\/www.cmalleida.com\/es\/el-seguro-indemnizo-con-mas-de-96-millones-a-las-victimas-del-terrorismo-entre-1971-y-2016-la-vanguardia\/#primaryimage\",\"url\":\"https:\/\/www.cmalleida.com\/wp-content\/uploads\/cmall-contacta-calendari-3820.jpg\",\"contentUrl\":\"https:\/\/www.cmalleida.com\/wp-content\/uploads\/cmall-contacta-calendari-3820.jpg\",\"width\":3840,\"height\":762,\"caption\":\"cmall-contacta-calendari-3820\"},{\"@type\":\"BreadcrumbList\",\"@id\":\"https:\/\/www.cmalleida.com\/es\/el-seguro-indemnizo-con-mas-de-96-millones-a-las-victimas-del-terrorismo-entre-1971-y-2016-la-vanguardia\/#breadcrumb\",\"itemListElement\":[{\"@type\":\"ListItem\",\"position\":1,\"name\":\"Inici\",\"item\":\"https:\/\/www.cmalleida.com\/es\/\"},{\"@type\":\"ListItem\",\"position\":2,\"name\":\"El seguro indemniz\u00f3 con m\u00e1s de 96 millones a las v\u00edctimas del terrorismo entre 1971 y 2016 (La Vanguardia)\"}]},{\"@type\":\"WebSite\",\"@id\":\"https:\/\/www.cmalleida.com\/es\/#website\",\"url\":\"https:\/\/www.cmalleida.com\/es\/\",\"name\":\"Col\u00b7legi de Mediadors d&#039;Assegurances de Lleida\",\"description\":\"Otro sitio realizado con WordPress\",\"publisher\":{\"@id\":\"https:\/\/www.cmalleida.com\/es\/#organization\"},\"potentialAction\":[{\"@type\":\"SearchAction\",\"target\":{\"@type\":\"EntryPoint\",\"urlTemplate\":\"https:\/\/www.cmalleida.com\/es\/?s={search_term_string}\"},\"query-input\":{\"@type\":\"PropertyValueSpecification\",\"valueRequired\":true,\"valueName\":\"search_term_string\"}}],\"inLanguage\":\"es\"},{\"@type\":\"Organization\",\"@id\":\"https:\/\/www.cmalleida.com\/es\/#organization\",\"name\":\"Col\u00b7legi de Mediadors d'Assegurances de Lleida\",\"url\":\"https:\/\/www.cmalleida.com\/es\/\",\"logo\":{\"@type\":\"ImageObject\",\"inLanguage\":\"es\",\"@id\":\"https:\/\/www.cmalleida.com\/es\/#\/schema\/logo\/image\/\",\"url\":\"\",\"contentUrl\":\"\",\"caption\":\"Col\u00b7legi de Mediadors d'Assegurances de Lleida\"},\"image\":{\"@id\":\"https:\/\/www.cmalleida.com\/es\/#\/schema\/logo\/image\/\"}},{\"@type\":\"Person\",\"@id\":\"https:\/\/www.cmalleida.com\/es\/#\/schema\/person\/bc84b7874fa5ac8a15c15a050fb3b79c\",\"name\":\"Col\u00b7legi Mediadors\",\"image\":{\"@type\":\"ImageObject\",\"inLanguage\":\"es\",\"@id\":\"https:\/\/secure.gravatar.com\/avatar\/05a66e0aafde4a91aea6f2c243b0b99b03dac1cca78dc84298f5e7e7ad4dfd33?s=96&d=mm&r=g\",\"url\":\"https:\/\/secure.gravatar.com\/avatar\/05a66e0aafde4a91aea6f2c243b0b99b03dac1cca78dc84298f5e7e7ad4dfd33?s=96&d=mm&r=g\",\"contentUrl\":\"https:\/\/secure.gravatar.com\/avatar\/05a66e0aafde4a91aea6f2c243b0b99b03dac1cca78dc84298f5e7e7ad4dfd33?s=96&d=mm&r=g\",\"caption\":\"Col\u00b7legi Mediadors\"}}]}<\/script>\n<!-- \/ Yoast SEO plugin. -->","yoast_head_json":{"title":"El seguro indemniz\u00f3 con m\u00e1s de 96 millones a las v\u00edctimas del terrorismo entre 1971 y 2016 (La Vanguardia) - Col\u00b7legi de Mediadors d&#039;Assegurances de Lleida","robots":{"index":"index","follow":"follow","max-snippet":"max-snippet:-1","max-image-preview":"max-image-preview:large","max-video-preview":"max-video-preview:-1"},"canonical":"https:\/\/www.cmalleida.com\/es\/el-seguro-indemnizo-con-mas-de-96-millones-a-las-victimas-del-terrorismo-entre-1971-y-2016-la-vanguardia\/","og_locale":"es_ES","og_type":"article","og_title":"El seguro indemniz\u00f3 con m\u00e1s de 96 millones a las v\u00edctimas del terrorismo entre 1971 y 2016 (La Vanguardia) - Col\u00b7legi de Mediadors d&#039;Assegurances de Lleida","og_description":"S\u00f3lo el 11M y la T4 sumaron m\u00e1s de 3.800 reclamaciones por valor de 72 millones de euros XAVIER GRAU\u00a0 El Consorcio de Compensaci\u00f3n de... Llegeix m\u00e9s","og_url":"https:\/\/www.cmalleida.com\/es\/el-seguro-indemnizo-con-mas-de-96-millones-a-las-victimas-del-terrorismo-entre-1971-y-2016-la-vanguardia\/","og_site_name":"Col\u00b7legi de Mediadors d&#039;Assegurances de Lleida","article_published_time":"2018-05-09T16:16:30+00:00","og_image":[{"width":3840,"height":762,"url":"https:\/\/www.cmalleida.com\/wp-content\/uploads\/cmall-contacta-calendari-3820.jpg","type":"image\/jpeg"}],"author":"Col\u00b7legi Mediadors","twitter_card":"summary_large_image","twitter_misc":{"Written by":"Col\u00b7legi Mediadors","Est. reading time":"6 minutos"},"schema":{"@context":"https:\/\/schema.org","@graph":[{"@type":"Article","@id":"https:\/\/www.cmalleida.com\/es\/el-seguro-indemnizo-con-mas-de-96-millones-a-las-victimas-del-terrorismo-entre-1971-y-2016-la-vanguardia\/#article","isPartOf":{"@id":"https:\/\/www.cmalleida.com\/es\/el-seguro-indemnizo-con-mas-de-96-millones-a-las-victimas-del-terrorismo-entre-1971-y-2016-la-vanguardia\/"},"author":{"name":"Col\u00b7legi Mediadors","@id":"https:\/\/www.cmalleida.com\/es\/#\/schema\/person\/bc84b7874fa5ac8a15c15a050fb3b79c"},"headline":"El seguro indemniz\u00f3 con m\u00e1s de 96 millones a las v\u00edctimas del terrorismo entre 1971 y 2016 (La Vanguardia)","datePublished":"2018-05-09T16:16:30+00:00","mainEntityOfPage":{"@id":"https:\/\/www.cmalleida.com\/es\/el-seguro-indemnizo-con-mas-de-96-millones-a-las-victimas-del-terrorismo-entre-1971-y-2016-la-vanguardia\/"},"wordCount":1270,"publisher":{"@id":"https:\/\/www.cmalleida.com\/es\/#organization"},"image":{"@id":"https:\/\/www.cmalleida.com\/es\/el-seguro-indemnizo-con-mas-de-96-millones-a-las-victimas-del-terrorismo-entre-1971-y-2016-la-vanguardia\/#primaryimage"},"thumbnailUrl":"https:\/\/www.cmalleida.com\/wp-content\/uploads\/cmall-contacta-calendari-3820.jpg","articleSection":["Actualidad"],"inLanguage":"es"},{"@type":"WebPage","@id":"https:\/\/www.cmalleida.com\/es\/el-seguro-indemnizo-con-mas-de-96-millones-a-las-victimas-del-terrorismo-entre-1971-y-2016-la-vanguardia\/","url":"https:\/\/www.cmalleida.com\/es\/el-seguro-indemnizo-con-mas-de-96-millones-a-las-victimas-del-terrorismo-entre-1971-y-2016-la-vanguardia\/","name":"El seguro indemniz\u00f3 con m\u00e1s de 96 millones a las v\u00edctimas del terrorismo entre 1971 y 2016 (La Vanguardia) - Col\u00b7legi de Mediadors d&#039;Assegurances de Lleida","isPartOf":{"@id":"https:\/\/www.cmalleida.com\/es\/#website"},"primaryImageOfPage":{"@id":"https:\/\/www.cmalleida.com\/es\/el-seguro-indemnizo-con-mas-de-96-millones-a-las-victimas-del-terrorismo-entre-1971-y-2016-la-vanguardia\/#primaryimage"},"image":{"@id":"https:\/\/www.cmalleida.com\/es\/el-seguro-indemnizo-con-mas-de-96-millones-a-las-victimas-del-terrorismo-entre-1971-y-2016-la-vanguardia\/#primaryimage"},"thumbnailUrl":"https:\/\/www.cmalleida.com\/wp-content\/uploads\/cmall-contacta-calendari-3820.jpg","datePublished":"2018-05-09T16:16:30+00:00","breadcrumb":{"@id":"https:\/\/www.cmalleida.com\/es\/el-seguro-indemnizo-con-mas-de-96-millones-a-las-victimas-del-terrorismo-entre-1971-y-2016-la-vanguardia\/#breadcrumb"},"inLanguage":"es","potentialAction":[{"@type":"ReadAction","target":["https:\/\/www.cmalleida.com\/es\/el-seguro-indemnizo-con-mas-de-96-millones-a-las-victimas-del-terrorismo-entre-1971-y-2016-la-vanguardia\/"]}]},{"@type":"ImageObject","inLanguage":"es","@id":"https:\/\/www.cmalleida.com\/es\/el-seguro-indemnizo-con-mas-de-96-millones-a-las-victimas-del-terrorismo-entre-1971-y-2016-la-vanguardia\/#primaryimage","url":"https:\/\/www.cmalleida.com\/wp-content\/uploads\/cmall-contacta-calendari-3820.jpg","contentUrl":"https:\/\/www.cmalleida.com\/wp-content\/uploads\/cmall-contacta-calendari-3820.jpg","width":3840,"height":762,"caption":"cmall-contacta-calendari-3820"},{"@type":"BreadcrumbList","@id":"https:\/\/www.cmalleida.com\/es\/el-seguro-indemnizo-con-mas-de-96-millones-a-las-victimas-del-terrorismo-entre-1971-y-2016-la-vanguardia\/#breadcrumb","itemListElement":[{"@type":"ListItem","position":1,"name":"Inici","item":"https:\/\/www.cmalleida.com\/es\/"},{"@type":"ListItem","position":2,"name":"El seguro indemniz\u00f3 con m\u00e1s de 96 millones a las v\u00edctimas del terrorismo entre 1971 y 2016 (La Vanguardia)"}]},{"@type":"WebSite","@id":"https:\/\/www.cmalleida.com\/es\/#website","url":"https:\/\/www.cmalleida.com\/es\/","name":"Col\u00b7legi de Mediadors d&#039;Assegurances de Lleida","description":"Otro sitio realizado con WordPress","publisher":{"@id":"https:\/\/www.cmalleida.com\/es\/#organization"},"potentialAction":[{"@type":"SearchAction","target":{"@type":"EntryPoint","urlTemplate":"https:\/\/www.cmalleida.com\/es\/?s={search_term_string}"},"query-input":{"@type":"PropertyValueSpecification","valueRequired":true,"valueName":"search_term_string"}}],"inLanguage":"es"},{"@type":"Organization","@id":"https:\/\/www.cmalleida.com\/es\/#organization","name":"Col\u00b7legi de Mediadors d'Assegurances de Lleida","url":"https:\/\/www.cmalleida.com\/es\/","logo":{"@type":"ImageObject","inLanguage":"es","@id":"https:\/\/www.cmalleida.com\/es\/#\/schema\/logo\/image\/","url":"","contentUrl":"","caption":"Col\u00b7legi de Mediadors d'Assegurances de Lleida"},"image":{"@id":"https:\/\/www.cmalleida.com\/es\/#\/schema\/logo\/image\/"}},{"@type":"Person","@id":"https:\/\/www.cmalleida.com\/es\/#\/schema\/person\/bc84b7874fa5ac8a15c15a050fb3b79c","name":"Col\u00b7legi Mediadors","image":{"@type":"ImageObject","inLanguage":"es","@id":"https:\/\/secure.gravatar.com\/avatar\/05a66e0aafde4a91aea6f2c243b0b99b03dac1cca78dc84298f5e7e7ad4dfd33?s=96&d=mm&r=g","url":"https:\/\/secure.gravatar.com\/avatar\/05a66e0aafde4a91aea6f2c243b0b99b03dac1cca78dc84298f5e7e7ad4dfd33?s=96&d=mm&r=g","contentUrl":"https:\/\/secure.gravatar.com\/avatar\/05a66e0aafde4a91aea6f2c243b0b99b03dac1cca78dc84298f5e7e7ad4dfd33?s=96&d=mm&r=g","caption":"Col\u00b7legi Mediadors"}}]}},"_links":{"self":[{"href":"https:\/\/www.cmalleida.com\/es\/wp-json\/wp\/v2\/posts\/2390","targetHints":{"allow":["GET"]}}],"collection":[{"href":"https:\/\/www.cmalleida.com\/es\/wp-json\/wp\/v2\/posts"}],"about":[{"href":"https:\/\/www.cmalleida.com\/es\/wp-json\/wp\/v2\/types\/post"}],"author":[{"embeddable":true,"href":"https:\/\/www.cmalleida.com\/es\/wp-json\/wp\/v2\/users\/3"}],"replies":[{"embeddable":true,"href":"https:\/\/www.cmalleida.com\/es\/wp-json\/wp\/v2\/comments?post=2390"}],"version-history":[{"count":1,"href":"https:\/\/www.cmalleida.com\/es\/wp-json\/wp\/v2\/posts\/2390\/revisions"}],"predecessor-version":[{"id":2391,"href":"https:\/\/www.cmalleida.com\/es\/wp-json\/wp\/v2\/posts\/2390\/revisions\/2391"}],"wp:featuredmedia":[{"embeddable":true,"href":"https:\/\/www.cmalleida.com\/es\/wp-json\/wp\/v2\/media\/2017"}],"wp:attachment":[{"href":"https:\/\/www.cmalleida.com\/es\/wp-json\/wp\/v2\/media?parent=2390"}],"wp:term":[{"taxonomy":"category","embeddable":true,"href":"https:\/\/www.cmalleida.com\/es\/wp-json\/wp\/v2\/categories?post=2390"},{"taxonomy":"post_tag","embeddable":true,"href":"https:\/\/www.cmalleida.com\/es\/wp-json\/wp\/v2\/tags?post=2390"}],"curies":[{"name":"wp","href":"https:\/\/api.w.org\/{rel}","templated":true}]}}