{"id":2388,"date":"2018-05-09T18:15:12","date_gmt":"2018-05-09T16:15:12","guid":{"rendered":"https:\/\/www.cmalleida.com\/?p=2388"},"modified":"2018-05-09T18:15:12","modified_gmt":"2018-05-09T16:15:12","slug":"convenio-de-asistencia-sanitaria-del-sector-privado-unespa","status":"publish","type":"post","link":"https:\/\/www.cmalleida.com\/es\/convenio-de-asistencia-sanitaria-del-sector-privado-unespa\/","title":{"rendered":"Convenio de asistencia sanitaria del sector privado (UNESPA)"},"content":{"rendered":"<p><strong>Convenio de asistencia sanitaria integral<\/strong>, tanto hospitalaria como ambulatoria, prestada a los lesionados por hechos de la circulaci\u00f3n hasta su total sanaci\u00f3n o estabilizaci\u00f3n de secuelas, suscrito por UNESPA y el\u00a0<a href=\"http:\/\/www.consorseguros.es\/\"><strong>Consorcio de Compensaci\u00f3n de Seguros<\/strong><\/a>\u00a0(CCS)\u00a0con las diferentes\u00a0<strong>asociaciones de cl\u00ednicas, hospitales y centros de atenci\u00f3n ambulatoria y rehabilitadora de car\u00e1cter privado<\/strong>.<\/p>\n<p>Las partes han convenido que el actual convenio (2014-2017) se prorrogue mensualmente a partir de 1 de enero de 2018, en tanto en cuanto no se disponga de un nuevo convenio consensuado por todas las partes.<\/p>\n<p>Se adjuntan el convenio original suscrito para los ejercicios 2014-2017 y su referencia en el BOE, en la que aparecen publicados tanto los centros sanitarios como las entidades aseguradoras a la fecha de la firma del convenio.<\/p>\n<p>Tambi\u00e9n se facilita un enlace con el\u00a0<strong>listado de entidades aseguradoras adheridas<\/strong>\u00a0donde se recoge informaci\u00f3n actualizada seg\u00fan las sucesivas altas y bajas de entidades que se vayan produciendo a lo largo de la vida del convenio. Se adjunta igualmente un\u00a0<strong>listado actualizado de los centros sanitarios<\/strong>\u00a0en el que figura la fecha de incorporaci\u00f3n de dichos centros\u00a0al convenio.<\/p>\n<p>Este convenio suscrito por UNESPA se ha elaborado de manera acorde con las normas de Competencia<\/p>\n<ul>\n<li><a href=\"https:\/\/app.box.com\/s\/84374bj5et99uz4ewm1r514kmx3fdy6v\">Convenio marco de asistencia sanitaria derivada de accidentes de tr\u00e1fico para los ejercicios 204-2015-2016-2017 (sector privado)<\/a><\/li>\n<li><a href=\"https:\/\/app.box.com\/s\/69257nauq97wiurd9ahcu4i94yrm3zqm\">Resoluci\u00f3n de 12 de noviembre de 2014, de la Direcci\u00f3n General de Seguros y Fondos de Pensiones, por la que se publica la relaci\u00f3n de centros sanitarios privados y de entidades aseguradoras que han suscrito convenio para la asistencia a lesionados en accidentes de tr\u00e1fico correspondiente al per\u00edodo de 1 de enero de 2014 a 31 de diciembre de 2017.<\/a><\/li>\n<li><a href=\"https:\/\/app.box.com\/s\/d92p1zqyabs786b5gm7e4016f7p32z6t\">Convenio asistencia sanitaria privada 2014-2017<\/a><\/li>\n<\/ul>\n<p>&nbsp;<\/p>\n","protected":false},"excerpt":{"rendered":"<p>Convenio de asistencia sanitaria integral, tanto hospitalaria como ambulatoria, prestada a los lesionados por hechos de la circulaci\u00f3n hasta su total sanaci\u00f3n o estabilizaci\u00f3n de&#8230; <a href=\"https:\/\/www.cmalleida.com\/es\/convenio-de-asistencia-sanitaria-del-sector-privado-unespa\/\" rel=\"nofollow\" class=\"lollegirmes\">Llegeix m\u00e9s<\/a><\/p>\n","protected":false},"author":3,"featured_media":1835,"comment_status":"closed","ping_status":"closed","sticky":false,"template":"","format":"standard","meta":{"_acf_changed":false,"_genesis_hide_title":false,"_genesis_hide_breadcrumbs":false,"_genesis_hide_singular_image":false,"_genesis_hide_footer_widgets":false,"_genesis_custom_body_class":"","_genesis_custom_post_class":"","_genesis_layout":"","footnotes":""},"categories":[28],"tags":[],"class_list":{"0":"post-2388","1":"post","2":"type-post","3":"status-publish","4":"format-standard","5":"has-post-thumbnail","7":"category-actualidad","8":"entry"},"acf":[],"yoast_head":"<!-- This site is optimized with the Yoast SEO plugin v27.2 - https:\/\/yoast.com\/product\/yoast-seo-wordpress\/ -->\n<title>Convenio de asistencia sanitaria del sector privado (UNESPA) - Col\u00b7legi de Mediadors d&#039;Assegurances de Lleida<\/title>\n<meta name=\"robots\" content=\"index, follow, max-snippet:-1, max-image-preview:large, max-video-preview:-1\" \/>\n<link rel=\"canonical\" href=\"https:\/\/www.cmalleida.com\/es\/convenio-de-asistencia-sanitaria-del-sector-privado-unespa\/\" \/>\n<meta property=\"og:locale\" content=\"es_ES\" \/>\n<meta property=\"og:type\" content=\"article\" \/>\n<meta property=\"og:title\" content=\"Convenio de asistencia sanitaria del sector privado (UNESPA) - Col\u00b7legi de Mediadors d&#039;Assegurances de Lleida\" \/>\n<meta property=\"og:description\" content=\"Convenio de asistencia sanitaria integral, tanto hospitalaria como ambulatoria, prestada a los lesionados por hechos de la circulaci\u00f3n hasta su total sanaci\u00f3n o estabilizaci\u00f3n de... Llegeix m\u00e9s\" \/>\n<meta property=\"og:url\" content=\"https:\/\/www.cmalleida.com\/es\/convenio-de-asistencia-sanitaria-del-sector-privado-unespa\/\" \/>\n<meta property=\"og:site_name\" content=\"Col\u00b7legi de Mediadors d&#039;Assegurances de Lleida\" \/>\n<meta property=\"article:published_time\" content=\"2018-05-09T16:15:12+00:00\" \/>\n<meta property=\"og:image\" content=\"https:\/\/www.cmalleida.com\/wp-content\/uploads\/cmall-lleida-actualitat-doctor762.jpg\" \/>\n\t<meta property=\"og:image:width\" content=\"762\" \/>\n\t<meta property=\"og:image:height\" content=\"762\" \/>\n\t<meta property=\"og:image:type\" content=\"image\/jpeg\" \/>\n<meta name=\"author\" content=\"Col\u00b7legi Mediadors\" \/>\n<meta name=\"twitter:card\" content=\"summary_large_image\" \/>\n<meta name=\"twitter:label1\" content=\"Written by\" \/>\n\t<meta name=\"twitter:data1\" content=\"Col\u00b7legi Mediadors\" \/>\n\t<meta name=\"twitter:label2\" content=\"Est. reading time\" \/>\n\t<meta name=\"twitter:data2\" content=\"1 minuto\" \/>\n<script type=\"application\/ld+json\" class=\"yoast-schema-graph\">{\"@context\":\"https:\/\/schema.org\",\"@graph\":[{\"@type\":\"Article\",\"@id\":\"https:\/\/www.cmalleida.com\/es\/convenio-de-asistencia-sanitaria-del-sector-privado-unespa\/#article\",\"isPartOf\":{\"@id\":\"https:\/\/www.cmalleida.com\/es\/convenio-de-asistencia-sanitaria-del-sector-privado-unespa\/\"},\"author\":{\"name\":\"Col\u00b7legi Mediadors\",\"@id\":\"https:\/\/www.cmalleida.com\/es\/#\/schema\/person\/bc84b7874fa5ac8a15c15a050fb3b79c\"},\"headline\":\"Convenio de asistencia sanitaria del sector privado (UNESPA)\",\"datePublished\":\"2018-05-09T16:15:12+00:00\",\"mainEntityOfPage\":{\"@id\":\"https:\/\/www.cmalleida.com\/es\/convenio-de-asistencia-sanitaria-del-sector-privado-unespa\/\"},\"wordCount\":304,\"publisher\":{\"@id\":\"https:\/\/www.cmalleida.com\/es\/#organization\"},\"image\":{\"@id\":\"https:\/\/www.cmalleida.com\/es\/convenio-de-asistencia-sanitaria-del-sector-privado-unespa\/#primaryimage\"},\"thumbnailUrl\":\"https:\/\/www.cmalleida.com\/wp-content\/uploads\/cmall-lleida-actualitat-doctor762.jpg\",\"articleSection\":[\"Actualidad\"],\"inLanguage\":\"es\"},{\"@type\":\"WebPage\",\"@id\":\"https:\/\/www.cmalleida.com\/es\/convenio-de-asistencia-sanitaria-del-sector-privado-unespa\/\",\"url\":\"https:\/\/www.cmalleida.com\/es\/convenio-de-asistencia-sanitaria-del-sector-privado-unespa\/\",\"name\":\"Convenio de asistencia sanitaria del sector privado (UNESPA) - Col\u00b7legi de Mediadors d&#039;Assegurances de Lleida\",\"isPartOf\":{\"@id\":\"https:\/\/www.cmalleida.com\/es\/#website\"},\"primaryImageOfPage\":{\"@id\":\"https:\/\/www.cmalleida.com\/es\/convenio-de-asistencia-sanitaria-del-sector-privado-unespa\/#primaryimage\"},\"image\":{\"@id\":\"https:\/\/www.cmalleida.com\/es\/convenio-de-asistencia-sanitaria-del-sector-privado-unespa\/#primaryimage\"},\"thumbnailUrl\":\"https:\/\/www.cmalleida.com\/wp-content\/uploads\/cmall-lleida-actualitat-doctor762.jpg\",\"datePublished\":\"2018-05-09T16:15:12+00:00\",\"breadcrumb\":{\"@id\":\"https:\/\/www.cmalleida.com\/es\/convenio-de-asistencia-sanitaria-del-sector-privado-unespa\/#breadcrumb\"},\"inLanguage\":\"es\",\"potentialAction\":[{\"@type\":\"ReadAction\",\"target\":[\"https:\/\/www.cmalleida.com\/es\/convenio-de-asistencia-sanitaria-del-sector-privado-unespa\/\"]}]},{\"@type\":\"ImageObject\",\"inLanguage\":\"es\",\"@id\":\"https:\/\/www.cmalleida.com\/es\/convenio-de-asistencia-sanitaria-del-sector-privado-unespa\/#primaryimage\",\"url\":\"https:\/\/www.cmalleida.com\/wp-content\/uploads\/cmall-lleida-actualitat-doctor762.jpg\",\"contentUrl\":\"https:\/\/www.cmalleida.com\/wp-content\/uploads\/cmall-lleida-actualitat-doctor762.jpg\",\"width\":762,\"height\":762,\"caption\":\"cmall-lleida-actualitat-doctor762\"},{\"@type\":\"BreadcrumbList\",\"@id\":\"https:\/\/www.cmalleida.com\/es\/convenio-de-asistencia-sanitaria-del-sector-privado-unespa\/#breadcrumb\",\"itemListElement\":[{\"@type\":\"ListItem\",\"position\":1,\"name\":\"Inici\",\"item\":\"https:\/\/www.cmalleida.com\/es\/\"},{\"@type\":\"ListItem\",\"position\":2,\"name\":\"Convenio de asistencia sanitaria del sector privado (UNESPA)\"}]},{\"@type\":\"WebSite\",\"@id\":\"https:\/\/www.cmalleida.com\/es\/#website\",\"url\":\"https:\/\/www.cmalleida.com\/es\/\",\"name\":\"Col\u00b7legi de Mediadors d&#039;Assegurances de Lleida\",\"description\":\"Otro sitio realizado con WordPress\",\"publisher\":{\"@id\":\"https:\/\/www.cmalleida.com\/es\/#organization\"},\"potentialAction\":[{\"@type\":\"SearchAction\",\"target\":{\"@type\":\"EntryPoint\",\"urlTemplate\":\"https:\/\/www.cmalleida.com\/es\/?s={search_term_string}\"},\"query-input\":{\"@type\":\"PropertyValueSpecification\",\"valueRequired\":true,\"valueName\":\"search_term_string\"}}],\"inLanguage\":\"es\"},{\"@type\":\"Organization\",\"@id\":\"https:\/\/www.cmalleida.com\/es\/#organization\",\"name\":\"Col\u00b7legi de Mediadors d'Assegurances de Lleida\",\"url\":\"https:\/\/www.cmalleida.com\/es\/\",\"logo\":{\"@type\":\"ImageObject\",\"inLanguage\":\"es\",\"@id\":\"https:\/\/www.cmalleida.com\/es\/#\/schema\/logo\/image\/\",\"url\":\"\",\"contentUrl\":\"\",\"caption\":\"Col\u00b7legi de Mediadors d'Assegurances de Lleida\"},\"image\":{\"@id\":\"https:\/\/www.cmalleida.com\/es\/#\/schema\/logo\/image\/\"}},{\"@type\":\"Person\",\"@id\":\"https:\/\/www.cmalleida.com\/es\/#\/schema\/person\/bc84b7874fa5ac8a15c15a050fb3b79c\",\"name\":\"Col\u00b7legi Mediadors\",\"image\":{\"@type\":\"ImageObject\",\"inLanguage\":\"es\",\"@id\":\"https:\/\/secure.gravatar.com\/avatar\/05a66e0aafde4a91aea6f2c243b0b99b03dac1cca78dc84298f5e7e7ad4dfd33?s=96&d=mm&r=g\",\"url\":\"https:\/\/secure.gravatar.com\/avatar\/05a66e0aafde4a91aea6f2c243b0b99b03dac1cca78dc84298f5e7e7ad4dfd33?s=96&d=mm&r=g\",\"contentUrl\":\"https:\/\/secure.gravatar.com\/avatar\/05a66e0aafde4a91aea6f2c243b0b99b03dac1cca78dc84298f5e7e7ad4dfd33?s=96&d=mm&r=g\",\"caption\":\"Col\u00b7legi Mediadors\"}}]}<\/script>\n<!-- \/ Yoast SEO plugin. -->","yoast_head_json":{"title":"Convenio de asistencia sanitaria del sector privado (UNESPA) - Col\u00b7legi de Mediadors d&#039;Assegurances de Lleida","robots":{"index":"index","follow":"follow","max-snippet":"max-snippet:-1","max-image-preview":"max-image-preview:large","max-video-preview":"max-video-preview:-1"},"canonical":"https:\/\/www.cmalleida.com\/es\/convenio-de-asistencia-sanitaria-del-sector-privado-unespa\/","og_locale":"es_ES","og_type":"article","og_title":"Convenio de asistencia sanitaria del sector privado (UNESPA) - Col\u00b7legi de Mediadors d&#039;Assegurances de Lleida","og_description":"Convenio de asistencia sanitaria integral, tanto hospitalaria como ambulatoria, prestada a los lesionados por hechos de la circulaci\u00f3n hasta su total sanaci\u00f3n o estabilizaci\u00f3n de... Llegeix m\u00e9s","og_url":"https:\/\/www.cmalleida.com\/es\/convenio-de-asistencia-sanitaria-del-sector-privado-unespa\/","og_site_name":"Col\u00b7legi de Mediadors d&#039;Assegurances de Lleida","article_published_time":"2018-05-09T16:15:12+00:00","og_image":[{"width":762,"height":762,"url":"https:\/\/www.cmalleida.com\/wp-content\/uploads\/cmall-lleida-actualitat-doctor762.jpg","type":"image\/jpeg"}],"author":"Col\u00b7legi Mediadors","twitter_card":"summary_large_image","twitter_misc":{"Written by":"Col\u00b7legi Mediadors","Est. reading time":"1 minuto"},"schema":{"@context":"https:\/\/schema.org","@graph":[{"@type":"Article","@id":"https:\/\/www.cmalleida.com\/es\/convenio-de-asistencia-sanitaria-del-sector-privado-unespa\/#article","isPartOf":{"@id":"https:\/\/www.cmalleida.com\/es\/convenio-de-asistencia-sanitaria-del-sector-privado-unespa\/"},"author":{"name":"Col\u00b7legi Mediadors","@id":"https:\/\/www.cmalleida.com\/es\/#\/schema\/person\/bc84b7874fa5ac8a15c15a050fb3b79c"},"headline":"Convenio de asistencia sanitaria del sector privado (UNESPA)","datePublished":"2018-05-09T16:15:12+00:00","mainEntityOfPage":{"@id":"https:\/\/www.cmalleida.com\/es\/convenio-de-asistencia-sanitaria-del-sector-privado-unespa\/"},"wordCount":304,"publisher":{"@id":"https:\/\/www.cmalleida.com\/es\/#organization"},"image":{"@id":"https:\/\/www.cmalleida.com\/es\/convenio-de-asistencia-sanitaria-del-sector-privado-unespa\/#primaryimage"},"thumbnailUrl":"https:\/\/www.cmalleida.com\/wp-content\/uploads\/cmall-lleida-actualitat-doctor762.jpg","articleSection":["Actualidad"],"inLanguage":"es"},{"@type":"WebPage","@id":"https:\/\/www.cmalleida.com\/es\/convenio-de-asistencia-sanitaria-del-sector-privado-unespa\/","url":"https:\/\/www.cmalleida.com\/es\/convenio-de-asistencia-sanitaria-del-sector-privado-unespa\/","name":"Convenio de asistencia sanitaria del sector privado (UNESPA) - Col\u00b7legi de Mediadors d&#039;Assegurances de Lleida","isPartOf":{"@id":"https:\/\/www.cmalleida.com\/es\/#website"},"primaryImageOfPage":{"@id":"https:\/\/www.cmalleida.com\/es\/convenio-de-asistencia-sanitaria-del-sector-privado-unespa\/#primaryimage"},"image":{"@id":"https:\/\/www.cmalleida.com\/es\/convenio-de-asistencia-sanitaria-del-sector-privado-unespa\/#primaryimage"},"thumbnailUrl":"https:\/\/www.cmalleida.com\/wp-content\/uploads\/cmall-lleida-actualitat-doctor762.jpg","datePublished":"2018-05-09T16:15:12+00:00","breadcrumb":{"@id":"https:\/\/www.cmalleida.com\/es\/convenio-de-asistencia-sanitaria-del-sector-privado-unespa\/#breadcrumb"},"inLanguage":"es","potentialAction":[{"@type":"ReadAction","target":["https:\/\/www.cmalleida.com\/es\/convenio-de-asistencia-sanitaria-del-sector-privado-unespa\/"]}]},{"@type":"ImageObject","inLanguage":"es","@id":"https:\/\/www.cmalleida.com\/es\/convenio-de-asistencia-sanitaria-del-sector-privado-unespa\/#primaryimage","url":"https:\/\/www.cmalleida.com\/wp-content\/uploads\/cmall-lleida-actualitat-doctor762.jpg","contentUrl":"https:\/\/www.cmalleida.com\/wp-content\/uploads\/cmall-lleida-actualitat-doctor762.jpg","width":762,"height":762,"caption":"cmall-lleida-actualitat-doctor762"},{"@type":"BreadcrumbList","@id":"https:\/\/www.cmalleida.com\/es\/convenio-de-asistencia-sanitaria-del-sector-privado-unespa\/#breadcrumb","itemListElement":[{"@type":"ListItem","position":1,"name":"Inici","item":"https:\/\/www.cmalleida.com\/es\/"},{"@type":"ListItem","position":2,"name":"Convenio de asistencia sanitaria del sector privado (UNESPA)"}]},{"@type":"WebSite","@id":"https:\/\/www.cmalleida.com\/es\/#website","url":"https:\/\/www.cmalleida.com\/es\/","name":"Col\u00b7legi de Mediadors d&#039;Assegurances de Lleida","description":"Otro sitio realizado con WordPress","publisher":{"@id":"https:\/\/www.cmalleida.com\/es\/#organization"},"potentialAction":[{"@type":"SearchAction","target":{"@type":"EntryPoint","urlTemplate":"https:\/\/www.cmalleida.com\/es\/?s={search_term_string}"},"query-input":{"@type":"PropertyValueSpecification","valueRequired":true,"valueName":"search_term_string"}}],"inLanguage":"es"},{"@type":"Organization","@id":"https:\/\/www.cmalleida.com\/es\/#organization","name":"Col\u00b7legi de Mediadors d'Assegurances de Lleida","url":"https:\/\/www.cmalleida.com\/es\/","logo":{"@type":"ImageObject","inLanguage":"es","@id":"https:\/\/www.cmalleida.com\/es\/#\/schema\/logo\/image\/","url":"","contentUrl":"","caption":"Col\u00b7legi de Mediadors d'Assegurances de Lleida"},"image":{"@id":"https:\/\/www.cmalleida.com\/es\/#\/schema\/logo\/image\/"}},{"@type":"Person","@id":"https:\/\/www.cmalleida.com\/es\/#\/schema\/person\/bc84b7874fa5ac8a15c15a050fb3b79c","name":"Col\u00b7legi Mediadors","image":{"@type":"ImageObject","inLanguage":"es","@id":"https:\/\/secure.gravatar.com\/avatar\/05a66e0aafde4a91aea6f2c243b0b99b03dac1cca78dc84298f5e7e7ad4dfd33?s=96&d=mm&r=g","url":"https:\/\/secure.gravatar.com\/avatar\/05a66e0aafde4a91aea6f2c243b0b99b03dac1cca78dc84298f5e7e7ad4dfd33?s=96&d=mm&r=g","contentUrl":"https:\/\/secure.gravatar.com\/avatar\/05a66e0aafde4a91aea6f2c243b0b99b03dac1cca78dc84298f5e7e7ad4dfd33?s=96&d=mm&r=g","caption":"Col\u00b7legi Mediadors"}}]}},"_links":{"self":[{"href":"https:\/\/www.cmalleida.com\/es\/wp-json\/wp\/v2\/posts\/2388","targetHints":{"allow":["GET"]}}],"collection":[{"href":"https:\/\/www.cmalleida.com\/es\/wp-json\/wp\/v2\/posts"}],"about":[{"href":"https:\/\/www.cmalleida.com\/es\/wp-json\/wp\/v2\/types\/post"}],"author":[{"embeddable":true,"href":"https:\/\/www.cmalleida.com\/es\/wp-json\/wp\/v2\/users\/3"}],"replies":[{"embeddable":true,"href":"https:\/\/www.cmalleida.com\/es\/wp-json\/wp\/v2\/comments?post=2388"}],"version-history":[{"count":1,"href":"https:\/\/www.cmalleida.com\/es\/wp-json\/wp\/v2\/posts\/2388\/revisions"}],"predecessor-version":[{"id":2389,"href":"https:\/\/www.cmalleida.com\/es\/wp-json\/wp\/v2\/posts\/2388\/revisions\/2389"}],"wp:featuredmedia":[{"embeddable":true,"href":"https:\/\/www.cmalleida.com\/es\/wp-json\/wp\/v2\/media\/1835"}],"wp:attachment":[{"href":"https:\/\/www.cmalleida.com\/es\/wp-json\/wp\/v2\/media?parent=2388"}],"wp:term":[{"taxonomy":"category","embeddable":true,"href":"https:\/\/www.cmalleida.com\/es\/wp-json\/wp\/v2\/categories?post=2388"},{"taxonomy":"post_tag","embeddable":true,"href":"https:\/\/www.cmalleida.com\/es\/wp-json\/wp\/v2\/tags?post=2388"}],"curies":[{"name":"wp","href":"https:\/\/api.w.org\/{rel}","templated":true}]}}